{"id":49387,"date":"2021-12-09T21:34:17","date_gmt":"2021-12-09T21:34:17","guid":{"rendered":"https:\/\/elregionalvm.com.ar\/noticias-villa-maria\/?p=49387"},"modified":"2021-12-09T21:34:18","modified_gmt":"2021-12-09T21:34:18","slug":"para-enmarcarlo-el-conmovedor-discurso-de-esteban-bullrich-en-el-senado","status":"publish","type":"post","link":"https:\/\/elregionalvm.com.ar\/noticias-villa-maria\/para-enmarcarlo-el-conmovedor-discurso-de-esteban-bullrich-en-el-senado\/","title":{"rendered":"Para enmarcarlo: el conmovedor discurso de Esteban Bullrich  en el Senado"},"content":{"rendered":"\n<p>Pocas veces escuch\u00e9 un discurso en el Senado de la Naci\u00f3n que impactara tan en lo profundo de mi mente y mi coraz\u00f3n. Por momentos, las palabras de Esteban Bullrich (vaya paradoja porque en realidad era la voz emitida desde una computadora) parec\u00edan ser las que dir\u00edamos muchos argentinos a m\u00e1s de un pol\u00edtico en la cara. <\/p>\n\n\n\n<p><strong>Escribe: Gabriela Beck<\/strong><\/p>\n\n\n\n<p>Confieso que al ver y escuchar su discurso llor\u00e9 amargamente. Ver el f\u00edsico de Bullrich tan avasallado por la ELA, Esclerosis Lateral Amiotr\u00f3fica, pero a la vez, la claridad de su mente y sus conceptos, no hac\u00eda m\u00e1s que lamentar la triste realidad por la que atraviesa. Espero, que esos rostros adustos, con l\u00e1grimas y nudos en las gargantas de sus pares del Senado, queden frescos para siempre en sus acciones. Porque entiendo que la pol\u00edtica bien entendida es m\u00e1s simple de lo que creemos. <\/p>\n\n\n\n<p>Hoy las palabras de Esteban Bullrich son las que valen la pena leer, de all\u00ed que aqu\u00ed sumemos todo lo dicho en su renuncia como senador:<\/p>\n\n\n\n<p>\u00abDesde que entr\u00e9 a la pol\u00edtica, hace casi 20 a\u00f1os, siempre intent\u00e9 ser fiel a mi mismo. No mentirme, hacer lo que sent\u00eda justo, aunque no fuera conveniente. Hoy, en este recinto del que me honra ser parte, vengo a hacer algo que va en contra de cada fibra de mi cuerpo. Nada de lo que soy me indica que este es el camino que quiero seguir, pero creo firmemente en la idea de que el inter\u00e9s p\u00fablico siempre, siempre, siempre debe estar por encima de los intereses personales. La realidad me impone esta decisi\u00f3n y la ELA me ha ense\u00f1ado, fundamentalmente, a aceptar la realidad.<\/p>\n\n\n\n<p>Me siento en este recinto con una profunda humildad, y a la vez un enorme orgullo. Humildad por ser parte de este cuerpo, tanto m\u00e1s grande que todos nosotros, y orgullo porque ser parte del Senado de la Naci\u00f3n es ser parte del debate donde viven nuestra democracia, nuestra libertad y nuestro constante intento de construir un pa\u00eds mejor.<\/p>\n\n\n\n<p>Con todo el dolor del mundo y la frustraci\u00f3n de no tener alternativa, quiero anunciar mi renuncia al cargo de Senador por la provincia de Buenos Aires. Ser parte del Senado de la Naci\u00f3n ha sido uno de los honores m\u00e1s grandes, impensados y desafiantes de mi vida pol\u00edtica, y de mi vida en general. Ac\u00e1 encontr\u00e9 a un grupo de personas comprometidas con sus provincias y con la patria y pude hacer mi aporte para lograr lo que voy a seguir buscando: un mejor pa\u00eds para mis hijos. Digo esto sin ataduras partidarias y les pido que tomen todas las expresiones que siguen como de quien vienen: un ciudadano.<\/p>\n\n\n\n<p>Renuncio a mi banca con mucha tristeza y mi \u00faltima actividad legislativa es un proyecto de ley de educaci\u00f3n inclusiva por el que pido tratamiento sobre tablas que busca igualar oportunidades y que, como todo lo que hecho hasta ahora en mi vida pol\u00edtica, intenta dejar de lado ego\u00edsmos y vanidades para buscar el consenso. Y este proyecto fue acordado a partir de tres proyectos originales y con el aporte de senadoras y senadores de todos los bloques, que dejando de lado intereses personales y visiones partidarias encontramos el proyecto com\u00fan. A lo largo de estos veinte a\u00f1os esto me ha pasado infinidad de veces. Cr\u00e9anme que es mucho mas lo que nos une que lo que nos divide, solo se requiere vencer prejuicios, hacer silencio y escuchar al otro. Este proyecto no es de nadie, es de todos. Porque en pol\u00edtica, las buenas ideas no tienen due\u00f1os, tienen beneficiarios. Repito, las buenas ideas no tienen due\u00f1os, tienen beneficiarios. Y porque, como dijera Borges: \u201cnadie es la Patria, pero todos lo somos\u201d.<\/p>\n\n\n\n<p>Aunque no me corresponde a mi hacerlo, me gustar\u00eda que se recordara de mi paso por este cuerpo la b\u00fasqueda constante del consenso a trav\u00e9s del di\u00e1logo. El di\u00e1logo entendido como una conducta activa, de apertura y de generosa curiosidad en la que los participantes se abren a escuchar a la persona que tienen enfrente. Ese es, para m\u00ed, el valor mas importante y a la vez mas escaso de la pol\u00edtica argentina: la posibilidad de entender que los adversarios nunca son enemigos y que representan a una porci\u00f3n de los argentinos cuyos valores, intereses y deseos son tan atendibles como los de uno y que se puede dialogar, negociar y acordar sin relegar lo que uno es y lo que uno defiende.<\/p>\n\n\n\n<p><br>El di\u00e1logo no puede ser solamente t\u00e1ctica, convencimiento y competencia. La l\u00f3gica transaccional en la que negociar es solamente un c\u00e1lculo contable nos despoja de sentido y nos convierte en meros mercaderes pol\u00edticos que dejan de mirar el bien com\u00fan. El di\u00e1logo, la b\u00fasqueda de la raz\u00f3n entre dos, debe ser un acto de generosidad, de amor y de caridad cristiana, entendiendo que la verdad y la justicia son valores que encontrar, no propiedad de alguna de las dos partes.<\/p>\n\n\n\n<p>Esa falta de di\u00e1logo trasciende estas paredes, vivimos en un pa\u00eds enfocado en la grieta y en el debate violento, un pa\u00eds en el que la gente de escapa de la pol\u00edtica, la desprecia y la condena. Un pa\u00eds en el que la gente se recluye en lo privado, soltando el sue\u00f1o de ser parte de la construcci\u00f3n de una Argentina mejor. Un pa\u00eds en el que empujamos a la gente a no ejercer lo que es el rol m\u00e1s alto de una democracia: el rol de ciudadano.<\/p>\n\n\n\n<p>Se que estas palabras pueden parecer las de un so\u00f1ador. Lo soy. Pero como en aquella canci\u00f3n que nos invitaba a imaginar, s\u00e9 tambi\u00e9n que no soy el \u00fanico. Me voy con la tranquilidad de que ac\u00e1 mismo hay muchos dirigentes que tienen la vocaci\u00f3n de construir un mejor pa\u00eds y resolverle los problemas a la gente. An\u00edmense a ejercerla, hagan carne el mandato de la gente, aprovechen que Dios les da la voz y la fuerza para desempe\u00f1arlo y tengan el coraje de hacer solamente lo que saben correcto.<\/p>\n\n\n\n<p><br>Nuestro pa\u00eds clama por consensos. Los n\u00fameros de pobreza, la falta de desarrollo, los j\u00f3venes que se van del pa\u00eds, la cat\u00e1strofe educativa y la continua y prolongada postergaci\u00f3n de nuestros sue\u00f1os, producida por un estancamiento del que somos culpables los pol\u00edticos y no los argentinos, nos obligan a gobernar diferente. Todos hemos sido culpables de gobernar con tapones en los o\u00eddos, todos, nosotros tambi\u00e9n. No hay m\u00e1s tiempo para eso.<\/p>\n\n\n\n<p>Nadie tiene m\u00e1s tiempo para que juguemos a no ponernos de acuerdo. Hay que dialogar y escuchar, con el coraz\u00f3n y la mente abiertos, y encontrar puntos de equilibrio a partir de los cuales vayamos asentando las bases del pa\u00eds que queremos ser. Quiz\u00e1s as\u00ed podamos evitar el desastre. El pasado lunes en la presentaci\u00f3n de una propuesta que creo puede comenzar a resolver los problemas de mi provincia dec\u00eda que encarar estos problemas estructurales es siempre una aventura. Una aventura porque encarar los problemas de frente, con sinceridad y abiertos a lo que sea que te devuelva el espejo, exige audacia. Exige abrirse a implementar lo que sea que surja de esa b\u00fasqueda, de ese dialogo, de ese debate. Exige tambi\u00e9n sentarse en la mesa de di\u00e1logo no pensando qu\u00e9 me voy a llevar cuando me levante, sino qu\u00e9 voy a dejar en la mesa para alcanzar el acuerdo, sobre todo nosotros, los dirigentes pol\u00edticos. Repito, nosotros especialmente tenemos que pensar qu\u00e9 queremos dejar en esa mesa. Nosotros primero. Nosotros mas que nadie.<\/p>\n\n\n\n<p>\u201cNuestro pa\u00eds clama por consensos. Los n\u00fameros de pobreza, la falta de desarrollo, los j\u00f3venes que se van del pa\u00eds, la cat\u00e1strofe educativa y la continua y prolongada postergaci\u00f3n de nuestros sue\u00f1os, producida por un estancamiento del que somos culpables los pol\u00edticos y no los argentinos, nos obligan a gobernar diferente\u201d<\/p>\n\n\n\n<p>No hay ning\u00fan problema argentino que los argentinos no podamos resolver si nos ponemos a hacerlo. Pero si nos quedamos en el ego\u00edsmo, la chiquita, lo t\u00e1ctico y la especulaci\u00f3n, vamos a errar el camino. Einstein dec\u00eda que si quer\u00edas resultados distintos no hicieras siempre lo mismo. Ya probamos con la grieta y ac\u00e1 estamos, esta Argentina que tenemos es la resultante de nuestra incapacidad de encontrar soluciones comunes a esos problemas.<\/p>\n\n\n\n<p>Errar el camino es imperdonable, no solo porque ya nadie puede esperar, sino tambi\u00e9n porque miramos la Argentina y vemos un pa\u00eds extraordinario. Vemos entusiasmo, vemos coraje, vemos ganas de sacar adelante un pa\u00eds tan atormentado. Vemos emprendedores, estudiantes y trabajadores que siguen apostando a esta tierra maravillosa que amamos, aunque nos cueste. A toda esa gente tampoco le podemos fallar.<\/p>\n\n\n\n<p>Como ver\u00e1n, abandono los honores, pero no la lucha, que es mi sost\u00e9n. Seguir\u00e9 trabajando por un pa\u00eds mejor porque ese es el compromiso que asum\u00ed por mis hijos hace 20 a\u00f1os, y es un compromiso para toda la vida. El tiempo que viene lo dividir\u00e9 entre mi familia, que merece tenerme presente despu\u00e9s de tantos a\u00f1os de compartirme con ustedes, ese compromiso y a la lucha contra la ELA. Esta enfermedad que por poco frecuente est\u00e1 poco investigada y poco atendida, y contra la que hay mucho para hacer. Mi fundaci\u00f3n, recientemente lanzada, va en ese sentido. Quiero hacer mi aporte, como hicieron mis abuelos en la lucha contra el mal de los rastrojos, para que la ELA sea una enfermedad que se atraviese m\u00e1s aliviadamente y para que empecemos a transitar el camino hacia una cura.<\/p>\n\n\n\n<p>Por \u00faltimo, quiero agradecer a todos los que han sido parte de este camino.<\/p>\n\n\n\n<p>\u201cYa probamos con la grieta y ac\u00e1 estamos, esta Argentina que tenemos es la resultante de nuestra incapacidad de encontrar soluciones comunes a esos problemas\u201d<\/p>\n\n\n\n<p>Primero a Dios por esta cruz, El nunca nos pone pruebas que no podamos superar. Y aunque a veces duela el cincel del escultor s\u00e9 que s\u00f3lo si nos dejamos moldear por El llegamos a nuestra mejor versi\u00f3n. Esta cruz me ha permitido recibir infinitas muestras de cari\u00f1o y amor diariamente. Esta cruz que me ha ense\u00f1ado que la vida es hoy y el ma\u00f1ana, el ma\u00f1ana es esperanza.<\/p>\n\n\n\n<p>A mi mujer, Mar\u00eda Eugenia, con quien hace unos d\u00edas cumplimos 22 a\u00f1os de casados y sin quien nada de lo que hice hubiera sido posible. Mar\u00eda Eugenia es una santa y es a la vez mi conexi\u00f3n con el cielo y mi cable a tierra. A mis hijos, a quienes ver crecer es la felicidad m\u00e1s grande de mi vida y quienes con generosidad y amor toleraron a un padre que trabajaba mucho m\u00e1s de lo que ellos hubieran preferido.<\/p>\n\n\n\n<p>A mi equipo que ha trabajado incansablemente d\u00eda tras d\u00eda para cubrir mis debilidades y errores, y, francamente, estos crecieron en los \u00faltimos meses. Ning\u00fan legislador podr\u00eda haber deseado un acompa\u00f1amiento mejor.<\/p>\n\n\n\n<p>A dos senadores que han sido un ejemplo en esto de dialogar sin traicionar la propia esencia. Churchill dec\u00eda que el coraje era la mas importante de las cualidades humanas, porque es la que garantiza todas las dem\u00e1s. Mi amigo el senador Federico Pinedo y el senador Miguel Pichetto han exhibido, para m\u00ed, mejor que nadie esa cualidad humana en esta funci\u00f3n. Y han sido mis maestros cuando hacia los primeros palotes en este Senado.<\/p>\n\n\n\n<p>A mi bloque, a sus conductores Humberto, Juan Carlos y Luis y a Martin, ese amigo que me regalo el Senado, como les dije esta semana, les agradezco el afecto, consejo y contenci\u00f3n que me han dado especialmente en los \u00faltimos meses. Me han ayudado a llegar hasta ac\u00e1 y lamento mucho dejarlos en lo que viene, pero Dios tiene otros planes para mi. Espero poder seguir aportando desde otro lugar a la enorme tarea que tienen por delante.<\/p>\n\n\n\n<p>Al senador Jos\u00e9 Mayans y la senadora Silvia Elias por su acompa\u00f1amiento espiritual permanente.<\/p>\n\n\n\n<p>A nuestra secretaria parlamentaria Mar\u00eda Luz Alonso, Luchi, y en ella a todo su equipo y al personal de seguridad que ha estado siempre pendiente de mis necesidades, muy especialmente en los \u00faltimos tiempos.<\/p>\n\n\n\n<p>A todos ustedes, gracias por el espacio para decir estas palabras. Me voy honrado por el apoyo y la contenci\u00f3n que me dieron todos estos meses. Es muy importante para m\u00ed saber que, a pesar de las diferencias y las peleas, vibra en cada uno de ustedes el deseo latente de hacer una Argentina pr\u00f3spera, sostenible, pujante e inclusiva. Hoy doy este paso con tristeza, pero tambi\u00e9n sabiendo que si no dejan de hablarse y tender puentes; si son honestos con los dem\u00e1s, pero especialmente, con ustedes mismos, van a encontrar el camino del que nos alej\u00f3 en este tiempo la ceguera y el ego\u00edsmo. Ser\u00e1 a partir de ahora sin m\u00ed, pero sepan que aunque no est\u00e9, estar\u00e9. Que la protecci\u00f3n de Dios, fuente de toda raz\u00f3n y justicia, los ilumine a ustedes y a todos los hombres del mundo que quieran habitar el suelo argentino.<\/p>\n\n\n\n<p>Muchas gracias y hasta siempre\u00bb.<\/p>\n","protected":false},"excerpt":{"rendered":"<p>Pocas veces escuch\u00e9 un discurso en el Senado de la Naci\u00f3n que impactara tan en lo profundo de mi mente y mi coraz\u00f3n. Por momentos, las palabras de Esteban Bullrich (vaya paradoja porque en realidad era la voz emitida desde una computadora) parec\u00edan ser las que dir\u00edamos muchos argentinos a m\u00e1s de un pol\u00edtico en [&hellip;]<\/p>\n","protected":false},"author":4,"featured_media":49388,"comment_status":"open","ping_status":"open","sticky":false,"template":"","format":"standard","meta":{"site-sidebar-layout":"default","site-content-layout":"default","ast-site-content-layout":"default","site-content-style":"default","site-sidebar-style":"default","ast-global-header-display":"","ast-banner-title-visibility":"","ast-main-header-display":"","ast-hfb-above-header-display":"","ast-hfb-below-header-display":"","ast-hfb-mobile-header-display":"","site-post-title":"","ast-breadcrumbs-content":"","ast-featured-img":"","footer-sml-layout":"","ast-disable-related-posts":"","theme-transparent-header-meta":"default","adv-header-id-meta":"","stick-header-meta":"","header-above-stick-meta":"","header-main-stick-meta":"","header-below-stick-meta":"","astra-migrate-meta-layouts":"default","ast-page-background-enabled":"default","ast-page-background-meta":{"desktop":{"background-color":"","background-image":"","background-repeat":"repeat","background-position":"center center","background-size":"auto","background-attachment":"scroll","background-type":"","background-media":"","overlay-type":"","overlay-color":"","overlay-opacity":"","overlay-gradient":""},"tablet":{"background-color":"","background-image":"","background-repeat":"repeat","background-position":"center center","background-size":"auto","background-attachment":"scroll","background-type":"","background-media":"","overlay-type":"","overlay-color":"","overlay-opacity":"","overlay-gradient":""},"mobile":{"background-color":"","background-image":"","background-repeat":"repeat","background-position":"center center","background-size":"auto","background-attachment":"scroll","background-type":"","background-media":"","overlay-type":"","overlay-color":"","overlay-opacity":"","overlay-gradient":""}},"ast-content-background-meta":{"desktop":{"background-color":"var(--ast-global-color-5)","background-image":"","background-repeat":"repeat","background-position":"center center","background-size":"auto","background-attachment":"scroll","background-type":"","background-media":"","overlay-type":"","overlay-color":"","overlay-opacity":"","overlay-gradient":""},"tablet":{"background-color":"var(--ast-global-color-5)","background-image":"","background-repeat":"repeat","background-position":"center center","background-size":"auto","background-attachment":"scroll","background-type":"","background-media":"","overlay-type":"","overlay-color":"","overlay-opacity":"","overlay-gradient":""},"mobile":{"background-color":"var(--ast-global-color-5)","background-image":"","background-repeat":"repeat","background-position":"center center","background-size":"auto","background-attachment":"scroll","background-type":"","background-media":"","overlay-type":"","overlay-color":"","overlay-opacity":"","overlay-gradient":""}},"_jetpack_memberships_contains_paid_content":false,"_joinchat":[],"footnotes":""},"categories":[2089],"tags":[12729,1232,7401,12691,519,12728],"class_list":["post-49387","post","type-post","status-publish","format-standard","has-post-thumbnail","hentry","category-politica","tag-conmovedor","tag-destacado","tag-discurso","tag-esteban-bullrich","tag-politica","tag-renuncia-en-el-senado"],"yoast_head":"<!-- This site is optimized with the Yoast SEO plugin v26.8 - https:\/\/yoast.com\/product\/yoast-seo-wordpress\/ -->\n<title>Para enmarcarlo: el conmovedor discurso de Esteban Bullrich en el Senado - El Regional<\/title>\n<meta name=\"robots\" content=\"index, follow, max-snippet:-1, max-image-preview:large, max-video-preview:-1\" \/>\n<link rel=\"canonical\" href=\"http:\/\/elregionalvm.com.ar\/noticias-villa-maria\/para-enmarcarlo-el-conmovedor-discurso-de-esteban-bullrich-en-el-senado\/\" \/>\n<meta property=\"og:locale\" content=\"es_ES\" \/>\n<meta property=\"og:type\" content=\"article\" \/>\n<meta property=\"og:title\" content=\"Para enmarcarlo: el conmovedor discurso de Esteban Bullrich en el Senado - El Regional\" \/>\n<meta property=\"og:description\" content=\"Pocas veces escuch\u00e9 un discurso en el Senado de la Naci\u00f3n que impactara tan en lo profundo de mi mente y mi coraz\u00f3n. Por momentos, las palabras de Esteban Bullrich (vaya paradoja porque en realidad era la voz emitida desde una computadora) parec\u00edan ser las que dir\u00edamos muchos argentinos a m\u00e1s de un pol\u00edtico en [&hellip;]\" \/>\n<meta property=\"og:url\" content=\"http:\/\/elregionalvm.com.ar\/noticias-villa-maria\/para-enmarcarlo-el-conmovedor-discurso-de-esteban-bullrich-en-el-senado\/\" \/>\n<meta property=\"og:site_name\" content=\"El Regional\" \/>\n<meta property=\"article:publisher\" content=\"https:\/\/www.facebook.com\/elregionalvm\" \/>\n<meta property=\"article:published_time\" content=\"2021-12-09T21:34:17+00:00\" \/>\n<meta property=\"article:modified_time\" content=\"2021-12-09T21:34:18+00:00\" \/>\n<meta property=\"og:image\" content=\"http:\/\/elregionalvm.com.ar\/noticias-villa-maria\/wp-content\/uploads\/2021\/12\/esteban-bullrich.jpg\" \/>\n\t<meta property=\"og:image:width\" content=\"879\" \/>\n\t<meta property=\"og:image:height\" content=\"586\" \/>\n\t<meta property=\"og:image:type\" content=\"image\/jpeg\" \/>\n<meta name=\"author\" content=\"Contenidos El Regional\" \/>\n<meta name=\"twitter:card\" content=\"summary_large_image\" \/>\n<meta name=\"twitter:creator\" content=\"@elregionalvm1\" \/>\n<meta name=\"twitter:site\" content=\"@elregionalvm1\" \/>\n<meta name=\"twitter:label1\" content=\"Escrito por\" \/>\n\t<meta name=\"twitter:data1\" content=\"Contenidos El Regional\" \/>\n\t<meta name=\"twitter:label2\" content=\"Tiempo de lectura\" \/>\n\t<meta name=\"twitter:data2\" content=\"10 minutos\" \/>\n<script type=\"application\/ld+json\" class=\"yoast-schema-graph\">{\"@context\":\"https:\/\/schema.org\",\"@graph\":[{\"@type\":\"Article\",\"@id\":\"http:\/\/elregionalvm.com.ar\/noticias-villa-maria\/para-enmarcarlo-el-conmovedor-discurso-de-esteban-bullrich-en-el-senado\/#article\",\"isPartOf\":{\"@id\":\"http:\/\/elregionalvm.com.ar\/noticias-villa-maria\/para-enmarcarlo-el-conmovedor-discurso-de-esteban-bullrich-en-el-senado\/\"},\"author\":{\"name\":\"Contenidos El Regional\",\"@id\":\"http:\/\/elregionalvm.com.ar\/noticias-villa-maria\/#\/schema\/person\/a0fb9c422317faca23d50163151bc354\"},\"headline\":\"Para enmarcarlo: el conmovedor discurso de Esteban Bullrich en el Senado\",\"datePublished\":\"2021-12-09T21:34:17+00:00\",\"dateModified\":\"2021-12-09T21:34:18+00:00\",\"mainEntityOfPage\":{\"@id\":\"http:\/\/elregionalvm.com.ar\/noticias-villa-maria\/para-enmarcarlo-el-conmovedor-discurso-de-esteban-bullrich-en-el-senado\/\"},\"wordCount\":2295,\"commentCount\":0,\"image\":{\"@id\":\"http:\/\/elregionalvm.com.ar\/noticias-villa-maria\/para-enmarcarlo-el-conmovedor-discurso-de-esteban-bullrich-en-el-senado\/#primaryimage\"},\"thumbnailUrl\":\"https:\/\/i0.wp.com\/elregionalvm.com.ar\/noticias-villa-maria\/wp-content\/uploads\/2021\/12\/esteban-bullrich.jpg?fit=879%2C586&ssl=1\",\"keywords\":[\"conmovedor\",\"destacado\",\"discurso\",\"Esteban Bullrich\",\"Pol\u00edtica\",\"renuncia en el Senado\"],\"articleSection\":[\"Pol\u00edtica\"],\"inLanguage\":\"es\",\"potentialAction\":[{\"@type\":\"CommentAction\",\"name\":\"Comment\",\"target\":[\"http:\/\/elregionalvm.com.ar\/noticias-villa-maria\/para-enmarcarlo-el-conmovedor-discurso-de-esteban-bullrich-en-el-senado\/#respond\"]}]},{\"@type\":\"WebPage\",\"@id\":\"http:\/\/elregionalvm.com.ar\/noticias-villa-maria\/para-enmarcarlo-el-conmovedor-discurso-de-esteban-bullrich-en-el-senado\/\",\"url\":\"http:\/\/elregionalvm.com.ar\/noticias-villa-maria\/para-enmarcarlo-el-conmovedor-discurso-de-esteban-bullrich-en-el-senado\/\",\"name\":\"Para enmarcarlo: el conmovedor discurso de Esteban Bullrich en el Senado - El Regional\",\"isPartOf\":{\"@id\":\"http:\/\/elregionalvm.com.ar\/noticias-villa-maria\/#website\"},\"primaryImageOfPage\":{\"@id\":\"http:\/\/elregionalvm.com.ar\/noticias-villa-maria\/para-enmarcarlo-el-conmovedor-discurso-de-esteban-bullrich-en-el-senado\/#primaryimage\"},\"image\":{\"@id\":\"http:\/\/elregionalvm.com.ar\/noticias-villa-maria\/para-enmarcarlo-el-conmovedor-discurso-de-esteban-bullrich-en-el-senado\/#primaryimage\"},\"thumbnailUrl\":\"https:\/\/i0.wp.com\/elregionalvm.com.ar\/noticias-villa-maria\/wp-content\/uploads\/2021\/12\/esteban-bullrich.jpg?fit=879%2C586&ssl=1\",\"datePublished\":\"2021-12-09T21:34:17+00:00\",\"dateModified\":\"2021-12-09T21:34:18+00:00\",\"author\":{\"@id\":\"http:\/\/elregionalvm.com.ar\/noticias-villa-maria\/#\/schema\/person\/a0fb9c422317faca23d50163151bc354\"},\"breadcrumb\":{\"@id\":\"http:\/\/elregionalvm.com.ar\/noticias-villa-maria\/para-enmarcarlo-el-conmovedor-discurso-de-esteban-bullrich-en-el-senado\/#breadcrumb\"},\"inLanguage\":\"es\",\"potentialAction\":[{\"@type\":\"ReadAction\",\"target\":[\"http:\/\/elregionalvm.com.ar\/noticias-villa-maria\/para-enmarcarlo-el-conmovedor-discurso-de-esteban-bullrich-en-el-senado\/\"]}]},{\"@type\":\"ImageObject\",\"inLanguage\":\"es\",\"@id\":\"http:\/\/elregionalvm.com.ar\/noticias-villa-maria\/para-enmarcarlo-el-conmovedor-discurso-de-esteban-bullrich-en-el-senado\/#primaryimage\",\"url\":\"https:\/\/i0.wp.com\/elregionalvm.com.ar\/noticias-villa-maria\/wp-content\/uploads\/2021\/12\/esteban-bullrich.jpg?fit=879%2C586&ssl=1\",\"contentUrl\":\"https:\/\/i0.wp.com\/elregionalvm.com.ar\/noticias-villa-maria\/wp-content\/uploads\/2021\/12\/esteban-bullrich.jpg?fit=879%2C586&ssl=1\",\"width\":879,\"height\":586},{\"@type\":\"BreadcrumbList\",\"@id\":\"http:\/\/elregionalvm.com.ar\/noticias-villa-maria\/para-enmarcarlo-el-conmovedor-discurso-de-esteban-bullrich-en-el-senado\/#breadcrumb\",\"itemListElement\":[{\"@type\":\"ListItem\",\"position\":1,\"name\":\"Portada\",\"item\":\"https:\/\/elregionalvm.com.ar\/noticias-villa-maria\/\"},{\"@type\":\"ListItem\",\"position\":2,\"name\":\"Para enmarcarlo: el conmovedor discurso de Esteban Bullrich en el Senado\"}]},{\"@type\":\"WebSite\",\"@id\":\"http:\/\/elregionalvm.com.ar\/noticias-villa-maria\/#website\",\"url\":\"http:\/\/elregionalvm.com.ar\/noticias-villa-maria\/\",\"name\":\"El Regional\",\"description\":\"Mucho m\u00e1s que informaci\u00f3n\",\"potentialAction\":[{\"@type\":\"SearchAction\",\"target\":{\"@type\":\"EntryPoint\",\"urlTemplate\":\"http:\/\/elregionalvm.com.ar\/noticias-villa-maria\/?s={search_term_string}\"},\"query-input\":{\"@type\":\"PropertyValueSpecification\",\"valueRequired\":true,\"valueName\":\"search_term_string\"}}],\"inLanguage\":\"es\"},{\"@type\":\"Person\",\"@id\":\"http:\/\/elregionalvm.com.ar\/noticias-villa-maria\/#\/schema\/person\/a0fb9c422317faca23d50163151bc354\",\"name\":\"Contenidos El Regional\",\"image\":{\"@type\":\"ImageObject\",\"inLanguage\":\"es\",\"@id\":\"http:\/\/elregionalvm.com.ar\/noticias-villa-maria\/#\/schema\/person\/image\/\",\"url\":\"https:\/\/secure.gravatar.com\/avatar\/265b27cb2209af7bb3a1318f03305787d7981a5cc6e6cd08fe5a4ecdf99d4b48?s=96&d=mm&r=g\",\"contentUrl\":\"https:\/\/secure.gravatar.com\/avatar\/265b27cb2209af7bb3a1318f03305787d7981a5cc6e6cd08fe5a4ecdf99d4b48?s=96&d=mm&r=g\",\"caption\":\"Contenidos El Regional\"},\"url\":\"https:\/\/elregionalvm.com.ar\/noticias-villa-maria\/author\/contenido\/\"}]}<\/script>\n<!-- \/ Yoast SEO plugin. -->","yoast_head_json":{"title":"Para enmarcarlo: el conmovedor discurso de Esteban Bullrich en el Senado - El Regional","robots":{"index":"index","follow":"follow","max-snippet":"max-snippet:-1","max-image-preview":"max-image-preview:large","max-video-preview":"max-video-preview:-1"},"canonical":"http:\/\/elregionalvm.com.ar\/noticias-villa-maria\/para-enmarcarlo-el-conmovedor-discurso-de-esteban-bullrich-en-el-senado\/","og_locale":"es_ES","og_type":"article","og_title":"Para enmarcarlo: el conmovedor discurso de Esteban Bullrich en el Senado - El Regional","og_description":"Pocas veces escuch\u00e9 un discurso en el Senado de la Naci\u00f3n que impactara tan en lo profundo de mi mente y mi coraz\u00f3n. Por momentos, las palabras de Esteban Bullrich (vaya paradoja porque en realidad era la voz emitida desde una computadora) parec\u00edan ser las que dir\u00edamos muchos argentinos a m\u00e1s de un pol\u00edtico en [&hellip;]","og_url":"http:\/\/elregionalvm.com.ar\/noticias-villa-maria\/para-enmarcarlo-el-conmovedor-discurso-de-esteban-bullrich-en-el-senado\/","og_site_name":"El Regional","article_publisher":"https:\/\/www.facebook.com\/elregionalvm","article_published_time":"2021-12-09T21:34:17+00:00","article_modified_time":"2021-12-09T21:34:18+00:00","og_image":[{"width":879,"height":586,"url":"http:\/\/elregionalvm.com.ar\/noticias-villa-maria\/wp-content\/uploads\/2021\/12\/esteban-bullrich.jpg","type":"image\/jpeg"}],"author":"Contenidos El Regional","twitter_card":"summary_large_image","twitter_creator":"@elregionalvm1","twitter_site":"@elregionalvm1","twitter_misc":{"Escrito por":"Contenidos El Regional","Tiempo de lectura":"10 minutos"},"schema":{"@context":"https:\/\/schema.org","@graph":[{"@type":"Article","@id":"http:\/\/elregionalvm.com.ar\/noticias-villa-maria\/para-enmarcarlo-el-conmovedor-discurso-de-esteban-bullrich-en-el-senado\/#article","isPartOf":{"@id":"http:\/\/elregionalvm.com.ar\/noticias-villa-maria\/para-enmarcarlo-el-conmovedor-discurso-de-esteban-bullrich-en-el-senado\/"},"author":{"name":"Contenidos El Regional","@id":"http:\/\/elregionalvm.com.ar\/noticias-villa-maria\/#\/schema\/person\/a0fb9c422317faca23d50163151bc354"},"headline":"Para enmarcarlo: el conmovedor discurso de Esteban Bullrich en el Senado","datePublished":"2021-12-09T21:34:17+00:00","dateModified":"2021-12-09T21:34:18+00:00","mainEntityOfPage":{"@id":"http:\/\/elregionalvm.com.ar\/noticias-villa-maria\/para-enmarcarlo-el-conmovedor-discurso-de-esteban-bullrich-en-el-senado\/"},"wordCount":2295,"commentCount":0,"image":{"@id":"http:\/\/elregionalvm.com.ar\/noticias-villa-maria\/para-enmarcarlo-el-conmovedor-discurso-de-esteban-bullrich-en-el-senado\/#primaryimage"},"thumbnailUrl":"https:\/\/i0.wp.com\/elregionalvm.com.ar\/noticias-villa-maria\/wp-content\/uploads\/2021\/12\/esteban-bullrich.jpg?fit=879%2C586&ssl=1","keywords":["conmovedor","destacado","discurso","Esteban Bullrich","Pol\u00edtica","renuncia en el Senado"],"articleSection":["Pol\u00edtica"],"inLanguage":"es","potentialAction":[{"@type":"CommentAction","name":"Comment","target":["http:\/\/elregionalvm.com.ar\/noticias-villa-maria\/para-enmarcarlo-el-conmovedor-discurso-de-esteban-bullrich-en-el-senado\/#respond"]}]},{"@type":"WebPage","@id":"http:\/\/elregionalvm.com.ar\/noticias-villa-maria\/para-enmarcarlo-el-conmovedor-discurso-de-esteban-bullrich-en-el-senado\/","url":"http:\/\/elregionalvm.com.ar\/noticias-villa-maria\/para-enmarcarlo-el-conmovedor-discurso-de-esteban-bullrich-en-el-senado\/","name":"Para enmarcarlo: el conmovedor discurso de Esteban Bullrich en el Senado - El Regional","isPartOf":{"@id":"http:\/\/elregionalvm.com.ar\/noticias-villa-maria\/#website"},"primaryImageOfPage":{"@id":"http:\/\/elregionalvm.com.ar\/noticias-villa-maria\/para-enmarcarlo-el-conmovedor-discurso-de-esteban-bullrich-en-el-senado\/#primaryimage"},"image":{"@id":"http:\/\/elregionalvm.com.ar\/noticias-villa-maria\/para-enmarcarlo-el-conmovedor-discurso-de-esteban-bullrich-en-el-senado\/#primaryimage"},"thumbnailUrl":"https:\/\/i0.wp.com\/elregionalvm.com.ar\/noticias-villa-maria\/wp-content\/uploads\/2021\/12\/esteban-bullrich.jpg?fit=879%2C586&ssl=1","datePublished":"2021-12-09T21:34:17+00:00","dateModified":"2021-12-09T21:34:18+00:00","author":{"@id":"http:\/\/elregionalvm.com.ar\/noticias-villa-maria\/#\/schema\/person\/a0fb9c422317faca23d50163151bc354"},"breadcrumb":{"@id":"http:\/\/elregionalvm.com.ar\/noticias-villa-maria\/para-enmarcarlo-el-conmovedor-discurso-de-esteban-bullrich-en-el-senado\/#breadcrumb"},"inLanguage":"es","potentialAction":[{"@type":"ReadAction","target":["http:\/\/elregionalvm.com.ar\/noticias-villa-maria\/para-enmarcarlo-el-conmovedor-discurso-de-esteban-bullrich-en-el-senado\/"]}]},{"@type":"ImageObject","inLanguage":"es","@id":"http:\/\/elregionalvm.com.ar\/noticias-villa-maria\/para-enmarcarlo-el-conmovedor-discurso-de-esteban-bullrich-en-el-senado\/#primaryimage","url":"https:\/\/i0.wp.com\/elregionalvm.com.ar\/noticias-villa-maria\/wp-content\/uploads\/2021\/12\/esteban-bullrich.jpg?fit=879%2C586&ssl=1","contentUrl":"https:\/\/i0.wp.com\/elregionalvm.com.ar\/noticias-villa-maria\/wp-content\/uploads\/2021\/12\/esteban-bullrich.jpg?fit=879%2C586&ssl=1","width":879,"height":586},{"@type":"BreadcrumbList","@id":"http:\/\/elregionalvm.com.ar\/noticias-villa-maria\/para-enmarcarlo-el-conmovedor-discurso-de-esteban-bullrich-en-el-senado\/#breadcrumb","itemListElement":[{"@type":"ListItem","position":1,"name":"Portada","item":"https:\/\/elregionalvm.com.ar\/noticias-villa-maria\/"},{"@type":"ListItem","position":2,"name":"Para enmarcarlo: el conmovedor discurso de Esteban Bullrich en el Senado"}]},{"@type":"WebSite","@id":"http:\/\/elregionalvm.com.ar\/noticias-villa-maria\/#website","url":"http:\/\/elregionalvm.com.ar\/noticias-villa-maria\/","name":"El Regional","description":"Mucho m\u00e1s que informaci\u00f3n","potentialAction":[{"@type":"SearchAction","target":{"@type":"EntryPoint","urlTemplate":"http:\/\/elregionalvm.com.ar\/noticias-villa-maria\/?s={search_term_string}"},"query-input":{"@type":"PropertyValueSpecification","valueRequired":true,"valueName":"search_term_string"}}],"inLanguage":"es"},{"@type":"Person","@id":"http:\/\/elregionalvm.com.ar\/noticias-villa-maria\/#\/schema\/person\/a0fb9c422317faca23d50163151bc354","name":"Contenidos El Regional","image":{"@type":"ImageObject","inLanguage":"es","@id":"http:\/\/elregionalvm.com.ar\/noticias-villa-maria\/#\/schema\/person\/image\/","url":"https:\/\/secure.gravatar.com\/avatar\/265b27cb2209af7bb3a1318f03305787d7981a5cc6e6cd08fe5a4ecdf99d4b48?s=96&d=mm&r=g","contentUrl":"https:\/\/secure.gravatar.com\/avatar\/265b27cb2209af7bb3a1318f03305787d7981a5cc6e6cd08fe5a4ecdf99d4b48?s=96&d=mm&r=g","caption":"Contenidos El Regional"},"url":"https:\/\/elregionalvm.com.ar\/noticias-villa-maria\/author\/contenido\/"}]}},"jetpack_featured_media_url":"https:\/\/i0.wp.com\/elregionalvm.com.ar\/noticias-villa-maria\/wp-content\/uploads\/2021\/12\/esteban-bullrich.jpg?fit=879%2C586&ssl=1","jetpack_sharing_enabled":true,"_links":{"self":[{"href":"https:\/\/elregionalvm.com.ar\/noticias-villa-maria\/wp-json\/wp\/v2\/posts\/49387","targetHints":{"allow":["GET"]}}],"collection":[{"href":"https:\/\/elregionalvm.com.ar\/noticias-villa-maria\/wp-json\/wp\/v2\/posts"}],"about":[{"href":"https:\/\/elregionalvm.com.ar\/noticias-villa-maria\/wp-json\/wp\/v2\/types\/post"}],"author":[{"embeddable":true,"href":"https:\/\/elregionalvm.com.ar\/noticias-villa-maria\/wp-json\/wp\/v2\/users\/4"}],"replies":[{"embeddable":true,"href":"https:\/\/elregionalvm.com.ar\/noticias-villa-maria\/wp-json\/wp\/v2\/comments?post=49387"}],"version-history":[{"count":1,"href":"https:\/\/elregionalvm.com.ar\/noticias-villa-maria\/wp-json\/wp\/v2\/posts\/49387\/revisions"}],"predecessor-version":[{"id":49389,"href":"https:\/\/elregionalvm.com.ar\/noticias-villa-maria\/wp-json\/wp\/v2\/posts\/49387\/revisions\/49389"}],"wp:featuredmedia":[{"embeddable":true,"href":"https:\/\/elregionalvm.com.ar\/noticias-villa-maria\/wp-json\/wp\/v2\/media\/49388"}],"wp:attachment":[{"href":"https:\/\/elregionalvm.com.ar\/noticias-villa-maria\/wp-json\/wp\/v2\/media?parent=49387"}],"wp:term":[{"taxonomy":"category","embeddable":true,"href":"https:\/\/elregionalvm.com.ar\/noticias-villa-maria\/wp-json\/wp\/v2\/categories?post=49387"},{"taxonomy":"post_tag","embeddable":true,"href":"https:\/\/elregionalvm.com.ar\/noticias-villa-maria\/wp-json\/wp\/v2\/tags?post=49387"}],"curies":[{"name":"wp","href":"https:\/\/api.w.org\/{rel}","templated":true}]}}