{"id":49401,"date":"2021-12-09T22:48:03","date_gmt":"2021-12-09T22:48:03","guid":{"rendered":"https:\/\/elregionalvm.com.ar\/noticias-villa-maria\/?p=49401"},"modified":"2021-12-09T22:48:15","modified_gmt":"2021-12-09T22:48:15","slug":"reunion-la-cooperativa-7-de-febrero-y-la-ley-de-envases","status":"publish","type":"post","link":"https:\/\/elregionalvm.com.ar\/noticias-villa-maria\/reunion-la-cooperativa-7-de-febrero-y-la-ley-de-envases\/","title":{"rendered":"Reuni\u00f3n: La Cooperativa 7 de Febrero y la Ley de Envases"},"content":{"rendered":"\n<p>La Defensora del Pueblo de Villa Mar\u00eda, Alicia Peresutti recibi\u00f3 esta ma\u00f1ana a la Presidenta de la Cooperativa 7 de febrero Marcela Durand en el marco del tratamiento del Proyecto de Ley de Envases que tiene dictamen de mayor\u00eda en la C\u00e1mara de Diputados.<\/p>\n\n\n\n<p>Estuvieron presentes representantes de APDH, Comedor Esperanza, Red Ciudadana, ATE, Partido Solidario, Cooperativa Idear Villa Mar\u00eda, Instituto Movilizador de Fondos Cooperativos, V\u00ednculos en Red y la Defensor\u00eda del Pueblo de la Naci\u00f3n.<\/p>\n\n\n\n<p>La intenci\u00f3n de la Defensor\u00eda fue visibilizar la importancia de la clasificaci\u00f3n diferenciada de residuos, poner foco en la ordenanza de la ciudad, y profundizar en las campa\u00f1as de concientizaci\u00f3n para con la sociedad.<\/p>\n\n\n\n<p>Se acord\u00f3 que se presentar\u00e1 una resoluci\u00f3n solicitando al ejecutivo que cumpla con la ordenanza vigente y que sume campa\u00f1as de difusi\u00f3n para que la ciudadan\u00eda separe los residuos. A esto, se le adjuntara una nota destinada al Concejo Deliberante solicitando que los reciba el jueves 16 de diciembre para explicar que pretenden con la Ley y su adhesi\u00f3n.<\/p>\n\n\n\n<p>Alicia Peresutti manifest\u00f3 que \u201cm\u00e1s all\u00e1 de que salga el proyecto de Ley, lo que viene hacer es visibilizar a los recolectores urbanos\u201d.<\/p>\n\n\n\n<p>Agreg\u00f3 que por m\u00e1s esfuerzo que haga el municipio, si no hay un compromiso de la sociedad en separar la basura, es imposible\u201d.<\/p>\n\n\n\n<p>En tanto, Marcela Durand manifest\u00f3 que \u201cnos interesaba hablar con la Auditora sobre la precarizaci\u00f3n de nuestro sector, la importancia de poder estar en un marco Institucional, y en lo social\/ambiental que se cree una tasa y no un impuesto, con la intencionalidad de que los fabricantes sean responsables de lo que generan y el destino del producto. Nosotros estamos trabajando mancomunadamente con la Municipalidad con respecto a los residuos, por eso creemos fundamental entender este nuevo proyecto de Ley\u201d.<\/p>\n","protected":false},"excerpt":{"rendered":"<p>La Defensora del Pueblo de Villa Mar\u00eda, Alicia Peresutti recibi\u00f3 esta ma\u00f1ana a la Presidenta de la Cooperativa 7 de febrero Marcela Durand en el marco del tratamiento del Proyecto de Ley de Envases que tiene dictamen de mayor\u00eda en la C\u00e1mara de Diputados. Estuvieron presentes representantes de APDH, Comedor Esperanza, Red Ciudadana, ATE, Partido [&hellip;]<\/p>\n","protected":false},"author":4,"featured_media":49402,"comment_status":"open","ping_status":"open","sticky":false,"template":"","format":"standard","meta":{"site-sidebar-layout":"default","site-content-layout":"default","ast-site-content-layout":"default","site-content-style":"default","site-sidebar-style":"default","ast-global-header-display":"","ast-banner-title-visibility":"","ast-main-header-display":"","ast-hfb-above-header-display":"","ast-hfb-below-header-display":"","ast-hfb-mobile-header-display":"","site-post-title":"","ast-breadcrumbs-content":"","ast-featured-img":"","footer-sml-layout":"","ast-disable-related-posts":"","theme-transparent-header-meta":"default","adv-header-id-meta":"","stick-header-meta":"","header-above-stick-meta":"","header-main-stick-meta":"","header-below-stick-meta":"","astra-migrate-meta-layouts":"default","ast-page-background-enabled":"default","ast-page-background-meta":{"desktop":{"background-color":"","background-image":"","background-repeat":"repeat","background-position":"center center","background-size":"auto","background-attachment":"scroll","background-type":"","background-media":"","overlay-type":"","overlay-color":"","overlay-opacity":"","overlay-gradient":""},"tablet":{"background-color":"","background-image":"","background-repeat":"repeat","background-position":"center center","background-size":"auto","background-attachment":"scroll","background-type":"","background-media":"","overlay-type":"","overlay-color":"","overlay-opacity":"","overlay-gradient":""},"mobile":{"background-color":"","background-image":"","background-repeat":"repeat","background-position":"center center","background-size":"auto","background-attachment":"scroll","background-type":"","background-media":"","overlay-type":"","overlay-color":"","overlay-opacity":"","overlay-gradient":""}},"ast-content-background-meta":{"desktop":{"background-color":"var(--ast-global-color-5)","background-image":"","background-repeat":"repeat","background-position":"center center","background-size":"auto","background-attachment":"scroll","background-type":"","background-media":"","overlay-type":"","overlay-color":"","overlay-opacity":"","overlay-gradient":""},"tablet":{"background-color":"var(--ast-global-color-5)","background-image":"","background-repeat":"repeat","background-position":"center center","background-size":"auto","background-attachment":"scroll","background-type":"","background-media":"","overlay-type":"","overlay-color":"","overlay-opacity":"","overlay-gradient":""},"mobile":{"background-color":"var(--ast-global-color-5)","background-image":"","background-repeat":"repeat","background-position":"center center","background-size":"auto","background-attachment":"scroll","background-type":"","background-media":"","overlay-type":"","overlay-color":"","overlay-opacity":"","overlay-gradient":""}},"_jetpack_memberships_contains_paid_content":false,"_joinchat":[],"footnotes":""},"categories":[2],"tags":[6874,11736,1232,12377,2364],"class_list":["post-49401","post","type-post","status-publish","format-standard","has-post-thumbnail","hentry","category-villa-maria","tag-cooperativa-7-de-febrero","tag-defensoria-del-pueblo","tag-destacado","tag-ley-de-envases","tag-reunion"],"yoast_head":"<!-- This site is optimized with the Yoast SEO plugin v26.8 - https:\/\/yoast.com\/product\/yoast-seo-wordpress\/ -->\n<title>Reuni\u00f3n: La Cooperativa 7 de Febrero y la Ley de Envases - El Regional<\/title>\n<meta name=\"robots\" content=\"index, follow, max-snippet:-1, max-image-preview:large, max-video-preview:-1\" \/>\n<link rel=\"canonical\" href=\"http:\/\/elregionalvm.com.ar\/noticias-villa-maria\/reunion-la-cooperativa-7-de-febrero-y-la-ley-de-envases\/\" \/>\n<meta property=\"og:locale\" content=\"es_ES\" \/>\n<meta property=\"og:type\" content=\"article\" \/>\n<meta property=\"og:title\" content=\"Reuni\u00f3n: La Cooperativa 7 de Febrero y la Ley de Envases - El Regional\" \/>\n<meta property=\"og:description\" content=\"La Defensora del Pueblo de Villa Mar\u00eda, Alicia Peresutti recibi\u00f3 esta ma\u00f1ana a la Presidenta de la Cooperativa 7 de febrero Marcela Durand en el marco del tratamiento del Proyecto de Ley de Envases que tiene dictamen de mayor\u00eda en la C\u00e1mara de Diputados. Estuvieron presentes representantes de APDH, Comedor Esperanza, Red Ciudadana, ATE, Partido [&hellip;]\" \/>\n<meta property=\"og:url\" content=\"http:\/\/elregionalvm.com.ar\/noticias-villa-maria\/reunion-la-cooperativa-7-de-febrero-y-la-ley-de-envases\/\" \/>\n<meta property=\"og:site_name\" content=\"El Regional\" \/>\n<meta property=\"article:publisher\" content=\"https:\/\/www.facebook.com\/elregionalvm\" \/>\n<meta property=\"article:published_time\" content=\"2021-12-09T22:48:03+00:00\" \/>\n<meta property=\"article:modified_time\" content=\"2021-12-09T22:48:15+00:00\" \/>\n<meta property=\"og:image\" content=\"http:\/\/elregionalvm.com.ar\/noticias-villa-maria\/wp-content\/uploads\/2021\/12\/reunion-ley-de-envases.jpg\" \/>\n\t<meta property=\"og:image:width\" content=\"1600\" \/>\n\t<meta property=\"og:image:height\" content=\"900\" \/>\n\t<meta property=\"og:image:type\" content=\"image\/jpeg\" \/>\n<meta name=\"author\" content=\"Contenidos El Regional\" \/>\n<meta name=\"twitter:card\" content=\"summary_large_image\" \/>\n<meta name=\"twitter:creator\" content=\"@elregionalvm1\" \/>\n<meta name=\"twitter:site\" content=\"@elregionalvm1\" \/>\n<meta name=\"twitter:label1\" content=\"Escrito por\" \/>\n\t<meta name=\"twitter:data1\" content=\"Contenidos El Regional\" \/>\n\t<meta name=\"twitter:label2\" content=\"Tiempo de lectura\" \/>\n\t<meta name=\"twitter:data2\" content=\"2 minutos\" \/>\n<script type=\"application\/ld+json\" class=\"yoast-schema-graph\">{\"@context\":\"https:\/\/schema.org\",\"@graph\":[{\"@type\":\"Article\",\"@id\":\"http:\/\/elregionalvm.com.ar\/noticias-villa-maria\/reunion-la-cooperativa-7-de-febrero-y-la-ley-de-envases\/#article\",\"isPartOf\":{\"@id\":\"http:\/\/elregionalvm.com.ar\/noticias-villa-maria\/reunion-la-cooperativa-7-de-febrero-y-la-ley-de-envases\/\"},\"author\":{\"name\":\"Contenidos El Regional\",\"@id\":\"http:\/\/elregionalvm.com.ar\/noticias-villa-maria\/#\/schema\/person\/a0fb9c422317faca23d50163151bc354\"},\"headline\":\"Reuni\u00f3n: La Cooperativa 7 de Febrero y la Ley de Envases\",\"datePublished\":\"2021-12-09T22:48:03+00:00\",\"dateModified\":\"2021-12-09T22:48:15+00:00\",\"mainEntityOfPage\":{\"@id\":\"http:\/\/elregionalvm.com.ar\/noticias-villa-maria\/reunion-la-cooperativa-7-de-febrero-y-la-ley-de-envases\/\"},\"wordCount\":326,\"commentCount\":0,\"image\":{\"@id\":\"http:\/\/elregionalvm.com.ar\/noticias-villa-maria\/reunion-la-cooperativa-7-de-febrero-y-la-ley-de-envases\/#primaryimage\"},\"thumbnailUrl\":\"https:\/\/i0.wp.com\/elregionalvm.com.ar\/noticias-villa-maria\/wp-content\/uploads\/2021\/12\/reunion-ley-de-envases.jpg?fit=1600%2C900&ssl=1\",\"keywords\":[\"Cooperativa 7 de Febrero\",\"Defensor\u00eda del Pueblo\",\"destacado\",\"ley de envases\",\"reuni\u00f3n\"],\"articleSection\":[\"Villa Mar\u00eda\"],\"inLanguage\":\"es\",\"potentialAction\":[{\"@type\":\"CommentAction\",\"name\":\"Comment\",\"target\":[\"http:\/\/elregionalvm.com.ar\/noticias-villa-maria\/reunion-la-cooperativa-7-de-febrero-y-la-ley-de-envases\/#respond\"]}]},{\"@type\":\"WebPage\",\"@id\":\"http:\/\/elregionalvm.com.ar\/noticias-villa-maria\/reunion-la-cooperativa-7-de-febrero-y-la-ley-de-envases\/\",\"url\":\"http:\/\/elregionalvm.com.ar\/noticias-villa-maria\/reunion-la-cooperativa-7-de-febrero-y-la-ley-de-envases\/\",\"name\":\"Reuni\u00f3n: La Cooperativa 7 de Febrero y la Ley de Envases - El Regional\",\"isPartOf\":{\"@id\":\"http:\/\/elregionalvm.com.ar\/noticias-villa-maria\/#website\"},\"primaryImageOfPage\":{\"@id\":\"http:\/\/elregionalvm.com.ar\/noticias-villa-maria\/reunion-la-cooperativa-7-de-febrero-y-la-ley-de-envases\/#primaryimage\"},\"image\":{\"@id\":\"http:\/\/elregionalvm.com.ar\/noticias-villa-maria\/reunion-la-cooperativa-7-de-febrero-y-la-ley-de-envases\/#primaryimage\"},\"thumbnailUrl\":\"https:\/\/i0.wp.com\/elregionalvm.com.ar\/noticias-villa-maria\/wp-content\/uploads\/2021\/12\/reunion-ley-de-envases.jpg?fit=1600%2C900&ssl=1\",\"datePublished\":\"2021-12-09T22:48:03+00:00\",\"dateModified\":\"2021-12-09T22:48:15+00:00\",\"author\":{\"@id\":\"http:\/\/elregionalvm.com.ar\/noticias-villa-maria\/#\/schema\/person\/a0fb9c422317faca23d50163151bc354\"},\"breadcrumb\":{\"@id\":\"http:\/\/elregionalvm.com.ar\/noticias-villa-maria\/reunion-la-cooperativa-7-de-febrero-y-la-ley-de-envases\/#breadcrumb\"},\"inLanguage\":\"es\",\"potentialAction\":[{\"@type\":\"ReadAction\",\"target\":[\"http:\/\/elregionalvm.com.ar\/noticias-villa-maria\/reunion-la-cooperativa-7-de-febrero-y-la-ley-de-envases\/\"]}]},{\"@type\":\"ImageObject\",\"inLanguage\":\"es\",\"@id\":\"http:\/\/elregionalvm.com.ar\/noticias-villa-maria\/reunion-la-cooperativa-7-de-febrero-y-la-ley-de-envases\/#primaryimage\",\"url\":\"https:\/\/i0.wp.com\/elregionalvm.com.ar\/noticias-villa-maria\/wp-content\/uploads\/2021\/12\/reunion-ley-de-envases.jpg?fit=1600%2C900&ssl=1\",\"contentUrl\":\"https:\/\/i0.wp.com\/elregionalvm.com.ar\/noticias-villa-maria\/wp-content\/uploads\/2021\/12\/reunion-ley-de-envases.jpg?fit=1600%2C900&ssl=1\",\"width\":1600,\"height\":900},{\"@type\":\"BreadcrumbList\",\"@id\":\"http:\/\/elregionalvm.com.ar\/noticias-villa-maria\/reunion-la-cooperativa-7-de-febrero-y-la-ley-de-envases\/#breadcrumb\",\"itemListElement\":[{\"@type\":\"ListItem\",\"position\":1,\"name\":\"Portada\",\"item\":\"https:\/\/elregionalvm.com.ar\/noticias-villa-maria\/\"},{\"@type\":\"ListItem\",\"position\":2,\"name\":\"Reuni\u00f3n: La Cooperativa 7 de Febrero y la Ley de Envases\"}]},{\"@type\":\"WebSite\",\"@id\":\"http:\/\/elregionalvm.com.ar\/noticias-villa-maria\/#website\",\"url\":\"http:\/\/elregionalvm.com.ar\/noticias-villa-maria\/\",\"name\":\"El Regional\",\"description\":\"Mucho m\u00e1s que informaci\u00f3n\",\"potentialAction\":[{\"@type\":\"SearchAction\",\"target\":{\"@type\":\"EntryPoint\",\"urlTemplate\":\"http:\/\/elregionalvm.com.ar\/noticias-villa-maria\/?s={search_term_string}\"},\"query-input\":{\"@type\":\"PropertyValueSpecification\",\"valueRequired\":true,\"valueName\":\"search_term_string\"}}],\"inLanguage\":\"es\"},{\"@type\":\"Person\",\"@id\":\"http:\/\/elregionalvm.com.ar\/noticias-villa-maria\/#\/schema\/person\/a0fb9c422317faca23d50163151bc354\",\"name\":\"Contenidos El Regional\",\"image\":{\"@type\":\"ImageObject\",\"inLanguage\":\"es\",\"@id\":\"http:\/\/elregionalvm.com.ar\/noticias-villa-maria\/#\/schema\/person\/image\/\",\"url\":\"https:\/\/secure.gravatar.com\/avatar\/265b27cb2209af7bb3a1318f03305787d7981a5cc6e6cd08fe5a4ecdf99d4b48?s=96&d=mm&r=g\",\"contentUrl\":\"https:\/\/secure.gravatar.com\/avatar\/265b27cb2209af7bb3a1318f03305787d7981a5cc6e6cd08fe5a4ecdf99d4b48?s=96&d=mm&r=g\",\"caption\":\"Contenidos El Regional\"},\"url\":\"https:\/\/elregionalvm.com.ar\/noticias-villa-maria\/author\/contenido\/\"}]}<\/script>\n<!-- \/ Yoast SEO plugin. -->","yoast_head_json":{"title":"Reuni\u00f3n: La Cooperativa 7 de Febrero y la Ley de Envases - El Regional","robots":{"index":"index","follow":"follow","max-snippet":"max-snippet:-1","max-image-preview":"max-image-preview:large","max-video-preview":"max-video-preview:-1"},"canonical":"http:\/\/elregionalvm.com.ar\/noticias-villa-maria\/reunion-la-cooperativa-7-de-febrero-y-la-ley-de-envases\/","og_locale":"es_ES","og_type":"article","og_title":"Reuni\u00f3n: La Cooperativa 7 de Febrero y la Ley de Envases - El Regional","og_description":"La Defensora del Pueblo de Villa Mar\u00eda, Alicia Peresutti recibi\u00f3 esta ma\u00f1ana a la Presidenta de la Cooperativa 7 de febrero Marcela Durand en el marco del tratamiento del Proyecto de Ley de Envases que tiene dictamen de mayor\u00eda en la C\u00e1mara de Diputados. Estuvieron presentes representantes de APDH, Comedor Esperanza, Red Ciudadana, ATE, Partido [&hellip;]","og_url":"http:\/\/elregionalvm.com.ar\/noticias-villa-maria\/reunion-la-cooperativa-7-de-febrero-y-la-ley-de-envases\/","og_site_name":"El Regional","article_publisher":"https:\/\/www.facebook.com\/elregionalvm","article_published_time":"2021-12-09T22:48:03+00:00","article_modified_time":"2021-12-09T22:48:15+00:00","og_image":[{"width":1600,"height":900,"url":"http:\/\/elregionalvm.com.ar\/noticias-villa-maria\/wp-content\/uploads\/2021\/12\/reunion-ley-de-envases.jpg","type":"image\/jpeg"}],"author":"Contenidos El Regional","twitter_card":"summary_large_image","twitter_creator":"@elregionalvm1","twitter_site":"@elregionalvm1","twitter_misc":{"Escrito por":"Contenidos El Regional","Tiempo de lectura":"2 minutos"},"schema":{"@context":"https:\/\/schema.org","@graph":[{"@type":"Article","@id":"http:\/\/elregionalvm.com.ar\/noticias-villa-maria\/reunion-la-cooperativa-7-de-febrero-y-la-ley-de-envases\/#article","isPartOf":{"@id":"http:\/\/elregionalvm.com.ar\/noticias-villa-maria\/reunion-la-cooperativa-7-de-febrero-y-la-ley-de-envases\/"},"author":{"name":"Contenidos El Regional","@id":"http:\/\/elregionalvm.com.ar\/noticias-villa-maria\/#\/schema\/person\/a0fb9c422317faca23d50163151bc354"},"headline":"Reuni\u00f3n: La Cooperativa 7 de Febrero y la Ley de Envases","datePublished":"2021-12-09T22:48:03+00:00","dateModified":"2021-12-09T22:48:15+00:00","mainEntityOfPage":{"@id":"http:\/\/elregionalvm.com.ar\/noticias-villa-maria\/reunion-la-cooperativa-7-de-febrero-y-la-ley-de-envases\/"},"wordCount":326,"commentCount":0,"image":{"@id":"http:\/\/elregionalvm.com.ar\/noticias-villa-maria\/reunion-la-cooperativa-7-de-febrero-y-la-ley-de-envases\/#primaryimage"},"thumbnailUrl":"https:\/\/i0.wp.com\/elregionalvm.com.ar\/noticias-villa-maria\/wp-content\/uploads\/2021\/12\/reunion-ley-de-envases.jpg?fit=1600%2C900&ssl=1","keywords":["Cooperativa 7 de Febrero","Defensor\u00eda del Pueblo","destacado","ley de envases","reuni\u00f3n"],"articleSection":["Villa Mar\u00eda"],"inLanguage":"es","potentialAction":[{"@type":"CommentAction","name":"Comment","target":["http:\/\/elregionalvm.com.ar\/noticias-villa-maria\/reunion-la-cooperativa-7-de-febrero-y-la-ley-de-envases\/#respond"]}]},{"@type":"WebPage","@id":"http:\/\/elregionalvm.com.ar\/noticias-villa-maria\/reunion-la-cooperativa-7-de-febrero-y-la-ley-de-envases\/","url":"http:\/\/elregionalvm.com.ar\/noticias-villa-maria\/reunion-la-cooperativa-7-de-febrero-y-la-ley-de-envases\/","name":"Reuni\u00f3n: La Cooperativa 7 de Febrero y la Ley de Envases - El Regional","isPartOf":{"@id":"http:\/\/elregionalvm.com.ar\/noticias-villa-maria\/#website"},"primaryImageOfPage":{"@id":"http:\/\/elregionalvm.com.ar\/noticias-villa-maria\/reunion-la-cooperativa-7-de-febrero-y-la-ley-de-envases\/#primaryimage"},"image":{"@id":"http:\/\/elregionalvm.com.ar\/noticias-villa-maria\/reunion-la-cooperativa-7-de-febrero-y-la-ley-de-envases\/#primaryimage"},"thumbnailUrl":"https:\/\/i0.wp.com\/elregionalvm.com.ar\/noticias-villa-maria\/wp-content\/uploads\/2021\/12\/reunion-ley-de-envases.jpg?fit=1600%2C900&ssl=1","datePublished":"2021-12-09T22:48:03+00:00","dateModified":"2021-12-09T22:48:15+00:00","author":{"@id":"http:\/\/elregionalvm.com.ar\/noticias-villa-maria\/#\/schema\/person\/a0fb9c422317faca23d50163151bc354"},"breadcrumb":{"@id":"http:\/\/elregionalvm.com.ar\/noticias-villa-maria\/reunion-la-cooperativa-7-de-febrero-y-la-ley-de-envases\/#breadcrumb"},"inLanguage":"es","potentialAction":[{"@type":"ReadAction","target":["http:\/\/elregionalvm.com.ar\/noticias-villa-maria\/reunion-la-cooperativa-7-de-febrero-y-la-ley-de-envases\/"]}]},{"@type":"ImageObject","inLanguage":"es","@id":"http:\/\/elregionalvm.com.ar\/noticias-villa-maria\/reunion-la-cooperativa-7-de-febrero-y-la-ley-de-envases\/#primaryimage","url":"https:\/\/i0.wp.com\/elregionalvm.com.ar\/noticias-villa-maria\/wp-content\/uploads\/2021\/12\/reunion-ley-de-envases.jpg?fit=1600%2C900&ssl=1","contentUrl":"https:\/\/i0.wp.com\/elregionalvm.com.ar\/noticias-villa-maria\/wp-content\/uploads\/2021\/12\/reunion-ley-de-envases.jpg?fit=1600%2C900&ssl=1","width":1600,"height":900},{"@type":"BreadcrumbList","@id":"http:\/\/elregionalvm.com.ar\/noticias-villa-maria\/reunion-la-cooperativa-7-de-febrero-y-la-ley-de-envases\/#breadcrumb","itemListElement":[{"@type":"ListItem","position":1,"name":"Portada","item":"https:\/\/elregionalvm.com.ar\/noticias-villa-maria\/"},{"@type":"ListItem","position":2,"name":"Reuni\u00f3n: La Cooperativa 7 de Febrero y la Ley de Envases"}]},{"@type":"WebSite","@id":"http:\/\/elregionalvm.com.ar\/noticias-villa-maria\/#website","url":"http:\/\/elregionalvm.com.ar\/noticias-villa-maria\/","name":"El Regional","description":"Mucho m\u00e1s que informaci\u00f3n","potentialAction":[{"@type":"SearchAction","target":{"@type":"EntryPoint","urlTemplate":"http:\/\/elregionalvm.com.ar\/noticias-villa-maria\/?s={search_term_string}"},"query-input":{"@type":"PropertyValueSpecification","valueRequired":true,"valueName":"search_term_string"}}],"inLanguage":"es"},{"@type":"Person","@id":"http:\/\/elregionalvm.com.ar\/noticias-villa-maria\/#\/schema\/person\/a0fb9c422317faca23d50163151bc354","name":"Contenidos El Regional","image":{"@type":"ImageObject","inLanguage":"es","@id":"http:\/\/elregionalvm.com.ar\/noticias-villa-maria\/#\/schema\/person\/image\/","url":"https:\/\/secure.gravatar.com\/avatar\/265b27cb2209af7bb3a1318f03305787d7981a5cc6e6cd08fe5a4ecdf99d4b48?s=96&d=mm&r=g","contentUrl":"https:\/\/secure.gravatar.com\/avatar\/265b27cb2209af7bb3a1318f03305787d7981a5cc6e6cd08fe5a4ecdf99d4b48?s=96&d=mm&r=g","caption":"Contenidos El Regional"},"url":"https:\/\/elregionalvm.com.ar\/noticias-villa-maria\/author\/contenido\/"}]}},"jetpack_featured_media_url":"https:\/\/i0.wp.com\/elregionalvm.com.ar\/noticias-villa-maria\/wp-content\/uploads\/2021\/12\/reunion-ley-de-envases.jpg?fit=1600%2C900&ssl=1","jetpack_sharing_enabled":true,"_links":{"self":[{"href":"https:\/\/elregionalvm.com.ar\/noticias-villa-maria\/wp-json\/wp\/v2\/posts\/49401","targetHints":{"allow":["GET"]}}],"collection":[{"href":"https:\/\/elregionalvm.com.ar\/noticias-villa-maria\/wp-json\/wp\/v2\/posts"}],"about":[{"href":"https:\/\/elregionalvm.com.ar\/noticias-villa-maria\/wp-json\/wp\/v2\/types\/post"}],"author":[{"embeddable":true,"href":"https:\/\/elregionalvm.com.ar\/noticias-villa-maria\/wp-json\/wp\/v2\/users\/4"}],"replies":[{"embeddable":true,"href":"https:\/\/elregionalvm.com.ar\/noticias-villa-maria\/wp-json\/wp\/v2\/comments?post=49401"}],"version-history":[{"count":1,"href":"https:\/\/elregionalvm.com.ar\/noticias-villa-maria\/wp-json\/wp\/v2\/posts\/49401\/revisions"}],"predecessor-version":[{"id":49403,"href":"https:\/\/elregionalvm.com.ar\/noticias-villa-maria\/wp-json\/wp\/v2\/posts\/49401\/revisions\/49403"}],"wp:featuredmedia":[{"embeddable":true,"href":"https:\/\/elregionalvm.com.ar\/noticias-villa-maria\/wp-json\/wp\/v2\/media\/49402"}],"wp:attachment":[{"href":"https:\/\/elregionalvm.com.ar\/noticias-villa-maria\/wp-json\/wp\/v2\/media?parent=49401"}],"wp:term":[{"taxonomy":"category","embeddable":true,"href":"https:\/\/elregionalvm.com.ar\/noticias-villa-maria\/wp-json\/wp\/v2\/categories?post=49401"},{"taxonomy":"post_tag","embeddable":true,"href":"https:\/\/elregionalvm.com.ar\/noticias-villa-maria\/wp-json\/wp\/v2\/tags?post=49401"}],"curies":[{"name":"wp","href":"https:\/\/api.w.org\/{rel}","templated":true}]}}