{"id":49411,"date":"2021-12-10T00:31:18","date_gmt":"2021-12-10T00:31:18","guid":{"rendered":"https:\/\/elregionalvm.com.ar\/noticias-villa-maria\/?p=49411"},"modified":"2021-12-10T00:31:19","modified_gmt":"2021-12-10T00:31:19","slug":"estudian-si-un-brote-de-colonia-caroya-es-de-la-variante-omicron","status":"publish","type":"post","link":"https:\/\/elregionalvm.com.ar\/noticias-villa-maria\/estudian-si-un-brote-de-colonia-caroya-es-de-la-variante-omicron\/","title":{"rendered":"Estudian si un brote de Colonia Caroya es de la variante \u00d3micron"},"content":{"rendered":"\n<p><strong><em>EL MINISTERIO DE SALUD INFORMA QUE EL ANLIS-MALBR\u00c1N SE ENCUENTRA SECUENCIANDO CUATRO MUESTRAS COVID-19 POSITIVO PARA CONFIRMAR O DESCARTAR SI SE TRATA DE VARIANTE \u00d3MICRON<\/em><\/strong><\/p>\n\n\n\n<p>El caso \u00edndice es un viajero procedente de Dub\u00e1i, ciudad de los Emiratos \u00c1rabes Unidos, que arrib\u00f3 junto a su familia el mi\u00e9rcoles 1 de diciembre al pa\u00eds, presentando esquema completo de vacunaci\u00f3n y test PCR negativo 72 horas previo al viaje. La familia tambi\u00e9n present\u00f3 test de PCR negativo previo al viaje y los adultos presentaban esquema completo de vacunaci\u00f3n. Todos se encuentran en buen estado de salud.<\/p>\n\n\n\n<p>El Ministerio de Salud de la Naci\u00f3n informa que el 7 de diciembre el Laboratorio Central de la provincia de C\u00f3rdoba hizo llegar un alerta sobre un caso positivo de un viajero, cuya muestra pose\u00eda mutaciones no compatibles con las variantes circulantes en la provincia, por lo que se realiz\u00f3 secuenciaci\u00f3n parcial del gen de la prote\u00edna S, arrojando resultados compatibles con variante \u00d3micron.<\/p>\n\n\n\n<p>El caso corresponde a un hombre residente en Dub\u00e1i que lleg\u00f3 al pa\u00eds el 1 de diciembre con su familia para visitar la localidad cordobesa de Colonia Caroya. Emprendi\u00f3 viaje rumbo a la Argentina el 30 de noviembre, realiz\u00f3 dos escalas previas, una en Estambul (Turqu\u00eda) y otra en Madrid (Espa\u00f1a).<\/p>\n\n\n\n<p>El viajero y su familia presentaron test PCR negativo previo al viaje y los dos adultos contaban con esquema de vacunaci\u00f3n completo al momento de su arribo al pa\u00eds. No se realiz\u00f3 prueba de ant\u00edgenos al ingreso ya que las normativas actuales indican la realizaci\u00f3n del mismo solo para aquellos viajeros que hubieran estado en el continente africano en los \u00faltimos 14 d\u00edas.<\/p>\n\n\n\n<p>Posteriormente, viaj\u00f3 rumbo a la provincia de C\u00f3rdoba y el d\u00eda 3 de diciembre comenz\u00f3 con s\u00edntomas compatibles con COVID-19. Al d\u00eda siguiente por la ma\u00f1ana se realiz\u00f3 un test de ant\u00edgenos dando resultado positivo, luego se hizo un test PCR que tambi\u00e9n arroj\u00f3 positivo e inmediatamente se aisl\u00f3 en su domicilio.<\/p>\n\n\n\n<p>A partir de la identificaci\u00f3n del caso \u00edndice, se iniciaron las investigaciones epidemiol\u00f3gicas en conjunto con la Provincia. Se identificaron en total ocho casos positivos (caso \u00edndice + 7 contactos estrechos) y 27 contactos.<\/p>\n\n\n\n<p>Adicionalmente, se rastrearon 17 contactos estrechos del vuelo en el que arrib\u00f3 al pa\u00eds, y 88 pasajeros del transporte utilizado para viajar hasta la provincia. Ya se ha notificado a las jurisdicciones correspondientes para proceder con el correspondiente aislamiento y control.<\/p>\n\n\n\n<p>A d\u00eda de hoy, se contin\u00faa con la investigaci\u00f3n epidemiol\u00f3gica, mientras que el ANLIS-Malbr\u00e1n se encuentra realizando la secuenciaci\u00f3n gen\u00f3mica de cuatro muestras para determinar si son compatibles con variante \u00d3micron.<\/p>\n","protected":false},"excerpt":{"rendered":"<p>EL MINISTERIO DE SALUD INFORMA QUE EL ANLIS-MALBR\u00c1N SE ENCUENTRA SECUENCIANDO CUATRO MUESTRAS COVID-19 POSITIVO PARA CONFIRMAR O DESCARTAR SI SE TRATA DE VARIANTE \u00d3MICRON El caso \u00edndice es un viajero procedente de Dub\u00e1i, ciudad de los Emiratos \u00c1rabes Unidos, que arrib\u00f3 junto a su familia el mi\u00e9rcoles 1 de diciembre al pa\u00eds, presentando esquema [&hellip;]<\/p>\n","protected":false},"author":4,"featured_media":49412,"comment_status":"open","ping_status":"open","sticky":false,"template":"","format":"standard","meta":{"site-sidebar-layout":"default","site-content-layout":"default","ast-site-content-layout":"default","site-content-style":"default","site-sidebar-style":"default","ast-global-header-display":"","ast-banner-title-visibility":"","ast-main-header-display":"","ast-hfb-above-header-display":"","ast-hfb-below-header-display":"","ast-hfb-mobile-header-display":"","site-post-title":"","ast-breadcrumbs-content":"","ast-featured-img":"","footer-sml-layout":"","ast-disable-related-posts":"","theme-transparent-header-meta":"default","adv-header-id-meta":"","stick-header-meta":"","header-above-stick-meta":"","header-main-stick-meta":"","header-below-stick-meta":"","astra-migrate-meta-layouts":"default","ast-page-background-enabled":"default","ast-page-background-meta":{"desktop":{"background-color":"","background-image":"","background-repeat":"repeat","background-position":"center center","background-size":"auto","background-attachment":"scroll","background-type":"","background-media":"","overlay-type":"","overlay-color":"","overlay-opacity":"","overlay-gradient":""},"tablet":{"background-color":"","background-image":"","background-repeat":"repeat","background-position":"center center","background-size":"auto","background-attachment":"scroll","background-type":"","background-media":"","overlay-type":"","overlay-color":"","overlay-opacity":"","overlay-gradient":""},"mobile":{"background-color":"","background-image":"","background-repeat":"repeat","background-position":"center center","background-size":"auto","background-attachment":"scroll","background-type":"","background-media":"","overlay-type":"","overlay-color":"","overlay-opacity":"","overlay-gradient":""}},"ast-content-background-meta":{"desktop":{"background-color":"var(--ast-global-color-5)","background-image":"","background-repeat":"repeat","background-position":"center center","background-size":"auto","background-attachment":"scroll","background-type":"","background-media":"","overlay-type":"","overlay-color":"","overlay-opacity":"","overlay-gradient":""},"tablet":{"background-color":"var(--ast-global-color-5)","background-image":"","background-repeat":"repeat","background-position":"center center","background-size":"auto","background-attachment":"scroll","background-type":"","background-media":"","overlay-type":"","overlay-color":"","overlay-opacity":"","overlay-gradient":""},"mobile":{"background-color":"var(--ast-global-color-5)","background-image":"","background-repeat":"repeat","background-position":"center center","background-size":"auto","background-attachment":"scroll","background-type":"","background-media":"","overlay-type":"","overlay-color":"","overlay-opacity":"","overlay-gradient":""}},"_jetpack_memberships_contains_paid_content":false,"_joinchat":[],"footnotes":""},"categories":[2256],"tags":[12737,2555,12736,1232,4452,7824,12738],"class_list":["post-49411","post","type-post","status-publish","format-standard","has-post-thumbnail","hentry","category-coronavirus","tag-6-casos-positivos","tag-brote","tag-colonia-caroya","tag-destacado","tag-ministerio-de-salud-de-la-nacion","tag-ministerio-de-salud-de-la-provincia","tag-pasajero-de-dubai"],"yoast_head":"<!-- This site is optimized with the Yoast SEO plugin v26.8 - https:\/\/yoast.com\/product\/yoast-seo-wordpress\/ -->\n<title>Estudian si un brote de Colonia Caroya es de la variante \u00d3micron - El Regional<\/title>\n<meta name=\"robots\" content=\"index, follow, max-snippet:-1, max-image-preview:large, max-video-preview:-1\" \/>\n<link rel=\"canonical\" href=\"http:\/\/elregionalvm.com.ar\/noticias-villa-maria\/estudian-si-un-brote-de-colonia-caroya-es-de-la-variante-omicron\/\" \/>\n<meta property=\"og:locale\" content=\"es_ES\" \/>\n<meta property=\"og:type\" content=\"article\" \/>\n<meta property=\"og:title\" content=\"Estudian si un brote de Colonia Caroya es de la variante \u00d3micron - El Regional\" \/>\n<meta property=\"og:description\" content=\"EL MINISTERIO DE SALUD INFORMA QUE EL ANLIS-MALBR\u00c1N SE ENCUENTRA SECUENCIANDO CUATRO MUESTRAS COVID-19 POSITIVO PARA CONFIRMAR O DESCARTAR SI SE TRATA DE VARIANTE \u00d3MICRON El caso \u00edndice es un viajero procedente de Dub\u00e1i, ciudad de los Emiratos \u00c1rabes Unidos, que arrib\u00f3 junto a su familia el mi\u00e9rcoles 1 de diciembre al pa\u00eds, presentando esquema [&hellip;]\" \/>\n<meta property=\"og:url\" content=\"http:\/\/elregionalvm.com.ar\/noticias-villa-maria\/estudian-si-un-brote-de-colonia-caroya-es-de-la-variante-omicron\/\" \/>\n<meta property=\"og:site_name\" content=\"El Regional\" \/>\n<meta property=\"article:publisher\" content=\"https:\/\/www.facebook.com\/elregionalvm\" \/>\n<meta property=\"article:published_time\" content=\"2021-12-10T00:31:18+00:00\" \/>\n<meta property=\"article:modified_time\" content=\"2021-12-10T00:31:19+00:00\" \/>\n<meta property=\"og:image\" content=\"http:\/\/elregionalvm.com.ar\/noticias-villa-maria\/wp-content\/uploads\/2021\/12\/omicron-estudios.jpg\" \/>\n\t<meta property=\"og:image:width\" content=\"791\" \/>\n\t<meta property=\"og:image:height\" content=\"445\" \/>\n\t<meta property=\"og:image:type\" content=\"image\/jpeg\" \/>\n<meta name=\"author\" content=\"Contenidos El Regional\" \/>\n<meta name=\"twitter:card\" content=\"summary_large_image\" \/>\n<meta name=\"twitter:creator\" content=\"@elregionalvm1\" \/>\n<meta name=\"twitter:site\" content=\"@elregionalvm1\" \/>\n<meta name=\"twitter:label1\" content=\"Escrito por\" \/>\n\t<meta name=\"twitter:data1\" content=\"Contenidos El Regional\" \/>\n\t<meta name=\"twitter:label2\" content=\"Tiempo de lectura\" \/>\n\t<meta name=\"twitter:data2\" content=\"2 minutos\" \/>\n<script type=\"application\/ld+json\" class=\"yoast-schema-graph\">{\"@context\":\"https:\/\/schema.org\",\"@graph\":[{\"@type\":\"Article\",\"@id\":\"http:\/\/elregionalvm.com.ar\/noticias-villa-maria\/estudian-si-un-brote-de-colonia-caroya-es-de-la-variante-omicron\/#article\",\"isPartOf\":{\"@id\":\"http:\/\/elregionalvm.com.ar\/noticias-villa-maria\/estudian-si-un-brote-de-colonia-caroya-es-de-la-variante-omicron\/\"},\"author\":{\"name\":\"Contenidos El Regional\",\"@id\":\"http:\/\/elregionalvm.com.ar\/noticias-villa-maria\/#\/schema\/person\/a0fb9c422317faca23d50163151bc354\"},\"headline\":\"Estudian si un brote de Colonia Caroya es de la variante \u00d3micron\",\"datePublished\":\"2021-12-10T00:31:18+00:00\",\"dateModified\":\"2021-12-10T00:31:19+00:00\",\"mainEntityOfPage\":{\"@id\":\"http:\/\/elregionalvm.com.ar\/noticias-villa-maria\/estudian-si-un-brote-de-colonia-caroya-es-de-la-variante-omicron\/\"},\"wordCount\":468,\"commentCount\":0,\"image\":{\"@id\":\"http:\/\/elregionalvm.com.ar\/noticias-villa-maria\/estudian-si-un-brote-de-colonia-caroya-es-de-la-variante-omicron\/#primaryimage\"},\"thumbnailUrl\":\"https:\/\/i0.wp.com\/elregionalvm.com.ar\/noticias-villa-maria\/wp-content\/uploads\/2021\/12\/omicron-estudios.jpg?fit=791%2C445&ssl=1\",\"keywords\":[\"6 casos positivos\",\"brote\",\"Colonia Caroya\",\"destacado\",\"Ministerio de Salud de la Naci\u00f3n\",\"Ministerio de Salud de la Provincia\",\"pasajero de D\u00fabai\"],\"articleSection\":[\"Coronavirus\"],\"inLanguage\":\"es\",\"potentialAction\":[{\"@type\":\"CommentAction\",\"name\":\"Comment\",\"target\":[\"http:\/\/elregionalvm.com.ar\/noticias-villa-maria\/estudian-si-un-brote-de-colonia-caroya-es-de-la-variante-omicron\/#respond\"]}]},{\"@type\":\"WebPage\",\"@id\":\"http:\/\/elregionalvm.com.ar\/noticias-villa-maria\/estudian-si-un-brote-de-colonia-caroya-es-de-la-variante-omicron\/\",\"url\":\"http:\/\/elregionalvm.com.ar\/noticias-villa-maria\/estudian-si-un-brote-de-colonia-caroya-es-de-la-variante-omicron\/\",\"name\":\"Estudian si un brote de Colonia Caroya es de la variante \u00d3micron - El Regional\",\"isPartOf\":{\"@id\":\"http:\/\/elregionalvm.com.ar\/noticias-villa-maria\/#website\"},\"primaryImageOfPage\":{\"@id\":\"http:\/\/elregionalvm.com.ar\/noticias-villa-maria\/estudian-si-un-brote-de-colonia-caroya-es-de-la-variante-omicron\/#primaryimage\"},\"image\":{\"@id\":\"http:\/\/elregionalvm.com.ar\/noticias-villa-maria\/estudian-si-un-brote-de-colonia-caroya-es-de-la-variante-omicron\/#primaryimage\"},\"thumbnailUrl\":\"https:\/\/i0.wp.com\/elregionalvm.com.ar\/noticias-villa-maria\/wp-content\/uploads\/2021\/12\/omicron-estudios.jpg?fit=791%2C445&ssl=1\",\"datePublished\":\"2021-12-10T00:31:18+00:00\",\"dateModified\":\"2021-12-10T00:31:19+00:00\",\"author\":{\"@id\":\"http:\/\/elregionalvm.com.ar\/noticias-villa-maria\/#\/schema\/person\/a0fb9c422317faca23d50163151bc354\"},\"breadcrumb\":{\"@id\":\"http:\/\/elregionalvm.com.ar\/noticias-villa-maria\/estudian-si-un-brote-de-colonia-caroya-es-de-la-variante-omicron\/#breadcrumb\"},\"inLanguage\":\"es\",\"potentialAction\":[{\"@type\":\"ReadAction\",\"target\":[\"http:\/\/elregionalvm.com.ar\/noticias-villa-maria\/estudian-si-un-brote-de-colonia-caroya-es-de-la-variante-omicron\/\"]}]},{\"@type\":\"ImageObject\",\"inLanguage\":\"es\",\"@id\":\"http:\/\/elregionalvm.com.ar\/noticias-villa-maria\/estudian-si-un-brote-de-colonia-caroya-es-de-la-variante-omicron\/#primaryimage\",\"url\":\"https:\/\/i0.wp.com\/elregionalvm.com.ar\/noticias-villa-maria\/wp-content\/uploads\/2021\/12\/omicron-estudios.jpg?fit=791%2C445&ssl=1\",\"contentUrl\":\"https:\/\/i0.wp.com\/elregionalvm.com.ar\/noticias-villa-maria\/wp-content\/uploads\/2021\/12\/omicron-estudios.jpg?fit=791%2C445&ssl=1\",\"width\":791,\"height\":445},{\"@type\":\"BreadcrumbList\",\"@id\":\"http:\/\/elregionalvm.com.ar\/noticias-villa-maria\/estudian-si-un-brote-de-colonia-caroya-es-de-la-variante-omicron\/#breadcrumb\",\"itemListElement\":[{\"@type\":\"ListItem\",\"position\":1,\"name\":\"Portada\",\"item\":\"https:\/\/elregionalvm.com.ar\/noticias-villa-maria\/\"},{\"@type\":\"ListItem\",\"position\":2,\"name\":\"Estudian si un brote de Colonia Caroya es de la variante \u00d3micron\"}]},{\"@type\":\"WebSite\",\"@id\":\"http:\/\/elregionalvm.com.ar\/noticias-villa-maria\/#website\",\"url\":\"http:\/\/elregionalvm.com.ar\/noticias-villa-maria\/\",\"name\":\"El Regional\",\"description\":\"Mucho m\u00e1s que informaci\u00f3n\",\"potentialAction\":[{\"@type\":\"SearchAction\",\"target\":{\"@type\":\"EntryPoint\",\"urlTemplate\":\"http:\/\/elregionalvm.com.ar\/noticias-villa-maria\/?s={search_term_string}\"},\"query-input\":{\"@type\":\"PropertyValueSpecification\",\"valueRequired\":true,\"valueName\":\"search_term_string\"}}],\"inLanguage\":\"es\"},{\"@type\":\"Person\",\"@id\":\"http:\/\/elregionalvm.com.ar\/noticias-villa-maria\/#\/schema\/person\/a0fb9c422317faca23d50163151bc354\",\"name\":\"Contenidos El Regional\",\"image\":{\"@type\":\"ImageObject\",\"inLanguage\":\"es\",\"@id\":\"http:\/\/elregionalvm.com.ar\/noticias-villa-maria\/#\/schema\/person\/image\/\",\"url\":\"https:\/\/secure.gravatar.com\/avatar\/265b27cb2209af7bb3a1318f03305787d7981a5cc6e6cd08fe5a4ecdf99d4b48?s=96&d=mm&r=g\",\"contentUrl\":\"https:\/\/secure.gravatar.com\/avatar\/265b27cb2209af7bb3a1318f03305787d7981a5cc6e6cd08fe5a4ecdf99d4b48?s=96&d=mm&r=g\",\"caption\":\"Contenidos El Regional\"},\"url\":\"https:\/\/elregionalvm.com.ar\/noticias-villa-maria\/author\/contenido\/\"}]}<\/script>\n<!-- \/ Yoast SEO plugin. -->","yoast_head_json":{"title":"Estudian si un brote de Colonia Caroya es de la variante \u00d3micron - El Regional","robots":{"index":"index","follow":"follow","max-snippet":"max-snippet:-1","max-image-preview":"max-image-preview:large","max-video-preview":"max-video-preview:-1"},"canonical":"http:\/\/elregionalvm.com.ar\/noticias-villa-maria\/estudian-si-un-brote-de-colonia-caroya-es-de-la-variante-omicron\/","og_locale":"es_ES","og_type":"article","og_title":"Estudian si un brote de Colonia Caroya es de la variante \u00d3micron - El Regional","og_description":"EL MINISTERIO DE SALUD INFORMA QUE EL ANLIS-MALBR\u00c1N SE ENCUENTRA SECUENCIANDO CUATRO MUESTRAS COVID-19 POSITIVO PARA CONFIRMAR O DESCARTAR SI SE TRATA DE VARIANTE \u00d3MICRON El caso \u00edndice es un viajero procedente de Dub\u00e1i, ciudad de los Emiratos \u00c1rabes Unidos, que arrib\u00f3 junto a su familia el mi\u00e9rcoles 1 de diciembre al pa\u00eds, presentando esquema [&hellip;]","og_url":"http:\/\/elregionalvm.com.ar\/noticias-villa-maria\/estudian-si-un-brote-de-colonia-caroya-es-de-la-variante-omicron\/","og_site_name":"El Regional","article_publisher":"https:\/\/www.facebook.com\/elregionalvm","article_published_time":"2021-12-10T00:31:18+00:00","article_modified_time":"2021-12-10T00:31:19+00:00","og_image":[{"width":791,"height":445,"url":"http:\/\/elregionalvm.com.ar\/noticias-villa-maria\/wp-content\/uploads\/2021\/12\/omicron-estudios.jpg","type":"image\/jpeg"}],"author":"Contenidos El Regional","twitter_card":"summary_large_image","twitter_creator":"@elregionalvm1","twitter_site":"@elregionalvm1","twitter_misc":{"Escrito por":"Contenidos El Regional","Tiempo de lectura":"2 minutos"},"schema":{"@context":"https:\/\/schema.org","@graph":[{"@type":"Article","@id":"http:\/\/elregionalvm.com.ar\/noticias-villa-maria\/estudian-si-un-brote-de-colonia-caroya-es-de-la-variante-omicron\/#article","isPartOf":{"@id":"http:\/\/elregionalvm.com.ar\/noticias-villa-maria\/estudian-si-un-brote-de-colonia-caroya-es-de-la-variante-omicron\/"},"author":{"name":"Contenidos El Regional","@id":"http:\/\/elregionalvm.com.ar\/noticias-villa-maria\/#\/schema\/person\/a0fb9c422317faca23d50163151bc354"},"headline":"Estudian si un brote de Colonia Caroya es de la variante \u00d3micron","datePublished":"2021-12-10T00:31:18+00:00","dateModified":"2021-12-10T00:31:19+00:00","mainEntityOfPage":{"@id":"http:\/\/elregionalvm.com.ar\/noticias-villa-maria\/estudian-si-un-brote-de-colonia-caroya-es-de-la-variante-omicron\/"},"wordCount":468,"commentCount":0,"image":{"@id":"http:\/\/elregionalvm.com.ar\/noticias-villa-maria\/estudian-si-un-brote-de-colonia-caroya-es-de-la-variante-omicron\/#primaryimage"},"thumbnailUrl":"https:\/\/i0.wp.com\/elregionalvm.com.ar\/noticias-villa-maria\/wp-content\/uploads\/2021\/12\/omicron-estudios.jpg?fit=791%2C445&ssl=1","keywords":["6 casos positivos","brote","Colonia Caroya","destacado","Ministerio de Salud de la Naci\u00f3n","Ministerio de Salud de la Provincia","pasajero de D\u00fabai"],"articleSection":["Coronavirus"],"inLanguage":"es","potentialAction":[{"@type":"CommentAction","name":"Comment","target":["http:\/\/elregionalvm.com.ar\/noticias-villa-maria\/estudian-si-un-brote-de-colonia-caroya-es-de-la-variante-omicron\/#respond"]}]},{"@type":"WebPage","@id":"http:\/\/elregionalvm.com.ar\/noticias-villa-maria\/estudian-si-un-brote-de-colonia-caroya-es-de-la-variante-omicron\/","url":"http:\/\/elregionalvm.com.ar\/noticias-villa-maria\/estudian-si-un-brote-de-colonia-caroya-es-de-la-variante-omicron\/","name":"Estudian si un brote de Colonia Caroya es de la variante \u00d3micron - El Regional","isPartOf":{"@id":"http:\/\/elregionalvm.com.ar\/noticias-villa-maria\/#website"},"primaryImageOfPage":{"@id":"http:\/\/elregionalvm.com.ar\/noticias-villa-maria\/estudian-si-un-brote-de-colonia-caroya-es-de-la-variante-omicron\/#primaryimage"},"image":{"@id":"http:\/\/elregionalvm.com.ar\/noticias-villa-maria\/estudian-si-un-brote-de-colonia-caroya-es-de-la-variante-omicron\/#primaryimage"},"thumbnailUrl":"https:\/\/i0.wp.com\/elregionalvm.com.ar\/noticias-villa-maria\/wp-content\/uploads\/2021\/12\/omicron-estudios.jpg?fit=791%2C445&ssl=1","datePublished":"2021-12-10T00:31:18+00:00","dateModified":"2021-12-10T00:31:19+00:00","author":{"@id":"http:\/\/elregionalvm.com.ar\/noticias-villa-maria\/#\/schema\/person\/a0fb9c422317faca23d50163151bc354"},"breadcrumb":{"@id":"http:\/\/elregionalvm.com.ar\/noticias-villa-maria\/estudian-si-un-brote-de-colonia-caroya-es-de-la-variante-omicron\/#breadcrumb"},"inLanguage":"es","potentialAction":[{"@type":"ReadAction","target":["http:\/\/elregionalvm.com.ar\/noticias-villa-maria\/estudian-si-un-brote-de-colonia-caroya-es-de-la-variante-omicron\/"]}]},{"@type":"ImageObject","inLanguage":"es","@id":"http:\/\/elregionalvm.com.ar\/noticias-villa-maria\/estudian-si-un-brote-de-colonia-caroya-es-de-la-variante-omicron\/#primaryimage","url":"https:\/\/i0.wp.com\/elregionalvm.com.ar\/noticias-villa-maria\/wp-content\/uploads\/2021\/12\/omicron-estudios.jpg?fit=791%2C445&ssl=1","contentUrl":"https:\/\/i0.wp.com\/elregionalvm.com.ar\/noticias-villa-maria\/wp-content\/uploads\/2021\/12\/omicron-estudios.jpg?fit=791%2C445&ssl=1","width":791,"height":445},{"@type":"BreadcrumbList","@id":"http:\/\/elregionalvm.com.ar\/noticias-villa-maria\/estudian-si-un-brote-de-colonia-caroya-es-de-la-variante-omicron\/#breadcrumb","itemListElement":[{"@type":"ListItem","position":1,"name":"Portada","item":"https:\/\/elregionalvm.com.ar\/noticias-villa-maria\/"},{"@type":"ListItem","position":2,"name":"Estudian si un brote de Colonia Caroya es de la variante \u00d3micron"}]},{"@type":"WebSite","@id":"http:\/\/elregionalvm.com.ar\/noticias-villa-maria\/#website","url":"http:\/\/elregionalvm.com.ar\/noticias-villa-maria\/","name":"El Regional","description":"Mucho m\u00e1s que informaci\u00f3n","potentialAction":[{"@type":"SearchAction","target":{"@type":"EntryPoint","urlTemplate":"http:\/\/elregionalvm.com.ar\/noticias-villa-maria\/?s={search_term_string}"},"query-input":{"@type":"PropertyValueSpecification","valueRequired":true,"valueName":"search_term_string"}}],"inLanguage":"es"},{"@type":"Person","@id":"http:\/\/elregionalvm.com.ar\/noticias-villa-maria\/#\/schema\/person\/a0fb9c422317faca23d50163151bc354","name":"Contenidos El Regional","image":{"@type":"ImageObject","inLanguage":"es","@id":"http:\/\/elregionalvm.com.ar\/noticias-villa-maria\/#\/schema\/person\/image\/","url":"https:\/\/secure.gravatar.com\/avatar\/265b27cb2209af7bb3a1318f03305787d7981a5cc6e6cd08fe5a4ecdf99d4b48?s=96&d=mm&r=g","contentUrl":"https:\/\/secure.gravatar.com\/avatar\/265b27cb2209af7bb3a1318f03305787d7981a5cc6e6cd08fe5a4ecdf99d4b48?s=96&d=mm&r=g","caption":"Contenidos El Regional"},"url":"https:\/\/elregionalvm.com.ar\/noticias-villa-maria\/author\/contenido\/"}]}},"jetpack_featured_media_url":"https:\/\/i0.wp.com\/elregionalvm.com.ar\/noticias-villa-maria\/wp-content\/uploads\/2021\/12\/omicron-estudios.jpg?fit=791%2C445&ssl=1","jetpack_sharing_enabled":true,"_links":{"self":[{"href":"https:\/\/elregionalvm.com.ar\/noticias-villa-maria\/wp-json\/wp\/v2\/posts\/49411","targetHints":{"allow":["GET"]}}],"collection":[{"href":"https:\/\/elregionalvm.com.ar\/noticias-villa-maria\/wp-json\/wp\/v2\/posts"}],"about":[{"href":"https:\/\/elregionalvm.com.ar\/noticias-villa-maria\/wp-json\/wp\/v2\/types\/post"}],"author":[{"embeddable":true,"href":"https:\/\/elregionalvm.com.ar\/noticias-villa-maria\/wp-json\/wp\/v2\/users\/4"}],"replies":[{"embeddable":true,"href":"https:\/\/elregionalvm.com.ar\/noticias-villa-maria\/wp-json\/wp\/v2\/comments?post=49411"}],"version-history":[{"count":1,"href":"https:\/\/elregionalvm.com.ar\/noticias-villa-maria\/wp-json\/wp\/v2\/posts\/49411\/revisions"}],"predecessor-version":[{"id":49413,"href":"https:\/\/elregionalvm.com.ar\/noticias-villa-maria\/wp-json\/wp\/v2\/posts\/49411\/revisions\/49413"}],"wp:featuredmedia":[{"embeddable":true,"href":"https:\/\/elregionalvm.com.ar\/noticias-villa-maria\/wp-json\/wp\/v2\/media\/49412"}],"wp:attachment":[{"href":"https:\/\/elregionalvm.com.ar\/noticias-villa-maria\/wp-json\/wp\/v2\/media?parent=49411"}],"wp:term":[{"taxonomy":"category","embeddable":true,"href":"https:\/\/elregionalvm.com.ar\/noticias-villa-maria\/wp-json\/wp\/v2\/categories?post=49411"},{"taxonomy":"post_tag","embeddable":true,"href":"https:\/\/elregionalvm.com.ar\/noticias-villa-maria\/wp-json\/wp\/v2\/tags?post=49411"}],"curies":[{"name":"wp","href":"https:\/\/api.w.org\/{rel}","templated":true}]}}