{"id":49432,"date":"2021-12-10T12:42:59","date_gmt":"2021-12-10T12:42:59","guid":{"rendered":"https:\/\/elregionalvm.com.ar\/noticias-villa-maria\/?p=49432"},"modified":"2021-12-14T04:49:17","modified_gmt":"2021-12-14T04:49:17","slug":"opinion-es-racional-pagar-200-pesos-por-un-dolar-video","status":"publish","type":"post","link":"https:\/\/elregionalvm.com.ar\/noticias-villa-maria\/opinion-es-racional-pagar-200-pesos-por-un-dolar-video\/","title":{"rendered":"[Opini\u00f3n] \u00bfEs racional pagar 200 pesos por un d\u00f3lar? (VIDEO)"},"content":{"rendered":"\n<p><\/p>\n\n\n\n<p><strong>Desde hace varias d\u00e9cadas, Argentina se ha convertido en un pa\u00eds en el que gran parte de sus habitantes, comenta y est\u00e1 pendiente del comportamiento del d\u00f3lar. Esto es consecuencia de que desde hace varias d\u00e9cadas la Argentina sufre una alta y cr\u00f3nica inflaci\u00f3n. El d\u00f3lar es la protecci\u00f3n m\u00e1s a mano que la gente tiene para protegerse de la inflaci\u00f3n.<\/strong><\/p>\n\n\n\n<p><\/p>\n\n\n\n<p><strong>Informe: Idesa<\/strong><\/p>\n\n\n\n<p><\/p>\n\n\n\n<p>Esto significa que mientras hay inflaci\u00f3n, la gente demanda d\u00f3lares, lo que hace subir el precio del d\u00f3lar que, a su vez, causa m\u00e1s inflaci\u00f3n. Se trata de un c\u00edrculo vicioso.<\/p>\n\n\n\n<p>Para bajar la inflaci\u00f3n se necesitan muchas medidas econ\u00f3micas que comienzan por cerrar el d\u00e9ficit fiscal. Hasta tanto se decida tomar estas medidas, es tradici\u00f3n en los distintos gobiernos argentinos querer fijar el precio del d\u00f3lar para frenar el c\u00edrculo vicioso.<\/p>\n\n\n\n<p>El punto es que tratar de fijar el precio del d\u00f3lar no disminuye la demanda de d\u00f3lares. Entonces se forman los tipos de cambio paralelos.<\/p>\n\n\n\n<p><\/p>\n\n\n\n<figure class=\"wp-block-embed is-type-video is-provider-youtube wp-block-embed-youtube wp-embed-aspect-16-9 wp-has-aspect-ratio\"><div class=\"wp-block-embed__wrapper\">\n<iframe title=\"\u00bfEs racional pagar 200 pesos por un d\u00f3lar?\" width=\"500\" height=\"281\" src=\"https:\/\/www.youtube.com\/embed\/bqOV5lqkvRc?feature=oembed\" frameborder=\"0\" allow=\"accelerometer; autoplay; clipboard-write; encrypted-media; gyroscope; picture-in-picture; web-share\" referrerpolicy=\"strict-origin-when-cross-origin\" allowfullscreen><\/iframe>\n<\/div><\/figure>\n\n\n\n<p><\/p>\n\n\n\n<p><strong>Hoy en d\u00eda se oyen en los medios una multiplicidad de cotizaciones distintas. Entre las que se destacan:<\/strong><\/p>\n\n\n\n<ul class=\"wp-block-list\"><li><strong>El d\u00f3lar oficial minorista<\/strong>: es el valor del d\u00f3lar en el sistema bancario o en cualquier casa de cambio que est\u00e1 en 106 pesos. Para comprar este d\u00f3lar hay que tener autorizaci\u00f3n del Banco Central y es muy dif\u00edcil lograrla.<\/li><\/ul>\n\n\n\n<ul class=\"wp-block-list\"><li><strong>El d\u00f3lar oficial mayorista<\/strong>: rige para el pago de exportaciones e importaciones y est\u00e1 en 101 pesos.<\/li><\/ul>\n\n\n\n<ul class=\"wp-block-list\"><li><strong>El d\u00f3lar tarjeta<\/strong> que se usa cuando se viaja al exterior y se paga con tarjeta que equivale al d\u00f3lar oficial m\u00e1s un 30% del Impuesto Pa\u00eds y 35% de retenci\u00f3n de Impuesto a las Ganancias. Estos son los pagos que prohibieron hacerse en cuotas. Su valor es de 175 pesos<\/li><\/ul>\n\n\n\n<ul class=\"wp-block-list\"><li><strong>El d\u00f3lar bolsa o d\u00f3lar MEP<\/strong>: consiste en comprar un bono en pesos y luego venderlo en su versi\u00f3n en d\u00f3lares en el mercado local de valores. Su valor de 200 pesos.<\/li><\/ul>\n\n\n\n<ul class=\"wp-block-list\"><li><strong>El d\u00f3lar Contado con Liqui<\/strong>: es una operaci\u00f3n como el d\u00f3lar bolsa donde se compran t\u00edtulos o acciones en pesos en Argentina, pero luego se venden en el exterior en d\u00f3lares. Estos d\u00f3lares los usan las empresas para transferir d\u00f3lares al exterior porque el Banco Central les niega d\u00f3lares oficiales. Su valor es de 218 pesos.<\/li><\/ul>\n\n\n\n<ul class=\"wp-block-list\"><li>Luego viene el conocido d\u00f3lar blue que es el de los \u201carbolitos\u201d y su precio es de 200 pesos<\/li><\/ul>\n\n\n\n<p><\/p>\n\n\n\n<figure class=\"wp-block-image size-large\"><img data-recalc-dims=\"1\" fetchpriority=\"high\" decoding=\"async\" width=\"1024\" height=\"576\" src=\"https:\/\/i0.wp.com\/elregionalvm.com.ar\/noticias-villa-maria\/wp-content\/uploads\/2021\/05\/Dolar.jpg?resize=1024%2C576&#038;ssl=1\" alt=\"\" class=\"wp-image-37078\" srcset=\"https:\/\/i0.wp.com\/elregionalvm.com.ar\/noticias-villa-maria\/wp-content\/uploads\/2021\/05\/Dolar.jpg?resize=1024%2C576&amp;ssl=1 1024w, https:\/\/i0.wp.com\/elregionalvm.com.ar\/noticias-villa-maria\/wp-content\/uploads\/2021\/05\/Dolar.jpg?resize=300%2C169&amp;ssl=1 300w, https:\/\/i0.wp.com\/elregionalvm.com.ar\/noticias-villa-maria\/wp-content\/uploads\/2021\/05\/Dolar.jpg?resize=768%2C432&amp;ssl=1 768w, https:\/\/i0.wp.com\/elregionalvm.com.ar\/noticias-villa-maria\/wp-content\/uploads\/2021\/05\/Dolar.jpg?w=1200&amp;ssl=1 1200w\" sizes=\"(max-width: 1000px) 100vw, 1000px\" \/><\/figure>\n\n\n\n<p><\/p>\n\n\n\n<p><strong>No hay tantas reservas<\/strong><\/p>\n\n\n\n<p>El presidente del Banco Central se\u00f1al\u00f3 que no le parece racional pagar 200 pesos por el d\u00f3lar. Seguramente que tampoco le parece racional que haya tantas cotizaciones del d\u00f3lar. Si todos, empresas y personas, pudieran comprar d\u00f3lares oficiales a 106 pesos, desaparecer\u00edan todas estas cotizaciones y nadie pagar\u00eda 200 pesos por el d\u00f3lar.<\/p>\n\n\n\n<p>El punto es que el Banco Central no tiene tantas reservas como para venderles a todos a 106 pesos. Por eso es que, a este valor, les vende solo a los importadores.<\/p>\n\n\n\n<p>As\u00ed se vuelve racional que las empresas y la gente busquen alternativas para acceder al d\u00f3lar y all\u00ed es cuando se multiplican los diferentes tipos de cambio y el d\u00f3lar se paga a 200 pesos.<\/p>\n","protected":false},"excerpt":{"rendered":"<p>Desde hace varias d\u00e9cadas, Argentina se ha convertido en un pa\u00eds en el que gran parte de sus habitantes, comenta y est\u00e1 pendiente del comportamiento del d\u00f3lar. Esto es consecuencia de que desde hace varias d\u00e9cadas la Argentina sufre una alta y cr\u00f3nica inflaci\u00f3n. El d\u00f3lar es la protecci\u00f3n m\u00e1s a mano que la gente [&hellip;]<\/p>\n","protected":false},"author":4,"featured_media":45505,"comment_status":"open","ping_status":"open","sticky":false,"template":"","format":"standard","meta":{"site-sidebar-layout":"default","site-content-layout":"default","ast-site-content-layout":"default","site-content-style":"default","site-sidebar-style":"default","ast-global-header-display":"","ast-banner-title-visibility":"","ast-main-header-display":"","ast-hfb-above-header-display":"","ast-hfb-below-header-display":"","ast-hfb-mobile-header-display":"","site-post-title":"","ast-breadcrumbs-content":"","ast-featured-img":"","footer-sml-layout":"","ast-disable-related-posts":"","theme-transparent-header-meta":"default","adv-header-id-meta":"","stick-header-meta":"","header-above-stick-meta":"","header-main-stick-meta":"","header-below-stick-meta":"","astra-migrate-meta-layouts":"default","ast-page-background-enabled":"default","ast-page-background-meta":{"desktop":{"background-color":"","background-image":"","background-repeat":"repeat","background-position":"center center","background-size":"auto","background-attachment":"scroll","background-type":"","background-media":"","overlay-type":"","overlay-color":"","overlay-opacity":"","overlay-gradient":""},"tablet":{"background-color":"","background-image":"","background-repeat":"repeat","background-position":"center center","background-size":"auto","background-attachment":"scroll","background-type":"","background-media":"","overlay-type":"","overlay-color":"","overlay-opacity":"","overlay-gradient":""},"mobile":{"background-color":"","background-image":"","background-repeat":"repeat","background-position":"center center","background-size":"auto","background-attachment":"scroll","background-type":"","background-media":"","overlay-type":"","overlay-color":"","overlay-opacity":"","overlay-gradient":""}},"ast-content-background-meta":{"desktop":{"background-color":"var(--ast-global-color-5)","background-image":"","background-repeat":"repeat","background-position":"center center","background-size":"auto","background-attachment":"scroll","background-type":"","background-media":"","overlay-type":"","overlay-color":"","overlay-opacity":"","overlay-gradient":""},"tablet":{"background-color":"var(--ast-global-color-5)","background-image":"","background-repeat":"repeat","background-position":"center center","background-size":"auto","background-attachment":"scroll","background-type":"","background-media":"","overlay-type":"","overlay-color":"","overlay-opacity":"","overlay-gradient":""},"mobile":{"background-color":"var(--ast-global-color-5)","background-image":"","background-repeat":"repeat","background-position":"center center","background-size":"auto","background-attachment":"scroll","background-type":"","background-media":"","overlay-type":"","overlay-color":"","overlay-opacity":"","overlay-gradient":""}},"_jetpack_memberships_contains_paid_content":false,"_joinchat":[],"footnotes":""},"categories":[365,3557],"tags":[3280,465,903,505,1973,2467],"class_list":["post-49432","post","type-post","status-publish","format-standard","has-post-thumbnail","hentry","category-opinion","category-tercera","tag-banco-central","tag-deficit-fiscal","tag-dolar","tag-economia","tag-idesa","tag-inflacion"],"yoast_head":"<!-- This site is optimized with the Yoast SEO plugin v26.8 - https:\/\/yoast.com\/product\/yoast-seo-wordpress\/ -->\n<title>[Opini\u00f3n] \u00bfEs racional pagar 200 pesos por un d\u00f3lar? (VIDEO) - El Regional<\/title>\n<meta name=\"description\" content=\"El d\u00f3lar es la protecci\u00f3n m\u00e1s a mano que la gente tiene para protegerse de la inflaci\u00f3n. Por eso la alta demanda.\" \/>\n<meta name=\"robots\" content=\"index, follow, max-snippet:-1, max-image-preview:large, max-video-preview:-1\" \/>\n<link rel=\"canonical\" href=\"http:\/\/elregionalvm.com.ar\/noticias-villa-maria\/opinion-es-racional-pagar-200-pesos-por-un-dolar-video\/\" \/>\n<meta property=\"og:locale\" content=\"es_ES\" \/>\n<meta property=\"og:type\" content=\"article\" \/>\n<meta property=\"og:title\" content=\"[Opini\u00f3n] \u00bfEs racional pagar 200 pesos por un d\u00f3lar? (VIDEO) - El Regional\" \/>\n<meta property=\"og:description\" content=\"El d\u00f3lar es la protecci\u00f3n m\u00e1s a mano que la gente tiene para protegerse de la inflaci\u00f3n. Por eso la alta demanda.\" \/>\n<meta property=\"og:url\" content=\"http:\/\/elregionalvm.com.ar\/noticias-villa-maria\/opinion-es-racional-pagar-200-pesos-por-un-dolar-video\/\" \/>\n<meta property=\"og:site_name\" content=\"El Regional\" \/>\n<meta property=\"article:publisher\" content=\"https:\/\/www.facebook.com\/elregionalvm\" \/>\n<meta property=\"article:published_time\" content=\"2021-12-10T12:42:59+00:00\" \/>\n<meta property=\"article:modified_time\" content=\"2021-12-14T04:49:17+00:00\" \/>\n<meta property=\"og:image\" content=\"http:\/\/elregionalvm.com.ar\/noticias-villa-maria\/wp-content\/uploads\/2021\/09\/Dolar-quemado-vertical.jpg\" \/>\n\t<meta property=\"og:image:width\" content=\"500\" \/>\n\t<meta property=\"og:image:height\" content=\"675\" \/>\n\t<meta property=\"og:image:type\" content=\"image\/jpeg\" \/>\n<meta name=\"author\" content=\"Contenidos El Regional\" \/>\n<meta name=\"twitter:card\" content=\"summary_large_image\" \/>\n<meta name=\"twitter:creator\" content=\"@elregionalvm1\" \/>\n<meta name=\"twitter:site\" content=\"@elregionalvm1\" \/>\n<meta name=\"twitter:label1\" content=\"Escrito por\" \/>\n\t<meta name=\"twitter:data1\" content=\"Contenidos El Regional\" \/>\n\t<meta name=\"twitter:label2\" content=\"Tiempo de lectura\" \/>\n\t<meta name=\"twitter:data2\" content=\"3 minutos\" \/>\n<script type=\"application\/ld+json\" class=\"yoast-schema-graph\">{\"@context\":\"https:\/\/schema.org\",\"@graph\":[{\"@type\":\"Article\",\"@id\":\"http:\/\/elregionalvm.com.ar\/noticias-villa-maria\/opinion-es-racional-pagar-200-pesos-por-un-dolar-video\/#article\",\"isPartOf\":{\"@id\":\"http:\/\/elregionalvm.com.ar\/noticias-villa-maria\/opinion-es-racional-pagar-200-pesos-por-un-dolar-video\/\"},\"author\":{\"name\":\"Contenidos El Regional\",\"@id\":\"http:\/\/elregionalvm.com.ar\/noticias-villa-maria\/#\/schema\/person\/a0fb9c422317faca23d50163151bc354\"},\"headline\":\"[Opini\u00f3n] \u00bfEs racional pagar 200 pesos por un d\u00f3lar? (VIDEO)\",\"datePublished\":\"2021-12-10T12:42:59+00:00\",\"dateModified\":\"2021-12-14T04:49:17+00:00\",\"mainEntityOfPage\":{\"@id\":\"http:\/\/elregionalvm.com.ar\/noticias-villa-maria\/opinion-es-racional-pagar-200-pesos-por-un-dolar-video\/\"},\"wordCount\":578,\"commentCount\":0,\"image\":{\"@id\":\"http:\/\/elregionalvm.com.ar\/noticias-villa-maria\/opinion-es-racional-pagar-200-pesos-por-un-dolar-video\/#primaryimage\"},\"thumbnailUrl\":\"https:\/\/i0.wp.com\/elregionalvm.com.ar\/noticias-villa-maria\/wp-content\/uploads\/2021\/09\/Dolar-quemado-vertical.jpg?fit=500%2C675&ssl=1\",\"keywords\":[\"Banco Central\",\"d\u00e9ficit fiscal\",\"dolar\",\"Econom\u00eda\",\"IDESA\",\"Inflaci\u00f3n\"],\"articleSection\":[\"Opini\u00f3n\",\"tercera\"],\"inLanguage\":\"es\",\"potentialAction\":[{\"@type\":\"CommentAction\",\"name\":\"Comment\",\"target\":[\"http:\/\/elregionalvm.com.ar\/noticias-villa-maria\/opinion-es-racional-pagar-200-pesos-por-un-dolar-video\/#respond\"]}]},{\"@type\":\"WebPage\",\"@id\":\"http:\/\/elregionalvm.com.ar\/noticias-villa-maria\/opinion-es-racional-pagar-200-pesos-por-un-dolar-video\/\",\"url\":\"http:\/\/elregionalvm.com.ar\/noticias-villa-maria\/opinion-es-racional-pagar-200-pesos-por-un-dolar-video\/\",\"name\":\"[Opini\u00f3n] \u00bfEs racional pagar 200 pesos por un d\u00f3lar? (VIDEO) - El Regional\",\"isPartOf\":{\"@id\":\"http:\/\/elregionalvm.com.ar\/noticias-villa-maria\/#website\"},\"primaryImageOfPage\":{\"@id\":\"http:\/\/elregionalvm.com.ar\/noticias-villa-maria\/opinion-es-racional-pagar-200-pesos-por-un-dolar-video\/#primaryimage\"},\"image\":{\"@id\":\"http:\/\/elregionalvm.com.ar\/noticias-villa-maria\/opinion-es-racional-pagar-200-pesos-por-un-dolar-video\/#primaryimage\"},\"thumbnailUrl\":\"https:\/\/i0.wp.com\/elregionalvm.com.ar\/noticias-villa-maria\/wp-content\/uploads\/2021\/09\/Dolar-quemado-vertical.jpg?fit=500%2C675&ssl=1\",\"datePublished\":\"2021-12-10T12:42:59+00:00\",\"dateModified\":\"2021-12-14T04:49:17+00:00\",\"author\":{\"@id\":\"http:\/\/elregionalvm.com.ar\/noticias-villa-maria\/#\/schema\/person\/a0fb9c422317faca23d50163151bc354\"},\"description\":\"El d\u00f3lar es la protecci\u00f3n m\u00e1s a mano que la gente tiene para protegerse de la inflaci\u00f3n. Por eso la alta demanda.\",\"breadcrumb\":{\"@id\":\"http:\/\/elregionalvm.com.ar\/noticias-villa-maria\/opinion-es-racional-pagar-200-pesos-por-un-dolar-video\/#breadcrumb\"},\"inLanguage\":\"es\",\"potentialAction\":[{\"@type\":\"ReadAction\",\"target\":[\"http:\/\/elregionalvm.com.ar\/noticias-villa-maria\/opinion-es-racional-pagar-200-pesos-por-un-dolar-video\/\"]}]},{\"@type\":\"ImageObject\",\"inLanguage\":\"es\",\"@id\":\"http:\/\/elregionalvm.com.ar\/noticias-villa-maria\/opinion-es-racional-pagar-200-pesos-por-un-dolar-video\/#primaryimage\",\"url\":\"https:\/\/i0.wp.com\/elregionalvm.com.ar\/noticias-villa-maria\/wp-content\/uploads\/2021\/09\/Dolar-quemado-vertical.jpg?fit=500%2C675&ssl=1\",\"contentUrl\":\"https:\/\/i0.wp.com\/elregionalvm.com.ar\/noticias-villa-maria\/wp-content\/uploads\/2021\/09\/Dolar-quemado-vertical.jpg?fit=500%2C675&ssl=1\",\"width\":500,\"height\":675},{\"@type\":\"BreadcrumbList\",\"@id\":\"http:\/\/elregionalvm.com.ar\/noticias-villa-maria\/opinion-es-racional-pagar-200-pesos-por-un-dolar-video\/#breadcrumb\",\"itemListElement\":[{\"@type\":\"ListItem\",\"position\":1,\"name\":\"Portada\",\"item\":\"https:\/\/elregionalvm.com.ar\/noticias-villa-maria\/\"},{\"@type\":\"ListItem\",\"position\":2,\"name\":\"[Opini\u00f3n] \u00bfEs racional pagar 200 pesos por un d\u00f3lar? (VIDEO)\"}]},{\"@type\":\"WebSite\",\"@id\":\"http:\/\/elregionalvm.com.ar\/noticias-villa-maria\/#website\",\"url\":\"http:\/\/elregionalvm.com.ar\/noticias-villa-maria\/\",\"name\":\"El Regional\",\"description\":\"Mucho m\u00e1s que informaci\u00f3n\",\"potentialAction\":[{\"@type\":\"SearchAction\",\"target\":{\"@type\":\"EntryPoint\",\"urlTemplate\":\"http:\/\/elregionalvm.com.ar\/noticias-villa-maria\/?s={search_term_string}\"},\"query-input\":{\"@type\":\"PropertyValueSpecification\",\"valueRequired\":true,\"valueName\":\"search_term_string\"}}],\"inLanguage\":\"es\"},{\"@type\":\"Person\",\"@id\":\"http:\/\/elregionalvm.com.ar\/noticias-villa-maria\/#\/schema\/person\/a0fb9c422317faca23d50163151bc354\",\"name\":\"Contenidos El Regional\",\"image\":{\"@type\":\"ImageObject\",\"inLanguage\":\"es\",\"@id\":\"http:\/\/elregionalvm.com.ar\/noticias-villa-maria\/#\/schema\/person\/image\/\",\"url\":\"https:\/\/secure.gravatar.com\/avatar\/265b27cb2209af7bb3a1318f03305787d7981a5cc6e6cd08fe5a4ecdf99d4b48?s=96&d=mm&r=g\",\"contentUrl\":\"https:\/\/secure.gravatar.com\/avatar\/265b27cb2209af7bb3a1318f03305787d7981a5cc6e6cd08fe5a4ecdf99d4b48?s=96&d=mm&r=g\",\"caption\":\"Contenidos El Regional\"},\"url\":\"https:\/\/elregionalvm.com.ar\/noticias-villa-maria\/author\/contenido\/\"}]}<\/script>\n<!-- \/ Yoast SEO plugin. -->","yoast_head_json":{"title":"[Opini\u00f3n] \u00bfEs racional pagar 200 pesos por un d\u00f3lar? (VIDEO) - El Regional","description":"El d\u00f3lar es la protecci\u00f3n m\u00e1s a mano que la gente tiene para protegerse de la inflaci\u00f3n. Por eso la alta demanda.","robots":{"index":"index","follow":"follow","max-snippet":"max-snippet:-1","max-image-preview":"max-image-preview:large","max-video-preview":"max-video-preview:-1"},"canonical":"http:\/\/elregionalvm.com.ar\/noticias-villa-maria\/opinion-es-racional-pagar-200-pesos-por-un-dolar-video\/","og_locale":"es_ES","og_type":"article","og_title":"[Opini\u00f3n] \u00bfEs racional pagar 200 pesos por un d\u00f3lar? (VIDEO) - El Regional","og_description":"El d\u00f3lar es la protecci\u00f3n m\u00e1s a mano que la gente tiene para protegerse de la inflaci\u00f3n. Por eso la alta demanda.","og_url":"http:\/\/elregionalvm.com.ar\/noticias-villa-maria\/opinion-es-racional-pagar-200-pesos-por-un-dolar-video\/","og_site_name":"El Regional","article_publisher":"https:\/\/www.facebook.com\/elregionalvm","article_published_time":"2021-12-10T12:42:59+00:00","article_modified_time":"2021-12-14T04:49:17+00:00","og_image":[{"width":500,"height":675,"url":"http:\/\/elregionalvm.com.ar\/noticias-villa-maria\/wp-content\/uploads\/2021\/09\/Dolar-quemado-vertical.jpg","type":"image\/jpeg"}],"author":"Contenidos El Regional","twitter_card":"summary_large_image","twitter_creator":"@elregionalvm1","twitter_site":"@elregionalvm1","twitter_misc":{"Escrito por":"Contenidos El Regional","Tiempo de lectura":"3 minutos"},"schema":{"@context":"https:\/\/schema.org","@graph":[{"@type":"Article","@id":"http:\/\/elregionalvm.com.ar\/noticias-villa-maria\/opinion-es-racional-pagar-200-pesos-por-un-dolar-video\/#article","isPartOf":{"@id":"http:\/\/elregionalvm.com.ar\/noticias-villa-maria\/opinion-es-racional-pagar-200-pesos-por-un-dolar-video\/"},"author":{"name":"Contenidos El Regional","@id":"http:\/\/elregionalvm.com.ar\/noticias-villa-maria\/#\/schema\/person\/a0fb9c422317faca23d50163151bc354"},"headline":"[Opini\u00f3n] \u00bfEs racional pagar 200 pesos por un d\u00f3lar? (VIDEO)","datePublished":"2021-12-10T12:42:59+00:00","dateModified":"2021-12-14T04:49:17+00:00","mainEntityOfPage":{"@id":"http:\/\/elregionalvm.com.ar\/noticias-villa-maria\/opinion-es-racional-pagar-200-pesos-por-un-dolar-video\/"},"wordCount":578,"commentCount":0,"image":{"@id":"http:\/\/elregionalvm.com.ar\/noticias-villa-maria\/opinion-es-racional-pagar-200-pesos-por-un-dolar-video\/#primaryimage"},"thumbnailUrl":"https:\/\/i0.wp.com\/elregionalvm.com.ar\/noticias-villa-maria\/wp-content\/uploads\/2021\/09\/Dolar-quemado-vertical.jpg?fit=500%2C675&ssl=1","keywords":["Banco Central","d\u00e9ficit fiscal","dolar","Econom\u00eda","IDESA","Inflaci\u00f3n"],"articleSection":["Opini\u00f3n","tercera"],"inLanguage":"es","potentialAction":[{"@type":"CommentAction","name":"Comment","target":["http:\/\/elregionalvm.com.ar\/noticias-villa-maria\/opinion-es-racional-pagar-200-pesos-por-un-dolar-video\/#respond"]}]},{"@type":"WebPage","@id":"http:\/\/elregionalvm.com.ar\/noticias-villa-maria\/opinion-es-racional-pagar-200-pesos-por-un-dolar-video\/","url":"http:\/\/elregionalvm.com.ar\/noticias-villa-maria\/opinion-es-racional-pagar-200-pesos-por-un-dolar-video\/","name":"[Opini\u00f3n] \u00bfEs racional pagar 200 pesos por un d\u00f3lar? (VIDEO) - El Regional","isPartOf":{"@id":"http:\/\/elregionalvm.com.ar\/noticias-villa-maria\/#website"},"primaryImageOfPage":{"@id":"http:\/\/elregionalvm.com.ar\/noticias-villa-maria\/opinion-es-racional-pagar-200-pesos-por-un-dolar-video\/#primaryimage"},"image":{"@id":"http:\/\/elregionalvm.com.ar\/noticias-villa-maria\/opinion-es-racional-pagar-200-pesos-por-un-dolar-video\/#primaryimage"},"thumbnailUrl":"https:\/\/i0.wp.com\/elregionalvm.com.ar\/noticias-villa-maria\/wp-content\/uploads\/2021\/09\/Dolar-quemado-vertical.jpg?fit=500%2C675&ssl=1","datePublished":"2021-12-10T12:42:59+00:00","dateModified":"2021-12-14T04:49:17+00:00","author":{"@id":"http:\/\/elregionalvm.com.ar\/noticias-villa-maria\/#\/schema\/person\/a0fb9c422317faca23d50163151bc354"},"description":"El d\u00f3lar es la protecci\u00f3n m\u00e1s a mano que la gente tiene para protegerse de la inflaci\u00f3n. Por eso la alta demanda.","breadcrumb":{"@id":"http:\/\/elregionalvm.com.ar\/noticias-villa-maria\/opinion-es-racional-pagar-200-pesos-por-un-dolar-video\/#breadcrumb"},"inLanguage":"es","potentialAction":[{"@type":"ReadAction","target":["http:\/\/elregionalvm.com.ar\/noticias-villa-maria\/opinion-es-racional-pagar-200-pesos-por-un-dolar-video\/"]}]},{"@type":"ImageObject","inLanguage":"es","@id":"http:\/\/elregionalvm.com.ar\/noticias-villa-maria\/opinion-es-racional-pagar-200-pesos-por-un-dolar-video\/#primaryimage","url":"https:\/\/i0.wp.com\/elregionalvm.com.ar\/noticias-villa-maria\/wp-content\/uploads\/2021\/09\/Dolar-quemado-vertical.jpg?fit=500%2C675&ssl=1","contentUrl":"https:\/\/i0.wp.com\/elregionalvm.com.ar\/noticias-villa-maria\/wp-content\/uploads\/2021\/09\/Dolar-quemado-vertical.jpg?fit=500%2C675&ssl=1","width":500,"height":675},{"@type":"BreadcrumbList","@id":"http:\/\/elregionalvm.com.ar\/noticias-villa-maria\/opinion-es-racional-pagar-200-pesos-por-un-dolar-video\/#breadcrumb","itemListElement":[{"@type":"ListItem","position":1,"name":"Portada","item":"https:\/\/elregionalvm.com.ar\/noticias-villa-maria\/"},{"@type":"ListItem","position":2,"name":"[Opini\u00f3n] \u00bfEs racional pagar 200 pesos por un d\u00f3lar? (VIDEO)"}]},{"@type":"WebSite","@id":"http:\/\/elregionalvm.com.ar\/noticias-villa-maria\/#website","url":"http:\/\/elregionalvm.com.ar\/noticias-villa-maria\/","name":"El Regional","description":"Mucho m\u00e1s que informaci\u00f3n","potentialAction":[{"@type":"SearchAction","target":{"@type":"EntryPoint","urlTemplate":"http:\/\/elregionalvm.com.ar\/noticias-villa-maria\/?s={search_term_string}"},"query-input":{"@type":"PropertyValueSpecification","valueRequired":true,"valueName":"search_term_string"}}],"inLanguage":"es"},{"@type":"Person","@id":"http:\/\/elregionalvm.com.ar\/noticias-villa-maria\/#\/schema\/person\/a0fb9c422317faca23d50163151bc354","name":"Contenidos El Regional","image":{"@type":"ImageObject","inLanguage":"es","@id":"http:\/\/elregionalvm.com.ar\/noticias-villa-maria\/#\/schema\/person\/image\/","url":"https:\/\/secure.gravatar.com\/avatar\/265b27cb2209af7bb3a1318f03305787d7981a5cc6e6cd08fe5a4ecdf99d4b48?s=96&d=mm&r=g","contentUrl":"https:\/\/secure.gravatar.com\/avatar\/265b27cb2209af7bb3a1318f03305787d7981a5cc6e6cd08fe5a4ecdf99d4b48?s=96&d=mm&r=g","caption":"Contenidos El Regional"},"url":"https:\/\/elregionalvm.com.ar\/noticias-villa-maria\/author\/contenido\/"}]}},"jetpack_featured_media_url":"https:\/\/i0.wp.com\/elregionalvm.com.ar\/noticias-villa-maria\/wp-content\/uploads\/2021\/09\/Dolar-quemado-vertical.jpg?fit=500%2C675&ssl=1","jetpack_sharing_enabled":true,"_links":{"self":[{"href":"https:\/\/elregionalvm.com.ar\/noticias-villa-maria\/wp-json\/wp\/v2\/posts\/49432","targetHints":{"allow":["GET"]}}],"collection":[{"href":"https:\/\/elregionalvm.com.ar\/noticias-villa-maria\/wp-json\/wp\/v2\/posts"}],"about":[{"href":"https:\/\/elregionalvm.com.ar\/noticias-villa-maria\/wp-json\/wp\/v2\/types\/post"}],"author":[{"embeddable":true,"href":"https:\/\/elregionalvm.com.ar\/noticias-villa-maria\/wp-json\/wp\/v2\/users\/4"}],"replies":[{"embeddable":true,"href":"https:\/\/elregionalvm.com.ar\/noticias-villa-maria\/wp-json\/wp\/v2\/comments?post=49432"}],"version-history":[{"count":2,"href":"https:\/\/elregionalvm.com.ar\/noticias-villa-maria\/wp-json\/wp\/v2\/posts\/49432\/revisions"}],"predecessor-version":[{"id":49434,"href":"https:\/\/elregionalvm.com.ar\/noticias-villa-maria\/wp-json\/wp\/v2\/posts\/49432\/revisions\/49434"}],"wp:featuredmedia":[{"embeddable":true,"href":"https:\/\/elregionalvm.com.ar\/noticias-villa-maria\/wp-json\/wp\/v2\/media\/45505"}],"wp:attachment":[{"href":"https:\/\/elregionalvm.com.ar\/noticias-villa-maria\/wp-json\/wp\/v2\/media?parent=49432"}],"wp:term":[{"taxonomy":"category","embeddable":true,"href":"https:\/\/elregionalvm.com.ar\/noticias-villa-maria\/wp-json\/wp\/v2\/categories?post=49432"},{"taxonomy":"post_tag","embeddable":true,"href":"https:\/\/elregionalvm.com.ar\/noticias-villa-maria\/wp-json\/wp\/v2\/tags?post=49432"}],"curies":[{"name":"wp","href":"https:\/\/api.w.org\/{rel}","templated":true}]}}