{"id":49464,"date":"2021-12-11T16:31:13","date_gmt":"2021-12-11T16:31:13","guid":{"rendered":"https:\/\/elregionalvm.com.ar\/noticias-villa-maria\/?p=49464"},"modified":"2021-12-13T17:45:39","modified_gmt":"2021-12-13T17:45:39","slug":"musica-e-historia-zamba-de-mi-esperanza-la-cancion-eterna-videos","status":"publish","type":"post","link":"https:\/\/elregionalvm.com.ar\/noticias-villa-maria\/musica-e-historia-zamba-de-mi-esperanza-la-cancion-eterna-videos\/","title":{"rendered":"[M\u00fasica e Historia] \u201cZamba de mi Esperanza\u201d, la canci\u00f3n eterna (VIDEOS)"},"content":{"rendered":"\n<p><\/p>\n\n\n\n<h3 class=\"wp-block-heading\"><strong><em>\u201c\u2026deja que quiera como yo s\u00e9\u201d<\/em><\/strong><\/h3>\n\n\n\n<p><\/p>\n\n\n\n<p><strong>Escribe: Leo Mu\u00f1oz<\/strong><\/p>\n\n\n\n<p><\/p>\n\n\n\n<p><strong>De mi Esperanza<\/strong><\/p>\n\n\n\n<p>\u201cDe mi Esperanza\u201d es el nombre de la zamba que creara y registrara Luis H. Profili (1906-1975), quien us\u00f3 el seud\u00f3nimo Luis H. Morales al escribirla.<\/p>\n\n\n\n<p>En \u201c\u00bfC\u00f3mo hice?\u201d, Mar\u00eda Elena Gavosto, nieta del autor, afirma que su abuelo no sab\u00eda m\u00fasica, sin embargo, la amaba, sol\u00eda acompa\u00f1ar con bombo las guitarreadas de amigos. Si bien registr\u00f3 la zamba en 1964, la hab\u00eda creado en 1950, esto ocurri\u00f3 ya que debi\u00f3 aprender algo de este arte y rendir en SADAIC para poder ponerla a su nombre.<\/p>\n\n\n\n<p>F\u00e9lix D. Palorma, folklorista mendocino, de los mismos pagos de Profili, ayud\u00f3 para dar toques finales a la obra, pero no acept\u00f3 el generoso ofrecimiento de compartir autor\u00eda, tampoco regal\u00edas, ni siquiera algunas hect\u00e1reas de vi\u00f1as de Profili, agradecido por su colaboraci\u00f3n.<\/p>\n\n\n\n<p><\/p>\n\n\n\n<figure class=\"wp-block-gallery columns-1 is-cropped wp-block-gallery-1 is-layout-flex wp-block-gallery-is-layout-flex\"><ul class=\"blocks-gallery-grid\"><li class=\"blocks-gallery-item\"><figure><img data-recalc-dims=\"1\" fetchpriority=\"high\" decoding=\"async\" width=\"265\" height=\"190\" src=\"https:\/\/i0.wp.com\/elregionalvm.com.ar\/noticias-villa-maria\/wp-content\/uploads\/2021\/12\/Chalchas-Cafrune-J-Davalos.jpg?resize=265%2C190&#038;ssl=1\" alt=\"\" data-id=\"49467\" data-full-url=\"https:\/\/elregionalvm.com.ar\/noticias-villa-maria\/wp-content\/uploads\/2021\/12\/Chalchas-Cafrune-J-Davalos.jpg\" data-link=\"https:\/\/elregionalvm.com.ar\/noticias-villa-maria\/?attachment_id=49467\" class=\"wp-image-49467\"\/><\/figure><\/li><\/ul><figcaption class=\"blocks-gallery-caption\"><em>Los Chalchaleros y Jorge Cafrune, int\u00e9rpretes de la zamba, junto con Jaime D\u00e1valos. <\/em><\/figcaption><\/figure>\n\n\n\n<p><\/p>\n\n\n\n<p><strong>Llegando a Cuyo<\/strong><\/p>\n\n\n\n<p>El folklorista Ra\u00fal Mercado afirma que en la partitura original de la cueca \u201cLlegando a Cuyo\u201d de Palorma, figuraba la dedicatoria a Luis H. Morales (Luis H. Profili), \u201cquien hizo sentirme due\u00f1o de unas hileritas de las coplas, con personal afecto y gratitud\u201d.<\/p>\n\n\n\n<p>La misma cueca dice en sus versos \u201cv\u00e9ngase a Cuyo compadre, que es tierra de miel purita, c\u00f3mo he resuelto quedarme, ya tengo unas hileritas\u201d, en memoria de la oferta de Profili.<\/p>\n\n\n\n<p><\/p>\n\n\n\n<p><\/p>\n\n\n\n<figure class=\"wp-block-image size-full\"><img data-recalc-dims=\"1\" decoding=\"async\" width=\"487\" height=\"637\" src=\"https:\/\/i0.wp.com\/elregionalvm.com.ar\/noticias-villa-maria\/wp-content\/uploads\/2021\/12\/Profili-2.jpg?resize=487%2C637&#038;ssl=1\" alt=\"\" class=\"wp-image-49471\" srcset=\"https:\/\/i0.wp.com\/elregionalvm.com.ar\/noticias-villa-maria\/wp-content\/uploads\/2021\/12\/Profili-2.jpg?w=487&amp;ssl=1 487w, https:\/\/i0.wp.com\/elregionalvm.com.ar\/noticias-villa-maria\/wp-content\/uploads\/2021\/12\/Profili-2.jpg?resize=229%2C300&amp;ssl=1 229w\" sizes=\"(max-width: 487px) 100vw, 487px\" \/><figcaption> <em> Luis H. Profili (1906-1975) us\u00f3 el seud\u00f3nimo Luis H. Morales al escribir la zamba. <\/em><\/figcaption><\/figure>\n\n\n\n<p><\/p>\n\n\n\n<p><\/p>\n\n\n\n<p>Indudablemente la versi\u00f3n de Jorge Cafrune es la m\u00e1s conocida, quien la grab\u00f3 en 1964, al a\u00f1o siguiente la grabaron \u201cLos Chalchaleros\u201d. Numerosos artistas la incluyeron en distintas obras musicales y grabaciones.<\/p>\n\n\n\n<p><\/p>\n\n\n\n<figure class=\"wp-block-embed is-type-video is-provider-youtube wp-block-embed-youtube wp-embed-aspect-4-3 wp-has-aspect-ratio\"><div class=\"wp-block-embed__wrapper\">\n<iframe title=\"Jorge Cafrune - Zamba de mi esperanza - Argentinisima I\" width=\"500\" height=\"375\" src=\"https:\/\/www.youtube.com\/embed\/eP1kaJexkgI?feature=oembed\" frameborder=\"0\" allow=\"accelerometer; autoplay; clipboard-write; encrypted-media; gyroscope; picture-in-picture; web-share\" referrerpolicy=\"strict-origin-when-cross-origin\" allowfullscreen><\/iframe>\n<\/div><\/figure>\n\n\n\n<p><strong>Monumento Musical<\/strong><\/p>\n\n\n\n<p>Muchos coinciden, nadie discute, que esta zamba es la m\u00e1s popular de la Argentina, generalmente la primera que se aprende al iniciar el aprendizaje de guitarra, con apenas tres o cuatro acordes, para ingresar al folklore.<\/p>\n\n\n\n<p>Su reconocimiento supera largamente las fronteras de nuestro pa\u00eds, cantada en varias lenguas y llevada por muchos argentinos a rec\u00f3nditos lugares, con su melodioso fraseo.<\/p>\n\n\n\n<p>La letra discurre con el sentimiento del autor mientras la crea, enamor\u00e1ndose de su poes\u00eda y m\u00fasica, porque sin su canto no vive m\u00e1s.<\/p>\n\n\n\n<p><\/p>\n\n\n\n<figure class=\"wp-block-embed is-type-video is-provider-youtube wp-block-embed-youtube wp-embed-aspect-4-3 wp-has-aspect-ratio\"><div class=\"wp-block-embed__wrapper\">\n<iframe title=\"Zamba de Mi Esperanza\" width=\"500\" height=\"375\" src=\"https:\/\/www.youtube.com\/embed\/HctlxXV_f5o?feature=oembed\" frameborder=\"0\" allow=\"accelerometer; autoplay; clipboard-write; encrypted-media; gyroscope; picture-in-picture; web-share\" referrerpolicy=\"strict-origin-when-cross-origin\" allowfullscreen><\/iframe>\n<\/div><\/figure>\n\n\n\n<p><\/p>\n\n\n\n<p><strong>\u201cZamba de mi Esperanza\u201d (Luis Profili)<\/strong><\/p>\n\n\n\n<p>Zamba de mi esperanza<br>amanecida como un querer<br>sue\u00f1o, sue\u00f1o del alma<br>que a veces muere sin florecer.<\/p>\n\n\n\n<p>Zamba, a ti te canto<br>porque tu canto derrama amor<br>caricia de tu pa\u00f1uelo<br>que va envolviendo mi coraz\u00f3n.<\/p>\n\n\n\n<p>Estrella, t\u00fa que miraste<br>t\u00fa que escuchaste mi padecer<br>estrella, deja que cante<br>deja que quiera como yo s\u00e9.<br><br><\/p>\n\n\n\n<p>El tiempo que va pasando<br>como la vida no vuelve m\u00e1s<br>el tiempo me va matando<br>y tu cari\u00f1o se ir\u00e1, se ir\u00e1.<\/p>\n\n\n\n<p>Hundido en horizontes<br>soy polvareda que al viento va<br>zamba, ya no me dejes<br>yo sin tu canto no vivo m\u00e1s.<\/p>\n\n\n\n<p>Estrella, t\u00fa que miraste<br>t\u00fa que escuchaste mi parecer<br>estrella, deja que cante<br>deja que quiera como yo s\u00e9.<br><\/p>\n\n\n\n<p><br><\/p>\n\n\n\n<p><strong><em>Fuente principal del art\u00edculo: quepasasalta.com.ar<\/em><\/strong><\/p>\n","protected":false},"excerpt":{"rendered":"<p>\u201c\u2026deja que quiera como yo s\u00e9\u201d Escribe: Leo Mu\u00f1oz De mi Esperanza \u201cDe mi Esperanza\u201d es el nombre de la zamba que creara y registrara Luis H. Profili (1906-1975), quien us\u00f3 el seud\u00f3nimo Luis H. Morales al escribirla. En \u201c\u00bfC\u00f3mo hice?\u201d, Mar\u00eda Elena Gavosto, nieta del autor, afirma que su abuelo no sab\u00eda m\u00fasica, sin [&hellip;]<\/p>\n","protected":false},"author":4,"featured_media":49473,"comment_status":"open","ping_status":"open","sticky":false,"template":"","format":"standard","meta":{"site-sidebar-layout":"default","site-content-layout":"default","ast-site-content-layout":"default","site-content-style":"default","site-sidebar-style":"default","ast-global-header-display":"","ast-banner-title-visibility":"","ast-main-header-display":"","ast-hfb-above-header-display":"","ast-hfb-below-header-display":"","ast-hfb-mobile-header-display":"","site-post-title":"","ast-breadcrumbs-content":"","ast-featured-img":"","footer-sml-layout":"","ast-disable-related-posts":"","theme-transparent-header-meta":"default","adv-header-id-meta":"","stick-header-meta":"","header-above-stick-meta":"","header-main-stick-meta":"","header-below-stick-meta":"","astra-migrate-meta-layouts":"default","ast-page-background-enabled":"default","ast-page-background-meta":{"desktop":{"background-color":"","background-image":"","background-repeat":"repeat","background-position":"center center","background-size":"auto","background-attachment":"scroll","background-type":"","background-media":"","overlay-type":"","overlay-color":"","overlay-opacity":"","overlay-gradient":""},"tablet":{"background-color":"","background-image":"","background-repeat":"repeat","background-position":"center center","background-size":"auto","background-attachment":"scroll","background-type":"","background-media":"","overlay-type":"","overlay-color":"","overlay-opacity":"","overlay-gradient":""},"mobile":{"background-color":"","background-image":"","background-repeat":"repeat","background-position":"center center","background-size":"auto","background-attachment":"scroll","background-type":"","background-media":"","overlay-type":"","overlay-color":"","overlay-opacity":"","overlay-gradient":""}},"ast-content-background-meta":{"desktop":{"background-color":"var(--ast-global-color-5)","background-image":"","background-repeat":"repeat","background-position":"center center","background-size":"auto","background-attachment":"scroll","background-type":"","background-media":"","overlay-type":"","overlay-color":"","overlay-opacity":"","overlay-gradient":""},"tablet":{"background-color":"var(--ast-global-color-5)","background-image":"","background-repeat":"repeat","background-position":"center center","background-size":"auto","background-attachment":"scroll","background-type":"","background-media":"","overlay-type":"","overlay-color":"","overlay-opacity":"","overlay-gradient":""},"mobile":{"background-color":"var(--ast-global-color-5)","background-image":"","background-repeat":"repeat","background-position":"center center","background-size":"auto","background-attachment":"scroll","background-type":"","background-media":"","overlay-type":"","overlay-color":"","overlay-opacity":"","overlay-gradient":""}},"_jetpack_memberships_contains_paid_content":false,"_joinchat":[],"footnotes":""},"categories":[2098,3557,2074],"tags":[3172,12749,3174,6225,1940,3220,12748,2244,12747],"class_list":["post-49464","post","type-post","status-publish","format-standard","has-post-thumbnail","hentry","category-historias","category-tercera","category-videos","tag-cancion","tag-clasicos","tag-folklore","tag-jorge-cafrune","tag-leo-munoz","tag-los-chalchaleros","tag-luis-profili","tag-musica-e-historia","tag-zamba-de-mi-esperanza"],"yoast_head":"<!-- This site is optimized with the Yoast SEO plugin v26.8 - https:\/\/yoast.com\/product\/yoast-seo-wordpress\/ -->\n<title>[M\u00fasica e Historia] \u201cZamba de mi Esperanza\u201d, la canci\u00f3n eterna (VIDEOS) - El Regional<\/title>\n<meta name=\"description\" content=\"Muchos coinciden con que esta zamba es la m\u00e1s popular en Argentina, generalmente la primera que se aprende al iniciarnos en la guitarra.\" \/>\n<meta name=\"robots\" content=\"index, follow, max-snippet:-1, max-image-preview:large, max-video-preview:-1\" \/>\n<link rel=\"canonical\" href=\"http:\/\/elregionalvm.com.ar\/noticias-villa-maria\/musica-e-historia-zamba-de-mi-esperanza-la-cancion-eterna-videos\/\" \/>\n<meta property=\"og:locale\" content=\"es_ES\" \/>\n<meta property=\"og:type\" content=\"article\" \/>\n<meta property=\"og:title\" content=\"[M\u00fasica e Historia] \u201cZamba de mi Esperanza\u201d, la canci\u00f3n eterna (VIDEOS) - El Regional\" \/>\n<meta property=\"og:description\" content=\"Muchos coinciden con que esta zamba es la m\u00e1s popular en Argentina, generalmente la primera que se aprende al iniciarnos en la guitarra.\" \/>\n<meta property=\"og:url\" content=\"http:\/\/elregionalvm.com.ar\/noticias-villa-maria\/musica-e-historia-zamba-de-mi-esperanza-la-cancion-eterna-videos\/\" \/>\n<meta property=\"og:site_name\" content=\"El Regional\" \/>\n<meta property=\"article:publisher\" content=\"https:\/\/www.facebook.com\/elregionalvm\" \/>\n<meta property=\"article:published_time\" content=\"2021-12-11T16:31:13+00:00\" \/>\n<meta property=\"article:modified_time\" content=\"2021-12-13T17:45:39+00:00\" \/>\n<meta property=\"og:image\" content=\"http:\/\/elregionalvm.com.ar\/noticias-villa-maria\/wp-content\/uploads\/2021\/12\/Atardecer.jpg\" \/>\n\t<meta property=\"og:image:width\" content=\"1200\" \/>\n\t<meta property=\"og:image:height\" content=\"789\" \/>\n\t<meta property=\"og:image:type\" content=\"image\/jpeg\" \/>\n<meta name=\"author\" content=\"Contenidos El Regional\" \/>\n<meta name=\"twitter:card\" content=\"summary_large_image\" \/>\n<meta name=\"twitter:creator\" content=\"@elregionalvm1\" \/>\n<meta name=\"twitter:site\" content=\"@elregionalvm1\" \/>\n<meta name=\"twitter:label1\" content=\"Escrito por\" \/>\n\t<meta name=\"twitter:data1\" content=\"Contenidos El Regional\" \/>\n\t<meta name=\"twitter:label2\" content=\"Tiempo de lectura\" \/>\n\t<meta name=\"twitter:data2\" content=\"3 minutos\" \/>\n<script type=\"application\/ld+json\" class=\"yoast-schema-graph\">{\"@context\":\"https:\/\/schema.org\",\"@graph\":[{\"@type\":\"Article\",\"@id\":\"http:\/\/elregionalvm.com.ar\/noticias-villa-maria\/musica-e-historia-zamba-de-mi-esperanza-la-cancion-eterna-videos\/#article\",\"isPartOf\":{\"@id\":\"http:\/\/elregionalvm.com.ar\/noticias-villa-maria\/musica-e-historia-zamba-de-mi-esperanza-la-cancion-eterna-videos\/\"},\"author\":{\"name\":\"Contenidos El Regional\",\"@id\":\"http:\/\/elregionalvm.com.ar\/noticias-villa-maria\/#\/schema\/person\/a0fb9c422317faca23d50163151bc354\"},\"headline\":\"[M\u00fasica e Historia] \u201cZamba de mi Esperanza\u201d, la canci\u00f3n eterna (VIDEOS)\",\"datePublished\":\"2021-12-11T16:31:13+00:00\",\"dateModified\":\"2021-12-13T17:45:39+00:00\",\"mainEntityOfPage\":{\"@id\":\"http:\/\/elregionalvm.com.ar\/noticias-villa-maria\/musica-e-historia-zamba-de-mi-esperanza-la-cancion-eterna-videos\/\"},\"wordCount\":545,\"commentCount\":0,\"image\":{\"@id\":\"http:\/\/elregionalvm.com.ar\/noticias-villa-maria\/musica-e-historia-zamba-de-mi-esperanza-la-cancion-eterna-videos\/#primaryimage\"},\"thumbnailUrl\":\"https:\/\/i0.wp.com\/elregionalvm.com.ar\/noticias-villa-maria\/wp-content\/uploads\/2021\/12\/Atardecer.jpg?fit=1200%2C789&ssl=1\",\"keywords\":[\"canci\u00f3n\",\"cl\u00e1sicos\",\"Folklore\",\"Jorge Cafrune\",\"leo mu\u00f1oz\",\"Los Chalchaleros\",\"Luis Profili\",\"M\u00fasica e Historia\",\"zamba de mi esperanza\"],\"articleSection\":[\"Historias\",\"tercera\",\"Videos\"],\"inLanguage\":\"es\",\"potentialAction\":[{\"@type\":\"CommentAction\",\"name\":\"Comment\",\"target\":[\"http:\/\/elregionalvm.com.ar\/noticias-villa-maria\/musica-e-historia-zamba-de-mi-esperanza-la-cancion-eterna-videos\/#respond\"]}]},{\"@type\":\"WebPage\",\"@id\":\"http:\/\/elregionalvm.com.ar\/noticias-villa-maria\/musica-e-historia-zamba-de-mi-esperanza-la-cancion-eterna-videos\/\",\"url\":\"http:\/\/elregionalvm.com.ar\/noticias-villa-maria\/musica-e-historia-zamba-de-mi-esperanza-la-cancion-eterna-videos\/\",\"name\":\"[M\u00fasica e Historia] \u201cZamba de mi Esperanza\u201d, la canci\u00f3n eterna (VIDEOS) - El Regional\",\"isPartOf\":{\"@id\":\"http:\/\/elregionalvm.com.ar\/noticias-villa-maria\/#website\"},\"primaryImageOfPage\":{\"@id\":\"http:\/\/elregionalvm.com.ar\/noticias-villa-maria\/musica-e-historia-zamba-de-mi-esperanza-la-cancion-eterna-videos\/#primaryimage\"},\"image\":{\"@id\":\"http:\/\/elregionalvm.com.ar\/noticias-villa-maria\/musica-e-historia-zamba-de-mi-esperanza-la-cancion-eterna-videos\/#primaryimage\"},\"thumbnailUrl\":\"https:\/\/i0.wp.com\/elregionalvm.com.ar\/noticias-villa-maria\/wp-content\/uploads\/2021\/12\/Atardecer.jpg?fit=1200%2C789&ssl=1\",\"datePublished\":\"2021-12-11T16:31:13+00:00\",\"dateModified\":\"2021-12-13T17:45:39+00:00\",\"author\":{\"@id\":\"http:\/\/elregionalvm.com.ar\/noticias-villa-maria\/#\/schema\/person\/a0fb9c422317faca23d50163151bc354\"},\"description\":\"Muchos coinciden con que esta zamba es la m\u00e1s popular en Argentina, generalmente la primera que se aprende al iniciarnos en la guitarra.\",\"breadcrumb\":{\"@id\":\"http:\/\/elregionalvm.com.ar\/noticias-villa-maria\/musica-e-historia-zamba-de-mi-esperanza-la-cancion-eterna-videos\/#breadcrumb\"},\"inLanguage\":\"es\",\"potentialAction\":[{\"@type\":\"ReadAction\",\"target\":[\"http:\/\/elregionalvm.com.ar\/noticias-villa-maria\/musica-e-historia-zamba-de-mi-esperanza-la-cancion-eterna-videos\/\"]}]},{\"@type\":\"ImageObject\",\"inLanguage\":\"es\",\"@id\":\"http:\/\/elregionalvm.com.ar\/noticias-villa-maria\/musica-e-historia-zamba-de-mi-esperanza-la-cancion-eterna-videos\/#primaryimage\",\"url\":\"https:\/\/i0.wp.com\/elregionalvm.com.ar\/noticias-villa-maria\/wp-content\/uploads\/2021\/12\/Atardecer.jpg?fit=1200%2C789&ssl=1\",\"contentUrl\":\"https:\/\/i0.wp.com\/elregionalvm.com.ar\/noticias-villa-maria\/wp-content\/uploads\/2021\/12\/Atardecer.jpg?fit=1200%2C789&ssl=1\",\"width\":1200,\"height\":789},{\"@type\":\"BreadcrumbList\",\"@id\":\"http:\/\/elregionalvm.com.ar\/noticias-villa-maria\/musica-e-historia-zamba-de-mi-esperanza-la-cancion-eterna-videos\/#breadcrumb\",\"itemListElement\":[{\"@type\":\"ListItem\",\"position\":1,\"name\":\"Portada\",\"item\":\"https:\/\/elregionalvm.com.ar\/noticias-villa-maria\/\"},{\"@type\":\"ListItem\",\"position\":2,\"name\":\"[M\u00fasica e Historia] \u201cZamba de mi Esperanza\u201d, la canci\u00f3n eterna (VIDEOS)\"}]},{\"@type\":\"WebSite\",\"@id\":\"http:\/\/elregionalvm.com.ar\/noticias-villa-maria\/#website\",\"url\":\"http:\/\/elregionalvm.com.ar\/noticias-villa-maria\/\",\"name\":\"El Regional\",\"description\":\"Mucho m\u00e1s que informaci\u00f3n\",\"potentialAction\":[{\"@type\":\"SearchAction\",\"target\":{\"@type\":\"EntryPoint\",\"urlTemplate\":\"http:\/\/elregionalvm.com.ar\/noticias-villa-maria\/?s={search_term_string}\"},\"query-input\":{\"@type\":\"PropertyValueSpecification\",\"valueRequired\":true,\"valueName\":\"search_term_string\"}}],\"inLanguage\":\"es\"},{\"@type\":\"Person\",\"@id\":\"http:\/\/elregionalvm.com.ar\/noticias-villa-maria\/#\/schema\/person\/a0fb9c422317faca23d50163151bc354\",\"name\":\"Contenidos El Regional\",\"image\":{\"@type\":\"ImageObject\",\"inLanguage\":\"es\",\"@id\":\"http:\/\/elregionalvm.com.ar\/noticias-villa-maria\/#\/schema\/person\/image\/\",\"url\":\"https:\/\/secure.gravatar.com\/avatar\/265b27cb2209af7bb3a1318f03305787d7981a5cc6e6cd08fe5a4ecdf99d4b48?s=96&d=mm&r=g\",\"contentUrl\":\"https:\/\/secure.gravatar.com\/avatar\/265b27cb2209af7bb3a1318f03305787d7981a5cc6e6cd08fe5a4ecdf99d4b48?s=96&d=mm&r=g\",\"caption\":\"Contenidos El Regional\"},\"url\":\"https:\/\/elregionalvm.com.ar\/noticias-villa-maria\/author\/contenido\/\"}]}<\/script>\n<!-- \/ Yoast SEO plugin. -->","yoast_head_json":{"title":"[M\u00fasica e Historia] \u201cZamba de mi Esperanza\u201d, la canci\u00f3n eterna (VIDEOS) - El Regional","description":"Muchos coinciden con que esta zamba es la m\u00e1s popular en Argentina, generalmente la primera que se aprende al iniciarnos en la guitarra.","robots":{"index":"index","follow":"follow","max-snippet":"max-snippet:-1","max-image-preview":"max-image-preview:large","max-video-preview":"max-video-preview:-1"},"canonical":"http:\/\/elregionalvm.com.ar\/noticias-villa-maria\/musica-e-historia-zamba-de-mi-esperanza-la-cancion-eterna-videos\/","og_locale":"es_ES","og_type":"article","og_title":"[M\u00fasica e Historia] \u201cZamba de mi Esperanza\u201d, la canci\u00f3n eterna (VIDEOS) - El Regional","og_description":"Muchos coinciden con que esta zamba es la m\u00e1s popular en Argentina, generalmente la primera que se aprende al iniciarnos en la guitarra.","og_url":"http:\/\/elregionalvm.com.ar\/noticias-villa-maria\/musica-e-historia-zamba-de-mi-esperanza-la-cancion-eterna-videos\/","og_site_name":"El Regional","article_publisher":"https:\/\/www.facebook.com\/elregionalvm","article_published_time":"2021-12-11T16:31:13+00:00","article_modified_time":"2021-12-13T17:45:39+00:00","og_image":[{"width":1200,"height":789,"url":"http:\/\/elregionalvm.com.ar\/noticias-villa-maria\/wp-content\/uploads\/2021\/12\/Atardecer.jpg","type":"image\/jpeg"}],"author":"Contenidos El Regional","twitter_card":"summary_large_image","twitter_creator":"@elregionalvm1","twitter_site":"@elregionalvm1","twitter_misc":{"Escrito por":"Contenidos El Regional","Tiempo de lectura":"3 minutos"},"schema":{"@context":"https:\/\/schema.org","@graph":[{"@type":"Article","@id":"http:\/\/elregionalvm.com.ar\/noticias-villa-maria\/musica-e-historia-zamba-de-mi-esperanza-la-cancion-eterna-videos\/#article","isPartOf":{"@id":"http:\/\/elregionalvm.com.ar\/noticias-villa-maria\/musica-e-historia-zamba-de-mi-esperanza-la-cancion-eterna-videos\/"},"author":{"name":"Contenidos El Regional","@id":"http:\/\/elregionalvm.com.ar\/noticias-villa-maria\/#\/schema\/person\/a0fb9c422317faca23d50163151bc354"},"headline":"[M\u00fasica e Historia] \u201cZamba de mi Esperanza\u201d, la canci\u00f3n eterna (VIDEOS)","datePublished":"2021-12-11T16:31:13+00:00","dateModified":"2021-12-13T17:45:39+00:00","mainEntityOfPage":{"@id":"http:\/\/elregionalvm.com.ar\/noticias-villa-maria\/musica-e-historia-zamba-de-mi-esperanza-la-cancion-eterna-videos\/"},"wordCount":545,"commentCount":0,"image":{"@id":"http:\/\/elregionalvm.com.ar\/noticias-villa-maria\/musica-e-historia-zamba-de-mi-esperanza-la-cancion-eterna-videos\/#primaryimage"},"thumbnailUrl":"https:\/\/i0.wp.com\/elregionalvm.com.ar\/noticias-villa-maria\/wp-content\/uploads\/2021\/12\/Atardecer.jpg?fit=1200%2C789&ssl=1","keywords":["canci\u00f3n","cl\u00e1sicos","Folklore","Jorge Cafrune","leo mu\u00f1oz","Los Chalchaleros","Luis Profili","M\u00fasica e Historia","zamba de mi esperanza"],"articleSection":["Historias","tercera","Videos"],"inLanguage":"es","potentialAction":[{"@type":"CommentAction","name":"Comment","target":["http:\/\/elregionalvm.com.ar\/noticias-villa-maria\/musica-e-historia-zamba-de-mi-esperanza-la-cancion-eterna-videos\/#respond"]}]},{"@type":"WebPage","@id":"http:\/\/elregionalvm.com.ar\/noticias-villa-maria\/musica-e-historia-zamba-de-mi-esperanza-la-cancion-eterna-videos\/","url":"http:\/\/elregionalvm.com.ar\/noticias-villa-maria\/musica-e-historia-zamba-de-mi-esperanza-la-cancion-eterna-videos\/","name":"[M\u00fasica e Historia] \u201cZamba de mi Esperanza\u201d, la canci\u00f3n eterna (VIDEOS) - El Regional","isPartOf":{"@id":"http:\/\/elregionalvm.com.ar\/noticias-villa-maria\/#website"},"primaryImageOfPage":{"@id":"http:\/\/elregionalvm.com.ar\/noticias-villa-maria\/musica-e-historia-zamba-de-mi-esperanza-la-cancion-eterna-videos\/#primaryimage"},"image":{"@id":"http:\/\/elregionalvm.com.ar\/noticias-villa-maria\/musica-e-historia-zamba-de-mi-esperanza-la-cancion-eterna-videos\/#primaryimage"},"thumbnailUrl":"https:\/\/i0.wp.com\/elregionalvm.com.ar\/noticias-villa-maria\/wp-content\/uploads\/2021\/12\/Atardecer.jpg?fit=1200%2C789&ssl=1","datePublished":"2021-12-11T16:31:13+00:00","dateModified":"2021-12-13T17:45:39+00:00","author":{"@id":"http:\/\/elregionalvm.com.ar\/noticias-villa-maria\/#\/schema\/person\/a0fb9c422317faca23d50163151bc354"},"description":"Muchos coinciden con que esta zamba es la m\u00e1s popular en Argentina, generalmente la primera que se aprende al iniciarnos en la guitarra.","breadcrumb":{"@id":"http:\/\/elregionalvm.com.ar\/noticias-villa-maria\/musica-e-historia-zamba-de-mi-esperanza-la-cancion-eterna-videos\/#breadcrumb"},"inLanguage":"es","potentialAction":[{"@type":"ReadAction","target":["http:\/\/elregionalvm.com.ar\/noticias-villa-maria\/musica-e-historia-zamba-de-mi-esperanza-la-cancion-eterna-videos\/"]}]},{"@type":"ImageObject","inLanguage":"es","@id":"http:\/\/elregionalvm.com.ar\/noticias-villa-maria\/musica-e-historia-zamba-de-mi-esperanza-la-cancion-eterna-videos\/#primaryimage","url":"https:\/\/i0.wp.com\/elregionalvm.com.ar\/noticias-villa-maria\/wp-content\/uploads\/2021\/12\/Atardecer.jpg?fit=1200%2C789&ssl=1","contentUrl":"https:\/\/i0.wp.com\/elregionalvm.com.ar\/noticias-villa-maria\/wp-content\/uploads\/2021\/12\/Atardecer.jpg?fit=1200%2C789&ssl=1","width":1200,"height":789},{"@type":"BreadcrumbList","@id":"http:\/\/elregionalvm.com.ar\/noticias-villa-maria\/musica-e-historia-zamba-de-mi-esperanza-la-cancion-eterna-videos\/#breadcrumb","itemListElement":[{"@type":"ListItem","position":1,"name":"Portada","item":"https:\/\/elregionalvm.com.ar\/noticias-villa-maria\/"},{"@type":"ListItem","position":2,"name":"[M\u00fasica e Historia] \u201cZamba de mi Esperanza\u201d, la canci\u00f3n eterna (VIDEOS)"}]},{"@type":"WebSite","@id":"http:\/\/elregionalvm.com.ar\/noticias-villa-maria\/#website","url":"http:\/\/elregionalvm.com.ar\/noticias-villa-maria\/","name":"El Regional","description":"Mucho m\u00e1s que informaci\u00f3n","potentialAction":[{"@type":"SearchAction","target":{"@type":"EntryPoint","urlTemplate":"http:\/\/elregionalvm.com.ar\/noticias-villa-maria\/?s={search_term_string}"},"query-input":{"@type":"PropertyValueSpecification","valueRequired":true,"valueName":"search_term_string"}}],"inLanguage":"es"},{"@type":"Person","@id":"http:\/\/elregionalvm.com.ar\/noticias-villa-maria\/#\/schema\/person\/a0fb9c422317faca23d50163151bc354","name":"Contenidos El Regional","image":{"@type":"ImageObject","inLanguage":"es","@id":"http:\/\/elregionalvm.com.ar\/noticias-villa-maria\/#\/schema\/person\/image\/","url":"https:\/\/secure.gravatar.com\/avatar\/265b27cb2209af7bb3a1318f03305787d7981a5cc6e6cd08fe5a4ecdf99d4b48?s=96&d=mm&r=g","contentUrl":"https:\/\/secure.gravatar.com\/avatar\/265b27cb2209af7bb3a1318f03305787d7981a5cc6e6cd08fe5a4ecdf99d4b48?s=96&d=mm&r=g","caption":"Contenidos El Regional"},"url":"https:\/\/elregionalvm.com.ar\/noticias-villa-maria\/author\/contenido\/"}]}},"jetpack_featured_media_url":"https:\/\/i0.wp.com\/elregionalvm.com.ar\/noticias-villa-maria\/wp-content\/uploads\/2021\/12\/Atardecer.jpg?fit=1200%2C789&ssl=1","jetpack_sharing_enabled":true,"_links":{"self":[{"href":"https:\/\/elregionalvm.com.ar\/noticias-villa-maria\/wp-json\/wp\/v2\/posts\/49464","targetHints":{"allow":["GET"]}}],"collection":[{"href":"https:\/\/elregionalvm.com.ar\/noticias-villa-maria\/wp-json\/wp\/v2\/posts"}],"about":[{"href":"https:\/\/elregionalvm.com.ar\/noticias-villa-maria\/wp-json\/wp\/v2\/types\/post"}],"author":[{"embeddable":true,"href":"https:\/\/elregionalvm.com.ar\/noticias-villa-maria\/wp-json\/wp\/v2\/users\/4"}],"replies":[{"embeddable":true,"href":"https:\/\/elregionalvm.com.ar\/noticias-villa-maria\/wp-json\/wp\/v2\/comments?post=49464"}],"version-history":[{"count":3,"href":"https:\/\/elregionalvm.com.ar\/noticias-villa-maria\/wp-json\/wp\/v2\/posts\/49464\/revisions"}],"predecessor-version":[{"id":49472,"href":"https:\/\/elregionalvm.com.ar\/noticias-villa-maria\/wp-json\/wp\/v2\/posts\/49464\/revisions\/49472"}],"wp:featuredmedia":[{"embeddable":true,"href":"https:\/\/elregionalvm.com.ar\/noticias-villa-maria\/wp-json\/wp\/v2\/media\/49473"}],"wp:attachment":[{"href":"https:\/\/elregionalvm.com.ar\/noticias-villa-maria\/wp-json\/wp\/v2\/media?parent=49464"}],"wp:term":[{"taxonomy":"category","embeddable":true,"href":"https:\/\/elregionalvm.com.ar\/noticias-villa-maria\/wp-json\/wp\/v2\/categories?post=49464"},{"taxonomy":"post_tag","embeddable":true,"href":"https:\/\/elregionalvm.com.ar\/noticias-villa-maria\/wp-json\/wp\/v2\/tags?post=49464"}],"curies":[{"name":"wp","href":"https:\/\/api.w.org\/{rel}","templated":true}]}}