{"id":49474,"date":"2021-12-11T16:47:00","date_gmt":"2021-12-11T16:47:00","guid":{"rendered":"https:\/\/elregionalvm.com.ar\/noticias-villa-maria\/?p=49474"},"modified":"2021-12-13T17:45:32","modified_gmt":"2021-12-13T17:45:32","slug":"la-libreria-mas-antigua-del-mundo-es-argentina-y-la-atiende-un-cordobes","status":"publish","type":"post","link":"https:\/\/elregionalvm.com.ar\/noticias-villa-maria\/la-libreria-mas-antigua-del-mundo-es-argentina-y-la-atiende-un-cordobes\/","title":{"rendered":"La librer\u00eda m\u00e1s antigua del mundo&#8230; es argentina y la atiende un cordob\u00e9s"},"content":{"rendered":"\n<p><\/p>\n\n\n\n<p><strong>Escribe: Julio A. Ben\u00edtez \u2013 benitezjulioalberto@gmail.com<\/strong><\/p>\n\n\n\n<p>Antes la Librer\u00eda del Colegio, ahora la Librer\u00eda de \u00c1vila, est\u00e1 en Argentina y tiene un due\u00f1o sorprendente. Cuando en Europa a Napole\u00f3n a\u00fan no lo conoc\u00eda nadie, en Buenos Aires, all\u00ed se vend\u00edan libros y en buena cantidad, donde compraban sus ejemplares Manuel Belgrano, Juan Jos\u00e9 Paso y todos los h\u00e9roes de la Revoluci\u00f3n de Mayo.<\/p>\n\n\n\n<p>Luego, tambi\u00e9n, Jos\u00e9 de San Mart\u00edn, para enterarse de la rebeli\u00f3n popular, con las \u00faltimas novedades, que estaba naciendo en Par\u00eds y que ya muchos llamaban la Revoluci\u00f3n Francesa, noticias que llegaban del Alto Per\u00fa, en lentas carretas. Y, m\u00e1s tarde Sarmiento, Leopoldo Lugones y Rafael Obligado tambi\u00e9n se surtieron en dicha librer\u00eda.<\/p>\n\n\n\n<p><strong>Los cambios<\/strong><\/p>\n\n\n\n<p>Empez\u00f3 oficialmente a figurar en Registros del Virreinato en 1785, aunque muchos relataron que ya funcionaba a comienzos del 1700, siendo una pulper\u00eda y botica que vend\u00eda libros, con sorprendente variedad, y una ubicaci\u00f3n excelente, en calle Alsina y Bol\u00edvar, a una cuadra del Fuerte de Buenos Aires, donde hoy est\u00e1 la Casa Rosada.<\/p>\n\n\n\n<p>Luego se llam\u00f3 Librer\u00eda del Colegio por su cercan\u00eda al famoso Colegio Nacional Buenos Aires y fue el primer sponsor del f\u00fatbol argentino ya que el Club Atl\u00e9tico V\u00e9lez Sarsfield, llev\u00f3 durante el a\u00f1o 1913, el nombre de Librer\u00eda del Colegio Athletic Club, a cambio de una voluminosa retribuci\u00f3n econ\u00f3mica.<\/p>\n\n\n\n<p>Con los a\u00f1os, en su local se fund\u00f3 la m\u00edtica Editorial Sudamericana, que luego compr\u00f3 don Miguel \u00c1vila, un librero de los de antes, que evit\u00f3 que la adquiriera la cadena Mac Donalds, de modo que los Big Macs y las papas fritas no pudieran reemplazar a las creaciones del genial Cort\u00e1zar o a las m\u00e1s serias de Ernesto S\u00e1bato o a las de ese dandy llamado Adolfo Bioy Casares, a quienes, adem\u00e1s, se los pod\u00eda encontrar all\u00ed, eligiendo un libro o hablando de literatura.<\/p>\n\n\n\n<p><\/p>\n\n\n\n<figure class=\"wp-block-image size-large\"><img data-recalc-dims=\"1\" fetchpriority=\"high\" decoding=\"async\" width=\"1024\" height=\"683\" src=\"https:\/\/i0.wp.com\/elregionalvm.com.ar\/noticias-villa-maria\/wp-content\/uploads\/2021\/12\/Interior-Editorial-Sudamericana.jpg?resize=1024%2C683&#038;ssl=1\" alt=\"\" class=\"wp-image-49477\" srcset=\"https:\/\/i0.wp.com\/elregionalvm.com.ar\/noticias-villa-maria\/wp-content\/uploads\/2021\/12\/Interior-Editorial-Sudamericana.jpg?resize=1024%2C683&amp;ssl=1 1024w, https:\/\/i0.wp.com\/elregionalvm.com.ar\/noticias-villa-maria\/wp-content\/uploads\/2021\/12\/Interior-Editorial-Sudamericana.jpg?resize=300%2C200&amp;ssl=1 300w, https:\/\/i0.wp.com\/elregionalvm.com.ar\/noticias-villa-maria\/wp-content\/uploads\/2021\/12\/Interior-Editorial-Sudamericana.jpg?resize=768%2C512&amp;ssl=1 768w, https:\/\/i0.wp.com\/elregionalvm.com.ar\/noticias-villa-maria\/wp-content\/uploads\/2021\/12\/Interior-Editorial-Sudamericana.jpg?resize=1536%2C1024&amp;ssl=1 1536w, https:\/\/i0.wp.com\/elregionalvm.com.ar\/noticias-villa-maria\/wp-content\/uploads\/2021\/12\/Interior-Editorial-Sudamericana.jpg?w=1920&amp;ssl=1 1920w\" sizes=\"(max-width: 1000px) 100vw, 1000px\" \/><figcaption><em>El interior de la librer\u00eda que presenta lo m\u00e1s novedoso y los cl\u00e1sicos de siempre. <\/em><\/figcaption><\/figure>\n\n\n\n<p><\/p>\n\n\n\n<p>Y por eso, actualmente est\u00e1n, en las estanter\u00edas del local, desde los \u00faltimos lanzamientos editoriales hasta valiosos libros de Borges, primera edici\u00f3n, que se cotizan a alrededor de 5 mil d\u00f3lares cada uno.<\/p>\n\n\n\n<p>En Europa este local es bien conocido, ya que Jorge Carri\u00f3n (1) en su famoso libro \u201cLibrer\u00edas\u201d, de Editorial Anagrama, asegura que la de \u00c1vila es la m\u00e1s antigua del mundo en funcionamiento, aunque hay quienes que dicen que es la \u201cBarrent\u201d, de Lisboa, Portugal.<\/p>\n\n\n\n<p><strong>Cordob\u00e9s al frente<\/strong><\/p>\n\n\n\n<p>Pero la de don Miguel le ganar\u00eda por su continuidad, ya que la portuguesa dej\u00f3 de funcionar un tiempo por el terremoto de 1755, o bien, ambas, quedar\u00edan dentro de las \u201cDos M\u00e1s Antiguas del Mundo\u201d. Lo m\u00e1s sorprendente de todo esto es que la magia de este llamativo comercio de las letras todav\u00eda sigue.<\/p>\n\n\n\n<p>Si hoy mismo, un cliente distra\u00eddo entra en \u00e9l, notar\u00e1 que su barbado due\u00f1o se acerca, gentil, a aconsejarlo y a conversar un poco. S\u00ed, como se hac\u00eda antes en todas las librer\u00edas, cuando el tiempo parec\u00eda correr m\u00e1s despacio.<\/p>\n\n\n\n<p>Y, entonces, el posible comprador recibe una sorpresa: La forma de hablar del librero. Amable, con una salida ingeniosa siempre a mano y su tonada \u00fanica lo delatar\u00e1.<\/p>\n\n\n\n<p><\/p>\n\n\n\n<figure class=\"wp-block-gallery columns-2 is-cropped wp-block-gallery-1 is-layout-flex wp-block-gallery-is-layout-flex\"><ul class=\"blocks-gallery-grid\"><li class=\"blocks-gallery-item\"><figure><img data-recalc-dims=\"1\" decoding=\"async\" width=\"500\" height=\"375\" src=\"https:\/\/i0.wp.com\/elregionalvm.com.ar\/noticias-villa-maria\/wp-content\/uploads\/2021\/12\/Tapa-primera-Edicion-de-Sudamericana-de-Manuel-Mujica-Lainez.jpg?resize=500%2C375&#038;ssl=1\" alt=\"\" data-id=\"49478\" data-full-url=\"https:\/\/elregionalvm.com.ar\/noticias-villa-maria\/wp-content\/uploads\/2021\/12\/Tapa-primera-Edicion-de-Sudamericana-de-Manuel-Mujica-Lainez.jpg\" data-link=\"https:\/\/elregionalvm.com.ar\/noticias-villa-maria\/?attachment_id=49478\" class=\"wp-image-49478\" srcset=\"https:\/\/i0.wp.com\/elregionalvm.com.ar\/noticias-villa-maria\/wp-content\/uploads\/2021\/12\/Tapa-primera-Edicion-de-Sudamericana-de-Manuel-Mujica-Lainez.jpg?w=500&amp;ssl=1 500w, https:\/\/i0.wp.com\/elregionalvm.com.ar\/noticias-villa-maria\/wp-content\/uploads\/2021\/12\/Tapa-primera-Edicion-de-Sudamericana-de-Manuel-Mujica-Lainez.jpg?resize=300%2C225&amp;ssl=1 300w\" sizes=\"(max-width: 500px) 100vw, 500px\" \/><\/figure><\/li><li class=\"blocks-gallery-item\"><figure><img data-recalc-dims=\"1\" decoding=\"async\" width=\"461\" height=\"480\" src=\"https:\/\/i0.wp.com\/elregionalvm.com.ar\/noticias-villa-maria\/wp-content\/uploads\/2021\/12\/Catalogo-General-de-Editorial-Sudamericana..jpg?resize=461%2C480&#038;ssl=1\" alt=\"\" data-id=\"49479\" data-full-url=\"https:\/\/elregionalvm.com.ar\/noticias-villa-maria\/wp-content\/uploads\/2021\/12\/Catalogo-General-de-Editorial-Sudamericana..jpg\" data-link=\"https:\/\/elregionalvm.com.ar\/noticias-villa-maria\/?attachment_id=49479\" class=\"wp-image-49479\" srcset=\"https:\/\/i0.wp.com\/elregionalvm.com.ar\/noticias-villa-maria\/wp-content\/uploads\/2021\/12\/Catalogo-General-de-Editorial-Sudamericana..jpg?w=461&amp;ssl=1 461w, https:\/\/i0.wp.com\/elregionalvm.com.ar\/noticias-villa-maria\/wp-content\/uploads\/2021\/12\/Catalogo-General-de-Editorial-Sudamericana..jpg?resize=288%2C300&amp;ssl=1 288w\" sizes=\"(max-width: 461px) 100vw, 461px\" \/><\/figure><\/li><\/ul><figcaption class=\"blocks-gallery-caption\"><em>Tapa de la primera edici\u00f3n de Sudamericana de una obra de Manuel Mujica Lainez y el cat\u00e1logo de la editorial. <\/em><\/figcaption><\/figure>\n\n\n\n<p><\/p>\n\n\n\n<p>S\u00ed, Miguel \u00c1vila es cordob\u00e9s de la C\u00f3rdoba profunda, de Adelia Mar\u00eda, localidad que est\u00e1 al sudeste de R\u00edo Cuarto, que se fund\u00f3 cerca de la gran estancia del ex Gobernador Ambrosio Jos\u00e9 Olmos y que lleva el nombre de su esposa.<\/p>\n\n\n\n<p>Y por eso y por el amor de librero de ley que \u00c1vila le tiene a los libros, ese espacio es como un tesoro casi desconocido de caf\u00e9 caliente y de olor \u00fanico a libros le\u00eddos y jam\u00e1s olvidados, y que est\u00e1 a una cuadra de Plaza de Mayo, en Buenos Aires, la ciudad con m\u00e1s librer\u00edas del mundo.<\/p>\n\n\n\n<p>Acercarse a conocer su magia, puede ser para esa cofrad\u00eda extra\u00f1a de los lectores seriales, una aventura incre\u00edble, en un para\u00edso bien argentino de papel, de tapas de cart\u00f3n y de ese invento inmejorable que deber\u00eda ser eterno: LOS LIBROS.<\/p>\n\n\n\n<p><\/p>\n\n\n\n<p><\/p>\n\n\n\n<p><em>Este resumen es de un compendio mayor que est\u00e1 registrado en la Direcci\u00f3n Nacional de Autores de Publicaciones On Line \u2013 Ley 11.723.<\/em><\/p>\n\n\n\n<p>(8) <em>Naci\u00f3 en Tarragona (Espa\u00f1a) en 1976 \u2013 Escritor, profesor, cr\u00edtico literario.<\/em><\/p>\n","protected":false},"excerpt":{"rendered":"<p>Escribe: Julio A. Ben\u00edtez \u2013 benitezjulioalberto@gmail.com Antes la Librer\u00eda del Colegio, ahora la Librer\u00eda de \u00c1vila, est\u00e1 en Argentina y tiene un due\u00f1o sorprendente. Cuando en Europa a Napole\u00f3n a\u00fan no lo conoc\u00eda nadie, en Buenos Aires, all\u00ed se vend\u00edan libros y en buena cantidad, donde compraban sus ejemplares Manuel Belgrano, Juan Jos\u00e9 Paso y [&hellip;]<\/p>\n","protected":false},"author":4,"featured_media":49476,"comment_status":"open","ping_status":"open","sticky":false,"template":"","format":"standard","meta":{"site-sidebar-layout":"default","site-content-layout":"default","ast-site-content-layout":"default","site-content-style":"default","site-sidebar-style":"default","ast-global-header-display":"","ast-banner-title-visibility":"","ast-main-header-display":"","ast-hfb-above-header-display":"","ast-hfb-below-header-display":"","ast-hfb-mobile-header-display":"","site-post-title":"","ast-breadcrumbs-content":"","ast-featured-img":"","footer-sml-layout":"","ast-disable-related-posts":"","theme-transparent-header-meta":"default","adv-header-id-meta":"","stick-header-meta":"","header-above-stick-meta":"","header-main-stick-meta":"","header-below-stick-meta":"","astra-migrate-meta-layouts":"default","ast-page-background-enabled":"default","ast-page-background-meta":{"desktop":{"background-color":"","background-image":"","background-repeat":"repeat","background-position":"center center","background-size":"auto","background-attachment":"scroll","background-type":"","background-media":"","overlay-type":"","overlay-color":"","overlay-opacity":"","overlay-gradient":""},"tablet":{"background-color":"","background-image":"","background-repeat":"repeat","background-position":"center center","background-size":"auto","background-attachment":"scroll","background-type":"","background-media":"","overlay-type":"","overlay-color":"","overlay-opacity":"","overlay-gradient":""},"mobile":{"background-color":"","background-image":"","background-repeat":"repeat","background-position":"center center","background-size":"auto","background-attachment":"scroll","background-type":"","background-media":"","overlay-type":"","overlay-color":"","overlay-opacity":"","overlay-gradient":""}},"ast-content-background-meta":{"desktop":{"background-color":"var(--ast-global-color-5)","background-image":"","background-repeat":"repeat","background-position":"center center","background-size":"auto","background-attachment":"scroll","background-type":"","background-media":"","overlay-type":"","overlay-color":"","overlay-opacity":"","overlay-gradient":""},"tablet":{"background-color":"var(--ast-global-color-5)","background-image":"","background-repeat":"repeat","background-position":"center center","background-size":"auto","background-attachment":"scroll","background-type":"","background-media":"","overlay-type":"","overlay-color":"","overlay-opacity":"","overlay-gradient":""},"mobile":{"background-color":"var(--ast-global-color-5)","background-image":"","background-repeat":"repeat","background-position":"center center","background-size":"auto","background-attachment":"scroll","background-type":"","background-media":"","overlay-type":"","overlay-color":"","overlay-opacity":"","overlay-gradient":""}},"_jetpack_memberships_contains_paid_content":false,"_joinchat":[],"footnotes":""},"categories":[2098,3557],"tags":[12751,415,4442,12752,1666,12750,565,816,4448,3216],"class_list":["post-49474","post","type-post","status-publish","format-standard","has-post-thumbnail","hentry","category-historias","category-tercera","tag-antigua","tag-argentina","tag-borges","tag-editorial-sudamericana","tag-julio-benitez","tag-libreria","tag-libros","tag-mundo","tag-sabato","tag-san-martin"],"yoast_head":"<!-- This site is optimized with the Yoast SEO plugin v26.8 - https:\/\/yoast.com\/product\/yoast-seo-wordpress\/ -->\n<title>La librer\u00eda m\u00e1s antigua del mundo... es argentina y la atiende un cordob\u00e9s - El Regional<\/title>\n<meta name=\"description\" content=\"Empez\u00f3 oficialmente a figurar en Registros del Virreinato en 1785, aunque muchos relataron que ya funcionaba a comienzos del 1700.\" \/>\n<meta name=\"robots\" content=\"index, follow, max-snippet:-1, max-image-preview:large, max-video-preview:-1\" \/>\n<link rel=\"canonical\" href=\"http:\/\/elregionalvm.com.ar\/noticias-villa-maria\/la-libreria-mas-antigua-del-mundo-es-argentina-y-la-atiende-un-cordobes\/\" \/>\n<meta property=\"og:locale\" content=\"es_ES\" \/>\n<meta property=\"og:type\" content=\"article\" \/>\n<meta property=\"og:title\" content=\"La librer\u00eda m\u00e1s antigua del mundo... es argentina y la atiende un cordob\u00e9s - El Regional\" \/>\n<meta property=\"og:description\" content=\"Empez\u00f3 oficialmente a figurar en Registros del Virreinato en 1785, aunque muchos relataron que ya funcionaba a comienzos del 1700.\" \/>\n<meta property=\"og:url\" content=\"http:\/\/elregionalvm.com.ar\/noticias-villa-maria\/la-libreria-mas-antigua-del-mundo-es-argentina-y-la-atiende-un-cordobes\/\" \/>\n<meta property=\"og:site_name\" content=\"El Regional\" \/>\n<meta property=\"article:publisher\" content=\"https:\/\/www.facebook.com\/elregionalvm\" \/>\n<meta property=\"article:published_time\" content=\"2021-12-11T16:47:00+00:00\" \/>\n<meta property=\"article:modified_time\" content=\"2021-12-13T17:45:32+00:00\" \/>\n<meta property=\"og:image\" content=\"http:\/\/elregionalvm.com.ar\/noticias-villa-maria\/wp-content\/uploads\/2021\/12\/Libreria-del-Colegio-La-Libreria-de-Avila..jpg\" \/>\n\t<meta property=\"og:image:width\" content=\"640\" \/>\n\t<meta property=\"og:image:height\" content=\"480\" \/>\n\t<meta property=\"og:image:type\" content=\"image\/jpeg\" \/>\n<meta name=\"author\" content=\"Contenidos El Regional\" \/>\n<meta name=\"twitter:card\" content=\"summary_large_image\" \/>\n<meta name=\"twitter:creator\" content=\"@elregionalvm1\" \/>\n<meta name=\"twitter:site\" content=\"@elregionalvm1\" \/>\n<meta name=\"twitter:label1\" content=\"Escrito por\" \/>\n\t<meta name=\"twitter:data1\" content=\"Contenidos El Regional\" \/>\n\t<meta name=\"twitter:label2\" content=\"Tiempo de lectura\" \/>\n\t<meta name=\"twitter:data2\" content=\"4 minutos\" \/>\n<script type=\"application\/ld+json\" class=\"yoast-schema-graph\">{\"@context\":\"https:\/\/schema.org\",\"@graph\":[{\"@type\":\"Article\",\"@id\":\"http:\/\/elregionalvm.com.ar\/noticias-villa-maria\/la-libreria-mas-antigua-del-mundo-es-argentina-y-la-atiende-un-cordobes\/#article\",\"isPartOf\":{\"@id\":\"http:\/\/elregionalvm.com.ar\/noticias-villa-maria\/la-libreria-mas-antigua-del-mundo-es-argentina-y-la-atiende-un-cordobes\/\"},\"author\":{\"name\":\"Contenidos El Regional\",\"@id\":\"http:\/\/elregionalvm.com.ar\/noticias-villa-maria\/#\/schema\/person\/a0fb9c422317faca23d50163151bc354\"},\"headline\":\"La librer\u00eda m\u00e1s antigua del mundo&#8230; es argentina y la atiende un cordob\u00e9s\",\"datePublished\":\"2021-12-11T16:47:00+00:00\",\"dateModified\":\"2021-12-13T17:45:32+00:00\",\"mainEntityOfPage\":{\"@id\":\"http:\/\/elregionalvm.com.ar\/noticias-villa-maria\/la-libreria-mas-antigua-del-mundo-es-argentina-y-la-atiende-un-cordobes\/\"},\"wordCount\":807,\"commentCount\":0,\"image\":{\"@id\":\"http:\/\/elregionalvm.com.ar\/noticias-villa-maria\/la-libreria-mas-antigua-del-mundo-es-argentina-y-la-atiende-un-cordobes\/#primaryimage\"},\"thumbnailUrl\":\"https:\/\/i0.wp.com\/elregionalvm.com.ar\/noticias-villa-maria\/wp-content\/uploads\/2021\/12\/Libreria-del-Colegio-La-Libreria-de-Avila..jpg?fit=640%2C480&ssl=1\",\"keywords\":[\"Antigua\",\"Argentina\",\"Borges\",\"Editorial Sudamericana\",\"Julio Ben\u00edtez\",\"Librer\u00eda\",\"Libros\",\"Mundo\",\"S\u00e1bato\",\"San Mart\u00edn\"],\"articleSection\":[\"Historias\",\"tercera\"],\"inLanguage\":\"es\",\"potentialAction\":[{\"@type\":\"CommentAction\",\"name\":\"Comment\",\"target\":[\"http:\/\/elregionalvm.com.ar\/noticias-villa-maria\/la-libreria-mas-antigua-del-mundo-es-argentina-y-la-atiende-un-cordobes\/#respond\"]}]},{\"@type\":\"WebPage\",\"@id\":\"http:\/\/elregionalvm.com.ar\/noticias-villa-maria\/la-libreria-mas-antigua-del-mundo-es-argentina-y-la-atiende-un-cordobes\/\",\"url\":\"http:\/\/elregionalvm.com.ar\/noticias-villa-maria\/la-libreria-mas-antigua-del-mundo-es-argentina-y-la-atiende-un-cordobes\/\",\"name\":\"La librer\u00eda m\u00e1s antigua del mundo... es argentina y la atiende un cordob\u00e9s - El Regional\",\"isPartOf\":{\"@id\":\"http:\/\/elregionalvm.com.ar\/noticias-villa-maria\/#website\"},\"primaryImageOfPage\":{\"@id\":\"http:\/\/elregionalvm.com.ar\/noticias-villa-maria\/la-libreria-mas-antigua-del-mundo-es-argentina-y-la-atiende-un-cordobes\/#primaryimage\"},\"image\":{\"@id\":\"http:\/\/elregionalvm.com.ar\/noticias-villa-maria\/la-libreria-mas-antigua-del-mundo-es-argentina-y-la-atiende-un-cordobes\/#primaryimage\"},\"thumbnailUrl\":\"https:\/\/i0.wp.com\/elregionalvm.com.ar\/noticias-villa-maria\/wp-content\/uploads\/2021\/12\/Libreria-del-Colegio-La-Libreria-de-Avila..jpg?fit=640%2C480&ssl=1\",\"datePublished\":\"2021-12-11T16:47:00+00:00\",\"dateModified\":\"2021-12-13T17:45:32+00:00\",\"author\":{\"@id\":\"http:\/\/elregionalvm.com.ar\/noticias-villa-maria\/#\/schema\/person\/a0fb9c422317faca23d50163151bc354\"},\"description\":\"Empez\u00f3 oficialmente a figurar en Registros del Virreinato en 1785, aunque muchos relataron que ya funcionaba a comienzos del 1700.\",\"breadcrumb\":{\"@id\":\"http:\/\/elregionalvm.com.ar\/noticias-villa-maria\/la-libreria-mas-antigua-del-mundo-es-argentina-y-la-atiende-un-cordobes\/#breadcrumb\"},\"inLanguage\":\"es\",\"potentialAction\":[{\"@type\":\"ReadAction\",\"target\":[\"http:\/\/elregionalvm.com.ar\/noticias-villa-maria\/la-libreria-mas-antigua-del-mundo-es-argentina-y-la-atiende-un-cordobes\/\"]}]},{\"@type\":\"ImageObject\",\"inLanguage\":\"es\",\"@id\":\"http:\/\/elregionalvm.com.ar\/noticias-villa-maria\/la-libreria-mas-antigua-del-mundo-es-argentina-y-la-atiende-un-cordobes\/#primaryimage\",\"url\":\"https:\/\/i0.wp.com\/elregionalvm.com.ar\/noticias-villa-maria\/wp-content\/uploads\/2021\/12\/Libreria-del-Colegio-La-Libreria-de-Avila..jpg?fit=640%2C480&ssl=1\",\"contentUrl\":\"https:\/\/i0.wp.com\/elregionalvm.com.ar\/noticias-villa-maria\/wp-content\/uploads\/2021\/12\/Libreria-del-Colegio-La-Libreria-de-Avila..jpg?fit=640%2C480&ssl=1\",\"width\":640,\"height\":480},{\"@type\":\"BreadcrumbList\",\"@id\":\"http:\/\/elregionalvm.com.ar\/noticias-villa-maria\/la-libreria-mas-antigua-del-mundo-es-argentina-y-la-atiende-un-cordobes\/#breadcrumb\",\"itemListElement\":[{\"@type\":\"ListItem\",\"position\":1,\"name\":\"Portada\",\"item\":\"https:\/\/elregionalvm.com.ar\/noticias-villa-maria\/\"},{\"@type\":\"ListItem\",\"position\":2,\"name\":\"La librer\u00eda m\u00e1s antigua del mundo&#8230; es argentina y la atiende un cordob\u00e9s\"}]},{\"@type\":\"WebSite\",\"@id\":\"http:\/\/elregionalvm.com.ar\/noticias-villa-maria\/#website\",\"url\":\"http:\/\/elregionalvm.com.ar\/noticias-villa-maria\/\",\"name\":\"El Regional\",\"description\":\"Mucho m\u00e1s que informaci\u00f3n\",\"potentialAction\":[{\"@type\":\"SearchAction\",\"target\":{\"@type\":\"EntryPoint\",\"urlTemplate\":\"http:\/\/elregionalvm.com.ar\/noticias-villa-maria\/?s={search_term_string}\"},\"query-input\":{\"@type\":\"PropertyValueSpecification\",\"valueRequired\":true,\"valueName\":\"search_term_string\"}}],\"inLanguage\":\"es\"},{\"@type\":\"Person\",\"@id\":\"http:\/\/elregionalvm.com.ar\/noticias-villa-maria\/#\/schema\/person\/a0fb9c422317faca23d50163151bc354\",\"name\":\"Contenidos El Regional\",\"image\":{\"@type\":\"ImageObject\",\"inLanguage\":\"es\",\"@id\":\"http:\/\/elregionalvm.com.ar\/noticias-villa-maria\/#\/schema\/person\/image\/\",\"url\":\"https:\/\/secure.gravatar.com\/avatar\/265b27cb2209af7bb3a1318f03305787d7981a5cc6e6cd08fe5a4ecdf99d4b48?s=96&d=mm&r=g\",\"contentUrl\":\"https:\/\/secure.gravatar.com\/avatar\/265b27cb2209af7bb3a1318f03305787d7981a5cc6e6cd08fe5a4ecdf99d4b48?s=96&d=mm&r=g\",\"caption\":\"Contenidos El Regional\"},\"url\":\"https:\/\/elregionalvm.com.ar\/noticias-villa-maria\/author\/contenido\/\"}]}<\/script>\n<!-- \/ Yoast SEO plugin. -->","yoast_head_json":{"title":"La librer\u00eda m\u00e1s antigua del mundo... es argentina y la atiende un cordob\u00e9s - El Regional","description":"Empez\u00f3 oficialmente a figurar en Registros del Virreinato en 1785, aunque muchos relataron que ya funcionaba a comienzos del 1700.","robots":{"index":"index","follow":"follow","max-snippet":"max-snippet:-1","max-image-preview":"max-image-preview:large","max-video-preview":"max-video-preview:-1"},"canonical":"http:\/\/elregionalvm.com.ar\/noticias-villa-maria\/la-libreria-mas-antigua-del-mundo-es-argentina-y-la-atiende-un-cordobes\/","og_locale":"es_ES","og_type":"article","og_title":"La librer\u00eda m\u00e1s antigua del mundo... es argentina y la atiende un cordob\u00e9s - El Regional","og_description":"Empez\u00f3 oficialmente a figurar en Registros del Virreinato en 1785, aunque muchos relataron que ya funcionaba a comienzos del 1700.","og_url":"http:\/\/elregionalvm.com.ar\/noticias-villa-maria\/la-libreria-mas-antigua-del-mundo-es-argentina-y-la-atiende-un-cordobes\/","og_site_name":"El Regional","article_publisher":"https:\/\/www.facebook.com\/elregionalvm","article_published_time":"2021-12-11T16:47:00+00:00","article_modified_time":"2021-12-13T17:45:32+00:00","og_image":[{"width":640,"height":480,"url":"http:\/\/elregionalvm.com.ar\/noticias-villa-maria\/wp-content\/uploads\/2021\/12\/Libreria-del-Colegio-La-Libreria-de-Avila..jpg","type":"image\/jpeg"}],"author":"Contenidos El Regional","twitter_card":"summary_large_image","twitter_creator":"@elregionalvm1","twitter_site":"@elregionalvm1","twitter_misc":{"Escrito por":"Contenidos El Regional","Tiempo de lectura":"4 minutos"},"schema":{"@context":"https:\/\/schema.org","@graph":[{"@type":"Article","@id":"http:\/\/elregionalvm.com.ar\/noticias-villa-maria\/la-libreria-mas-antigua-del-mundo-es-argentina-y-la-atiende-un-cordobes\/#article","isPartOf":{"@id":"http:\/\/elregionalvm.com.ar\/noticias-villa-maria\/la-libreria-mas-antigua-del-mundo-es-argentina-y-la-atiende-un-cordobes\/"},"author":{"name":"Contenidos El Regional","@id":"http:\/\/elregionalvm.com.ar\/noticias-villa-maria\/#\/schema\/person\/a0fb9c422317faca23d50163151bc354"},"headline":"La librer\u00eda m\u00e1s antigua del mundo&#8230; es argentina y la atiende un cordob\u00e9s","datePublished":"2021-12-11T16:47:00+00:00","dateModified":"2021-12-13T17:45:32+00:00","mainEntityOfPage":{"@id":"http:\/\/elregionalvm.com.ar\/noticias-villa-maria\/la-libreria-mas-antigua-del-mundo-es-argentina-y-la-atiende-un-cordobes\/"},"wordCount":807,"commentCount":0,"image":{"@id":"http:\/\/elregionalvm.com.ar\/noticias-villa-maria\/la-libreria-mas-antigua-del-mundo-es-argentina-y-la-atiende-un-cordobes\/#primaryimage"},"thumbnailUrl":"https:\/\/i0.wp.com\/elregionalvm.com.ar\/noticias-villa-maria\/wp-content\/uploads\/2021\/12\/Libreria-del-Colegio-La-Libreria-de-Avila..jpg?fit=640%2C480&ssl=1","keywords":["Antigua","Argentina","Borges","Editorial Sudamericana","Julio Ben\u00edtez","Librer\u00eda","Libros","Mundo","S\u00e1bato","San Mart\u00edn"],"articleSection":["Historias","tercera"],"inLanguage":"es","potentialAction":[{"@type":"CommentAction","name":"Comment","target":["http:\/\/elregionalvm.com.ar\/noticias-villa-maria\/la-libreria-mas-antigua-del-mundo-es-argentina-y-la-atiende-un-cordobes\/#respond"]}]},{"@type":"WebPage","@id":"http:\/\/elregionalvm.com.ar\/noticias-villa-maria\/la-libreria-mas-antigua-del-mundo-es-argentina-y-la-atiende-un-cordobes\/","url":"http:\/\/elregionalvm.com.ar\/noticias-villa-maria\/la-libreria-mas-antigua-del-mundo-es-argentina-y-la-atiende-un-cordobes\/","name":"La librer\u00eda m\u00e1s antigua del mundo... es argentina y la atiende un cordob\u00e9s - El Regional","isPartOf":{"@id":"http:\/\/elregionalvm.com.ar\/noticias-villa-maria\/#website"},"primaryImageOfPage":{"@id":"http:\/\/elregionalvm.com.ar\/noticias-villa-maria\/la-libreria-mas-antigua-del-mundo-es-argentina-y-la-atiende-un-cordobes\/#primaryimage"},"image":{"@id":"http:\/\/elregionalvm.com.ar\/noticias-villa-maria\/la-libreria-mas-antigua-del-mundo-es-argentina-y-la-atiende-un-cordobes\/#primaryimage"},"thumbnailUrl":"https:\/\/i0.wp.com\/elregionalvm.com.ar\/noticias-villa-maria\/wp-content\/uploads\/2021\/12\/Libreria-del-Colegio-La-Libreria-de-Avila..jpg?fit=640%2C480&ssl=1","datePublished":"2021-12-11T16:47:00+00:00","dateModified":"2021-12-13T17:45:32+00:00","author":{"@id":"http:\/\/elregionalvm.com.ar\/noticias-villa-maria\/#\/schema\/person\/a0fb9c422317faca23d50163151bc354"},"description":"Empez\u00f3 oficialmente a figurar en Registros del Virreinato en 1785, aunque muchos relataron que ya funcionaba a comienzos del 1700.","breadcrumb":{"@id":"http:\/\/elregionalvm.com.ar\/noticias-villa-maria\/la-libreria-mas-antigua-del-mundo-es-argentina-y-la-atiende-un-cordobes\/#breadcrumb"},"inLanguage":"es","potentialAction":[{"@type":"ReadAction","target":["http:\/\/elregionalvm.com.ar\/noticias-villa-maria\/la-libreria-mas-antigua-del-mundo-es-argentina-y-la-atiende-un-cordobes\/"]}]},{"@type":"ImageObject","inLanguage":"es","@id":"http:\/\/elregionalvm.com.ar\/noticias-villa-maria\/la-libreria-mas-antigua-del-mundo-es-argentina-y-la-atiende-un-cordobes\/#primaryimage","url":"https:\/\/i0.wp.com\/elregionalvm.com.ar\/noticias-villa-maria\/wp-content\/uploads\/2021\/12\/Libreria-del-Colegio-La-Libreria-de-Avila..jpg?fit=640%2C480&ssl=1","contentUrl":"https:\/\/i0.wp.com\/elregionalvm.com.ar\/noticias-villa-maria\/wp-content\/uploads\/2021\/12\/Libreria-del-Colegio-La-Libreria-de-Avila..jpg?fit=640%2C480&ssl=1","width":640,"height":480},{"@type":"BreadcrumbList","@id":"http:\/\/elregionalvm.com.ar\/noticias-villa-maria\/la-libreria-mas-antigua-del-mundo-es-argentina-y-la-atiende-un-cordobes\/#breadcrumb","itemListElement":[{"@type":"ListItem","position":1,"name":"Portada","item":"https:\/\/elregionalvm.com.ar\/noticias-villa-maria\/"},{"@type":"ListItem","position":2,"name":"La librer\u00eda m\u00e1s antigua del mundo&#8230; es argentina y la atiende un cordob\u00e9s"}]},{"@type":"WebSite","@id":"http:\/\/elregionalvm.com.ar\/noticias-villa-maria\/#website","url":"http:\/\/elregionalvm.com.ar\/noticias-villa-maria\/","name":"El Regional","description":"Mucho m\u00e1s que informaci\u00f3n","potentialAction":[{"@type":"SearchAction","target":{"@type":"EntryPoint","urlTemplate":"http:\/\/elregionalvm.com.ar\/noticias-villa-maria\/?s={search_term_string}"},"query-input":{"@type":"PropertyValueSpecification","valueRequired":true,"valueName":"search_term_string"}}],"inLanguage":"es"},{"@type":"Person","@id":"http:\/\/elregionalvm.com.ar\/noticias-villa-maria\/#\/schema\/person\/a0fb9c422317faca23d50163151bc354","name":"Contenidos El Regional","image":{"@type":"ImageObject","inLanguage":"es","@id":"http:\/\/elregionalvm.com.ar\/noticias-villa-maria\/#\/schema\/person\/image\/","url":"https:\/\/secure.gravatar.com\/avatar\/265b27cb2209af7bb3a1318f03305787d7981a5cc6e6cd08fe5a4ecdf99d4b48?s=96&d=mm&r=g","contentUrl":"https:\/\/secure.gravatar.com\/avatar\/265b27cb2209af7bb3a1318f03305787d7981a5cc6e6cd08fe5a4ecdf99d4b48?s=96&d=mm&r=g","caption":"Contenidos El Regional"},"url":"https:\/\/elregionalvm.com.ar\/noticias-villa-maria\/author\/contenido\/"}]}},"jetpack_featured_media_url":"https:\/\/i0.wp.com\/elregionalvm.com.ar\/noticias-villa-maria\/wp-content\/uploads\/2021\/12\/Libreria-del-Colegio-La-Libreria-de-Avila..jpg?fit=640%2C480&ssl=1","jetpack_sharing_enabled":true,"_links":{"self":[{"href":"https:\/\/elregionalvm.com.ar\/noticias-villa-maria\/wp-json\/wp\/v2\/posts\/49474","targetHints":{"allow":["GET"]}}],"collection":[{"href":"https:\/\/elregionalvm.com.ar\/noticias-villa-maria\/wp-json\/wp\/v2\/posts"}],"about":[{"href":"https:\/\/elregionalvm.com.ar\/noticias-villa-maria\/wp-json\/wp\/v2\/types\/post"}],"author":[{"embeddable":true,"href":"https:\/\/elregionalvm.com.ar\/noticias-villa-maria\/wp-json\/wp\/v2\/users\/4"}],"replies":[{"embeddable":true,"href":"https:\/\/elregionalvm.com.ar\/noticias-villa-maria\/wp-json\/wp\/v2\/comments?post=49474"}],"version-history":[{"count":4,"href":"https:\/\/elregionalvm.com.ar\/noticias-villa-maria\/wp-json\/wp\/v2\/posts\/49474\/revisions"}],"predecessor-version":[{"id":49483,"href":"https:\/\/elregionalvm.com.ar\/noticias-villa-maria\/wp-json\/wp\/v2\/posts\/49474\/revisions\/49483"}],"wp:featuredmedia":[{"embeddable":true,"href":"https:\/\/elregionalvm.com.ar\/noticias-villa-maria\/wp-json\/wp\/v2\/media\/49476"}],"wp:attachment":[{"href":"https:\/\/elregionalvm.com.ar\/noticias-villa-maria\/wp-json\/wp\/v2\/media?parent=49474"}],"wp:term":[{"taxonomy":"category","embeddable":true,"href":"https:\/\/elregionalvm.com.ar\/noticias-villa-maria\/wp-json\/wp\/v2\/categories?post=49474"},{"taxonomy":"post_tag","embeddable":true,"href":"https:\/\/elregionalvm.com.ar\/noticias-villa-maria\/wp-json\/wp\/v2\/tags?post=49474"}],"curies":[{"name":"wp","href":"https:\/\/api.w.org\/{rel}","templated":true}]}}