{"id":49484,"date":"2021-12-11T17:53:20","date_gmt":"2021-12-11T17:53:20","guid":{"rendered":"https:\/\/elregionalvm.com.ar\/noticias-villa-maria\/?p=49484"},"modified":"2021-12-11T17:53:22","modified_gmt":"2021-12-11T17:53:22","slug":"brasco-el-provocador-que-no-chamuyaba-sobre-vinos","status":"publish","type":"post","link":"https:\/\/elregionalvm.com.ar\/noticias-villa-maria\/brasco-el-provocador-que-no-chamuyaba-sobre-vinos\/","title":{"rendered":"Brasc\u00f3, el provocador que no chamuyaba  sobre vinos"},"content":{"rendered":"\n<p><\/p>\n\n\n\n<p><strong>Miguel Brasc\u00f3 muri\u00f3 a los 88 a\u00f1os en 2014, pero sus ense\u00f1anzas perduran. A pesar de su cara de tipo jodido y su porte de mal genio que no le hac\u00edan honor a la verdad, fue poeta y humorista, adem\u00e1s de gran admirador de la belleza femenina y uno de los tipos que m\u00e1s sab\u00eda de vinos, gastronom\u00eda y maridajes de la gran siete por estos pagos criollos.<\/strong><\/p>\n\n\n\n<p><\/p>\n\n\n\n<p><strong>Escribe: Germ\u00e1n Giacchero<\/strong><\/p>\n\n\n\n<p><\/p>\n\n\n\n<p>Nada de hacerse el fif\u00ed ni el cajetilla. Que no vengan con cuentos ni macanas. La mejor forma de tomar un vino es como a usted le guste. Incluso con uno, dos o tres chorros de soda, aunque los vin\u00f3logos sabelotodos hayan condenado el sif\u00f3n al infierno.<\/p>\n\n\n\n<p>Palabras m\u00e1s, vocablos menos, eso era lo que sentenciaba el hombre del vino en Argentina, para echar por tierra el puro verso de muchos sommeliers, bodegas y comerciantes.&nbsp;<\/p>\n\n\n\n<p>\u201cCon el vino hay mucho chamuyo\u201d, despotricaba Miguel Brasc\u00f3 con esa cara de serio y esa nariz desencajada que la gen\u00e9tica y la providencia divina le hab\u00edan proporcionado para adentrarse en los elixires arom\u00e1ticos del vino y dar su veredicto con un lenguaje filoso y mordaz, gustase o no gustase al anfitri\u00f3n o acompa\u00f1ante.<\/p>\n\n\n\n<p>Aunque fuera este un jeque ricach\u00f3n de un emirato ex\u00f3tico, el propietario de una bodega de \u201cluxe\u201d o un rest\u00f3 cat\u00e9-cat\u00e9.<\/p>\n\n\n\n<p>No se dej\u00f3 tentar ni por el r\u00e9dito econ\u00f3mico que le deparar\u00eda su t\u00edtulo de abogado ni por la ambici\u00f3n desmedida de muchos de sus pares de leyes, para sumergirse en el fant\u00e1stico universo dionis\u00edaco.<\/p>\n\n\n\n<p>Notable poseedor de una pluma que destilaba originalidad, fue un fant\u00e1stico renovador del lenguaje: la Real Academia le debe los derechos de autor de varios neologismos ocurrentes y disparatados que sum\u00f3 a nuestro idioma.<\/p>\n\n\n\n<p>\u201cDesbombachitante\u201d lleg\u00f3 a calificar al Syrah para que alg\u00fan desprevenido en plan de cortejo tomara nota. Y la f\u00e9mina se tomara el tinto, claro. Aunque tambi\u00e9n dijera, luego, que un buen Malbec es lo mejor para casos de seducci\u00f3n planificada. O que las burbujas de un \u201cchamp\u00fa\u201d sellan una atracci\u00f3n fatal.<\/p>\n\n\n\n<p><\/p>\n\n\n\n<figure class=\"wp-block-gallery columns-2 is-cropped wp-block-gallery-1 is-layout-flex wp-block-gallery-is-layout-flex\"><ul class=\"blocks-gallery-grid\"><li class=\"blocks-gallery-item\"><figure><img data-recalc-dims=\"1\" fetchpriority=\"high\" decoding=\"async\" width=\"768\" height=\"1024\" src=\"https:\/\/i0.wp.com\/elregionalvm.com.ar\/noticias-villa-maria\/wp-content\/uploads\/2021\/12\/Brasco-vertical-1.jpg?resize=768%2C1024&#038;ssl=1\" alt=\"\" data-id=\"49489\" data-full-url=\"https:\/\/elregionalvm.com.ar\/noticias-villa-maria\/wp-content\/uploads\/2021\/12\/Brasco-vertical-1.jpg\" data-link=\"https:\/\/elregionalvm.com.ar\/noticias-villa-maria\/?attachment_id=49489\" class=\"wp-image-49489\" srcset=\"https:\/\/i0.wp.com\/elregionalvm.com.ar\/noticias-villa-maria\/wp-content\/uploads\/2021\/12\/Brasco-vertical-1.jpg?w=768&amp;ssl=1 768w, https:\/\/i0.wp.com\/elregionalvm.com.ar\/noticias-villa-maria\/wp-content\/uploads\/2021\/12\/Brasco-vertical-1.jpg?resize=225%2C300&amp;ssl=1 225w\" sizes=\"(max-width: 768px) 100vw, 768px\" \/><\/figure><\/li><li class=\"blocks-gallery-item\"><figure><img data-recalc-dims=\"1\" decoding=\"async\" width=\"1024\" height=\"1024\" src=\"https:\/\/i0.wp.com\/elregionalvm.com.ar\/noticias-villa-maria\/wp-content\/uploads\/2021\/12\/Brasco-vertical-2-1.jpg?resize=1024%2C1024&#038;ssl=1\" alt=\"\" data-id=\"49490\" data-full-url=\"https:\/\/elregionalvm.com.ar\/noticias-villa-maria\/wp-content\/uploads\/2021\/12\/Brasco-vertical-2-1.jpg\" data-link=\"https:\/\/elregionalvm.com.ar\/noticias-villa-maria\/?attachment_id=49490\" class=\"wp-image-49490\" srcset=\"https:\/\/i0.wp.com\/elregionalvm.com.ar\/noticias-villa-maria\/wp-content\/uploads\/2021\/12\/Brasco-vertical-2-1.jpg?resize=1024%2C1024&amp;ssl=1 1024w, https:\/\/i0.wp.com\/elregionalvm.com.ar\/noticias-villa-maria\/wp-content\/uploads\/2021\/12\/Brasco-vertical-2-1.jpg?resize=300%2C300&amp;ssl=1 300w, https:\/\/i0.wp.com\/elregionalvm.com.ar\/noticias-villa-maria\/wp-content\/uploads\/2021\/12\/Brasco-vertical-2-1.jpg?resize=768%2C768&amp;ssl=1 768w, https:\/\/i0.wp.com\/elregionalvm.com.ar\/noticias-villa-maria\/wp-content\/uploads\/2021\/12\/Brasco-vertical-2-1.jpg?w=1200&amp;ssl=1 1200w\" sizes=\"(max-width: 1000px) 100vw, 1000px\" \/><\/figure><\/li><\/ul><\/figure>\n\n\n\n<p><\/p>\n\n\n\n<p><strong>Sal\u00fa\u2019, maestro<\/strong><\/p>\n\n\n\n<p>A este bon vivant, amigo del Gato Dumas y Lanata, tambi\u00e9n de Cort\u00e1zar y&nbsp; Piazzolla; creador de la m\u00edtica revista \u201cLeopl\u00e1n\u201d, viajero frecuente y degustador compulsivo de delicias culinarias y de las otras, no le gustaba mezclar comida con mujeres. \u201cCuando uno va a comer, come. A lo sumo, conversa\u201d, dijo alguna vez en una entrevista.<\/p>\n\n\n\n<p>Aunque en otra ocasi\u00f3n se contradijera en parte al declarar: \u201cNo hay vinos, hay botellas. No hay botellas, hay copas. No hay copas, hay situaciones. No hay situaciones\u2026 hay compa\u00f1\u00edas\u201d.<\/p>\n\n\n\n<p>Frases de antolog\u00eda y an\u00e9cdotas de Brasc\u00f3 alimentar\u00edan una larga sobremesa regada con buen vino. Ese que le gusta a cada uno, por supuesto, sin hacer caso de los chabones que chamuyan al \u201ccuete\u201d.<\/p>\n\n\n\n<p><\/p>\n\n\n\n<figure class=\"wp-block-gallery columns-2 is-cropped wp-block-gallery-2 is-layout-flex wp-block-gallery-is-layout-flex\"><ul class=\"blocks-gallery-grid\"><li class=\"blocks-gallery-item\"><figure><img data-recalc-dims=\"1\" decoding=\"async\" width=\"1024\" height=\"1024\" src=\"https:\/\/i0.wp.com\/elregionalvm.com.ar\/noticias-villa-maria\/wp-content\/uploads\/2021\/12\/Miguel-Brasco.jpg?resize=1024%2C1024&#038;ssl=1\" alt=\"\" data-id=\"49492\" data-full-url=\"https:\/\/elregionalvm.com.ar\/noticias-villa-maria\/wp-content\/uploads\/2021\/12\/Miguel-Brasco.jpg\" data-link=\"https:\/\/elregionalvm.com.ar\/noticias-villa-maria\/?attachment_id=49492\" class=\"wp-image-49492\" srcset=\"https:\/\/i0.wp.com\/elregionalvm.com.ar\/noticias-villa-maria\/wp-content\/uploads\/2021\/12\/Miguel-Brasco.jpg?w=1024&amp;ssl=1 1024w, https:\/\/i0.wp.com\/elregionalvm.com.ar\/noticias-villa-maria\/wp-content\/uploads\/2021\/12\/Miguel-Brasco.jpg?resize=300%2C300&amp;ssl=1 300w, https:\/\/i0.wp.com\/elregionalvm.com.ar\/noticias-villa-maria\/wp-content\/uploads\/2021\/12\/Miguel-Brasco.jpg?resize=768%2C768&amp;ssl=1 768w\" sizes=\"(max-width: 1000px) 100vw, 1000px\" \/><\/figure><\/li><li class=\"blocks-gallery-item\"><figure><img data-recalc-dims=\"1\" loading=\"lazy\" decoding=\"async\" width=\"810\" height=\"1024\" src=\"https:\/\/i0.wp.com\/elregionalvm.com.ar\/noticias-villa-maria\/wp-content\/uploads\/2021\/12\/brasco.jpg?resize=810%2C1024&#038;ssl=1\" alt=\"\" data-id=\"49491\" data-full-url=\"https:\/\/elregionalvm.com.ar\/noticias-villa-maria\/wp-content\/uploads\/2021\/12\/brasco.jpg\" data-link=\"https:\/\/elregionalvm.com.ar\/noticias-villa-maria\/?attachment_id=49491\" class=\"wp-image-49491\" srcset=\"https:\/\/i0.wp.com\/elregionalvm.com.ar\/noticias-villa-maria\/wp-content\/uploads\/2021\/12\/brasco.jpg?resize=810%2C1024&amp;ssl=1 810w, https:\/\/i0.wp.com\/elregionalvm.com.ar\/noticias-villa-maria\/wp-content\/uploads\/2021\/12\/brasco.jpg?resize=237%2C300&amp;ssl=1 237w, https:\/\/i0.wp.com\/elregionalvm.com.ar\/noticias-villa-maria\/wp-content\/uploads\/2021\/12\/brasco.jpg?resize=768%2C970&amp;ssl=1 768w, https:\/\/i0.wp.com\/elregionalvm.com.ar\/noticias-villa-maria\/wp-content\/uploads\/2021\/12\/brasco.jpg?w=850&amp;ssl=1 850w\" sizes=\"(max-width: 810px) 100vw, 810px\" \/><\/figure><\/li><\/ul><\/figure>\n\n\n\n<p><\/p>\n\n\n\n<p>Mucho de lo poco que s\u00e9 de vinos se lo debo a la lectura de los fenomenales textos con esa prosa y ese estilo tan propios de este narig\u00f3n provocador y hereje que avivaba a sus lectores y los alentaba de alguna forma a desconfiar de su pr\u00e1ctica sabidur\u00eda.<\/p>\n\n\n\n<p>Los mismos que muchas veces pensamos con indisimulada envidia \u201c\u00a1Los vinos que se habr\u00e1 tomado Brasc\u00f3!\u201d.<\/p>\n\n\n\n<p>\u201cNo hay que dejarse impresionar por lo que dice la gente acerca del vino. Nadie sabe nada\u201d. Y le vamos a hacer caso. Nos vamos a desquitar con un buen descorche. Eso s\u00ed, habr\u00e1 un brindis a su salud, maestro. \u00a1Para que nunca la falte el vino all\u00e1 arriba!<\/p>\n\n\n\n<p>Y de paso, otro brindis por vos, \u00a1Salud Viejo querido!<\/p>\n","protected":false},"excerpt":{"rendered":"<p>Miguel Brasc\u00f3 muri\u00f3 a los 88 a\u00f1os en 2014, pero sus ense\u00f1anzas perduran. A pesar de su cara de tipo jodido y su porte de mal genio que no le hac\u00edan honor a la verdad, fue poeta y humorista, adem\u00e1s de gran admirador de la belleza femenina y uno de los tipos que m\u00e1s sab\u00eda [&hellip;]<\/p>\n","protected":false},"author":6,"featured_media":49486,"comment_status":"open","ping_status":"open","sticky":false,"template":"","format":"standard","meta":{"site-sidebar-layout":"default","site-content-layout":"default","ast-site-content-layout":"default","site-content-style":"default","site-sidebar-style":"default","ast-global-header-display":"","ast-banner-title-visibility":"","ast-main-header-display":"","ast-hfb-above-header-display":"","ast-hfb-below-header-display":"","ast-hfb-mobile-header-display":"","site-post-title":"","ast-breadcrumbs-content":"","ast-featured-img":"","footer-sml-layout":"","ast-disable-related-posts":"","theme-transparent-header-meta":"default","adv-header-id-meta":"","stick-header-meta":"","header-above-stick-meta":"","header-main-stick-meta":"","header-below-stick-meta":"","astra-migrate-meta-layouts":"default","ast-page-background-enabled":"default","ast-page-background-meta":{"desktop":{"background-color":"","background-image":"","background-repeat":"repeat","background-position":"center center","background-size":"auto","background-attachment":"scroll","background-type":"","background-media":"","overlay-type":"","overlay-color":"","overlay-opacity":"","overlay-gradient":""},"tablet":{"background-color":"","background-image":"","background-repeat":"repeat","background-position":"center center","background-size":"auto","background-attachment":"scroll","background-type":"","background-media":"","overlay-type":"","overlay-color":"","overlay-opacity":"","overlay-gradient":""},"mobile":{"background-color":"","background-image":"","background-repeat":"repeat","background-position":"center center","background-size":"auto","background-attachment":"scroll","background-type":"","background-media":"","overlay-type":"","overlay-color":"","overlay-opacity":"","overlay-gradient":""}},"ast-content-background-meta":{"desktop":{"background-color":"var(--ast-global-color-5)","background-image":"","background-repeat":"repeat","background-position":"center center","background-size":"auto","background-attachment":"scroll","background-type":"","background-media":"","overlay-type":"","overlay-color":"","overlay-opacity":"","overlay-gradient":""},"tablet":{"background-color":"var(--ast-global-color-5)","background-image":"","background-repeat":"repeat","background-position":"center center","background-size":"auto","background-attachment":"scroll","background-type":"","background-media":"","overlay-type":"","overlay-color":"","overlay-opacity":"","overlay-gradient":""},"mobile":{"background-color":"var(--ast-global-color-5)","background-image":"","background-repeat":"repeat","background-position":"center center","background-size":"auto","background-attachment":"scroll","background-type":"","background-media":"","overlay-type":"","overlay-color":"","overlay-opacity":"","overlay-gradient":""}},"_jetpack_memberships_contains_paid_content":false,"_joinchat":[],"footnotes":""},"categories":[2098,2323],"tags":[12754,4286,1386,7553,5334,217,12755,12753,5530],"class_list":["post-49484","post","type-post","status-publish","format-standard","has-post-thumbnail","hentry","category-historias","category-notas-secundarias","tag-enologos","tag-gastronomia","tag-historias","tag-maridaje","tag-miguel-brasco","tag-poeta","tag-provocador","tag-sommeliers","tag-vinos"],"yoast_head":"<!-- This site is optimized with the Yoast SEO plugin v26.8 - https:\/\/yoast.com\/product\/yoast-seo-wordpress\/ -->\n<title>Brasc\u00f3, el provocador que no chamuyaba sobre vinos - El Regional<\/title>\n<meta name=\"description\" content=\"Fue poeta, humorista, gran admirador de la belleza femenina y uno de los tipos que m\u00e1s sab\u00eda de vinos y gastronom\u00eda por estos pagos.\" \/>\n<meta name=\"robots\" content=\"index, follow, max-snippet:-1, max-image-preview:large, max-video-preview:-1\" \/>\n<link rel=\"canonical\" href=\"http:\/\/elregionalvm.com.ar\/noticias-villa-maria\/brasco-el-provocador-que-no-chamuyaba-sobre-vinos\/\" \/>\n<meta property=\"og:locale\" content=\"es_ES\" \/>\n<meta property=\"og:type\" content=\"article\" \/>\n<meta property=\"og:title\" content=\"Brasc\u00f3, el provocador que no chamuyaba sobre vinos - El Regional\" \/>\n<meta property=\"og:description\" content=\"Fue poeta, humorista, gran admirador de la belleza femenina y uno de los tipos que m\u00e1s sab\u00eda de vinos y gastronom\u00eda por estos pagos.\" \/>\n<meta property=\"og:url\" content=\"http:\/\/elregionalvm.com.ar\/noticias-villa-maria\/brasco-el-provocador-que-no-chamuyaba-sobre-vinos\/\" \/>\n<meta property=\"og:site_name\" content=\"El Regional\" \/>\n<meta property=\"article:publisher\" content=\"https:\/\/www.facebook.com\/elregionalvm\" \/>\n<meta property=\"article:published_time\" content=\"2021-12-11T17:53:20+00:00\" \/>\n<meta property=\"article:modified_time\" content=\"2021-12-11T17:53:22+00:00\" \/>\n<meta property=\"og:image\" content=\"http:\/\/elregionalvm.com.ar\/noticias-villa-maria\/wp-content\/uploads\/2021\/12\/Brasco-1.jpg\" \/>\n\t<meta property=\"og:image:width\" content=\"1200\" \/>\n\t<meta property=\"og:image:height\" content=\"675\" \/>\n\t<meta property=\"og:image:type\" content=\"image\/jpeg\" \/>\n<meta name=\"author\" content=\"Germ\u00e1n Giacchero\" \/>\n<meta name=\"twitter:card\" content=\"summary_large_image\" \/>\n<meta name=\"twitter:creator\" content=\"@elregionalvm1\" \/>\n<meta name=\"twitter:site\" content=\"@elregionalvm1\" \/>\n<meta name=\"twitter:label1\" content=\"Escrito por\" \/>\n\t<meta name=\"twitter:data1\" content=\"Germ\u00e1n Giacchero\" \/>\n\t<meta name=\"twitter:label2\" content=\"Tiempo de lectura\" \/>\n\t<meta name=\"twitter:data2\" content=\"4 minutos\" \/>\n<script type=\"application\/ld+json\" class=\"yoast-schema-graph\">{\"@context\":\"https:\/\/schema.org\",\"@graph\":[{\"@type\":\"Article\",\"@id\":\"http:\/\/elregionalvm.com.ar\/noticias-villa-maria\/brasco-el-provocador-que-no-chamuyaba-sobre-vinos\/#article\",\"isPartOf\":{\"@id\":\"http:\/\/elregionalvm.com.ar\/noticias-villa-maria\/brasco-el-provocador-que-no-chamuyaba-sobre-vinos\/\"},\"author\":{\"name\":\"Germ\u00e1n Giacchero\",\"@id\":\"http:\/\/elregionalvm.com.ar\/noticias-villa-maria\/#\/schema\/person\/d5e4b04966154131701e52c45d3efec9\"},\"headline\":\"Brasc\u00f3, el provocador que no chamuyaba sobre vinos\",\"datePublished\":\"2021-12-11T17:53:20+00:00\",\"dateModified\":\"2021-12-11T17:53:22+00:00\",\"mainEntityOfPage\":{\"@id\":\"http:\/\/elregionalvm.com.ar\/noticias-villa-maria\/brasco-el-provocador-que-no-chamuyaba-sobre-vinos\/\"},\"wordCount\":639,\"commentCount\":0,\"image\":{\"@id\":\"http:\/\/elregionalvm.com.ar\/noticias-villa-maria\/brasco-el-provocador-que-no-chamuyaba-sobre-vinos\/#primaryimage\"},\"thumbnailUrl\":\"https:\/\/i0.wp.com\/elregionalvm.com.ar\/noticias-villa-maria\/wp-content\/uploads\/2021\/12\/Brasco-1.jpg?fit=1200%2C675&ssl=1\",\"keywords\":[\"en\u00f3logos\",\"Gastronom\u00eda\",\"historias\",\"maridaje\",\"Miguel Brasc\u00f3\",\"poeta\",\"provocador\",\"sommeliers\",\"vinos\"],\"articleSection\":[\"Historias\",\"Notas\"],\"inLanguage\":\"es\",\"potentialAction\":[{\"@type\":\"CommentAction\",\"name\":\"Comment\",\"target\":[\"http:\/\/elregionalvm.com.ar\/noticias-villa-maria\/brasco-el-provocador-que-no-chamuyaba-sobre-vinos\/#respond\"]}]},{\"@type\":\"WebPage\",\"@id\":\"http:\/\/elregionalvm.com.ar\/noticias-villa-maria\/brasco-el-provocador-que-no-chamuyaba-sobre-vinos\/\",\"url\":\"http:\/\/elregionalvm.com.ar\/noticias-villa-maria\/brasco-el-provocador-que-no-chamuyaba-sobre-vinos\/\",\"name\":\"Brasc\u00f3, el provocador que no chamuyaba sobre vinos - El Regional\",\"isPartOf\":{\"@id\":\"http:\/\/elregionalvm.com.ar\/noticias-villa-maria\/#website\"},\"primaryImageOfPage\":{\"@id\":\"http:\/\/elregionalvm.com.ar\/noticias-villa-maria\/brasco-el-provocador-que-no-chamuyaba-sobre-vinos\/#primaryimage\"},\"image\":{\"@id\":\"http:\/\/elregionalvm.com.ar\/noticias-villa-maria\/brasco-el-provocador-que-no-chamuyaba-sobre-vinos\/#primaryimage\"},\"thumbnailUrl\":\"https:\/\/i0.wp.com\/elregionalvm.com.ar\/noticias-villa-maria\/wp-content\/uploads\/2021\/12\/Brasco-1.jpg?fit=1200%2C675&ssl=1\",\"datePublished\":\"2021-12-11T17:53:20+00:00\",\"dateModified\":\"2021-12-11T17:53:22+00:00\",\"author\":{\"@id\":\"http:\/\/elregionalvm.com.ar\/noticias-villa-maria\/#\/schema\/person\/d5e4b04966154131701e52c45d3efec9\"},\"description\":\"Fue poeta, humorista, gran admirador de la belleza femenina y uno de los tipos que m\u00e1s sab\u00eda de vinos y gastronom\u00eda por estos pagos.\",\"breadcrumb\":{\"@id\":\"http:\/\/elregionalvm.com.ar\/noticias-villa-maria\/brasco-el-provocador-que-no-chamuyaba-sobre-vinos\/#breadcrumb\"},\"inLanguage\":\"es\",\"potentialAction\":[{\"@type\":\"ReadAction\",\"target\":[\"http:\/\/elregionalvm.com.ar\/noticias-villa-maria\/brasco-el-provocador-que-no-chamuyaba-sobre-vinos\/\"]}]},{\"@type\":\"ImageObject\",\"inLanguage\":\"es\",\"@id\":\"http:\/\/elregionalvm.com.ar\/noticias-villa-maria\/brasco-el-provocador-que-no-chamuyaba-sobre-vinos\/#primaryimage\",\"url\":\"https:\/\/i0.wp.com\/elregionalvm.com.ar\/noticias-villa-maria\/wp-content\/uploads\/2021\/12\/Brasco-1.jpg?fit=1200%2C675&ssl=1\",\"contentUrl\":\"https:\/\/i0.wp.com\/elregionalvm.com.ar\/noticias-villa-maria\/wp-content\/uploads\/2021\/12\/Brasco-1.jpg?fit=1200%2C675&ssl=1\",\"width\":1200,\"height\":675},{\"@type\":\"BreadcrumbList\",\"@id\":\"http:\/\/elregionalvm.com.ar\/noticias-villa-maria\/brasco-el-provocador-que-no-chamuyaba-sobre-vinos\/#breadcrumb\",\"itemListElement\":[{\"@type\":\"ListItem\",\"position\":1,\"name\":\"Portada\",\"item\":\"https:\/\/elregionalvm.com.ar\/noticias-villa-maria\/\"},{\"@type\":\"ListItem\",\"position\":2,\"name\":\"Brasc\u00f3, el provocador que no chamuyaba sobre vinos\"}]},{\"@type\":\"WebSite\",\"@id\":\"http:\/\/elregionalvm.com.ar\/noticias-villa-maria\/#website\",\"url\":\"http:\/\/elregionalvm.com.ar\/noticias-villa-maria\/\",\"name\":\"El Regional\",\"description\":\"Mucho m\u00e1s que informaci\u00f3n\",\"potentialAction\":[{\"@type\":\"SearchAction\",\"target\":{\"@type\":\"EntryPoint\",\"urlTemplate\":\"http:\/\/elregionalvm.com.ar\/noticias-villa-maria\/?s={search_term_string}\"},\"query-input\":{\"@type\":\"PropertyValueSpecification\",\"valueRequired\":true,\"valueName\":\"search_term_string\"}}],\"inLanguage\":\"es\"},{\"@type\":\"Person\",\"@id\":\"http:\/\/elregionalvm.com.ar\/noticias-villa-maria\/#\/schema\/person\/d5e4b04966154131701e52c45d3efec9\",\"name\":\"Germ\u00e1n Giacchero\",\"image\":{\"@type\":\"ImageObject\",\"inLanguage\":\"es\",\"@id\":\"http:\/\/elregionalvm.com.ar\/noticias-villa-maria\/#\/schema\/person\/image\/\",\"url\":\"https:\/\/secure.gravatar.com\/avatar\/fda163ba5ef0307ee5be9846e10f83b6e83d0cfb260d3b2464830318894c6b04?s=96&d=mm&r=g\",\"contentUrl\":\"https:\/\/secure.gravatar.com\/avatar\/fda163ba5ef0307ee5be9846e10f83b6e83d0cfb260d3b2464830318894c6b04?s=96&d=mm&r=g\",\"caption\":\"Germ\u00e1n Giacchero\"},\"url\":\"https:\/\/elregionalvm.com.ar\/noticias-villa-maria\/author\/germangiacchero\/\"}]}<\/script>\n<!-- \/ Yoast SEO plugin. -->","yoast_head_json":{"title":"Brasc\u00f3, el provocador que no chamuyaba sobre vinos - El Regional","description":"Fue poeta, humorista, gran admirador de la belleza femenina y uno de los tipos que m\u00e1s sab\u00eda de vinos y gastronom\u00eda por estos pagos.","robots":{"index":"index","follow":"follow","max-snippet":"max-snippet:-1","max-image-preview":"max-image-preview:large","max-video-preview":"max-video-preview:-1"},"canonical":"http:\/\/elregionalvm.com.ar\/noticias-villa-maria\/brasco-el-provocador-que-no-chamuyaba-sobre-vinos\/","og_locale":"es_ES","og_type":"article","og_title":"Brasc\u00f3, el provocador que no chamuyaba sobre vinos - El Regional","og_description":"Fue poeta, humorista, gran admirador de la belleza femenina y uno de los tipos que m\u00e1s sab\u00eda de vinos y gastronom\u00eda por estos pagos.","og_url":"http:\/\/elregionalvm.com.ar\/noticias-villa-maria\/brasco-el-provocador-que-no-chamuyaba-sobre-vinos\/","og_site_name":"El Regional","article_publisher":"https:\/\/www.facebook.com\/elregionalvm","article_published_time":"2021-12-11T17:53:20+00:00","article_modified_time":"2021-12-11T17:53:22+00:00","og_image":[{"width":1200,"height":675,"url":"http:\/\/elregionalvm.com.ar\/noticias-villa-maria\/wp-content\/uploads\/2021\/12\/Brasco-1.jpg","type":"image\/jpeg"}],"author":"Germ\u00e1n Giacchero","twitter_card":"summary_large_image","twitter_creator":"@elregionalvm1","twitter_site":"@elregionalvm1","twitter_misc":{"Escrito por":"Germ\u00e1n Giacchero","Tiempo de lectura":"4 minutos"},"schema":{"@context":"https:\/\/schema.org","@graph":[{"@type":"Article","@id":"http:\/\/elregionalvm.com.ar\/noticias-villa-maria\/brasco-el-provocador-que-no-chamuyaba-sobre-vinos\/#article","isPartOf":{"@id":"http:\/\/elregionalvm.com.ar\/noticias-villa-maria\/brasco-el-provocador-que-no-chamuyaba-sobre-vinos\/"},"author":{"name":"Germ\u00e1n Giacchero","@id":"http:\/\/elregionalvm.com.ar\/noticias-villa-maria\/#\/schema\/person\/d5e4b04966154131701e52c45d3efec9"},"headline":"Brasc\u00f3, el provocador que no chamuyaba sobre vinos","datePublished":"2021-12-11T17:53:20+00:00","dateModified":"2021-12-11T17:53:22+00:00","mainEntityOfPage":{"@id":"http:\/\/elregionalvm.com.ar\/noticias-villa-maria\/brasco-el-provocador-que-no-chamuyaba-sobre-vinos\/"},"wordCount":639,"commentCount":0,"image":{"@id":"http:\/\/elregionalvm.com.ar\/noticias-villa-maria\/brasco-el-provocador-que-no-chamuyaba-sobre-vinos\/#primaryimage"},"thumbnailUrl":"https:\/\/i0.wp.com\/elregionalvm.com.ar\/noticias-villa-maria\/wp-content\/uploads\/2021\/12\/Brasco-1.jpg?fit=1200%2C675&ssl=1","keywords":["en\u00f3logos","Gastronom\u00eda","historias","maridaje","Miguel Brasc\u00f3","poeta","provocador","sommeliers","vinos"],"articleSection":["Historias","Notas"],"inLanguage":"es","potentialAction":[{"@type":"CommentAction","name":"Comment","target":["http:\/\/elregionalvm.com.ar\/noticias-villa-maria\/brasco-el-provocador-que-no-chamuyaba-sobre-vinos\/#respond"]}]},{"@type":"WebPage","@id":"http:\/\/elregionalvm.com.ar\/noticias-villa-maria\/brasco-el-provocador-que-no-chamuyaba-sobre-vinos\/","url":"http:\/\/elregionalvm.com.ar\/noticias-villa-maria\/brasco-el-provocador-que-no-chamuyaba-sobre-vinos\/","name":"Brasc\u00f3, el provocador que no chamuyaba sobre vinos - El Regional","isPartOf":{"@id":"http:\/\/elregionalvm.com.ar\/noticias-villa-maria\/#website"},"primaryImageOfPage":{"@id":"http:\/\/elregionalvm.com.ar\/noticias-villa-maria\/brasco-el-provocador-que-no-chamuyaba-sobre-vinos\/#primaryimage"},"image":{"@id":"http:\/\/elregionalvm.com.ar\/noticias-villa-maria\/brasco-el-provocador-que-no-chamuyaba-sobre-vinos\/#primaryimage"},"thumbnailUrl":"https:\/\/i0.wp.com\/elregionalvm.com.ar\/noticias-villa-maria\/wp-content\/uploads\/2021\/12\/Brasco-1.jpg?fit=1200%2C675&ssl=1","datePublished":"2021-12-11T17:53:20+00:00","dateModified":"2021-12-11T17:53:22+00:00","author":{"@id":"http:\/\/elregionalvm.com.ar\/noticias-villa-maria\/#\/schema\/person\/d5e4b04966154131701e52c45d3efec9"},"description":"Fue poeta, humorista, gran admirador de la belleza femenina y uno de los tipos que m\u00e1s sab\u00eda de vinos y gastronom\u00eda por estos pagos.","breadcrumb":{"@id":"http:\/\/elregionalvm.com.ar\/noticias-villa-maria\/brasco-el-provocador-que-no-chamuyaba-sobre-vinos\/#breadcrumb"},"inLanguage":"es","potentialAction":[{"@type":"ReadAction","target":["http:\/\/elregionalvm.com.ar\/noticias-villa-maria\/brasco-el-provocador-que-no-chamuyaba-sobre-vinos\/"]}]},{"@type":"ImageObject","inLanguage":"es","@id":"http:\/\/elregionalvm.com.ar\/noticias-villa-maria\/brasco-el-provocador-que-no-chamuyaba-sobre-vinos\/#primaryimage","url":"https:\/\/i0.wp.com\/elregionalvm.com.ar\/noticias-villa-maria\/wp-content\/uploads\/2021\/12\/Brasco-1.jpg?fit=1200%2C675&ssl=1","contentUrl":"https:\/\/i0.wp.com\/elregionalvm.com.ar\/noticias-villa-maria\/wp-content\/uploads\/2021\/12\/Brasco-1.jpg?fit=1200%2C675&ssl=1","width":1200,"height":675},{"@type":"BreadcrumbList","@id":"http:\/\/elregionalvm.com.ar\/noticias-villa-maria\/brasco-el-provocador-que-no-chamuyaba-sobre-vinos\/#breadcrumb","itemListElement":[{"@type":"ListItem","position":1,"name":"Portada","item":"https:\/\/elregionalvm.com.ar\/noticias-villa-maria\/"},{"@type":"ListItem","position":2,"name":"Brasc\u00f3, el provocador que no chamuyaba sobre vinos"}]},{"@type":"WebSite","@id":"http:\/\/elregionalvm.com.ar\/noticias-villa-maria\/#website","url":"http:\/\/elregionalvm.com.ar\/noticias-villa-maria\/","name":"El Regional","description":"Mucho m\u00e1s que informaci\u00f3n","potentialAction":[{"@type":"SearchAction","target":{"@type":"EntryPoint","urlTemplate":"http:\/\/elregionalvm.com.ar\/noticias-villa-maria\/?s={search_term_string}"},"query-input":{"@type":"PropertyValueSpecification","valueRequired":true,"valueName":"search_term_string"}}],"inLanguage":"es"},{"@type":"Person","@id":"http:\/\/elregionalvm.com.ar\/noticias-villa-maria\/#\/schema\/person\/d5e4b04966154131701e52c45d3efec9","name":"Germ\u00e1n Giacchero","image":{"@type":"ImageObject","inLanguage":"es","@id":"http:\/\/elregionalvm.com.ar\/noticias-villa-maria\/#\/schema\/person\/image\/","url":"https:\/\/secure.gravatar.com\/avatar\/fda163ba5ef0307ee5be9846e10f83b6e83d0cfb260d3b2464830318894c6b04?s=96&d=mm&r=g","contentUrl":"https:\/\/secure.gravatar.com\/avatar\/fda163ba5ef0307ee5be9846e10f83b6e83d0cfb260d3b2464830318894c6b04?s=96&d=mm&r=g","caption":"Germ\u00e1n Giacchero"},"url":"https:\/\/elregionalvm.com.ar\/noticias-villa-maria\/author\/germangiacchero\/"}]}},"jetpack_featured_media_url":"https:\/\/i0.wp.com\/elregionalvm.com.ar\/noticias-villa-maria\/wp-content\/uploads\/2021\/12\/Brasco-1.jpg?fit=1200%2C675&ssl=1","jetpack_sharing_enabled":true,"_links":{"self":[{"href":"https:\/\/elregionalvm.com.ar\/noticias-villa-maria\/wp-json\/wp\/v2\/posts\/49484","targetHints":{"allow":["GET"]}}],"collection":[{"href":"https:\/\/elregionalvm.com.ar\/noticias-villa-maria\/wp-json\/wp\/v2\/posts"}],"about":[{"href":"https:\/\/elregionalvm.com.ar\/noticias-villa-maria\/wp-json\/wp\/v2\/types\/post"}],"author":[{"embeddable":true,"href":"https:\/\/elregionalvm.com.ar\/noticias-villa-maria\/wp-json\/wp\/v2\/users\/6"}],"replies":[{"embeddable":true,"href":"https:\/\/elregionalvm.com.ar\/noticias-villa-maria\/wp-json\/wp\/v2\/comments?post=49484"}],"version-history":[{"count":2,"href":"https:\/\/elregionalvm.com.ar\/noticias-villa-maria\/wp-json\/wp\/v2\/posts\/49484\/revisions"}],"predecessor-version":[{"id":49493,"href":"https:\/\/elregionalvm.com.ar\/noticias-villa-maria\/wp-json\/wp\/v2\/posts\/49484\/revisions\/49493"}],"wp:featuredmedia":[{"embeddable":true,"href":"https:\/\/elregionalvm.com.ar\/noticias-villa-maria\/wp-json\/wp\/v2\/media\/49486"}],"wp:attachment":[{"href":"https:\/\/elregionalvm.com.ar\/noticias-villa-maria\/wp-json\/wp\/v2\/media?parent=49484"}],"wp:term":[{"taxonomy":"category","embeddable":true,"href":"https:\/\/elregionalvm.com.ar\/noticias-villa-maria\/wp-json\/wp\/v2\/categories?post=49484"},{"taxonomy":"post_tag","embeddable":true,"href":"https:\/\/elregionalvm.com.ar\/noticias-villa-maria\/wp-json\/wp\/v2\/tags?post=49484"}],"curies":[{"name":"wp","href":"https:\/\/api.w.org\/{rel}","templated":true}]}}