{"id":49538,"date":"2021-12-13T23:32:29","date_gmt":"2021-12-13T23:32:29","guid":{"rendered":"https:\/\/elregionalvm.com.ar\/noticias-villa-maria\/?p=49538"},"modified":"2021-12-14T02:31:19","modified_gmt":"2021-12-14T02:31:19","slug":"preocupacion-por-la-desaparicion-de-una-mujer-de-tio-pujio","status":"publish","type":"post","link":"https:\/\/elregionalvm.com.ar\/noticias-villa-maria\/preocupacion-por-la-desaparicion-de-una-mujer-de-tio-pujio\/","title":{"rendered":"Preocupaci\u00f3n por la desaparici\u00f3n de una mujer de T\u00edo Pujio"},"content":{"rendered":"\n<p>La Fiscal\u00eda de Instrucci\u00f3n del segundo Turno de Villa Maria, a cargo de Juliana Compa\u00f1ys, pide colaboraci\u00f3n para dar con el paradero de <strong>Mar\u00eda Jos\u00e9 Perinaso, de 56 a\u00f1os,<\/strong> quien se retir\u00f3 de su vivienda de la localidad de Tio Pujio este d\u00eda 13 de diciembre. <\/p>\n\n\n\n<p>Es de contextura mediana, tez blanca y cabellos rubios. Cualquier infomaci\u00f3n puede ser aportada a la Unidad Judicial de Villa Mar\u00eda, a los tel\u00e9fonos (0353) 4618838 \u2013 (0351) 4481016 Int. 73601\/2 o en cualquier sede judicial o policial.<\/p>\n\n\n\n<figure class=\"wp-block-image size-full\"><img data-recalc-dims=\"1\" fetchpriority=\"high\" decoding=\"async\" width=\"574\" height=\"940\" src=\"https:\/\/i0.wp.com\/elregionalvm.com.ar\/noticias-villa-maria\/wp-content\/uploads\/2021\/12\/perinasso-ines-1.jpg?resize=574%2C940&#038;ssl=1\" alt=\"\" class=\"wp-image-49540\" srcset=\"https:\/\/i0.wp.com\/elregionalvm.com.ar\/noticias-villa-maria\/wp-content\/uploads\/2021\/12\/perinasso-ines-1.jpg?w=574&amp;ssl=1 574w, https:\/\/i0.wp.com\/elregionalvm.com.ar\/noticias-villa-maria\/wp-content\/uploads\/2021\/12\/perinasso-ines-1.jpg?resize=183%2C300&amp;ssl=1 183w\" sizes=\"(max-width: 574px) 100vw, 574px\" \/><\/figure>\n","protected":false},"excerpt":{"rendered":"<p>La Fiscal\u00eda de Instrucci\u00f3n del segundo Turno de Villa Maria, a cargo de Juliana Compa\u00f1ys, pide colaboraci\u00f3n para dar con el paradero de Mar\u00eda Jos\u00e9 Perinaso, de 56 a\u00f1os, quien se retir\u00f3 de su vivienda de la localidad de Tio Pujio este d\u00eda 13 de diciembre. Es de contextura mediana, tez blanca y cabellos rubios. [&hellip;]<\/p>\n","protected":false},"author":4,"featured_media":49541,"comment_status":"open","ping_status":"open","sticky":false,"template":"","format":"standard","meta":{"site-sidebar-layout":"default","site-content-layout":"default","ast-site-content-layout":"default","site-content-style":"default","site-sidebar-style":"default","ast-global-header-display":"","ast-banner-title-visibility":"","ast-main-header-display":"","ast-hfb-above-header-display":"","ast-hfb-below-header-display":"","ast-hfb-mobile-header-display":"","site-post-title":"","ast-breadcrumbs-content":"","ast-featured-img":"","footer-sml-layout":"","ast-disable-related-posts":"","theme-transparent-header-meta":"default","adv-header-id-meta":"","stick-header-meta":"","header-above-stick-meta":"","header-main-stick-meta":"","header-below-stick-meta":"","astra-migrate-meta-layouts":"default","ast-page-background-enabled":"default","ast-page-background-meta":{"desktop":{"background-color":"","background-image":"","background-repeat":"repeat","background-position":"center center","background-size":"auto","background-attachment":"scroll","background-type":"","background-media":"","overlay-type":"","overlay-color":"","overlay-opacity":"","overlay-gradient":""},"tablet":{"background-color":"","background-image":"","background-repeat":"repeat","background-position":"center center","background-size":"auto","background-attachment":"scroll","background-type":"","background-media":"","overlay-type":"","overlay-color":"","overlay-opacity":"","overlay-gradient":""},"mobile":{"background-color":"","background-image":"","background-repeat":"repeat","background-position":"center center","background-size":"auto","background-attachment":"scroll","background-type":"","background-media":"","overlay-type":"","overlay-color":"","overlay-opacity":"","overlay-gradient":""}},"ast-content-background-meta":{"desktop":{"background-color":"var(--ast-global-color-5)","background-image":"","background-repeat":"repeat","background-position":"center center","background-size":"auto","background-attachment":"scroll","background-type":"","background-media":"","overlay-type":"","overlay-color":"","overlay-opacity":"","overlay-gradient":""},"tablet":{"background-color":"var(--ast-global-color-5)","background-image":"","background-repeat":"repeat","background-position":"center center","background-size":"auto","background-attachment":"scroll","background-type":"","background-media":"","overlay-type":"","overlay-color":"","overlay-opacity":"","overlay-gradient":""},"mobile":{"background-color":"var(--ast-global-color-5)","background-image":"","background-repeat":"repeat","background-position":"center center","background-size":"auto","background-attachment":"scroll","background-type":"","background-media":"","overlay-type":"","overlay-color":"","overlay-opacity":"","overlay-gradient":""}},"_jetpack_memberships_contains_paid_content":false,"_joinchat":[],"footnotes":""},"categories":[2234],"tags":[8048,12777,2652,12776,741,2578],"class_list":["post-49538","post","type-post","status-publish","format-standard","has-post-thumbnail","hentry","category-policiales","tag-busqueda-de-paradero","tag-maria-jose-perinaso","tag-ministerio-publico-fiscal","tag-mujer-desaparecida","tag-policiales","tag-tio-pujio"],"yoast_head":"<!-- This site is optimized with the Yoast SEO plugin v26.8 - https:\/\/yoast.com\/product\/yoast-seo-wordpress\/ -->\n<title>Preocupaci\u00f3n por la desaparici\u00f3n de una mujer de T\u00edo Pujio - El Regional<\/title>\n<meta name=\"robots\" content=\"index, follow, max-snippet:-1, max-image-preview:large, max-video-preview:-1\" \/>\n<link rel=\"canonical\" href=\"http:\/\/elregionalvm.com.ar\/noticias-villa-maria\/preocupacion-por-la-desaparicion-de-una-mujer-de-tio-pujio\/\" \/>\n<meta property=\"og:locale\" content=\"es_ES\" \/>\n<meta property=\"og:type\" content=\"article\" \/>\n<meta property=\"og:title\" content=\"Preocupaci\u00f3n por la desaparici\u00f3n de una mujer de T\u00edo Pujio - El Regional\" \/>\n<meta property=\"og:description\" content=\"La Fiscal\u00eda de Instrucci\u00f3n del segundo Turno de Villa Maria, a cargo de Juliana Compa\u00f1ys, pide colaboraci\u00f3n para dar con el paradero de Mar\u00eda Jos\u00e9 Perinaso, de 56 a\u00f1os, quien se retir\u00f3 de su vivienda de la localidad de Tio Pujio este d\u00eda 13 de diciembre. Es de contextura mediana, tez blanca y cabellos rubios. [&hellip;]\" \/>\n<meta property=\"og:url\" content=\"http:\/\/elregionalvm.com.ar\/noticias-villa-maria\/preocupacion-por-la-desaparicion-de-una-mujer-de-tio-pujio\/\" \/>\n<meta property=\"og:site_name\" content=\"El Regional\" \/>\n<meta property=\"article:publisher\" content=\"https:\/\/www.facebook.com\/elregionalvm\" \/>\n<meta property=\"article:published_time\" content=\"2021-12-13T23:32:29+00:00\" \/>\n<meta property=\"article:modified_time\" content=\"2021-12-14T02:31:19+00:00\" \/>\n<meta property=\"og:image\" content=\"http:\/\/elregionalvm.com.ar\/noticias-villa-maria\/wp-content\/uploads\/2021\/12\/perinasso-ines-2.jpg\" \/>\n\t<meta property=\"og:image:width\" content=\"574\" \/>\n\t<meta property=\"og:image:height\" content=\"940\" \/>\n\t<meta property=\"og:image:type\" content=\"image\/jpeg\" \/>\n<meta name=\"author\" content=\"Contenidos El Regional\" \/>\n<meta name=\"twitter:card\" content=\"summary_large_image\" \/>\n<meta name=\"twitter:creator\" content=\"@elregionalvm1\" \/>\n<meta name=\"twitter:site\" content=\"@elregionalvm1\" \/>\n<meta name=\"twitter:label1\" content=\"Escrito por\" \/>\n\t<meta name=\"twitter:data1\" content=\"Contenidos El Regional\" \/>\n\t<meta name=\"twitter:label2\" content=\"Tiempo de lectura\" \/>\n\t<meta name=\"twitter:data2\" content=\"1 minuto\" \/>\n<script type=\"application\/ld+json\" class=\"yoast-schema-graph\">{\"@context\":\"https:\/\/schema.org\",\"@graph\":[{\"@type\":\"Article\",\"@id\":\"http:\/\/elregionalvm.com.ar\/noticias-villa-maria\/preocupacion-por-la-desaparicion-de-una-mujer-de-tio-pujio\/#article\",\"isPartOf\":{\"@id\":\"http:\/\/elregionalvm.com.ar\/noticias-villa-maria\/preocupacion-por-la-desaparicion-de-una-mujer-de-tio-pujio\/\"},\"author\":{\"name\":\"Contenidos El Regional\",\"@id\":\"http:\/\/elregionalvm.com.ar\/noticias-villa-maria\/#\/schema\/person\/a0fb9c422317faca23d50163151bc354\"},\"headline\":\"Preocupaci\u00f3n por la desaparici\u00f3n de una mujer de T\u00edo Pujio\",\"datePublished\":\"2021-12-13T23:32:29+00:00\",\"dateModified\":\"2021-12-14T02:31:19+00:00\",\"mainEntityOfPage\":{\"@id\":\"http:\/\/elregionalvm.com.ar\/noticias-villa-maria\/preocupacion-por-la-desaparicion-de-una-mujer-de-tio-pujio\/\"},\"wordCount\":99,\"commentCount\":0,\"image\":{\"@id\":\"http:\/\/elregionalvm.com.ar\/noticias-villa-maria\/preocupacion-por-la-desaparicion-de-una-mujer-de-tio-pujio\/#primaryimage\"},\"thumbnailUrl\":\"https:\/\/i0.wp.com\/elregionalvm.com.ar\/noticias-villa-maria\/wp-content\/uploads\/2021\/12\/perinasso-ines-2.jpg?fit=574%2C940&ssl=1\",\"keywords\":[\"Busqueda de paradero\",\"Mar\u00eda Jos\u00e9 Perinaso\",\"Ministerio P\u00fablico Fiscal\",\"mujer desaparecida\",\"Policiales\",\"T\u00edo Pujio\"],\"articleSection\":[\"Policiales\"],\"inLanguage\":\"es\",\"potentialAction\":[{\"@type\":\"CommentAction\",\"name\":\"Comment\",\"target\":[\"http:\/\/elregionalvm.com.ar\/noticias-villa-maria\/preocupacion-por-la-desaparicion-de-una-mujer-de-tio-pujio\/#respond\"]}]},{\"@type\":\"WebPage\",\"@id\":\"http:\/\/elregionalvm.com.ar\/noticias-villa-maria\/preocupacion-por-la-desaparicion-de-una-mujer-de-tio-pujio\/\",\"url\":\"http:\/\/elregionalvm.com.ar\/noticias-villa-maria\/preocupacion-por-la-desaparicion-de-una-mujer-de-tio-pujio\/\",\"name\":\"Preocupaci\u00f3n por la desaparici\u00f3n de una mujer de T\u00edo Pujio - El Regional\",\"isPartOf\":{\"@id\":\"http:\/\/elregionalvm.com.ar\/noticias-villa-maria\/#website\"},\"primaryImageOfPage\":{\"@id\":\"http:\/\/elregionalvm.com.ar\/noticias-villa-maria\/preocupacion-por-la-desaparicion-de-una-mujer-de-tio-pujio\/#primaryimage\"},\"image\":{\"@id\":\"http:\/\/elregionalvm.com.ar\/noticias-villa-maria\/preocupacion-por-la-desaparicion-de-una-mujer-de-tio-pujio\/#primaryimage\"},\"thumbnailUrl\":\"https:\/\/i0.wp.com\/elregionalvm.com.ar\/noticias-villa-maria\/wp-content\/uploads\/2021\/12\/perinasso-ines-2.jpg?fit=574%2C940&ssl=1\",\"datePublished\":\"2021-12-13T23:32:29+00:00\",\"dateModified\":\"2021-12-14T02:31:19+00:00\",\"author\":{\"@id\":\"http:\/\/elregionalvm.com.ar\/noticias-villa-maria\/#\/schema\/person\/a0fb9c422317faca23d50163151bc354\"},\"breadcrumb\":{\"@id\":\"http:\/\/elregionalvm.com.ar\/noticias-villa-maria\/preocupacion-por-la-desaparicion-de-una-mujer-de-tio-pujio\/#breadcrumb\"},\"inLanguage\":\"es\",\"potentialAction\":[{\"@type\":\"ReadAction\",\"target\":[\"http:\/\/elregionalvm.com.ar\/noticias-villa-maria\/preocupacion-por-la-desaparicion-de-una-mujer-de-tio-pujio\/\"]}]},{\"@type\":\"ImageObject\",\"inLanguage\":\"es\",\"@id\":\"http:\/\/elregionalvm.com.ar\/noticias-villa-maria\/preocupacion-por-la-desaparicion-de-una-mujer-de-tio-pujio\/#primaryimage\",\"url\":\"https:\/\/i0.wp.com\/elregionalvm.com.ar\/noticias-villa-maria\/wp-content\/uploads\/2021\/12\/perinasso-ines-2.jpg?fit=574%2C940&ssl=1\",\"contentUrl\":\"https:\/\/i0.wp.com\/elregionalvm.com.ar\/noticias-villa-maria\/wp-content\/uploads\/2021\/12\/perinasso-ines-2.jpg?fit=574%2C940&ssl=1\",\"width\":574,\"height\":940},{\"@type\":\"BreadcrumbList\",\"@id\":\"http:\/\/elregionalvm.com.ar\/noticias-villa-maria\/preocupacion-por-la-desaparicion-de-una-mujer-de-tio-pujio\/#breadcrumb\",\"itemListElement\":[{\"@type\":\"ListItem\",\"position\":1,\"name\":\"Portada\",\"item\":\"https:\/\/elregionalvm.com.ar\/noticias-villa-maria\/\"},{\"@type\":\"ListItem\",\"position\":2,\"name\":\"Preocupaci\u00f3n por la desaparici\u00f3n de una mujer de T\u00edo Pujio\"}]},{\"@type\":\"WebSite\",\"@id\":\"http:\/\/elregionalvm.com.ar\/noticias-villa-maria\/#website\",\"url\":\"http:\/\/elregionalvm.com.ar\/noticias-villa-maria\/\",\"name\":\"El Regional\",\"description\":\"Mucho m\u00e1s que informaci\u00f3n\",\"potentialAction\":[{\"@type\":\"SearchAction\",\"target\":{\"@type\":\"EntryPoint\",\"urlTemplate\":\"http:\/\/elregionalvm.com.ar\/noticias-villa-maria\/?s={search_term_string}\"},\"query-input\":{\"@type\":\"PropertyValueSpecification\",\"valueRequired\":true,\"valueName\":\"search_term_string\"}}],\"inLanguage\":\"es\"},{\"@type\":\"Person\",\"@id\":\"http:\/\/elregionalvm.com.ar\/noticias-villa-maria\/#\/schema\/person\/a0fb9c422317faca23d50163151bc354\",\"name\":\"Contenidos El Regional\",\"image\":{\"@type\":\"ImageObject\",\"inLanguage\":\"es\",\"@id\":\"http:\/\/elregionalvm.com.ar\/noticias-villa-maria\/#\/schema\/person\/image\/\",\"url\":\"https:\/\/secure.gravatar.com\/avatar\/265b27cb2209af7bb3a1318f03305787d7981a5cc6e6cd08fe5a4ecdf99d4b48?s=96&d=mm&r=g\",\"contentUrl\":\"https:\/\/secure.gravatar.com\/avatar\/265b27cb2209af7bb3a1318f03305787d7981a5cc6e6cd08fe5a4ecdf99d4b48?s=96&d=mm&r=g\",\"caption\":\"Contenidos El Regional\"},\"url\":\"https:\/\/elregionalvm.com.ar\/noticias-villa-maria\/author\/contenido\/\"}]}<\/script>\n<!-- \/ Yoast SEO plugin. -->","yoast_head_json":{"title":"Preocupaci\u00f3n por la desaparici\u00f3n de una mujer de T\u00edo Pujio - El Regional","robots":{"index":"index","follow":"follow","max-snippet":"max-snippet:-1","max-image-preview":"max-image-preview:large","max-video-preview":"max-video-preview:-1"},"canonical":"http:\/\/elregionalvm.com.ar\/noticias-villa-maria\/preocupacion-por-la-desaparicion-de-una-mujer-de-tio-pujio\/","og_locale":"es_ES","og_type":"article","og_title":"Preocupaci\u00f3n por la desaparici\u00f3n de una mujer de T\u00edo Pujio - El Regional","og_description":"La Fiscal\u00eda de Instrucci\u00f3n del segundo Turno de Villa Maria, a cargo de Juliana Compa\u00f1ys, pide colaboraci\u00f3n para dar con el paradero de Mar\u00eda Jos\u00e9 Perinaso, de 56 a\u00f1os, quien se retir\u00f3 de su vivienda de la localidad de Tio Pujio este d\u00eda 13 de diciembre. Es de contextura mediana, tez blanca y cabellos rubios. [&hellip;]","og_url":"http:\/\/elregionalvm.com.ar\/noticias-villa-maria\/preocupacion-por-la-desaparicion-de-una-mujer-de-tio-pujio\/","og_site_name":"El Regional","article_publisher":"https:\/\/www.facebook.com\/elregionalvm","article_published_time":"2021-12-13T23:32:29+00:00","article_modified_time":"2021-12-14T02:31:19+00:00","og_image":[{"width":574,"height":940,"url":"http:\/\/elregionalvm.com.ar\/noticias-villa-maria\/wp-content\/uploads\/2021\/12\/perinasso-ines-2.jpg","type":"image\/jpeg"}],"author":"Contenidos El Regional","twitter_card":"summary_large_image","twitter_creator":"@elregionalvm1","twitter_site":"@elregionalvm1","twitter_misc":{"Escrito por":"Contenidos El Regional","Tiempo de lectura":"1 minuto"},"schema":{"@context":"https:\/\/schema.org","@graph":[{"@type":"Article","@id":"http:\/\/elregionalvm.com.ar\/noticias-villa-maria\/preocupacion-por-la-desaparicion-de-una-mujer-de-tio-pujio\/#article","isPartOf":{"@id":"http:\/\/elregionalvm.com.ar\/noticias-villa-maria\/preocupacion-por-la-desaparicion-de-una-mujer-de-tio-pujio\/"},"author":{"name":"Contenidos El Regional","@id":"http:\/\/elregionalvm.com.ar\/noticias-villa-maria\/#\/schema\/person\/a0fb9c422317faca23d50163151bc354"},"headline":"Preocupaci\u00f3n por la desaparici\u00f3n de una mujer de T\u00edo Pujio","datePublished":"2021-12-13T23:32:29+00:00","dateModified":"2021-12-14T02:31:19+00:00","mainEntityOfPage":{"@id":"http:\/\/elregionalvm.com.ar\/noticias-villa-maria\/preocupacion-por-la-desaparicion-de-una-mujer-de-tio-pujio\/"},"wordCount":99,"commentCount":0,"image":{"@id":"http:\/\/elregionalvm.com.ar\/noticias-villa-maria\/preocupacion-por-la-desaparicion-de-una-mujer-de-tio-pujio\/#primaryimage"},"thumbnailUrl":"https:\/\/i0.wp.com\/elregionalvm.com.ar\/noticias-villa-maria\/wp-content\/uploads\/2021\/12\/perinasso-ines-2.jpg?fit=574%2C940&ssl=1","keywords":["Busqueda de paradero","Mar\u00eda Jos\u00e9 Perinaso","Ministerio P\u00fablico Fiscal","mujer desaparecida","Policiales","T\u00edo Pujio"],"articleSection":["Policiales"],"inLanguage":"es","potentialAction":[{"@type":"CommentAction","name":"Comment","target":["http:\/\/elregionalvm.com.ar\/noticias-villa-maria\/preocupacion-por-la-desaparicion-de-una-mujer-de-tio-pujio\/#respond"]}]},{"@type":"WebPage","@id":"http:\/\/elregionalvm.com.ar\/noticias-villa-maria\/preocupacion-por-la-desaparicion-de-una-mujer-de-tio-pujio\/","url":"http:\/\/elregionalvm.com.ar\/noticias-villa-maria\/preocupacion-por-la-desaparicion-de-una-mujer-de-tio-pujio\/","name":"Preocupaci\u00f3n por la desaparici\u00f3n de una mujer de T\u00edo Pujio - El Regional","isPartOf":{"@id":"http:\/\/elregionalvm.com.ar\/noticias-villa-maria\/#website"},"primaryImageOfPage":{"@id":"http:\/\/elregionalvm.com.ar\/noticias-villa-maria\/preocupacion-por-la-desaparicion-de-una-mujer-de-tio-pujio\/#primaryimage"},"image":{"@id":"http:\/\/elregionalvm.com.ar\/noticias-villa-maria\/preocupacion-por-la-desaparicion-de-una-mujer-de-tio-pujio\/#primaryimage"},"thumbnailUrl":"https:\/\/i0.wp.com\/elregionalvm.com.ar\/noticias-villa-maria\/wp-content\/uploads\/2021\/12\/perinasso-ines-2.jpg?fit=574%2C940&ssl=1","datePublished":"2021-12-13T23:32:29+00:00","dateModified":"2021-12-14T02:31:19+00:00","author":{"@id":"http:\/\/elregionalvm.com.ar\/noticias-villa-maria\/#\/schema\/person\/a0fb9c422317faca23d50163151bc354"},"breadcrumb":{"@id":"http:\/\/elregionalvm.com.ar\/noticias-villa-maria\/preocupacion-por-la-desaparicion-de-una-mujer-de-tio-pujio\/#breadcrumb"},"inLanguage":"es","potentialAction":[{"@type":"ReadAction","target":["http:\/\/elregionalvm.com.ar\/noticias-villa-maria\/preocupacion-por-la-desaparicion-de-una-mujer-de-tio-pujio\/"]}]},{"@type":"ImageObject","inLanguage":"es","@id":"http:\/\/elregionalvm.com.ar\/noticias-villa-maria\/preocupacion-por-la-desaparicion-de-una-mujer-de-tio-pujio\/#primaryimage","url":"https:\/\/i0.wp.com\/elregionalvm.com.ar\/noticias-villa-maria\/wp-content\/uploads\/2021\/12\/perinasso-ines-2.jpg?fit=574%2C940&ssl=1","contentUrl":"https:\/\/i0.wp.com\/elregionalvm.com.ar\/noticias-villa-maria\/wp-content\/uploads\/2021\/12\/perinasso-ines-2.jpg?fit=574%2C940&ssl=1","width":574,"height":940},{"@type":"BreadcrumbList","@id":"http:\/\/elregionalvm.com.ar\/noticias-villa-maria\/preocupacion-por-la-desaparicion-de-una-mujer-de-tio-pujio\/#breadcrumb","itemListElement":[{"@type":"ListItem","position":1,"name":"Portada","item":"https:\/\/elregionalvm.com.ar\/noticias-villa-maria\/"},{"@type":"ListItem","position":2,"name":"Preocupaci\u00f3n por la desaparici\u00f3n de una mujer de T\u00edo Pujio"}]},{"@type":"WebSite","@id":"http:\/\/elregionalvm.com.ar\/noticias-villa-maria\/#website","url":"http:\/\/elregionalvm.com.ar\/noticias-villa-maria\/","name":"El Regional","description":"Mucho m\u00e1s que informaci\u00f3n","potentialAction":[{"@type":"SearchAction","target":{"@type":"EntryPoint","urlTemplate":"http:\/\/elregionalvm.com.ar\/noticias-villa-maria\/?s={search_term_string}"},"query-input":{"@type":"PropertyValueSpecification","valueRequired":true,"valueName":"search_term_string"}}],"inLanguage":"es"},{"@type":"Person","@id":"http:\/\/elregionalvm.com.ar\/noticias-villa-maria\/#\/schema\/person\/a0fb9c422317faca23d50163151bc354","name":"Contenidos El Regional","image":{"@type":"ImageObject","inLanguage":"es","@id":"http:\/\/elregionalvm.com.ar\/noticias-villa-maria\/#\/schema\/person\/image\/","url":"https:\/\/secure.gravatar.com\/avatar\/265b27cb2209af7bb3a1318f03305787d7981a5cc6e6cd08fe5a4ecdf99d4b48?s=96&d=mm&r=g","contentUrl":"https:\/\/secure.gravatar.com\/avatar\/265b27cb2209af7bb3a1318f03305787d7981a5cc6e6cd08fe5a4ecdf99d4b48?s=96&d=mm&r=g","caption":"Contenidos El Regional"},"url":"https:\/\/elregionalvm.com.ar\/noticias-villa-maria\/author\/contenido\/"}]}},"jetpack_featured_media_url":"https:\/\/i0.wp.com\/elregionalvm.com.ar\/noticias-villa-maria\/wp-content\/uploads\/2021\/12\/perinasso-ines-2.jpg?fit=574%2C940&ssl=1","jetpack_sharing_enabled":true,"_links":{"self":[{"href":"https:\/\/elregionalvm.com.ar\/noticias-villa-maria\/wp-json\/wp\/v2\/posts\/49538","targetHints":{"allow":["GET"]}}],"collection":[{"href":"https:\/\/elregionalvm.com.ar\/noticias-villa-maria\/wp-json\/wp\/v2\/posts"}],"about":[{"href":"https:\/\/elregionalvm.com.ar\/noticias-villa-maria\/wp-json\/wp\/v2\/types\/post"}],"author":[{"embeddable":true,"href":"https:\/\/elregionalvm.com.ar\/noticias-villa-maria\/wp-json\/wp\/v2\/users\/4"}],"replies":[{"embeddable":true,"href":"https:\/\/elregionalvm.com.ar\/noticias-villa-maria\/wp-json\/wp\/v2\/comments?post=49538"}],"version-history":[{"count":2,"href":"https:\/\/elregionalvm.com.ar\/noticias-villa-maria\/wp-json\/wp\/v2\/posts\/49538\/revisions"}],"predecessor-version":[{"id":49560,"href":"https:\/\/elregionalvm.com.ar\/noticias-villa-maria\/wp-json\/wp\/v2\/posts\/49538\/revisions\/49560"}],"wp:featuredmedia":[{"embeddable":true,"href":"https:\/\/elregionalvm.com.ar\/noticias-villa-maria\/wp-json\/wp\/v2\/media\/49541"}],"wp:attachment":[{"href":"https:\/\/elregionalvm.com.ar\/noticias-villa-maria\/wp-json\/wp\/v2\/media?parent=49538"}],"wp:term":[{"taxonomy":"category","embeddable":true,"href":"https:\/\/elregionalvm.com.ar\/noticias-villa-maria\/wp-json\/wp\/v2\/categories?post=49538"},{"taxonomy":"post_tag","embeddable":true,"href":"https:\/\/elregionalvm.com.ar\/noticias-villa-maria\/wp-json\/wp\/v2\/tags?post=49538"}],"curies":[{"name":"wp","href":"https:\/\/api.w.org\/{rel}","templated":true}]}}