{"id":49563,"date":"2021-12-14T04:48:55","date_gmt":"2021-12-14T04:48:55","guid":{"rendered":"https:\/\/elregionalvm.com.ar\/noticias-villa-maria\/?p=49563"},"modified":"2021-12-15T01:48:41","modified_gmt":"2021-12-15T01:48:41","slug":"tio-pujio-conmocion-por-la-muerte-de-la-docente-maria-jose-perinazo","status":"publish","type":"post","link":"https:\/\/elregionalvm.com.ar\/noticias-villa-maria\/tio-pujio-conmocion-por-la-muerte-de-la-docente-maria-jose-perinazo\/","title":{"rendered":"[T\u00edo Pujio] Conmoci\u00f3n por la muerte de la docente Mar\u00eda Jos\u00e9 Perinazo"},"content":{"rendered":"\n<p><\/p>\n\n\n\n<p><strong>Escribe: Carolina Durand<\/strong><\/p>\n\n\n\n<p><\/p>\n\n\n\n<p>En las \u00faltimas horas de este lunes, la Fiscal\u00eda de Instrucci\u00f3n del segundo Turno Villa Mar\u00eda, a cargo de la fiscal Juliana Companys, hab\u00eda dado aviso de la intensa b\u00fasqueda de una vecina tras haberse retirado de su vivienda en la localidad de T\u00edo Pujio.<\/p>\n\n\n\n<p>A las pocas horas, las misma Fiscal\u00eda inform\u00f3 que, fue hallada sin vida la tiopujiense, Mar\u00eda Jos\u00e9 Perinazo, de 56 a\u00f1os de edad. Desde la entidad judicial investigan las causas que derivaron en la muerte.<\/p>\n\n\n\n<p>La docente fue encontrada en la zona rural de Oncativo, confirm\u00f3 a este medio la fiscal Juliana Companys a cargo de la investigaci\u00f3n.<\/p>\n\n\n\n<p>Su sorpresiva muerte gener\u00f3 conmoci\u00f3n en la localidad de donde era oriunda. Ten\u00eda una amplia trayectoria como maestra de nivel primario. <\/p>\n\n\n\n<p><\/p>\n\n\n\n<figure class=\"wp-block-embed is-type-wp-embed is-provider-el-regional wp-block-embed-el-regional\"><div class=\"wp-block-embed__wrapper\">\n<blockquote class=\"wp-embedded-content\" data-secret=\"bNGxrpU8RQ\"><a href=\"https:\/\/elregionalvm.com.ar\/noticias-villa-maria\/hallaron-sin-vida-a-la-mujer-desaparecida-en-tio-pujio\/\">Hallaron sin vida a la mujer desaparecida en T\u00edo Pujio<\/a><\/blockquote><iframe class=\"wp-embedded-content\" sandbox=\"allow-scripts\" security=\"restricted\" style=\"position: absolute; visibility: hidden;\" title=\"\u00abHallaron sin vida a la mujer desaparecida en T\u00edo Pujio\u00bb \u2014 El Regional\" src=\"https:\/\/elregionalvm.com.ar\/noticias-villa-maria\/hallaron-sin-vida-a-la-mujer-desaparecida-en-tio-pujio\/embed\/#?secret=uEVXdPfsDf#?secret=bNGxrpU8RQ\" data-secret=\"bNGxrpU8RQ\" width=\"500\" height=\"282\" frameborder=\"0\" marginwidth=\"0\" marginheight=\"0\" scrolling=\"no\"><\/iframe>\n<\/div><\/figure>\n\n\n\n<p><strong>Docente rural<\/strong><\/p>\n\n\n\n<p>Mar\u00eda Jos\u00e9 Perinazo fue la primera docente titular de la escuela rural Fray Reginaldo Delgado.<\/p>\n\n\n\n<p>Una de las \u00faltimas entrevistas en la que se la escuch\u00f3 hablar sobre su recorrido acad\u00e9mico, fue en el programa especial que realiz\u00f3 el Multimedios T\u00edo Pujio al cumplirse en el a\u00f1o 2020 el centenario de la instituci\u00f3n educativa.<\/p>\n\n\n\n<p>Tras 24 a\u00f1os como maestra titular, expres\u00f3 en aquel momento: \u201cLa escuela rural Fray Reginaldo Delgado es una instituci\u00f3n que marc\u00f3 mi vida. Yo era docente titular de la escuela Alberdi en Villa Mar\u00eda y un 12 de febrero, cuando se hizo el cambio del plan educativo y dejaron de cursarse los s\u00e9ptimos grados, tuve que elegir una escuela para ocupar un lugar y, sin saber por qu\u00e9, empec\u00e9 a preguntar por una escuela rural que tuviera una vacante\u201d.<\/p>\n\n\n\n<p><\/p>\n\n\n\n<figure class=\"wp-block-image size-large\"><img data-recalc-dims=\"1\" fetchpriority=\"high\" decoding=\"async\" width=\"1024\" height=\"806\" src=\"https:\/\/i0.wp.com\/elregionalvm.com.ar\/noticias-villa-maria\/wp-content\/uploads\/2021\/12\/mjp-2.jpg?resize=1024%2C806&#038;ssl=1\" alt=\"\" class=\"wp-image-49564\" srcset=\"https:\/\/i0.wp.com\/elregionalvm.com.ar\/noticias-villa-maria\/wp-content\/uploads\/2021\/12\/mjp-2.jpg?resize=1024%2C806&amp;ssl=1 1024w, https:\/\/i0.wp.com\/elregionalvm.com.ar\/noticias-villa-maria\/wp-content\/uploads\/2021\/12\/mjp-2.jpg?resize=300%2C236&amp;ssl=1 300w, https:\/\/i0.wp.com\/elregionalvm.com.ar\/noticias-villa-maria\/wp-content\/uploads\/2021\/12\/mjp-2.jpg?resize=768%2C605&amp;ssl=1 768w, https:\/\/i0.wp.com\/elregionalvm.com.ar\/noticias-villa-maria\/wp-content\/uploads\/2021\/12\/mjp-2.jpg?w=1200&amp;ssl=1 1200w\" sizes=\"(max-width: 1000px) 100vw, 1000px\" \/><\/figure>\n\n\n\n<p><\/p>\n\n\n\n<p>Y agreg\u00f3: \u201cAl poco tiempo me lleg\u00f3 la informaci\u00f3n que en Yucat estaban necesitado una docente, y cuando llegu\u00e9 al lugar, la vi y me dije: \u2018ac\u00e1 me quedo hasta que me jubile\u2019\u201d.<\/p>\n\n\n\n<p>Perinazo tuvo una gran vocaci\u00f3n por la educaci\u00f3n y por los alumnos que asistieron a la instituci\u00f3n rural. Su amor y compromiso con los ni\u00f1os y las familias, qued\u00f3 plasmada en acciones y la gratitud de la gente comunidad.<\/p>\n\n\n\n<p><\/p>\n\n\n\n<ul class=\"wp-block-list\"><li><strong>Ver m\u00e1s: <\/strong><\/li><\/ul>\n\n\n\n<p><\/p>\n\n\n\n<figure class=\"wp-block-embed is-type-video is-provider-youtube wp-block-embed-youtube wp-embed-aspect-16-9 wp-has-aspect-ratio\"><div class=\"wp-block-embed__wrapper\">\n<iframe title=\"PROGRAMA ESPECIAL 100 A\u00d1OS ESC. FARY REGINALDO DELGADO: NOTA MAR\u00cdA JOS\u00c9 PERINAZO.\" width=\"500\" height=\"281\" src=\"https:\/\/www.youtube.com\/embed\/vyuuBP8SjP8?list=PLA27zuihFtCjOwuVHdUpfxt721NP_f_wV\" frameborder=\"0\" allow=\"accelerometer; autoplay; clipboard-write; encrypted-media; gyroscope; picture-in-picture; web-share\" referrerpolicy=\"strict-origin-when-cross-origin\" allowfullscreen><\/iframe>\n<\/div><figcaption><strong><em>Programa especial, 100 a\u00f1os de la escuela Fary Reginaldo Delgado: nota a Mar\u00eda Jos\u00e9 Perinazo, rememorando sus 24 a\u00f1os en la instituci\u00f3n.<\/em><\/strong><\/figcaption><\/figure>\n","protected":false},"excerpt":{"rendered":"<p>Escribe: Carolina Durand En las \u00faltimas horas de este lunes, la Fiscal\u00eda de Instrucci\u00f3n del segundo Turno Villa Mar\u00eda, a cargo de la fiscal Juliana Companys, hab\u00eda dado aviso de la intensa b\u00fasqueda de una vecina tras haberse retirado de su vivienda en la localidad de T\u00edo Pujio. A las pocas horas, las misma Fiscal\u00eda [&hellip;]<\/p>\n","protected":false},"author":4,"featured_media":49567,"comment_status":"open","ping_status":"open","sticky":false,"template":"","format":"standard","meta":{"site-sidebar-layout":"default","site-content-layout":"default","ast-site-content-layout":"default","site-content-style":"default","site-sidebar-style":"default","ast-global-header-display":"","ast-banner-title-visibility":"","ast-main-header-display":"","ast-hfb-above-header-display":"","ast-hfb-below-header-display":"","ast-hfb-mobile-header-display":"","site-post-title":"","ast-breadcrumbs-content":"","ast-featured-img":"","footer-sml-layout":"","ast-disable-related-posts":"","theme-transparent-header-meta":"default","adv-header-id-meta":"","stick-header-meta":"","header-above-stick-meta":"","header-main-stick-meta":"","header-below-stick-meta":"","astra-migrate-meta-layouts":"default","ast-page-background-enabled":"default","ast-page-background-meta":{"desktop":{"background-color":"","background-image":"","background-repeat":"repeat","background-position":"center center","background-size":"auto","background-attachment":"scroll","background-type":"","background-media":"","overlay-type":"","overlay-color":"","overlay-opacity":"","overlay-gradient":""},"tablet":{"background-color":"","background-image":"","background-repeat":"repeat","background-position":"center center","background-size":"auto","background-attachment":"scroll","background-type":"","background-media":"","overlay-type":"","overlay-color":"","overlay-opacity":"","overlay-gradient":""},"mobile":{"background-color":"","background-image":"","background-repeat":"repeat","background-position":"center center","background-size":"auto","background-attachment":"scroll","background-type":"","background-media":"","overlay-type":"","overlay-color":"","overlay-opacity":"","overlay-gradient":""}},"ast-content-background-meta":{"desktop":{"background-color":"var(--ast-global-color-5)","background-image":"","background-repeat":"repeat","background-position":"center center","background-size":"auto","background-attachment":"scroll","background-type":"","background-media":"","overlay-type":"","overlay-color":"","overlay-opacity":"","overlay-gradient":""},"tablet":{"background-color":"var(--ast-global-color-5)","background-image":"","background-repeat":"repeat","background-position":"center center","background-size":"auto","background-attachment":"scroll","background-type":"","background-media":"","overlay-type":"","overlay-color":"","overlay-opacity":"","overlay-gradient":""},"mobile":{"background-color":"var(--ast-global-color-5)","background-image":"","background-repeat":"repeat","background-position":"center center","background-size":"auto","background-attachment":"scroll","background-type":"","background-media":"","overlay-type":"","overlay-color":"","overlay-opacity":"","overlay-gradient":""}},"_jetpack_memberships_contains_paid_content":false,"_joinchat":[],"footnotes":""},"categories":[2234,2091,3557,2074],"tags":[4783,11192,2259,10480,2471,3188,26,2578],"class_list":["post-49563","post","type-post","status-publish","format-standard","has-post-thumbnail","hentry","category-policiales","category-region","category-tercera","category-videos","tag-conmocion","tag-desaparecida","tag-docente","tag-escuela-rural","tag-fiscal-companys","tag-hallazgo","tag-mujer","tag-tio-pujio"],"yoast_head":"<!-- This site is optimized with the Yoast SEO plugin v26.8 - https:\/\/yoast.com\/product\/yoast-seo-wordpress\/ -->\n<title>[T\u00edo Pujio] Conmoci\u00f3n por la muerte de la docente Mar\u00eda Jos\u00e9 Perinazo - El Regional<\/title>\n<meta name=\"description\" content=\"Su sorpresiva muerte gener\u00f3 conmoci\u00f3n en la localidad de donde era oriunda. Ten\u00eda una amplia trayectoria como maestra de nivel primario.\" \/>\n<meta name=\"robots\" content=\"index, follow, max-snippet:-1, max-image-preview:large, max-video-preview:-1\" \/>\n<link rel=\"canonical\" href=\"http:\/\/elregionalvm.com.ar\/noticias-villa-maria\/tio-pujio-conmocion-por-la-muerte-de-la-docente-maria-jose-perinazo\/\" \/>\n<meta property=\"og:locale\" content=\"es_ES\" \/>\n<meta property=\"og:type\" content=\"article\" \/>\n<meta property=\"og:title\" content=\"[T\u00edo Pujio] Conmoci\u00f3n por la muerte de la docente Mar\u00eda Jos\u00e9 Perinazo - El Regional\" \/>\n<meta property=\"og:description\" content=\"Su sorpresiva muerte gener\u00f3 conmoci\u00f3n en la localidad de donde era oriunda. Ten\u00eda una amplia trayectoria como maestra de nivel primario.\" \/>\n<meta property=\"og:url\" content=\"http:\/\/elregionalvm.com.ar\/noticias-villa-maria\/tio-pujio-conmocion-por-la-muerte-de-la-docente-maria-jose-perinazo\/\" \/>\n<meta property=\"og:site_name\" content=\"El Regional\" \/>\n<meta property=\"article:publisher\" content=\"https:\/\/www.facebook.com\/elregionalvm\" \/>\n<meta property=\"article:published_time\" content=\"2021-12-14T04:48:55+00:00\" \/>\n<meta property=\"article:modified_time\" content=\"2021-12-15T01:48:41+00:00\" \/>\n<meta property=\"og:image\" content=\"http:\/\/elregionalvm.com.ar\/noticias-villa-maria\/wp-content\/uploads\/2021\/12\/Maria-Jose-Perinazo-1-vertical-Tio-Pujio.jpg\" \/>\n\t<meta property=\"og:image:width\" content=\"467\" \/>\n\t<meta property=\"og:image:height\" content=\"719\" \/>\n\t<meta property=\"og:image:type\" content=\"image\/jpeg\" \/>\n<meta name=\"author\" content=\"Contenidos El Regional\" \/>\n<meta name=\"twitter:card\" content=\"summary_large_image\" \/>\n<meta name=\"twitter:creator\" content=\"@elregionalvm1\" \/>\n<meta name=\"twitter:site\" content=\"@elregionalvm1\" \/>\n<meta name=\"twitter:label1\" content=\"Escrito por\" \/>\n\t<meta name=\"twitter:data1\" content=\"Contenidos El Regional\" \/>\n\t<meta name=\"twitter:label2\" content=\"Tiempo de lectura\" \/>\n\t<meta name=\"twitter:data2\" content=\"2 minutos\" \/>\n<script type=\"application\/ld+json\" class=\"yoast-schema-graph\">{\"@context\":\"https:\/\/schema.org\",\"@graph\":[{\"@type\":\"Article\",\"@id\":\"http:\/\/elregionalvm.com.ar\/noticias-villa-maria\/tio-pujio-conmocion-por-la-muerte-de-la-docente-maria-jose-perinazo\/#article\",\"isPartOf\":{\"@id\":\"http:\/\/elregionalvm.com.ar\/noticias-villa-maria\/tio-pujio-conmocion-por-la-muerte-de-la-docente-maria-jose-perinazo\/\"},\"author\":{\"name\":\"Contenidos El Regional\",\"@id\":\"http:\/\/elregionalvm.com.ar\/noticias-villa-maria\/#\/schema\/person\/a0fb9c422317faca23d50163151bc354\"},\"headline\":\"[T\u00edo Pujio] Conmoci\u00f3n por la muerte de la docente Mar\u00eda Jos\u00e9 Perinazo\",\"datePublished\":\"2021-12-14T04:48:55+00:00\",\"dateModified\":\"2021-12-15T01:48:41+00:00\",\"mainEntityOfPage\":{\"@id\":\"http:\/\/elregionalvm.com.ar\/noticias-villa-maria\/tio-pujio-conmocion-por-la-muerte-de-la-docente-maria-jose-perinazo\/\"},\"wordCount\":421,\"commentCount\":0,\"image\":{\"@id\":\"http:\/\/elregionalvm.com.ar\/noticias-villa-maria\/tio-pujio-conmocion-por-la-muerte-de-la-docente-maria-jose-perinazo\/#primaryimage\"},\"thumbnailUrl\":\"https:\/\/i0.wp.com\/elregionalvm.com.ar\/noticias-villa-maria\/wp-content\/uploads\/2021\/12\/Maria-Jose-Perinazo-1-vertical-Tio-Pujio.jpg?fit=467%2C719&ssl=1\",\"keywords\":[\"Conmoci\u00f3n\",\"desaparecida\",\"docente\",\"Escuela Rural\",\"Fiscal Companys\",\"hallazgo\",\"mujer\",\"T\u00edo Pujio\"],\"articleSection\":[\"Policiales\",\"Regi\u00f3n\",\"tercera\",\"Videos\"],\"inLanguage\":\"es\",\"potentialAction\":[{\"@type\":\"CommentAction\",\"name\":\"Comment\",\"target\":[\"http:\/\/elregionalvm.com.ar\/noticias-villa-maria\/tio-pujio-conmocion-por-la-muerte-de-la-docente-maria-jose-perinazo\/#respond\"]}]},{\"@type\":\"WebPage\",\"@id\":\"http:\/\/elregionalvm.com.ar\/noticias-villa-maria\/tio-pujio-conmocion-por-la-muerte-de-la-docente-maria-jose-perinazo\/\",\"url\":\"http:\/\/elregionalvm.com.ar\/noticias-villa-maria\/tio-pujio-conmocion-por-la-muerte-de-la-docente-maria-jose-perinazo\/\",\"name\":\"[T\u00edo Pujio] Conmoci\u00f3n por la muerte de la docente Mar\u00eda Jos\u00e9 Perinazo - El Regional\",\"isPartOf\":{\"@id\":\"http:\/\/elregionalvm.com.ar\/noticias-villa-maria\/#website\"},\"primaryImageOfPage\":{\"@id\":\"http:\/\/elregionalvm.com.ar\/noticias-villa-maria\/tio-pujio-conmocion-por-la-muerte-de-la-docente-maria-jose-perinazo\/#primaryimage\"},\"image\":{\"@id\":\"http:\/\/elregionalvm.com.ar\/noticias-villa-maria\/tio-pujio-conmocion-por-la-muerte-de-la-docente-maria-jose-perinazo\/#primaryimage\"},\"thumbnailUrl\":\"https:\/\/i0.wp.com\/elregionalvm.com.ar\/noticias-villa-maria\/wp-content\/uploads\/2021\/12\/Maria-Jose-Perinazo-1-vertical-Tio-Pujio.jpg?fit=467%2C719&ssl=1\",\"datePublished\":\"2021-12-14T04:48:55+00:00\",\"dateModified\":\"2021-12-15T01:48:41+00:00\",\"author\":{\"@id\":\"http:\/\/elregionalvm.com.ar\/noticias-villa-maria\/#\/schema\/person\/a0fb9c422317faca23d50163151bc354\"},\"description\":\"Su sorpresiva muerte gener\u00f3 conmoci\u00f3n en la localidad de donde era oriunda. Ten\u00eda una amplia trayectoria como maestra de nivel primario.\",\"breadcrumb\":{\"@id\":\"http:\/\/elregionalvm.com.ar\/noticias-villa-maria\/tio-pujio-conmocion-por-la-muerte-de-la-docente-maria-jose-perinazo\/#breadcrumb\"},\"inLanguage\":\"es\",\"potentialAction\":[{\"@type\":\"ReadAction\",\"target\":[\"http:\/\/elregionalvm.com.ar\/noticias-villa-maria\/tio-pujio-conmocion-por-la-muerte-de-la-docente-maria-jose-perinazo\/\"]}]},{\"@type\":\"ImageObject\",\"inLanguage\":\"es\",\"@id\":\"http:\/\/elregionalvm.com.ar\/noticias-villa-maria\/tio-pujio-conmocion-por-la-muerte-de-la-docente-maria-jose-perinazo\/#primaryimage\",\"url\":\"https:\/\/i0.wp.com\/elregionalvm.com.ar\/noticias-villa-maria\/wp-content\/uploads\/2021\/12\/Maria-Jose-Perinazo-1-vertical-Tio-Pujio.jpg?fit=467%2C719&ssl=1\",\"contentUrl\":\"https:\/\/i0.wp.com\/elregionalvm.com.ar\/noticias-villa-maria\/wp-content\/uploads\/2021\/12\/Maria-Jose-Perinazo-1-vertical-Tio-Pujio.jpg?fit=467%2C719&ssl=1\",\"width\":467,\"height\":719},{\"@type\":\"BreadcrumbList\",\"@id\":\"http:\/\/elregionalvm.com.ar\/noticias-villa-maria\/tio-pujio-conmocion-por-la-muerte-de-la-docente-maria-jose-perinazo\/#breadcrumb\",\"itemListElement\":[{\"@type\":\"ListItem\",\"position\":1,\"name\":\"Portada\",\"item\":\"https:\/\/elregionalvm.com.ar\/noticias-villa-maria\/\"},{\"@type\":\"ListItem\",\"position\":2,\"name\":\"[T\u00edo Pujio] Conmoci\u00f3n por la muerte de la docente Mar\u00eda Jos\u00e9 Perinazo\"}]},{\"@type\":\"WebSite\",\"@id\":\"http:\/\/elregionalvm.com.ar\/noticias-villa-maria\/#website\",\"url\":\"http:\/\/elregionalvm.com.ar\/noticias-villa-maria\/\",\"name\":\"El Regional\",\"description\":\"Mucho m\u00e1s que informaci\u00f3n\",\"potentialAction\":[{\"@type\":\"SearchAction\",\"target\":{\"@type\":\"EntryPoint\",\"urlTemplate\":\"http:\/\/elregionalvm.com.ar\/noticias-villa-maria\/?s={search_term_string}\"},\"query-input\":{\"@type\":\"PropertyValueSpecification\",\"valueRequired\":true,\"valueName\":\"search_term_string\"}}],\"inLanguage\":\"es\"},{\"@type\":\"Person\",\"@id\":\"http:\/\/elregionalvm.com.ar\/noticias-villa-maria\/#\/schema\/person\/a0fb9c422317faca23d50163151bc354\",\"name\":\"Contenidos El Regional\",\"image\":{\"@type\":\"ImageObject\",\"inLanguage\":\"es\",\"@id\":\"http:\/\/elregionalvm.com.ar\/noticias-villa-maria\/#\/schema\/person\/image\/\",\"url\":\"https:\/\/secure.gravatar.com\/avatar\/265b27cb2209af7bb3a1318f03305787d7981a5cc6e6cd08fe5a4ecdf99d4b48?s=96&d=mm&r=g\",\"contentUrl\":\"https:\/\/secure.gravatar.com\/avatar\/265b27cb2209af7bb3a1318f03305787d7981a5cc6e6cd08fe5a4ecdf99d4b48?s=96&d=mm&r=g\",\"caption\":\"Contenidos El Regional\"},\"url\":\"https:\/\/elregionalvm.com.ar\/noticias-villa-maria\/author\/contenido\/\"}]}<\/script>\n<!-- \/ Yoast SEO plugin. -->","yoast_head_json":{"title":"[T\u00edo Pujio] Conmoci\u00f3n por la muerte de la docente Mar\u00eda Jos\u00e9 Perinazo - El Regional","description":"Su sorpresiva muerte gener\u00f3 conmoci\u00f3n en la localidad de donde era oriunda. Ten\u00eda una amplia trayectoria como maestra de nivel primario.","robots":{"index":"index","follow":"follow","max-snippet":"max-snippet:-1","max-image-preview":"max-image-preview:large","max-video-preview":"max-video-preview:-1"},"canonical":"http:\/\/elregionalvm.com.ar\/noticias-villa-maria\/tio-pujio-conmocion-por-la-muerte-de-la-docente-maria-jose-perinazo\/","og_locale":"es_ES","og_type":"article","og_title":"[T\u00edo Pujio] Conmoci\u00f3n por la muerte de la docente Mar\u00eda Jos\u00e9 Perinazo - El Regional","og_description":"Su sorpresiva muerte gener\u00f3 conmoci\u00f3n en la localidad de donde era oriunda. Ten\u00eda una amplia trayectoria como maestra de nivel primario.","og_url":"http:\/\/elregionalvm.com.ar\/noticias-villa-maria\/tio-pujio-conmocion-por-la-muerte-de-la-docente-maria-jose-perinazo\/","og_site_name":"El Regional","article_publisher":"https:\/\/www.facebook.com\/elregionalvm","article_published_time":"2021-12-14T04:48:55+00:00","article_modified_time":"2021-12-15T01:48:41+00:00","og_image":[{"width":467,"height":719,"url":"http:\/\/elregionalvm.com.ar\/noticias-villa-maria\/wp-content\/uploads\/2021\/12\/Maria-Jose-Perinazo-1-vertical-Tio-Pujio.jpg","type":"image\/jpeg"}],"author":"Contenidos El Regional","twitter_card":"summary_large_image","twitter_creator":"@elregionalvm1","twitter_site":"@elregionalvm1","twitter_misc":{"Escrito por":"Contenidos El Regional","Tiempo de lectura":"2 minutos"},"schema":{"@context":"https:\/\/schema.org","@graph":[{"@type":"Article","@id":"http:\/\/elregionalvm.com.ar\/noticias-villa-maria\/tio-pujio-conmocion-por-la-muerte-de-la-docente-maria-jose-perinazo\/#article","isPartOf":{"@id":"http:\/\/elregionalvm.com.ar\/noticias-villa-maria\/tio-pujio-conmocion-por-la-muerte-de-la-docente-maria-jose-perinazo\/"},"author":{"name":"Contenidos El Regional","@id":"http:\/\/elregionalvm.com.ar\/noticias-villa-maria\/#\/schema\/person\/a0fb9c422317faca23d50163151bc354"},"headline":"[T\u00edo Pujio] Conmoci\u00f3n por la muerte de la docente Mar\u00eda Jos\u00e9 Perinazo","datePublished":"2021-12-14T04:48:55+00:00","dateModified":"2021-12-15T01:48:41+00:00","mainEntityOfPage":{"@id":"http:\/\/elregionalvm.com.ar\/noticias-villa-maria\/tio-pujio-conmocion-por-la-muerte-de-la-docente-maria-jose-perinazo\/"},"wordCount":421,"commentCount":0,"image":{"@id":"http:\/\/elregionalvm.com.ar\/noticias-villa-maria\/tio-pujio-conmocion-por-la-muerte-de-la-docente-maria-jose-perinazo\/#primaryimage"},"thumbnailUrl":"https:\/\/i0.wp.com\/elregionalvm.com.ar\/noticias-villa-maria\/wp-content\/uploads\/2021\/12\/Maria-Jose-Perinazo-1-vertical-Tio-Pujio.jpg?fit=467%2C719&ssl=1","keywords":["Conmoci\u00f3n","desaparecida","docente","Escuela Rural","Fiscal Companys","hallazgo","mujer","T\u00edo Pujio"],"articleSection":["Policiales","Regi\u00f3n","tercera","Videos"],"inLanguage":"es","potentialAction":[{"@type":"CommentAction","name":"Comment","target":["http:\/\/elregionalvm.com.ar\/noticias-villa-maria\/tio-pujio-conmocion-por-la-muerte-de-la-docente-maria-jose-perinazo\/#respond"]}]},{"@type":"WebPage","@id":"http:\/\/elregionalvm.com.ar\/noticias-villa-maria\/tio-pujio-conmocion-por-la-muerte-de-la-docente-maria-jose-perinazo\/","url":"http:\/\/elregionalvm.com.ar\/noticias-villa-maria\/tio-pujio-conmocion-por-la-muerte-de-la-docente-maria-jose-perinazo\/","name":"[T\u00edo Pujio] Conmoci\u00f3n por la muerte de la docente Mar\u00eda Jos\u00e9 Perinazo - El Regional","isPartOf":{"@id":"http:\/\/elregionalvm.com.ar\/noticias-villa-maria\/#website"},"primaryImageOfPage":{"@id":"http:\/\/elregionalvm.com.ar\/noticias-villa-maria\/tio-pujio-conmocion-por-la-muerte-de-la-docente-maria-jose-perinazo\/#primaryimage"},"image":{"@id":"http:\/\/elregionalvm.com.ar\/noticias-villa-maria\/tio-pujio-conmocion-por-la-muerte-de-la-docente-maria-jose-perinazo\/#primaryimage"},"thumbnailUrl":"https:\/\/i0.wp.com\/elregionalvm.com.ar\/noticias-villa-maria\/wp-content\/uploads\/2021\/12\/Maria-Jose-Perinazo-1-vertical-Tio-Pujio.jpg?fit=467%2C719&ssl=1","datePublished":"2021-12-14T04:48:55+00:00","dateModified":"2021-12-15T01:48:41+00:00","author":{"@id":"http:\/\/elregionalvm.com.ar\/noticias-villa-maria\/#\/schema\/person\/a0fb9c422317faca23d50163151bc354"},"description":"Su sorpresiva muerte gener\u00f3 conmoci\u00f3n en la localidad de donde era oriunda. Ten\u00eda una amplia trayectoria como maestra de nivel primario.","breadcrumb":{"@id":"http:\/\/elregionalvm.com.ar\/noticias-villa-maria\/tio-pujio-conmocion-por-la-muerte-de-la-docente-maria-jose-perinazo\/#breadcrumb"},"inLanguage":"es","potentialAction":[{"@type":"ReadAction","target":["http:\/\/elregionalvm.com.ar\/noticias-villa-maria\/tio-pujio-conmocion-por-la-muerte-de-la-docente-maria-jose-perinazo\/"]}]},{"@type":"ImageObject","inLanguage":"es","@id":"http:\/\/elregionalvm.com.ar\/noticias-villa-maria\/tio-pujio-conmocion-por-la-muerte-de-la-docente-maria-jose-perinazo\/#primaryimage","url":"https:\/\/i0.wp.com\/elregionalvm.com.ar\/noticias-villa-maria\/wp-content\/uploads\/2021\/12\/Maria-Jose-Perinazo-1-vertical-Tio-Pujio.jpg?fit=467%2C719&ssl=1","contentUrl":"https:\/\/i0.wp.com\/elregionalvm.com.ar\/noticias-villa-maria\/wp-content\/uploads\/2021\/12\/Maria-Jose-Perinazo-1-vertical-Tio-Pujio.jpg?fit=467%2C719&ssl=1","width":467,"height":719},{"@type":"BreadcrumbList","@id":"http:\/\/elregionalvm.com.ar\/noticias-villa-maria\/tio-pujio-conmocion-por-la-muerte-de-la-docente-maria-jose-perinazo\/#breadcrumb","itemListElement":[{"@type":"ListItem","position":1,"name":"Portada","item":"https:\/\/elregionalvm.com.ar\/noticias-villa-maria\/"},{"@type":"ListItem","position":2,"name":"[T\u00edo Pujio] Conmoci\u00f3n por la muerte de la docente Mar\u00eda Jos\u00e9 Perinazo"}]},{"@type":"WebSite","@id":"http:\/\/elregionalvm.com.ar\/noticias-villa-maria\/#website","url":"http:\/\/elregionalvm.com.ar\/noticias-villa-maria\/","name":"El Regional","description":"Mucho m\u00e1s que informaci\u00f3n","potentialAction":[{"@type":"SearchAction","target":{"@type":"EntryPoint","urlTemplate":"http:\/\/elregionalvm.com.ar\/noticias-villa-maria\/?s={search_term_string}"},"query-input":{"@type":"PropertyValueSpecification","valueRequired":true,"valueName":"search_term_string"}}],"inLanguage":"es"},{"@type":"Person","@id":"http:\/\/elregionalvm.com.ar\/noticias-villa-maria\/#\/schema\/person\/a0fb9c422317faca23d50163151bc354","name":"Contenidos El Regional","image":{"@type":"ImageObject","inLanguage":"es","@id":"http:\/\/elregionalvm.com.ar\/noticias-villa-maria\/#\/schema\/person\/image\/","url":"https:\/\/secure.gravatar.com\/avatar\/265b27cb2209af7bb3a1318f03305787d7981a5cc6e6cd08fe5a4ecdf99d4b48?s=96&d=mm&r=g","contentUrl":"https:\/\/secure.gravatar.com\/avatar\/265b27cb2209af7bb3a1318f03305787d7981a5cc6e6cd08fe5a4ecdf99d4b48?s=96&d=mm&r=g","caption":"Contenidos El Regional"},"url":"https:\/\/elregionalvm.com.ar\/noticias-villa-maria\/author\/contenido\/"}]}},"jetpack_featured_media_url":"https:\/\/i0.wp.com\/elregionalvm.com.ar\/noticias-villa-maria\/wp-content\/uploads\/2021\/12\/Maria-Jose-Perinazo-1-vertical-Tio-Pujio.jpg?fit=467%2C719&ssl=1","jetpack_sharing_enabled":true,"_links":{"self":[{"href":"https:\/\/elregionalvm.com.ar\/noticias-villa-maria\/wp-json\/wp\/v2\/posts\/49563","targetHints":{"allow":["GET"]}}],"collection":[{"href":"https:\/\/elregionalvm.com.ar\/noticias-villa-maria\/wp-json\/wp\/v2\/posts"}],"about":[{"href":"https:\/\/elregionalvm.com.ar\/noticias-villa-maria\/wp-json\/wp\/v2\/types\/post"}],"author":[{"embeddable":true,"href":"https:\/\/elregionalvm.com.ar\/noticias-villa-maria\/wp-json\/wp\/v2\/users\/4"}],"replies":[{"embeddable":true,"href":"https:\/\/elregionalvm.com.ar\/noticias-villa-maria\/wp-json\/wp\/v2\/comments?post=49563"}],"version-history":[{"count":1,"href":"https:\/\/elregionalvm.com.ar\/noticias-villa-maria\/wp-json\/wp\/v2\/posts\/49563\/revisions"}],"predecessor-version":[{"id":49565,"href":"https:\/\/elregionalvm.com.ar\/noticias-villa-maria\/wp-json\/wp\/v2\/posts\/49563\/revisions\/49565"}],"wp:featuredmedia":[{"embeddable":true,"href":"https:\/\/elregionalvm.com.ar\/noticias-villa-maria\/wp-json\/wp\/v2\/media\/49567"}],"wp:attachment":[{"href":"https:\/\/elregionalvm.com.ar\/noticias-villa-maria\/wp-json\/wp\/v2\/media?parent=49563"}],"wp:term":[{"taxonomy":"category","embeddable":true,"href":"https:\/\/elregionalvm.com.ar\/noticias-villa-maria\/wp-json\/wp\/v2\/categories?post=49563"},{"taxonomy":"post_tag","embeddable":true,"href":"https:\/\/elregionalvm.com.ar\/noticias-villa-maria\/wp-json\/wp\/v2\/tags?post=49563"}],"curies":[{"name":"wp","href":"https:\/\/api.w.org\/{rel}","templated":true}]}}