{"id":49636,"date":"2021-12-14T22:04:24","date_gmt":"2021-12-14T22:04:24","guid":{"rendered":"https:\/\/elregionalvm.com.ar\/noticias-villa-maria\/?p=49636"},"modified":"2021-12-14T22:04:25","modified_gmt":"2021-12-14T22:04:25","slug":"millonario-robo-en-san-francisco-ladrones-detenidos-en-cordoba","status":"publish","type":"post","link":"https:\/\/elregionalvm.com.ar\/noticias-villa-maria\/millonario-robo-en-san-francisco-ladrones-detenidos-en-cordoba\/","title":{"rendered":"Millonario robo en San Francisco: ladrones detenidos en C\u00f3rdoba"},"content":{"rendered":"\n<p>La Fiscal\u00eda de Instrucci\u00f3n de 4\u00b0 Turno de la ciudad de San Francisco orden\u00f3 la detenci\u00f3n de seis personas, dos de ellas con pedido de captura vigente por hechos de gravedad, todos varones mayores de edad, oriundos de la ciudad de C\u00f3rdoba, quienes se encuentran sindicados en un millonario robo calificado por escalamiento ocurrido en julio de este a\u00f1o, en la ciudad de San Francisco.<\/p>\n\n\n\n<p>La investigaci\u00f3n fue llevada adelante por la Divisi\u00f3n Investigaciones de la Unidad Regional 6, a cargo del Comisario Pablo \u00c1lvarez, en forma conjunta con la Secci\u00f3n 1 de la Direcci\u00f3n de Investigaci\u00f3n Operativa (DIO) de Polic\u00eda Judicial a cargo der Luis Micheli,&nbsp; quienes llevaron condujeron los procedimientos. Tambi\u00e9n participaron dos equipos de asalto del Grupo T\u00e1ctico ETER, a cargo del Comisario Inspector Cristian G\u00f3mez, y colabor\u00f3 en el per\u00edmetro externo personal de la Polic\u00eda de. de C\u00f3rdoba.<\/p>\n\n\n\n<p>Se secuestraron tel\u00e9fonos celulares, un cami\u00f3n marca Scania, elementos de ferreter\u00eda y dem\u00e1s objetos de inter\u00e9s para la causa. La totalidad de los procedimientos fueron receptados en la Unidad Judicial Robos y Hurtos de la ciudad de C\u00f3rdoba.<\/p>\n\n\n\n<p>En relaci\u00f3n a los detenidos, la Secretaria de la Fiscal\u00eda de San Francisco a cargo de la coordinaci\u00f3n de los procedimientos, Mar\u00eda Eugenia Maldonado, dispuso el traslado, previa revisaci\u00f3n m\u00e9dica en el Departamento de Medicina Forense de Polic\u00eda Judicial, al Establecimiento Penitenciario 9 (U.C.A.) de la ciudad de C\u00f3rdoba.<\/p>\n","protected":false},"excerpt":{"rendered":"<p>La Fiscal\u00eda de Instrucci\u00f3n de 4\u00b0 Turno de la ciudad de San Francisco orden\u00f3 la detenci\u00f3n de seis personas, dos de ellas con pedido de captura vigente por hechos de gravedad, todos varones mayores de edad, oriundos de la ciudad de C\u00f3rdoba, quienes se encuentran sindicados en un millonario robo calificado por escalamiento ocurrido en [&hellip;]<\/p>\n","protected":false},"author":4,"featured_media":49637,"comment_status":"open","ping_status":"open","sticky":false,"template":"","format":"standard","meta":{"site-sidebar-layout":"default","site-content-layout":"default","ast-site-content-layout":"default","site-content-style":"default","site-sidebar-style":"default","ast-global-header-display":"","ast-banner-title-visibility":"","ast-main-header-display":"","ast-hfb-above-header-display":"","ast-hfb-below-header-display":"","ast-hfb-mobile-header-display":"","site-post-title":"","ast-breadcrumbs-content":"","ast-featured-img":"","footer-sml-layout":"","ast-disable-related-posts":"","theme-transparent-header-meta":"default","adv-header-id-meta":"","stick-header-meta":"","header-above-stick-meta":"","header-main-stick-meta":"","header-below-stick-meta":"","astra-migrate-meta-layouts":"default","ast-page-background-enabled":"default","ast-page-background-meta":{"desktop":{"background-color":"","background-image":"","background-repeat":"repeat","background-position":"center center","background-size":"auto","background-attachment":"scroll","background-type":"","background-media":"","overlay-type":"","overlay-color":"","overlay-opacity":"","overlay-gradient":""},"tablet":{"background-color":"","background-image":"","background-repeat":"repeat","background-position":"center center","background-size":"auto","background-attachment":"scroll","background-type":"","background-media":"","overlay-type":"","overlay-color":"","overlay-opacity":"","overlay-gradient":""},"mobile":{"background-color":"","background-image":"","background-repeat":"repeat","background-position":"center center","background-size":"auto","background-attachment":"scroll","background-type":"","background-media":"","overlay-type":"","overlay-color":"","overlay-opacity":"","overlay-gradient":""}},"ast-content-background-meta":{"desktop":{"background-color":"var(--ast-global-color-5)","background-image":"","background-repeat":"repeat","background-position":"center center","background-size":"auto","background-attachment":"scroll","background-type":"","background-media":"","overlay-type":"","overlay-color":"","overlay-opacity":"","overlay-gradient":""},"tablet":{"background-color":"var(--ast-global-color-5)","background-image":"","background-repeat":"repeat","background-position":"center center","background-size":"auto","background-attachment":"scroll","background-type":"","background-media":"","overlay-type":"","overlay-color":"","overlay-opacity":"","overlay-gradient":""},"mobile":{"background-color":"var(--ast-global-color-5)","background-image":"","background-repeat":"repeat","background-position":"center center","background-size":"auto","background-attachment":"scroll","background-type":"","background-media":"","overlay-type":"","overlay-color":"","overlay-opacity":"","overlay-gradient":""}},"_jetpack_memberships_contains_paid_content":false,"_joinchat":[],"footnotes":""},"categories":[2234],"tags":[12796,12794,1232,12793,12795,12792,741,2697],"class_list":["post-49636","post","type-post","status-publish","format-standard","has-post-thumbnail","hentry","category-policiales","tag-banda-de-cordoba","tag-camion-scania","tag-destacado","tag-detenidos-en-cordoba","tag-elementos-de-ferreteria","tag-millonario-robo","tag-policiales","tag-san-francisco"],"yoast_head":"<!-- This site is optimized with the Yoast SEO plugin v26.8 - https:\/\/yoast.com\/product\/yoast-seo-wordpress\/ -->\n<title>Millonario robo en San Francisco: ladrones detenidos en C\u00f3rdoba - El Regional<\/title>\n<meta name=\"robots\" content=\"index, follow, max-snippet:-1, max-image-preview:large, max-video-preview:-1\" \/>\n<link rel=\"canonical\" href=\"http:\/\/elregionalvm.com.ar\/noticias-villa-maria\/millonario-robo-en-san-francisco-ladrones-detenidos-en-cordoba\/\" \/>\n<meta property=\"og:locale\" content=\"es_ES\" \/>\n<meta property=\"og:type\" content=\"article\" \/>\n<meta property=\"og:title\" content=\"Millonario robo en San Francisco: ladrones detenidos en C\u00f3rdoba - El Regional\" \/>\n<meta property=\"og:description\" content=\"La Fiscal\u00eda de Instrucci\u00f3n de 4\u00b0 Turno de la ciudad de San Francisco orden\u00f3 la detenci\u00f3n de seis personas, dos de ellas con pedido de captura vigente por hechos de gravedad, todos varones mayores de edad, oriundos de la ciudad de C\u00f3rdoba, quienes se encuentran sindicados en un millonario robo calificado por escalamiento ocurrido en [&hellip;]\" \/>\n<meta property=\"og:url\" content=\"http:\/\/elregionalvm.com.ar\/noticias-villa-maria\/millonario-robo-en-san-francisco-ladrones-detenidos-en-cordoba\/\" \/>\n<meta property=\"og:site_name\" content=\"El Regional\" \/>\n<meta property=\"article:publisher\" content=\"https:\/\/www.facebook.com\/elregionalvm\" \/>\n<meta property=\"article:published_time\" content=\"2021-12-14T22:04:24+00:00\" \/>\n<meta property=\"article:modified_time\" content=\"2021-12-14T22:04:25+00:00\" \/>\n<meta property=\"og:image\" content=\"http:\/\/elregionalvm.com.ar\/noticias-villa-maria\/wp-content\/uploads\/2021\/12\/detenidos-san-francisco.jpg\" \/>\n\t<meta property=\"og:image:width\" content=\"515\" \/>\n\t<meta property=\"og:image:height\" content=\"716\" \/>\n\t<meta property=\"og:image:type\" content=\"image\/jpeg\" \/>\n<meta name=\"author\" content=\"Contenidos El Regional\" \/>\n<meta name=\"twitter:card\" content=\"summary_large_image\" \/>\n<meta name=\"twitter:creator\" content=\"@elregionalvm1\" \/>\n<meta name=\"twitter:site\" content=\"@elregionalvm1\" \/>\n<meta name=\"twitter:label1\" content=\"Escrito por\" \/>\n\t<meta name=\"twitter:data1\" content=\"Contenidos El Regional\" \/>\n\t<meta name=\"twitter:label2\" content=\"Tiempo de lectura\" \/>\n\t<meta name=\"twitter:data2\" content=\"2 minutos\" \/>\n<script type=\"application\/ld+json\" class=\"yoast-schema-graph\">{\"@context\":\"https:\/\/schema.org\",\"@graph\":[{\"@type\":\"Article\",\"@id\":\"http:\/\/elregionalvm.com.ar\/noticias-villa-maria\/millonario-robo-en-san-francisco-ladrones-detenidos-en-cordoba\/#article\",\"isPartOf\":{\"@id\":\"http:\/\/elregionalvm.com.ar\/noticias-villa-maria\/millonario-robo-en-san-francisco-ladrones-detenidos-en-cordoba\/\"},\"author\":{\"name\":\"Contenidos El Regional\",\"@id\":\"http:\/\/elregionalvm.com.ar\/noticias-villa-maria\/#\/schema\/person\/a0fb9c422317faca23d50163151bc354\"},\"headline\":\"Millonario robo en San Francisco: ladrones detenidos en C\u00f3rdoba\",\"datePublished\":\"2021-12-14T22:04:24+00:00\",\"dateModified\":\"2021-12-14T22:04:25+00:00\",\"mainEntityOfPage\":{\"@id\":\"http:\/\/elregionalvm.com.ar\/noticias-villa-maria\/millonario-robo-en-san-francisco-ladrones-detenidos-en-cordoba\/\"},\"wordCount\":269,\"commentCount\":0,\"image\":{\"@id\":\"http:\/\/elregionalvm.com.ar\/noticias-villa-maria\/millonario-robo-en-san-francisco-ladrones-detenidos-en-cordoba\/#primaryimage\"},\"thumbnailUrl\":\"https:\/\/i0.wp.com\/elregionalvm.com.ar\/noticias-villa-maria\/wp-content\/uploads\/2021\/12\/detenidos-san-francisco.jpg?fit=515%2C716&ssl=1\",\"keywords\":[\"banda de C\u00f3rdoba\",\"cami\u00f3n scania\",\"destacado\",\"detenidos en C\u00f3rdoba\",\"elementos de ferreter\u00eda\",\"millonario robo\",\"Policiales\",\"San Francisco\"],\"articleSection\":[\"Policiales\"],\"inLanguage\":\"es\",\"potentialAction\":[{\"@type\":\"CommentAction\",\"name\":\"Comment\",\"target\":[\"http:\/\/elregionalvm.com.ar\/noticias-villa-maria\/millonario-robo-en-san-francisco-ladrones-detenidos-en-cordoba\/#respond\"]}]},{\"@type\":\"WebPage\",\"@id\":\"http:\/\/elregionalvm.com.ar\/noticias-villa-maria\/millonario-robo-en-san-francisco-ladrones-detenidos-en-cordoba\/\",\"url\":\"http:\/\/elregionalvm.com.ar\/noticias-villa-maria\/millonario-robo-en-san-francisco-ladrones-detenidos-en-cordoba\/\",\"name\":\"Millonario robo en San Francisco: ladrones detenidos en C\u00f3rdoba - El Regional\",\"isPartOf\":{\"@id\":\"http:\/\/elregionalvm.com.ar\/noticias-villa-maria\/#website\"},\"primaryImageOfPage\":{\"@id\":\"http:\/\/elregionalvm.com.ar\/noticias-villa-maria\/millonario-robo-en-san-francisco-ladrones-detenidos-en-cordoba\/#primaryimage\"},\"image\":{\"@id\":\"http:\/\/elregionalvm.com.ar\/noticias-villa-maria\/millonario-robo-en-san-francisco-ladrones-detenidos-en-cordoba\/#primaryimage\"},\"thumbnailUrl\":\"https:\/\/i0.wp.com\/elregionalvm.com.ar\/noticias-villa-maria\/wp-content\/uploads\/2021\/12\/detenidos-san-francisco.jpg?fit=515%2C716&ssl=1\",\"datePublished\":\"2021-12-14T22:04:24+00:00\",\"dateModified\":\"2021-12-14T22:04:25+00:00\",\"author\":{\"@id\":\"http:\/\/elregionalvm.com.ar\/noticias-villa-maria\/#\/schema\/person\/a0fb9c422317faca23d50163151bc354\"},\"breadcrumb\":{\"@id\":\"http:\/\/elregionalvm.com.ar\/noticias-villa-maria\/millonario-robo-en-san-francisco-ladrones-detenidos-en-cordoba\/#breadcrumb\"},\"inLanguage\":\"es\",\"potentialAction\":[{\"@type\":\"ReadAction\",\"target\":[\"http:\/\/elregionalvm.com.ar\/noticias-villa-maria\/millonario-robo-en-san-francisco-ladrones-detenidos-en-cordoba\/\"]}]},{\"@type\":\"ImageObject\",\"inLanguage\":\"es\",\"@id\":\"http:\/\/elregionalvm.com.ar\/noticias-villa-maria\/millonario-robo-en-san-francisco-ladrones-detenidos-en-cordoba\/#primaryimage\",\"url\":\"https:\/\/i0.wp.com\/elregionalvm.com.ar\/noticias-villa-maria\/wp-content\/uploads\/2021\/12\/detenidos-san-francisco.jpg?fit=515%2C716&ssl=1\",\"contentUrl\":\"https:\/\/i0.wp.com\/elregionalvm.com.ar\/noticias-villa-maria\/wp-content\/uploads\/2021\/12\/detenidos-san-francisco.jpg?fit=515%2C716&ssl=1\",\"width\":515,\"height\":716},{\"@type\":\"BreadcrumbList\",\"@id\":\"http:\/\/elregionalvm.com.ar\/noticias-villa-maria\/millonario-robo-en-san-francisco-ladrones-detenidos-en-cordoba\/#breadcrumb\",\"itemListElement\":[{\"@type\":\"ListItem\",\"position\":1,\"name\":\"Portada\",\"item\":\"https:\/\/elregionalvm.com.ar\/noticias-villa-maria\/\"},{\"@type\":\"ListItem\",\"position\":2,\"name\":\"Millonario robo en San Francisco: ladrones detenidos en C\u00f3rdoba\"}]},{\"@type\":\"WebSite\",\"@id\":\"http:\/\/elregionalvm.com.ar\/noticias-villa-maria\/#website\",\"url\":\"http:\/\/elregionalvm.com.ar\/noticias-villa-maria\/\",\"name\":\"El Regional\",\"description\":\"Mucho m\u00e1s que informaci\u00f3n\",\"potentialAction\":[{\"@type\":\"SearchAction\",\"target\":{\"@type\":\"EntryPoint\",\"urlTemplate\":\"http:\/\/elregionalvm.com.ar\/noticias-villa-maria\/?s={search_term_string}\"},\"query-input\":{\"@type\":\"PropertyValueSpecification\",\"valueRequired\":true,\"valueName\":\"search_term_string\"}}],\"inLanguage\":\"es\"},{\"@type\":\"Person\",\"@id\":\"http:\/\/elregionalvm.com.ar\/noticias-villa-maria\/#\/schema\/person\/a0fb9c422317faca23d50163151bc354\",\"name\":\"Contenidos El Regional\",\"image\":{\"@type\":\"ImageObject\",\"inLanguage\":\"es\",\"@id\":\"http:\/\/elregionalvm.com.ar\/noticias-villa-maria\/#\/schema\/person\/image\/\",\"url\":\"https:\/\/secure.gravatar.com\/avatar\/265b27cb2209af7bb3a1318f03305787d7981a5cc6e6cd08fe5a4ecdf99d4b48?s=96&d=mm&r=g\",\"contentUrl\":\"https:\/\/secure.gravatar.com\/avatar\/265b27cb2209af7bb3a1318f03305787d7981a5cc6e6cd08fe5a4ecdf99d4b48?s=96&d=mm&r=g\",\"caption\":\"Contenidos El Regional\"},\"url\":\"https:\/\/elregionalvm.com.ar\/noticias-villa-maria\/author\/contenido\/\"}]}<\/script>\n<!-- \/ Yoast SEO plugin. -->","yoast_head_json":{"title":"Millonario robo en San Francisco: ladrones detenidos en C\u00f3rdoba - El Regional","robots":{"index":"index","follow":"follow","max-snippet":"max-snippet:-1","max-image-preview":"max-image-preview:large","max-video-preview":"max-video-preview:-1"},"canonical":"http:\/\/elregionalvm.com.ar\/noticias-villa-maria\/millonario-robo-en-san-francisco-ladrones-detenidos-en-cordoba\/","og_locale":"es_ES","og_type":"article","og_title":"Millonario robo en San Francisco: ladrones detenidos en C\u00f3rdoba - El Regional","og_description":"La Fiscal\u00eda de Instrucci\u00f3n de 4\u00b0 Turno de la ciudad de San Francisco orden\u00f3 la detenci\u00f3n de seis personas, dos de ellas con pedido de captura vigente por hechos de gravedad, todos varones mayores de edad, oriundos de la ciudad de C\u00f3rdoba, quienes se encuentran sindicados en un millonario robo calificado por escalamiento ocurrido en [&hellip;]","og_url":"http:\/\/elregionalvm.com.ar\/noticias-villa-maria\/millonario-robo-en-san-francisco-ladrones-detenidos-en-cordoba\/","og_site_name":"El Regional","article_publisher":"https:\/\/www.facebook.com\/elregionalvm","article_published_time":"2021-12-14T22:04:24+00:00","article_modified_time":"2021-12-14T22:04:25+00:00","og_image":[{"width":515,"height":716,"url":"http:\/\/elregionalvm.com.ar\/noticias-villa-maria\/wp-content\/uploads\/2021\/12\/detenidos-san-francisco.jpg","type":"image\/jpeg"}],"author":"Contenidos El Regional","twitter_card":"summary_large_image","twitter_creator":"@elregionalvm1","twitter_site":"@elregionalvm1","twitter_misc":{"Escrito por":"Contenidos El Regional","Tiempo de lectura":"2 minutos"},"schema":{"@context":"https:\/\/schema.org","@graph":[{"@type":"Article","@id":"http:\/\/elregionalvm.com.ar\/noticias-villa-maria\/millonario-robo-en-san-francisco-ladrones-detenidos-en-cordoba\/#article","isPartOf":{"@id":"http:\/\/elregionalvm.com.ar\/noticias-villa-maria\/millonario-robo-en-san-francisco-ladrones-detenidos-en-cordoba\/"},"author":{"name":"Contenidos El Regional","@id":"http:\/\/elregionalvm.com.ar\/noticias-villa-maria\/#\/schema\/person\/a0fb9c422317faca23d50163151bc354"},"headline":"Millonario robo en San Francisco: ladrones detenidos en C\u00f3rdoba","datePublished":"2021-12-14T22:04:24+00:00","dateModified":"2021-12-14T22:04:25+00:00","mainEntityOfPage":{"@id":"http:\/\/elregionalvm.com.ar\/noticias-villa-maria\/millonario-robo-en-san-francisco-ladrones-detenidos-en-cordoba\/"},"wordCount":269,"commentCount":0,"image":{"@id":"http:\/\/elregionalvm.com.ar\/noticias-villa-maria\/millonario-robo-en-san-francisco-ladrones-detenidos-en-cordoba\/#primaryimage"},"thumbnailUrl":"https:\/\/i0.wp.com\/elregionalvm.com.ar\/noticias-villa-maria\/wp-content\/uploads\/2021\/12\/detenidos-san-francisco.jpg?fit=515%2C716&ssl=1","keywords":["banda de C\u00f3rdoba","cami\u00f3n scania","destacado","detenidos en C\u00f3rdoba","elementos de ferreter\u00eda","millonario robo","Policiales","San Francisco"],"articleSection":["Policiales"],"inLanguage":"es","potentialAction":[{"@type":"CommentAction","name":"Comment","target":["http:\/\/elregionalvm.com.ar\/noticias-villa-maria\/millonario-robo-en-san-francisco-ladrones-detenidos-en-cordoba\/#respond"]}]},{"@type":"WebPage","@id":"http:\/\/elregionalvm.com.ar\/noticias-villa-maria\/millonario-robo-en-san-francisco-ladrones-detenidos-en-cordoba\/","url":"http:\/\/elregionalvm.com.ar\/noticias-villa-maria\/millonario-robo-en-san-francisco-ladrones-detenidos-en-cordoba\/","name":"Millonario robo en San Francisco: ladrones detenidos en C\u00f3rdoba - El Regional","isPartOf":{"@id":"http:\/\/elregionalvm.com.ar\/noticias-villa-maria\/#website"},"primaryImageOfPage":{"@id":"http:\/\/elregionalvm.com.ar\/noticias-villa-maria\/millonario-robo-en-san-francisco-ladrones-detenidos-en-cordoba\/#primaryimage"},"image":{"@id":"http:\/\/elregionalvm.com.ar\/noticias-villa-maria\/millonario-robo-en-san-francisco-ladrones-detenidos-en-cordoba\/#primaryimage"},"thumbnailUrl":"https:\/\/i0.wp.com\/elregionalvm.com.ar\/noticias-villa-maria\/wp-content\/uploads\/2021\/12\/detenidos-san-francisco.jpg?fit=515%2C716&ssl=1","datePublished":"2021-12-14T22:04:24+00:00","dateModified":"2021-12-14T22:04:25+00:00","author":{"@id":"http:\/\/elregionalvm.com.ar\/noticias-villa-maria\/#\/schema\/person\/a0fb9c422317faca23d50163151bc354"},"breadcrumb":{"@id":"http:\/\/elregionalvm.com.ar\/noticias-villa-maria\/millonario-robo-en-san-francisco-ladrones-detenidos-en-cordoba\/#breadcrumb"},"inLanguage":"es","potentialAction":[{"@type":"ReadAction","target":["http:\/\/elregionalvm.com.ar\/noticias-villa-maria\/millonario-robo-en-san-francisco-ladrones-detenidos-en-cordoba\/"]}]},{"@type":"ImageObject","inLanguage":"es","@id":"http:\/\/elregionalvm.com.ar\/noticias-villa-maria\/millonario-robo-en-san-francisco-ladrones-detenidos-en-cordoba\/#primaryimage","url":"https:\/\/i0.wp.com\/elregionalvm.com.ar\/noticias-villa-maria\/wp-content\/uploads\/2021\/12\/detenidos-san-francisco.jpg?fit=515%2C716&ssl=1","contentUrl":"https:\/\/i0.wp.com\/elregionalvm.com.ar\/noticias-villa-maria\/wp-content\/uploads\/2021\/12\/detenidos-san-francisco.jpg?fit=515%2C716&ssl=1","width":515,"height":716},{"@type":"BreadcrumbList","@id":"http:\/\/elregionalvm.com.ar\/noticias-villa-maria\/millonario-robo-en-san-francisco-ladrones-detenidos-en-cordoba\/#breadcrumb","itemListElement":[{"@type":"ListItem","position":1,"name":"Portada","item":"https:\/\/elregionalvm.com.ar\/noticias-villa-maria\/"},{"@type":"ListItem","position":2,"name":"Millonario robo en San Francisco: ladrones detenidos en C\u00f3rdoba"}]},{"@type":"WebSite","@id":"http:\/\/elregionalvm.com.ar\/noticias-villa-maria\/#website","url":"http:\/\/elregionalvm.com.ar\/noticias-villa-maria\/","name":"El Regional","description":"Mucho m\u00e1s que informaci\u00f3n","potentialAction":[{"@type":"SearchAction","target":{"@type":"EntryPoint","urlTemplate":"http:\/\/elregionalvm.com.ar\/noticias-villa-maria\/?s={search_term_string}"},"query-input":{"@type":"PropertyValueSpecification","valueRequired":true,"valueName":"search_term_string"}}],"inLanguage":"es"},{"@type":"Person","@id":"http:\/\/elregionalvm.com.ar\/noticias-villa-maria\/#\/schema\/person\/a0fb9c422317faca23d50163151bc354","name":"Contenidos El Regional","image":{"@type":"ImageObject","inLanguage":"es","@id":"http:\/\/elregionalvm.com.ar\/noticias-villa-maria\/#\/schema\/person\/image\/","url":"https:\/\/secure.gravatar.com\/avatar\/265b27cb2209af7bb3a1318f03305787d7981a5cc6e6cd08fe5a4ecdf99d4b48?s=96&d=mm&r=g","contentUrl":"https:\/\/secure.gravatar.com\/avatar\/265b27cb2209af7bb3a1318f03305787d7981a5cc6e6cd08fe5a4ecdf99d4b48?s=96&d=mm&r=g","caption":"Contenidos El Regional"},"url":"https:\/\/elregionalvm.com.ar\/noticias-villa-maria\/author\/contenido\/"}]}},"jetpack_featured_media_url":"https:\/\/i0.wp.com\/elregionalvm.com.ar\/noticias-villa-maria\/wp-content\/uploads\/2021\/12\/detenidos-san-francisco.jpg?fit=515%2C716&ssl=1","jetpack_sharing_enabled":true,"_links":{"self":[{"href":"https:\/\/elregionalvm.com.ar\/noticias-villa-maria\/wp-json\/wp\/v2\/posts\/49636","targetHints":{"allow":["GET"]}}],"collection":[{"href":"https:\/\/elregionalvm.com.ar\/noticias-villa-maria\/wp-json\/wp\/v2\/posts"}],"about":[{"href":"https:\/\/elregionalvm.com.ar\/noticias-villa-maria\/wp-json\/wp\/v2\/types\/post"}],"author":[{"embeddable":true,"href":"https:\/\/elregionalvm.com.ar\/noticias-villa-maria\/wp-json\/wp\/v2\/users\/4"}],"replies":[{"embeddable":true,"href":"https:\/\/elregionalvm.com.ar\/noticias-villa-maria\/wp-json\/wp\/v2\/comments?post=49636"}],"version-history":[{"count":1,"href":"https:\/\/elregionalvm.com.ar\/noticias-villa-maria\/wp-json\/wp\/v2\/posts\/49636\/revisions"}],"predecessor-version":[{"id":49638,"href":"https:\/\/elregionalvm.com.ar\/noticias-villa-maria\/wp-json\/wp\/v2\/posts\/49636\/revisions\/49638"}],"wp:featuredmedia":[{"embeddable":true,"href":"https:\/\/elregionalvm.com.ar\/noticias-villa-maria\/wp-json\/wp\/v2\/media\/49637"}],"wp:attachment":[{"href":"https:\/\/elregionalvm.com.ar\/noticias-villa-maria\/wp-json\/wp\/v2\/media?parent=49636"}],"wp:term":[{"taxonomy":"category","embeddable":true,"href":"https:\/\/elregionalvm.com.ar\/noticias-villa-maria\/wp-json\/wp\/v2\/categories?post=49636"},{"taxonomy":"post_tag","embeddable":true,"href":"https:\/\/elregionalvm.com.ar\/noticias-villa-maria\/wp-json\/wp\/v2\/tags?post=49636"}],"curies":[{"name":"wp","href":"https:\/\/api.w.org\/{rel}","templated":true}]}}