{"id":49654,"date":"2021-12-14T23:56:41","date_gmt":"2021-12-14T23:56:41","guid":{"rendered":"https:\/\/elregionalvm.com.ar\/noticias-villa-maria\/?p=49654"},"modified":"2021-12-14T23:56:42","modified_gmt":"2021-12-14T23:56:42","slug":"schiaretti-anuncio-un-bono-navideno-a-beneficiarios-de-la-tarjeta-social","status":"publish","type":"post","link":"https:\/\/elregionalvm.com.ar\/noticias-villa-maria\/schiaretti-anuncio-un-bono-navideno-a-beneficiarios-de-la-tarjeta-social\/","title":{"rendered":"Schiaretti anunci\u00f3 un bono navide\u00f1o a beneficiarios de la Tarjeta Social"},"content":{"rendered":"\n<p>Durante la ma\u00f1ana de este martes, el gobernador Juan Schiaretti, junto a los ministros de Desarrollo Social, Carlos Massei, y de Coordinaci\u00f3n, Silvina Rivero, anunci\u00f3 que se destinar\u00e1 un bono navide\u00f1o, por \u00fanica vez y de car\u00e1cter excepcional, de 8.000 pesos para 45.316 familias cordobesas, unas 200 mil personas que actualmente est\u00e1n bajo el programa de Tarjeta Social que depende de la Provincia.<\/p>\n\n\n\n<p>La suma de 8.000 pesos ser\u00e1 depositada en las cuentas de los beneficiarios el pr\u00f3ximo mi\u00e9rcoles 22 de diciembre.<\/p>\n\n\n\n<p>Este monto, se sumar\u00e1 al fondo mensual que reciben los beneficiarios de dicha tarjeta. Por lo cual, en diciembre, las familias podr\u00e1n contar con un fondo mayor para las compras navide\u00f1as y de fin de a\u00f1o.<\/p>\n\n\n\n<p>Vale destacar que como cada mes, el monto habitual de 2.000 pesos ser\u00e1 acreditado ma\u00f1ana mi\u00e9rcoles 15 de diciembre para las personas mayores, mientras que el jueves 16 cobran los beneficiarios de la capital, y el viernes 17 a los del interior provincial.<\/p>\n\n\n\n<p><br><strong>Tarjeta Social<\/strong><\/p>\n\n\n\n<p><br>Tarjeta Social es un programa del Gobierno de C\u00f3rdoba que permite comprar alimentos para cubrir necesidades b\u00e1sicas a las familias cordobesas que se encuentran por debajo de la l\u00ednea de indigencia.<\/p>\n\n\n\n<p>Con esta asistencia econ\u00f3mica, los beneficiarios pueden adquirir los alimentos en comercios adheridos que dispongan de sistema de posnet o pago electr\u00f3nico ligado a Bancor.<\/p>\n","protected":false},"excerpt":{"rendered":"<p>Durante la ma\u00f1ana de este martes, el gobernador Juan Schiaretti, junto a los ministros de Desarrollo Social, Carlos Massei, y de Coordinaci\u00f3n, Silvina Rivero, anunci\u00f3 que se destinar\u00e1 un bono navide\u00f1o, por \u00fanica vez y de car\u00e1cter excepcional, de 8.000 pesos para 45.316 familias cordobesas, unas 200 mil personas que actualmente est\u00e1n bajo el programa [&hellip;]<\/p>\n","protected":false},"author":4,"featured_media":49655,"comment_status":"open","ping_status":"open","sticky":false,"template":"","format":"standard","meta":{"site-sidebar-layout":"default","site-content-layout":"default","ast-site-content-layout":"default","site-content-style":"default","site-sidebar-style":"default","ast-global-header-display":"","ast-banner-title-visibility":"","ast-main-header-display":"","ast-hfb-above-header-display":"","ast-hfb-below-header-display":"","ast-hfb-mobile-header-display":"","site-post-title":"","ast-breadcrumbs-content":"","ast-featured-img":"","footer-sml-layout":"","ast-disable-related-posts":"","theme-transparent-header-meta":"default","adv-header-id-meta":"","stick-header-meta":"","header-above-stick-meta":"","header-main-stick-meta":"","header-below-stick-meta":"","astra-migrate-meta-layouts":"default","ast-page-background-enabled":"default","ast-page-background-meta":{"desktop":{"background-color":"","background-image":"","background-repeat":"repeat","background-position":"center center","background-size":"auto","background-attachment":"scroll","background-type":"","background-media":"","overlay-type":"","overlay-color":"","overlay-opacity":"","overlay-gradient":""},"tablet":{"background-color":"","background-image":"","background-repeat":"repeat","background-position":"center center","background-size":"auto","background-attachment":"scroll","background-type":"","background-media":"","overlay-type":"","overlay-color":"","overlay-opacity":"","overlay-gradient":""},"mobile":{"background-color":"","background-image":"","background-repeat":"repeat","background-position":"center center","background-size":"auto","background-attachment":"scroll","background-type":"","background-media":"","overlay-type":"","overlay-color":"","overlay-opacity":"","overlay-gradient":""}},"ast-content-background-meta":{"desktop":{"background-color":"var(--ast-global-color-5)","background-image":"","background-repeat":"repeat","background-position":"center center","background-size":"auto","background-attachment":"scroll","background-type":"","background-media":"","overlay-type":"","overlay-color":"","overlay-opacity":"","overlay-gradient":""},"tablet":{"background-color":"var(--ast-global-color-5)","background-image":"","background-repeat":"repeat","background-position":"center center","background-size":"auto","background-attachment":"scroll","background-type":"","background-media":"","overlay-type":"","overlay-color":"","overlay-opacity":"","overlay-gradient":""},"mobile":{"background-color":"var(--ast-global-color-5)","background-image":"","background-repeat":"repeat","background-position":"center center","background-size":"auto","background-attachment":"scroll","background-type":"","background-media":"","overlay-type":"","overlay-color":"","overlay-opacity":"","overlay-gradient":""}},"_jetpack_memberships_contains_paid_content":false,"_joinchat":[],"footnotes":""},"categories":[5],"tags":[12805,12803,2403,12804],"class_list":["post-49654","post","type-post","status-publish","format-standard","has-post-thumbnail","hentry","category-sociedad","tag-anuncio-de-schiaretti","tag-bono-navideno","tag-provincia-de-cordoba","tag-tarjeta-social"],"yoast_head":"<!-- This site is optimized with the Yoast SEO plugin v26.8 - https:\/\/yoast.com\/product\/yoast-seo-wordpress\/ -->\n<title>Schiaretti anunci\u00f3 un bono navide\u00f1o a beneficiarios de la Tarjeta Social - El Regional<\/title>\n<meta name=\"robots\" content=\"index, follow, max-snippet:-1, max-image-preview:large, max-video-preview:-1\" \/>\n<link rel=\"canonical\" href=\"http:\/\/elregionalvm.com.ar\/noticias-villa-maria\/schiaretti-anuncio-un-bono-navideno-a-beneficiarios-de-la-tarjeta-social\/\" \/>\n<meta property=\"og:locale\" content=\"es_ES\" \/>\n<meta property=\"og:type\" content=\"article\" \/>\n<meta property=\"og:title\" content=\"Schiaretti anunci\u00f3 un bono navide\u00f1o a beneficiarios de la Tarjeta Social - El Regional\" \/>\n<meta property=\"og:description\" content=\"Durante la ma\u00f1ana de este martes, el gobernador Juan Schiaretti, junto a los ministros de Desarrollo Social, Carlos Massei, y de Coordinaci\u00f3n, Silvina Rivero, anunci\u00f3 que se destinar\u00e1 un bono navide\u00f1o, por \u00fanica vez y de car\u00e1cter excepcional, de 8.000 pesos para 45.316 familias cordobesas, unas 200 mil personas que actualmente est\u00e1n bajo el programa [&hellip;]\" \/>\n<meta property=\"og:url\" content=\"http:\/\/elregionalvm.com.ar\/noticias-villa-maria\/schiaretti-anuncio-un-bono-navideno-a-beneficiarios-de-la-tarjeta-social\/\" \/>\n<meta property=\"og:site_name\" content=\"El Regional\" \/>\n<meta property=\"article:publisher\" content=\"https:\/\/www.facebook.com\/elregionalvm\" \/>\n<meta property=\"article:published_time\" content=\"2021-12-14T23:56:41+00:00\" \/>\n<meta property=\"article:modified_time\" content=\"2021-12-14T23:56:42+00:00\" \/>\n<meta property=\"og:image\" content=\"http:\/\/elregionalvm.com.ar\/noticias-villa-maria\/wp-content\/uploads\/2021\/12\/bono-para-tarjeta-social.jpeg\" \/>\n\t<meta property=\"og:image:width\" content=\"1600\" \/>\n\t<meta property=\"og:image:height\" content=\"1064\" \/>\n\t<meta property=\"og:image:type\" content=\"image\/jpeg\" \/>\n<meta name=\"author\" content=\"Contenidos El Regional\" \/>\n<meta name=\"twitter:card\" content=\"summary_large_image\" \/>\n<meta name=\"twitter:creator\" content=\"@elregionalvm1\" \/>\n<meta name=\"twitter:site\" content=\"@elregionalvm1\" \/>\n<meta name=\"twitter:label1\" content=\"Escrito por\" \/>\n\t<meta name=\"twitter:data1\" content=\"Contenidos El Regional\" \/>\n\t<meta name=\"twitter:label2\" content=\"Tiempo de lectura\" \/>\n\t<meta name=\"twitter:data2\" content=\"1 minuto\" \/>\n<script type=\"application\/ld+json\" class=\"yoast-schema-graph\">{\"@context\":\"https:\/\/schema.org\",\"@graph\":[{\"@type\":\"Article\",\"@id\":\"http:\/\/elregionalvm.com.ar\/noticias-villa-maria\/schiaretti-anuncio-un-bono-navideno-a-beneficiarios-de-la-tarjeta-social\/#article\",\"isPartOf\":{\"@id\":\"http:\/\/elregionalvm.com.ar\/noticias-villa-maria\/schiaretti-anuncio-un-bono-navideno-a-beneficiarios-de-la-tarjeta-social\/\"},\"author\":{\"name\":\"Contenidos El Regional\",\"@id\":\"http:\/\/elregionalvm.com.ar\/noticias-villa-maria\/#\/schema\/person\/a0fb9c422317faca23d50163151bc354\"},\"headline\":\"Schiaretti anunci\u00f3 un bono navide\u00f1o a beneficiarios de la Tarjeta Social\",\"datePublished\":\"2021-12-14T23:56:41+00:00\",\"dateModified\":\"2021-12-14T23:56:42+00:00\",\"mainEntityOfPage\":{\"@id\":\"http:\/\/elregionalvm.com.ar\/noticias-villa-maria\/schiaretti-anuncio-un-bono-navideno-a-beneficiarios-de-la-tarjeta-social\/\"},\"wordCount\":239,\"commentCount\":0,\"image\":{\"@id\":\"http:\/\/elregionalvm.com.ar\/noticias-villa-maria\/schiaretti-anuncio-un-bono-navideno-a-beneficiarios-de-la-tarjeta-social\/#primaryimage\"},\"thumbnailUrl\":\"https:\/\/i0.wp.com\/elregionalvm.com.ar\/noticias-villa-maria\/wp-content\/uploads\/2021\/12\/bono-para-tarjeta-social.jpeg?fit=1600%2C1064&ssl=1\",\"keywords\":[\"anuncio de Schiaretti\",\"bono navide\u00f1o\",\"Provincia de C\u00f3rdoba\",\"Tarjeta Social\"],\"articleSection\":[\"Sociedad\"],\"inLanguage\":\"es\",\"potentialAction\":[{\"@type\":\"CommentAction\",\"name\":\"Comment\",\"target\":[\"http:\/\/elregionalvm.com.ar\/noticias-villa-maria\/schiaretti-anuncio-un-bono-navideno-a-beneficiarios-de-la-tarjeta-social\/#respond\"]}]},{\"@type\":\"WebPage\",\"@id\":\"http:\/\/elregionalvm.com.ar\/noticias-villa-maria\/schiaretti-anuncio-un-bono-navideno-a-beneficiarios-de-la-tarjeta-social\/\",\"url\":\"http:\/\/elregionalvm.com.ar\/noticias-villa-maria\/schiaretti-anuncio-un-bono-navideno-a-beneficiarios-de-la-tarjeta-social\/\",\"name\":\"Schiaretti anunci\u00f3 un bono navide\u00f1o a beneficiarios de la Tarjeta Social - El Regional\",\"isPartOf\":{\"@id\":\"http:\/\/elregionalvm.com.ar\/noticias-villa-maria\/#website\"},\"primaryImageOfPage\":{\"@id\":\"http:\/\/elregionalvm.com.ar\/noticias-villa-maria\/schiaretti-anuncio-un-bono-navideno-a-beneficiarios-de-la-tarjeta-social\/#primaryimage\"},\"image\":{\"@id\":\"http:\/\/elregionalvm.com.ar\/noticias-villa-maria\/schiaretti-anuncio-un-bono-navideno-a-beneficiarios-de-la-tarjeta-social\/#primaryimage\"},\"thumbnailUrl\":\"https:\/\/i0.wp.com\/elregionalvm.com.ar\/noticias-villa-maria\/wp-content\/uploads\/2021\/12\/bono-para-tarjeta-social.jpeg?fit=1600%2C1064&ssl=1\",\"datePublished\":\"2021-12-14T23:56:41+00:00\",\"dateModified\":\"2021-12-14T23:56:42+00:00\",\"author\":{\"@id\":\"http:\/\/elregionalvm.com.ar\/noticias-villa-maria\/#\/schema\/person\/a0fb9c422317faca23d50163151bc354\"},\"breadcrumb\":{\"@id\":\"http:\/\/elregionalvm.com.ar\/noticias-villa-maria\/schiaretti-anuncio-un-bono-navideno-a-beneficiarios-de-la-tarjeta-social\/#breadcrumb\"},\"inLanguage\":\"es\",\"potentialAction\":[{\"@type\":\"ReadAction\",\"target\":[\"http:\/\/elregionalvm.com.ar\/noticias-villa-maria\/schiaretti-anuncio-un-bono-navideno-a-beneficiarios-de-la-tarjeta-social\/\"]}]},{\"@type\":\"ImageObject\",\"inLanguage\":\"es\",\"@id\":\"http:\/\/elregionalvm.com.ar\/noticias-villa-maria\/schiaretti-anuncio-un-bono-navideno-a-beneficiarios-de-la-tarjeta-social\/#primaryimage\",\"url\":\"https:\/\/i0.wp.com\/elregionalvm.com.ar\/noticias-villa-maria\/wp-content\/uploads\/2021\/12\/bono-para-tarjeta-social.jpeg?fit=1600%2C1064&ssl=1\",\"contentUrl\":\"https:\/\/i0.wp.com\/elregionalvm.com.ar\/noticias-villa-maria\/wp-content\/uploads\/2021\/12\/bono-para-tarjeta-social.jpeg?fit=1600%2C1064&ssl=1\",\"width\":1600,\"height\":1064},{\"@type\":\"BreadcrumbList\",\"@id\":\"http:\/\/elregionalvm.com.ar\/noticias-villa-maria\/schiaretti-anuncio-un-bono-navideno-a-beneficiarios-de-la-tarjeta-social\/#breadcrumb\",\"itemListElement\":[{\"@type\":\"ListItem\",\"position\":1,\"name\":\"Portada\",\"item\":\"https:\/\/elregionalvm.com.ar\/noticias-villa-maria\/\"},{\"@type\":\"ListItem\",\"position\":2,\"name\":\"Schiaretti anunci\u00f3 un bono navide\u00f1o a beneficiarios de la Tarjeta Social\"}]},{\"@type\":\"WebSite\",\"@id\":\"http:\/\/elregionalvm.com.ar\/noticias-villa-maria\/#website\",\"url\":\"http:\/\/elregionalvm.com.ar\/noticias-villa-maria\/\",\"name\":\"El Regional\",\"description\":\"Mucho m\u00e1s que informaci\u00f3n\",\"potentialAction\":[{\"@type\":\"SearchAction\",\"target\":{\"@type\":\"EntryPoint\",\"urlTemplate\":\"http:\/\/elregionalvm.com.ar\/noticias-villa-maria\/?s={search_term_string}\"},\"query-input\":{\"@type\":\"PropertyValueSpecification\",\"valueRequired\":true,\"valueName\":\"search_term_string\"}}],\"inLanguage\":\"es\"},{\"@type\":\"Person\",\"@id\":\"http:\/\/elregionalvm.com.ar\/noticias-villa-maria\/#\/schema\/person\/a0fb9c422317faca23d50163151bc354\",\"name\":\"Contenidos El Regional\",\"image\":{\"@type\":\"ImageObject\",\"inLanguage\":\"es\",\"@id\":\"http:\/\/elregionalvm.com.ar\/noticias-villa-maria\/#\/schema\/person\/image\/\",\"url\":\"https:\/\/secure.gravatar.com\/avatar\/265b27cb2209af7bb3a1318f03305787d7981a5cc6e6cd08fe5a4ecdf99d4b48?s=96&d=mm&r=g\",\"contentUrl\":\"https:\/\/secure.gravatar.com\/avatar\/265b27cb2209af7bb3a1318f03305787d7981a5cc6e6cd08fe5a4ecdf99d4b48?s=96&d=mm&r=g\",\"caption\":\"Contenidos El Regional\"},\"url\":\"https:\/\/elregionalvm.com.ar\/noticias-villa-maria\/author\/contenido\/\"}]}<\/script>\n<!-- \/ Yoast SEO plugin. -->","yoast_head_json":{"title":"Schiaretti anunci\u00f3 un bono navide\u00f1o a beneficiarios de la Tarjeta Social - El Regional","robots":{"index":"index","follow":"follow","max-snippet":"max-snippet:-1","max-image-preview":"max-image-preview:large","max-video-preview":"max-video-preview:-1"},"canonical":"http:\/\/elregionalvm.com.ar\/noticias-villa-maria\/schiaretti-anuncio-un-bono-navideno-a-beneficiarios-de-la-tarjeta-social\/","og_locale":"es_ES","og_type":"article","og_title":"Schiaretti anunci\u00f3 un bono navide\u00f1o a beneficiarios de la Tarjeta Social - El Regional","og_description":"Durante la ma\u00f1ana de este martes, el gobernador Juan Schiaretti, junto a los ministros de Desarrollo Social, Carlos Massei, y de Coordinaci\u00f3n, Silvina Rivero, anunci\u00f3 que se destinar\u00e1 un bono navide\u00f1o, por \u00fanica vez y de car\u00e1cter excepcional, de 8.000 pesos para 45.316 familias cordobesas, unas 200 mil personas que actualmente est\u00e1n bajo el programa [&hellip;]","og_url":"http:\/\/elregionalvm.com.ar\/noticias-villa-maria\/schiaretti-anuncio-un-bono-navideno-a-beneficiarios-de-la-tarjeta-social\/","og_site_name":"El Regional","article_publisher":"https:\/\/www.facebook.com\/elregionalvm","article_published_time":"2021-12-14T23:56:41+00:00","article_modified_time":"2021-12-14T23:56:42+00:00","og_image":[{"width":1600,"height":1064,"url":"http:\/\/elregionalvm.com.ar\/noticias-villa-maria\/wp-content\/uploads\/2021\/12\/bono-para-tarjeta-social.jpeg","type":"image\/jpeg"}],"author":"Contenidos El Regional","twitter_card":"summary_large_image","twitter_creator":"@elregionalvm1","twitter_site":"@elregionalvm1","twitter_misc":{"Escrito por":"Contenidos El Regional","Tiempo de lectura":"1 minuto"},"schema":{"@context":"https:\/\/schema.org","@graph":[{"@type":"Article","@id":"http:\/\/elregionalvm.com.ar\/noticias-villa-maria\/schiaretti-anuncio-un-bono-navideno-a-beneficiarios-de-la-tarjeta-social\/#article","isPartOf":{"@id":"http:\/\/elregionalvm.com.ar\/noticias-villa-maria\/schiaretti-anuncio-un-bono-navideno-a-beneficiarios-de-la-tarjeta-social\/"},"author":{"name":"Contenidos El Regional","@id":"http:\/\/elregionalvm.com.ar\/noticias-villa-maria\/#\/schema\/person\/a0fb9c422317faca23d50163151bc354"},"headline":"Schiaretti anunci\u00f3 un bono navide\u00f1o a beneficiarios de la Tarjeta Social","datePublished":"2021-12-14T23:56:41+00:00","dateModified":"2021-12-14T23:56:42+00:00","mainEntityOfPage":{"@id":"http:\/\/elregionalvm.com.ar\/noticias-villa-maria\/schiaretti-anuncio-un-bono-navideno-a-beneficiarios-de-la-tarjeta-social\/"},"wordCount":239,"commentCount":0,"image":{"@id":"http:\/\/elregionalvm.com.ar\/noticias-villa-maria\/schiaretti-anuncio-un-bono-navideno-a-beneficiarios-de-la-tarjeta-social\/#primaryimage"},"thumbnailUrl":"https:\/\/i0.wp.com\/elregionalvm.com.ar\/noticias-villa-maria\/wp-content\/uploads\/2021\/12\/bono-para-tarjeta-social.jpeg?fit=1600%2C1064&ssl=1","keywords":["anuncio de Schiaretti","bono navide\u00f1o","Provincia de C\u00f3rdoba","Tarjeta Social"],"articleSection":["Sociedad"],"inLanguage":"es","potentialAction":[{"@type":"CommentAction","name":"Comment","target":["http:\/\/elregionalvm.com.ar\/noticias-villa-maria\/schiaretti-anuncio-un-bono-navideno-a-beneficiarios-de-la-tarjeta-social\/#respond"]}]},{"@type":"WebPage","@id":"http:\/\/elregionalvm.com.ar\/noticias-villa-maria\/schiaretti-anuncio-un-bono-navideno-a-beneficiarios-de-la-tarjeta-social\/","url":"http:\/\/elregionalvm.com.ar\/noticias-villa-maria\/schiaretti-anuncio-un-bono-navideno-a-beneficiarios-de-la-tarjeta-social\/","name":"Schiaretti anunci\u00f3 un bono navide\u00f1o a beneficiarios de la Tarjeta Social - El Regional","isPartOf":{"@id":"http:\/\/elregionalvm.com.ar\/noticias-villa-maria\/#website"},"primaryImageOfPage":{"@id":"http:\/\/elregionalvm.com.ar\/noticias-villa-maria\/schiaretti-anuncio-un-bono-navideno-a-beneficiarios-de-la-tarjeta-social\/#primaryimage"},"image":{"@id":"http:\/\/elregionalvm.com.ar\/noticias-villa-maria\/schiaretti-anuncio-un-bono-navideno-a-beneficiarios-de-la-tarjeta-social\/#primaryimage"},"thumbnailUrl":"https:\/\/i0.wp.com\/elregionalvm.com.ar\/noticias-villa-maria\/wp-content\/uploads\/2021\/12\/bono-para-tarjeta-social.jpeg?fit=1600%2C1064&ssl=1","datePublished":"2021-12-14T23:56:41+00:00","dateModified":"2021-12-14T23:56:42+00:00","author":{"@id":"http:\/\/elregionalvm.com.ar\/noticias-villa-maria\/#\/schema\/person\/a0fb9c422317faca23d50163151bc354"},"breadcrumb":{"@id":"http:\/\/elregionalvm.com.ar\/noticias-villa-maria\/schiaretti-anuncio-un-bono-navideno-a-beneficiarios-de-la-tarjeta-social\/#breadcrumb"},"inLanguage":"es","potentialAction":[{"@type":"ReadAction","target":["http:\/\/elregionalvm.com.ar\/noticias-villa-maria\/schiaretti-anuncio-un-bono-navideno-a-beneficiarios-de-la-tarjeta-social\/"]}]},{"@type":"ImageObject","inLanguage":"es","@id":"http:\/\/elregionalvm.com.ar\/noticias-villa-maria\/schiaretti-anuncio-un-bono-navideno-a-beneficiarios-de-la-tarjeta-social\/#primaryimage","url":"https:\/\/i0.wp.com\/elregionalvm.com.ar\/noticias-villa-maria\/wp-content\/uploads\/2021\/12\/bono-para-tarjeta-social.jpeg?fit=1600%2C1064&ssl=1","contentUrl":"https:\/\/i0.wp.com\/elregionalvm.com.ar\/noticias-villa-maria\/wp-content\/uploads\/2021\/12\/bono-para-tarjeta-social.jpeg?fit=1600%2C1064&ssl=1","width":1600,"height":1064},{"@type":"BreadcrumbList","@id":"http:\/\/elregionalvm.com.ar\/noticias-villa-maria\/schiaretti-anuncio-un-bono-navideno-a-beneficiarios-de-la-tarjeta-social\/#breadcrumb","itemListElement":[{"@type":"ListItem","position":1,"name":"Portada","item":"https:\/\/elregionalvm.com.ar\/noticias-villa-maria\/"},{"@type":"ListItem","position":2,"name":"Schiaretti anunci\u00f3 un bono navide\u00f1o a beneficiarios de la Tarjeta Social"}]},{"@type":"WebSite","@id":"http:\/\/elregionalvm.com.ar\/noticias-villa-maria\/#website","url":"http:\/\/elregionalvm.com.ar\/noticias-villa-maria\/","name":"El Regional","description":"Mucho m\u00e1s que informaci\u00f3n","potentialAction":[{"@type":"SearchAction","target":{"@type":"EntryPoint","urlTemplate":"http:\/\/elregionalvm.com.ar\/noticias-villa-maria\/?s={search_term_string}"},"query-input":{"@type":"PropertyValueSpecification","valueRequired":true,"valueName":"search_term_string"}}],"inLanguage":"es"},{"@type":"Person","@id":"http:\/\/elregionalvm.com.ar\/noticias-villa-maria\/#\/schema\/person\/a0fb9c422317faca23d50163151bc354","name":"Contenidos El Regional","image":{"@type":"ImageObject","inLanguage":"es","@id":"http:\/\/elregionalvm.com.ar\/noticias-villa-maria\/#\/schema\/person\/image\/","url":"https:\/\/secure.gravatar.com\/avatar\/265b27cb2209af7bb3a1318f03305787d7981a5cc6e6cd08fe5a4ecdf99d4b48?s=96&d=mm&r=g","contentUrl":"https:\/\/secure.gravatar.com\/avatar\/265b27cb2209af7bb3a1318f03305787d7981a5cc6e6cd08fe5a4ecdf99d4b48?s=96&d=mm&r=g","caption":"Contenidos El Regional"},"url":"https:\/\/elregionalvm.com.ar\/noticias-villa-maria\/author\/contenido\/"}]}},"jetpack_featured_media_url":"https:\/\/i0.wp.com\/elregionalvm.com.ar\/noticias-villa-maria\/wp-content\/uploads\/2021\/12\/bono-para-tarjeta-social.jpeg?fit=1600%2C1064&ssl=1","jetpack_sharing_enabled":true,"_links":{"self":[{"href":"https:\/\/elregionalvm.com.ar\/noticias-villa-maria\/wp-json\/wp\/v2\/posts\/49654","targetHints":{"allow":["GET"]}}],"collection":[{"href":"https:\/\/elregionalvm.com.ar\/noticias-villa-maria\/wp-json\/wp\/v2\/posts"}],"about":[{"href":"https:\/\/elregionalvm.com.ar\/noticias-villa-maria\/wp-json\/wp\/v2\/types\/post"}],"author":[{"embeddable":true,"href":"https:\/\/elregionalvm.com.ar\/noticias-villa-maria\/wp-json\/wp\/v2\/users\/4"}],"replies":[{"embeddable":true,"href":"https:\/\/elregionalvm.com.ar\/noticias-villa-maria\/wp-json\/wp\/v2\/comments?post=49654"}],"version-history":[{"count":1,"href":"https:\/\/elregionalvm.com.ar\/noticias-villa-maria\/wp-json\/wp\/v2\/posts\/49654\/revisions"}],"predecessor-version":[{"id":49656,"href":"https:\/\/elregionalvm.com.ar\/noticias-villa-maria\/wp-json\/wp\/v2\/posts\/49654\/revisions\/49656"}],"wp:featuredmedia":[{"embeddable":true,"href":"https:\/\/elregionalvm.com.ar\/noticias-villa-maria\/wp-json\/wp\/v2\/media\/49655"}],"wp:attachment":[{"href":"https:\/\/elregionalvm.com.ar\/noticias-villa-maria\/wp-json\/wp\/v2\/media?parent=49654"}],"wp:term":[{"taxonomy":"category","embeddable":true,"href":"https:\/\/elregionalvm.com.ar\/noticias-villa-maria\/wp-json\/wp\/v2\/categories?post=49654"},{"taxonomy":"post_tag","embeddable":true,"href":"https:\/\/elregionalvm.com.ar\/noticias-villa-maria\/wp-json\/wp\/v2\/tags?post=49654"}],"curies":[{"name":"wp","href":"https:\/\/api.w.org\/{rel}","templated":true}]}}