{"id":49772,"date":"2021-12-16T00:23:22","date_gmt":"2021-12-16T00:23:22","guid":{"rendered":"https:\/\/elregionalvm.com.ar\/noticias-villa-maria\/?p=49772"},"modified":"2021-12-16T00:23:23","modified_gmt":"2021-12-16T00:23:23","slug":"omicron-villamarienses-aislados-e-instan-a-seguir-vacunandose","status":"publish","type":"post","link":"https:\/\/elregionalvm.com.ar\/noticias-villa-maria\/omicron-villamarienses-aislados-e-instan-a-seguir-vacunandose\/","title":{"rendered":"\u00d3micron: villamarienses aislados e instan a seguir vacun\u00e1ndose"},"content":{"rendered":"\n<p>El Secretario de Salud de la Municipalidad, Dr. Pedro Trecco, confirm\u00f3 que hay personas aisladas por haber estado en contacto con personas que dieron positivo con la variante \u00d3micron en la ciudad de Villa Mar\u00eda. Se trata de seis villamarienses que compartieron un viaje, que fueron ubicados r\u00e1pidamente, estuvieron aislados desde el primer momento en que fueron avisados, a quienes se les hizo controles y un test cl\u00ednico, adem\u00e1s de PCR cada 72 horas. Hubo otras tres personas que no eran de la ciudad, que fueron rastreados por autoridades policiales, ya fueron aislados. Todos est\u00e1n bajo vigilancia epidemiol\u00f3gica y hasta este mi\u00e9rcoles a la ma\u00f1ana ninguno hab\u00eda dado positivo. <\/p>\n\n\n\n<p><strong>Rapidez en la vacunaci\u00f3n<\/strong><\/p>\n\n\n\n<p>Por tal motivo, indic\u00f3 el Dr. Trecco, que desde ayer se tom\u00f3 la decisi\u00f3n que se siga vacunando a todo ritmo en la ciudad, y para ello est\u00e1n disponibles con primeras, segundas y terceras dosis la Asistencia y todos los CAPS de la ciudad, donde la directiva es vacunar s\u00ed o s\u00ed a todos los que se lleguen a inocularse, desde los 3 a\u00f1os en adelante. <\/p>\n\n\n\n<p>Sostuvo que la velocidad de transmisi\u00f3n de la \u00d3micron es incre\u00edble y por eso insta a la poblaci\u00f3n a vacunarse. En Villa Mar\u00eda el 98% de la poblaci\u00f3n est\u00e1 vacunada con una dosis;  un 75% con dos dosis, y la meta es seguir inoculando con la tercera dosis para llegar con una buen porcentaje de vacunados hacia el inicio del oto\u00f1o.<\/p>\n\n\n\n<p><strong><em>\u00abQue la gente se olvide de las notificaciones, el que no tiene ninguna dosis que vaya y lo vacunar\u00e1n inmediatamente; a los 21 d\u00edas se presenta y le colocar\u00e1n la segunda y, cuando pasen 5 meses de esa, que vaya y le colocar\u00e1n la tercera<\/em><\/strong>. <strong><em>Que vayan a los CAPS m\u00e1s cercanos que s\u00ed o s\u00ed los van a vacunar porque hay stock de vacunas\u00bb. <\/em><\/strong><\/p>\n\n\n\n<p>Otros datos para tener en cuenta: personas con problemas de salud, que no pueden desplazarse por sus propios medios, pueden llamar telef\u00f3nicamente a la Asistencia y los ir\u00e1n a vacunar a domicilio.  Igual indic\u00f3 que incluso, tengan o no domicilio en Villa Mar\u00eda, ser\u00e1n vacunados igual, porque el compromiso es con la salud de todos los argentinos. <\/p>\n\n\n\n<div class=\"wp-block-image\"><figure class=\"aligncenter size-large is-resized\"><img data-recalc-dims=\"1\" fetchpriority=\"high\" decoding=\"async\" src=\"https:\/\/i0.wp.com\/elregionalvm.com.ar\/noticias-villa-maria\/wp-content\/uploads\/2021\/12\/WhatsApp-Image-2021-12-15-at-12.48.42.jpeg?resize=592%2C592&#038;ssl=1\" alt=\"\" class=\"wp-image-49773\" width=\"592\" height=\"592\" srcset=\"https:\/\/i0.wp.com\/elregionalvm.com.ar\/noticias-villa-maria\/wp-content\/uploads\/2021\/12\/WhatsApp-Image-2021-12-15-at-12.48.42.jpeg?resize=1024%2C1024&amp;ssl=1 1024w, https:\/\/i0.wp.com\/elregionalvm.com.ar\/noticias-villa-maria\/wp-content\/uploads\/2021\/12\/WhatsApp-Image-2021-12-15-at-12.48.42.jpeg?resize=300%2C300&amp;ssl=1 300w, https:\/\/i0.wp.com\/elregionalvm.com.ar\/noticias-villa-maria\/wp-content\/uploads\/2021\/12\/WhatsApp-Image-2021-12-15-at-12.48.42.jpeg?resize=768%2C768&amp;ssl=1 768w, https:\/\/i0.wp.com\/elregionalvm.com.ar\/noticias-villa-maria\/wp-content\/uploads\/2021\/12\/WhatsApp-Image-2021-12-15-at-12.48.42.jpeg?w=1080&amp;ssl=1 1080w\" sizes=\"(max-width: 592px) 100vw, 592px\" \/><\/figure><\/div>\n\n\n\n<p><\/p>\n\n\n\n<p><\/p>\n","protected":false},"excerpt":{"rendered":"<p>El Secretario de Salud de la Municipalidad, Dr. Pedro Trecco, confirm\u00f3 que hay personas aisladas por haber estado en contacto con personas que dieron positivo con la variante \u00d3micron en la ciudad de Villa Mar\u00eda. Se trata de seis villamarienses que compartieron un viaje, que fueron ubicados r\u00e1pidamente, estuvieron aislados desde el primer momento en [&hellip;]<\/p>\n","protected":false},"author":4,"featured_media":49774,"comment_status":"open","ping_status":"open","sticky":false,"template":"","format":"standard","meta":{"site-sidebar-layout":"default","site-content-layout":"default","ast-site-content-layout":"default","site-content-style":"default","site-sidebar-style":"default","ast-global-header-display":"","ast-banner-title-visibility":"","ast-main-header-display":"","ast-hfb-above-header-display":"","ast-hfb-below-header-display":"","ast-hfb-mobile-header-display":"","site-post-title":"","ast-breadcrumbs-content":"","ast-featured-img":"","footer-sml-layout":"","ast-disable-related-posts":"","theme-transparent-header-meta":"default","adv-header-id-meta":"","stick-header-meta":"","header-above-stick-meta":"","header-main-stick-meta":"","header-below-stick-meta":"","astra-migrate-meta-layouts":"default","ast-page-background-enabled":"default","ast-page-background-meta":{"desktop":{"background-color":"","background-image":"","background-repeat":"repeat","background-position":"center center","background-size":"auto","background-attachment":"scroll","background-type":"","background-media":"","overlay-type":"","overlay-color":"","overlay-opacity":"","overlay-gradient":""},"tablet":{"background-color":"","background-image":"","background-repeat":"repeat","background-position":"center center","background-size":"auto","background-attachment":"scroll","background-type":"","background-media":"","overlay-type":"","overlay-color":"","overlay-opacity":"","overlay-gradient":""},"mobile":{"background-color":"","background-image":"","background-repeat":"repeat","background-position":"center center","background-size":"auto","background-attachment":"scroll","background-type":"","background-media":"","overlay-type":"","overlay-color":"","overlay-opacity":"","overlay-gradient":""}},"ast-content-background-meta":{"desktop":{"background-color":"var(--ast-global-color-5)","background-image":"","background-repeat":"repeat","background-position":"center center","background-size":"auto","background-attachment":"scroll","background-type":"","background-media":"","overlay-type":"","overlay-color":"","overlay-opacity":"","overlay-gradient":""},"tablet":{"background-color":"var(--ast-global-color-5)","background-image":"","background-repeat":"repeat","background-position":"center center","background-size":"auto","background-attachment":"scroll","background-type":"","background-media":"","overlay-type":"","overlay-color":"","overlay-opacity":"","overlay-gradient":""},"mobile":{"background-color":"var(--ast-global-color-5)","background-image":"","background-repeat":"repeat","background-position":"center center","background-size":"auto","background-attachment":"scroll","background-type":"","background-media":"","overlay-type":"","overlay-color":"","overlay-opacity":"","overlay-gradient":""}},"_jetpack_memberships_contains_paid_content":false,"_joinchat":[],"footnotes":""},"categories":[2],"tags":[12833,2128,2225,1232,12834,2944,2651,2318,2248],"class_list":["post-49772","post","type-post","status-publish","format-standard","has-post-thumbnail","hentry","category-villa-maria","tag-aislados","tag-asistencia-publica","tag-caps","tag-destacado","tag-omicron-2","tag-pedro-trecco","tag-prevencion","tag-vacunacion","tag-villa-maria-2"],"yoast_head":"<!-- This site is optimized with the Yoast SEO plugin v26.8 - https:\/\/yoast.com\/product\/yoast-seo-wordpress\/ -->\n<title>\u00d3micron: villamarienses aislados e instan a seguir vacun\u00e1ndose - El Regional<\/title>\n<meta name=\"robots\" content=\"index, follow, max-snippet:-1, max-image-preview:large, max-video-preview:-1\" \/>\n<link rel=\"canonical\" href=\"http:\/\/elregionalvm.com.ar\/noticias-villa-maria\/omicron-villamarienses-aislados-e-instan-a-seguir-vacunandose\/\" \/>\n<meta property=\"og:locale\" content=\"es_ES\" \/>\n<meta property=\"og:type\" content=\"article\" \/>\n<meta property=\"og:title\" content=\"\u00d3micron: villamarienses aislados e instan a seguir vacun\u00e1ndose - El Regional\" \/>\n<meta property=\"og:description\" content=\"El Secretario de Salud de la Municipalidad, Dr. Pedro Trecco, confirm\u00f3 que hay personas aisladas por haber estado en contacto con personas que dieron positivo con la variante \u00d3micron en la ciudad de Villa Mar\u00eda. Se trata de seis villamarienses que compartieron un viaje, que fueron ubicados r\u00e1pidamente, estuvieron aislados desde el primer momento en [&hellip;]\" \/>\n<meta property=\"og:url\" content=\"http:\/\/elregionalvm.com.ar\/noticias-villa-maria\/omicron-villamarienses-aislados-e-instan-a-seguir-vacunandose\/\" \/>\n<meta property=\"og:site_name\" content=\"El Regional\" \/>\n<meta property=\"article:publisher\" content=\"https:\/\/www.facebook.com\/elregionalvm\" \/>\n<meta property=\"article:published_time\" content=\"2021-12-16T00:23:22+00:00\" \/>\n<meta property=\"article:modified_time\" content=\"2021-12-16T00:23:23+00:00\" \/>\n<meta property=\"og:image\" content=\"http:\/\/elregionalvm.com.ar\/noticias-villa-maria\/wp-content\/uploads\/2021\/12\/pedro-trecco.jpeg\" \/>\n\t<meta property=\"og:image:width\" content=\"900\" \/>\n\t<meta property=\"og:image:height\" content=\"675\" \/>\n\t<meta property=\"og:image:type\" content=\"image\/jpeg\" \/>\n<meta name=\"author\" content=\"Contenidos El Regional\" \/>\n<meta name=\"twitter:card\" content=\"summary_large_image\" \/>\n<meta name=\"twitter:creator\" content=\"@elregionalvm1\" \/>\n<meta name=\"twitter:site\" content=\"@elregionalvm1\" \/>\n<meta name=\"twitter:label1\" content=\"Escrito por\" \/>\n\t<meta name=\"twitter:data1\" content=\"Contenidos El Regional\" \/>\n\t<meta name=\"twitter:label2\" content=\"Tiempo de lectura\" \/>\n\t<meta name=\"twitter:data2\" content=\"2 minutos\" \/>\n<script type=\"application\/ld+json\" class=\"yoast-schema-graph\">{\"@context\":\"https:\/\/schema.org\",\"@graph\":[{\"@type\":\"Article\",\"@id\":\"http:\/\/elregionalvm.com.ar\/noticias-villa-maria\/omicron-villamarienses-aislados-e-instan-a-seguir-vacunandose\/#article\",\"isPartOf\":{\"@id\":\"http:\/\/elregionalvm.com.ar\/noticias-villa-maria\/omicron-villamarienses-aislados-e-instan-a-seguir-vacunandose\/\"},\"author\":{\"name\":\"Contenidos El Regional\",\"@id\":\"http:\/\/elregionalvm.com.ar\/noticias-villa-maria\/#\/schema\/person\/a0fb9c422317faca23d50163151bc354\"},\"headline\":\"\u00d3micron: villamarienses aislados e instan a seguir vacun\u00e1ndose\",\"datePublished\":\"2021-12-16T00:23:22+00:00\",\"dateModified\":\"2021-12-16T00:23:23+00:00\",\"mainEntityOfPage\":{\"@id\":\"http:\/\/elregionalvm.com.ar\/noticias-villa-maria\/omicron-villamarienses-aislados-e-instan-a-seguir-vacunandose\/\"},\"wordCount\":393,\"commentCount\":0,\"image\":{\"@id\":\"http:\/\/elregionalvm.com.ar\/noticias-villa-maria\/omicron-villamarienses-aislados-e-instan-a-seguir-vacunandose\/#primaryimage\"},\"thumbnailUrl\":\"https:\/\/i0.wp.com\/elregionalvm.com.ar\/noticias-villa-maria\/wp-content\/uploads\/2021\/12\/pedro-trecco.jpeg?fit=900%2C675&ssl=1\",\"keywords\":[\"aislados\",\"Asistencia P\u00fablica\",\"CAPS\",\"destacado\",\"\u00d3micron\",\"Pedro Trecco\",\"prevenci\u00f3n\",\"Vacunaci\u00f3n\",\"Villa Mar\u00eda\"],\"articleSection\":[\"Villa Mar\u00eda\"],\"inLanguage\":\"es\",\"potentialAction\":[{\"@type\":\"CommentAction\",\"name\":\"Comment\",\"target\":[\"http:\/\/elregionalvm.com.ar\/noticias-villa-maria\/omicron-villamarienses-aislados-e-instan-a-seguir-vacunandose\/#respond\"]}]},{\"@type\":\"WebPage\",\"@id\":\"http:\/\/elregionalvm.com.ar\/noticias-villa-maria\/omicron-villamarienses-aislados-e-instan-a-seguir-vacunandose\/\",\"url\":\"http:\/\/elregionalvm.com.ar\/noticias-villa-maria\/omicron-villamarienses-aislados-e-instan-a-seguir-vacunandose\/\",\"name\":\"\u00d3micron: villamarienses aislados e instan a seguir vacun\u00e1ndose - El Regional\",\"isPartOf\":{\"@id\":\"http:\/\/elregionalvm.com.ar\/noticias-villa-maria\/#website\"},\"primaryImageOfPage\":{\"@id\":\"http:\/\/elregionalvm.com.ar\/noticias-villa-maria\/omicron-villamarienses-aislados-e-instan-a-seguir-vacunandose\/#primaryimage\"},\"image\":{\"@id\":\"http:\/\/elregionalvm.com.ar\/noticias-villa-maria\/omicron-villamarienses-aislados-e-instan-a-seguir-vacunandose\/#primaryimage\"},\"thumbnailUrl\":\"https:\/\/i0.wp.com\/elregionalvm.com.ar\/noticias-villa-maria\/wp-content\/uploads\/2021\/12\/pedro-trecco.jpeg?fit=900%2C675&ssl=1\",\"datePublished\":\"2021-12-16T00:23:22+00:00\",\"dateModified\":\"2021-12-16T00:23:23+00:00\",\"author\":{\"@id\":\"http:\/\/elregionalvm.com.ar\/noticias-villa-maria\/#\/schema\/person\/a0fb9c422317faca23d50163151bc354\"},\"breadcrumb\":{\"@id\":\"http:\/\/elregionalvm.com.ar\/noticias-villa-maria\/omicron-villamarienses-aislados-e-instan-a-seguir-vacunandose\/#breadcrumb\"},\"inLanguage\":\"es\",\"potentialAction\":[{\"@type\":\"ReadAction\",\"target\":[\"http:\/\/elregionalvm.com.ar\/noticias-villa-maria\/omicron-villamarienses-aislados-e-instan-a-seguir-vacunandose\/\"]}]},{\"@type\":\"ImageObject\",\"inLanguage\":\"es\",\"@id\":\"http:\/\/elregionalvm.com.ar\/noticias-villa-maria\/omicron-villamarienses-aislados-e-instan-a-seguir-vacunandose\/#primaryimage\",\"url\":\"https:\/\/i0.wp.com\/elregionalvm.com.ar\/noticias-villa-maria\/wp-content\/uploads\/2021\/12\/pedro-trecco.jpeg?fit=900%2C675&ssl=1\",\"contentUrl\":\"https:\/\/i0.wp.com\/elregionalvm.com.ar\/noticias-villa-maria\/wp-content\/uploads\/2021\/12\/pedro-trecco.jpeg?fit=900%2C675&ssl=1\",\"width\":900,\"height\":675},{\"@type\":\"BreadcrumbList\",\"@id\":\"http:\/\/elregionalvm.com.ar\/noticias-villa-maria\/omicron-villamarienses-aislados-e-instan-a-seguir-vacunandose\/#breadcrumb\",\"itemListElement\":[{\"@type\":\"ListItem\",\"position\":1,\"name\":\"Portada\",\"item\":\"https:\/\/elregionalvm.com.ar\/noticias-villa-maria\/\"},{\"@type\":\"ListItem\",\"position\":2,\"name\":\"\u00d3micron: villamarienses aislados e instan a seguir vacun\u00e1ndose\"}]},{\"@type\":\"WebSite\",\"@id\":\"http:\/\/elregionalvm.com.ar\/noticias-villa-maria\/#website\",\"url\":\"http:\/\/elregionalvm.com.ar\/noticias-villa-maria\/\",\"name\":\"El Regional\",\"description\":\"Mucho m\u00e1s que informaci\u00f3n\",\"potentialAction\":[{\"@type\":\"SearchAction\",\"target\":{\"@type\":\"EntryPoint\",\"urlTemplate\":\"http:\/\/elregionalvm.com.ar\/noticias-villa-maria\/?s={search_term_string}\"},\"query-input\":{\"@type\":\"PropertyValueSpecification\",\"valueRequired\":true,\"valueName\":\"search_term_string\"}}],\"inLanguage\":\"es\"},{\"@type\":\"Person\",\"@id\":\"http:\/\/elregionalvm.com.ar\/noticias-villa-maria\/#\/schema\/person\/a0fb9c422317faca23d50163151bc354\",\"name\":\"Contenidos El Regional\",\"image\":{\"@type\":\"ImageObject\",\"inLanguage\":\"es\",\"@id\":\"http:\/\/elregionalvm.com.ar\/noticias-villa-maria\/#\/schema\/person\/image\/\",\"url\":\"https:\/\/secure.gravatar.com\/avatar\/265b27cb2209af7bb3a1318f03305787d7981a5cc6e6cd08fe5a4ecdf99d4b48?s=96&d=mm&r=g\",\"contentUrl\":\"https:\/\/secure.gravatar.com\/avatar\/265b27cb2209af7bb3a1318f03305787d7981a5cc6e6cd08fe5a4ecdf99d4b48?s=96&d=mm&r=g\",\"caption\":\"Contenidos El Regional\"},\"url\":\"https:\/\/elregionalvm.com.ar\/noticias-villa-maria\/author\/contenido\/\"}]}<\/script>\n<!-- \/ Yoast SEO plugin. -->","yoast_head_json":{"title":"\u00d3micron: villamarienses aislados e instan a seguir vacun\u00e1ndose - El Regional","robots":{"index":"index","follow":"follow","max-snippet":"max-snippet:-1","max-image-preview":"max-image-preview:large","max-video-preview":"max-video-preview:-1"},"canonical":"http:\/\/elregionalvm.com.ar\/noticias-villa-maria\/omicron-villamarienses-aislados-e-instan-a-seguir-vacunandose\/","og_locale":"es_ES","og_type":"article","og_title":"\u00d3micron: villamarienses aislados e instan a seguir vacun\u00e1ndose - El Regional","og_description":"El Secretario de Salud de la Municipalidad, Dr. Pedro Trecco, confirm\u00f3 que hay personas aisladas por haber estado en contacto con personas que dieron positivo con la variante \u00d3micron en la ciudad de Villa Mar\u00eda. Se trata de seis villamarienses que compartieron un viaje, que fueron ubicados r\u00e1pidamente, estuvieron aislados desde el primer momento en [&hellip;]","og_url":"http:\/\/elregionalvm.com.ar\/noticias-villa-maria\/omicron-villamarienses-aislados-e-instan-a-seguir-vacunandose\/","og_site_name":"El Regional","article_publisher":"https:\/\/www.facebook.com\/elregionalvm","article_published_time":"2021-12-16T00:23:22+00:00","article_modified_time":"2021-12-16T00:23:23+00:00","og_image":[{"width":900,"height":675,"url":"http:\/\/elregionalvm.com.ar\/noticias-villa-maria\/wp-content\/uploads\/2021\/12\/pedro-trecco.jpeg","type":"image\/jpeg"}],"author":"Contenidos El Regional","twitter_card":"summary_large_image","twitter_creator":"@elregionalvm1","twitter_site":"@elregionalvm1","twitter_misc":{"Escrito por":"Contenidos El Regional","Tiempo de lectura":"2 minutos"},"schema":{"@context":"https:\/\/schema.org","@graph":[{"@type":"Article","@id":"http:\/\/elregionalvm.com.ar\/noticias-villa-maria\/omicron-villamarienses-aislados-e-instan-a-seguir-vacunandose\/#article","isPartOf":{"@id":"http:\/\/elregionalvm.com.ar\/noticias-villa-maria\/omicron-villamarienses-aislados-e-instan-a-seguir-vacunandose\/"},"author":{"name":"Contenidos El Regional","@id":"http:\/\/elregionalvm.com.ar\/noticias-villa-maria\/#\/schema\/person\/a0fb9c422317faca23d50163151bc354"},"headline":"\u00d3micron: villamarienses aislados e instan a seguir vacun\u00e1ndose","datePublished":"2021-12-16T00:23:22+00:00","dateModified":"2021-12-16T00:23:23+00:00","mainEntityOfPage":{"@id":"http:\/\/elregionalvm.com.ar\/noticias-villa-maria\/omicron-villamarienses-aislados-e-instan-a-seguir-vacunandose\/"},"wordCount":393,"commentCount":0,"image":{"@id":"http:\/\/elregionalvm.com.ar\/noticias-villa-maria\/omicron-villamarienses-aislados-e-instan-a-seguir-vacunandose\/#primaryimage"},"thumbnailUrl":"https:\/\/i0.wp.com\/elregionalvm.com.ar\/noticias-villa-maria\/wp-content\/uploads\/2021\/12\/pedro-trecco.jpeg?fit=900%2C675&ssl=1","keywords":["aislados","Asistencia P\u00fablica","CAPS","destacado","\u00d3micron","Pedro Trecco","prevenci\u00f3n","Vacunaci\u00f3n","Villa Mar\u00eda"],"articleSection":["Villa Mar\u00eda"],"inLanguage":"es","potentialAction":[{"@type":"CommentAction","name":"Comment","target":["http:\/\/elregionalvm.com.ar\/noticias-villa-maria\/omicron-villamarienses-aislados-e-instan-a-seguir-vacunandose\/#respond"]}]},{"@type":"WebPage","@id":"http:\/\/elregionalvm.com.ar\/noticias-villa-maria\/omicron-villamarienses-aislados-e-instan-a-seguir-vacunandose\/","url":"http:\/\/elregionalvm.com.ar\/noticias-villa-maria\/omicron-villamarienses-aislados-e-instan-a-seguir-vacunandose\/","name":"\u00d3micron: villamarienses aislados e instan a seguir vacun\u00e1ndose - El Regional","isPartOf":{"@id":"http:\/\/elregionalvm.com.ar\/noticias-villa-maria\/#website"},"primaryImageOfPage":{"@id":"http:\/\/elregionalvm.com.ar\/noticias-villa-maria\/omicron-villamarienses-aislados-e-instan-a-seguir-vacunandose\/#primaryimage"},"image":{"@id":"http:\/\/elregionalvm.com.ar\/noticias-villa-maria\/omicron-villamarienses-aislados-e-instan-a-seguir-vacunandose\/#primaryimage"},"thumbnailUrl":"https:\/\/i0.wp.com\/elregionalvm.com.ar\/noticias-villa-maria\/wp-content\/uploads\/2021\/12\/pedro-trecco.jpeg?fit=900%2C675&ssl=1","datePublished":"2021-12-16T00:23:22+00:00","dateModified":"2021-12-16T00:23:23+00:00","author":{"@id":"http:\/\/elregionalvm.com.ar\/noticias-villa-maria\/#\/schema\/person\/a0fb9c422317faca23d50163151bc354"},"breadcrumb":{"@id":"http:\/\/elregionalvm.com.ar\/noticias-villa-maria\/omicron-villamarienses-aislados-e-instan-a-seguir-vacunandose\/#breadcrumb"},"inLanguage":"es","potentialAction":[{"@type":"ReadAction","target":["http:\/\/elregionalvm.com.ar\/noticias-villa-maria\/omicron-villamarienses-aislados-e-instan-a-seguir-vacunandose\/"]}]},{"@type":"ImageObject","inLanguage":"es","@id":"http:\/\/elregionalvm.com.ar\/noticias-villa-maria\/omicron-villamarienses-aislados-e-instan-a-seguir-vacunandose\/#primaryimage","url":"https:\/\/i0.wp.com\/elregionalvm.com.ar\/noticias-villa-maria\/wp-content\/uploads\/2021\/12\/pedro-trecco.jpeg?fit=900%2C675&ssl=1","contentUrl":"https:\/\/i0.wp.com\/elregionalvm.com.ar\/noticias-villa-maria\/wp-content\/uploads\/2021\/12\/pedro-trecco.jpeg?fit=900%2C675&ssl=1","width":900,"height":675},{"@type":"BreadcrumbList","@id":"http:\/\/elregionalvm.com.ar\/noticias-villa-maria\/omicron-villamarienses-aislados-e-instan-a-seguir-vacunandose\/#breadcrumb","itemListElement":[{"@type":"ListItem","position":1,"name":"Portada","item":"https:\/\/elregionalvm.com.ar\/noticias-villa-maria\/"},{"@type":"ListItem","position":2,"name":"\u00d3micron: villamarienses aislados e instan a seguir vacun\u00e1ndose"}]},{"@type":"WebSite","@id":"http:\/\/elregionalvm.com.ar\/noticias-villa-maria\/#website","url":"http:\/\/elregionalvm.com.ar\/noticias-villa-maria\/","name":"El Regional","description":"Mucho m\u00e1s que informaci\u00f3n","potentialAction":[{"@type":"SearchAction","target":{"@type":"EntryPoint","urlTemplate":"http:\/\/elregionalvm.com.ar\/noticias-villa-maria\/?s={search_term_string}"},"query-input":{"@type":"PropertyValueSpecification","valueRequired":true,"valueName":"search_term_string"}}],"inLanguage":"es"},{"@type":"Person","@id":"http:\/\/elregionalvm.com.ar\/noticias-villa-maria\/#\/schema\/person\/a0fb9c422317faca23d50163151bc354","name":"Contenidos El Regional","image":{"@type":"ImageObject","inLanguage":"es","@id":"http:\/\/elregionalvm.com.ar\/noticias-villa-maria\/#\/schema\/person\/image\/","url":"https:\/\/secure.gravatar.com\/avatar\/265b27cb2209af7bb3a1318f03305787d7981a5cc6e6cd08fe5a4ecdf99d4b48?s=96&d=mm&r=g","contentUrl":"https:\/\/secure.gravatar.com\/avatar\/265b27cb2209af7bb3a1318f03305787d7981a5cc6e6cd08fe5a4ecdf99d4b48?s=96&d=mm&r=g","caption":"Contenidos El Regional"},"url":"https:\/\/elregionalvm.com.ar\/noticias-villa-maria\/author\/contenido\/"}]}},"jetpack_featured_media_url":"https:\/\/i0.wp.com\/elregionalvm.com.ar\/noticias-villa-maria\/wp-content\/uploads\/2021\/12\/pedro-trecco.jpeg?fit=900%2C675&ssl=1","jetpack_sharing_enabled":true,"_links":{"self":[{"href":"https:\/\/elregionalvm.com.ar\/noticias-villa-maria\/wp-json\/wp\/v2\/posts\/49772","targetHints":{"allow":["GET"]}}],"collection":[{"href":"https:\/\/elregionalvm.com.ar\/noticias-villa-maria\/wp-json\/wp\/v2\/posts"}],"about":[{"href":"https:\/\/elregionalvm.com.ar\/noticias-villa-maria\/wp-json\/wp\/v2\/types\/post"}],"author":[{"embeddable":true,"href":"https:\/\/elregionalvm.com.ar\/noticias-villa-maria\/wp-json\/wp\/v2\/users\/4"}],"replies":[{"embeddable":true,"href":"https:\/\/elregionalvm.com.ar\/noticias-villa-maria\/wp-json\/wp\/v2\/comments?post=49772"}],"version-history":[{"count":1,"href":"https:\/\/elregionalvm.com.ar\/noticias-villa-maria\/wp-json\/wp\/v2\/posts\/49772\/revisions"}],"predecessor-version":[{"id":49776,"href":"https:\/\/elregionalvm.com.ar\/noticias-villa-maria\/wp-json\/wp\/v2\/posts\/49772\/revisions\/49776"}],"wp:featuredmedia":[{"embeddable":true,"href":"https:\/\/elregionalvm.com.ar\/noticias-villa-maria\/wp-json\/wp\/v2\/media\/49774"}],"wp:attachment":[{"href":"https:\/\/elregionalvm.com.ar\/noticias-villa-maria\/wp-json\/wp\/v2\/media?parent=49772"}],"wp:term":[{"taxonomy":"category","embeddable":true,"href":"https:\/\/elregionalvm.com.ar\/noticias-villa-maria\/wp-json\/wp\/v2\/categories?post=49772"},{"taxonomy":"post_tag","embeddable":true,"href":"https:\/\/elregionalvm.com.ar\/noticias-villa-maria\/wp-json\/wp\/v2\/tags?post=49772"}],"curies":[{"name":"wp","href":"https:\/\/api.w.org\/{rel}","templated":true}]}}