{"id":49790,"date":"2021-12-16T16:19:38","date_gmt":"2021-12-16T16:19:38","guid":{"rendered":"https:\/\/elregionalvm.com.ar\/noticias-villa-maria\/?p=49790"},"modified":"2021-12-19T15:58:30","modified_gmt":"2021-12-19T15:58:30","slug":"opinion-el-macro-estado-argentino-dato-mata-relato","status":"publish","type":"post","link":"https:\/\/elregionalvm.com.ar\/noticias-villa-maria\/opinion-el-macro-estado-argentino-dato-mata-relato\/","title":{"rendered":"[Opini\u00f3n] El macro estado argentino: Dato mata relato"},"content":{"rendered":"\n<p><\/p>\n\n\n\n<p><strong>Escribe: Cristina Pablos<\/strong><\/p>\n\n\n\n<p><\/p>\n\n\n\n<p>Cuando un estado es gigantesco, el pa\u00eds, indefectiblemente, es pobre. Porque la riqueza nace de los capitales privados que dan empleo no del empleo p\u00fablico y menos de los planes sociales.<\/p>\n\n\n\n<p>Argentina ten\u00eda 2,5 millones de empleados p\u00fablicos en 2011, en 2019 son 5,8 millones. Es el pa\u00eds de la regi\u00f3n (y del mundo) que m\u00e1s Ministerios y Secretar\u00edas tiene. El Ministerio de las Mujeres solamente tendr\u00e1 un presupuesto para 2022 de \u00a1$ 2 billones!<\/p>\n\n\n\n<p>Para qu\u00e9 sirve no s\u00e9, hay que preguntarle a G\u00f3mez Alcorta: hay m\u00e1s de 260 feminicidios en lo que va del a\u00f1o, 1 cada 30 horas.<\/p>\n\n\n\n<p>En 2002, en plena crisis, hab\u00eda 2 millones de planes sociales, en 2021 hay 22 millones. En 2002 hab\u00eda 20.000 Pymes cerradas, hoy hay 40.000.<\/p>\n\n\n\n<p>La pobreza en 2002 era del 35%, en 2021 es del 43%. En 2002 la inflaci\u00f3n era del 41 %, en 2021 m\u00e1s del 50%. La inflaci\u00f3n argentina es la segunda de Am\u00e9rica Latina despu\u00e9s de la de Venezuela que es de m\u00e1s del 1.600%. La inflaci\u00f3n acumulada entre 2015- 2019 es de 826% y entre 2007- 2021 es de 5.368%.<\/p>\n\n\n\n<p>El 28% de las personas que trabajan son pobres y el 44% vive de planes sociales.<\/p>\n\n\n\n<p><\/p>\n\n\n\n<figure class=\"wp-block-pullquote\"><blockquote><p>Argentina es el pa\u00eds m\u00e1s vulnerable a la suba de tasas de inter\u00e9s, para colmo, es famosa por incumplir sus deudas; tiene una reputaci\u00f3n lastimosa como pagadora. Ya tiene juicios por falta de pago por 660 millones de d\u00f3lares.<\/p><\/blockquote><\/figure>\n\n\n\n<p><\/p>\n\n\n\n<p>No todo lo que debe Argentina al FMI es culpa del gobierno de Macri, s\u00f3lo el 13%. CFK, a los 107 mil millones de deuda que recibi\u00f3, la increment\u00f3 a 205 mil millones.<\/p>\n\n\n\n<p>Alberto Fern\u00e1ndez ya lleva una deuda de 35 mil millones en tan s\u00f3lo dos a\u00f1os de gobierno, la mitad de su mandato y lo quiere solucionar con cepos. Ya lo dijo el embajador de los Pa\u00edses Bajos: mientras haya cepo en Argentina los holandeses no invertir\u00e1n en el pa\u00eds.<\/p>\n\n\n\n<p>Ahora, el gobierno, haciendo de Pap\u00e1 Noel, repartir\u00e1 bonos de fin de a\u00f1o a todo el mundo. El m\u00e1s bajo es el de los jubilados que aportaron toda su vida; es 4 veces menor que el de los piqueteros. Y claro, los jubilados no cortan calles.<\/p>\n\n\n\n<p>El&nbsp; acto del 10 de diciembre, que le cost\u00f3 al pa\u00eds $200 millones fue un acto partidario, no se trat\u00f3 de un acto conmemorando los a\u00f1os de democracia, para eso tendr\u00edan que haber estado todas las voces y nombrarlo, al menos \u00a1una vez! a Alfons\u00edn, el padre de la democracia.<\/p>\n\n\n\n<p>Yo no creo que Pepe Mujica se durmiera; ten\u00eda la cabeza baja por la verg\u00fcenza que le daba escuchar las cosas que se dec\u00edan desde el escenario, sobre todo CFK, como siempre, buscando culpables afuera por su mala gesti\u00f3n y comparando a los micr\u00f3fonos de los periodistas con picanas \u00a1Epa! \u00a1It\u00b4s too much!<\/p>\n\n\n\n<p>Finalizado el acto vino la secci\u00f3n baile con Estela de Carlotto y otras. \u00bfEs que hay algo que festejar?<\/p>\n\n\n\n<p>Ese acto le cost\u00f3 a la ciudad de Buenos Aires $19 millones, que pagaron todos los porte\u00f1os, para reponer c\u00e9sped, plantas, baldosas, limpieza, etc.<\/p>\n\n\n\n<p>\u00bfExiste el color de la tristeza?<\/p>\n","protected":false},"excerpt":{"rendered":"<p>Escribe: Cristina Pablos Cuando un estado es gigantesco, el pa\u00eds, indefectiblemente, es pobre. Porque la riqueza nace de los capitales privados que dan empleo no del empleo p\u00fablico y menos de los planes sociales. Argentina ten\u00eda 2,5 millones de empleados p\u00fablicos en 2011, en 2019 son 5,8 millones. Es el pa\u00eds de la regi\u00f3n (y [&hellip;]<\/p>\n","protected":false},"author":4,"featured_media":41210,"comment_status":"open","ping_status":"open","sticky":false,"template":"","format":"standard","meta":{"site-sidebar-layout":"default","site-content-layout":"default","ast-site-content-layout":"default","site-content-style":"default","site-sidebar-style":"default","ast-global-header-display":"","ast-banner-title-visibility":"","ast-main-header-display":"","ast-hfb-above-header-display":"","ast-hfb-below-header-display":"","ast-hfb-mobile-header-display":"","site-post-title":"","ast-breadcrumbs-content":"","ast-featured-img":"","footer-sml-layout":"","ast-disable-related-posts":"","theme-transparent-header-meta":"default","adv-header-id-meta":"","stick-header-meta":"","header-above-stick-meta":"","header-main-stick-meta":"","header-below-stick-meta":"","astra-migrate-meta-layouts":"default","ast-page-background-enabled":"default","ast-page-background-meta":{"desktop":{"background-color":"","background-image":"","background-repeat":"repeat","background-position":"center center","background-size":"auto","background-attachment":"scroll","background-type":"","background-media":"","overlay-type":"","overlay-color":"","overlay-opacity":"","overlay-gradient":""},"tablet":{"background-color":"","background-image":"","background-repeat":"repeat","background-position":"center center","background-size":"auto","background-attachment":"scroll","background-type":"","background-media":"","overlay-type":"","overlay-color":"","overlay-opacity":"","overlay-gradient":""},"mobile":{"background-color":"","background-image":"","background-repeat":"repeat","background-position":"center center","background-size":"auto","background-attachment":"scroll","background-type":"","background-media":"","overlay-type":"","overlay-color":"","overlay-opacity":"","overlay-gradient":""}},"ast-content-background-meta":{"desktop":{"background-color":"var(--ast-global-color-5)","background-image":"","background-repeat":"repeat","background-position":"center center","background-size":"auto","background-attachment":"scroll","background-type":"","background-media":"","overlay-type":"","overlay-color":"","overlay-opacity":"","overlay-gradient":""},"tablet":{"background-color":"var(--ast-global-color-5)","background-image":"","background-repeat":"repeat","background-position":"center center","background-size":"auto","background-attachment":"scroll","background-type":"","background-media":"","overlay-type":"","overlay-color":"","overlay-opacity":"","overlay-gradient":""},"mobile":{"background-color":"var(--ast-global-color-5)","background-image":"","background-repeat":"repeat","background-position":"center center","background-size":"auto","background-attachment":"scroll","background-type":"","background-media":"","overlay-type":"","overlay-color":"","overlay-opacity":"","overlay-gradient":""}},"_jetpack_memberships_contains_paid_content":false,"_joinchat":[],"footnotes":""},"categories":[365,3557],"tags":[1594,424,1804,467,12836,1596,10223,609,1582,145],"class_list":["post-49790","post","type-post","status-publish","format-standard","has-post-thumbnail","hentry","category-opinion","category-tercera","tag-alberto-fernandez","tag-cristina-pablos","tag-estadisticas","tag-fmi","tag-macroestado","tag-mauricio-macri","tag-planes-sociales","tag-pobreza","tag-relato","tag-riqueza"],"yoast_head":"<!-- This site is optimized with the Yoast SEO plugin v26.8 - https:\/\/yoast.com\/product\/yoast-seo-wordpress\/ -->\n<title>[Opini\u00f3n] El macro estado argentino: Dato mata relato - El Regional<\/title>\n<meta name=\"description\" content=\"Cuando un estado es gigantesco, el pa\u00eds, indefectiblemente, es pobre. Porque la riqueza nace de los capitales privados que dan empleo.\" \/>\n<meta name=\"robots\" content=\"index, follow, max-snippet:-1, max-image-preview:large, max-video-preview:-1\" \/>\n<link rel=\"canonical\" href=\"http:\/\/elregionalvm.com.ar\/noticias-villa-maria\/opinion-el-macro-estado-argentino-dato-mata-relato\/\" \/>\n<meta property=\"og:locale\" content=\"es_ES\" \/>\n<meta property=\"og:type\" content=\"article\" \/>\n<meta property=\"og:title\" content=\"[Opini\u00f3n] El macro estado argentino: Dato mata relato - El Regional\" \/>\n<meta property=\"og:description\" content=\"Cuando un estado es gigantesco, el pa\u00eds, indefectiblemente, es pobre. Porque la riqueza nace de los capitales privados que dan empleo.\" \/>\n<meta property=\"og:url\" content=\"http:\/\/elregionalvm.com.ar\/noticias-villa-maria\/opinion-el-macro-estado-argentino-dato-mata-relato\/\" \/>\n<meta property=\"og:site_name\" content=\"El Regional\" \/>\n<meta property=\"article:publisher\" content=\"https:\/\/www.facebook.com\/elregionalvm\" \/>\n<meta property=\"article:published_time\" content=\"2021-12-16T16:19:38+00:00\" \/>\n<meta property=\"article:modified_time\" content=\"2021-12-19T15:58:30+00:00\" \/>\n<meta property=\"og:image\" content=\"http:\/\/elregionalvm.com.ar\/noticias-villa-maria\/wp-content\/uploads\/2021\/07\/casa-rosada-rompecabezas.jpg\" \/>\n\t<meta property=\"og:image:width\" content=\"1000\" \/>\n\t<meta property=\"og:image:height\" content=\"658\" \/>\n\t<meta property=\"og:image:type\" content=\"image\/jpeg\" \/>\n<meta name=\"author\" content=\"Contenidos El Regional\" \/>\n<meta name=\"twitter:card\" content=\"summary_large_image\" \/>\n<meta name=\"twitter:creator\" content=\"@elregionalvm1\" \/>\n<meta name=\"twitter:site\" content=\"@elregionalvm1\" \/>\n<meta name=\"twitter:label1\" content=\"Escrito por\" \/>\n\t<meta name=\"twitter:data1\" content=\"Contenidos El Regional\" \/>\n\t<meta name=\"twitter:label2\" content=\"Tiempo de lectura\" \/>\n\t<meta name=\"twitter:data2\" content=\"3 minutos\" \/>\n<script type=\"application\/ld+json\" class=\"yoast-schema-graph\">{\"@context\":\"https:\/\/schema.org\",\"@graph\":[{\"@type\":\"Article\",\"@id\":\"http:\/\/elregionalvm.com.ar\/noticias-villa-maria\/opinion-el-macro-estado-argentino-dato-mata-relato\/#article\",\"isPartOf\":{\"@id\":\"http:\/\/elregionalvm.com.ar\/noticias-villa-maria\/opinion-el-macro-estado-argentino-dato-mata-relato\/\"},\"author\":{\"name\":\"Contenidos El Regional\",\"@id\":\"http:\/\/elregionalvm.com.ar\/noticias-villa-maria\/#\/schema\/person\/a0fb9c422317faca23d50163151bc354\"},\"headline\":\"[Opini\u00f3n] El macro estado argentino: Dato mata relato\",\"datePublished\":\"2021-12-16T16:19:38+00:00\",\"dateModified\":\"2021-12-19T15:58:30+00:00\",\"mainEntityOfPage\":{\"@id\":\"http:\/\/elregionalvm.com.ar\/noticias-villa-maria\/opinion-el-macro-estado-argentino-dato-mata-relato\/\"},\"wordCount\":540,\"commentCount\":1,\"image\":{\"@id\":\"http:\/\/elregionalvm.com.ar\/noticias-villa-maria\/opinion-el-macro-estado-argentino-dato-mata-relato\/#primaryimage\"},\"thumbnailUrl\":\"https:\/\/i0.wp.com\/elregionalvm.com.ar\/noticias-villa-maria\/wp-content\/uploads\/2021\/07\/casa-rosada-rompecabezas.jpg?fit=1000%2C658&ssl=1\",\"keywords\":[\"Alberto Fern\u00e1ndez\",\"Cristina Pablos\",\"estadisticas\",\"FMI\",\"macroestado\",\"Mauricio Macri\",\"planes sociales\",\"Pobreza\",\"relato\",\"riqueza\"],\"articleSection\":[\"Opini\u00f3n\",\"tercera\"],\"inLanguage\":\"es\",\"potentialAction\":[{\"@type\":\"CommentAction\",\"name\":\"Comment\",\"target\":[\"http:\/\/elregionalvm.com.ar\/noticias-villa-maria\/opinion-el-macro-estado-argentino-dato-mata-relato\/#respond\"]}]},{\"@type\":\"WebPage\",\"@id\":\"http:\/\/elregionalvm.com.ar\/noticias-villa-maria\/opinion-el-macro-estado-argentino-dato-mata-relato\/\",\"url\":\"http:\/\/elregionalvm.com.ar\/noticias-villa-maria\/opinion-el-macro-estado-argentino-dato-mata-relato\/\",\"name\":\"[Opini\u00f3n] El macro estado argentino: Dato mata relato - El Regional\",\"isPartOf\":{\"@id\":\"http:\/\/elregionalvm.com.ar\/noticias-villa-maria\/#website\"},\"primaryImageOfPage\":{\"@id\":\"http:\/\/elregionalvm.com.ar\/noticias-villa-maria\/opinion-el-macro-estado-argentino-dato-mata-relato\/#primaryimage\"},\"image\":{\"@id\":\"http:\/\/elregionalvm.com.ar\/noticias-villa-maria\/opinion-el-macro-estado-argentino-dato-mata-relato\/#primaryimage\"},\"thumbnailUrl\":\"https:\/\/i0.wp.com\/elregionalvm.com.ar\/noticias-villa-maria\/wp-content\/uploads\/2021\/07\/casa-rosada-rompecabezas.jpg?fit=1000%2C658&ssl=1\",\"datePublished\":\"2021-12-16T16:19:38+00:00\",\"dateModified\":\"2021-12-19T15:58:30+00:00\",\"author\":{\"@id\":\"http:\/\/elregionalvm.com.ar\/noticias-villa-maria\/#\/schema\/person\/a0fb9c422317faca23d50163151bc354\"},\"description\":\"Cuando un estado es gigantesco, el pa\u00eds, indefectiblemente, es pobre. Porque la riqueza nace de los capitales privados que dan empleo.\",\"breadcrumb\":{\"@id\":\"http:\/\/elregionalvm.com.ar\/noticias-villa-maria\/opinion-el-macro-estado-argentino-dato-mata-relato\/#breadcrumb\"},\"inLanguage\":\"es\",\"potentialAction\":[{\"@type\":\"ReadAction\",\"target\":[\"http:\/\/elregionalvm.com.ar\/noticias-villa-maria\/opinion-el-macro-estado-argentino-dato-mata-relato\/\"]}]},{\"@type\":\"ImageObject\",\"inLanguage\":\"es\",\"@id\":\"http:\/\/elregionalvm.com.ar\/noticias-villa-maria\/opinion-el-macro-estado-argentino-dato-mata-relato\/#primaryimage\",\"url\":\"https:\/\/i0.wp.com\/elregionalvm.com.ar\/noticias-villa-maria\/wp-content\/uploads\/2021\/07\/casa-rosada-rompecabezas.jpg?fit=1000%2C658&ssl=1\",\"contentUrl\":\"https:\/\/i0.wp.com\/elregionalvm.com.ar\/noticias-villa-maria\/wp-content\/uploads\/2021\/07\/casa-rosada-rompecabezas.jpg?fit=1000%2C658&ssl=1\",\"width\":1000,\"height\":658},{\"@type\":\"BreadcrumbList\",\"@id\":\"http:\/\/elregionalvm.com.ar\/noticias-villa-maria\/opinion-el-macro-estado-argentino-dato-mata-relato\/#breadcrumb\",\"itemListElement\":[{\"@type\":\"ListItem\",\"position\":1,\"name\":\"Portada\",\"item\":\"https:\/\/elregionalvm.com.ar\/noticias-villa-maria\/\"},{\"@type\":\"ListItem\",\"position\":2,\"name\":\"[Opini\u00f3n] El macro estado argentino: Dato mata relato\"}]},{\"@type\":\"WebSite\",\"@id\":\"http:\/\/elregionalvm.com.ar\/noticias-villa-maria\/#website\",\"url\":\"http:\/\/elregionalvm.com.ar\/noticias-villa-maria\/\",\"name\":\"El Regional\",\"description\":\"Mucho m\u00e1s que informaci\u00f3n\",\"potentialAction\":[{\"@type\":\"SearchAction\",\"target\":{\"@type\":\"EntryPoint\",\"urlTemplate\":\"http:\/\/elregionalvm.com.ar\/noticias-villa-maria\/?s={search_term_string}\"},\"query-input\":{\"@type\":\"PropertyValueSpecification\",\"valueRequired\":true,\"valueName\":\"search_term_string\"}}],\"inLanguage\":\"es\"},{\"@type\":\"Person\",\"@id\":\"http:\/\/elregionalvm.com.ar\/noticias-villa-maria\/#\/schema\/person\/a0fb9c422317faca23d50163151bc354\",\"name\":\"Contenidos El Regional\",\"image\":{\"@type\":\"ImageObject\",\"inLanguage\":\"es\",\"@id\":\"http:\/\/elregionalvm.com.ar\/noticias-villa-maria\/#\/schema\/person\/image\/\",\"url\":\"https:\/\/secure.gravatar.com\/avatar\/265b27cb2209af7bb3a1318f03305787d7981a5cc6e6cd08fe5a4ecdf99d4b48?s=96&d=mm&r=g\",\"contentUrl\":\"https:\/\/secure.gravatar.com\/avatar\/265b27cb2209af7bb3a1318f03305787d7981a5cc6e6cd08fe5a4ecdf99d4b48?s=96&d=mm&r=g\",\"caption\":\"Contenidos El Regional\"},\"url\":\"https:\/\/elregionalvm.com.ar\/noticias-villa-maria\/author\/contenido\/\"}]}<\/script>\n<!-- \/ Yoast SEO plugin. -->","yoast_head_json":{"title":"[Opini\u00f3n] El macro estado argentino: Dato mata relato - El Regional","description":"Cuando un estado es gigantesco, el pa\u00eds, indefectiblemente, es pobre. Porque la riqueza nace de los capitales privados que dan empleo.","robots":{"index":"index","follow":"follow","max-snippet":"max-snippet:-1","max-image-preview":"max-image-preview:large","max-video-preview":"max-video-preview:-1"},"canonical":"http:\/\/elregionalvm.com.ar\/noticias-villa-maria\/opinion-el-macro-estado-argentino-dato-mata-relato\/","og_locale":"es_ES","og_type":"article","og_title":"[Opini\u00f3n] El macro estado argentino: Dato mata relato - El Regional","og_description":"Cuando un estado es gigantesco, el pa\u00eds, indefectiblemente, es pobre. Porque la riqueza nace de los capitales privados que dan empleo.","og_url":"http:\/\/elregionalvm.com.ar\/noticias-villa-maria\/opinion-el-macro-estado-argentino-dato-mata-relato\/","og_site_name":"El Regional","article_publisher":"https:\/\/www.facebook.com\/elregionalvm","article_published_time":"2021-12-16T16:19:38+00:00","article_modified_time":"2021-12-19T15:58:30+00:00","og_image":[{"width":1000,"height":658,"url":"http:\/\/elregionalvm.com.ar\/noticias-villa-maria\/wp-content\/uploads\/2021\/07\/casa-rosada-rompecabezas.jpg","type":"image\/jpeg"}],"author":"Contenidos El Regional","twitter_card":"summary_large_image","twitter_creator":"@elregionalvm1","twitter_site":"@elregionalvm1","twitter_misc":{"Escrito por":"Contenidos El Regional","Tiempo de lectura":"3 minutos"},"schema":{"@context":"https:\/\/schema.org","@graph":[{"@type":"Article","@id":"http:\/\/elregionalvm.com.ar\/noticias-villa-maria\/opinion-el-macro-estado-argentino-dato-mata-relato\/#article","isPartOf":{"@id":"http:\/\/elregionalvm.com.ar\/noticias-villa-maria\/opinion-el-macro-estado-argentino-dato-mata-relato\/"},"author":{"name":"Contenidos El Regional","@id":"http:\/\/elregionalvm.com.ar\/noticias-villa-maria\/#\/schema\/person\/a0fb9c422317faca23d50163151bc354"},"headline":"[Opini\u00f3n] El macro estado argentino: Dato mata relato","datePublished":"2021-12-16T16:19:38+00:00","dateModified":"2021-12-19T15:58:30+00:00","mainEntityOfPage":{"@id":"http:\/\/elregionalvm.com.ar\/noticias-villa-maria\/opinion-el-macro-estado-argentino-dato-mata-relato\/"},"wordCount":540,"commentCount":1,"image":{"@id":"http:\/\/elregionalvm.com.ar\/noticias-villa-maria\/opinion-el-macro-estado-argentino-dato-mata-relato\/#primaryimage"},"thumbnailUrl":"https:\/\/i0.wp.com\/elregionalvm.com.ar\/noticias-villa-maria\/wp-content\/uploads\/2021\/07\/casa-rosada-rompecabezas.jpg?fit=1000%2C658&ssl=1","keywords":["Alberto Fern\u00e1ndez","Cristina Pablos","estadisticas","FMI","macroestado","Mauricio Macri","planes sociales","Pobreza","relato","riqueza"],"articleSection":["Opini\u00f3n","tercera"],"inLanguage":"es","potentialAction":[{"@type":"CommentAction","name":"Comment","target":["http:\/\/elregionalvm.com.ar\/noticias-villa-maria\/opinion-el-macro-estado-argentino-dato-mata-relato\/#respond"]}]},{"@type":"WebPage","@id":"http:\/\/elregionalvm.com.ar\/noticias-villa-maria\/opinion-el-macro-estado-argentino-dato-mata-relato\/","url":"http:\/\/elregionalvm.com.ar\/noticias-villa-maria\/opinion-el-macro-estado-argentino-dato-mata-relato\/","name":"[Opini\u00f3n] El macro estado argentino: Dato mata relato - El Regional","isPartOf":{"@id":"http:\/\/elregionalvm.com.ar\/noticias-villa-maria\/#website"},"primaryImageOfPage":{"@id":"http:\/\/elregionalvm.com.ar\/noticias-villa-maria\/opinion-el-macro-estado-argentino-dato-mata-relato\/#primaryimage"},"image":{"@id":"http:\/\/elregionalvm.com.ar\/noticias-villa-maria\/opinion-el-macro-estado-argentino-dato-mata-relato\/#primaryimage"},"thumbnailUrl":"https:\/\/i0.wp.com\/elregionalvm.com.ar\/noticias-villa-maria\/wp-content\/uploads\/2021\/07\/casa-rosada-rompecabezas.jpg?fit=1000%2C658&ssl=1","datePublished":"2021-12-16T16:19:38+00:00","dateModified":"2021-12-19T15:58:30+00:00","author":{"@id":"http:\/\/elregionalvm.com.ar\/noticias-villa-maria\/#\/schema\/person\/a0fb9c422317faca23d50163151bc354"},"description":"Cuando un estado es gigantesco, el pa\u00eds, indefectiblemente, es pobre. Porque la riqueza nace de los capitales privados que dan empleo.","breadcrumb":{"@id":"http:\/\/elregionalvm.com.ar\/noticias-villa-maria\/opinion-el-macro-estado-argentino-dato-mata-relato\/#breadcrumb"},"inLanguage":"es","potentialAction":[{"@type":"ReadAction","target":["http:\/\/elregionalvm.com.ar\/noticias-villa-maria\/opinion-el-macro-estado-argentino-dato-mata-relato\/"]}]},{"@type":"ImageObject","inLanguage":"es","@id":"http:\/\/elregionalvm.com.ar\/noticias-villa-maria\/opinion-el-macro-estado-argentino-dato-mata-relato\/#primaryimage","url":"https:\/\/i0.wp.com\/elregionalvm.com.ar\/noticias-villa-maria\/wp-content\/uploads\/2021\/07\/casa-rosada-rompecabezas.jpg?fit=1000%2C658&ssl=1","contentUrl":"https:\/\/i0.wp.com\/elregionalvm.com.ar\/noticias-villa-maria\/wp-content\/uploads\/2021\/07\/casa-rosada-rompecabezas.jpg?fit=1000%2C658&ssl=1","width":1000,"height":658},{"@type":"BreadcrumbList","@id":"http:\/\/elregionalvm.com.ar\/noticias-villa-maria\/opinion-el-macro-estado-argentino-dato-mata-relato\/#breadcrumb","itemListElement":[{"@type":"ListItem","position":1,"name":"Portada","item":"https:\/\/elregionalvm.com.ar\/noticias-villa-maria\/"},{"@type":"ListItem","position":2,"name":"[Opini\u00f3n] El macro estado argentino: Dato mata relato"}]},{"@type":"WebSite","@id":"http:\/\/elregionalvm.com.ar\/noticias-villa-maria\/#website","url":"http:\/\/elregionalvm.com.ar\/noticias-villa-maria\/","name":"El Regional","description":"Mucho m\u00e1s que informaci\u00f3n","potentialAction":[{"@type":"SearchAction","target":{"@type":"EntryPoint","urlTemplate":"http:\/\/elregionalvm.com.ar\/noticias-villa-maria\/?s={search_term_string}"},"query-input":{"@type":"PropertyValueSpecification","valueRequired":true,"valueName":"search_term_string"}}],"inLanguage":"es"},{"@type":"Person","@id":"http:\/\/elregionalvm.com.ar\/noticias-villa-maria\/#\/schema\/person\/a0fb9c422317faca23d50163151bc354","name":"Contenidos El Regional","image":{"@type":"ImageObject","inLanguage":"es","@id":"http:\/\/elregionalvm.com.ar\/noticias-villa-maria\/#\/schema\/person\/image\/","url":"https:\/\/secure.gravatar.com\/avatar\/265b27cb2209af7bb3a1318f03305787d7981a5cc6e6cd08fe5a4ecdf99d4b48?s=96&d=mm&r=g","contentUrl":"https:\/\/secure.gravatar.com\/avatar\/265b27cb2209af7bb3a1318f03305787d7981a5cc6e6cd08fe5a4ecdf99d4b48?s=96&d=mm&r=g","caption":"Contenidos El Regional"},"url":"https:\/\/elregionalvm.com.ar\/noticias-villa-maria\/author\/contenido\/"}]}},"jetpack_featured_media_url":"https:\/\/i0.wp.com\/elregionalvm.com.ar\/noticias-villa-maria\/wp-content\/uploads\/2021\/07\/casa-rosada-rompecabezas.jpg?fit=1000%2C658&ssl=1","jetpack_sharing_enabled":true,"_links":{"self":[{"href":"https:\/\/elregionalvm.com.ar\/noticias-villa-maria\/wp-json\/wp\/v2\/posts\/49790","targetHints":{"allow":["GET"]}}],"collection":[{"href":"https:\/\/elregionalvm.com.ar\/noticias-villa-maria\/wp-json\/wp\/v2\/posts"}],"about":[{"href":"https:\/\/elregionalvm.com.ar\/noticias-villa-maria\/wp-json\/wp\/v2\/types\/post"}],"author":[{"embeddable":true,"href":"https:\/\/elregionalvm.com.ar\/noticias-villa-maria\/wp-json\/wp\/v2\/users\/4"}],"replies":[{"embeddable":true,"href":"https:\/\/elregionalvm.com.ar\/noticias-villa-maria\/wp-json\/wp\/v2\/comments?post=49790"}],"version-history":[{"count":2,"href":"https:\/\/elregionalvm.com.ar\/noticias-villa-maria\/wp-json\/wp\/v2\/posts\/49790\/revisions"}],"predecessor-version":[{"id":49792,"href":"https:\/\/elregionalvm.com.ar\/noticias-villa-maria\/wp-json\/wp\/v2\/posts\/49790\/revisions\/49792"}],"wp:featuredmedia":[{"embeddable":true,"href":"https:\/\/elregionalvm.com.ar\/noticias-villa-maria\/wp-json\/wp\/v2\/media\/41210"}],"wp:attachment":[{"href":"https:\/\/elregionalvm.com.ar\/noticias-villa-maria\/wp-json\/wp\/v2\/media?parent=49790"}],"wp:term":[{"taxonomy":"category","embeddable":true,"href":"https:\/\/elregionalvm.com.ar\/noticias-villa-maria\/wp-json\/wp\/v2\/categories?post=49790"},{"taxonomy":"post_tag","embeddable":true,"href":"https:\/\/elregionalvm.com.ar\/noticias-villa-maria\/wp-json\/wp\/v2\/tags?post=49790"}],"curies":[{"name":"wp","href":"https:\/\/api.w.org\/{rel}","templated":true}]}}