{"id":49793,"date":"2021-12-16T21:15:47","date_gmt":"2021-12-16T21:15:47","guid":{"rendered":"https:\/\/elregionalvm.com.ar\/noticias-villa-maria\/?p=49793"},"modified":"2021-12-16T21:15:48","modified_gmt":"2021-12-16T21:15:48","slug":"el-funcionario-municipal-pampero-barrera-fue-detenido-por-presunto-abuso-sexual","status":"publish","type":"post","link":"https:\/\/elregionalvm.com.ar\/noticias-villa-maria\/el-funcionario-municipal-pampero-barrera-fue-detenido-por-presunto-abuso-sexual\/","title":{"rendered":"El funcionario municipal \u00abPampero\u00bb Barrera fue detenido por presunto abuso sexual"},"content":{"rendered":"\n<p>Durante la jornada de este jueves, fue detenido por un supuesto abuso sexual  N\u00e9stor Jorge Barrera, conocid\u00edsimo dentro del \u00e1mbito municipal y pol\u00edtico, porque adem\u00e1s es esposo de la concejal Ver\u00f3nica Viv\u00f3, del bloque Hacemos por C\u00f3rdoba de nuestra ciudad. <\/p>\n\n\n\n<p>Barrera, m\u00e1s conocido como \u00abPampero\u00bb, estaba desarrollando tareas dentro de la Direcci\u00f3n de Participaci\u00f3n Vecinal y esta ma\u00f1ana ha quedado detenido tras la mencionada acusaci\u00f3n, luego que se practicaran algunos allanamientos dentro del Municerca 5 de barrio Mariano Moreno, en la casa del propio Barrera y en la Oficina de Legajos del Palacio Municipal.<\/p>\n\n\n\n<p>La confirmaci\u00f3n de lo actuado a <strong>\u00abEl Regional Diario Digital\u00bb<\/strong>, lleg\u00f3 por parte del propio Eduardo \u00abTati\u00bb Rodr\u00edguez, quien se\u00f1al\u00f3 que efectivamente los allanamientos y todo lo actuado hasta el momento se hab\u00eda desarrollado por parte de los investigadores de la Justicia esta ma\u00f1ana. Se\u00f1al\u00f3 Rodr\u00edguez que \u00aben el presunto abuso no hay ning\u00fan menor involucrado ni nadie del entorno familiar del detenido\u00bb.<\/p>\n\n\n\n<p>Comunicado oficial del municipio:<\/p>\n\n\n\n<p>En horas de la ma\u00f1ana, el municipio tom\u00f3 conocimiento de una causa judicial de instancia privada que involucra a personas pertenecientes al \u00e1mbito municipal.<\/p>\n\n\n\n<p>Debido a ello, una comisi\u00f3n del Poder Judicial llev\u00f3 a cabo un procedimiento en el \u00e1rea de Personal del Palacio Municipal. En este operativo, se solicit\u00f3 documentaci\u00f3n que fue puesta a disposici\u00f3n por parte del Estado local, brindando entera adhesi\u00f3n al proceso.<\/p>\n\n\n\n<p>Frente a la denuncia, se puso en marcha el protocolo vinculado a violencia de g\u00e9nero, a los fines de garantizar la colaboraci\u00f3n del municipio en el proceso judicial, como as\u00ed tambi\u00e9n el acompa\u00f1amiento profesional necesario ante estos casos.<\/p>\n","protected":false},"excerpt":{"rendered":"<p>Durante la jornada de este jueves, fue detenido por un supuesto abuso sexual N\u00e9stor Jorge Barrera, conocid\u00edsimo dentro del \u00e1mbito municipal y pol\u00edtico, porque adem\u00e1s es esposo de la concejal Ver\u00f3nica Viv\u00f3, del bloque Hacemos por C\u00f3rdoba de nuestra ciudad. Barrera, m\u00e1s conocido como \u00abPampero\u00bb, estaba desarrollando tareas dentro de la Direcci\u00f3n de Participaci\u00f3n Vecinal [&hellip;]<\/p>\n","protected":false},"author":4,"featured_media":49794,"comment_status":"open","ping_status":"open","sticky":false,"template":"","format":"standard","meta":{"site-sidebar-layout":"default","site-content-layout":"default","ast-site-content-layout":"default","site-content-style":"default","site-sidebar-style":"default","ast-global-header-display":"","ast-banner-title-visibility":"","ast-main-header-display":"","ast-hfb-above-header-display":"","ast-hfb-below-header-display":"","ast-hfb-mobile-header-display":"","site-post-title":"","ast-breadcrumbs-content":"","ast-featured-img":"","footer-sml-layout":"","ast-disable-related-posts":"","theme-transparent-header-meta":"default","adv-header-id-meta":"","stick-header-meta":"","header-above-stick-meta":"","header-main-stick-meta":"","header-below-stick-meta":"","astra-migrate-meta-layouts":"default","ast-page-background-enabled":"default","ast-page-background-meta":{"desktop":{"background-color":"","background-image":"","background-repeat":"repeat","background-position":"center center","background-size":"auto","background-attachment":"scroll","background-type":"","background-media":"","overlay-type":"","overlay-color":"","overlay-opacity":"","overlay-gradient":""},"tablet":{"background-color":"","background-image":"","background-repeat":"repeat","background-position":"center center","background-size":"auto","background-attachment":"scroll","background-type":"","background-media":"","overlay-type":"","overlay-color":"","overlay-opacity":"","overlay-gradient":""},"mobile":{"background-color":"","background-image":"","background-repeat":"repeat","background-position":"center center","background-size":"auto","background-attachment":"scroll","background-type":"","background-media":"","overlay-type":"","overlay-color":"","overlay-opacity":"","overlay-gradient":""}},"ast-content-background-meta":{"desktop":{"background-color":"var(--ast-global-color-5)","background-image":"","background-repeat":"repeat","background-position":"center center","background-size":"auto","background-attachment":"scroll","background-type":"","background-media":"","overlay-type":"","overlay-color":"","overlay-opacity":"","overlay-gradient":""},"tablet":{"background-color":"var(--ast-global-color-5)","background-image":"","background-repeat":"repeat","background-position":"center center","background-size":"auto","background-attachment":"scroll","background-type":"","background-media":"","overlay-type":"","overlay-color":"","overlay-opacity":"","overlay-gradient":""},"mobile":{"background-color":"var(--ast-global-color-5)","background-image":"","background-repeat":"repeat","background-position":"center center","background-size":"auto","background-attachment":"scroll","background-type":"","background-media":"","overlay-type":"","overlay-color":"","overlay-opacity":"","overlay-gradient":""}},"_jetpack_memberships_contains_paid_content":false,"_joinchat":[],"footnotes":""},"categories":[2234],"tags":[1232,2305,12837,12838,6899,2248],"class_list":["post-49793","post","type-post","status-publish","format-standard","has-post-thumbnail","hentry","category-policiales","tag-destacado","tag-detenido","tag-nestor-jorge-barrera","tag-pampero","tag-presunto-abuso-sexual","tag-villa-maria-2"],"yoast_head":"<!-- This site is optimized with the Yoast SEO plugin v26.8 - https:\/\/yoast.com\/product\/yoast-seo-wordpress\/ -->\n<title>El funcionario municipal &quot;Pampero&quot; Barrera fue detenido por presunto abuso sexual - El Regional<\/title>\n<meta name=\"robots\" content=\"index, follow, max-snippet:-1, max-image-preview:large, max-video-preview:-1\" \/>\n<link rel=\"canonical\" href=\"http:\/\/elregionalvm.com.ar\/noticias-villa-maria\/el-funcionario-municipal-pampero-barrera-fue-detenido-por-presunto-abuso-sexual\/\" \/>\n<meta property=\"og:locale\" content=\"es_ES\" \/>\n<meta property=\"og:type\" content=\"article\" \/>\n<meta property=\"og:title\" content=\"El funcionario municipal &quot;Pampero&quot; Barrera fue detenido por presunto abuso sexual - El Regional\" \/>\n<meta property=\"og:description\" content=\"Durante la jornada de este jueves, fue detenido por un supuesto abuso sexual N\u00e9stor Jorge Barrera, conocid\u00edsimo dentro del \u00e1mbito municipal y pol\u00edtico, porque adem\u00e1s es esposo de la concejal Ver\u00f3nica Viv\u00f3, del bloque Hacemos por C\u00f3rdoba de nuestra ciudad. Barrera, m\u00e1s conocido como \u00abPampero\u00bb, estaba desarrollando tareas dentro de la Direcci\u00f3n de Participaci\u00f3n Vecinal [&hellip;]\" \/>\n<meta property=\"og:url\" content=\"http:\/\/elregionalvm.com.ar\/noticias-villa-maria\/el-funcionario-municipal-pampero-barrera-fue-detenido-por-presunto-abuso-sexual\/\" \/>\n<meta property=\"og:site_name\" content=\"El Regional\" \/>\n<meta property=\"article:publisher\" content=\"https:\/\/www.facebook.com\/elregionalvm\" \/>\n<meta property=\"article:published_time\" content=\"2021-12-16T21:15:47+00:00\" \/>\n<meta property=\"article:modified_time\" content=\"2021-12-16T21:15:48+00:00\" \/>\n<meta property=\"og:image\" content=\"http:\/\/elregionalvm.com.ar\/noticias-villa-maria\/wp-content\/uploads\/2021\/12\/Pampero-Barrera.png\" \/>\n\t<meta property=\"og:image:width\" content=\"727\" \/>\n\t<meta property=\"og:image:height\" content=\"615\" \/>\n\t<meta property=\"og:image:type\" content=\"image\/png\" \/>\n<meta name=\"author\" content=\"Contenidos El Regional\" \/>\n<meta name=\"twitter:card\" content=\"summary_large_image\" \/>\n<meta name=\"twitter:creator\" content=\"@elregionalvm1\" \/>\n<meta name=\"twitter:site\" content=\"@elregionalvm1\" \/>\n<meta name=\"twitter:label1\" content=\"Escrito por\" \/>\n\t<meta name=\"twitter:data1\" content=\"Contenidos El Regional\" \/>\n\t<meta name=\"twitter:label2\" content=\"Tiempo de lectura\" \/>\n\t<meta name=\"twitter:data2\" content=\"2 minutos\" \/>\n<script type=\"application\/ld+json\" class=\"yoast-schema-graph\">{\"@context\":\"https:\/\/schema.org\",\"@graph\":[{\"@type\":\"Article\",\"@id\":\"http:\/\/elregionalvm.com.ar\/noticias-villa-maria\/el-funcionario-municipal-pampero-barrera-fue-detenido-por-presunto-abuso-sexual\/#article\",\"isPartOf\":{\"@id\":\"http:\/\/elregionalvm.com.ar\/noticias-villa-maria\/el-funcionario-municipal-pampero-barrera-fue-detenido-por-presunto-abuso-sexual\/\"},\"author\":{\"name\":\"Contenidos El Regional\",\"@id\":\"http:\/\/elregionalvm.com.ar\/noticias-villa-maria\/#\/schema\/person\/a0fb9c422317faca23d50163151bc354\"},\"headline\":\"El funcionario municipal \u00abPampero\u00bb Barrera fue detenido por presunto abuso sexual\",\"datePublished\":\"2021-12-16T21:15:47+00:00\",\"dateModified\":\"2021-12-16T21:15:48+00:00\",\"mainEntityOfPage\":{\"@id\":\"http:\/\/elregionalvm.com.ar\/noticias-villa-maria\/el-funcionario-municipal-pampero-barrera-fue-detenido-por-presunto-abuso-sexual\/\"},\"wordCount\":303,\"commentCount\":0,\"image\":{\"@id\":\"http:\/\/elregionalvm.com.ar\/noticias-villa-maria\/el-funcionario-municipal-pampero-barrera-fue-detenido-por-presunto-abuso-sexual\/#primaryimage\"},\"thumbnailUrl\":\"https:\/\/i0.wp.com\/elregionalvm.com.ar\/noticias-villa-maria\/wp-content\/uploads\/2021\/12\/Pampero-Barrera.png?fit=727%2C615&ssl=1\",\"keywords\":[\"destacado\",\"detenido\",\"N\u00e9stor Jorge Barrera\",\"Pampero\",\"presunto abuso sexual\",\"Villa Mar\u00eda\"],\"articleSection\":[\"Policiales\"],\"inLanguage\":\"es\",\"potentialAction\":[{\"@type\":\"CommentAction\",\"name\":\"Comment\",\"target\":[\"http:\/\/elregionalvm.com.ar\/noticias-villa-maria\/el-funcionario-municipal-pampero-barrera-fue-detenido-por-presunto-abuso-sexual\/#respond\"]}]},{\"@type\":\"WebPage\",\"@id\":\"http:\/\/elregionalvm.com.ar\/noticias-villa-maria\/el-funcionario-municipal-pampero-barrera-fue-detenido-por-presunto-abuso-sexual\/\",\"url\":\"http:\/\/elregionalvm.com.ar\/noticias-villa-maria\/el-funcionario-municipal-pampero-barrera-fue-detenido-por-presunto-abuso-sexual\/\",\"name\":\"El funcionario municipal \\\"Pampero\\\" Barrera fue detenido por presunto abuso sexual - El Regional\",\"isPartOf\":{\"@id\":\"http:\/\/elregionalvm.com.ar\/noticias-villa-maria\/#website\"},\"primaryImageOfPage\":{\"@id\":\"http:\/\/elregionalvm.com.ar\/noticias-villa-maria\/el-funcionario-municipal-pampero-barrera-fue-detenido-por-presunto-abuso-sexual\/#primaryimage\"},\"image\":{\"@id\":\"http:\/\/elregionalvm.com.ar\/noticias-villa-maria\/el-funcionario-municipal-pampero-barrera-fue-detenido-por-presunto-abuso-sexual\/#primaryimage\"},\"thumbnailUrl\":\"https:\/\/i0.wp.com\/elregionalvm.com.ar\/noticias-villa-maria\/wp-content\/uploads\/2021\/12\/Pampero-Barrera.png?fit=727%2C615&ssl=1\",\"datePublished\":\"2021-12-16T21:15:47+00:00\",\"dateModified\":\"2021-12-16T21:15:48+00:00\",\"author\":{\"@id\":\"http:\/\/elregionalvm.com.ar\/noticias-villa-maria\/#\/schema\/person\/a0fb9c422317faca23d50163151bc354\"},\"breadcrumb\":{\"@id\":\"http:\/\/elregionalvm.com.ar\/noticias-villa-maria\/el-funcionario-municipal-pampero-barrera-fue-detenido-por-presunto-abuso-sexual\/#breadcrumb\"},\"inLanguage\":\"es\",\"potentialAction\":[{\"@type\":\"ReadAction\",\"target\":[\"http:\/\/elregionalvm.com.ar\/noticias-villa-maria\/el-funcionario-municipal-pampero-barrera-fue-detenido-por-presunto-abuso-sexual\/\"]}]},{\"@type\":\"ImageObject\",\"inLanguage\":\"es\",\"@id\":\"http:\/\/elregionalvm.com.ar\/noticias-villa-maria\/el-funcionario-municipal-pampero-barrera-fue-detenido-por-presunto-abuso-sexual\/#primaryimage\",\"url\":\"https:\/\/i0.wp.com\/elregionalvm.com.ar\/noticias-villa-maria\/wp-content\/uploads\/2021\/12\/Pampero-Barrera.png?fit=727%2C615&ssl=1\",\"contentUrl\":\"https:\/\/i0.wp.com\/elregionalvm.com.ar\/noticias-villa-maria\/wp-content\/uploads\/2021\/12\/Pampero-Barrera.png?fit=727%2C615&ssl=1\",\"width\":727,\"height\":615},{\"@type\":\"BreadcrumbList\",\"@id\":\"http:\/\/elregionalvm.com.ar\/noticias-villa-maria\/el-funcionario-municipal-pampero-barrera-fue-detenido-por-presunto-abuso-sexual\/#breadcrumb\",\"itemListElement\":[{\"@type\":\"ListItem\",\"position\":1,\"name\":\"Portada\",\"item\":\"https:\/\/elregionalvm.com.ar\/noticias-villa-maria\/\"},{\"@type\":\"ListItem\",\"position\":2,\"name\":\"El funcionario municipal &#8220;Pampero&#8221; Barrera fue detenido por presunto abuso sexual\"}]},{\"@type\":\"WebSite\",\"@id\":\"http:\/\/elregionalvm.com.ar\/noticias-villa-maria\/#website\",\"url\":\"http:\/\/elregionalvm.com.ar\/noticias-villa-maria\/\",\"name\":\"El Regional\",\"description\":\"Mucho m\u00e1s que informaci\u00f3n\",\"potentialAction\":[{\"@type\":\"SearchAction\",\"target\":{\"@type\":\"EntryPoint\",\"urlTemplate\":\"http:\/\/elregionalvm.com.ar\/noticias-villa-maria\/?s={search_term_string}\"},\"query-input\":{\"@type\":\"PropertyValueSpecification\",\"valueRequired\":true,\"valueName\":\"search_term_string\"}}],\"inLanguage\":\"es\"},{\"@type\":\"Person\",\"@id\":\"http:\/\/elregionalvm.com.ar\/noticias-villa-maria\/#\/schema\/person\/a0fb9c422317faca23d50163151bc354\",\"name\":\"Contenidos El Regional\",\"image\":{\"@type\":\"ImageObject\",\"inLanguage\":\"es\",\"@id\":\"http:\/\/elregionalvm.com.ar\/noticias-villa-maria\/#\/schema\/person\/image\/\",\"url\":\"https:\/\/secure.gravatar.com\/avatar\/265b27cb2209af7bb3a1318f03305787d7981a5cc6e6cd08fe5a4ecdf99d4b48?s=96&d=mm&r=g\",\"contentUrl\":\"https:\/\/secure.gravatar.com\/avatar\/265b27cb2209af7bb3a1318f03305787d7981a5cc6e6cd08fe5a4ecdf99d4b48?s=96&d=mm&r=g\",\"caption\":\"Contenidos El Regional\"},\"url\":\"https:\/\/elregionalvm.com.ar\/noticias-villa-maria\/author\/contenido\/\"}]}<\/script>\n<!-- \/ Yoast SEO plugin. -->","yoast_head_json":{"title":"El funcionario municipal \"Pampero\" Barrera fue detenido por presunto abuso sexual - El Regional","robots":{"index":"index","follow":"follow","max-snippet":"max-snippet:-1","max-image-preview":"max-image-preview:large","max-video-preview":"max-video-preview:-1"},"canonical":"http:\/\/elregionalvm.com.ar\/noticias-villa-maria\/el-funcionario-municipal-pampero-barrera-fue-detenido-por-presunto-abuso-sexual\/","og_locale":"es_ES","og_type":"article","og_title":"El funcionario municipal \"Pampero\" Barrera fue detenido por presunto abuso sexual - El Regional","og_description":"Durante la jornada de este jueves, fue detenido por un supuesto abuso sexual N\u00e9stor Jorge Barrera, conocid\u00edsimo dentro del \u00e1mbito municipal y pol\u00edtico, porque adem\u00e1s es esposo de la concejal Ver\u00f3nica Viv\u00f3, del bloque Hacemos por C\u00f3rdoba de nuestra ciudad. Barrera, m\u00e1s conocido como \u00abPampero\u00bb, estaba desarrollando tareas dentro de la Direcci\u00f3n de Participaci\u00f3n Vecinal [&hellip;]","og_url":"http:\/\/elregionalvm.com.ar\/noticias-villa-maria\/el-funcionario-municipal-pampero-barrera-fue-detenido-por-presunto-abuso-sexual\/","og_site_name":"El Regional","article_publisher":"https:\/\/www.facebook.com\/elregionalvm","article_published_time":"2021-12-16T21:15:47+00:00","article_modified_time":"2021-12-16T21:15:48+00:00","og_image":[{"width":727,"height":615,"url":"http:\/\/elregionalvm.com.ar\/noticias-villa-maria\/wp-content\/uploads\/2021\/12\/Pampero-Barrera.png","type":"image\/png"}],"author":"Contenidos El Regional","twitter_card":"summary_large_image","twitter_creator":"@elregionalvm1","twitter_site":"@elregionalvm1","twitter_misc":{"Escrito por":"Contenidos El Regional","Tiempo de lectura":"2 minutos"},"schema":{"@context":"https:\/\/schema.org","@graph":[{"@type":"Article","@id":"http:\/\/elregionalvm.com.ar\/noticias-villa-maria\/el-funcionario-municipal-pampero-barrera-fue-detenido-por-presunto-abuso-sexual\/#article","isPartOf":{"@id":"http:\/\/elregionalvm.com.ar\/noticias-villa-maria\/el-funcionario-municipal-pampero-barrera-fue-detenido-por-presunto-abuso-sexual\/"},"author":{"name":"Contenidos El Regional","@id":"http:\/\/elregionalvm.com.ar\/noticias-villa-maria\/#\/schema\/person\/a0fb9c422317faca23d50163151bc354"},"headline":"El funcionario municipal \u00abPampero\u00bb Barrera fue detenido por presunto abuso sexual","datePublished":"2021-12-16T21:15:47+00:00","dateModified":"2021-12-16T21:15:48+00:00","mainEntityOfPage":{"@id":"http:\/\/elregionalvm.com.ar\/noticias-villa-maria\/el-funcionario-municipal-pampero-barrera-fue-detenido-por-presunto-abuso-sexual\/"},"wordCount":303,"commentCount":0,"image":{"@id":"http:\/\/elregionalvm.com.ar\/noticias-villa-maria\/el-funcionario-municipal-pampero-barrera-fue-detenido-por-presunto-abuso-sexual\/#primaryimage"},"thumbnailUrl":"https:\/\/i0.wp.com\/elregionalvm.com.ar\/noticias-villa-maria\/wp-content\/uploads\/2021\/12\/Pampero-Barrera.png?fit=727%2C615&ssl=1","keywords":["destacado","detenido","N\u00e9stor Jorge Barrera","Pampero","presunto abuso sexual","Villa Mar\u00eda"],"articleSection":["Policiales"],"inLanguage":"es","potentialAction":[{"@type":"CommentAction","name":"Comment","target":["http:\/\/elregionalvm.com.ar\/noticias-villa-maria\/el-funcionario-municipal-pampero-barrera-fue-detenido-por-presunto-abuso-sexual\/#respond"]}]},{"@type":"WebPage","@id":"http:\/\/elregionalvm.com.ar\/noticias-villa-maria\/el-funcionario-municipal-pampero-barrera-fue-detenido-por-presunto-abuso-sexual\/","url":"http:\/\/elregionalvm.com.ar\/noticias-villa-maria\/el-funcionario-municipal-pampero-barrera-fue-detenido-por-presunto-abuso-sexual\/","name":"El funcionario municipal \"Pampero\" Barrera fue detenido por presunto abuso sexual - El Regional","isPartOf":{"@id":"http:\/\/elregionalvm.com.ar\/noticias-villa-maria\/#website"},"primaryImageOfPage":{"@id":"http:\/\/elregionalvm.com.ar\/noticias-villa-maria\/el-funcionario-municipal-pampero-barrera-fue-detenido-por-presunto-abuso-sexual\/#primaryimage"},"image":{"@id":"http:\/\/elregionalvm.com.ar\/noticias-villa-maria\/el-funcionario-municipal-pampero-barrera-fue-detenido-por-presunto-abuso-sexual\/#primaryimage"},"thumbnailUrl":"https:\/\/i0.wp.com\/elregionalvm.com.ar\/noticias-villa-maria\/wp-content\/uploads\/2021\/12\/Pampero-Barrera.png?fit=727%2C615&ssl=1","datePublished":"2021-12-16T21:15:47+00:00","dateModified":"2021-12-16T21:15:48+00:00","author":{"@id":"http:\/\/elregionalvm.com.ar\/noticias-villa-maria\/#\/schema\/person\/a0fb9c422317faca23d50163151bc354"},"breadcrumb":{"@id":"http:\/\/elregionalvm.com.ar\/noticias-villa-maria\/el-funcionario-municipal-pampero-barrera-fue-detenido-por-presunto-abuso-sexual\/#breadcrumb"},"inLanguage":"es","potentialAction":[{"@type":"ReadAction","target":["http:\/\/elregionalvm.com.ar\/noticias-villa-maria\/el-funcionario-municipal-pampero-barrera-fue-detenido-por-presunto-abuso-sexual\/"]}]},{"@type":"ImageObject","inLanguage":"es","@id":"http:\/\/elregionalvm.com.ar\/noticias-villa-maria\/el-funcionario-municipal-pampero-barrera-fue-detenido-por-presunto-abuso-sexual\/#primaryimage","url":"https:\/\/i0.wp.com\/elregionalvm.com.ar\/noticias-villa-maria\/wp-content\/uploads\/2021\/12\/Pampero-Barrera.png?fit=727%2C615&ssl=1","contentUrl":"https:\/\/i0.wp.com\/elregionalvm.com.ar\/noticias-villa-maria\/wp-content\/uploads\/2021\/12\/Pampero-Barrera.png?fit=727%2C615&ssl=1","width":727,"height":615},{"@type":"BreadcrumbList","@id":"http:\/\/elregionalvm.com.ar\/noticias-villa-maria\/el-funcionario-municipal-pampero-barrera-fue-detenido-por-presunto-abuso-sexual\/#breadcrumb","itemListElement":[{"@type":"ListItem","position":1,"name":"Portada","item":"https:\/\/elregionalvm.com.ar\/noticias-villa-maria\/"},{"@type":"ListItem","position":2,"name":"El funcionario municipal &#8220;Pampero&#8221; Barrera fue detenido por presunto abuso sexual"}]},{"@type":"WebSite","@id":"http:\/\/elregionalvm.com.ar\/noticias-villa-maria\/#website","url":"http:\/\/elregionalvm.com.ar\/noticias-villa-maria\/","name":"El Regional","description":"Mucho m\u00e1s que informaci\u00f3n","potentialAction":[{"@type":"SearchAction","target":{"@type":"EntryPoint","urlTemplate":"http:\/\/elregionalvm.com.ar\/noticias-villa-maria\/?s={search_term_string}"},"query-input":{"@type":"PropertyValueSpecification","valueRequired":true,"valueName":"search_term_string"}}],"inLanguage":"es"},{"@type":"Person","@id":"http:\/\/elregionalvm.com.ar\/noticias-villa-maria\/#\/schema\/person\/a0fb9c422317faca23d50163151bc354","name":"Contenidos El Regional","image":{"@type":"ImageObject","inLanguage":"es","@id":"http:\/\/elregionalvm.com.ar\/noticias-villa-maria\/#\/schema\/person\/image\/","url":"https:\/\/secure.gravatar.com\/avatar\/265b27cb2209af7bb3a1318f03305787d7981a5cc6e6cd08fe5a4ecdf99d4b48?s=96&d=mm&r=g","contentUrl":"https:\/\/secure.gravatar.com\/avatar\/265b27cb2209af7bb3a1318f03305787d7981a5cc6e6cd08fe5a4ecdf99d4b48?s=96&d=mm&r=g","caption":"Contenidos El Regional"},"url":"https:\/\/elregionalvm.com.ar\/noticias-villa-maria\/author\/contenido\/"}]}},"jetpack_featured_media_url":"https:\/\/i0.wp.com\/elregionalvm.com.ar\/noticias-villa-maria\/wp-content\/uploads\/2021\/12\/Pampero-Barrera.png?fit=727%2C615&ssl=1","jetpack_sharing_enabled":true,"_links":{"self":[{"href":"https:\/\/elregionalvm.com.ar\/noticias-villa-maria\/wp-json\/wp\/v2\/posts\/49793","targetHints":{"allow":["GET"]}}],"collection":[{"href":"https:\/\/elregionalvm.com.ar\/noticias-villa-maria\/wp-json\/wp\/v2\/posts"}],"about":[{"href":"https:\/\/elregionalvm.com.ar\/noticias-villa-maria\/wp-json\/wp\/v2\/types\/post"}],"author":[{"embeddable":true,"href":"https:\/\/elregionalvm.com.ar\/noticias-villa-maria\/wp-json\/wp\/v2\/users\/4"}],"replies":[{"embeddable":true,"href":"https:\/\/elregionalvm.com.ar\/noticias-villa-maria\/wp-json\/wp\/v2\/comments?post=49793"}],"version-history":[{"count":1,"href":"https:\/\/elregionalvm.com.ar\/noticias-villa-maria\/wp-json\/wp\/v2\/posts\/49793\/revisions"}],"predecessor-version":[{"id":49795,"href":"https:\/\/elregionalvm.com.ar\/noticias-villa-maria\/wp-json\/wp\/v2\/posts\/49793\/revisions\/49795"}],"wp:featuredmedia":[{"embeddable":true,"href":"https:\/\/elregionalvm.com.ar\/noticias-villa-maria\/wp-json\/wp\/v2\/media\/49794"}],"wp:attachment":[{"href":"https:\/\/elregionalvm.com.ar\/noticias-villa-maria\/wp-json\/wp\/v2\/media?parent=49793"}],"wp:term":[{"taxonomy":"category","embeddable":true,"href":"https:\/\/elregionalvm.com.ar\/noticias-villa-maria\/wp-json\/wp\/v2\/categories?post=49793"},{"taxonomy":"post_tag","embeddable":true,"href":"https:\/\/elregionalvm.com.ar\/noticias-villa-maria\/wp-json\/wp\/v2\/tags?post=49793"}],"curies":[{"name":"wp","href":"https:\/\/api.w.org\/{rel}","templated":true}]}}