{"id":49810,"date":"2021-12-17T00:16:38","date_gmt":"2021-12-17T00:16:38","guid":{"rendered":"https:\/\/elregionalvm.com.ar\/noticias-villa-maria\/?p=49810"},"modified":"2021-12-17T00:16:39","modified_gmt":"2021-12-17T00:16:39","slug":"parroquia-de-lourdes-con-misa-criolla-y-sachera","status":"publish","type":"post","link":"https:\/\/elregionalvm.com.ar\/noticias-villa-maria\/parroquia-de-lourdes-con-misa-criolla-y-sachera\/","title":{"rendered":"Parroquia de Lourdes: con Misa Criolla y Sachera"},"content":{"rendered":"\n<p>En el marco de la Agenda de Verano impulsada por el municipio, el pr\u00f3ximo martes 21 de diciembre se llevar\u00e1 adelante el evento Navidad en el Pago con diversas intervenciones en la Parroquia de Lourdes. La celebraci\u00f3n contar\u00e1 con fragmentos de Misa Criolla y Sachera adem\u00e1s de la participaci\u00f3n de artistas locales que brindar\u00e1n sus actuaciones en una propuesta destinada a toda la familia.<\/p>\n\n\n\n<p>En este sentido, la iniciativa dependiente de la Secretar\u00eda de Educaci\u00f3n, Cultura y Promoci\u00f3n de la Ciencia, invita a vecinos y vecinas a ser parte del encuentro que dar\u00e1 inicio a las 20:30 horas.<\/p>\n\n\n\n<p>Entre las demostraciones centrales, se destacan los espect\u00e1culos de las bandas Shalaku y Big band, quienes estar\u00e1n acompa\u00f1adas por grupos de danzas folkl\u00f3ricas e intervenciones a cargo de remolinos de arte y el ensamble vocal femenino del Programa Ser Arte y Parte. Adem\u00e1s, se sumar\u00e1n al festejo bailarines y el n\u00famero especial de Pablo Lozano, con una alegre funci\u00f3n para los espectadores.<\/p>\n\n\n\n<p>Cabe destacar que la celebraci\u00f3n cuenta con entrada libre y gratuita para el disfrute tanto de ni\u00f1os como de adultos de la misa. En caso de lluvia o mal clima, la actividad se trasladar\u00e1 al sal\u00f3n de la parroquia, sitio contiguo a la Iglesia.<\/p>\n\n\n\n<figure class=\"wp-block-image size-large\"><img data-recalc-dims=\"1\" fetchpriority=\"high\" decoding=\"async\" width=\"1024\" height=\"1024\" src=\"https:\/\/i0.wp.com\/elregionalvm.com.ar\/noticias-villa-maria\/wp-content\/uploads\/2021\/12\/parroquia-de-lourdes-pena.jpg?resize=1024%2C1024&#038;ssl=1\" alt=\"\" class=\"wp-image-49812\" srcset=\"https:\/\/i0.wp.com\/elregionalvm.com.ar\/noticias-villa-maria\/wp-content\/uploads\/2021\/12\/parroquia-de-lourdes-pena.jpg?resize=1024%2C1024&amp;ssl=1 1024w, https:\/\/i0.wp.com\/elregionalvm.com.ar\/noticias-villa-maria\/wp-content\/uploads\/2021\/12\/parroquia-de-lourdes-pena.jpg?resize=300%2C300&amp;ssl=1 300w, https:\/\/i0.wp.com\/elregionalvm.com.ar\/noticias-villa-maria\/wp-content\/uploads\/2021\/12\/parroquia-de-lourdes-pena.jpg?resize=768%2C768&amp;ssl=1 768w, https:\/\/i0.wp.com\/elregionalvm.com.ar\/noticias-villa-maria\/wp-content\/uploads\/2021\/12\/parroquia-de-lourdes-pena.jpg?w=1080&amp;ssl=1 1080w\" sizes=\"(max-width: 1000px) 100vw, 1000px\" \/><\/figure>\n","protected":false},"excerpt":{"rendered":"<p>En el marco de la Agenda de Verano impulsada por el municipio, el pr\u00f3ximo martes 21 de diciembre se llevar\u00e1 adelante el evento Navidad en el Pago con diversas intervenciones en la Parroquia de Lourdes. La celebraci\u00f3n contar\u00e1 con fragmentos de Misa Criolla y Sachera adem\u00e1s de la participaci\u00f3n de artistas locales que brindar\u00e1n sus [&hellip;]<\/p>\n","protected":false},"author":4,"featured_media":49811,"comment_status":"open","ping_status":"open","sticky":false,"template":"","format":"standard","meta":{"site-sidebar-layout":"default","site-content-layout":"default","ast-site-content-layout":"default","site-content-style":"default","site-sidebar-style":"default","ast-global-header-display":"","ast-banner-title-visibility":"","ast-main-header-display":"","ast-hfb-above-header-display":"","ast-hfb-below-header-display":"","ast-hfb-mobile-header-display":"","site-post-title":"","ast-breadcrumbs-content":"","ast-featured-img":"","footer-sml-layout":"","ast-disable-related-posts":"","theme-transparent-header-meta":"default","adv-header-id-meta":"","stick-header-meta":"","header-above-stick-meta":"","header-main-stick-meta":"","header-below-stick-meta":"","astra-migrate-meta-layouts":"default","ast-page-background-enabled":"default","ast-page-background-meta":{"desktop":{"background-color":"","background-image":"","background-repeat":"repeat","background-position":"center center","background-size":"auto","background-attachment":"scroll","background-type":"","background-media":"","overlay-type":"","overlay-color":"","overlay-opacity":"","overlay-gradient":""},"tablet":{"background-color":"","background-image":"","background-repeat":"repeat","background-position":"center center","background-size":"auto","background-attachment":"scroll","background-type":"","background-media":"","overlay-type":"","overlay-color":"","overlay-opacity":"","overlay-gradient":""},"mobile":{"background-color":"","background-image":"","background-repeat":"repeat","background-position":"center center","background-size":"auto","background-attachment":"scroll","background-type":"","background-media":"","overlay-type":"","overlay-color":"","overlay-opacity":"","overlay-gradient":""}},"ast-content-background-meta":{"desktop":{"background-color":"var(--ast-global-color-5)","background-image":"","background-repeat":"repeat","background-position":"center center","background-size":"auto","background-attachment":"scroll","background-type":"","background-media":"","overlay-type":"","overlay-color":"","overlay-opacity":"","overlay-gradient":""},"tablet":{"background-color":"var(--ast-global-color-5)","background-image":"","background-repeat":"repeat","background-position":"center center","background-size":"auto","background-attachment":"scroll","background-type":"","background-media":"","overlay-type":"","overlay-color":"","overlay-opacity":"","overlay-gradient":""},"mobile":{"background-color":"var(--ast-global-color-5)","background-image":"","background-repeat":"repeat","background-position":"center center","background-size":"auto","background-attachment":"scroll","background-type":"","background-media":"","overlay-type":"","overlay-color":"","overlay-opacity":"","overlay-gradient":""}},"_jetpack_memberships_contains_paid_content":false,"_joinchat":[],"footnotes":""},"categories":[2],"tags":[1232,12852,12849,12851,12850,12853,3434,2248],"class_list":["post-49810","post","type-post","status-publish","format-standard","has-post-thumbnail","hentry","category-villa-maria","tag-destacado","tag-misa-criolla","tag-navidad-en-el-pago","tag-no-se-suspende","tag-parroquia-de-lourdes","tag-sachera","tag-viernes","tag-villa-maria-2"],"yoast_head":"<!-- This site is optimized with the Yoast SEO plugin v26.8 - https:\/\/yoast.com\/product\/yoast-seo-wordpress\/ -->\n<title>Parroquia de Lourdes: con Misa Criolla y Sachera - El Regional<\/title>\n<meta name=\"robots\" content=\"index, follow, max-snippet:-1, max-image-preview:large, max-video-preview:-1\" \/>\n<link rel=\"canonical\" href=\"http:\/\/elregionalvm.com.ar\/noticias-villa-maria\/parroquia-de-lourdes-con-misa-criolla-y-sachera\/\" \/>\n<meta property=\"og:locale\" content=\"es_ES\" \/>\n<meta property=\"og:type\" content=\"article\" \/>\n<meta property=\"og:title\" content=\"Parroquia de Lourdes: con Misa Criolla y Sachera - El Regional\" \/>\n<meta property=\"og:description\" content=\"En el marco de la Agenda de Verano impulsada por el municipio, el pr\u00f3ximo martes 21 de diciembre se llevar\u00e1 adelante el evento Navidad en el Pago con diversas intervenciones en la Parroquia de Lourdes. La celebraci\u00f3n contar\u00e1 con fragmentos de Misa Criolla y Sachera adem\u00e1s de la participaci\u00f3n de artistas locales que brindar\u00e1n sus [&hellip;]\" \/>\n<meta property=\"og:url\" content=\"http:\/\/elregionalvm.com.ar\/noticias-villa-maria\/parroquia-de-lourdes-con-misa-criolla-y-sachera\/\" \/>\n<meta property=\"og:site_name\" content=\"El Regional\" \/>\n<meta property=\"article:publisher\" content=\"https:\/\/www.facebook.com\/elregionalvm\" \/>\n<meta property=\"article:published_time\" content=\"2021-12-17T00:16:38+00:00\" \/>\n<meta property=\"article:modified_time\" content=\"2021-12-17T00:16:39+00:00\" \/>\n<meta property=\"og:image\" content=\"http:\/\/elregionalvm.com.ar\/noticias-villa-maria\/wp-content\/uploads\/2021\/12\/navidad-en-el-pago.png\" \/>\n\t<meta property=\"og:image:width\" content=\"737\" \/>\n\t<meta property=\"og:image:height\" content=\"607\" \/>\n\t<meta property=\"og:image:type\" content=\"image\/png\" \/>\n<meta name=\"author\" content=\"Contenidos El Regional\" \/>\n<meta name=\"twitter:card\" content=\"summary_large_image\" \/>\n<meta name=\"twitter:creator\" content=\"@elregionalvm1\" \/>\n<meta name=\"twitter:site\" content=\"@elregionalvm1\" \/>\n<meta name=\"twitter:label1\" content=\"Escrito por\" \/>\n\t<meta name=\"twitter:data1\" content=\"Contenidos El Regional\" \/>\n\t<meta name=\"twitter:label2\" content=\"Tiempo de lectura\" \/>\n\t<meta name=\"twitter:data2\" content=\"2 minutos\" \/>\n<script type=\"application\/ld+json\" class=\"yoast-schema-graph\">{\"@context\":\"https:\/\/schema.org\",\"@graph\":[{\"@type\":\"Article\",\"@id\":\"http:\/\/elregionalvm.com.ar\/noticias-villa-maria\/parroquia-de-lourdes-con-misa-criolla-y-sachera\/#article\",\"isPartOf\":{\"@id\":\"http:\/\/elregionalvm.com.ar\/noticias-villa-maria\/parroquia-de-lourdes-con-misa-criolla-y-sachera\/\"},\"author\":{\"name\":\"Contenidos El Regional\",\"@id\":\"http:\/\/elregionalvm.com.ar\/noticias-villa-maria\/#\/schema\/person\/a0fb9c422317faca23d50163151bc354\"},\"headline\":\"Parroquia de Lourdes: con Misa Criolla y Sachera\",\"datePublished\":\"2021-12-17T00:16:38+00:00\",\"dateModified\":\"2021-12-17T00:16:39+00:00\",\"mainEntityOfPage\":{\"@id\":\"http:\/\/elregionalvm.com.ar\/noticias-villa-maria\/parroquia-de-lourdes-con-misa-criolla-y-sachera\/\"},\"wordCount\":229,\"commentCount\":0,\"image\":{\"@id\":\"http:\/\/elregionalvm.com.ar\/noticias-villa-maria\/parroquia-de-lourdes-con-misa-criolla-y-sachera\/#primaryimage\"},\"thumbnailUrl\":\"https:\/\/i0.wp.com\/elregionalvm.com.ar\/noticias-villa-maria\/wp-content\/uploads\/2021\/12\/navidad-en-el-pago.png?fit=737%2C607&ssl=1\",\"keywords\":[\"destacado\",\"Misa criolla\",\"navidad en el pago\",\"no se suspende\",\"Parroquia de Lourdes\",\"sachera\",\"viernes\",\"Villa Mar\u00eda\"],\"articleSection\":[\"Villa Mar\u00eda\"],\"inLanguage\":\"es\",\"potentialAction\":[{\"@type\":\"CommentAction\",\"name\":\"Comment\",\"target\":[\"http:\/\/elregionalvm.com.ar\/noticias-villa-maria\/parroquia-de-lourdes-con-misa-criolla-y-sachera\/#respond\"]}]},{\"@type\":\"WebPage\",\"@id\":\"http:\/\/elregionalvm.com.ar\/noticias-villa-maria\/parroquia-de-lourdes-con-misa-criolla-y-sachera\/\",\"url\":\"http:\/\/elregionalvm.com.ar\/noticias-villa-maria\/parroquia-de-lourdes-con-misa-criolla-y-sachera\/\",\"name\":\"Parroquia de Lourdes: con Misa Criolla y Sachera - El Regional\",\"isPartOf\":{\"@id\":\"http:\/\/elregionalvm.com.ar\/noticias-villa-maria\/#website\"},\"primaryImageOfPage\":{\"@id\":\"http:\/\/elregionalvm.com.ar\/noticias-villa-maria\/parroquia-de-lourdes-con-misa-criolla-y-sachera\/#primaryimage\"},\"image\":{\"@id\":\"http:\/\/elregionalvm.com.ar\/noticias-villa-maria\/parroquia-de-lourdes-con-misa-criolla-y-sachera\/#primaryimage\"},\"thumbnailUrl\":\"https:\/\/i0.wp.com\/elregionalvm.com.ar\/noticias-villa-maria\/wp-content\/uploads\/2021\/12\/navidad-en-el-pago.png?fit=737%2C607&ssl=1\",\"datePublished\":\"2021-12-17T00:16:38+00:00\",\"dateModified\":\"2021-12-17T00:16:39+00:00\",\"author\":{\"@id\":\"http:\/\/elregionalvm.com.ar\/noticias-villa-maria\/#\/schema\/person\/a0fb9c422317faca23d50163151bc354\"},\"breadcrumb\":{\"@id\":\"http:\/\/elregionalvm.com.ar\/noticias-villa-maria\/parroquia-de-lourdes-con-misa-criolla-y-sachera\/#breadcrumb\"},\"inLanguage\":\"es\",\"potentialAction\":[{\"@type\":\"ReadAction\",\"target\":[\"http:\/\/elregionalvm.com.ar\/noticias-villa-maria\/parroquia-de-lourdes-con-misa-criolla-y-sachera\/\"]}]},{\"@type\":\"ImageObject\",\"inLanguage\":\"es\",\"@id\":\"http:\/\/elregionalvm.com.ar\/noticias-villa-maria\/parroquia-de-lourdes-con-misa-criolla-y-sachera\/#primaryimage\",\"url\":\"https:\/\/i0.wp.com\/elregionalvm.com.ar\/noticias-villa-maria\/wp-content\/uploads\/2021\/12\/navidad-en-el-pago.png?fit=737%2C607&ssl=1\",\"contentUrl\":\"https:\/\/i0.wp.com\/elregionalvm.com.ar\/noticias-villa-maria\/wp-content\/uploads\/2021\/12\/navidad-en-el-pago.png?fit=737%2C607&ssl=1\",\"width\":737,\"height\":607},{\"@type\":\"BreadcrumbList\",\"@id\":\"http:\/\/elregionalvm.com.ar\/noticias-villa-maria\/parroquia-de-lourdes-con-misa-criolla-y-sachera\/#breadcrumb\",\"itemListElement\":[{\"@type\":\"ListItem\",\"position\":1,\"name\":\"Portada\",\"item\":\"https:\/\/elregionalvm.com.ar\/noticias-villa-maria\/\"},{\"@type\":\"ListItem\",\"position\":2,\"name\":\"Parroquia de Lourdes: con Misa Criolla y Sachera\"}]},{\"@type\":\"WebSite\",\"@id\":\"http:\/\/elregionalvm.com.ar\/noticias-villa-maria\/#website\",\"url\":\"http:\/\/elregionalvm.com.ar\/noticias-villa-maria\/\",\"name\":\"El Regional\",\"description\":\"Mucho m\u00e1s que informaci\u00f3n\",\"potentialAction\":[{\"@type\":\"SearchAction\",\"target\":{\"@type\":\"EntryPoint\",\"urlTemplate\":\"http:\/\/elregionalvm.com.ar\/noticias-villa-maria\/?s={search_term_string}\"},\"query-input\":{\"@type\":\"PropertyValueSpecification\",\"valueRequired\":true,\"valueName\":\"search_term_string\"}}],\"inLanguage\":\"es\"},{\"@type\":\"Person\",\"@id\":\"http:\/\/elregionalvm.com.ar\/noticias-villa-maria\/#\/schema\/person\/a0fb9c422317faca23d50163151bc354\",\"name\":\"Contenidos El Regional\",\"image\":{\"@type\":\"ImageObject\",\"inLanguage\":\"es\",\"@id\":\"http:\/\/elregionalvm.com.ar\/noticias-villa-maria\/#\/schema\/person\/image\/\",\"url\":\"https:\/\/secure.gravatar.com\/avatar\/265b27cb2209af7bb3a1318f03305787d7981a5cc6e6cd08fe5a4ecdf99d4b48?s=96&d=mm&r=g\",\"contentUrl\":\"https:\/\/secure.gravatar.com\/avatar\/265b27cb2209af7bb3a1318f03305787d7981a5cc6e6cd08fe5a4ecdf99d4b48?s=96&d=mm&r=g\",\"caption\":\"Contenidos El Regional\"},\"url\":\"https:\/\/elregionalvm.com.ar\/noticias-villa-maria\/author\/contenido\/\"}]}<\/script>\n<!-- \/ Yoast SEO plugin. -->","yoast_head_json":{"title":"Parroquia de Lourdes: con Misa Criolla y Sachera - El Regional","robots":{"index":"index","follow":"follow","max-snippet":"max-snippet:-1","max-image-preview":"max-image-preview:large","max-video-preview":"max-video-preview:-1"},"canonical":"http:\/\/elregionalvm.com.ar\/noticias-villa-maria\/parroquia-de-lourdes-con-misa-criolla-y-sachera\/","og_locale":"es_ES","og_type":"article","og_title":"Parroquia de Lourdes: con Misa Criolla y Sachera - El Regional","og_description":"En el marco de la Agenda de Verano impulsada por el municipio, el pr\u00f3ximo martes 21 de diciembre se llevar\u00e1 adelante el evento Navidad en el Pago con diversas intervenciones en la Parroquia de Lourdes. La celebraci\u00f3n contar\u00e1 con fragmentos de Misa Criolla y Sachera adem\u00e1s de la participaci\u00f3n de artistas locales que brindar\u00e1n sus [&hellip;]","og_url":"http:\/\/elregionalvm.com.ar\/noticias-villa-maria\/parroquia-de-lourdes-con-misa-criolla-y-sachera\/","og_site_name":"El Regional","article_publisher":"https:\/\/www.facebook.com\/elregionalvm","article_published_time":"2021-12-17T00:16:38+00:00","article_modified_time":"2021-12-17T00:16:39+00:00","og_image":[{"width":737,"height":607,"url":"http:\/\/elregionalvm.com.ar\/noticias-villa-maria\/wp-content\/uploads\/2021\/12\/navidad-en-el-pago.png","type":"image\/png"}],"author":"Contenidos El Regional","twitter_card":"summary_large_image","twitter_creator":"@elregionalvm1","twitter_site":"@elregionalvm1","twitter_misc":{"Escrito por":"Contenidos El Regional","Tiempo de lectura":"2 minutos"},"schema":{"@context":"https:\/\/schema.org","@graph":[{"@type":"Article","@id":"http:\/\/elregionalvm.com.ar\/noticias-villa-maria\/parroquia-de-lourdes-con-misa-criolla-y-sachera\/#article","isPartOf":{"@id":"http:\/\/elregionalvm.com.ar\/noticias-villa-maria\/parroquia-de-lourdes-con-misa-criolla-y-sachera\/"},"author":{"name":"Contenidos El Regional","@id":"http:\/\/elregionalvm.com.ar\/noticias-villa-maria\/#\/schema\/person\/a0fb9c422317faca23d50163151bc354"},"headline":"Parroquia de Lourdes: con Misa Criolla y Sachera","datePublished":"2021-12-17T00:16:38+00:00","dateModified":"2021-12-17T00:16:39+00:00","mainEntityOfPage":{"@id":"http:\/\/elregionalvm.com.ar\/noticias-villa-maria\/parroquia-de-lourdes-con-misa-criolla-y-sachera\/"},"wordCount":229,"commentCount":0,"image":{"@id":"http:\/\/elregionalvm.com.ar\/noticias-villa-maria\/parroquia-de-lourdes-con-misa-criolla-y-sachera\/#primaryimage"},"thumbnailUrl":"https:\/\/i0.wp.com\/elregionalvm.com.ar\/noticias-villa-maria\/wp-content\/uploads\/2021\/12\/navidad-en-el-pago.png?fit=737%2C607&ssl=1","keywords":["destacado","Misa criolla","navidad en el pago","no se suspende","Parroquia de Lourdes","sachera","viernes","Villa Mar\u00eda"],"articleSection":["Villa Mar\u00eda"],"inLanguage":"es","potentialAction":[{"@type":"CommentAction","name":"Comment","target":["http:\/\/elregionalvm.com.ar\/noticias-villa-maria\/parroquia-de-lourdes-con-misa-criolla-y-sachera\/#respond"]}]},{"@type":"WebPage","@id":"http:\/\/elregionalvm.com.ar\/noticias-villa-maria\/parroquia-de-lourdes-con-misa-criolla-y-sachera\/","url":"http:\/\/elregionalvm.com.ar\/noticias-villa-maria\/parroquia-de-lourdes-con-misa-criolla-y-sachera\/","name":"Parroquia de Lourdes: con Misa Criolla y Sachera - El Regional","isPartOf":{"@id":"http:\/\/elregionalvm.com.ar\/noticias-villa-maria\/#website"},"primaryImageOfPage":{"@id":"http:\/\/elregionalvm.com.ar\/noticias-villa-maria\/parroquia-de-lourdes-con-misa-criolla-y-sachera\/#primaryimage"},"image":{"@id":"http:\/\/elregionalvm.com.ar\/noticias-villa-maria\/parroquia-de-lourdes-con-misa-criolla-y-sachera\/#primaryimage"},"thumbnailUrl":"https:\/\/i0.wp.com\/elregionalvm.com.ar\/noticias-villa-maria\/wp-content\/uploads\/2021\/12\/navidad-en-el-pago.png?fit=737%2C607&ssl=1","datePublished":"2021-12-17T00:16:38+00:00","dateModified":"2021-12-17T00:16:39+00:00","author":{"@id":"http:\/\/elregionalvm.com.ar\/noticias-villa-maria\/#\/schema\/person\/a0fb9c422317faca23d50163151bc354"},"breadcrumb":{"@id":"http:\/\/elregionalvm.com.ar\/noticias-villa-maria\/parroquia-de-lourdes-con-misa-criolla-y-sachera\/#breadcrumb"},"inLanguage":"es","potentialAction":[{"@type":"ReadAction","target":["http:\/\/elregionalvm.com.ar\/noticias-villa-maria\/parroquia-de-lourdes-con-misa-criolla-y-sachera\/"]}]},{"@type":"ImageObject","inLanguage":"es","@id":"http:\/\/elregionalvm.com.ar\/noticias-villa-maria\/parroquia-de-lourdes-con-misa-criolla-y-sachera\/#primaryimage","url":"https:\/\/i0.wp.com\/elregionalvm.com.ar\/noticias-villa-maria\/wp-content\/uploads\/2021\/12\/navidad-en-el-pago.png?fit=737%2C607&ssl=1","contentUrl":"https:\/\/i0.wp.com\/elregionalvm.com.ar\/noticias-villa-maria\/wp-content\/uploads\/2021\/12\/navidad-en-el-pago.png?fit=737%2C607&ssl=1","width":737,"height":607},{"@type":"BreadcrumbList","@id":"http:\/\/elregionalvm.com.ar\/noticias-villa-maria\/parroquia-de-lourdes-con-misa-criolla-y-sachera\/#breadcrumb","itemListElement":[{"@type":"ListItem","position":1,"name":"Portada","item":"https:\/\/elregionalvm.com.ar\/noticias-villa-maria\/"},{"@type":"ListItem","position":2,"name":"Parroquia de Lourdes: con Misa Criolla y Sachera"}]},{"@type":"WebSite","@id":"http:\/\/elregionalvm.com.ar\/noticias-villa-maria\/#website","url":"http:\/\/elregionalvm.com.ar\/noticias-villa-maria\/","name":"El Regional","description":"Mucho m\u00e1s que informaci\u00f3n","potentialAction":[{"@type":"SearchAction","target":{"@type":"EntryPoint","urlTemplate":"http:\/\/elregionalvm.com.ar\/noticias-villa-maria\/?s={search_term_string}"},"query-input":{"@type":"PropertyValueSpecification","valueRequired":true,"valueName":"search_term_string"}}],"inLanguage":"es"},{"@type":"Person","@id":"http:\/\/elregionalvm.com.ar\/noticias-villa-maria\/#\/schema\/person\/a0fb9c422317faca23d50163151bc354","name":"Contenidos El Regional","image":{"@type":"ImageObject","inLanguage":"es","@id":"http:\/\/elregionalvm.com.ar\/noticias-villa-maria\/#\/schema\/person\/image\/","url":"https:\/\/secure.gravatar.com\/avatar\/265b27cb2209af7bb3a1318f03305787d7981a5cc6e6cd08fe5a4ecdf99d4b48?s=96&d=mm&r=g","contentUrl":"https:\/\/secure.gravatar.com\/avatar\/265b27cb2209af7bb3a1318f03305787d7981a5cc6e6cd08fe5a4ecdf99d4b48?s=96&d=mm&r=g","caption":"Contenidos El Regional"},"url":"https:\/\/elregionalvm.com.ar\/noticias-villa-maria\/author\/contenido\/"}]}},"jetpack_featured_media_url":"https:\/\/i0.wp.com\/elregionalvm.com.ar\/noticias-villa-maria\/wp-content\/uploads\/2021\/12\/navidad-en-el-pago.png?fit=737%2C607&ssl=1","jetpack_sharing_enabled":true,"_links":{"self":[{"href":"https:\/\/elregionalvm.com.ar\/noticias-villa-maria\/wp-json\/wp\/v2\/posts\/49810","targetHints":{"allow":["GET"]}}],"collection":[{"href":"https:\/\/elregionalvm.com.ar\/noticias-villa-maria\/wp-json\/wp\/v2\/posts"}],"about":[{"href":"https:\/\/elregionalvm.com.ar\/noticias-villa-maria\/wp-json\/wp\/v2\/types\/post"}],"author":[{"embeddable":true,"href":"https:\/\/elregionalvm.com.ar\/noticias-villa-maria\/wp-json\/wp\/v2\/users\/4"}],"replies":[{"embeddable":true,"href":"https:\/\/elregionalvm.com.ar\/noticias-villa-maria\/wp-json\/wp\/v2\/comments?post=49810"}],"version-history":[{"count":1,"href":"https:\/\/elregionalvm.com.ar\/noticias-villa-maria\/wp-json\/wp\/v2\/posts\/49810\/revisions"}],"predecessor-version":[{"id":49813,"href":"https:\/\/elregionalvm.com.ar\/noticias-villa-maria\/wp-json\/wp\/v2\/posts\/49810\/revisions\/49813"}],"wp:featuredmedia":[{"embeddable":true,"href":"https:\/\/elregionalvm.com.ar\/noticias-villa-maria\/wp-json\/wp\/v2\/media\/49811"}],"wp:attachment":[{"href":"https:\/\/elregionalvm.com.ar\/noticias-villa-maria\/wp-json\/wp\/v2\/media?parent=49810"}],"wp:term":[{"taxonomy":"category","embeddable":true,"href":"https:\/\/elregionalvm.com.ar\/noticias-villa-maria\/wp-json\/wp\/v2\/categories?post=49810"},{"taxonomy":"post_tag","embeddable":true,"href":"https:\/\/elregionalvm.com.ar\/noticias-villa-maria\/wp-json\/wp\/v2\/tags?post=49810"}],"curies":[{"name":"wp","href":"https:\/\/api.w.org\/{rel}","templated":true}]}}