{"id":49822,"date":"2021-12-17T21:51:33","date_gmt":"2021-12-17T21:51:33","guid":{"rendered":"https:\/\/elregionalvm.com.ar\/noticias-villa-maria\/?p=49822"},"modified":"2021-12-17T21:51:34","modified_gmt":"2021-12-17T21:51:34","slug":"papa-noel-visitara-los-municerca-con-regalos-y-mucha-diversion","status":"publish","type":"post","link":"https:\/\/elregionalvm.com.ar\/noticias-villa-maria\/papa-noel-visitara-los-municerca-con-regalos-y-mucha-diversion\/","title":{"rendered":"\u00a1Pap\u00e1 Noel visitar\u00e1 los MuniCerca con regalos y mucha diversi\u00f3n!"},"content":{"rendered":"\n<p>Se acerca la Navidad y la ciudad se prepara para recibir a Pap\u00e1 Noel, que llegar\u00e1 la pr\u00f3xima semana para compartir jornadas de juegos, m\u00fasica y espect\u00e1culos junto a ni\u00f1os y ni\u00f1as a trav\u00e9s de todos los MuniCerca. En su visita, recorrer\u00e1 los distintos barrios para sacarse fotos, hacer sorteos y entregar regalos y golosinas a quienes se acerquen a conocerlo y saludarlo.<\/p>\n\n\n\n<p>De esta manera, la iniciativa llevada adelante por el municipio dar\u00e1 inicio el lunes 20. El primer punto al que arribar\u00e1 Pap\u00e1 Noel ser\u00e1 el play\u00f3n de barrio La Calera, ubicado en calles Marco Ju\u00e1rez y Estados Unidos, donde los m\u00e1s peque\u00f1os podr\u00e1n adem\u00e1s disfrutar de la obra \u201cBocaditos de Cascaja\u201d, a cargo del grupo Balbuceando Teatro.<\/p>\n\n\n\n<p>A lo largo de cuatro jornadas, formar\u00e1n parte de los festejos en diferentes puntos de la ciudad las presentaciones art\u00edsticas del grupo Cuentos y Canto con su espect\u00e1culo \u201c\u00bfSer\u00e1 para tanto?\u201d, destinado a toda la familia. Del mismo modo, lo har\u00e1n Ra\u00fal Manfredini y su equipo, quienes brindar\u00e1n el show \u201cCantemos en la Navidad\u201d.<\/p>\n\n\n\n<p>En tanto, la propuesta navide\u00f1a se extender\u00e1 hasta el jueves 23 de diciembre llevando alegr\u00eda, sorpresas e ilusi\u00f3n a cada uno de los barrios conforme al siguiente cronograma:<\/p>\n\n\n\n<p><strong>Lunes 20<\/strong><br>\u2022 MuniCerca 5: Play\u00f3n de barrio Las Acacias (Las Magnolias 170) \u2013 10:30 horas.<br>\u2022 MuniCerca 4: Play\u00f3n de barrio La Calera (Marcos Ju\u00e1rez y Estados Unidos) \u2013 17:30 horas.<\/p>\n\n\n\n<p><strong>Martes 21<\/strong><br>\u2022 MuniCerca 8: Plaza Edith Vera (Concejal Paradella 1335) \u2013 10:30 horas.<br>\u2022 MuniCerca 7: Plaza Alfredo Palacios (Rawson esq. Int. Pe\u00f1a) \u2013 17:30 horas.<\/p>\n\n\n\n<p><strong>Mi\u00e9rcoles 22<\/strong><br>\u2022 MuniCerca 1: Plaza CIC (Jujuy esq. La Quiaca) \u2013 10:30 horas.<br>\u2022 MuniCerca 3: Plaza San Mart\u00edn (Tucum\u00e1n y 17 de Agosto) \u2013 17:30 horas.<\/p>\n\n\n\n<p><strong>Jueves 23<\/strong><br>\u2022 MuniCerca 6: Play\u00f3n Los Olmos (Salto Grande y Chascom\u00fas) \u2013 10:30 horas.<br>\u2022 MuniCerca 2: Plaza Gregoria Matorras (Arturo M. Bass y J. Newbery) \u2013 17:30 horas.<\/p>\n","protected":false},"excerpt":{"rendered":"<p>Se acerca la Navidad y la ciudad se prepara para recibir a Pap\u00e1 Noel, que llegar\u00e1 la pr\u00f3xima semana para compartir jornadas de juegos, m\u00fasica y espect\u00e1culos junto a ni\u00f1os y ni\u00f1as a trav\u00e9s de todos los MuniCerca. En su visita, recorrer\u00e1 los distintos barrios para sacarse fotos, hacer sorteos y entregar regalos y golosinas [&hellip;]<\/p>\n","protected":false},"author":4,"featured_media":49823,"comment_status":"open","ping_status":"open","sticky":false,"template":"","format":"standard","meta":{"site-sidebar-layout":"default","site-content-layout":"default","ast-site-content-layout":"default","site-content-style":"default","site-sidebar-style":"default","ast-global-header-display":"","ast-banner-title-visibility":"","ast-main-header-display":"","ast-hfb-above-header-display":"","ast-hfb-below-header-display":"","ast-hfb-mobile-header-display":"","site-post-title":"","ast-breadcrumbs-content":"","ast-featured-img":"","footer-sml-layout":"","ast-disable-related-posts":"","theme-transparent-header-meta":"default","adv-header-id-meta":"","stick-header-meta":"","header-above-stick-meta":"","header-main-stick-meta":"","header-below-stick-meta":"","astra-migrate-meta-layouts":"default","ast-page-background-enabled":"default","ast-page-background-meta":{"desktop":{"background-color":"","background-image":"","background-repeat":"repeat","background-position":"center center","background-size":"auto","background-attachment":"scroll","background-type":"","background-media":"","overlay-type":"","overlay-color":"","overlay-opacity":"","overlay-gradient":""},"tablet":{"background-color":"","background-image":"","background-repeat":"repeat","background-position":"center center","background-size":"auto","background-attachment":"scroll","background-type":"","background-media":"","overlay-type":"","overlay-color":"","overlay-opacity":"","overlay-gradient":""},"mobile":{"background-color":"","background-image":"","background-repeat":"repeat","background-position":"center center","background-size":"auto","background-attachment":"scroll","background-type":"","background-media":"","overlay-type":"","overlay-color":"","overlay-opacity":"","overlay-gradient":""}},"ast-content-background-meta":{"desktop":{"background-color":"var(--ast-global-color-5)","background-image":"","background-repeat":"repeat","background-position":"center center","background-size":"auto","background-attachment":"scroll","background-type":"","background-media":"","overlay-type":"","overlay-color":"","overlay-opacity":"","overlay-gradient":""},"tablet":{"background-color":"var(--ast-global-color-5)","background-image":"","background-repeat":"repeat","background-position":"center center","background-size":"auto","background-attachment":"scroll","background-type":"","background-media":"","overlay-type":"","overlay-color":"","overlay-opacity":"","overlay-gradient":""},"mobile":{"background-color":"var(--ast-global-color-5)","background-image":"","background-repeat":"repeat","background-position":"center center","background-size":"auto","background-attachment":"scroll","background-type":"","background-media":"","overlay-type":"","overlay-color":"","overlay-opacity":"","overlay-gradient":""}},"_jetpack_memberships_contains_paid_content":false,"_joinchat":[],"footnotes":""},"categories":[2],"tags":[2053,4027,1232,3222,12857,6133,4030,6215],"class_list":["post-49822","post","type-post","status-publish","format-standard","has-post-thumbnail","hentry","category-villa-maria","tag-barrios","tag-cronograma","tag-destacado","tag-municerca","tag-musica-2","tag-papa-noel","tag-recorrido","tag-regalos"],"yoast_head":"<!-- This site is optimized with the Yoast SEO plugin v26.8 - https:\/\/yoast.com\/product\/yoast-seo-wordpress\/ -->\n<title>\u00a1Pap\u00e1 Noel visitar\u00e1 los MuniCerca con regalos y mucha diversi\u00f3n! - El Regional<\/title>\n<meta name=\"robots\" content=\"index, follow, max-snippet:-1, max-image-preview:large, max-video-preview:-1\" \/>\n<link rel=\"canonical\" href=\"http:\/\/elregionalvm.com.ar\/noticias-villa-maria\/papa-noel-visitara-los-municerca-con-regalos-y-mucha-diversion\/\" \/>\n<meta property=\"og:locale\" content=\"es_ES\" \/>\n<meta property=\"og:type\" content=\"article\" \/>\n<meta property=\"og:title\" content=\"\u00a1Pap\u00e1 Noel visitar\u00e1 los MuniCerca con regalos y mucha diversi\u00f3n! - El Regional\" \/>\n<meta property=\"og:description\" content=\"Se acerca la Navidad y la ciudad se prepara para recibir a Pap\u00e1 Noel, que llegar\u00e1 la pr\u00f3xima semana para compartir jornadas de juegos, m\u00fasica y espect\u00e1culos junto a ni\u00f1os y ni\u00f1as a trav\u00e9s de todos los MuniCerca. En su visita, recorrer\u00e1 los distintos barrios para sacarse fotos, hacer sorteos y entregar regalos y golosinas [&hellip;]\" \/>\n<meta property=\"og:url\" content=\"http:\/\/elregionalvm.com.ar\/noticias-villa-maria\/papa-noel-visitara-los-municerca-con-regalos-y-mucha-diversion\/\" \/>\n<meta property=\"og:site_name\" content=\"El Regional\" \/>\n<meta property=\"article:publisher\" content=\"https:\/\/www.facebook.com\/elregionalvm\" \/>\n<meta property=\"article:published_time\" content=\"2021-12-17T21:51:33+00:00\" \/>\n<meta property=\"article:modified_time\" content=\"2021-12-17T21:51:34+00:00\" \/>\n<meta property=\"og:image\" content=\"http:\/\/elregionalvm.com.ar\/noticias-villa-maria\/wp-content\/uploads\/2021\/12\/WhatsApp-Image-2021-12-17-at-13.14.32.jpeg\" \/>\n\t<meta property=\"og:image:width\" content=\"1280\" \/>\n\t<meta property=\"og:image:height\" content=\"854\" \/>\n\t<meta property=\"og:image:type\" content=\"image\/jpeg\" \/>\n<meta name=\"author\" content=\"Contenidos El Regional\" \/>\n<meta name=\"twitter:card\" content=\"summary_large_image\" \/>\n<meta name=\"twitter:creator\" content=\"@elregionalvm1\" \/>\n<meta name=\"twitter:site\" content=\"@elregionalvm1\" \/>\n<meta name=\"twitter:label1\" content=\"Escrito por\" \/>\n\t<meta name=\"twitter:data1\" content=\"Contenidos El Regional\" \/>\n\t<meta name=\"twitter:label2\" content=\"Tiempo de lectura\" \/>\n\t<meta name=\"twitter:data2\" content=\"2 minutos\" \/>\n<script type=\"application\/ld+json\" class=\"yoast-schema-graph\">{\"@context\":\"https:\/\/schema.org\",\"@graph\":[{\"@type\":\"Article\",\"@id\":\"http:\/\/elregionalvm.com.ar\/noticias-villa-maria\/papa-noel-visitara-los-municerca-con-regalos-y-mucha-diversion\/#article\",\"isPartOf\":{\"@id\":\"http:\/\/elregionalvm.com.ar\/noticias-villa-maria\/papa-noel-visitara-los-municerca-con-regalos-y-mucha-diversion\/\"},\"author\":{\"name\":\"Contenidos El Regional\",\"@id\":\"http:\/\/elregionalvm.com.ar\/noticias-villa-maria\/#\/schema\/person\/a0fb9c422317faca23d50163151bc354\"},\"headline\":\"\u00a1Pap\u00e1 Noel visitar\u00e1 los MuniCerca con regalos y mucha diversi\u00f3n!\",\"datePublished\":\"2021-12-17T21:51:33+00:00\",\"dateModified\":\"2021-12-17T21:51:34+00:00\",\"mainEntityOfPage\":{\"@id\":\"http:\/\/elregionalvm.com.ar\/noticias-villa-maria\/papa-noel-visitara-los-municerca-con-regalos-y-mucha-diversion\/\"},\"wordCount\":319,\"commentCount\":0,\"image\":{\"@id\":\"http:\/\/elregionalvm.com.ar\/noticias-villa-maria\/papa-noel-visitara-los-municerca-con-regalos-y-mucha-diversion\/#primaryimage\"},\"thumbnailUrl\":\"https:\/\/i0.wp.com\/elregionalvm.com.ar\/noticias-villa-maria\/wp-content\/uploads\/2021\/12\/WhatsApp-Image-2021-12-17-at-13.14.32.jpeg?fit=1280%2C854&ssl=1\",\"keywords\":[\"Barrios\",\"cronograma\",\"destacado\",\"Municerca\",\"musica\",\"Pap\u00e1 Noel\",\"recorrido\",\"regalos\"],\"articleSection\":[\"Villa Mar\u00eda\"],\"inLanguage\":\"es\",\"potentialAction\":[{\"@type\":\"CommentAction\",\"name\":\"Comment\",\"target\":[\"http:\/\/elregionalvm.com.ar\/noticias-villa-maria\/papa-noel-visitara-los-municerca-con-regalos-y-mucha-diversion\/#respond\"]}]},{\"@type\":\"WebPage\",\"@id\":\"http:\/\/elregionalvm.com.ar\/noticias-villa-maria\/papa-noel-visitara-los-municerca-con-regalos-y-mucha-diversion\/\",\"url\":\"http:\/\/elregionalvm.com.ar\/noticias-villa-maria\/papa-noel-visitara-los-municerca-con-regalos-y-mucha-diversion\/\",\"name\":\"\u00a1Pap\u00e1 Noel visitar\u00e1 los MuniCerca con regalos y mucha diversi\u00f3n! - El Regional\",\"isPartOf\":{\"@id\":\"http:\/\/elregionalvm.com.ar\/noticias-villa-maria\/#website\"},\"primaryImageOfPage\":{\"@id\":\"http:\/\/elregionalvm.com.ar\/noticias-villa-maria\/papa-noel-visitara-los-municerca-con-regalos-y-mucha-diversion\/#primaryimage\"},\"image\":{\"@id\":\"http:\/\/elregionalvm.com.ar\/noticias-villa-maria\/papa-noel-visitara-los-municerca-con-regalos-y-mucha-diversion\/#primaryimage\"},\"thumbnailUrl\":\"https:\/\/i0.wp.com\/elregionalvm.com.ar\/noticias-villa-maria\/wp-content\/uploads\/2021\/12\/WhatsApp-Image-2021-12-17-at-13.14.32.jpeg?fit=1280%2C854&ssl=1\",\"datePublished\":\"2021-12-17T21:51:33+00:00\",\"dateModified\":\"2021-12-17T21:51:34+00:00\",\"author\":{\"@id\":\"http:\/\/elregionalvm.com.ar\/noticias-villa-maria\/#\/schema\/person\/a0fb9c422317faca23d50163151bc354\"},\"breadcrumb\":{\"@id\":\"http:\/\/elregionalvm.com.ar\/noticias-villa-maria\/papa-noel-visitara-los-municerca-con-regalos-y-mucha-diversion\/#breadcrumb\"},\"inLanguage\":\"es\",\"potentialAction\":[{\"@type\":\"ReadAction\",\"target\":[\"http:\/\/elregionalvm.com.ar\/noticias-villa-maria\/papa-noel-visitara-los-municerca-con-regalos-y-mucha-diversion\/\"]}]},{\"@type\":\"ImageObject\",\"inLanguage\":\"es\",\"@id\":\"http:\/\/elregionalvm.com.ar\/noticias-villa-maria\/papa-noel-visitara-los-municerca-con-regalos-y-mucha-diversion\/#primaryimage\",\"url\":\"https:\/\/i0.wp.com\/elregionalvm.com.ar\/noticias-villa-maria\/wp-content\/uploads\/2021\/12\/WhatsApp-Image-2021-12-17-at-13.14.32.jpeg?fit=1280%2C854&ssl=1\",\"contentUrl\":\"https:\/\/i0.wp.com\/elregionalvm.com.ar\/noticias-villa-maria\/wp-content\/uploads\/2021\/12\/WhatsApp-Image-2021-12-17-at-13.14.32.jpeg?fit=1280%2C854&ssl=1\",\"width\":1280,\"height\":854},{\"@type\":\"BreadcrumbList\",\"@id\":\"http:\/\/elregionalvm.com.ar\/noticias-villa-maria\/papa-noel-visitara-los-municerca-con-regalos-y-mucha-diversion\/#breadcrumb\",\"itemListElement\":[{\"@type\":\"ListItem\",\"position\":1,\"name\":\"Portada\",\"item\":\"https:\/\/elregionalvm.com.ar\/noticias-villa-maria\/\"},{\"@type\":\"ListItem\",\"position\":2,\"name\":\"\u00a1Pap\u00e1 Noel visitar\u00e1 los MuniCerca con regalos y mucha diversi\u00f3n!\"}]},{\"@type\":\"WebSite\",\"@id\":\"http:\/\/elregionalvm.com.ar\/noticias-villa-maria\/#website\",\"url\":\"http:\/\/elregionalvm.com.ar\/noticias-villa-maria\/\",\"name\":\"El Regional\",\"description\":\"Mucho m\u00e1s que informaci\u00f3n\",\"potentialAction\":[{\"@type\":\"SearchAction\",\"target\":{\"@type\":\"EntryPoint\",\"urlTemplate\":\"http:\/\/elregionalvm.com.ar\/noticias-villa-maria\/?s={search_term_string}\"},\"query-input\":{\"@type\":\"PropertyValueSpecification\",\"valueRequired\":true,\"valueName\":\"search_term_string\"}}],\"inLanguage\":\"es\"},{\"@type\":\"Person\",\"@id\":\"http:\/\/elregionalvm.com.ar\/noticias-villa-maria\/#\/schema\/person\/a0fb9c422317faca23d50163151bc354\",\"name\":\"Contenidos El Regional\",\"image\":{\"@type\":\"ImageObject\",\"inLanguage\":\"es\",\"@id\":\"http:\/\/elregionalvm.com.ar\/noticias-villa-maria\/#\/schema\/person\/image\/\",\"url\":\"https:\/\/secure.gravatar.com\/avatar\/265b27cb2209af7bb3a1318f03305787d7981a5cc6e6cd08fe5a4ecdf99d4b48?s=96&d=mm&r=g\",\"contentUrl\":\"https:\/\/secure.gravatar.com\/avatar\/265b27cb2209af7bb3a1318f03305787d7981a5cc6e6cd08fe5a4ecdf99d4b48?s=96&d=mm&r=g\",\"caption\":\"Contenidos El Regional\"},\"url\":\"https:\/\/elregionalvm.com.ar\/noticias-villa-maria\/author\/contenido\/\"}]}<\/script>\n<!-- \/ Yoast SEO plugin. -->","yoast_head_json":{"title":"\u00a1Pap\u00e1 Noel visitar\u00e1 los MuniCerca con regalos y mucha diversi\u00f3n! - El Regional","robots":{"index":"index","follow":"follow","max-snippet":"max-snippet:-1","max-image-preview":"max-image-preview:large","max-video-preview":"max-video-preview:-1"},"canonical":"http:\/\/elregionalvm.com.ar\/noticias-villa-maria\/papa-noel-visitara-los-municerca-con-regalos-y-mucha-diversion\/","og_locale":"es_ES","og_type":"article","og_title":"\u00a1Pap\u00e1 Noel visitar\u00e1 los MuniCerca con regalos y mucha diversi\u00f3n! - El Regional","og_description":"Se acerca la Navidad y la ciudad se prepara para recibir a Pap\u00e1 Noel, que llegar\u00e1 la pr\u00f3xima semana para compartir jornadas de juegos, m\u00fasica y espect\u00e1culos junto a ni\u00f1os y ni\u00f1as a trav\u00e9s de todos los MuniCerca. En su visita, recorrer\u00e1 los distintos barrios para sacarse fotos, hacer sorteos y entregar regalos y golosinas [&hellip;]","og_url":"http:\/\/elregionalvm.com.ar\/noticias-villa-maria\/papa-noel-visitara-los-municerca-con-regalos-y-mucha-diversion\/","og_site_name":"El Regional","article_publisher":"https:\/\/www.facebook.com\/elregionalvm","article_published_time":"2021-12-17T21:51:33+00:00","article_modified_time":"2021-12-17T21:51:34+00:00","og_image":[{"width":1280,"height":854,"url":"http:\/\/elregionalvm.com.ar\/noticias-villa-maria\/wp-content\/uploads\/2021\/12\/WhatsApp-Image-2021-12-17-at-13.14.32.jpeg","type":"image\/jpeg"}],"author":"Contenidos El Regional","twitter_card":"summary_large_image","twitter_creator":"@elregionalvm1","twitter_site":"@elregionalvm1","twitter_misc":{"Escrito por":"Contenidos El Regional","Tiempo de lectura":"2 minutos"},"schema":{"@context":"https:\/\/schema.org","@graph":[{"@type":"Article","@id":"http:\/\/elregionalvm.com.ar\/noticias-villa-maria\/papa-noel-visitara-los-municerca-con-regalos-y-mucha-diversion\/#article","isPartOf":{"@id":"http:\/\/elregionalvm.com.ar\/noticias-villa-maria\/papa-noel-visitara-los-municerca-con-regalos-y-mucha-diversion\/"},"author":{"name":"Contenidos El Regional","@id":"http:\/\/elregionalvm.com.ar\/noticias-villa-maria\/#\/schema\/person\/a0fb9c422317faca23d50163151bc354"},"headline":"\u00a1Pap\u00e1 Noel visitar\u00e1 los MuniCerca con regalos y mucha diversi\u00f3n!","datePublished":"2021-12-17T21:51:33+00:00","dateModified":"2021-12-17T21:51:34+00:00","mainEntityOfPage":{"@id":"http:\/\/elregionalvm.com.ar\/noticias-villa-maria\/papa-noel-visitara-los-municerca-con-regalos-y-mucha-diversion\/"},"wordCount":319,"commentCount":0,"image":{"@id":"http:\/\/elregionalvm.com.ar\/noticias-villa-maria\/papa-noel-visitara-los-municerca-con-regalos-y-mucha-diversion\/#primaryimage"},"thumbnailUrl":"https:\/\/i0.wp.com\/elregionalvm.com.ar\/noticias-villa-maria\/wp-content\/uploads\/2021\/12\/WhatsApp-Image-2021-12-17-at-13.14.32.jpeg?fit=1280%2C854&ssl=1","keywords":["Barrios","cronograma","destacado","Municerca","musica","Pap\u00e1 Noel","recorrido","regalos"],"articleSection":["Villa Mar\u00eda"],"inLanguage":"es","potentialAction":[{"@type":"CommentAction","name":"Comment","target":["http:\/\/elregionalvm.com.ar\/noticias-villa-maria\/papa-noel-visitara-los-municerca-con-regalos-y-mucha-diversion\/#respond"]}]},{"@type":"WebPage","@id":"http:\/\/elregionalvm.com.ar\/noticias-villa-maria\/papa-noel-visitara-los-municerca-con-regalos-y-mucha-diversion\/","url":"http:\/\/elregionalvm.com.ar\/noticias-villa-maria\/papa-noel-visitara-los-municerca-con-regalos-y-mucha-diversion\/","name":"\u00a1Pap\u00e1 Noel visitar\u00e1 los MuniCerca con regalos y mucha diversi\u00f3n! - El Regional","isPartOf":{"@id":"http:\/\/elregionalvm.com.ar\/noticias-villa-maria\/#website"},"primaryImageOfPage":{"@id":"http:\/\/elregionalvm.com.ar\/noticias-villa-maria\/papa-noel-visitara-los-municerca-con-regalos-y-mucha-diversion\/#primaryimage"},"image":{"@id":"http:\/\/elregionalvm.com.ar\/noticias-villa-maria\/papa-noel-visitara-los-municerca-con-regalos-y-mucha-diversion\/#primaryimage"},"thumbnailUrl":"https:\/\/i0.wp.com\/elregionalvm.com.ar\/noticias-villa-maria\/wp-content\/uploads\/2021\/12\/WhatsApp-Image-2021-12-17-at-13.14.32.jpeg?fit=1280%2C854&ssl=1","datePublished":"2021-12-17T21:51:33+00:00","dateModified":"2021-12-17T21:51:34+00:00","author":{"@id":"http:\/\/elregionalvm.com.ar\/noticias-villa-maria\/#\/schema\/person\/a0fb9c422317faca23d50163151bc354"},"breadcrumb":{"@id":"http:\/\/elregionalvm.com.ar\/noticias-villa-maria\/papa-noel-visitara-los-municerca-con-regalos-y-mucha-diversion\/#breadcrumb"},"inLanguage":"es","potentialAction":[{"@type":"ReadAction","target":["http:\/\/elregionalvm.com.ar\/noticias-villa-maria\/papa-noel-visitara-los-municerca-con-regalos-y-mucha-diversion\/"]}]},{"@type":"ImageObject","inLanguage":"es","@id":"http:\/\/elregionalvm.com.ar\/noticias-villa-maria\/papa-noel-visitara-los-municerca-con-regalos-y-mucha-diversion\/#primaryimage","url":"https:\/\/i0.wp.com\/elregionalvm.com.ar\/noticias-villa-maria\/wp-content\/uploads\/2021\/12\/WhatsApp-Image-2021-12-17-at-13.14.32.jpeg?fit=1280%2C854&ssl=1","contentUrl":"https:\/\/i0.wp.com\/elregionalvm.com.ar\/noticias-villa-maria\/wp-content\/uploads\/2021\/12\/WhatsApp-Image-2021-12-17-at-13.14.32.jpeg?fit=1280%2C854&ssl=1","width":1280,"height":854},{"@type":"BreadcrumbList","@id":"http:\/\/elregionalvm.com.ar\/noticias-villa-maria\/papa-noel-visitara-los-municerca-con-regalos-y-mucha-diversion\/#breadcrumb","itemListElement":[{"@type":"ListItem","position":1,"name":"Portada","item":"https:\/\/elregionalvm.com.ar\/noticias-villa-maria\/"},{"@type":"ListItem","position":2,"name":"\u00a1Pap\u00e1 Noel visitar\u00e1 los MuniCerca con regalos y mucha diversi\u00f3n!"}]},{"@type":"WebSite","@id":"http:\/\/elregionalvm.com.ar\/noticias-villa-maria\/#website","url":"http:\/\/elregionalvm.com.ar\/noticias-villa-maria\/","name":"El Regional","description":"Mucho m\u00e1s que informaci\u00f3n","potentialAction":[{"@type":"SearchAction","target":{"@type":"EntryPoint","urlTemplate":"http:\/\/elregionalvm.com.ar\/noticias-villa-maria\/?s={search_term_string}"},"query-input":{"@type":"PropertyValueSpecification","valueRequired":true,"valueName":"search_term_string"}}],"inLanguage":"es"},{"@type":"Person","@id":"http:\/\/elregionalvm.com.ar\/noticias-villa-maria\/#\/schema\/person\/a0fb9c422317faca23d50163151bc354","name":"Contenidos El Regional","image":{"@type":"ImageObject","inLanguage":"es","@id":"http:\/\/elregionalvm.com.ar\/noticias-villa-maria\/#\/schema\/person\/image\/","url":"https:\/\/secure.gravatar.com\/avatar\/265b27cb2209af7bb3a1318f03305787d7981a5cc6e6cd08fe5a4ecdf99d4b48?s=96&d=mm&r=g","contentUrl":"https:\/\/secure.gravatar.com\/avatar\/265b27cb2209af7bb3a1318f03305787d7981a5cc6e6cd08fe5a4ecdf99d4b48?s=96&d=mm&r=g","caption":"Contenidos El Regional"},"url":"https:\/\/elregionalvm.com.ar\/noticias-villa-maria\/author\/contenido\/"}]}},"jetpack_featured_media_url":"https:\/\/i0.wp.com\/elregionalvm.com.ar\/noticias-villa-maria\/wp-content\/uploads\/2021\/12\/WhatsApp-Image-2021-12-17-at-13.14.32.jpeg?fit=1280%2C854&ssl=1","jetpack_sharing_enabled":true,"_links":{"self":[{"href":"https:\/\/elregionalvm.com.ar\/noticias-villa-maria\/wp-json\/wp\/v2\/posts\/49822","targetHints":{"allow":["GET"]}}],"collection":[{"href":"https:\/\/elregionalvm.com.ar\/noticias-villa-maria\/wp-json\/wp\/v2\/posts"}],"about":[{"href":"https:\/\/elregionalvm.com.ar\/noticias-villa-maria\/wp-json\/wp\/v2\/types\/post"}],"author":[{"embeddable":true,"href":"https:\/\/elregionalvm.com.ar\/noticias-villa-maria\/wp-json\/wp\/v2\/users\/4"}],"replies":[{"embeddable":true,"href":"https:\/\/elregionalvm.com.ar\/noticias-villa-maria\/wp-json\/wp\/v2\/comments?post=49822"}],"version-history":[{"count":1,"href":"https:\/\/elregionalvm.com.ar\/noticias-villa-maria\/wp-json\/wp\/v2\/posts\/49822\/revisions"}],"predecessor-version":[{"id":49824,"href":"https:\/\/elregionalvm.com.ar\/noticias-villa-maria\/wp-json\/wp\/v2\/posts\/49822\/revisions\/49824"}],"wp:featuredmedia":[{"embeddable":true,"href":"https:\/\/elregionalvm.com.ar\/noticias-villa-maria\/wp-json\/wp\/v2\/media\/49823"}],"wp:attachment":[{"href":"https:\/\/elregionalvm.com.ar\/noticias-villa-maria\/wp-json\/wp\/v2\/media?parent=49822"}],"wp:term":[{"taxonomy":"category","embeddable":true,"href":"https:\/\/elregionalvm.com.ar\/noticias-villa-maria\/wp-json\/wp\/v2\/categories?post=49822"},{"taxonomy":"post_tag","embeddable":true,"href":"https:\/\/elregionalvm.com.ar\/noticias-villa-maria\/wp-json\/wp\/v2\/tags?post=49822"}],"curies":[{"name":"wp","href":"https:\/\/api.w.org\/{rel}","templated":true}]}}