{"id":49825,"date":"2021-12-17T22:03:14","date_gmt":"2021-12-17T22:03:14","guid":{"rendered":"https:\/\/elregionalvm.com.ar\/noticias-villa-maria\/?p=49825"},"modified":"2021-12-17T22:03:15","modified_gmt":"2021-12-17T22:03:15","slug":"bacheos-en-calle-lisandro-de-la-torre-y-caos-en-el-transito","status":"publish","type":"post","link":"https:\/\/elregionalvm.com.ar\/noticias-villa-maria\/bacheos-en-calle-lisandro-de-la-torre-y-caos-en-el-transito\/","title":{"rendered":"Bacheos en calle Lisandro de la Torre y caos en el tr\u00e1nsito"},"content":{"rendered":"\n<p>Tal como hab\u00eda sido anunciado, este viernes el municipio comenz\u00f3 con labores de bacheo sobre calle Lisandro de la Torre, entre Santa Fe y Catamarca. Las intervenciones son llevadas a cabo en las d\u00e1rsenas de estacionamiento del sector y prev\u00e9n abarcar ambos lados de la calzada.<\/p>\n\n\n\n<p><strong>Quejas por el tr\u00e1nsito&#8230;<\/strong><\/p>\n\n\n\n<p>La situaci\u00f3n gener\u00f3 la queja de vecinos y la gente en general que se moviliz\u00f3 este viernes por la ma\u00f1ana y enfrent\u00f3 el caos del tr\u00e1nsito en la ciudad. Algunos, m\u00e1s all\u00e1 de lo positivo de las obras, se preguntaban si eran necesario hacerlo en las horas pico del tr\u00e1nsito. Otros apuntaban si era conveniente hacerlo en pleno mes de diciembre cuando la mayor\u00eda de la gente acude por sus compras navide\u00f1as. \u00bfPor qu\u00e9 no esperar enero? Cuando todo est\u00e1 m\u00e1s tranquilo por las vacaciones&#8230;<\/p>\n\n\n\n<p><strong>Detalle de los trabajos<\/strong><\/p>\n\n\n\n<p>Actualmente, los trabajos efectuados por el municipio tienen lugar sobre sobre la mano derecha de la arteria. Para ello, se removi\u00f3 parte de la carpeta a lo largo de toda la cuadra, para dar lugar a la posterior colocaci\u00f3n de hormig\u00f3n.<\/p>\n\n\n\n<p>Cabe destacar que durante el per\u00edodo en que se lleva adelante la intervenci\u00f3n, el tramo permanecer\u00e1 inhabilitado para su circulaci\u00f3n. En tanto, una vez colocado el hormigonado el trayecto ser\u00e1 abierto de forma parcial, ya que no ser\u00e1 posible estacionar por aproximadamente 10 d\u00edas, para permitir el correcto proceso de fraguado del material.<\/p>\n\n\n\n<p>De modo seguido, se dar\u00e1 continuidad a la r\u00e9plica de la intervenci\u00f3n sobre la d\u00e1rsena izquierda, bajo los mismos procedimientos de secado y corte de calle.<\/p>\n","protected":false},"excerpt":{"rendered":"<p>Tal como hab\u00eda sido anunciado, este viernes el municipio comenz\u00f3 con labores de bacheo sobre calle Lisandro de la Torre, entre Santa Fe y Catamarca. Las intervenciones son llevadas a cabo en las d\u00e1rsenas de estacionamiento del sector y prev\u00e9n abarcar ambos lados de la calzada. Quejas por el tr\u00e1nsito&#8230; La situaci\u00f3n gener\u00f3 la queja [&hellip;]<\/p>\n","protected":false},"author":4,"featured_media":49826,"comment_status":"open","ping_status":"open","sticky":false,"template":"","format":"standard","meta":{"site-sidebar-layout":"default","site-content-layout":"default","ast-site-content-layout":"default","site-content-style":"default","site-sidebar-style":"default","ast-global-header-display":"","ast-banner-title-visibility":"","ast-main-header-display":"","ast-hfb-above-header-display":"","ast-hfb-below-header-display":"","ast-hfb-mobile-header-display":"","site-post-title":"","ast-breadcrumbs-content":"","ast-featured-img":"","footer-sml-layout":"","ast-disable-related-posts":"","theme-transparent-header-meta":"default","adv-header-id-meta":"","stick-header-meta":"","header-above-stick-meta":"","header-main-stick-meta":"","header-below-stick-meta":"","astra-migrate-meta-layouts":"default","ast-page-background-enabled":"default","ast-page-background-meta":{"desktop":{"background-color":"","background-image":"","background-repeat":"repeat","background-position":"center center","background-size":"auto","background-attachment":"scroll","background-type":"","background-media":"","overlay-type":"","overlay-color":"","overlay-opacity":"","overlay-gradient":""},"tablet":{"background-color":"","background-image":"","background-repeat":"repeat","background-position":"center center","background-size":"auto","background-attachment":"scroll","background-type":"","background-media":"","overlay-type":"","overlay-color":"","overlay-opacity":"","overlay-gradient":""},"mobile":{"background-color":"","background-image":"","background-repeat":"repeat","background-position":"center center","background-size":"auto","background-attachment":"scroll","background-type":"","background-media":"","overlay-type":"","overlay-color":"","overlay-opacity":"","overlay-gradient":""}},"ast-content-background-meta":{"desktop":{"background-color":"var(--ast-global-color-5)","background-image":"","background-repeat":"repeat","background-position":"center center","background-size":"auto","background-attachment":"scroll","background-type":"","background-media":"","overlay-type":"","overlay-color":"","overlay-opacity":"","overlay-gradient":""},"tablet":{"background-color":"var(--ast-global-color-5)","background-image":"","background-repeat":"repeat","background-position":"center center","background-size":"auto","background-attachment":"scroll","background-type":"","background-media":"","overlay-type":"","overlay-color":"","overlay-opacity":"","overlay-gradient":""},"mobile":{"background-color":"var(--ast-global-color-5)","background-image":"","background-repeat":"repeat","background-position":"center center","background-size":"auto","background-attachment":"scroll","background-type":"","background-media":"","overlay-type":"","overlay-color":"","overlay-opacity":"","overlay-gradient":""}},"_jetpack_memberships_contains_paid_content":false,"_joinchat":[],"footnotes":""},"categories":[2],"tags":[3399,12860,12858,1232,12859,2474,9232,2248],"class_list":["post-49825","post","type-post","status-publish","format-standard","has-post-thumbnail","hentry","category-villa-maria","tag-bacheo","tag-calle-lisandro-de-la-torre","tag-caos-en-el-transito","tag-destacado","tag-horas-pico","tag-municipalidad-de-villa-maria","tag-trabajos","tag-villa-maria-2"],"yoast_head":"<!-- This site is optimized with the Yoast SEO plugin v26.8 - https:\/\/yoast.com\/product\/yoast-seo-wordpress\/ -->\n<title>Bacheos en calle Lisandro de la Torre y caos en el tr\u00e1nsito - El Regional<\/title>\n<meta name=\"robots\" content=\"index, follow, max-snippet:-1, max-image-preview:large, max-video-preview:-1\" \/>\n<link rel=\"canonical\" href=\"http:\/\/elregionalvm.com.ar\/noticias-villa-maria\/bacheos-en-calle-lisandro-de-la-torre-y-caos-en-el-transito\/\" \/>\n<meta property=\"og:locale\" content=\"es_ES\" \/>\n<meta property=\"og:type\" content=\"article\" \/>\n<meta property=\"og:title\" content=\"Bacheos en calle Lisandro de la Torre y caos en el tr\u00e1nsito - El Regional\" \/>\n<meta property=\"og:description\" content=\"Tal como hab\u00eda sido anunciado, este viernes el municipio comenz\u00f3 con labores de bacheo sobre calle Lisandro de la Torre, entre Santa Fe y Catamarca. Las intervenciones son llevadas a cabo en las d\u00e1rsenas de estacionamiento del sector y prev\u00e9n abarcar ambos lados de la calzada. Quejas por el tr\u00e1nsito&#8230; La situaci\u00f3n gener\u00f3 la queja [&hellip;]\" \/>\n<meta property=\"og:url\" content=\"http:\/\/elregionalvm.com.ar\/noticias-villa-maria\/bacheos-en-calle-lisandro-de-la-torre-y-caos-en-el-transito\/\" \/>\n<meta property=\"og:site_name\" content=\"El Regional\" \/>\n<meta property=\"article:publisher\" content=\"https:\/\/www.facebook.com\/elregionalvm\" \/>\n<meta property=\"article:published_time\" content=\"2021-12-17T22:03:14+00:00\" \/>\n<meta property=\"article:modified_time\" content=\"2021-12-17T22:03:15+00:00\" \/>\n<meta property=\"og:image\" content=\"http:\/\/elregionalvm.com.ar\/noticias-villa-maria\/wp-content\/uploads\/2021\/12\/WhatsApp-Image-2021-12-17-at-13.41.55.jpeg\" \/>\n\t<meta property=\"og:image:width\" content=\"1280\" \/>\n\t<meta property=\"og:image:height\" content=\"853\" \/>\n\t<meta property=\"og:image:type\" content=\"image\/jpeg\" \/>\n<meta name=\"author\" content=\"Contenidos El Regional\" \/>\n<meta name=\"twitter:card\" content=\"summary_large_image\" \/>\n<meta name=\"twitter:creator\" content=\"@elregionalvm1\" \/>\n<meta name=\"twitter:site\" content=\"@elregionalvm1\" \/>\n<meta name=\"twitter:label1\" content=\"Escrito por\" \/>\n\t<meta name=\"twitter:data1\" content=\"Contenidos El Regional\" \/>\n\t<meta name=\"twitter:label2\" content=\"Tiempo de lectura\" \/>\n\t<meta name=\"twitter:data2\" content=\"2 minutos\" \/>\n<script type=\"application\/ld+json\" class=\"yoast-schema-graph\">{\"@context\":\"https:\/\/schema.org\",\"@graph\":[{\"@type\":\"Article\",\"@id\":\"http:\/\/elregionalvm.com.ar\/noticias-villa-maria\/bacheos-en-calle-lisandro-de-la-torre-y-caos-en-el-transito\/#article\",\"isPartOf\":{\"@id\":\"http:\/\/elregionalvm.com.ar\/noticias-villa-maria\/bacheos-en-calle-lisandro-de-la-torre-y-caos-en-el-transito\/\"},\"author\":{\"name\":\"Contenidos El Regional\",\"@id\":\"http:\/\/elregionalvm.com.ar\/noticias-villa-maria\/#\/schema\/person\/a0fb9c422317faca23d50163151bc354\"},\"headline\":\"Bacheos en calle Lisandro de la Torre y caos en el tr\u00e1nsito\",\"datePublished\":\"2021-12-17T22:03:14+00:00\",\"dateModified\":\"2021-12-17T22:03:15+00:00\",\"mainEntityOfPage\":{\"@id\":\"http:\/\/elregionalvm.com.ar\/noticias-villa-maria\/bacheos-en-calle-lisandro-de-la-torre-y-caos-en-el-transito\/\"},\"wordCount\":292,\"commentCount\":0,\"image\":{\"@id\":\"http:\/\/elregionalvm.com.ar\/noticias-villa-maria\/bacheos-en-calle-lisandro-de-la-torre-y-caos-en-el-transito\/#primaryimage\"},\"thumbnailUrl\":\"https:\/\/i0.wp.com\/elregionalvm.com.ar\/noticias-villa-maria\/wp-content\/uploads\/2021\/12\/WhatsApp-Image-2021-12-17-at-13.41.55.jpeg?fit=1280%2C853&ssl=1\",\"keywords\":[\"bacheo\",\"calle Lisandro de la Torre\",\"caos en el tr\u00e1nsito\",\"destacado\",\"horas pico\",\"Municipalidad de Villa Mar\u00eda\",\"trabajos\",\"Villa Mar\u00eda\"],\"articleSection\":[\"Villa Mar\u00eda\"],\"inLanguage\":\"es\",\"potentialAction\":[{\"@type\":\"CommentAction\",\"name\":\"Comment\",\"target\":[\"http:\/\/elregionalvm.com.ar\/noticias-villa-maria\/bacheos-en-calle-lisandro-de-la-torre-y-caos-en-el-transito\/#respond\"]}]},{\"@type\":\"WebPage\",\"@id\":\"http:\/\/elregionalvm.com.ar\/noticias-villa-maria\/bacheos-en-calle-lisandro-de-la-torre-y-caos-en-el-transito\/\",\"url\":\"http:\/\/elregionalvm.com.ar\/noticias-villa-maria\/bacheos-en-calle-lisandro-de-la-torre-y-caos-en-el-transito\/\",\"name\":\"Bacheos en calle Lisandro de la Torre y caos en el tr\u00e1nsito - El Regional\",\"isPartOf\":{\"@id\":\"http:\/\/elregionalvm.com.ar\/noticias-villa-maria\/#website\"},\"primaryImageOfPage\":{\"@id\":\"http:\/\/elregionalvm.com.ar\/noticias-villa-maria\/bacheos-en-calle-lisandro-de-la-torre-y-caos-en-el-transito\/#primaryimage\"},\"image\":{\"@id\":\"http:\/\/elregionalvm.com.ar\/noticias-villa-maria\/bacheos-en-calle-lisandro-de-la-torre-y-caos-en-el-transito\/#primaryimage\"},\"thumbnailUrl\":\"https:\/\/i0.wp.com\/elregionalvm.com.ar\/noticias-villa-maria\/wp-content\/uploads\/2021\/12\/WhatsApp-Image-2021-12-17-at-13.41.55.jpeg?fit=1280%2C853&ssl=1\",\"datePublished\":\"2021-12-17T22:03:14+00:00\",\"dateModified\":\"2021-12-17T22:03:15+00:00\",\"author\":{\"@id\":\"http:\/\/elregionalvm.com.ar\/noticias-villa-maria\/#\/schema\/person\/a0fb9c422317faca23d50163151bc354\"},\"breadcrumb\":{\"@id\":\"http:\/\/elregionalvm.com.ar\/noticias-villa-maria\/bacheos-en-calle-lisandro-de-la-torre-y-caos-en-el-transito\/#breadcrumb\"},\"inLanguage\":\"es\",\"potentialAction\":[{\"@type\":\"ReadAction\",\"target\":[\"http:\/\/elregionalvm.com.ar\/noticias-villa-maria\/bacheos-en-calle-lisandro-de-la-torre-y-caos-en-el-transito\/\"]}]},{\"@type\":\"ImageObject\",\"inLanguage\":\"es\",\"@id\":\"http:\/\/elregionalvm.com.ar\/noticias-villa-maria\/bacheos-en-calle-lisandro-de-la-torre-y-caos-en-el-transito\/#primaryimage\",\"url\":\"https:\/\/i0.wp.com\/elregionalvm.com.ar\/noticias-villa-maria\/wp-content\/uploads\/2021\/12\/WhatsApp-Image-2021-12-17-at-13.41.55.jpeg?fit=1280%2C853&ssl=1\",\"contentUrl\":\"https:\/\/i0.wp.com\/elregionalvm.com.ar\/noticias-villa-maria\/wp-content\/uploads\/2021\/12\/WhatsApp-Image-2021-12-17-at-13.41.55.jpeg?fit=1280%2C853&ssl=1\",\"width\":1280,\"height\":853},{\"@type\":\"BreadcrumbList\",\"@id\":\"http:\/\/elregionalvm.com.ar\/noticias-villa-maria\/bacheos-en-calle-lisandro-de-la-torre-y-caos-en-el-transito\/#breadcrumb\",\"itemListElement\":[{\"@type\":\"ListItem\",\"position\":1,\"name\":\"Portada\",\"item\":\"https:\/\/elregionalvm.com.ar\/noticias-villa-maria\/\"},{\"@type\":\"ListItem\",\"position\":2,\"name\":\"Bacheos en calle Lisandro de la Torre y caos en el tr\u00e1nsito\"}]},{\"@type\":\"WebSite\",\"@id\":\"http:\/\/elregionalvm.com.ar\/noticias-villa-maria\/#website\",\"url\":\"http:\/\/elregionalvm.com.ar\/noticias-villa-maria\/\",\"name\":\"El Regional\",\"description\":\"Mucho m\u00e1s que informaci\u00f3n\",\"potentialAction\":[{\"@type\":\"SearchAction\",\"target\":{\"@type\":\"EntryPoint\",\"urlTemplate\":\"http:\/\/elregionalvm.com.ar\/noticias-villa-maria\/?s={search_term_string}\"},\"query-input\":{\"@type\":\"PropertyValueSpecification\",\"valueRequired\":true,\"valueName\":\"search_term_string\"}}],\"inLanguage\":\"es\"},{\"@type\":\"Person\",\"@id\":\"http:\/\/elregionalvm.com.ar\/noticias-villa-maria\/#\/schema\/person\/a0fb9c422317faca23d50163151bc354\",\"name\":\"Contenidos El Regional\",\"image\":{\"@type\":\"ImageObject\",\"inLanguage\":\"es\",\"@id\":\"http:\/\/elregionalvm.com.ar\/noticias-villa-maria\/#\/schema\/person\/image\/\",\"url\":\"https:\/\/secure.gravatar.com\/avatar\/265b27cb2209af7bb3a1318f03305787d7981a5cc6e6cd08fe5a4ecdf99d4b48?s=96&d=mm&r=g\",\"contentUrl\":\"https:\/\/secure.gravatar.com\/avatar\/265b27cb2209af7bb3a1318f03305787d7981a5cc6e6cd08fe5a4ecdf99d4b48?s=96&d=mm&r=g\",\"caption\":\"Contenidos El Regional\"},\"url\":\"https:\/\/elregionalvm.com.ar\/noticias-villa-maria\/author\/contenido\/\"}]}<\/script>\n<!-- \/ Yoast SEO plugin. -->","yoast_head_json":{"title":"Bacheos en calle Lisandro de la Torre y caos en el tr\u00e1nsito - El Regional","robots":{"index":"index","follow":"follow","max-snippet":"max-snippet:-1","max-image-preview":"max-image-preview:large","max-video-preview":"max-video-preview:-1"},"canonical":"http:\/\/elregionalvm.com.ar\/noticias-villa-maria\/bacheos-en-calle-lisandro-de-la-torre-y-caos-en-el-transito\/","og_locale":"es_ES","og_type":"article","og_title":"Bacheos en calle Lisandro de la Torre y caos en el tr\u00e1nsito - El Regional","og_description":"Tal como hab\u00eda sido anunciado, este viernes el municipio comenz\u00f3 con labores de bacheo sobre calle Lisandro de la Torre, entre Santa Fe y Catamarca. Las intervenciones son llevadas a cabo en las d\u00e1rsenas de estacionamiento del sector y prev\u00e9n abarcar ambos lados de la calzada. Quejas por el tr\u00e1nsito&#8230; La situaci\u00f3n gener\u00f3 la queja [&hellip;]","og_url":"http:\/\/elregionalvm.com.ar\/noticias-villa-maria\/bacheos-en-calle-lisandro-de-la-torre-y-caos-en-el-transito\/","og_site_name":"El Regional","article_publisher":"https:\/\/www.facebook.com\/elregionalvm","article_published_time":"2021-12-17T22:03:14+00:00","article_modified_time":"2021-12-17T22:03:15+00:00","og_image":[{"width":1280,"height":853,"url":"http:\/\/elregionalvm.com.ar\/noticias-villa-maria\/wp-content\/uploads\/2021\/12\/WhatsApp-Image-2021-12-17-at-13.41.55.jpeg","type":"image\/jpeg"}],"author":"Contenidos El Regional","twitter_card":"summary_large_image","twitter_creator":"@elregionalvm1","twitter_site":"@elregionalvm1","twitter_misc":{"Escrito por":"Contenidos El Regional","Tiempo de lectura":"2 minutos"},"schema":{"@context":"https:\/\/schema.org","@graph":[{"@type":"Article","@id":"http:\/\/elregionalvm.com.ar\/noticias-villa-maria\/bacheos-en-calle-lisandro-de-la-torre-y-caos-en-el-transito\/#article","isPartOf":{"@id":"http:\/\/elregionalvm.com.ar\/noticias-villa-maria\/bacheos-en-calle-lisandro-de-la-torre-y-caos-en-el-transito\/"},"author":{"name":"Contenidos El Regional","@id":"http:\/\/elregionalvm.com.ar\/noticias-villa-maria\/#\/schema\/person\/a0fb9c422317faca23d50163151bc354"},"headline":"Bacheos en calle Lisandro de la Torre y caos en el tr\u00e1nsito","datePublished":"2021-12-17T22:03:14+00:00","dateModified":"2021-12-17T22:03:15+00:00","mainEntityOfPage":{"@id":"http:\/\/elregionalvm.com.ar\/noticias-villa-maria\/bacheos-en-calle-lisandro-de-la-torre-y-caos-en-el-transito\/"},"wordCount":292,"commentCount":0,"image":{"@id":"http:\/\/elregionalvm.com.ar\/noticias-villa-maria\/bacheos-en-calle-lisandro-de-la-torre-y-caos-en-el-transito\/#primaryimage"},"thumbnailUrl":"https:\/\/i0.wp.com\/elregionalvm.com.ar\/noticias-villa-maria\/wp-content\/uploads\/2021\/12\/WhatsApp-Image-2021-12-17-at-13.41.55.jpeg?fit=1280%2C853&ssl=1","keywords":["bacheo","calle Lisandro de la Torre","caos en el tr\u00e1nsito","destacado","horas pico","Municipalidad de Villa Mar\u00eda","trabajos","Villa Mar\u00eda"],"articleSection":["Villa Mar\u00eda"],"inLanguage":"es","potentialAction":[{"@type":"CommentAction","name":"Comment","target":["http:\/\/elregionalvm.com.ar\/noticias-villa-maria\/bacheos-en-calle-lisandro-de-la-torre-y-caos-en-el-transito\/#respond"]}]},{"@type":"WebPage","@id":"http:\/\/elregionalvm.com.ar\/noticias-villa-maria\/bacheos-en-calle-lisandro-de-la-torre-y-caos-en-el-transito\/","url":"http:\/\/elregionalvm.com.ar\/noticias-villa-maria\/bacheos-en-calle-lisandro-de-la-torre-y-caos-en-el-transito\/","name":"Bacheos en calle Lisandro de la Torre y caos en el tr\u00e1nsito - El Regional","isPartOf":{"@id":"http:\/\/elregionalvm.com.ar\/noticias-villa-maria\/#website"},"primaryImageOfPage":{"@id":"http:\/\/elregionalvm.com.ar\/noticias-villa-maria\/bacheos-en-calle-lisandro-de-la-torre-y-caos-en-el-transito\/#primaryimage"},"image":{"@id":"http:\/\/elregionalvm.com.ar\/noticias-villa-maria\/bacheos-en-calle-lisandro-de-la-torre-y-caos-en-el-transito\/#primaryimage"},"thumbnailUrl":"https:\/\/i0.wp.com\/elregionalvm.com.ar\/noticias-villa-maria\/wp-content\/uploads\/2021\/12\/WhatsApp-Image-2021-12-17-at-13.41.55.jpeg?fit=1280%2C853&ssl=1","datePublished":"2021-12-17T22:03:14+00:00","dateModified":"2021-12-17T22:03:15+00:00","author":{"@id":"http:\/\/elregionalvm.com.ar\/noticias-villa-maria\/#\/schema\/person\/a0fb9c422317faca23d50163151bc354"},"breadcrumb":{"@id":"http:\/\/elregionalvm.com.ar\/noticias-villa-maria\/bacheos-en-calle-lisandro-de-la-torre-y-caos-en-el-transito\/#breadcrumb"},"inLanguage":"es","potentialAction":[{"@type":"ReadAction","target":["http:\/\/elregionalvm.com.ar\/noticias-villa-maria\/bacheos-en-calle-lisandro-de-la-torre-y-caos-en-el-transito\/"]}]},{"@type":"ImageObject","inLanguage":"es","@id":"http:\/\/elregionalvm.com.ar\/noticias-villa-maria\/bacheos-en-calle-lisandro-de-la-torre-y-caos-en-el-transito\/#primaryimage","url":"https:\/\/i0.wp.com\/elregionalvm.com.ar\/noticias-villa-maria\/wp-content\/uploads\/2021\/12\/WhatsApp-Image-2021-12-17-at-13.41.55.jpeg?fit=1280%2C853&ssl=1","contentUrl":"https:\/\/i0.wp.com\/elregionalvm.com.ar\/noticias-villa-maria\/wp-content\/uploads\/2021\/12\/WhatsApp-Image-2021-12-17-at-13.41.55.jpeg?fit=1280%2C853&ssl=1","width":1280,"height":853},{"@type":"BreadcrumbList","@id":"http:\/\/elregionalvm.com.ar\/noticias-villa-maria\/bacheos-en-calle-lisandro-de-la-torre-y-caos-en-el-transito\/#breadcrumb","itemListElement":[{"@type":"ListItem","position":1,"name":"Portada","item":"https:\/\/elregionalvm.com.ar\/noticias-villa-maria\/"},{"@type":"ListItem","position":2,"name":"Bacheos en calle Lisandro de la Torre y caos en el tr\u00e1nsito"}]},{"@type":"WebSite","@id":"http:\/\/elregionalvm.com.ar\/noticias-villa-maria\/#website","url":"http:\/\/elregionalvm.com.ar\/noticias-villa-maria\/","name":"El Regional","description":"Mucho m\u00e1s que informaci\u00f3n","potentialAction":[{"@type":"SearchAction","target":{"@type":"EntryPoint","urlTemplate":"http:\/\/elregionalvm.com.ar\/noticias-villa-maria\/?s={search_term_string}"},"query-input":{"@type":"PropertyValueSpecification","valueRequired":true,"valueName":"search_term_string"}}],"inLanguage":"es"},{"@type":"Person","@id":"http:\/\/elregionalvm.com.ar\/noticias-villa-maria\/#\/schema\/person\/a0fb9c422317faca23d50163151bc354","name":"Contenidos El Regional","image":{"@type":"ImageObject","inLanguage":"es","@id":"http:\/\/elregionalvm.com.ar\/noticias-villa-maria\/#\/schema\/person\/image\/","url":"https:\/\/secure.gravatar.com\/avatar\/265b27cb2209af7bb3a1318f03305787d7981a5cc6e6cd08fe5a4ecdf99d4b48?s=96&d=mm&r=g","contentUrl":"https:\/\/secure.gravatar.com\/avatar\/265b27cb2209af7bb3a1318f03305787d7981a5cc6e6cd08fe5a4ecdf99d4b48?s=96&d=mm&r=g","caption":"Contenidos El Regional"},"url":"https:\/\/elregionalvm.com.ar\/noticias-villa-maria\/author\/contenido\/"}]}},"jetpack_featured_media_url":"https:\/\/i0.wp.com\/elregionalvm.com.ar\/noticias-villa-maria\/wp-content\/uploads\/2021\/12\/WhatsApp-Image-2021-12-17-at-13.41.55.jpeg?fit=1280%2C853&ssl=1","jetpack_sharing_enabled":true,"_links":{"self":[{"href":"https:\/\/elregionalvm.com.ar\/noticias-villa-maria\/wp-json\/wp\/v2\/posts\/49825","targetHints":{"allow":["GET"]}}],"collection":[{"href":"https:\/\/elregionalvm.com.ar\/noticias-villa-maria\/wp-json\/wp\/v2\/posts"}],"about":[{"href":"https:\/\/elregionalvm.com.ar\/noticias-villa-maria\/wp-json\/wp\/v2\/types\/post"}],"author":[{"embeddable":true,"href":"https:\/\/elregionalvm.com.ar\/noticias-villa-maria\/wp-json\/wp\/v2\/users\/4"}],"replies":[{"embeddable":true,"href":"https:\/\/elregionalvm.com.ar\/noticias-villa-maria\/wp-json\/wp\/v2\/comments?post=49825"}],"version-history":[{"count":1,"href":"https:\/\/elregionalvm.com.ar\/noticias-villa-maria\/wp-json\/wp\/v2\/posts\/49825\/revisions"}],"predecessor-version":[{"id":49827,"href":"https:\/\/elregionalvm.com.ar\/noticias-villa-maria\/wp-json\/wp\/v2\/posts\/49825\/revisions\/49827"}],"wp:featuredmedia":[{"embeddable":true,"href":"https:\/\/elregionalvm.com.ar\/noticias-villa-maria\/wp-json\/wp\/v2\/media\/49826"}],"wp:attachment":[{"href":"https:\/\/elregionalvm.com.ar\/noticias-villa-maria\/wp-json\/wp\/v2\/media?parent=49825"}],"wp:term":[{"taxonomy":"category","embeddable":true,"href":"https:\/\/elregionalvm.com.ar\/noticias-villa-maria\/wp-json\/wp\/v2\/categories?post=49825"},{"taxonomy":"post_tag","embeddable":true,"href":"https:\/\/elregionalvm.com.ar\/noticias-villa-maria\/wp-json\/wp\/v2\/tags?post=49825"}],"curies":[{"name":"wp","href":"https:\/\/api.w.org\/{rel}","templated":true}]}}