{"id":49836,"date":"2021-12-17T23:12:42","date_gmt":"2021-12-17T23:12:42","guid":{"rendered":"https:\/\/elregionalvm.com.ar\/noticias-villa-maria\/?p=49836"},"modified":"2021-12-17T23:12:43","modified_gmt":"2021-12-17T23:12:43","slug":"unifican-criterios-de-protocolos-sanitarios-independientemente-del-tipo-de-variante","status":"publish","type":"post","link":"https:\/\/elregionalvm.com.ar\/noticias-villa-maria\/unifican-criterios-de-protocolos-sanitarios-independientemente-del-tipo-de-variante\/","title":{"rendered":"Unifican criterios de protocolos sanitarios independientemente del tipo de variante"},"content":{"rendered":"\n<p>El ministerio de Salud de la provincia actualiz\u00f3 el protocolo de vigilancia Covid 19. Ante la circulaci\u00f3n predominante de la variante Delta, y frente a la presencia de casos de la variante \u00d3micron, se unificaron criterios de manejo de casos y contactos estrechos independientemente del tipo de variante.<\/p>\n\n\n\n<p>Definici\u00f3n de caso sospechoso<br>Una persona debe sospechar de tener coronavirus en el caso en el que registre dos o m\u00e1s s\u00edntomas (en presencia o no de fiebre) de: tos, dolor de garganta, dificultad para respirar, mocos y\/o congesti\u00f3n nasal; dolor de cabeza, dolores musculares, diarrea y\/o v\u00f3mitos y p\u00e9rdida repentina del gusto o del olfato.<\/p>\n\n\n\n<p>Cabe recordar que una persona puede ser caso sospechoso por m\u00e1s que haya recibido todas las dosis de la vacuna contra el coronavirus y aunque haya contra\u00eddo el virus en alg\u00fan momento.<\/p>\n\n\n\n<p>En relaci\u00f3n a menores de 18 a\u00f1os, adem\u00e1s de los s\u00edntomas establecidos para los adultos, se debe sospechar que, tienen Covid-19 si: tienen fiebre de m\u00e1s de tres d\u00edas; erupci\u00f3n cut\u00e1nea, conjuntivitis en ambos ojos, fuerte dolor abdominal.<\/p>\n\n\n\n<p>Definici\u00f3n de contacto estrecho<br>El protocolo actualizado indica que se considera como contacto estrecho a toda persona que haya proporcionado cuidados a otra con Covid-19 cuando estaba con s\u00edntomas, o 48 horas previas al inicio de los mismos, sin utilizar las medidas de protecci\u00f3n personal adecuadas.<\/p>\n\n\n\n<p>Tambi\u00e9n se considera contacto estrecho a cualquier persona que haya permanecido a una distancia menor a dos metros con otra que tenga Covid-19 mientras el caso presentaba s\u00edntomas, o durante las 48 horas previas al inicio de s\u00edntomas, durante al menos 15 minutos (ej. convivientes, visitas, compa\u00f1eros de trabajo), sin mantener las medidas de protecci\u00f3n personal adecuadas.<\/p>\n\n\n\n<p>Una tercera definici\u00f3n, indica a toda persona que haya permanecido o compartido un espacio cerrado sin ventilaci\u00f3n adecuada con una persona con Covid-19 durante al menos 10 minutos, sin importar la distancia o si se utiliz\u00f3 barbijo (como convivientes, visitas, compa\u00f1eros de trabajo).<\/p>\n\n\n\n<p>Con respecto al personal de salud, se considerar\u00e1n contacto estrecho quienes, sin emplear correctamente equipo de protecci\u00f3n personal:<\/p>\n\n\n\n<p>Permanezcan a una distancia menor de dos metros de un caso confirmado de COVID- 19 durante por lo menos 15 minutos (por ejemplo, compartir un consultorio o una sala de espera).<br>Tengan contacto directo con secreciones (por ejemplo, tos, estornudo, etc.).<br>Tengan contacto directo con el entorno en el que permanece un paciente confirmado (como habitaci\u00f3n, ba\u00f1o, ropa de cama, equipo m\u00e9dico, entre otros, incluye los procedimientos de limpieza de estos).<br>Permanezcan en el mismo ambiente durante la realizaci\u00f3n de procedimientos que generen aerosoles.<br>En cuanto al personal esencial (personal de salud, seguridad, fuerzas armadas, personas que prestan asistencia a personas mayores) que cuente con esquema completo de vacuna contra el Covid-19 y haya tenido contacto de alto riesgo con un caso confirmado de Covid-19 deber\u00e1 realizarse un test para detecci\u00f3n de SARS-CoV-2 al momento de enterarse que es contacto estrecho y aislarse durante 72 horas. Al tercer d\u00eda deber\u00e1 repetir el test que deber\u00e1 arrojar resultado negativo y no presentar s\u00edntomas, como condici\u00f3n para poder retomar sus actividades laborales.<\/p>\n\n\n\n<p>Cabe mencionar que esta recomendaci\u00f3n es \u00fanicamente para el \u00e1mbito laboral. Para el resto de las actividades (sociales, recreativas, deportivas, etc.) debe realizar el aislamiento por 12 d\u00edas. En caso de ser contacto estrecho conviviente de un caso confirmado de Covid-19, debe extremar las medidas de aislamiento dentro del domicilio y sostenerlas durante 12 d\u00edas.<\/p>\n\n\n\n<p>En el caso de viajes en avi\u00f3n y\/o colectivo, se considera contacto estrecho a todos los pasajeros situados en un radio de dos asientos alrededor del pasajero con coronavirus con s\u00edntomas durante el viaje. Tambi\u00e9n a la tripulaci\u00f3n que haya tenido contacto con dichos casos.<\/p>\n\n\n\n<p>El alta del aislamiento de los contactos estrechos se otorgar\u00e1 a los 12 d\u00edas, contando desde la fecha de \u00faltimo contacto con el caso confirmado, sin necesidad de ning\u00fan test adicional, teniendo 2 test negativos (d\u00edas 1 y 10) y siempre y cuando la persona permanezca asintom\u00e1tica.<\/p>\n\n\n\n<p>Con respecto a los viajeros provenientes del exterior, contin\u00faa vigente los establecido por Naci\u00f3n (Decisi\u00f3n Administrativa de la Jefatura de Gabinete de Ministros de Naci\u00f3n N\u00b0 1064\/2021 y N\u00b0 2948\/2021).<\/p>\n\n\n\n<p>Acciones en relaci\u00f3n a variante \u00d3micron<br>Con respecto a la variante \u00d3micron y con el fin de retrasar la circulaci\u00f3n en la Provincia en tanto se avanza con el plan de vacunaci\u00f3n Covid-19:<\/p>\n\n\n\n<p>Toda persona que provenga o haya estado en el continente africano o en las zonas afectadas que defina la autoridad sanitaria nacional en los catorce (14) d\u00edas previos a su ingreso al pa\u00eds independientemente de su estado de vacunaci\u00f3n y contando con una prueba de PCR negativa realizada en el pa\u00eds de origen dentro de las setenta y dos (72) horas previas al ingreso al pa\u00eds, deber\u00e1:<\/p>\n\n\n\n<p>Realizarse una prueba de PCR a su llegada al pa\u00eds.<br>Realizar aislamiento por el t\u00e9rmino de siete d\u00edas desde el arribo al pa\u00eds.<br>Realizarse un test de PCR al d\u00e9cimo d\u00eda de su toma de muestra de test PCR en origen, o s\u00e9ptimo d\u00eda desde el arribo al pa\u00eds, cuyo resultado debe ser negativo, como condici\u00f3n de finalizaci\u00f3n del aislamiento obligatorio.<br>El manejo de casos y CE de casos de variante \u00d3micron ser\u00e1 id\u00e9ntico al de cualquier otra variante, no obstante, se recomienda en estos casos realizar test de PCR adicionalmente al test de ant\u00edgeno.<\/p>\n\n\n\n<p>Los contactos estrechos de casos confirmados de variante \u00d3micron que tengan esquema de vacunaci\u00f3n completo contra COVID-19 deber\u00e1n cumplir el aislamiento igual a una persona que no se ha vacunado; a\u00fan las consideradas \u201cpersonal esencial\u201d.<\/p>\n","protected":false},"excerpt":{"rendered":"<p>El ministerio de Salud de la provincia actualiz\u00f3 el protocolo de vigilancia Covid 19. Ante la circulaci\u00f3n predominante de la variante Delta, y frente a la presencia de casos de la variante \u00d3micron, se unificaron criterios de manejo de casos y contactos estrechos independientemente del tipo de variante. Definici\u00f3n de caso sospechosoUna persona debe sospechar [&hellip;]<\/p>\n","protected":false},"author":4,"featured_media":49837,"comment_status":"open","ping_status":"open","sticky":false,"template":"","format":"standard","meta":{"site-sidebar-layout":"default","site-content-layout":"default","ast-site-content-layout":"default","site-content-style":"default","site-sidebar-style":"default","ast-global-header-display":"","ast-banner-title-visibility":"","ast-main-header-display":"","ast-hfb-above-header-display":"","ast-hfb-below-header-display":"","ast-hfb-mobile-header-display":"","site-post-title":"","ast-breadcrumbs-content":"","ast-featured-img":"","footer-sml-layout":"","ast-disable-related-posts":"","theme-transparent-header-meta":"default","adv-header-id-meta":"","stick-header-meta":"","header-above-stick-meta":"","header-main-stick-meta":"","header-below-stick-meta":"","astra-migrate-meta-layouts":"default","ast-page-background-enabled":"default","ast-page-background-meta":{"desktop":{"background-color":"","background-image":"","background-repeat":"repeat","background-position":"center center","background-size":"auto","background-attachment":"scroll","background-type":"","background-media":"","overlay-type":"","overlay-color":"","overlay-opacity":"","overlay-gradient":""},"tablet":{"background-color":"","background-image":"","background-repeat":"repeat","background-position":"center center","background-size":"auto","background-attachment":"scroll","background-type":"","background-media":"","overlay-type":"","overlay-color":"","overlay-opacity":"","overlay-gradient":""},"mobile":{"background-color":"","background-image":"","background-repeat":"repeat","background-position":"center center","background-size":"auto","background-attachment":"scroll","background-type":"","background-media":"","overlay-type":"","overlay-color":"","overlay-opacity":"","overlay-gradient":""}},"ast-content-background-meta":{"desktop":{"background-color":"var(--ast-global-color-5)","background-image":"","background-repeat":"repeat","background-position":"center center","background-size":"auto","background-attachment":"scroll","background-type":"","background-media":"","overlay-type":"","overlay-color":"","overlay-opacity":"","overlay-gradient":""},"tablet":{"background-color":"var(--ast-global-color-5)","background-image":"","background-repeat":"repeat","background-position":"center center","background-size":"auto","background-attachment":"scroll","background-type":"","background-media":"","overlay-type":"","overlay-color":"","overlay-opacity":"","overlay-gradient":""},"mobile":{"background-color":"var(--ast-global-color-5)","background-image":"","background-repeat":"repeat","background-position":"center center","background-size":"auto","background-attachment":"scroll","background-type":"","background-media":"","overlay-type":"","overlay-color":"","overlay-opacity":"","overlay-gradient":""}},"_jetpack_memberships_contains_paid_content":false,"_joinchat":[],"footnotes":""},"categories":[2256],"tags":[1232,7824,12863,10250,12862],"class_list":["post-49836","post","type-post","status-publish","format-standard","has-post-thumbnail","hentry","category-coronavirus","tag-destacado","tag-ministerio-de-salud-de-la-provincia","tag-no-importan-variantes","tag-protocolo-sanitario","tag-unifican-criterios"],"yoast_head":"<!-- This site is optimized with the Yoast SEO plugin v26.8 - https:\/\/yoast.com\/product\/yoast-seo-wordpress\/ -->\n<title>Unifican criterios de protocolos sanitarios independientemente del tipo de variante - El Regional<\/title>\n<meta name=\"robots\" content=\"index, follow, max-snippet:-1, max-image-preview:large, max-video-preview:-1\" \/>\n<link rel=\"canonical\" href=\"http:\/\/elregionalvm.com.ar\/noticias-villa-maria\/unifican-criterios-de-protocolos-sanitarios-independientemente-del-tipo-de-variante\/\" \/>\n<meta property=\"og:locale\" content=\"es_ES\" \/>\n<meta property=\"og:type\" content=\"article\" \/>\n<meta property=\"og:title\" content=\"Unifican criterios de protocolos sanitarios independientemente del tipo de variante - El Regional\" \/>\n<meta property=\"og:description\" content=\"El ministerio de Salud de la provincia actualiz\u00f3 el protocolo de vigilancia Covid 19. Ante la circulaci\u00f3n predominante de la variante Delta, y frente a la presencia de casos de la variante \u00d3micron, se unificaron criterios de manejo de casos y contactos estrechos independientemente del tipo de variante. Definici\u00f3n de caso sospechosoUna persona debe sospechar [&hellip;]\" \/>\n<meta property=\"og:url\" content=\"http:\/\/elregionalvm.com.ar\/noticias-villa-maria\/unifican-criterios-de-protocolos-sanitarios-independientemente-del-tipo-de-variante\/\" \/>\n<meta property=\"og:site_name\" content=\"El Regional\" \/>\n<meta property=\"article:publisher\" content=\"https:\/\/www.facebook.com\/elregionalvm\" \/>\n<meta property=\"article:published_time\" content=\"2021-12-17T23:12:42+00:00\" \/>\n<meta property=\"article:modified_time\" content=\"2021-12-17T23:12:43+00:00\" \/>\n<meta property=\"og:image\" content=\"http:\/\/elregionalvm.com.ar\/noticias-villa-maria\/wp-content\/uploads\/2021\/12\/protocolo-sanitario.jpg\" \/>\n\t<meta property=\"og:image:width\" content=\"995\" \/>\n\t<meta property=\"og:image:height\" content=\"660\" \/>\n\t<meta property=\"og:image:type\" content=\"image\/jpeg\" \/>\n<meta name=\"author\" content=\"Contenidos El Regional\" \/>\n<meta name=\"twitter:card\" content=\"summary_large_image\" \/>\n<meta name=\"twitter:creator\" content=\"@elregionalvm1\" \/>\n<meta name=\"twitter:site\" content=\"@elregionalvm1\" \/>\n<meta name=\"twitter:label1\" content=\"Escrito por\" \/>\n\t<meta name=\"twitter:data1\" content=\"Contenidos El Regional\" \/>\n\t<meta name=\"twitter:label2\" content=\"Tiempo de lectura\" \/>\n\t<meta name=\"twitter:data2\" content=\"5 minutos\" \/>\n<script type=\"application\/ld+json\" class=\"yoast-schema-graph\">{\"@context\":\"https:\/\/schema.org\",\"@graph\":[{\"@type\":\"Article\",\"@id\":\"http:\/\/elregionalvm.com.ar\/noticias-villa-maria\/unifican-criterios-de-protocolos-sanitarios-independientemente-del-tipo-de-variante\/#article\",\"isPartOf\":{\"@id\":\"http:\/\/elregionalvm.com.ar\/noticias-villa-maria\/unifican-criterios-de-protocolos-sanitarios-independientemente-del-tipo-de-variante\/\"},\"author\":{\"name\":\"Contenidos El Regional\",\"@id\":\"http:\/\/elregionalvm.com.ar\/noticias-villa-maria\/#\/schema\/person\/a0fb9c422317faca23d50163151bc354\"},\"headline\":\"Unifican criterios de protocolos sanitarios independientemente del tipo de variante\",\"datePublished\":\"2021-12-17T23:12:42+00:00\",\"dateModified\":\"2021-12-17T23:12:43+00:00\",\"mainEntityOfPage\":{\"@id\":\"http:\/\/elregionalvm.com.ar\/noticias-villa-maria\/unifican-criterios-de-protocolos-sanitarios-independientemente-del-tipo-de-variante\/\"},\"wordCount\":984,\"commentCount\":0,\"image\":{\"@id\":\"http:\/\/elregionalvm.com.ar\/noticias-villa-maria\/unifican-criterios-de-protocolos-sanitarios-independientemente-del-tipo-de-variante\/#primaryimage\"},\"thumbnailUrl\":\"https:\/\/i0.wp.com\/elregionalvm.com.ar\/noticias-villa-maria\/wp-content\/uploads\/2021\/12\/protocolo-sanitario.jpg?fit=995%2C660&ssl=1\",\"keywords\":[\"destacado\",\"Ministerio de Salud de la Provincia\",\"no importan variantes\",\"protocolo sanitario\",\"unifican criterios\"],\"articleSection\":[\"Coronavirus\"],\"inLanguage\":\"es\",\"potentialAction\":[{\"@type\":\"CommentAction\",\"name\":\"Comment\",\"target\":[\"http:\/\/elregionalvm.com.ar\/noticias-villa-maria\/unifican-criterios-de-protocolos-sanitarios-independientemente-del-tipo-de-variante\/#respond\"]}]},{\"@type\":\"WebPage\",\"@id\":\"http:\/\/elregionalvm.com.ar\/noticias-villa-maria\/unifican-criterios-de-protocolos-sanitarios-independientemente-del-tipo-de-variante\/\",\"url\":\"http:\/\/elregionalvm.com.ar\/noticias-villa-maria\/unifican-criterios-de-protocolos-sanitarios-independientemente-del-tipo-de-variante\/\",\"name\":\"Unifican criterios de protocolos sanitarios independientemente del tipo de variante - El Regional\",\"isPartOf\":{\"@id\":\"http:\/\/elregionalvm.com.ar\/noticias-villa-maria\/#website\"},\"primaryImageOfPage\":{\"@id\":\"http:\/\/elregionalvm.com.ar\/noticias-villa-maria\/unifican-criterios-de-protocolos-sanitarios-independientemente-del-tipo-de-variante\/#primaryimage\"},\"image\":{\"@id\":\"http:\/\/elregionalvm.com.ar\/noticias-villa-maria\/unifican-criterios-de-protocolos-sanitarios-independientemente-del-tipo-de-variante\/#primaryimage\"},\"thumbnailUrl\":\"https:\/\/i0.wp.com\/elregionalvm.com.ar\/noticias-villa-maria\/wp-content\/uploads\/2021\/12\/protocolo-sanitario.jpg?fit=995%2C660&ssl=1\",\"datePublished\":\"2021-12-17T23:12:42+00:00\",\"dateModified\":\"2021-12-17T23:12:43+00:00\",\"author\":{\"@id\":\"http:\/\/elregionalvm.com.ar\/noticias-villa-maria\/#\/schema\/person\/a0fb9c422317faca23d50163151bc354\"},\"breadcrumb\":{\"@id\":\"http:\/\/elregionalvm.com.ar\/noticias-villa-maria\/unifican-criterios-de-protocolos-sanitarios-independientemente-del-tipo-de-variante\/#breadcrumb\"},\"inLanguage\":\"es\",\"potentialAction\":[{\"@type\":\"ReadAction\",\"target\":[\"http:\/\/elregionalvm.com.ar\/noticias-villa-maria\/unifican-criterios-de-protocolos-sanitarios-independientemente-del-tipo-de-variante\/\"]}]},{\"@type\":\"ImageObject\",\"inLanguage\":\"es\",\"@id\":\"http:\/\/elregionalvm.com.ar\/noticias-villa-maria\/unifican-criterios-de-protocolos-sanitarios-independientemente-del-tipo-de-variante\/#primaryimage\",\"url\":\"https:\/\/i0.wp.com\/elregionalvm.com.ar\/noticias-villa-maria\/wp-content\/uploads\/2021\/12\/protocolo-sanitario.jpg?fit=995%2C660&ssl=1\",\"contentUrl\":\"https:\/\/i0.wp.com\/elregionalvm.com.ar\/noticias-villa-maria\/wp-content\/uploads\/2021\/12\/protocolo-sanitario.jpg?fit=995%2C660&ssl=1\",\"width\":995,\"height\":660},{\"@type\":\"BreadcrumbList\",\"@id\":\"http:\/\/elregionalvm.com.ar\/noticias-villa-maria\/unifican-criterios-de-protocolos-sanitarios-independientemente-del-tipo-de-variante\/#breadcrumb\",\"itemListElement\":[{\"@type\":\"ListItem\",\"position\":1,\"name\":\"Portada\",\"item\":\"https:\/\/elregionalvm.com.ar\/noticias-villa-maria\/\"},{\"@type\":\"ListItem\",\"position\":2,\"name\":\"Unifican criterios de protocolos sanitarios independientemente del tipo de variante\"}]},{\"@type\":\"WebSite\",\"@id\":\"http:\/\/elregionalvm.com.ar\/noticias-villa-maria\/#website\",\"url\":\"http:\/\/elregionalvm.com.ar\/noticias-villa-maria\/\",\"name\":\"El Regional\",\"description\":\"Mucho m\u00e1s que informaci\u00f3n\",\"potentialAction\":[{\"@type\":\"SearchAction\",\"target\":{\"@type\":\"EntryPoint\",\"urlTemplate\":\"http:\/\/elregionalvm.com.ar\/noticias-villa-maria\/?s={search_term_string}\"},\"query-input\":{\"@type\":\"PropertyValueSpecification\",\"valueRequired\":true,\"valueName\":\"search_term_string\"}}],\"inLanguage\":\"es\"},{\"@type\":\"Person\",\"@id\":\"http:\/\/elregionalvm.com.ar\/noticias-villa-maria\/#\/schema\/person\/a0fb9c422317faca23d50163151bc354\",\"name\":\"Contenidos El Regional\",\"image\":{\"@type\":\"ImageObject\",\"inLanguage\":\"es\",\"@id\":\"http:\/\/elregionalvm.com.ar\/noticias-villa-maria\/#\/schema\/person\/image\/\",\"url\":\"https:\/\/secure.gravatar.com\/avatar\/265b27cb2209af7bb3a1318f03305787d7981a5cc6e6cd08fe5a4ecdf99d4b48?s=96&d=mm&r=g\",\"contentUrl\":\"https:\/\/secure.gravatar.com\/avatar\/265b27cb2209af7bb3a1318f03305787d7981a5cc6e6cd08fe5a4ecdf99d4b48?s=96&d=mm&r=g\",\"caption\":\"Contenidos El Regional\"},\"url\":\"https:\/\/elregionalvm.com.ar\/noticias-villa-maria\/author\/contenido\/\"}]}<\/script>\n<!-- \/ Yoast SEO plugin. -->","yoast_head_json":{"title":"Unifican criterios de protocolos sanitarios independientemente del tipo de variante - El Regional","robots":{"index":"index","follow":"follow","max-snippet":"max-snippet:-1","max-image-preview":"max-image-preview:large","max-video-preview":"max-video-preview:-1"},"canonical":"http:\/\/elregionalvm.com.ar\/noticias-villa-maria\/unifican-criterios-de-protocolos-sanitarios-independientemente-del-tipo-de-variante\/","og_locale":"es_ES","og_type":"article","og_title":"Unifican criterios de protocolos sanitarios independientemente del tipo de variante - El Regional","og_description":"El ministerio de Salud de la provincia actualiz\u00f3 el protocolo de vigilancia Covid 19. Ante la circulaci\u00f3n predominante de la variante Delta, y frente a la presencia de casos de la variante \u00d3micron, se unificaron criterios de manejo de casos y contactos estrechos independientemente del tipo de variante. Definici\u00f3n de caso sospechosoUna persona debe sospechar [&hellip;]","og_url":"http:\/\/elregionalvm.com.ar\/noticias-villa-maria\/unifican-criterios-de-protocolos-sanitarios-independientemente-del-tipo-de-variante\/","og_site_name":"El Regional","article_publisher":"https:\/\/www.facebook.com\/elregionalvm","article_published_time":"2021-12-17T23:12:42+00:00","article_modified_time":"2021-12-17T23:12:43+00:00","og_image":[{"width":995,"height":660,"url":"http:\/\/elregionalvm.com.ar\/noticias-villa-maria\/wp-content\/uploads\/2021\/12\/protocolo-sanitario.jpg","type":"image\/jpeg"}],"author":"Contenidos El Regional","twitter_card":"summary_large_image","twitter_creator":"@elregionalvm1","twitter_site":"@elregionalvm1","twitter_misc":{"Escrito por":"Contenidos El Regional","Tiempo de lectura":"5 minutos"},"schema":{"@context":"https:\/\/schema.org","@graph":[{"@type":"Article","@id":"http:\/\/elregionalvm.com.ar\/noticias-villa-maria\/unifican-criterios-de-protocolos-sanitarios-independientemente-del-tipo-de-variante\/#article","isPartOf":{"@id":"http:\/\/elregionalvm.com.ar\/noticias-villa-maria\/unifican-criterios-de-protocolos-sanitarios-independientemente-del-tipo-de-variante\/"},"author":{"name":"Contenidos El Regional","@id":"http:\/\/elregionalvm.com.ar\/noticias-villa-maria\/#\/schema\/person\/a0fb9c422317faca23d50163151bc354"},"headline":"Unifican criterios de protocolos sanitarios independientemente del tipo de variante","datePublished":"2021-12-17T23:12:42+00:00","dateModified":"2021-12-17T23:12:43+00:00","mainEntityOfPage":{"@id":"http:\/\/elregionalvm.com.ar\/noticias-villa-maria\/unifican-criterios-de-protocolos-sanitarios-independientemente-del-tipo-de-variante\/"},"wordCount":984,"commentCount":0,"image":{"@id":"http:\/\/elregionalvm.com.ar\/noticias-villa-maria\/unifican-criterios-de-protocolos-sanitarios-independientemente-del-tipo-de-variante\/#primaryimage"},"thumbnailUrl":"https:\/\/i0.wp.com\/elregionalvm.com.ar\/noticias-villa-maria\/wp-content\/uploads\/2021\/12\/protocolo-sanitario.jpg?fit=995%2C660&ssl=1","keywords":["destacado","Ministerio de Salud de la Provincia","no importan variantes","protocolo sanitario","unifican criterios"],"articleSection":["Coronavirus"],"inLanguage":"es","potentialAction":[{"@type":"CommentAction","name":"Comment","target":["http:\/\/elregionalvm.com.ar\/noticias-villa-maria\/unifican-criterios-de-protocolos-sanitarios-independientemente-del-tipo-de-variante\/#respond"]}]},{"@type":"WebPage","@id":"http:\/\/elregionalvm.com.ar\/noticias-villa-maria\/unifican-criterios-de-protocolos-sanitarios-independientemente-del-tipo-de-variante\/","url":"http:\/\/elregionalvm.com.ar\/noticias-villa-maria\/unifican-criterios-de-protocolos-sanitarios-independientemente-del-tipo-de-variante\/","name":"Unifican criterios de protocolos sanitarios independientemente del tipo de variante - El Regional","isPartOf":{"@id":"http:\/\/elregionalvm.com.ar\/noticias-villa-maria\/#website"},"primaryImageOfPage":{"@id":"http:\/\/elregionalvm.com.ar\/noticias-villa-maria\/unifican-criterios-de-protocolos-sanitarios-independientemente-del-tipo-de-variante\/#primaryimage"},"image":{"@id":"http:\/\/elregionalvm.com.ar\/noticias-villa-maria\/unifican-criterios-de-protocolos-sanitarios-independientemente-del-tipo-de-variante\/#primaryimage"},"thumbnailUrl":"https:\/\/i0.wp.com\/elregionalvm.com.ar\/noticias-villa-maria\/wp-content\/uploads\/2021\/12\/protocolo-sanitario.jpg?fit=995%2C660&ssl=1","datePublished":"2021-12-17T23:12:42+00:00","dateModified":"2021-12-17T23:12:43+00:00","author":{"@id":"http:\/\/elregionalvm.com.ar\/noticias-villa-maria\/#\/schema\/person\/a0fb9c422317faca23d50163151bc354"},"breadcrumb":{"@id":"http:\/\/elregionalvm.com.ar\/noticias-villa-maria\/unifican-criterios-de-protocolos-sanitarios-independientemente-del-tipo-de-variante\/#breadcrumb"},"inLanguage":"es","potentialAction":[{"@type":"ReadAction","target":["http:\/\/elregionalvm.com.ar\/noticias-villa-maria\/unifican-criterios-de-protocolos-sanitarios-independientemente-del-tipo-de-variante\/"]}]},{"@type":"ImageObject","inLanguage":"es","@id":"http:\/\/elregionalvm.com.ar\/noticias-villa-maria\/unifican-criterios-de-protocolos-sanitarios-independientemente-del-tipo-de-variante\/#primaryimage","url":"https:\/\/i0.wp.com\/elregionalvm.com.ar\/noticias-villa-maria\/wp-content\/uploads\/2021\/12\/protocolo-sanitario.jpg?fit=995%2C660&ssl=1","contentUrl":"https:\/\/i0.wp.com\/elregionalvm.com.ar\/noticias-villa-maria\/wp-content\/uploads\/2021\/12\/protocolo-sanitario.jpg?fit=995%2C660&ssl=1","width":995,"height":660},{"@type":"BreadcrumbList","@id":"http:\/\/elregionalvm.com.ar\/noticias-villa-maria\/unifican-criterios-de-protocolos-sanitarios-independientemente-del-tipo-de-variante\/#breadcrumb","itemListElement":[{"@type":"ListItem","position":1,"name":"Portada","item":"https:\/\/elregionalvm.com.ar\/noticias-villa-maria\/"},{"@type":"ListItem","position":2,"name":"Unifican criterios de protocolos sanitarios independientemente del tipo de variante"}]},{"@type":"WebSite","@id":"http:\/\/elregionalvm.com.ar\/noticias-villa-maria\/#website","url":"http:\/\/elregionalvm.com.ar\/noticias-villa-maria\/","name":"El Regional","description":"Mucho m\u00e1s que informaci\u00f3n","potentialAction":[{"@type":"SearchAction","target":{"@type":"EntryPoint","urlTemplate":"http:\/\/elregionalvm.com.ar\/noticias-villa-maria\/?s={search_term_string}"},"query-input":{"@type":"PropertyValueSpecification","valueRequired":true,"valueName":"search_term_string"}}],"inLanguage":"es"},{"@type":"Person","@id":"http:\/\/elregionalvm.com.ar\/noticias-villa-maria\/#\/schema\/person\/a0fb9c422317faca23d50163151bc354","name":"Contenidos El Regional","image":{"@type":"ImageObject","inLanguage":"es","@id":"http:\/\/elregionalvm.com.ar\/noticias-villa-maria\/#\/schema\/person\/image\/","url":"https:\/\/secure.gravatar.com\/avatar\/265b27cb2209af7bb3a1318f03305787d7981a5cc6e6cd08fe5a4ecdf99d4b48?s=96&d=mm&r=g","contentUrl":"https:\/\/secure.gravatar.com\/avatar\/265b27cb2209af7bb3a1318f03305787d7981a5cc6e6cd08fe5a4ecdf99d4b48?s=96&d=mm&r=g","caption":"Contenidos El Regional"},"url":"https:\/\/elregionalvm.com.ar\/noticias-villa-maria\/author\/contenido\/"}]}},"jetpack_featured_media_url":"https:\/\/i0.wp.com\/elregionalvm.com.ar\/noticias-villa-maria\/wp-content\/uploads\/2021\/12\/protocolo-sanitario.jpg?fit=995%2C660&ssl=1","jetpack_sharing_enabled":true,"_links":{"self":[{"href":"https:\/\/elregionalvm.com.ar\/noticias-villa-maria\/wp-json\/wp\/v2\/posts\/49836","targetHints":{"allow":["GET"]}}],"collection":[{"href":"https:\/\/elregionalvm.com.ar\/noticias-villa-maria\/wp-json\/wp\/v2\/posts"}],"about":[{"href":"https:\/\/elregionalvm.com.ar\/noticias-villa-maria\/wp-json\/wp\/v2\/types\/post"}],"author":[{"embeddable":true,"href":"https:\/\/elregionalvm.com.ar\/noticias-villa-maria\/wp-json\/wp\/v2\/users\/4"}],"replies":[{"embeddable":true,"href":"https:\/\/elregionalvm.com.ar\/noticias-villa-maria\/wp-json\/wp\/v2\/comments?post=49836"}],"version-history":[{"count":1,"href":"https:\/\/elregionalvm.com.ar\/noticias-villa-maria\/wp-json\/wp\/v2\/posts\/49836\/revisions"}],"predecessor-version":[{"id":49838,"href":"https:\/\/elregionalvm.com.ar\/noticias-villa-maria\/wp-json\/wp\/v2\/posts\/49836\/revisions\/49838"}],"wp:featuredmedia":[{"embeddable":true,"href":"https:\/\/elregionalvm.com.ar\/noticias-villa-maria\/wp-json\/wp\/v2\/media\/49837"}],"wp:attachment":[{"href":"https:\/\/elregionalvm.com.ar\/noticias-villa-maria\/wp-json\/wp\/v2\/media?parent=49836"}],"wp:term":[{"taxonomy":"category","embeddable":true,"href":"https:\/\/elregionalvm.com.ar\/noticias-villa-maria\/wp-json\/wp\/v2\/categories?post=49836"},{"taxonomy":"post_tag","embeddable":true,"href":"https:\/\/elregionalvm.com.ar\/noticias-villa-maria\/wp-json\/wp\/v2\/tags?post=49836"}],"curies":[{"name":"wp","href":"https:\/\/api.w.org\/{rel}","templated":true}]}}