{"id":49878,"date":"2021-12-19T15:24:16","date_gmt":"2021-12-19T15:24:16","guid":{"rendered":"https:\/\/elregionalvm.com.ar\/noticias-villa-maria\/?p=49878"},"modified":"2021-12-21T02:25:59","modified_gmt":"2021-12-21T02:25:59","slug":"musica-e-historia-la-conquista-del-desierto","status":"publish","type":"post","link":"https:\/\/elregionalvm.com.ar\/noticias-villa-maria\/musica-e-historia-la-conquista-del-desierto\/","title":{"rendered":"[M\u00fasica e Historia] \u201cLa Conquista del Desierto\u201d (VIDEO)"},"content":{"rendered":"\n<p><\/p>\n\n\n\n<p><em>\u201cY pa mejor de la fiesta,<\/em><\/p>\n\n\n\n<p><em>en esa aflici\u00f3n tan suma,<\/em><\/p>\n\n\n\n<p><em>vino un indio echando espuma<\/em><\/p>\n\n\n\n<p><em>y con la lanza en la mano<\/em><\/p>\n\n\n\n<p><em>gritando: \u201cAcabau, cristiano,<\/em><\/p>\n\n\n\n<p><em>metau el lanza hasta la pluma\u201d.<\/em><\/p>\n\n\n\n<p><em>(Mart\u00edn Fierro)<\/em><\/p>\n\n\n\n<p><\/p>\n\n\n\n<p><strong>Escribe: Leo Mu\u00f1oz<\/strong><\/p>\n\n\n\n<p><\/p>\n\n\n\n<p><strong>1516 y 1527<\/strong><\/p>\n\n\n\n<p>Era enero de 1516, el navegante Juan D\u00edaz de Sol\u00eds al servicio de la corona espa\u00f1ola, llegaba al R\u00edo de la Plata, al que bautiz\u00f3 Mar Dulce. En la actual isla de Mart\u00edn Garc\u00eda desembarc\u00f3 para enterrar al despensero que le dio su nombre.<\/p>\n\n\n\n<p>El 2 de febrero descendi\u00f3 en la costa oriental o en alguna isla inmediata, muriendo atacado por los charr\u00faas. Diez a\u00f1os despu\u00e9s llegar\u00eda el navegante Sebasti\u00e1n Caboto, el 9 de junio de 1527 fund\u00f3 el primer asentamiento en tierra argentina, el fuerte Sancti Spiritu, en la desembocadura del R\u00edo Carcara\u00f1\u00e1 (hoy Puerto Gaboto, Santa Fe).<\/p>\n\n\n\n<p>Los timb\u00faes, carcar\u00e1es y guaran\u00edes, pronto terminaron con el emplazamiento. Precisamente desde all\u00ed, en 1528, se desprendi\u00f3 la expedici\u00f3n de Francisco C\u00e9sar, que remontara el Carcara\u00f1\u00e1 y el Ctalamochita, siendo la primera llegada de europeos a tierras de Villa Mar\u00eda y Villa Nueva, habitada entonces por peque\u00f1os n\u00facleos de ind\u00edgenas.<\/p>\n\n\n\n<p><\/p>\n\n\n\n<figure class=\"wp-block-image size-full\"><img data-recalc-dims=\"1\" fetchpriority=\"high\" decoding=\"async\" width=\"1024\" height=\"680\" src=\"https:\/\/i0.wp.com\/elregionalvm.com.ar\/noticias-villa-maria\/wp-content\/uploads\/2021\/12\/Arqueologia.jpg?resize=1024%2C680&#038;ssl=1\" alt=\"\" class=\"wp-image-49908\" srcset=\"https:\/\/i0.wp.com\/elregionalvm.com.ar\/noticias-villa-maria\/wp-content\/uploads\/2021\/12\/Arqueologia.jpg?w=1024&amp;ssl=1 1024w, https:\/\/i0.wp.com\/elregionalvm.com.ar\/noticias-villa-maria\/wp-content\/uploads\/2021\/12\/Arqueologia.jpg?resize=300%2C199&amp;ssl=1 300w, https:\/\/i0.wp.com\/elregionalvm.com.ar\/noticias-villa-maria\/wp-content\/uploads\/2021\/12\/Arqueologia.jpg?resize=768%2C510&amp;ssl=1 768w\" sizes=\"(max-width: 1000px) 100vw, 1000px\" \/><figcaption><em>Trabajo arqueol\u00f3gico en Sancti Spiritu, Santa Fe. <\/em><\/figcaption><\/figure>\n\n\n\n<p><\/p>\n\n\n\n<p><strong>400 a\u00f1os de Guerra<\/strong><\/p>\n\n\n\n<p>La renombrada y mal conocida \u201cCampa\u00f1a o Conquista del Desierto\u201d de 1879 fue parte de una larga serie de acciones militares de los gobiernos patrios, que sucedieron a la actividad de la corona espa\u00f1ola en estas tierras.<\/p>\n\n\n\n<p>Algunas personas tambi\u00e9n saben que hubo otra campa\u00f1a en 1833, en la que una de las columnas estuvo al mando de Juan Manuel de Rosas. Sin embargo, ya cuatro campa\u00f1as se hab\u00edan sucedido antes en Buenos Aires entre 1820 y 1827, y otras tanto en Mendoza entre 1828 y 1832.<\/p>\n\n\n\n<p>Otras trece campa\u00f1as se sucedieron a las mencionadas, mientras en 1878 y 1879 una decena de breves campa\u00f1as prepararon la de Roca de 1879. Otras doce campa\u00f1as siguieron hasta 1911.<\/p>\n\n\n\n<p>La ferocidad de la lucha fue constante, los malones hac\u00edan estragos en la frontera, la guerra ofensiva sobre los pueblos originarios finalizar\u00eda con esto. En Fort\u00edn Yunk\u00e1 (Formosa) ocurri\u00f3 el \u00faltimo ataque indio, los pilag\u00e1s acabaron con los gendarmes y sus familias el 19 de marzo de 1919, salv\u00e1ndose apenas dos ni\u00f1os de corta edad.<\/p>\n\n\n\n<p><\/p>\n\n\n\n<p><\/p>\n\n\n\n<figure class=\"wp-block-image size-full\"><img data-recalc-dims=\"1\" decoding=\"async\" src=\"https:\/\/i0.wp.com\/elregionalvm.com.ar\/noticias-villa-maria\/wp-content\/uploads\/2021\/12\/Malon-1.jpg?ssl=1\" alt=\"\" class=\"wp-image-49909\"\/><figcaption><em>Los malones eran parte del paisaje de la pampa argentina. <\/em><\/figcaption><\/figure>\n\n\n\n<p><\/p>\n\n\n\n<p><strong>Frontera, Desierto, Indios<\/strong><\/p>\n\n\n\n<p>Frontera es la franja de tierra inmediata a un l\u00edmite, donde los vecinos est\u00e1n en contacto, para bien y para mal. En el Siglo XIX, era llamada as\u00ed la zona de la l\u00ednea de fortines, tanto al sur de la regi\u00f3n pampeana como en el Chaco.<\/p>\n\n\n\n<p>El desierto era todo lo que estaba m\u00e1s all\u00e1, al sur de la l\u00ednea defensiva pampeana; esto no significaba que no hubiera pueblos originarios asentados o en regular movimiento, de hecho, las \u201ctraves\u00edas\u201d y desiertos eran parte tambi\u00e9n de las catorce provincias del tiempo de la actividad de los ministros de Guerra V. Alsina y J. A. Roca.&nbsp;&nbsp;<\/p>\n\n\n\n<p>El t\u00e9rmino \u201cindio\u201d tiene relaci\u00f3n con el error inicial de Col\u00f3n quien crey\u00f3 llegar a tierras asi\u00e1ticas en 1492, posteriormente se us\u00f3 el t\u00e9rmino de Indias Occidentales para hablar de tierras americanas.<\/p>\n\n\n\n<p><\/p>\n\n\n\n<figure class=\"wp-block-embed is-type-video is-provider-youtube wp-block-embed-youtube wp-embed-aspect-4-3 wp-has-aspect-ratio\"><div class=\"wp-block-embed__wrapper\">\n<iframe title=\"Pr\u00f3logo \/ La Conquista del Desierto\" width=\"500\" height=\"375\" src=\"https:\/\/www.youtube.com\/embed\/-b5w-4jA-wM?feature=oembed\" frameborder=\"0\" allow=\"accelerometer; autoplay; clipboard-write; encrypted-media; gyroscope; picture-in-picture; web-share\" referrerpolicy=\"strict-origin-when-cross-origin\" allowfullscreen><\/iframe>\n<\/div><figcaption><em>Pr\u00f3logo de la obra de Di Fulvio.<\/em><\/figcaption><\/figure>\n\n\n\n<p><\/p>\n\n\n\n<p>Carlos Di Fulvio escribe su obra musical \u201cConquista del Desierto\u201d present\u00e1ndola en 1970, recorriendo con sus versos la llamada \u201cGuerra de Frontera\u201d del Siglo XIX, recuperando la figura de los actores de la epopeya, los pueblos originarios, el blanco, el negro, algunos grandes nombres del enfrentamiento, as\u00ed como condiciones y realidades del conflicto que dur\u00f3 cuatro siglos.<\/p>\n\n\n\n<p>Hoy, 2021, la herencia y consecuencias de la \u201cguerra de frontera\u201d no han cesado en Argentina.<\/p>\n\n\n\n<p>\u00a0<\/p>\n\n\n\n<figure class=\"wp-block-gallery columns-2 is-cropped wp-block-gallery-1 is-layout-flex wp-block-gallery-is-layout-flex\"><ul class=\"blocks-gallery-grid\"><li class=\"blocks-gallery-item\"><figure><img data-recalc-dims=\"1\" decoding=\"async\" width=\"640\" height=\"640\" src=\"https:\/\/i0.wp.com\/elregionalvm.com.ar\/noticias-villa-maria\/wp-content\/uploads\/2021\/12\/LP-Di-Fulvio1.jpg?resize=640%2C640&#038;ssl=1\" alt=\"\" data-id=\"49910\" data-full-url=\"https:\/\/elregionalvm.com.ar\/noticias-villa-maria\/wp-content\/uploads\/2021\/12\/LP-Di-Fulvio1.jpg\" data-link=\"https:\/\/elregionalvm.com.ar\/noticias-villa-maria\/?attachment_id=49910\" class=\"wp-image-49910\" srcset=\"https:\/\/i0.wp.com\/elregionalvm.com.ar\/noticias-villa-maria\/wp-content\/uploads\/2021\/12\/LP-Di-Fulvio1.jpg?w=640&amp;ssl=1 640w, https:\/\/i0.wp.com\/elregionalvm.com.ar\/noticias-villa-maria\/wp-content\/uploads\/2021\/12\/LP-Di-Fulvio1.jpg?resize=300%2C300&amp;ssl=1 300w\" sizes=\"(max-width: 640px) 100vw, 640px\" \/><\/figure><\/li><li class=\"blocks-gallery-item\"><figure><img data-recalc-dims=\"1\" decoding=\"async\" width=\"450\" height=\"450\" src=\"https:\/\/i0.wp.com\/elregionalvm.com.ar\/noticias-villa-maria\/wp-content\/uploads\/2021\/12\/LP-Di-Fulvio2.jpg?resize=450%2C450&#038;ssl=1\" alt=\"\" data-id=\"49911\" data-full-url=\"https:\/\/elregionalvm.com.ar\/noticias-villa-maria\/wp-content\/uploads\/2021\/12\/LP-Di-Fulvio2.jpg\" data-link=\"https:\/\/elregionalvm.com.ar\/noticias-villa-maria\/?attachment_id=49911\" class=\"wp-image-49911\" srcset=\"https:\/\/i0.wp.com\/elregionalvm.com.ar\/noticias-villa-maria\/wp-content\/uploads\/2021\/12\/LP-Di-Fulvio2.jpg?w=450&amp;ssl=1 450w, https:\/\/i0.wp.com\/elregionalvm.com.ar\/noticias-villa-maria\/wp-content\/uploads\/2021\/12\/LP-Di-Fulvio2.jpg?resize=300%2C300&amp;ssl=1 300w\" sizes=\"(max-width: 450px) 100vw, 450px\" \/><\/figure><\/li><\/ul><\/figure>\n\n\n\n<p><\/p>\n\n\n\n<p><strong><em>\u201cLa Conquista del Desierto. Gran Epopeya Argentina\u201d (contenido)<\/em><\/strong><\/p>\n\n\n\n<ol class=\"wp-block-list\" type=\"1\"><li>Pr\u00f3logo \/ La Conquista del Desierto<\/li><li>Carne de Ca\u00f1\u00f3n<\/li><li>Rumbo al Colorado<\/li><li>El Imperio de Piedra \/ Pasa el Mal\u00f3n<\/li><li>Francisquita Adaro<\/li><li>Tierra Ranquelina<\/li><li>El Combate de San Carlos \/ La Muerte de Calfucur\u00e1<\/li><li>All\u00e1 va el Toro Villegas<\/li><li>El Triunfo del Alambre<\/li><li>Soldado Frontera \/ Final de la Epopeya<\/li><\/ol>\n","protected":false},"excerpt":{"rendered":"<p>\u201cY pa mejor de la fiesta, en esa aflici\u00f3n tan suma, vino un indio echando espuma y con la lanza en la mano gritando: \u201cAcabau, cristiano, metau el lanza hasta la pluma\u201d. (Mart\u00edn Fierro) Escribe: Leo Mu\u00f1oz 1516 y 1527 Era enero de 1516, el navegante Juan D\u00edaz de Sol\u00eds al servicio de la corona [&hellip;]<\/p>\n","protected":false},"author":4,"featured_media":49905,"comment_status":"open","ping_status":"open","sticky":false,"template":"","format":"standard","meta":{"site-sidebar-layout":"default","site-content-layout":"default","ast-site-content-layout":"default","site-content-style":"default","site-sidebar-style":"default","ast-global-header-display":"","ast-banner-title-visibility":"","ast-main-header-display":"","ast-hfb-above-header-display":"","ast-hfb-below-header-display":"","ast-hfb-mobile-header-display":"","site-post-title":"","ast-breadcrumbs-content":"","ast-featured-img":"","footer-sml-layout":"","ast-disable-related-posts":"","theme-transparent-header-meta":"default","adv-header-id-meta":"","stick-header-meta":"","header-above-stick-meta":"","header-main-stick-meta":"","header-below-stick-meta":"","astra-migrate-meta-layouts":"default","ast-page-background-enabled":"default","ast-page-background-meta":{"desktop":{"background-color":"","background-image":"","background-repeat":"repeat","background-position":"center center","background-size":"auto","background-attachment":"scroll","background-type":"","background-media":"","overlay-type":"","overlay-color":"","overlay-opacity":"","overlay-gradient":""},"tablet":{"background-color":"","background-image":"","background-repeat":"repeat","background-position":"center center","background-size":"auto","background-attachment":"scroll","background-type":"","background-media":"","overlay-type":"","overlay-color":"","overlay-opacity":"","overlay-gradient":""},"mobile":{"background-color":"","background-image":"","background-repeat":"repeat","background-position":"center center","background-size":"auto","background-attachment":"scroll","background-type":"","background-media":"","overlay-type":"","overlay-color":"","overlay-opacity":"","overlay-gradient":""}},"ast-content-background-meta":{"desktop":{"background-color":"var(--ast-global-color-5)","background-image":"","background-repeat":"repeat","background-position":"center center","background-size":"auto","background-attachment":"scroll","background-type":"","background-media":"","overlay-type":"","overlay-color":"","overlay-opacity":"","overlay-gradient":""},"tablet":{"background-color":"var(--ast-global-color-5)","background-image":"","background-repeat":"repeat","background-position":"center center","background-size":"auto","background-attachment":"scroll","background-type":"","background-media":"","overlay-type":"","overlay-color":"","overlay-opacity":"","overlay-gradient":""},"mobile":{"background-color":"var(--ast-global-color-5)","background-image":"","background-repeat":"repeat","background-position":"center center","background-size":"auto","background-attachment":"scroll","background-type":"","background-media":"","overlay-type":"","overlay-color":"","overlay-opacity":"","overlay-gradient":""}},"_jetpack_memberships_contains_paid_content":false,"_joinchat":[],"footnotes":""},"categories":[2098,3557,2074],"tags":[7803,12878,6604,6814,6597,12368,2244,8096],"class_list":["post-49878","post","type-post","status-publish","format-standard","has-post-thumbnail","hentry","category-historias","category-tercera","category-videos","tag-carlos-di-fulvio","tag-conquista-del-desierto","tag-frontera","tag-indios","tag-julio-argentino-roca","tag-martin-fierro","tag-musica-e-historia","tag-pueblos-originarios"],"yoast_head":"<!-- This site is optimized with the Yoast SEO plugin v26.8 - https:\/\/yoast.com\/product\/yoast-seo-wordpress\/ -->\n<title>[M\u00fasica e Historia] \u201cLa Conquista del Desierto\u201d (VIDEO) - El Regional<\/title>\n<meta name=\"description\" content=\"Carlos Di Fulvio escribe su obra \u201cConquista del Desierto\u201d present\u00e1ndola en 1970, recorriendo con sus versos la llamada Guerra de Frontera.\" \/>\n<meta name=\"robots\" content=\"index, follow, max-snippet:-1, max-image-preview:large, max-video-preview:-1\" \/>\n<link rel=\"canonical\" href=\"http:\/\/elregionalvm.com.ar\/noticias-villa-maria\/musica-e-historia-la-conquista-del-desierto\/\" \/>\n<meta property=\"og:locale\" content=\"es_ES\" \/>\n<meta property=\"og:type\" content=\"article\" \/>\n<meta property=\"og:title\" content=\"[M\u00fasica e Historia] \u201cLa Conquista del Desierto\u201d (VIDEO) - El Regional\" \/>\n<meta property=\"og:description\" content=\"Carlos Di Fulvio escribe su obra \u201cConquista del Desierto\u201d present\u00e1ndola en 1970, recorriendo con sus versos la llamada Guerra de Frontera.\" \/>\n<meta property=\"og:url\" content=\"http:\/\/elregionalvm.com.ar\/noticias-villa-maria\/musica-e-historia-la-conquista-del-desierto\/\" \/>\n<meta property=\"og:site_name\" content=\"El Regional\" \/>\n<meta property=\"article:publisher\" content=\"https:\/\/www.facebook.com\/elregionalvm\" \/>\n<meta property=\"article:published_time\" content=\"2021-12-19T15:24:16+00:00\" \/>\n<meta property=\"article:modified_time\" content=\"2021-12-21T02:25:59+00:00\" \/>\n<meta property=\"og:image\" content=\"http:\/\/elregionalvm.com.ar\/noticias-villa-maria\/wp-content\/uploads\/2021\/12\/Soldados.jpg\" \/>\n\t<meta property=\"og:image:width\" content=\"1920\" \/>\n\t<meta property=\"og:image:height\" content=\"1080\" \/>\n\t<meta property=\"og:image:type\" content=\"image\/jpeg\" \/>\n<meta name=\"author\" content=\"Contenidos El Regional\" \/>\n<meta name=\"twitter:card\" content=\"summary_large_image\" \/>\n<meta name=\"twitter:creator\" content=\"@elregionalvm1\" \/>\n<meta name=\"twitter:site\" content=\"@elregionalvm1\" \/>\n<meta name=\"twitter:label1\" content=\"Escrito por\" \/>\n\t<meta name=\"twitter:data1\" content=\"Contenidos El Regional\" \/>\n\t<meta name=\"twitter:label2\" content=\"Tiempo de lectura\" \/>\n\t<meta name=\"twitter:data2\" content=\"4 minutos\" \/>\n<script type=\"application\/ld+json\" class=\"yoast-schema-graph\">{\"@context\":\"https:\/\/schema.org\",\"@graph\":[{\"@type\":\"Article\",\"@id\":\"http:\/\/elregionalvm.com.ar\/noticias-villa-maria\/musica-e-historia-la-conquista-del-desierto\/#article\",\"isPartOf\":{\"@id\":\"http:\/\/elregionalvm.com.ar\/noticias-villa-maria\/musica-e-historia-la-conquista-del-desierto\/\"},\"author\":{\"name\":\"Contenidos El Regional\",\"@id\":\"http:\/\/elregionalvm.com.ar\/noticias-villa-maria\/#\/schema\/person\/a0fb9c422317faca23d50163151bc354\"},\"headline\":\"[M\u00fasica e Historia] \u201cLa Conquista del Desierto\u201d (VIDEO)\",\"datePublished\":\"2021-12-19T15:24:16+00:00\",\"dateModified\":\"2021-12-21T02:25:59+00:00\",\"mainEntityOfPage\":{\"@id\":\"http:\/\/elregionalvm.com.ar\/noticias-villa-maria\/musica-e-historia-la-conquista-del-desierto\/\"},\"wordCount\":708,\"commentCount\":0,\"image\":{\"@id\":\"http:\/\/elregionalvm.com.ar\/noticias-villa-maria\/musica-e-historia-la-conquista-del-desierto\/#primaryimage\"},\"thumbnailUrl\":\"https:\/\/i0.wp.com\/elregionalvm.com.ar\/noticias-villa-maria\/wp-content\/uploads\/2021\/12\/Soldados.jpg?fit=1920%2C1080&ssl=1\",\"keywords\":[\"Carlos Di Fulvio\",\"Conquista del Desierto\",\"Frontera\",\"Indios\",\"Julio Argentino Roca\",\"Mart\u00edn Fierro\",\"M\u00fasica e Historia\",\"pueblos originarios\"],\"articleSection\":[\"Historias\",\"tercera\",\"Videos\"],\"inLanguage\":\"es\",\"potentialAction\":[{\"@type\":\"CommentAction\",\"name\":\"Comment\",\"target\":[\"http:\/\/elregionalvm.com.ar\/noticias-villa-maria\/musica-e-historia-la-conquista-del-desierto\/#respond\"]}]},{\"@type\":\"WebPage\",\"@id\":\"http:\/\/elregionalvm.com.ar\/noticias-villa-maria\/musica-e-historia-la-conquista-del-desierto\/\",\"url\":\"http:\/\/elregionalvm.com.ar\/noticias-villa-maria\/musica-e-historia-la-conquista-del-desierto\/\",\"name\":\"[M\u00fasica e Historia] \u201cLa Conquista del Desierto\u201d (VIDEO) - El Regional\",\"isPartOf\":{\"@id\":\"http:\/\/elregionalvm.com.ar\/noticias-villa-maria\/#website\"},\"primaryImageOfPage\":{\"@id\":\"http:\/\/elregionalvm.com.ar\/noticias-villa-maria\/musica-e-historia-la-conquista-del-desierto\/#primaryimage\"},\"image\":{\"@id\":\"http:\/\/elregionalvm.com.ar\/noticias-villa-maria\/musica-e-historia-la-conquista-del-desierto\/#primaryimage\"},\"thumbnailUrl\":\"https:\/\/i0.wp.com\/elregionalvm.com.ar\/noticias-villa-maria\/wp-content\/uploads\/2021\/12\/Soldados.jpg?fit=1920%2C1080&ssl=1\",\"datePublished\":\"2021-12-19T15:24:16+00:00\",\"dateModified\":\"2021-12-21T02:25:59+00:00\",\"author\":{\"@id\":\"http:\/\/elregionalvm.com.ar\/noticias-villa-maria\/#\/schema\/person\/a0fb9c422317faca23d50163151bc354\"},\"description\":\"Carlos Di Fulvio escribe su obra \u201cConquista del Desierto\u201d present\u00e1ndola en 1970, recorriendo con sus versos la llamada Guerra de Frontera.\",\"breadcrumb\":{\"@id\":\"http:\/\/elregionalvm.com.ar\/noticias-villa-maria\/musica-e-historia-la-conquista-del-desierto\/#breadcrumb\"},\"inLanguage\":\"es\",\"potentialAction\":[{\"@type\":\"ReadAction\",\"target\":[\"http:\/\/elregionalvm.com.ar\/noticias-villa-maria\/musica-e-historia-la-conquista-del-desierto\/\"]}]},{\"@type\":\"ImageObject\",\"inLanguage\":\"es\",\"@id\":\"http:\/\/elregionalvm.com.ar\/noticias-villa-maria\/musica-e-historia-la-conquista-del-desierto\/#primaryimage\",\"url\":\"https:\/\/i0.wp.com\/elregionalvm.com.ar\/noticias-villa-maria\/wp-content\/uploads\/2021\/12\/Soldados.jpg?fit=1920%2C1080&ssl=1\",\"contentUrl\":\"https:\/\/i0.wp.com\/elregionalvm.com.ar\/noticias-villa-maria\/wp-content\/uploads\/2021\/12\/Soldados.jpg?fit=1920%2C1080&ssl=1\",\"width\":1920,\"height\":1080},{\"@type\":\"BreadcrumbList\",\"@id\":\"http:\/\/elregionalvm.com.ar\/noticias-villa-maria\/musica-e-historia-la-conquista-del-desierto\/#breadcrumb\",\"itemListElement\":[{\"@type\":\"ListItem\",\"position\":1,\"name\":\"Portada\",\"item\":\"https:\/\/elregionalvm.com.ar\/noticias-villa-maria\/\"},{\"@type\":\"ListItem\",\"position\":2,\"name\":\"[M\u00fasica e Historia] \u201cLa Conquista del Desierto\u201d (VIDEO)\"}]},{\"@type\":\"WebSite\",\"@id\":\"http:\/\/elregionalvm.com.ar\/noticias-villa-maria\/#website\",\"url\":\"http:\/\/elregionalvm.com.ar\/noticias-villa-maria\/\",\"name\":\"El Regional\",\"description\":\"Mucho m\u00e1s que informaci\u00f3n\",\"potentialAction\":[{\"@type\":\"SearchAction\",\"target\":{\"@type\":\"EntryPoint\",\"urlTemplate\":\"http:\/\/elregionalvm.com.ar\/noticias-villa-maria\/?s={search_term_string}\"},\"query-input\":{\"@type\":\"PropertyValueSpecification\",\"valueRequired\":true,\"valueName\":\"search_term_string\"}}],\"inLanguage\":\"es\"},{\"@type\":\"Person\",\"@id\":\"http:\/\/elregionalvm.com.ar\/noticias-villa-maria\/#\/schema\/person\/a0fb9c422317faca23d50163151bc354\",\"name\":\"Contenidos El Regional\",\"image\":{\"@type\":\"ImageObject\",\"inLanguage\":\"es\",\"@id\":\"http:\/\/elregionalvm.com.ar\/noticias-villa-maria\/#\/schema\/person\/image\/\",\"url\":\"https:\/\/secure.gravatar.com\/avatar\/265b27cb2209af7bb3a1318f03305787d7981a5cc6e6cd08fe5a4ecdf99d4b48?s=96&d=mm&r=g\",\"contentUrl\":\"https:\/\/secure.gravatar.com\/avatar\/265b27cb2209af7bb3a1318f03305787d7981a5cc6e6cd08fe5a4ecdf99d4b48?s=96&d=mm&r=g\",\"caption\":\"Contenidos El Regional\"},\"url\":\"https:\/\/elregionalvm.com.ar\/noticias-villa-maria\/author\/contenido\/\"}]}<\/script>\n<!-- \/ Yoast SEO plugin. -->","yoast_head_json":{"title":"[M\u00fasica e Historia] \u201cLa Conquista del Desierto\u201d (VIDEO) - El Regional","description":"Carlos Di Fulvio escribe su obra \u201cConquista del Desierto\u201d present\u00e1ndola en 1970, recorriendo con sus versos la llamada Guerra de Frontera.","robots":{"index":"index","follow":"follow","max-snippet":"max-snippet:-1","max-image-preview":"max-image-preview:large","max-video-preview":"max-video-preview:-1"},"canonical":"http:\/\/elregionalvm.com.ar\/noticias-villa-maria\/musica-e-historia-la-conquista-del-desierto\/","og_locale":"es_ES","og_type":"article","og_title":"[M\u00fasica e Historia] \u201cLa Conquista del Desierto\u201d (VIDEO) - El Regional","og_description":"Carlos Di Fulvio escribe su obra \u201cConquista del Desierto\u201d present\u00e1ndola en 1970, recorriendo con sus versos la llamada Guerra de Frontera.","og_url":"http:\/\/elregionalvm.com.ar\/noticias-villa-maria\/musica-e-historia-la-conquista-del-desierto\/","og_site_name":"El Regional","article_publisher":"https:\/\/www.facebook.com\/elregionalvm","article_published_time":"2021-12-19T15:24:16+00:00","article_modified_time":"2021-12-21T02:25:59+00:00","og_image":[{"width":1920,"height":1080,"url":"http:\/\/elregionalvm.com.ar\/noticias-villa-maria\/wp-content\/uploads\/2021\/12\/Soldados.jpg","type":"image\/jpeg"}],"author":"Contenidos El Regional","twitter_card":"summary_large_image","twitter_creator":"@elregionalvm1","twitter_site":"@elregionalvm1","twitter_misc":{"Escrito por":"Contenidos El Regional","Tiempo de lectura":"4 minutos"},"schema":{"@context":"https:\/\/schema.org","@graph":[{"@type":"Article","@id":"http:\/\/elregionalvm.com.ar\/noticias-villa-maria\/musica-e-historia-la-conquista-del-desierto\/#article","isPartOf":{"@id":"http:\/\/elregionalvm.com.ar\/noticias-villa-maria\/musica-e-historia-la-conquista-del-desierto\/"},"author":{"name":"Contenidos El Regional","@id":"http:\/\/elregionalvm.com.ar\/noticias-villa-maria\/#\/schema\/person\/a0fb9c422317faca23d50163151bc354"},"headline":"[M\u00fasica e Historia] \u201cLa Conquista del Desierto\u201d (VIDEO)","datePublished":"2021-12-19T15:24:16+00:00","dateModified":"2021-12-21T02:25:59+00:00","mainEntityOfPage":{"@id":"http:\/\/elregionalvm.com.ar\/noticias-villa-maria\/musica-e-historia-la-conquista-del-desierto\/"},"wordCount":708,"commentCount":0,"image":{"@id":"http:\/\/elregionalvm.com.ar\/noticias-villa-maria\/musica-e-historia-la-conquista-del-desierto\/#primaryimage"},"thumbnailUrl":"https:\/\/i0.wp.com\/elregionalvm.com.ar\/noticias-villa-maria\/wp-content\/uploads\/2021\/12\/Soldados.jpg?fit=1920%2C1080&ssl=1","keywords":["Carlos Di Fulvio","Conquista del Desierto","Frontera","Indios","Julio Argentino Roca","Mart\u00edn Fierro","M\u00fasica e Historia","pueblos originarios"],"articleSection":["Historias","tercera","Videos"],"inLanguage":"es","potentialAction":[{"@type":"CommentAction","name":"Comment","target":["http:\/\/elregionalvm.com.ar\/noticias-villa-maria\/musica-e-historia-la-conquista-del-desierto\/#respond"]}]},{"@type":"WebPage","@id":"http:\/\/elregionalvm.com.ar\/noticias-villa-maria\/musica-e-historia-la-conquista-del-desierto\/","url":"http:\/\/elregionalvm.com.ar\/noticias-villa-maria\/musica-e-historia-la-conquista-del-desierto\/","name":"[M\u00fasica e Historia] \u201cLa Conquista del Desierto\u201d (VIDEO) - El Regional","isPartOf":{"@id":"http:\/\/elregionalvm.com.ar\/noticias-villa-maria\/#website"},"primaryImageOfPage":{"@id":"http:\/\/elregionalvm.com.ar\/noticias-villa-maria\/musica-e-historia-la-conquista-del-desierto\/#primaryimage"},"image":{"@id":"http:\/\/elregionalvm.com.ar\/noticias-villa-maria\/musica-e-historia-la-conquista-del-desierto\/#primaryimage"},"thumbnailUrl":"https:\/\/i0.wp.com\/elregionalvm.com.ar\/noticias-villa-maria\/wp-content\/uploads\/2021\/12\/Soldados.jpg?fit=1920%2C1080&ssl=1","datePublished":"2021-12-19T15:24:16+00:00","dateModified":"2021-12-21T02:25:59+00:00","author":{"@id":"http:\/\/elregionalvm.com.ar\/noticias-villa-maria\/#\/schema\/person\/a0fb9c422317faca23d50163151bc354"},"description":"Carlos Di Fulvio escribe su obra \u201cConquista del Desierto\u201d present\u00e1ndola en 1970, recorriendo con sus versos la llamada Guerra de Frontera.","breadcrumb":{"@id":"http:\/\/elregionalvm.com.ar\/noticias-villa-maria\/musica-e-historia-la-conquista-del-desierto\/#breadcrumb"},"inLanguage":"es","potentialAction":[{"@type":"ReadAction","target":["http:\/\/elregionalvm.com.ar\/noticias-villa-maria\/musica-e-historia-la-conquista-del-desierto\/"]}]},{"@type":"ImageObject","inLanguage":"es","@id":"http:\/\/elregionalvm.com.ar\/noticias-villa-maria\/musica-e-historia-la-conquista-del-desierto\/#primaryimage","url":"https:\/\/i0.wp.com\/elregionalvm.com.ar\/noticias-villa-maria\/wp-content\/uploads\/2021\/12\/Soldados.jpg?fit=1920%2C1080&ssl=1","contentUrl":"https:\/\/i0.wp.com\/elregionalvm.com.ar\/noticias-villa-maria\/wp-content\/uploads\/2021\/12\/Soldados.jpg?fit=1920%2C1080&ssl=1","width":1920,"height":1080},{"@type":"BreadcrumbList","@id":"http:\/\/elregionalvm.com.ar\/noticias-villa-maria\/musica-e-historia-la-conquista-del-desierto\/#breadcrumb","itemListElement":[{"@type":"ListItem","position":1,"name":"Portada","item":"https:\/\/elregionalvm.com.ar\/noticias-villa-maria\/"},{"@type":"ListItem","position":2,"name":"[M\u00fasica e Historia] \u201cLa Conquista del Desierto\u201d (VIDEO)"}]},{"@type":"WebSite","@id":"http:\/\/elregionalvm.com.ar\/noticias-villa-maria\/#website","url":"http:\/\/elregionalvm.com.ar\/noticias-villa-maria\/","name":"El Regional","description":"Mucho m\u00e1s que informaci\u00f3n","potentialAction":[{"@type":"SearchAction","target":{"@type":"EntryPoint","urlTemplate":"http:\/\/elregionalvm.com.ar\/noticias-villa-maria\/?s={search_term_string}"},"query-input":{"@type":"PropertyValueSpecification","valueRequired":true,"valueName":"search_term_string"}}],"inLanguage":"es"},{"@type":"Person","@id":"http:\/\/elregionalvm.com.ar\/noticias-villa-maria\/#\/schema\/person\/a0fb9c422317faca23d50163151bc354","name":"Contenidos El Regional","image":{"@type":"ImageObject","inLanguage":"es","@id":"http:\/\/elregionalvm.com.ar\/noticias-villa-maria\/#\/schema\/person\/image\/","url":"https:\/\/secure.gravatar.com\/avatar\/265b27cb2209af7bb3a1318f03305787d7981a5cc6e6cd08fe5a4ecdf99d4b48?s=96&d=mm&r=g","contentUrl":"https:\/\/secure.gravatar.com\/avatar\/265b27cb2209af7bb3a1318f03305787d7981a5cc6e6cd08fe5a4ecdf99d4b48?s=96&d=mm&r=g","caption":"Contenidos El Regional"},"url":"https:\/\/elregionalvm.com.ar\/noticias-villa-maria\/author\/contenido\/"}]}},"jetpack_featured_media_url":"https:\/\/i0.wp.com\/elregionalvm.com.ar\/noticias-villa-maria\/wp-content\/uploads\/2021\/12\/Soldados.jpg?fit=1920%2C1080&ssl=1","jetpack_sharing_enabled":true,"_links":{"self":[{"href":"https:\/\/elregionalvm.com.ar\/noticias-villa-maria\/wp-json\/wp\/v2\/posts\/49878","targetHints":{"allow":["GET"]}}],"collection":[{"href":"https:\/\/elregionalvm.com.ar\/noticias-villa-maria\/wp-json\/wp\/v2\/posts"}],"about":[{"href":"https:\/\/elregionalvm.com.ar\/noticias-villa-maria\/wp-json\/wp\/v2\/types\/post"}],"author":[{"embeddable":true,"href":"https:\/\/elregionalvm.com.ar\/noticias-villa-maria\/wp-json\/wp\/v2\/users\/4"}],"replies":[{"embeddable":true,"href":"https:\/\/elregionalvm.com.ar\/noticias-villa-maria\/wp-json\/wp\/v2\/comments?post=49878"}],"version-history":[{"count":4,"href":"https:\/\/elregionalvm.com.ar\/noticias-villa-maria\/wp-json\/wp\/v2\/posts\/49878\/revisions"}],"predecessor-version":[{"id":49914,"href":"https:\/\/elregionalvm.com.ar\/noticias-villa-maria\/wp-json\/wp\/v2\/posts\/49878\/revisions\/49914"}],"wp:featuredmedia":[{"embeddable":true,"href":"https:\/\/elregionalvm.com.ar\/noticias-villa-maria\/wp-json\/wp\/v2\/media\/49905"}],"wp:attachment":[{"href":"https:\/\/elregionalvm.com.ar\/noticias-villa-maria\/wp-json\/wp\/v2\/media?parent=49878"}],"wp:term":[{"taxonomy":"category","embeddable":true,"href":"https:\/\/elregionalvm.com.ar\/noticias-villa-maria\/wp-json\/wp\/v2\/categories?post=49878"},{"taxonomy":"post_tag","embeddable":true,"href":"https:\/\/elregionalvm.com.ar\/noticias-villa-maria\/wp-json\/wp\/v2\/tags?post=49878"}],"curies":[{"name":"wp","href":"https:\/\/api.w.org\/{rel}","templated":true}]}}