{"id":49896,"date":"2021-12-19T14:55:43","date_gmt":"2021-12-19T14:55:43","guid":{"rendered":"https:\/\/elregionalvm.com.ar\/noticias-villa-maria\/?p=49896"},"modified":"2021-12-21T02:26:22","modified_gmt":"2021-12-21T02:26:22","slug":"de-rio-cuarto-para-todo-el-mundo-quien-es-carito-lourenco-la-primera-mujer-argentina-en-ganar-una-estrella-michelin","status":"publish","type":"post","link":"https:\/\/elregionalvm.com.ar\/noticias-villa-maria\/de-rio-cuarto-para-todo-el-mundo-quien-es-carito-lourenco-la-primera-mujer-argentina-en-ganar-una-estrella-michelin\/","title":{"rendered":"De R\u00edo Cuarto para el mundo: Carito Louren\u00e7o, la primera mujer argentina en ganar una estrella Michelin"},"content":{"rendered":"\n<p>En una gala realizada en el Palau de Les Arts Reina Sof\u00eda, en Valencia, una pareja de chefs argentinos consigui\u00f3 dicha distinci\u00f3n que otorga la Gu\u00eda Michelin Espa\u00f1a y Portugal por su restaurante ubicado en esa ciudad espa\u00f1ola.<\/p>\n\n\n\n<p>Se trata de la cordobesa Carito Louren\u00e7o, quien junto a su marido, el tambi\u00e9n chef Germ\u00e1n Carrizo, mendocino, son due\u00f1os del restaurante Fierro en la localidad de Valencia, Espa\u00f1a<\/p>\n\n\n\n<p>Se trata de la cordobesa Carito Louren\u00e7o, quien junto a su marido, el tambi\u00e9n chef Germ\u00e1n Carrizo, mendocino, son due\u00f1os del restaurante Fierro en la localidad de Valencia, Espa\u00f1a. El martes pasado, en una gala realizada en el Palau de Les Arts Reina Sof\u00eda, en Valencia, la pareja de chefs argentinos recibi\u00f3 una estrella Michelin, considerada el Oscar de la gastronom\u00eda, por su restaurante ubicado en esa ciudad espa\u00f1ola.<\/p>\n\n\n\n<p>De esta forma, Louren\u00e7o, cordobesa formada en Mendoza,se convirti\u00f3 en la primera mujer argentina en conseguir dicha distinci\u00f3n que otorga la Gu\u00eda Michelin Espa\u00f1a y Portugal, que ya hab\u00edan alcanzado otros colegas suyos en Europa. El m\u00e1s reconocido es sin lugar a dudas Mauro Colagreco, famoso por su restaurante Mirazur de la Costa Azul francesa, con tres estrellas, pero tambi\u00e9n est\u00e1 el caso de Paulo Airaudo en San Sebasti\u00e1n, con dos.<\/p>\n\n\n\n<p>Formados como cocineros en el Escuela Internacional Islas Malvinas, de Mendoza, bajo el paraguas acad\u00e9mico de la Universidad Juan Agust\u00edn Maza, el d\u00fao emigr\u00f3 a Espa\u00f1a en 2006 y trabaj\u00f3 para el reconocido cocinero Quique Dacosta, que tiene en su haber tres estrellas Michelin en su restaurante El Poblet. En 2015 la pareja abri\u00f3 Fierro con ganas de evolucionar como cocineros y cumplir el sue\u00f1o que siempre hab\u00edan perseguido: tener un comercio propio.<\/p>\n\n\n\n<p>\u201cConseguir una estrella Michelin para nuestro restaurante es la recompensa a muchos a\u00f1os de sacrificio y dedicaci\u00f3n a la cocina. Los \u00faltimos dos a\u00f1os han sido una prueba de fuego para nosotros y para todo el sector, por ello, estar celebrando esto hoy nos parece un premio a compartir con todos nuestros compa\u00f1eros\u201d, asegur\u00f3 Carrizo en declaraciones a T\u00e9lam.<\/p>\n\n\n\n<p>En tanto, \u201cCarito\u201d, como la llaman sus conocidos, apunt\u00f3 que su deseo \u201ces que esta estrella luzca bien fuerte all\u00ed tambi\u00e9n en Argentina donde est\u00e1n nuestras familias y nuestros or\u00edgenes que forman igualmente parte de nuestra propuesta en Fierro.En nuestro men\u00fa siempre hay reminiscencias. Nuestro camino a lo mediterr\u00e1neo siempre incluye el origen, ya que es un camino que iniciamos all\u00e1\u201d.<\/p>\n\n\n\n<p>Fierro es un espacio de 57 mts\u00b2 para solo 12 personas que ofrece una propuesta \u201c\u00fanica en Espa\u00f1a\u201d. Hasta la llegada de la pandemia el restaurante contaba con una mesa \u00fanica para compartir, pero desde el a\u00f1o pasado tiene el espacio distribuido con 4 mesas para un total de 12 comensales debidamente separados. Sin embargo, el estilo original se respet\u00f3, porque en un solo ambiente los comensales comparten una experiencia en com\u00fan donde en ese espacio se transita por el camino hacia la gastronom\u00eda mediterr\u00e1nea que es el hilo conductor de la cocina de Fierro.<\/p>\n\n\n\n<p>El atrevimiento de prestigiosa cocinera en la puesta en escena se aprecia perfectamente en sus platos, cada vez m\u00e1s arriesgados, pero tambi\u00e9n m\u00e1s madurados. Lo que el cliente se va a encontrar en el establecimiento son 15 a\u00f1os de experiencia cocinados a fuego lento.<\/p>\n\n\n\n<p>Para la pareja, \u201cFierro es el Mediterr\u00e1neo, es Argentina, pero tambi\u00e9n muchos lugares del mundo. Actualmente nuestro men\u00fa parte de sabores que recuerdan a nuestra tierra, pero revisionados desde el producto local mediterr\u00e1neo y t\u00e9cnicas aprendidas de nuestros viajes alrededor de las cocinas del mundo\u201d.<\/p>\n\n\n\n<p>La brasa y el fuego como identidad, manteniendo su origen de la gastronom\u00eda argentina pero conectados a lo mediterr\u00e1neo, son el alma de su propuesta, con los sabores y recetas familiares reinterpretados desde una perspectiva \u00fanica y personal, y con el toque gourmet de alto vuelo.<\/p>\n\n\n\n<figure class=\"wp-block-image size-full\"><img data-recalc-dims=\"1\" fetchpriority=\"high\" decoding=\"async\" width=\"701\" height=\"677\" src=\"https:\/\/i0.wp.com\/elregionalvm.com.ar\/noticias-villa-maria\/wp-content\/uploads\/2021\/12\/plato-michelin.png?resize=701%2C677&#038;ssl=1\" alt=\"\" class=\"wp-image-49898\" srcset=\"https:\/\/i0.wp.com\/elregionalvm.com.ar\/noticias-villa-maria\/wp-content\/uploads\/2021\/12\/plato-michelin.png?w=701&amp;ssl=1 701w, https:\/\/i0.wp.com\/elregionalvm.com.ar\/noticias-villa-maria\/wp-content\/uploads\/2021\/12\/plato-michelin.png?resize=300%2C290&amp;ssl=1 300w\" sizes=\"(max-width: 701px) 100vw, 701px\" \/><figcaption><em><strong>El atrevimiento de prestigiosa cocinera en la puesta en escena se aprecia perfectamente en sus platos, cada vez m\u00e1s arriesgados, pero tambi\u00e9n m\u00e1s madurados (Instagram)<\/strong><\/em><\/figcaption><\/figure>\n\n\n\n<p>Sin embargo, fue durante las grandes reuniones familiares de fin de semana en casa de sus abuelos que la chef argentina inici\u00f3 su relaci\u00f3n con los fogones. La primera influencia fue repostera, gracias a sus t\u00edas y su madre. En poco tiempo Carito tambi\u00e9n participaba con sus propia receta, su primera tarta de lim\u00f3n de merengue italiano, asistida por el amor y la paciencia de ese incre\u00edble grupo de mujeres.<\/p>\n\n\n\n<p>Siempre de personalidad inquieta, fue cuando estaba realizando el curso pre-universitario para ingresar a la facultad de derecho que decidi\u00f3 que su vida estaba en la cocina. Cuando dio la noticia en casa fue gratamente sorprendida con el completo apoyo familiar. Ella sab\u00eda lo que quer\u00eda: viajar, conocer y aprender de las distintas culturas que hay en el planeta.<\/p>\n\n\n\n<p>Sin pensarlos dos veces, reci\u00e9n graduada y con apenas 21 a\u00f1os se lanz\u00f3 a la aventura de \u201ccruzar el charco\u201d hasta Espa\u00f1a. All\u00ed estudi\u00f3 un postgrado en Direcci\u00f3n de Cocina y Pasteler\u00eda y un M\u00e1ster en Gesti\u00f3n de Alimentos y Bebidas en el Centro Superior de Hoteler\u00eda y Turismo de Valencia donde conoci\u00f3 a Germ\u00e1n y desde entonces se volvieron inseparables.<\/p>\n\n\n\n<p>Definitivamente Carito Louren\u00e7o es una chef a la que hay que mantenerla a la vista. Su estilo particular y su incre\u00edble talento est\u00e1n logrando llamar la atenci\u00f3n de la comunidad culinaria mundial.<\/p>\n\n\n\n<p>Fuente: Infobae<\/p>\n","protected":false},"excerpt":{"rendered":"<p>En una gala realizada en el Palau de Les Arts Reina Sof\u00eda, en Valencia, una pareja de chefs argentinos consigui\u00f3 dicha distinci\u00f3n que otorga la Gu\u00eda Michelin Espa\u00f1a y Portugal por su restaurante ubicado en esa ciudad espa\u00f1ola. Se trata de la cordobesa Carito Louren\u00e7o, quien junto a su marido, el tambi\u00e9n chef Germ\u00e1n Carrizo, [&hellip;]<\/p>\n","protected":false},"author":4,"featured_media":49897,"comment_status":"open","ping_status":"open","sticky":false,"template":"","format":"standard","meta":{"site-sidebar-layout":"default","site-content-layout":"default","ast-site-content-layout":"default","site-content-style":"default","site-sidebar-style":"default","ast-global-header-display":"","ast-banner-title-visibility":"","ast-main-header-display":"","ast-hfb-above-header-display":"","ast-hfb-below-header-display":"","ast-hfb-mobile-header-display":"","site-post-title":"","ast-breadcrumbs-content":"","ast-featured-img":"","footer-sml-layout":"","ast-disable-related-posts":"","theme-transparent-header-meta":"default","adv-header-id-meta":"","stick-header-meta":"","header-above-stick-meta":"","header-main-stick-meta":"","header-below-stick-meta":"","astra-migrate-meta-layouts":"default","ast-page-background-enabled":"default","ast-page-background-meta":{"desktop":{"background-color":"","background-image":"","background-repeat":"repeat","background-position":"center center","background-size":"auto","background-attachment":"scroll","background-type":"","background-media":"","overlay-type":"","overlay-color":"","overlay-opacity":"","overlay-gradient":""},"tablet":{"background-color":"","background-image":"","background-repeat":"repeat","background-position":"center center","background-size":"auto","background-attachment":"scroll","background-type":"","background-media":"","overlay-type":"","overlay-color":"","overlay-opacity":"","overlay-gradient":""},"mobile":{"background-color":"","background-image":"","background-repeat":"repeat","background-position":"center center","background-size":"auto","background-attachment":"scroll","background-type":"","background-media":"","overlay-type":"","overlay-color":"","overlay-opacity":"","overlay-gradient":""}},"ast-content-background-meta":{"desktop":{"background-color":"var(--ast-global-color-5)","background-image":"","background-repeat":"repeat","background-position":"center center","background-size":"auto","background-attachment":"scroll","background-type":"","background-media":"","overlay-type":"","overlay-color":"","overlay-opacity":"","overlay-gradient":""},"tablet":{"background-color":"var(--ast-global-color-5)","background-image":"","background-repeat":"repeat","background-position":"center center","background-size":"auto","background-attachment":"scroll","background-type":"","background-media":"","overlay-type":"","overlay-color":"","overlay-opacity":"","overlay-gradient":""},"mobile":{"background-color":"var(--ast-global-color-5)","background-image":"","background-repeat":"repeat","background-position":"center center","background-size":"auto","background-attachment":"scroll","background-type":"","background-media":"","overlay-type":"","overlay-color":"","overlay-opacity":"","overlay-gradient":""}},"_jetpack_memberships_contains_paid_content":false,"_joinchat":[],"footnotes":""},"categories":[2098,3557],"tags":[12871,11106,12872,12874,12873],"class_list":["post-49896","post","type-post","status-publish","format-standard","has-post-thumbnail","hentry","category-historias","category-tercera","tag-carito-lourenco","tag-cordobesa","tag-estrella-michelin","tag-guia-michelin-espana-y-portugal","tag-riocuartense"],"yoast_head":"<!-- This site is optimized with the Yoast SEO plugin v26.8 - https:\/\/yoast.com\/product\/yoast-seo-wordpress\/ -->\n<title>De R\u00edo Cuarto para el mundo: Carito Louren\u00e7o, la primera mujer argentina en ganar una estrella Michelin - El Regional<\/title>\n<meta name=\"robots\" content=\"index, follow, max-snippet:-1, max-image-preview:large, max-video-preview:-1\" \/>\n<link rel=\"canonical\" href=\"http:\/\/elregionalvm.com.ar\/noticias-villa-maria\/de-rio-cuarto-para-todo-el-mundo-quien-es-carito-lourenco-la-primera-mujer-argentina-en-ganar-una-estrella-michelin\/\" \/>\n<meta property=\"og:locale\" content=\"es_ES\" \/>\n<meta property=\"og:type\" content=\"article\" \/>\n<meta property=\"og:title\" content=\"De R\u00edo Cuarto para el mundo: Carito Louren\u00e7o, la primera mujer argentina en ganar una estrella Michelin - El Regional\" \/>\n<meta property=\"og:description\" content=\"En una gala realizada en el Palau de Les Arts Reina Sof\u00eda, en Valencia, una pareja de chefs argentinos consigui\u00f3 dicha distinci\u00f3n que otorga la Gu\u00eda Michelin Espa\u00f1a y Portugal por su restaurante ubicado en esa ciudad espa\u00f1ola. Se trata de la cordobesa Carito Louren\u00e7o, quien junto a su marido, el tambi\u00e9n chef Germ\u00e1n Carrizo, [&hellip;]\" \/>\n<meta property=\"og:url\" content=\"http:\/\/elregionalvm.com.ar\/noticias-villa-maria\/de-rio-cuarto-para-todo-el-mundo-quien-es-carito-lourenco-la-primera-mujer-argentina-en-ganar-una-estrella-michelin\/\" \/>\n<meta property=\"og:site_name\" content=\"El Regional\" \/>\n<meta property=\"article:publisher\" content=\"https:\/\/www.facebook.com\/elregionalvm\" \/>\n<meta property=\"article:published_time\" content=\"2021-12-19T14:55:43+00:00\" \/>\n<meta property=\"article:modified_time\" content=\"2021-12-21T02:26:22+00:00\" \/>\n<meta property=\"og:image\" content=\"http:\/\/elregionalvm.com.ar\/noticias-villa-maria\/wp-content\/uploads\/2021\/12\/riocuartense-michelin.png\" \/>\n\t<meta property=\"og:image:width\" content=\"728\" \/>\n\t<meta property=\"og:image:height\" content=\"408\" \/>\n\t<meta property=\"og:image:type\" content=\"image\/png\" \/>\n<meta name=\"author\" content=\"Contenidos El Regional\" \/>\n<meta name=\"twitter:card\" content=\"summary_large_image\" \/>\n<meta name=\"twitter:creator\" content=\"@elregionalvm1\" \/>\n<meta name=\"twitter:site\" content=\"@elregionalvm1\" \/>\n<meta name=\"twitter:label1\" content=\"Escrito por\" \/>\n\t<meta name=\"twitter:data1\" content=\"Contenidos El Regional\" \/>\n\t<meta name=\"twitter:label2\" content=\"Tiempo de lectura\" \/>\n\t<meta name=\"twitter:data2\" content=\"5 minutos\" \/>\n<script type=\"application\/ld+json\" class=\"yoast-schema-graph\">{\"@context\":\"https:\/\/schema.org\",\"@graph\":[{\"@type\":\"Article\",\"@id\":\"http:\/\/elregionalvm.com.ar\/noticias-villa-maria\/de-rio-cuarto-para-todo-el-mundo-quien-es-carito-lourenco-la-primera-mujer-argentina-en-ganar-una-estrella-michelin\/#article\",\"isPartOf\":{\"@id\":\"http:\/\/elregionalvm.com.ar\/noticias-villa-maria\/de-rio-cuarto-para-todo-el-mundo-quien-es-carito-lourenco-la-primera-mujer-argentina-en-ganar-una-estrella-michelin\/\"},\"author\":{\"name\":\"Contenidos El Regional\",\"@id\":\"http:\/\/elregionalvm.com.ar\/noticias-villa-maria\/#\/schema\/person\/a0fb9c422317faca23d50163151bc354\"},\"headline\":\"De R\u00edo Cuarto para el mundo: Carito Louren\u00e7o, la primera mujer argentina en ganar una estrella Michelin\",\"datePublished\":\"2021-12-19T14:55:43+00:00\",\"dateModified\":\"2021-12-21T02:26:22+00:00\",\"mainEntityOfPage\":{\"@id\":\"http:\/\/elregionalvm.com.ar\/noticias-villa-maria\/de-rio-cuarto-para-todo-el-mundo-quien-es-carito-lourenco-la-primera-mujer-argentina-en-ganar-una-estrella-michelin\/\"},\"wordCount\":971,\"commentCount\":0,\"image\":{\"@id\":\"http:\/\/elregionalvm.com.ar\/noticias-villa-maria\/de-rio-cuarto-para-todo-el-mundo-quien-es-carito-lourenco-la-primera-mujer-argentina-en-ganar-una-estrella-michelin\/#primaryimage\"},\"thumbnailUrl\":\"https:\/\/i0.wp.com\/elregionalvm.com.ar\/noticias-villa-maria\/wp-content\/uploads\/2021\/12\/riocuartense-michelin.png?fit=728%2C408&ssl=1\",\"keywords\":[\"Carito Louren\u00e7o\",\"cordobesa\",\"estrella Michelin\",\"Gu\u00eda Michel\u00edn Espa\u00f1a y Portugal\",\"riocuartense\"],\"articleSection\":[\"Historias\",\"tercera\"],\"inLanguage\":\"es\",\"potentialAction\":[{\"@type\":\"CommentAction\",\"name\":\"Comment\",\"target\":[\"http:\/\/elregionalvm.com.ar\/noticias-villa-maria\/de-rio-cuarto-para-todo-el-mundo-quien-es-carito-lourenco-la-primera-mujer-argentina-en-ganar-una-estrella-michelin\/#respond\"]}]},{\"@type\":\"WebPage\",\"@id\":\"http:\/\/elregionalvm.com.ar\/noticias-villa-maria\/de-rio-cuarto-para-todo-el-mundo-quien-es-carito-lourenco-la-primera-mujer-argentina-en-ganar-una-estrella-michelin\/\",\"url\":\"http:\/\/elregionalvm.com.ar\/noticias-villa-maria\/de-rio-cuarto-para-todo-el-mundo-quien-es-carito-lourenco-la-primera-mujer-argentina-en-ganar-una-estrella-michelin\/\",\"name\":\"De R\u00edo Cuarto para el mundo: Carito Louren\u00e7o, la primera mujer argentina en ganar una estrella Michelin - El Regional\",\"isPartOf\":{\"@id\":\"http:\/\/elregionalvm.com.ar\/noticias-villa-maria\/#website\"},\"primaryImageOfPage\":{\"@id\":\"http:\/\/elregionalvm.com.ar\/noticias-villa-maria\/de-rio-cuarto-para-todo-el-mundo-quien-es-carito-lourenco-la-primera-mujer-argentina-en-ganar-una-estrella-michelin\/#primaryimage\"},\"image\":{\"@id\":\"http:\/\/elregionalvm.com.ar\/noticias-villa-maria\/de-rio-cuarto-para-todo-el-mundo-quien-es-carito-lourenco-la-primera-mujer-argentina-en-ganar-una-estrella-michelin\/#primaryimage\"},\"thumbnailUrl\":\"https:\/\/i0.wp.com\/elregionalvm.com.ar\/noticias-villa-maria\/wp-content\/uploads\/2021\/12\/riocuartense-michelin.png?fit=728%2C408&ssl=1\",\"datePublished\":\"2021-12-19T14:55:43+00:00\",\"dateModified\":\"2021-12-21T02:26:22+00:00\",\"author\":{\"@id\":\"http:\/\/elregionalvm.com.ar\/noticias-villa-maria\/#\/schema\/person\/a0fb9c422317faca23d50163151bc354\"},\"breadcrumb\":{\"@id\":\"http:\/\/elregionalvm.com.ar\/noticias-villa-maria\/de-rio-cuarto-para-todo-el-mundo-quien-es-carito-lourenco-la-primera-mujer-argentina-en-ganar-una-estrella-michelin\/#breadcrumb\"},\"inLanguage\":\"es\",\"potentialAction\":[{\"@type\":\"ReadAction\",\"target\":[\"http:\/\/elregionalvm.com.ar\/noticias-villa-maria\/de-rio-cuarto-para-todo-el-mundo-quien-es-carito-lourenco-la-primera-mujer-argentina-en-ganar-una-estrella-michelin\/\"]}]},{\"@type\":\"ImageObject\",\"inLanguage\":\"es\",\"@id\":\"http:\/\/elregionalvm.com.ar\/noticias-villa-maria\/de-rio-cuarto-para-todo-el-mundo-quien-es-carito-lourenco-la-primera-mujer-argentina-en-ganar-una-estrella-michelin\/#primaryimage\",\"url\":\"https:\/\/i0.wp.com\/elregionalvm.com.ar\/noticias-villa-maria\/wp-content\/uploads\/2021\/12\/riocuartense-michelin.png?fit=728%2C408&ssl=1\",\"contentUrl\":\"https:\/\/i0.wp.com\/elregionalvm.com.ar\/noticias-villa-maria\/wp-content\/uploads\/2021\/12\/riocuartense-michelin.png?fit=728%2C408&ssl=1\",\"width\":728,\"height\":408},{\"@type\":\"BreadcrumbList\",\"@id\":\"http:\/\/elregionalvm.com.ar\/noticias-villa-maria\/de-rio-cuarto-para-todo-el-mundo-quien-es-carito-lourenco-la-primera-mujer-argentina-en-ganar-una-estrella-michelin\/#breadcrumb\",\"itemListElement\":[{\"@type\":\"ListItem\",\"position\":1,\"name\":\"Portada\",\"item\":\"https:\/\/elregionalvm.com.ar\/noticias-villa-maria\/\"},{\"@type\":\"ListItem\",\"position\":2,\"name\":\"De R\u00edo Cuarto para el mundo: Carito Louren\u00e7o, la primera mujer argentina en ganar una estrella Michelin\"}]},{\"@type\":\"WebSite\",\"@id\":\"http:\/\/elregionalvm.com.ar\/noticias-villa-maria\/#website\",\"url\":\"http:\/\/elregionalvm.com.ar\/noticias-villa-maria\/\",\"name\":\"El Regional\",\"description\":\"Mucho m\u00e1s que informaci\u00f3n\",\"potentialAction\":[{\"@type\":\"SearchAction\",\"target\":{\"@type\":\"EntryPoint\",\"urlTemplate\":\"http:\/\/elregionalvm.com.ar\/noticias-villa-maria\/?s={search_term_string}\"},\"query-input\":{\"@type\":\"PropertyValueSpecification\",\"valueRequired\":true,\"valueName\":\"search_term_string\"}}],\"inLanguage\":\"es\"},{\"@type\":\"Person\",\"@id\":\"http:\/\/elregionalvm.com.ar\/noticias-villa-maria\/#\/schema\/person\/a0fb9c422317faca23d50163151bc354\",\"name\":\"Contenidos El Regional\",\"image\":{\"@type\":\"ImageObject\",\"inLanguage\":\"es\",\"@id\":\"http:\/\/elregionalvm.com.ar\/noticias-villa-maria\/#\/schema\/person\/image\/\",\"url\":\"https:\/\/secure.gravatar.com\/avatar\/265b27cb2209af7bb3a1318f03305787d7981a5cc6e6cd08fe5a4ecdf99d4b48?s=96&d=mm&r=g\",\"contentUrl\":\"https:\/\/secure.gravatar.com\/avatar\/265b27cb2209af7bb3a1318f03305787d7981a5cc6e6cd08fe5a4ecdf99d4b48?s=96&d=mm&r=g\",\"caption\":\"Contenidos El Regional\"},\"url\":\"https:\/\/elregionalvm.com.ar\/noticias-villa-maria\/author\/contenido\/\"}]}<\/script>\n<!-- \/ Yoast SEO plugin. -->","yoast_head_json":{"title":"De R\u00edo Cuarto para el mundo: Carito Louren\u00e7o, la primera mujer argentina en ganar una estrella Michelin - El Regional","robots":{"index":"index","follow":"follow","max-snippet":"max-snippet:-1","max-image-preview":"max-image-preview:large","max-video-preview":"max-video-preview:-1"},"canonical":"http:\/\/elregionalvm.com.ar\/noticias-villa-maria\/de-rio-cuarto-para-todo-el-mundo-quien-es-carito-lourenco-la-primera-mujer-argentina-en-ganar-una-estrella-michelin\/","og_locale":"es_ES","og_type":"article","og_title":"De R\u00edo Cuarto para el mundo: Carito Louren\u00e7o, la primera mujer argentina en ganar una estrella Michelin - El Regional","og_description":"En una gala realizada en el Palau de Les Arts Reina Sof\u00eda, en Valencia, una pareja de chefs argentinos consigui\u00f3 dicha distinci\u00f3n que otorga la Gu\u00eda Michelin Espa\u00f1a y Portugal por su restaurante ubicado en esa ciudad espa\u00f1ola. Se trata de la cordobesa Carito Louren\u00e7o, quien junto a su marido, el tambi\u00e9n chef Germ\u00e1n Carrizo, [&hellip;]","og_url":"http:\/\/elregionalvm.com.ar\/noticias-villa-maria\/de-rio-cuarto-para-todo-el-mundo-quien-es-carito-lourenco-la-primera-mujer-argentina-en-ganar-una-estrella-michelin\/","og_site_name":"El Regional","article_publisher":"https:\/\/www.facebook.com\/elregionalvm","article_published_time":"2021-12-19T14:55:43+00:00","article_modified_time":"2021-12-21T02:26:22+00:00","og_image":[{"width":728,"height":408,"url":"http:\/\/elregionalvm.com.ar\/noticias-villa-maria\/wp-content\/uploads\/2021\/12\/riocuartense-michelin.png","type":"image\/png"}],"author":"Contenidos El Regional","twitter_card":"summary_large_image","twitter_creator":"@elregionalvm1","twitter_site":"@elregionalvm1","twitter_misc":{"Escrito por":"Contenidos El Regional","Tiempo de lectura":"5 minutos"},"schema":{"@context":"https:\/\/schema.org","@graph":[{"@type":"Article","@id":"http:\/\/elregionalvm.com.ar\/noticias-villa-maria\/de-rio-cuarto-para-todo-el-mundo-quien-es-carito-lourenco-la-primera-mujer-argentina-en-ganar-una-estrella-michelin\/#article","isPartOf":{"@id":"http:\/\/elregionalvm.com.ar\/noticias-villa-maria\/de-rio-cuarto-para-todo-el-mundo-quien-es-carito-lourenco-la-primera-mujer-argentina-en-ganar-una-estrella-michelin\/"},"author":{"name":"Contenidos El Regional","@id":"http:\/\/elregionalvm.com.ar\/noticias-villa-maria\/#\/schema\/person\/a0fb9c422317faca23d50163151bc354"},"headline":"De R\u00edo Cuarto para el mundo: Carito Louren\u00e7o, la primera mujer argentina en ganar una estrella Michelin","datePublished":"2021-12-19T14:55:43+00:00","dateModified":"2021-12-21T02:26:22+00:00","mainEntityOfPage":{"@id":"http:\/\/elregionalvm.com.ar\/noticias-villa-maria\/de-rio-cuarto-para-todo-el-mundo-quien-es-carito-lourenco-la-primera-mujer-argentina-en-ganar-una-estrella-michelin\/"},"wordCount":971,"commentCount":0,"image":{"@id":"http:\/\/elregionalvm.com.ar\/noticias-villa-maria\/de-rio-cuarto-para-todo-el-mundo-quien-es-carito-lourenco-la-primera-mujer-argentina-en-ganar-una-estrella-michelin\/#primaryimage"},"thumbnailUrl":"https:\/\/i0.wp.com\/elregionalvm.com.ar\/noticias-villa-maria\/wp-content\/uploads\/2021\/12\/riocuartense-michelin.png?fit=728%2C408&ssl=1","keywords":["Carito Louren\u00e7o","cordobesa","estrella Michelin","Gu\u00eda Michel\u00edn Espa\u00f1a y Portugal","riocuartense"],"articleSection":["Historias","tercera"],"inLanguage":"es","potentialAction":[{"@type":"CommentAction","name":"Comment","target":["http:\/\/elregionalvm.com.ar\/noticias-villa-maria\/de-rio-cuarto-para-todo-el-mundo-quien-es-carito-lourenco-la-primera-mujer-argentina-en-ganar-una-estrella-michelin\/#respond"]}]},{"@type":"WebPage","@id":"http:\/\/elregionalvm.com.ar\/noticias-villa-maria\/de-rio-cuarto-para-todo-el-mundo-quien-es-carito-lourenco-la-primera-mujer-argentina-en-ganar-una-estrella-michelin\/","url":"http:\/\/elregionalvm.com.ar\/noticias-villa-maria\/de-rio-cuarto-para-todo-el-mundo-quien-es-carito-lourenco-la-primera-mujer-argentina-en-ganar-una-estrella-michelin\/","name":"De R\u00edo Cuarto para el mundo: Carito Louren\u00e7o, la primera mujer argentina en ganar una estrella Michelin - El Regional","isPartOf":{"@id":"http:\/\/elregionalvm.com.ar\/noticias-villa-maria\/#website"},"primaryImageOfPage":{"@id":"http:\/\/elregionalvm.com.ar\/noticias-villa-maria\/de-rio-cuarto-para-todo-el-mundo-quien-es-carito-lourenco-la-primera-mujer-argentina-en-ganar-una-estrella-michelin\/#primaryimage"},"image":{"@id":"http:\/\/elregionalvm.com.ar\/noticias-villa-maria\/de-rio-cuarto-para-todo-el-mundo-quien-es-carito-lourenco-la-primera-mujer-argentina-en-ganar-una-estrella-michelin\/#primaryimage"},"thumbnailUrl":"https:\/\/i0.wp.com\/elregionalvm.com.ar\/noticias-villa-maria\/wp-content\/uploads\/2021\/12\/riocuartense-michelin.png?fit=728%2C408&ssl=1","datePublished":"2021-12-19T14:55:43+00:00","dateModified":"2021-12-21T02:26:22+00:00","author":{"@id":"http:\/\/elregionalvm.com.ar\/noticias-villa-maria\/#\/schema\/person\/a0fb9c422317faca23d50163151bc354"},"breadcrumb":{"@id":"http:\/\/elregionalvm.com.ar\/noticias-villa-maria\/de-rio-cuarto-para-todo-el-mundo-quien-es-carito-lourenco-la-primera-mujer-argentina-en-ganar-una-estrella-michelin\/#breadcrumb"},"inLanguage":"es","potentialAction":[{"@type":"ReadAction","target":["http:\/\/elregionalvm.com.ar\/noticias-villa-maria\/de-rio-cuarto-para-todo-el-mundo-quien-es-carito-lourenco-la-primera-mujer-argentina-en-ganar-una-estrella-michelin\/"]}]},{"@type":"ImageObject","inLanguage":"es","@id":"http:\/\/elregionalvm.com.ar\/noticias-villa-maria\/de-rio-cuarto-para-todo-el-mundo-quien-es-carito-lourenco-la-primera-mujer-argentina-en-ganar-una-estrella-michelin\/#primaryimage","url":"https:\/\/i0.wp.com\/elregionalvm.com.ar\/noticias-villa-maria\/wp-content\/uploads\/2021\/12\/riocuartense-michelin.png?fit=728%2C408&ssl=1","contentUrl":"https:\/\/i0.wp.com\/elregionalvm.com.ar\/noticias-villa-maria\/wp-content\/uploads\/2021\/12\/riocuartense-michelin.png?fit=728%2C408&ssl=1","width":728,"height":408},{"@type":"BreadcrumbList","@id":"http:\/\/elregionalvm.com.ar\/noticias-villa-maria\/de-rio-cuarto-para-todo-el-mundo-quien-es-carito-lourenco-la-primera-mujer-argentina-en-ganar-una-estrella-michelin\/#breadcrumb","itemListElement":[{"@type":"ListItem","position":1,"name":"Portada","item":"https:\/\/elregionalvm.com.ar\/noticias-villa-maria\/"},{"@type":"ListItem","position":2,"name":"De R\u00edo Cuarto para el mundo: Carito Louren\u00e7o, la primera mujer argentina en ganar una estrella Michelin"}]},{"@type":"WebSite","@id":"http:\/\/elregionalvm.com.ar\/noticias-villa-maria\/#website","url":"http:\/\/elregionalvm.com.ar\/noticias-villa-maria\/","name":"El Regional","description":"Mucho m\u00e1s que informaci\u00f3n","potentialAction":[{"@type":"SearchAction","target":{"@type":"EntryPoint","urlTemplate":"http:\/\/elregionalvm.com.ar\/noticias-villa-maria\/?s={search_term_string}"},"query-input":{"@type":"PropertyValueSpecification","valueRequired":true,"valueName":"search_term_string"}}],"inLanguage":"es"},{"@type":"Person","@id":"http:\/\/elregionalvm.com.ar\/noticias-villa-maria\/#\/schema\/person\/a0fb9c422317faca23d50163151bc354","name":"Contenidos El Regional","image":{"@type":"ImageObject","inLanguage":"es","@id":"http:\/\/elregionalvm.com.ar\/noticias-villa-maria\/#\/schema\/person\/image\/","url":"https:\/\/secure.gravatar.com\/avatar\/265b27cb2209af7bb3a1318f03305787d7981a5cc6e6cd08fe5a4ecdf99d4b48?s=96&d=mm&r=g","contentUrl":"https:\/\/secure.gravatar.com\/avatar\/265b27cb2209af7bb3a1318f03305787d7981a5cc6e6cd08fe5a4ecdf99d4b48?s=96&d=mm&r=g","caption":"Contenidos El Regional"},"url":"https:\/\/elregionalvm.com.ar\/noticias-villa-maria\/author\/contenido\/"}]}},"jetpack_featured_media_url":"https:\/\/i0.wp.com\/elregionalvm.com.ar\/noticias-villa-maria\/wp-content\/uploads\/2021\/12\/riocuartense-michelin.png?fit=728%2C408&ssl=1","jetpack_sharing_enabled":true,"_links":{"self":[{"href":"https:\/\/elregionalvm.com.ar\/noticias-villa-maria\/wp-json\/wp\/v2\/posts\/49896","targetHints":{"allow":["GET"]}}],"collection":[{"href":"https:\/\/elregionalvm.com.ar\/noticias-villa-maria\/wp-json\/wp\/v2\/posts"}],"about":[{"href":"https:\/\/elregionalvm.com.ar\/noticias-villa-maria\/wp-json\/wp\/v2\/types\/post"}],"author":[{"embeddable":true,"href":"https:\/\/elregionalvm.com.ar\/noticias-villa-maria\/wp-json\/wp\/v2\/users\/4"}],"replies":[{"embeddable":true,"href":"https:\/\/elregionalvm.com.ar\/noticias-villa-maria\/wp-json\/wp\/v2\/comments?post=49896"}],"version-history":[{"count":2,"href":"https:\/\/elregionalvm.com.ar\/noticias-villa-maria\/wp-json\/wp\/v2\/posts\/49896\/revisions"}],"predecessor-version":[{"id":49915,"href":"https:\/\/elregionalvm.com.ar\/noticias-villa-maria\/wp-json\/wp\/v2\/posts\/49896\/revisions\/49915"}],"wp:featuredmedia":[{"embeddable":true,"href":"https:\/\/elregionalvm.com.ar\/noticias-villa-maria\/wp-json\/wp\/v2\/media\/49897"}],"wp:attachment":[{"href":"https:\/\/elregionalvm.com.ar\/noticias-villa-maria\/wp-json\/wp\/v2\/media?parent=49896"}],"wp:term":[{"taxonomy":"category","embeddable":true,"href":"https:\/\/elregionalvm.com.ar\/noticias-villa-maria\/wp-json\/wp\/v2\/categories?post=49896"},{"taxonomy":"post_tag","embeddable":true,"href":"https:\/\/elregionalvm.com.ar\/noticias-villa-maria\/wp-json\/wp\/v2\/tags?post=49896"}],"curies":[{"name":"wp","href":"https:\/\/api.w.org\/{rel}","templated":true}]}}