{"id":49900,"date":"2021-12-19T15:04:59","date_gmt":"2021-12-19T15:04:59","guid":{"rendered":"https:\/\/elregionalvm.com.ar\/noticias-villa-maria\/?p=49900"},"modified":"2021-12-19T15:05:01","modified_gmt":"2021-12-19T15:05:01","slug":"caps-y-asistencia-atendieron-mas-de-31-mil-personas-en-noviembre","status":"publish","type":"post","link":"https:\/\/elregionalvm.com.ar\/noticias-villa-maria\/caps-y-asistencia-atendieron-mas-de-31-mil-personas-en-noviembre\/","title":{"rendered":"CAPS y Asistencia atendieron m\u00e1s de 31 mil personas en noviembre"},"content":{"rendered":"\n<p>El municipio lleva adelante el cuidado de vecinos y vecinas mediante una labor territorial que alcanza distintos puntos de la ciudad. En este marco, la Asistencia P\u00fablica junto a los Centros de Atenci\u00f3n Primaria de la Salud (CAPS) registraron un total de 31.444 personas atendidas durante noviembre en los diferentes espacios.<\/p>\n\n\n\n<p>La cifra alcanzada representa una merma de atenciones respecto a octubre, pero con n\u00fameros muy similares a los registrados en agosto y septiembre. Sin embargo, es importante destacar que el n\u00famero alcanzado en noviembre es muy superior al mismo mes en el a\u00f1o 2020, donde se hab\u00edan dado 21.304 pr\u00e1cticas de salud.<\/p>\n\n\n\n<p>Del total de las atenciones concretadas por la Secretar\u00eda de Salud del municipio, 12.226 tuvieron lugar en la Asistencia P\u00fablica, a lo que se suman 3.756 atenciones por la Guardia, tambi\u00e9n efectuadas en el edifico de calles Catamarca y Lisandro de la Torre. En tanto, el resto de las prestaciones y controles fueron efectuados en los CAPS, donde ciudadanos de los distintos barrios se acercaron por cuestiones de salud vinculadas a la pandemia, como as\u00ed tambi\u00e9n por consultas habituales y patolog\u00edas diversas.<\/p>\n\n\n\n<p>Durante noviembre, el establecimiento de barrio Las Playas fue el que alcanz\u00f3 el n\u00famero m\u00e1s alto con 2.206 atenciones, seguido por el CAPS de barrio Los Olmos y el Centro Integrador Comunitario (CIC), con la concurrencia de 1.984 y 1.533 personas respectivamente. Al mismo tiempo, se destacan las cifras alcanzadas en barrio Carlos Pellegrini, con 1.288 asistencias; en Las Acacias con 1.157 y en La Calera con 1.147 atenciones.<\/p>\n\n\n\n<p>Luego, por orden descendente siguen las reparticiones de barrio Belgrano; Bello Horizonte; San Martin; San Nicol\u00e1s; Rivadavia; San Justo; Hospital D\u00eda Encuentro y Roque S\u00e1enz Pe\u00f1a.<\/p>\n\n\n\n<p>Cabe resaltar que a los n\u00fameros detallados se le suman 917 consultas vinculadas a la salud mental. Tambi\u00e9n es oportuno mencionar que, del total de los servicios prestados durante noviembre, 3.720 fueron realizados a adolescentes de 10 a 19 a\u00f1os, lo que representa un 11,83%.<\/p>\n\n\n\n<figure class=\"wp-block-image size-large\"><img data-recalc-dims=\"1\" fetchpriority=\"high\" decoding=\"async\" width=\"1024\" height=\"682\" src=\"https:\/\/i0.wp.com\/elregionalvm.com.ar\/noticias-villa-maria\/wp-content\/uploads\/2021\/12\/WhatsApp-Image-2021-12-19-at-11.54.48.jpeg?resize=1024%2C682&#038;ssl=1\" alt=\"\" class=\"wp-image-49902\" srcset=\"https:\/\/i0.wp.com\/elregionalvm.com.ar\/noticias-villa-maria\/wp-content\/uploads\/2021\/12\/WhatsApp-Image-2021-12-19-at-11.54.48.jpeg?resize=1024%2C682&amp;ssl=1 1024w, https:\/\/i0.wp.com\/elregionalvm.com.ar\/noticias-villa-maria\/wp-content\/uploads\/2021\/12\/WhatsApp-Image-2021-12-19-at-11.54.48.jpeg?resize=300%2C200&amp;ssl=1 300w, https:\/\/i0.wp.com\/elregionalvm.com.ar\/noticias-villa-maria\/wp-content\/uploads\/2021\/12\/WhatsApp-Image-2021-12-19-at-11.54.48.jpeg?resize=768%2C512&amp;ssl=1 768w, https:\/\/i0.wp.com\/elregionalvm.com.ar\/noticias-villa-maria\/wp-content\/uploads\/2021\/12\/WhatsApp-Image-2021-12-19-at-11.54.48.jpeg?w=1280&amp;ssl=1 1280w\" sizes=\"(max-width: 1000px) 100vw, 1000px\" \/><\/figure>\n","protected":false},"excerpt":{"rendered":"<p>El municipio lleva adelante el cuidado de vecinos y vecinas mediante una labor territorial que alcanza distintos puntos de la ciudad. En este marco, la Asistencia P\u00fablica junto a los Centros de Atenci\u00f3n Primaria de la Salud (CAPS) registraron un total de 31.444 personas atendidas durante noviembre en los diferentes espacios. La cifra alcanzada representa [&hellip;]<\/p>\n","protected":false},"author":4,"featured_media":49901,"comment_status":"open","ping_status":"open","sticky":false,"template":"","format":"standard","meta":{"site-sidebar-layout":"default","site-content-layout":"default","ast-site-content-layout":"default","site-content-style":"default","site-sidebar-style":"default","ast-global-header-display":"","ast-banner-title-visibility":"","ast-main-header-display":"","ast-hfb-above-header-display":"","ast-hfb-below-header-display":"","ast-hfb-mobile-header-display":"","site-post-title":"","ast-breadcrumbs-content":"","ast-featured-img":"","footer-sml-layout":"","ast-disable-related-posts":"","theme-transparent-header-meta":"default","adv-header-id-meta":"","stick-header-meta":"","header-above-stick-meta":"","header-main-stick-meta":"","header-below-stick-meta":"","astra-migrate-meta-layouts":"default","ast-page-background-enabled":"default","ast-page-background-meta":{"desktop":{"background-color":"","background-image":"","background-repeat":"repeat","background-position":"center center","background-size":"auto","background-attachment":"scroll","background-type":"","background-media":"","overlay-type":"","overlay-color":"","overlay-opacity":"","overlay-gradient":""},"tablet":{"background-color":"","background-image":"","background-repeat":"repeat","background-position":"center center","background-size":"auto","background-attachment":"scroll","background-type":"","background-media":"","overlay-type":"","overlay-color":"","overlay-opacity":"","overlay-gradient":""},"mobile":{"background-color":"","background-image":"","background-repeat":"repeat","background-position":"center center","background-size":"auto","background-attachment":"scroll","background-type":"","background-media":"","overlay-type":"","overlay-color":"","overlay-opacity":"","overlay-gradient":""}},"ast-content-background-meta":{"desktop":{"background-color":"var(--ast-global-color-5)","background-image":"","background-repeat":"repeat","background-position":"center center","background-size":"auto","background-attachment":"scroll","background-type":"","background-media":"","overlay-type":"","overlay-color":"","overlay-opacity":"","overlay-gradient":""},"tablet":{"background-color":"var(--ast-global-color-5)","background-image":"","background-repeat":"repeat","background-position":"center center","background-size":"auto","background-attachment":"scroll","background-type":"","background-media":"","overlay-type":"","overlay-color":"","overlay-opacity":"","overlay-gradient":""},"mobile":{"background-color":"var(--ast-global-color-5)","background-image":"","background-repeat":"repeat","background-position":"center center","background-size":"auto","background-attachment":"scroll","background-type":"","background-media":"","overlay-type":"","overlay-color":"","overlay-opacity":"","overlay-gradient":""}},"_jetpack_memberships_contains_paid_content":false,"_joinchat":[],"footnotes":""},"categories":[2],"tags":[2336,12875,2225,1232,12876,12877,2627,2248],"class_list":["post-49900","post","type-post","status-publish","format-standard","has-post-thumbnail","hentry","category-villa-maria","tag-asistencia","tag-atenciones","tag-caps","tag-destacado","tag-mas-de-31-mil","tag-prestaciones-de-salud","tag-salud-publica","tag-villa-maria-2"],"yoast_head":"<!-- This site is optimized with the Yoast SEO plugin v26.8 - https:\/\/yoast.com\/product\/yoast-seo-wordpress\/ -->\n<title>CAPS y Asistencia atendieron m\u00e1s de 31 mil personas en noviembre - El Regional<\/title>\n<meta name=\"robots\" content=\"index, follow, max-snippet:-1, max-image-preview:large, max-video-preview:-1\" \/>\n<link rel=\"canonical\" href=\"http:\/\/elregionalvm.com.ar\/noticias-villa-maria\/caps-y-asistencia-atendieron-mas-de-31-mil-personas-en-noviembre\/\" \/>\n<meta property=\"og:locale\" content=\"es_ES\" \/>\n<meta property=\"og:type\" content=\"article\" \/>\n<meta property=\"og:title\" content=\"CAPS y Asistencia atendieron m\u00e1s de 31 mil personas en noviembre - El Regional\" \/>\n<meta property=\"og:description\" content=\"El municipio lleva adelante el cuidado de vecinos y vecinas mediante una labor territorial que alcanza distintos puntos de la ciudad. En este marco, la Asistencia P\u00fablica junto a los Centros de Atenci\u00f3n Primaria de la Salud (CAPS) registraron un total de 31.444 personas atendidas durante noviembre en los diferentes espacios. La cifra alcanzada representa [&hellip;]\" \/>\n<meta property=\"og:url\" content=\"http:\/\/elregionalvm.com.ar\/noticias-villa-maria\/caps-y-asistencia-atendieron-mas-de-31-mil-personas-en-noviembre\/\" \/>\n<meta property=\"og:site_name\" content=\"El Regional\" \/>\n<meta property=\"article:publisher\" content=\"https:\/\/www.facebook.com\/elregionalvm\" \/>\n<meta property=\"article:published_time\" content=\"2021-12-19T15:04:59+00:00\" \/>\n<meta property=\"article:modified_time\" content=\"2021-12-19T15:05:01+00:00\" \/>\n<meta property=\"og:image\" content=\"http:\/\/elregionalvm.com.ar\/noticias-villa-maria\/wp-content\/uploads\/2021\/12\/WhatsApp-Image-2021-12-19-at-11.54.49.jpeg\" \/>\n\t<meta property=\"og:image:width\" content=\"1280\" \/>\n\t<meta property=\"og:image:height\" content=\"853\" \/>\n\t<meta property=\"og:image:type\" content=\"image\/jpeg\" \/>\n<meta name=\"author\" content=\"Contenidos El Regional\" \/>\n<meta name=\"twitter:card\" content=\"summary_large_image\" \/>\n<meta name=\"twitter:creator\" content=\"@elregionalvm1\" \/>\n<meta name=\"twitter:site\" content=\"@elregionalvm1\" \/>\n<meta name=\"twitter:label1\" content=\"Escrito por\" \/>\n\t<meta name=\"twitter:data1\" content=\"Contenidos El Regional\" \/>\n\t<meta name=\"twitter:label2\" content=\"Tiempo de lectura\" \/>\n\t<meta name=\"twitter:data2\" content=\"2 minutos\" \/>\n<script type=\"application\/ld+json\" class=\"yoast-schema-graph\">{\"@context\":\"https:\/\/schema.org\",\"@graph\":[{\"@type\":\"Article\",\"@id\":\"http:\/\/elregionalvm.com.ar\/noticias-villa-maria\/caps-y-asistencia-atendieron-mas-de-31-mil-personas-en-noviembre\/#article\",\"isPartOf\":{\"@id\":\"http:\/\/elregionalvm.com.ar\/noticias-villa-maria\/caps-y-asistencia-atendieron-mas-de-31-mil-personas-en-noviembre\/\"},\"author\":{\"name\":\"Contenidos El Regional\",\"@id\":\"http:\/\/elregionalvm.com.ar\/noticias-villa-maria\/#\/schema\/person\/a0fb9c422317faca23d50163151bc354\"},\"headline\":\"CAPS y Asistencia atendieron m\u00e1s de 31 mil personas en noviembre\",\"datePublished\":\"2021-12-19T15:04:59+00:00\",\"dateModified\":\"2021-12-19T15:05:01+00:00\",\"mainEntityOfPage\":{\"@id\":\"http:\/\/elregionalvm.com.ar\/noticias-villa-maria\/caps-y-asistencia-atendieron-mas-de-31-mil-personas-en-noviembre\/\"},\"wordCount\":341,\"commentCount\":0,\"image\":{\"@id\":\"http:\/\/elregionalvm.com.ar\/noticias-villa-maria\/caps-y-asistencia-atendieron-mas-de-31-mil-personas-en-noviembre\/#primaryimage\"},\"thumbnailUrl\":\"https:\/\/i0.wp.com\/elregionalvm.com.ar\/noticias-villa-maria\/wp-content\/uploads\/2021\/12\/WhatsApp-Image-2021-12-19-at-11.54.49.jpeg?fit=1280%2C853&ssl=1\",\"keywords\":[\"asistencia\",\"atenciones\",\"CAPS\",\"destacado\",\"m\u00e1s de 31 mil\",\"prestaciones de salud\",\"Salud P\u00fablica\",\"Villa Mar\u00eda\"],\"articleSection\":[\"Villa Mar\u00eda\"],\"inLanguage\":\"es\",\"potentialAction\":[{\"@type\":\"CommentAction\",\"name\":\"Comment\",\"target\":[\"http:\/\/elregionalvm.com.ar\/noticias-villa-maria\/caps-y-asistencia-atendieron-mas-de-31-mil-personas-en-noviembre\/#respond\"]}]},{\"@type\":\"WebPage\",\"@id\":\"http:\/\/elregionalvm.com.ar\/noticias-villa-maria\/caps-y-asistencia-atendieron-mas-de-31-mil-personas-en-noviembre\/\",\"url\":\"http:\/\/elregionalvm.com.ar\/noticias-villa-maria\/caps-y-asistencia-atendieron-mas-de-31-mil-personas-en-noviembre\/\",\"name\":\"CAPS y Asistencia atendieron m\u00e1s de 31 mil personas en noviembre - El Regional\",\"isPartOf\":{\"@id\":\"http:\/\/elregionalvm.com.ar\/noticias-villa-maria\/#website\"},\"primaryImageOfPage\":{\"@id\":\"http:\/\/elregionalvm.com.ar\/noticias-villa-maria\/caps-y-asistencia-atendieron-mas-de-31-mil-personas-en-noviembre\/#primaryimage\"},\"image\":{\"@id\":\"http:\/\/elregionalvm.com.ar\/noticias-villa-maria\/caps-y-asistencia-atendieron-mas-de-31-mil-personas-en-noviembre\/#primaryimage\"},\"thumbnailUrl\":\"https:\/\/i0.wp.com\/elregionalvm.com.ar\/noticias-villa-maria\/wp-content\/uploads\/2021\/12\/WhatsApp-Image-2021-12-19-at-11.54.49.jpeg?fit=1280%2C853&ssl=1\",\"datePublished\":\"2021-12-19T15:04:59+00:00\",\"dateModified\":\"2021-12-19T15:05:01+00:00\",\"author\":{\"@id\":\"http:\/\/elregionalvm.com.ar\/noticias-villa-maria\/#\/schema\/person\/a0fb9c422317faca23d50163151bc354\"},\"breadcrumb\":{\"@id\":\"http:\/\/elregionalvm.com.ar\/noticias-villa-maria\/caps-y-asistencia-atendieron-mas-de-31-mil-personas-en-noviembre\/#breadcrumb\"},\"inLanguage\":\"es\",\"potentialAction\":[{\"@type\":\"ReadAction\",\"target\":[\"http:\/\/elregionalvm.com.ar\/noticias-villa-maria\/caps-y-asistencia-atendieron-mas-de-31-mil-personas-en-noviembre\/\"]}]},{\"@type\":\"ImageObject\",\"inLanguage\":\"es\",\"@id\":\"http:\/\/elregionalvm.com.ar\/noticias-villa-maria\/caps-y-asistencia-atendieron-mas-de-31-mil-personas-en-noviembre\/#primaryimage\",\"url\":\"https:\/\/i0.wp.com\/elregionalvm.com.ar\/noticias-villa-maria\/wp-content\/uploads\/2021\/12\/WhatsApp-Image-2021-12-19-at-11.54.49.jpeg?fit=1280%2C853&ssl=1\",\"contentUrl\":\"https:\/\/i0.wp.com\/elregionalvm.com.ar\/noticias-villa-maria\/wp-content\/uploads\/2021\/12\/WhatsApp-Image-2021-12-19-at-11.54.49.jpeg?fit=1280%2C853&ssl=1\",\"width\":1280,\"height\":853},{\"@type\":\"BreadcrumbList\",\"@id\":\"http:\/\/elregionalvm.com.ar\/noticias-villa-maria\/caps-y-asistencia-atendieron-mas-de-31-mil-personas-en-noviembre\/#breadcrumb\",\"itemListElement\":[{\"@type\":\"ListItem\",\"position\":1,\"name\":\"Portada\",\"item\":\"https:\/\/elregionalvm.com.ar\/noticias-villa-maria\/\"},{\"@type\":\"ListItem\",\"position\":2,\"name\":\"CAPS y Asistencia atendieron m\u00e1s de 31 mil personas en noviembre\"}]},{\"@type\":\"WebSite\",\"@id\":\"http:\/\/elregionalvm.com.ar\/noticias-villa-maria\/#website\",\"url\":\"http:\/\/elregionalvm.com.ar\/noticias-villa-maria\/\",\"name\":\"El Regional\",\"description\":\"Mucho m\u00e1s que informaci\u00f3n\",\"potentialAction\":[{\"@type\":\"SearchAction\",\"target\":{\"@type\":\"EntryPoint\",\"urlTemplate\":\"http:\/\/elregionalvm.com.ar\/noticias-villa-maria\/?s={search_term_string}\"},\"query-input\":{\"@type\":\"PropertyValueSpecification\",\"valueRequired\":true,\"valueName\":\"search_term_string\"}}],\"inLanguage\":\"es\"},{\"@type\":\"Person\",\"@id\":\"http:\/\/elregionalvm.com.ar\/noticias-villa-maria\/#\/schema\/person\/a0fb9c422317faca23d50163151bc354\",\"name\":\"Contenidos El Regional\",\"image\":{\"@type\":\"ImageObject\",\"inLanguage\":\"es\",\"@id\":\"http:\/\/elregionalvm.com.ar\/noticias-villa-maria\/#\/schema\/person\/image\/\",\"url\":\"https:\/\/secure.gravatar.com\/avatar\/265b27cb2209af7bb3a1318f03305787d7981a5cc6e6cd08fe5a4ecdf99d4b48?s=96&d=mm&r=g\",\"contentUrl\":\"https:\/\/secure.gravatar.com\/avatar\/265b27cb2209af7bb3a1318f03305787d7981a5cc6e6cd08fe5a4ecdf99d4b48?s=96&d=mm&r=g\",\"caption\":\"Contenidos El Regional\"},\"url\":\"https:\/\/elregionalvm.com.ar\/noticias-villa-maria\/author\/contenido\/\"}]}<\/script>\n<!-- \/ Yoast SEO plugin. -->","yoast_head_json":{"title":"CAPS y Asistencia atendieron m\u00e1s de 31 mil personas en noviembre - El Regional","robots":{"index":"index","follow":"follow","max-snippet":"max-snippet:-1","max-image-preview":"max-image-preview:large","max-video-preview":"max-video-preview:-1"},"canonical":"http:\/\/elregionalvm.com.ar\/noticias-villa-maria\/caps-y-asistencia-atendieron-mas-de-31-mil-personas-en-noviembre\/","og_locale":"es_ES","og_type":"article","og_title":"CAPS y Asistencia atendieron m\u00e1s de 31 mil personas en noviembre - El Regional","og_description":"El municipio lleva adelante el cuidado de vecinos y vecinas mediante una labor territorial que alcanza distintos puntos de la ciudad. En este marco, la Asistencia P\u00fablica junto a los Centros de Atenci\u00f3n Primaria de la Salud (CAPS) registraron un total de 31.444 personas atendidas durante noviembre en los diferentes espacios. La cifra alcanzada representa [&hellip;]","og_url":"http:\/\/elregionalvm.com.ar\/noticias-villa-maria\/caps-y-asistencia-atendieron-mas-de-31-mil-personas-en-noviembre\/","og_site_name":"El Regional","article_publisher":"https:\/\/www.facebook.com\/elregionalvm","article_published_time":"2021-12-19T15:04:59+00:00","article_modified_time":"2021-12-19T15:05:01+00:00","og_image":[{"width":1280,"height":853,"url":"http:\/\/elregionalvm.com.ar\/noticias-villa-maria\/wp-content\/uploads\/2021\/12\/WhatsApp-Image-2021-12-19-at-11.54.49.jpeg","type":"image\/jpeg"}],"author":"Contenidos El Regional","twitter_card":"summary_large_image","twitter_creator":"@elregionalvm1","twitter_site":"@elregionalvm1","twitter_misc":{"Escrito por":"Contenidos El Regional","Tiempo de lectura":"2 minutos"},"schema":{"@context":"https:\/\/schema.org","@graph":[{"@type":"Article","@id":"http:\/\/elregionalvm.com.ar\/noticias-villa-maria\/caps-y-asistencia-atendieron-mas-de-31-mil-personas-en-noviembre\/#article","isPartOf":{"@id":"http:\/\/elregionalvm.com.ar\/noticias-villa-maria\/caps-y-asistencia-atendieron-mas-de-31-mil-personas-en-noviembre\/"},"author":{"name":"Contenidos El Regional","@id":"http:\/\/elregionalvm.com.ar\/noticias-villa-maria\/#\/schema\/person\/a0fb9c422317faca23d50163151bc354"},"headline":"CAPS y Asistencia atendieron m\u00e1s de 31 mil personas en noviembre","datePublished":"2021-12-19T15:04:59+00:00","dateModified":"2021-12-19T15:05:01+00:00","mainEntityOfPage":{"@id":"http:\/\/elregionalvm.com.ar\/noticias-villa-maria\/caps-y-asistencia-atendieron-mas-de-31-mil-personas-en-noviembre\/"},"wordCount":341,"commentCount":0,"image":{"@id":"http:\/\/elregionalvm.com.ar\/noticias-villa-maria\/caps-y-asistencia-atendieron-mas-de-31-mil-personas-en-noviembre\/#primaryimage"},"thumbnailUrl":"https:\/\/i0.wp.com\/elregionalvm.com.ar\/noticias-villa-maria\/wp-content\/uploads\/2021\/12\/WhatsApp-Image-2021-12-19-at-11.54.49.jpeg?fit=1280%2C853&ssl=1","keywords":["asistencia","atenciones","CAPS","destacado","m\u00e1s de 31 mil","prestaciones de salud","Salud P\u00fablica","Villa Mar\u00eda"],"articleSection":["Villa Mar\u00eda"],"inLanguage":"es","potentialAction":[{"@type":"CommentAction","name":"Comment","target":["http:\/\/elregionalvm.com.ar\/noticias-villa-maria\/caps-y-asistencia-atendieron-mas-de-31-mil-personas-en-noviembre\/#respond"]}]},{"@type":"WebPage","@id":"http:\/\/elregionalvm.com.ar\/noticias-villa-maria\/caps-y-asistencia-atendieron-mas-de-31-mil-personas-en-noviembre\/","url":"http:\/\/elregionalvm.com.ar\/noticias-villa-maria\/caps-y-asistencia-atendieron-mas-de-31-mil-personas-en-noviembre\/","name":"CAPS y Asistencia atendieron m\u00e1s de 31 mil personas en noviembre - El Regional","isPartOf":{"@id":"http:\/\/elregionalvm.com.ar\/noticias-villa-maria\/#website"},"primaryImageOfPage":{"@id":"http:\/\/elregionalvm.com.ar\/noticias-villa-maria\/caps-y-asistencia-atendieron-mas-de-31-mil-personas-en-noviembre\/#primaryimage"},"image":{"@id":"http:\/\/elregionalvm.com.ar\/noticias-villa-maria\/caps-y-asistencia-atendieron-mas-de-31-mil-personas-en-noviembre\/#primaryimage"},"thumbnailUrl":"https:\/\/i0.wp.com\/elregionalvm.com.ar\/noticias-villa-maria\/wp-content\/uploads\/2021\/12\/WhatsApp-Image-2021-12-19-at-11.54.49.jpeg?fit=1280%2C853&ssl=1","datePublished":"2021-12-19T15:04:59+00:00","dateModified":"2021-12-19T15:05:01+00:00","author":{"@id":"http:\/\/elregionalvm.com.ar\/noticias-villa-maria\/#\/schema\/person\/a0fb9c422317faca23d50163151bc354"},"breadcrumb":{"@id":"http:\/\/elregionalvm.com.ar\/noticias-villa-maria\/caps-y-asistencia-atendieron-mas-de-31-mil-personas-en-noviembre\/#breadcrumb"},"inLanguage":"es","potentialAction":[{"@type":"ReadAction","target":["http:\/\/elregionalvm.com.ar\/noticias-villa-maria\/caps-y-asistencia-atendieron-mas-de-31-mil-personas-en-noviembre\/"]}]},{"@type":"ImageObject","inLanguage":"es","@id":"http:\/\/elregionalvm.com.ar\/noticias-villa-maria\/caps-y-asistencia-atendieron-mas-de-31-mil-personas-en-noviembre\/#primaryimage","url":"https:\/\/i0.wp.com\/elregionalvm.com.ar\/noticias-villa-maria\/wp-content\/uploads\/2021\/12\/WhatsApp-Image-2021-12-19-at-11.54.49.jpeg?fit=1280%2C853&ssl=1","contentUrl":"https:\/\/i0.wp.com\/elregionalvm.com.ar\/noticias-villa-maria\/wp-content\/uploads\/2021\/12\/WhatsApp-Image-2021-12-19-at-11.54.49.jpeg?fit=1280%2C853&ssl=1","width":1280,"height":853},{"@type":"BreadcrumbList","@id":"http:\/\/elregionalvm.com.ar\/noticias-villa-maria\/caps-y-asistencia-atendieron-mas-de-31-mil-personas-en-noviembre\/#breadcrumb","itemListElement":[{"@type":"ListItem","position":1,"name":"Portada","item":"https:\/\/elregionalvm.com.ar\/noticias-villa-maria\/"},{"@type":"ListItem","position":2,"name":"CAPS y Asistencia atendieron m\u00e1s de 31 mil personas en noviembre"}]},{"@type":"WebSite","@id":"http:\/\/elregionalvm.com.ar\/noticias-villa-maria\/#website","url":"http:\/\/elregionalvm.com.ar\/noticias-villa-maria\/","name":"El Regional","description":"Mucho m\u00e1s que informaci\u00f3n","potentialAction":[{"@type":"SearchAction","target":{"@type":"EntryPoint","urlTemplate":"http:\/\/elregionalvm.com.ar\/noticias-villa-maria\/?s={search_term_string}"},"query-input":{"@type":"PropertyValueSpecification","valueRequired":true,"valueName":"search_term_string"}}],"inLanguage":"es"},{"@type":"Person","@id":"http:\/\/elregionalvm.com.ar\/noticias-villa-maria\/#\/schema\/person\/a0fb9c422317faca23d50163151bc354","name":"Contenidos El Regional","image":{"@type":"ImageObject","inLanguage":"es","@id":"http:\/\/elregionalvm.com.ar\/noticias-villa-maria\/#\/schema\/person\/image\/","url":"https:\/\/secure.gravatar.com\/avatar\/265b27cb2209af7bb3a1318f03305787d7981a5cc6e6cd08fe5a4ecdf99d4b48?s=96&d=mm&r=g","contentUrl":"https:\/\/secure.gravatar.com\/avatar\/265b27cb2209af7bb3a1318f03305787d7981a5cc6e6cd08fe5a4ecdf99d4b48?s=96&d=mm&r=g","caption":"Contenidos El Regional"},"url":"https:\/\/elregionalvm.com.ar\/noticias-villa-maria\/author\/contenido\/"}]}},"jetpack_featured_media_url":"https:\/\/i0.wp.com\/elregionalvm.com.ar\/noticias-villa-maria\/wp-content\/uploads\/2021\/12\/WhatsApp-Image-2021-12-19-at-11.54.49.jpeg?fit=1280%2C853&ssl=1","jetpack_sharing_enabled":true,"_links":{"self":[{"href":"https:\/\/elregionalvm.com.ar\/noticias-villa-maria\/wp-json\/wp\/v2\/posts\/49900","targetHints":{"allow":["GET"]}}],"collection":[{"href":"https:\/\/elregionalvm.com.ar\/noticias-villa-maria\/wp-json\/wp\/v2\/posts"}],"about":[{"href":"https:\/\/elregionalvm.com.ar\/noticias-villa-maria\/wp-json\/wp\/v2\/types\/post"}],"author":[{"embeddable":true,"href":"https:\/\/elregionalvm.com.ar\/noticias-villa-maria\/wp-json\/wp\/v2\/users\/4"}],"replies":[{"embeddable":true,"href":"https:\/\/elregionalvm.com.ar\/noticias-villa-maria\/wp-json\/wp\/v2\/comments?post=49900"}],"version-history":[{"count":1,"href":"https:\/\/elregionalvm.com.ar\/noticias-villa-maria\/wp-json\/wp\/v2\/posts\/49900\/revisions"}],"predecessor-version":[{"id":49904,"href":"https:\/\/elregionalvm.com.ar\/noticias-villa-maria\/wp-json\/wp\/v2\/posts\/49900\/revisions\/49904"}],"wp:featuredmedia":[{"embeddable":true,"href":"https:\/\/elregionalvm.com.ar\/noticias-villa-maria\/wp-json\/wp\/v2\/media\/49901"}],"wp:attachment":[{"href":"https:\/\/elregionalvm.com.ar\/noticias-villa-maria\/wp-json\/wp\/v2\/media?parent=49900"}],"wp:term":[{"taxonomy":"category","embeddable":true,"href":"https:\/\/elregionalvm.com.ar\/noticias-villa-maria\/wp-json\/wp\/v2\/categories?post=49900"},{"taxonomy":"post_tag","embeddable":true,"href":"https:\/\/elregionalvm.com.ar\/noticias-villa-maria\/wp-json\/wp\/v2\/tags?post=49900"}],"curies":[{"name":"wp","href":"https:\/\/api.w.org\/{rel}","templated":true}]}}