{"id":49936,"date":"2021-12-20T21:21:45","date_gmt":"2021-12-20T21:21:45","guid":{"rendered":"https:\/\/elregionalvm.com.ar\/noticias-villa-maria\/?p=49936"},"modified":"2021-12-20T21:21:46","modified_gmt":"2021-12-20T21:21:46","slug":"presentaron-la-5o-edicion-del-festival-costa-explota","status":"publish","type":"post","link":"https:\/\/elregionalvm.com.ar\/noticias-villa-maria\/presentaron-la-5o-edicion-del-festival-costa-explota\/","title":{"rendered":"Presentaron la 5\u00ba edici\u00f3n del Festival Costa Explota"},"content":{"rendered":"\n<p>Una vez m\u00e1s, el festival Costa Explota dice presente entre los eventos de verano en la ciudad, con un amplio abanico de propuestas que se extender\u00e1n del 3 al 6 de febrero en el escenario Rub\u00e9n Vanzetti. En este marco, el municipio lleva adelante la organizaci\u00f3n de la iniciativa que tendr\u00e1 su quinta edici\u00f3n en el sector conocido como la colinita en un trabajo articulado junto a la Universidad Nacional de Villa Mar\u00eda (UNVM).<\/p>\n\n\n\n<p>Al respecto, brindaron informaci\u00f3n el secretario de Educaci\u00f3n, Cultura y Promoci\u00f3n de la Ciencia, Rafael Sachetto, en compa\u00f1\u00eda del rector de la casa de altos estudios, Luis Negretti. En di\u00e1logo con los medios, las autoridades hicieron un repaso por las principales actividades que conformar\u00e1n el tradicional festival, el cual tendr\u00e1 como protagonistas a una extensa lista de artistas locales que ser\u00e1n seleccionados por jurados de las instituciones a cargo del evento.<\/p>\n\n\n\n<p>En este sentido, el titular de la cartera de Educaci\u00f3n se\u00f1al\u00f3: \u201cEstaremos eligiendo 32 proyectos art\u00edsticos mediante una convocatoria destinada a agrupaciones y artistas independientes locales\u201d. \u201cPodr\u00e1n participar de esta instancia villamarienses de los campos de la m\u00fasica, Djs, audiovisual, danza, teatro y artes combinadas que desarrollen sus propuestas en nuestra ciudad\u201d, explic\u00f3 el funcionario.<\/p>\n\n\n\n<p>Adem\u00e1s, Sachetto resalt\u00f3 el trabajo conjunto con la UNVM e indic\u00f3 que \u201cesta iniciativa es posible gracias a la uni\u00f3n de esfuerzos, recursos, ideas y proyectos por parte de los equipos de trabajo\u201d. Del mismo modo, destac\u00f3 la importancia de llevar a cabo propuestas que contribuyen el acceso a derechos y bienes culturales, garantizando su llegada a vecinos y vecinas.<\/p>\n\n\n\n<p>Por su parte, Negretti expres\u00f3: \u201cEs una gran alegr\u00eda planear esta actividad que tendr\u00e1 entre sus n\u00fameros a referentes de la cultura local, muchos de los cuales han pasado por la UNVM\u201d. Y luego, a\u00f1adi\u00f3: \u201cNos enorgullece que a\u00f1o a a\u00f1o Costa Explota adquiera car\u00e1cter tradicional con propuestas de acceso libre en el paseo de la Costanera\u201d.<\/p>\n\n\n\n<p>Entre los n\u00fameros que tendr\u00e1n lugar en esta edici\u00f3n y que ya se encuentran confirmados, se destaca la participaci\u00f3n del elenco folkl\u00f3rico de la casa de altos estudios, la Villa Mar\u00eda Big Band y el grupo Rayos L\u00e1ser. Tambi\u00e9n pasar\u00e1n por el escenario Vanzetti la Orquesta Municipal de M\u00fasica Ciudadana Alberto Bacci y el espect\u00e1culo en homenaje a Soda Stereo a cargo de la Orquesta Sinf\u00f3nica.<\/p>\n\n\n\n<p><strong>Convocatoria<\/strong><\/p>\n\n\n\n<p>En tanto, a partir de este lunes y hasta el mi\u00e9rcoles 12 de enero estar\u00e1 abierta la convocatoria para participar de la quinta edici\u00f3n del festival que se desarrollar\u00e1 en el marco del recorrido pe\u00f1ero, previo al Festival Internacional de Pe\u00f1as.<\/p>\n\n\n\n<p>De esta manera, artistas pertenecientes a las disciplinas que integrar\u00e1n la propuesta podr\u00e1n concretar la correspondiente inscripci\u00f3n de modo gratuito en los portales web tanto del municipio como de la Universidad. Cabe destacar que los proyectos seleccionados ser\u00e1n dados a conocer el lunes 17 de enero y recibir\u00e1n un incentivo de entre $20.000 y $30.000, dependiendo la cantidad de personas que brinden su espect\u00e1culo sobre el escenario.<\/p>\n","protected":false},"excerpt":{"rendered":"<p>Una vez m\u00e1s, el festival Costa Explota dice presente entre los eventos de verano en la ciudad, con un amplio abanico de propuestas que se extender\u00e1n del 3 al 6 de febrero en el escenario Rub\u00e9n Vanzetti. En este marco, el municipio lleva adelante la organizaci\u00f3n de la iniciativa que tendr\u00e1 su quinta edici\u00f3n en [&hellip;]<\/p>\n","protected":false},"author":4,"featured_media":49939,"comment_status":"open","ping_status":"open","sticky":false,"template":"","format":"standard","meta":{"site-sidebar-layout":"default","site-content-layout":"default","ast-site-content-layout":"default","site-content-style":"default","site-sidebar-style":"default","ast-global-header-display":"","ast-banner-title-visibility":"","ast-main-header-display":"","ast-hfb-above-header-display":"","ast-hfb-below-header-display":"","ast-hfb-mobile-header-display":"","site-post-title":"","ast-breadcrumbs-content":"","ast-featured-img":"","footer-sml-layout":"","ast-disable-related-posts":"","theme-transparent-header-meta":"default","adv-header-id-meta":"","stick-header-meta":"","header-above-stick-meta":"","header-main-stick-meta":"","header-below-stick-meta":"","astra-migrate-meta-layouts":"default","ast-page-background-enabled":"default","ast-page-background-meta":{"desktop":{"background-color":"","background-image":"","background-repeat":"repeat","background-position":"center center","background-size":"auto","background-attachment":"scroll","background-type":"","background-media":"","overlay-type":"","overlay-color":"","overlay-opacity":"","overlay-gradient":""},"tablet":{"background-color":"","background-image":"","background-repeat":"repeat","background-position":"center center","background-size":"auto","background-attachment":"scroll","background-type":"","background-media":"","overlay-type":"","overlay-color":"","overlay-opacity":"","overlay-gradient":""},"mobile":{"background-color":"","background-image":"","background-repeat":"repeat","background-position":"center center","background-size":"auto","background-attachment":"scroll","background-type":"","background-media":"","overlay-type":"","overlay-color":"","overlay-opacity":"","overlay-gradient":""}},"ast-content-background-meta":{"desktop":{"background-color":"var(--ast-global-color-5)","background-image":"","background-repeat":"repeat","background-position":"center center","background-size":"auto","background-attachment":"scroll","background-type":"","background-media":"","overlay-type":"","overlay-color":"","overlay-opacity":"","overlay-gradient":""},"tablet":{"background-color":"var(--ast-global-color-5)","background-image":"","background-repeat":"repeat","background-position":"center center","background-size":"auto","background-attachment":"scroll","background-type":"","background-media":"","overlay-type":"","overlay-color":"","overlay-opacity":"","overlay-gradient":""},"mobile":{"background-color":"var(--ast-global-color-5)","background-image":"","background-repeat":"repeat","background-position":"center center","background-size":"auto","background-attachment":"scroll","background-type":"","background-media":"","overlay-type":"","overlay-color":"","overlay-opacity":"","overlay-gradient":""}},"_jetpack_memberships_contains_paid_content":false,"_joinchat":[],"footnotes":""},"categories":[2],"tags":[55,1232,12884,12886,12885,12888,2248,12889],"class_list":["post-49936","post","type-post","status-publish","format-standard","has-post-thumbnail","hentry","category-villa-maria","tag-convocatoria","tag-destacado","tag-festival-costa-explota","tag-orquesta-sinfonica","tag-quinta-edicion","tag-rayos-laser","tag-villa-maria-2","tag-villa-maria-big-band"],"yoast_head":"<!-- This site is optimized with the Yoast SEO plugin v26.8 - https:\/\/yoast.com\/product\/yoast-seo-wordpress\/ -->\n<title>Presentaron la 5\u00ba edici\u00f3n del Festival Costa Explota - El Regional<\/title>\n<meta name=\"robots\" content=\"index, follow, max-snippet:-1, max-image-preview:large, max-video-preview:-1\" \/>\n<link rel=\"canonical\" href=\"http:\/\/elregionalvm.com.ar\/noticias-villa-maria\/presentaron-la-5o-edicion-del-festival-costa-explota\/\" \/>\n<meta property=\"og:locale\" content=\"es_ES\" \/>\n<meta property=\"og:type\" content=\"article\" \/>\n<meta property=\"og:title\" content=\"Presentaron la 5\u00ba edici\u00f3n del Festival Costa Explota - El Regional\" \/>\n<meta property=\"og:description\" content=\"Una vez m\u00e1s, el festival Costa Explota dice presente entre los eventos de verano en la ciudad, con un amplio abanico de propuestas que se extender\u00e1n del 3 al 6 de febrero en el escenario Rub\u00e9n Vanzetti. En este marco, el municipio lleva adelante la organizaci\u00f3n de la iniciativa que tendr\u00e1 su quinta edici\u00f3n en [&hellip;]\" \/>\n<meta property=\"og:url\" content=\"http:\/\/elregionalvm.com.ar\/noticias-villa-maria\/presentaron-la-5o-edicion-del-festival-costa-explota\/\" \/>\n<meta property=\"og:site_name\" content=\"El Regional\" \/>\n<meta property=\"article:publisher\" content=\"https:\/\/www.facebook.com\/elregionalvm\" \/>\n<meta property=\"article:published_time\" content=\"2021-12-20T21:21:45+00:00\" \/>\n<meta property=\"article:modified_time\" content=\"2021-12-20T21:21:46+00:00\" \/>\n<meta property=\"og:image\" content=\"http:\/\/elregionalvm.com.ar\/noticias-villa-maria\/wp-content\/uploads\/2021\/12\/WhatsApp-Image-2021-12-20-at-14.15.41-1.jpeg\" \/>\n\t<meta property=\"og:image:width\" content=\"1280\" \/>\n\t<meta property=\"og:image:height\" content=\"853\" \/>\n\t<meta property=\"og:image:type\" content=\"image\/jpeg\" \/>\n<meta name=\"author\" content=\"Contenidos El Regional\" \/>\n<meta name=\"twitter:card\" content=\"summary_large_image\" \/>\n<meta name=\"twitter:creator\" content=\"@elregionalvm1\" \/>\n<meta name=\"twitter:site\" content=\"@elregionalvm1\" \/>\n<meta name=\"twitter:label1\" content=\"Escrito por\" \/>\n\t<meta name=\"twitter:data1\" content=\"Contenidos El Regional\" \/>\n\t<meta name=\"twitter:label2\" content=\"Tiempo de lectura\" \/>\n\t<meta name=\"twitter:data2\" content=\"3 minutos\" \/>\n<script type=\"application\/ld+json\" class=\"yoast-schema-graph\">{\"@context\":\"https:\/\/schema.org\",\"@graph\":[{\"@type\":\"Article\",\"@id\":\"http:\/\/elregionalvm.com.ar\/noticias-villa-maria\/presentaron-la-5o-edicion-del-festival-costa-explota\/#article\",\"isPartOf\":{\"@id\":\"http:\/\/elregionalvm.com.ar\/noticias-villa-maria\/presentaron-la-5o-edicion-del-festival-costa-explota\/\"},\"author\":{\"name\":\"Contenidos El Regional\",\"@id\":\"http:\/\/elregionalvm.com.ar\/noticias-villa-maria\/#\/schema\/person\/a0fb9c422317faca23d50163151bc354\"},\"headline\":\"Presentaron la 5\u00ba edici\u00f3n del Festival Costa Explota\",\"datePublished\":\"2021-12-20T21:21:45+00:00\",\"dateModified\":\"2021-12-20T21:21:46+00:00\",\"mainEntityOfPage\":{\"@id\":\"http:\/\/elregionalvm.com.ar\/noticias-villa-maria\/presentaron-la-5o-edicion-del-festival-costa-explota\/\"},\"wordCount\":541,\"commentCount\":0,\"image\":{\"@id\":\"http:\/\/elregionalvm.com.ar\/noticias-villa-maria\/presentaron-la-5o-edicion-del-festival-costa-explota\/#primaryimage\"},\"thumbnailUrl\":\"https:\/\/i0.wp.com\/elregionalvm.com.ar\/noticias-villa-maria\/wp-content\/uploads\/2021\/12\/WhatsApp-Image-2021-12-20-at-14.15.41-1.jpeg?fit=1280%2C853&ssl=1\",\"keywords\":[\"convocatoria\",\"destacado\",\"Festival Costa Explota\",\"Orquesta Sinf\u00f3nica\",\"quinta edici\u00f3n\",\"Rayos L\u00e1ser\",\"Villa Mar\u00eda\",\"Villa Mar\u00eda Big Band\"],\"articleSection\":[\"Villa Mar\u00eda\"],\"inLanguage\":\"es\",\"potentialAction\":[{\"@type\":\"CommentAction\",\"name\":\"Comment\",\"target\":[\"http:\/\/elregionalvm.com.ar\/noticias-villa-maria\/presentaron-la-5o-edicion-del-festival-costa-explota\/#respond\"]}]},{\"@type\":\"WebPage\",\"@id\":\"http:\/\/elregionalvm.com.ar\/noticias-villa-maria\/presentaron-la-5o-edicion-del-festival-costa-explota\/\",\"url\":\"http:\/\/elregionalvm.com.ar\/noticias-villa-maria\/presentaron-la-5o-edicion-del-festival-costa-explota\/\",\"name\":\"Presentaron la 5\u00ba edici\u00f3n del Festival Costa Explota - El Regional\",\"isPartOf\":{\"@id\":\"http:\/\/elregionalvm.com.ar\/noticias-villa-maria\/#website\"},\"primaryImageOfPage\":{\"@id\":\"http:\/\/elregionalvm.com.ar\/noticias-villa-maria\/presentaron-la-5o-edicion-del-festival-costa-explota\/#primaryimage\"},\"image\":{\"@id\":\"http:\/\/elregionalvm.com.ar\/noticias-villa-maria\/presentaron-la-5o-edicion-del-festival-costa-explota\/#primaryimage\"},\"thumbnailUrl\":\"https:\/\/i0.wp.com\/elregionalvm.com.ar\/noticias-villa-maria\/wp-content\/uploads\/2021\/12\/WhatsApp-Image-2021-12-20-at-14.15.41-1.jpeg?fit=1280%2C853&ssl=1\",\"datePublished\":\"2021-12-20T21:21:45+00:00\",\"dateModified\":\"2021-12-20T21:21:46+00:00\",\"author\":{\"@id\":\"http:\/\/elregionalvm.com.ar\/noticias-villa-maria\/#\/schema\/person\/a0fb9c422317faca23d50163151bc354\"},\"breadcrumb\":{\"@id\":\"http:\/\/elregionalvm.com.ar\/noticias-villa-maria\/presentaron-la-5o-edicion-del-festival-costa-explota\/#breadcrumb\"},\"inLanguage\":\"es\",\"potentialAction\":[{\"@type\":\"ReadAction\",\"target\":[\"http:\/\/elregionalvm.com.ar\/noticias-villa-maria\/presentaron-la-5o-edicion-del-festival-costa-explota\/\"]}]},{\"@type\":\"ImageObject\",\"inLanguage\":\"es\",\"@id\":\"http:\/\/elregionalvm.com.ar\/noticias-villa-maria\/presentaron-la-5o-edicion-del-festival-costa-explota\/#primaryimage\",\"url\":\"https:\/\/i0.wp.com\/elregionalvm.com.ar\/noticias-villa-maria\/wp-content\/uploads\/2021\/12\/WhatsApp-Image-2021-12-20-at-14.15.41-1.jpeg?fit=1280%2C853&ssl=1\",\"contentUrl\":\"https:\/\/i0.wp.com\/elregionalvm.com.ar\/noticias-villa-maria\/wp-content\/uploads\/2021\/12\/WhatsApp-Image-2021-12-20-at-14.15.41-1.jpeg?fit=1280%2C853&ssl=1\",\"width\":1280,\"height\":853},{\"@type\":\"BreadcrumbList\",\"@id\":\"http:\/\/elregionalvm.com.ar\/noticias-villa-maria\/presentaron-la-5o-edicion-del-festival-costa-explota\/#breadcrumb\",\"itemListElement\":[{\"@type\":\"ListItem\",\"position\":1,\"name\":\"Portada\",\"item\":\"https:\/\/elregionalvm.com.ar\/noticias-villa-maria\/\"},{\"@type\":\"ListItem\",\"position\":2,\"name\":\"Presentaron la 5\u00ba edici\u00f3n del Festival Costa Explota\"}]},{\"@type\":\"WebSite\",\"@id\":\"http:\/\/elregionalvm.com.ar\/noticias-villa-maria\/#website\",\"url\":\"http:\/\/elregionalvm.com.ar\/noticias-villa-maria\/\",\"name\":\"El Regional\",\"description\":\"Mucho m\u00e1s que informaci\u00f3n\",\"potentialAction\":[{\"@type\":\"SearchAction\",\"target\":{\"@type\":\"EntryPoint\",\"urlTemplate\":\"http:\/\/elregionalvm.com.ar\/noticias-villa-maria\/?s={search_term_string}\"},\"query-input\":{\"@type\":\"PropertyValueSpecification\",\"valueRequired\":true,\"valueName\":\"search_term_string\"}}],\"inLanguage\":\"es\"},{\"@type\":\"Person\",\"@id\":\"http:\/\/elregionalvm.com.ar\/noticias-villa-maria\/#\/schema\/person\/a0fb9c422317faca23d50163151bc354\",\"name\":\"Contenidos El Regional\",\"image\":{\"@type\":\"ImageObject\",\"inLanguage\":\"es\",\"@id\":\"http:\/\/elregionalvm.com.ar\/noticias-villa-maria\/#\/schema\/person\/image\/\",\"url\":\"https:\/\/secure.gravatar.com\/avatar\/265b27cb2209af7bb3a1318f03305787d7981a5cc6e6cd08fe5a4ecdf99d4b48?s=96&d=mm&r=g\",\"contentUrl\":\"https:\/\/secure.gravatar.com\/avatar\/265b27cb2209af7bb3a1318f03305787d7981a5cc6e6cd08fe5a4ecdf99d4b48?s=96&d=mm&r=g\",\"caption\":\"Contenidos El Regional\"},\"url\":\"https:\/\/elregionalvm.com.ar\/noticias-villa-maria\/author\/contenido\/\"}]}<\/script>\n<!-- \/ Yoast SEO plugin. -->","yoast_head_json":{"title":"Presentaron la 5\u00ba edici\u00f3n del Festival Costa Explota - El Regional","robots":{"index":"index","follow":"follow","max-snippet":"max-snippet:-1","max-image-preview":"max-image-preview:large","max-video-preview":"max-video-preview:-1"},"canonical":"http:\/\/elregionalvm.com.ar\/noticias-villa-maria\/presentaron-la-5o-edicion-del-festival-costa-explota\/","og_locale":"es_ES","og_type":"article","og_title":"Presentaron la 5\u00ba edici\u00f3n del Festival Costa Explota - El Regional","og_description":"Una vez m\u00e1s, el festival Costa Explota dice presente entre los eventos de verano en la ciudad, con un amplio abanico de propuestas que se extender\u00e1n del 3 al 6 de febrero en el escenario Rub\u00e9n Vanzetti. En este marco, el municipio lleva adelante la organizaci\u00f3n de la iniciativa que tendr\u00e1 su quinta edici\u00f3n en [&hellip;]","og_url":"http:\/\/elregionalvm.com.ar\/noticias-villa-maria\/presentaron-la-5o-edicion-del-festival-costa-explota\/","og_site_name":"El Regional","article_publisher":"https:\/\/www.facebook.com\/elregionalvm","article_published_time":"2021-12-20T21:21:45+00:00","article_modified_time":"2021-12-20T21:21:46+00:00","og_image":[{"width":1280,"height":853,"url":"http:\/\/elregionalvm.com.ar\/noticias-villa-maria\/wp-content\/uploads\/2021\/12\/WhatsApp-Image-2021-12-20-at-14.15.41-1.jpeg","type":"image\/jpeg"}],"author":"Contenidos El Regional","twitter_card":"summary_large_image","twitter_creator":"@elregionalvm1","twitter_site":"@elregionalvm1","twitter_misc":{"Escrito por":"Contenidos El Regional","Tiempo de lectura":"3 minutos"},"schema":{"@context":"https:\/\/schema.org","@graph":[{"@type":"Article","@id":"http:\/\/elregionalvm.com.ar\/noticias-villa-maria\/presentaron-la-5o-edicion-del-festival-costa-explota\/#article","isPartOf":{"@id":"http:\/\/elregionalvm.com.ar\/noticias-villa-maria\/presentaron-la-5o-edicion-del-festival-costa-explota\/"},"author":{"name":"Contenidos El Regional","@id":"http:\/\/elregionalvm.com.ar\/noticias-villa-maria\/#\/schema\/person\/a0fb9c422317faca23d50163151bc354"},"headline":"Presentaron la 5\u00ba edici\u00f3n del Festival Costa Explota","datePublished":"2021-12-20T21:21:45+00:00","dateModified":"2021-12-20T21:21:46+00:00","mainEntityOfPage":{"@id":"http:\/\/elregionalvm.com.ar\/noticias-villa-maria\/presentaron-la-5o-edicion-del-festival-costa-explota\/"},"wordCount":541,"commentCount":0,"image":{"@id":"http:\/\/elregionalvm.com.ar\/noticias-villa-maria\/presentaron-la-5o-edicion-del-festival-costa-explota\/#primaryimage"},"thumbnailUrl":"https:\/\/i0.wp.com\/elregionalvm.com.ar\/noticias-villa-maria\/wp-content\/uploads\/2021\/12\/WhatsApp-Image-2021-12-20-at-14.15.41-1.jpeg?fit=1280%2C853&ssl=1","keywords":["convocatoria","destacado","Festival Costa Explota","Orquesta Sinf\u00f3nica","quinta edici\u00f3n","Rayos L\u00e1ser","Villa Mar\u00eda","Villa Mar\u00eda Big Band"],"articleSection":["Villa Mar\u00eda"],"inLanguage":"es","potentialAction":[{"@type":"CommentAction","name":"Comment","target":["http:\/\/elregionalvm.com.ar\/noticias-villa-maria\/presentaron-la-5o-edicion-del-festival-costa-explota\/#respond"]}]},{"@type":"WebPage","@id":"http:\/\/elregionalvm.com.ar\/noticias-villa-maria\/presentaron-la-5o-edicion-del-festival-costa-explota\/","url":"http:\/\/elregionalvm.com.ar\/noticias-villa-maria\/presentaron-la-5o-edicion-del-festival-costa-explota\/","name":"Presentaron la 5\u00ba edici\u00f3n del Festival Costa Explota - El Regional","isPartOf":{"@id":"http:\/\/elregionalvm.com.ar\/noticias-villa-maria\/#website"},"primaryImageOfPage":{"@id":"http:\/\/elregionalvm.com.ar\/noticias-villa-maria\/presentaron-la-5o-edicion-del-festival-costa-explota\/#primaryimage"},"image":{"@id":"http:\/\/elregionalvm.com.ar\/noticias-villa-maria\/presentaron-la-5o-edicion-del-festival-costa-explota\/#primaryimage"},"thumbnailUrl":"https:\/\/i0.wp.com\/elregionalvm.com.ar\/noticias-villa-maria\/wp-content\/uploads\/2021\/12\/WhatsApp-Image-2021-12-20-at-14.15.41-1.jpeg?fit=1280%2C853&ssl=1","datePublished":"2021-12-20T21:21:45+00:00","dateModified":"2021-12-20T21:21:46+00:00","author":{"@id":"http:\/\/elregionalvm.com.ar\/noticias-villa-maria\/#\/schema\/person\/a0fb9c422317faca23d50163151bc354"},"breadcrumb":{"@id":"http:\/\/elregionalvm.com.ar\/noticias-villa-maria\/presentaron-la-5o-edicion-del-festival-costa-explota\/#breadcrumb"},"inLanguage":"es","potentialAction":[{"@type":"ReadAction","target":["http:\/\/elregionalvm.com.ar\/noticias-villa-maria\/presentaron-la-5o-edicion-del-festival-costa-explota\/"]}]},{"@type":"ImageObject","inLanguage":"es","@id":"http:\/\/elregionalvm.com.ar\/noticias-villa-maria\/presentaron-la-5o-edicion-del-festival-costa-explota\/#primaryimage","url":"https:\/\/i0.wp.com\/elregionalvm.com.ar\/noticias-villa-maria\/wp-content\/uploads\/2021\/12\/WhatsApp-Image-2021-12-20-at-14.15.41-1.jpeg?fit=1280%2C853&ssl=1","contentUrl":"https:\/\/i0.wp.com\/elregionalvm.com.ar\/noticias-villa-maria\/wp-content\/uploads\/2021\/12\/WhatsApp-Image-2021-12-20-at-14.15.41-1.jpeg?fit=1280%2C853&ssl=1","width":1280,"height":853},{"@type":"BreadcrumbList","@id":"http:\/\/elregionalvm.com.ar\/noticias-villa-maria\/presentaron-la-5o-edicion-del-festival-costa-explota\/#breadcrumb","itemListElement":[{"@type":"ListItem","position":1,"name":"Portada","item":"https:\/\/elregionalvm.com.ar\/noticias-villa-maria\/"},{"@type":"ListItem","position":2,"name":"Presentaron la 5\u00ba edici\u00f3n del Festival Costa Explota"}]},{"@type":"WebSite","@id":"http:\/\/elregionalvm.com.ar\/noticias-villa-maria\/#website","url":"http:\/\/elregionalvm.com.ar\/noticias-villa-maria\/","name":"El Regional","description":"Mucho m\u00e1s que informaci\u00f3n","potentialAction":[{"@type":"SearchAction","target":{"@type":"EntryPoint","urlTemplate":"http:\/\/elregionalvm.com.ar\/noticias-villa-maria\/?s={search_term_string}"},"query-input":{"@type":"PropertyValueSpecification","valueRequired":true,"valueName":"search_term_string"}}],"inLanguage":"es"},{"@type":"Person","@id":"http:\/\/elregionalvm.com.ar\/noticias-villa-maria\/#\/schema\/person\/a0fb9c422317faca23d50163151bc354","name":"Contenidos El Regional","image":{"@type":"ImageObject","inLanguage":"es","@id":"http:\/\/elregionalvm.com.ar\/noticias-villa-maria\/#\/schema\/person\/image\/","url":"https:\/\/secure.gravatar.com\/avatar\/265b27cb2209af7bb3a1318f03305787d7981a5cc6e6cd08fe5a4ecdf99d4b48?s=96&d=mm&r=g","contentUrl":"https:\/\/secure.gravatar.com\/avatar\/265b27cb2209af7bb3a1318f03305787d7981a5cc6e6cd08fe5a4ecdf99d4b48?s=96&d=mm&r=g","caption":"Contenidos El Regional"},"url":"https:\/\/elregionalvm.com.ar\/noticias-villa-maria\/author\/contenido\/"}]}},"jetpack_featured_media_url":"https:\/\/i0.wp.com\/elregionalvm.com.ar\/noticias-villa-maria\/wp-content\/uploads\/2021\/12\/WhatsApp-Image-2021-12-20-at-14.15.41-1.jpeg?fit=1280%2C853&ssl=1","jetpack_sharing_enabled":true,"_links":{"self":[{"href":"https:\/\/elregionalvm.com.ar\/noticias-villa-maria\/wp-json\/wp\/v2\/posts\/49936","targetHints":{"allow":["GET"]}}],"collection":[{"href":"https:\/\/elregionalvm.com.ar\/noticias-villa-maria\/wp-json\/wp\/v2\/posts"}],"about":[{"href":"https:\/\/elregionalvm.com.ar\/noticias-villa-maria\/wp-json\/wp\/v2\/types\/post"}],"author":[{"embeddable":true,"href":"https:\/\/elregionalvm.com.ar\/noticias-villa-maria\/wp-json\/wp\/v2\/users\/4"}],"replies":[{"embeddable":true,"href":"https:\/\/elregionalvm.com.ar\/noticias-villa-maria\/wp-json\/wp\/v2\/comments?post=49936"}],"version-history":[{"count":1,"href":"https:\/\/elregionalvm.com.ar\/noticias-villa-maria\/wp-json\/wp\/v2\/posts\/49936\/revisions"}],"predecessor-version":[{"id":49940,"href":"https:\/\/elregionalvm.com.ar\/noticias-villa-maria\/wp-json\/wp\/v2\/posts\/49936\/revisions\/49940"}],"wp:featuredmedia":[{"embeddable":true,"href":"https:\/\/elregionalvm.com.ar\/noticias-villa-maria\/wp-json\/wp\/v2\/media\/49939"}],"wp:attachment":[{"href":"https:\/\/elregionalvm.com.ar\/noticias-villa-maria\/wp-json\/wp\/v2\/media?parent=49936"}],"wp:term":[{"taxonomy":"category","embeddable":true,"href":"https:\/\/elregionalvm.com.ar\/noticias-villa-maria\/wp-json\/wp\/v2\/categories?post=49936"},{"taxonomy":"post_tag","embeddable":true,"href":"https:\/\/elregionalvm.com.ar\/noticias-villa-maria\/wp-json\/wp\/v2\/tags?post=49936"}],"curies":[{"name":"wp","href":"https:\/\/api.w.org\/{rel}","templated":true}]}}