{"id":49941,"date":"2021-12-20T22:04:05","date_gmt":"2021-12-20T22:04:05","guid":{"rendered":"https:\/\/elregionalvm.com.ar\/noticias-villa-maria\/?p=49941"},"modified":"2021-12-20T22:04:06","modified_gmt":"2021-12-20T22:04:06","slug":"informe-epidemiologico-explosion-de-contagios-en-villa-maria","status":"publish","type":"post","link":"https:\/\/elregionalvm.com.ar\/noticias-villa-maria\/informe-epidemiologico-explosion-de-contagios-en-villa-maria\/","title":{"rendered":"Informe epidemiol\u00f3gico: explosi\u00f3n de contagios en Villa Mar\u00eda"},"content":{"rendered":"\n<p>Este lunes hubo un salto de casos en la ciudad de Villa Mar\u00eda de contagios de covid. Se notificaron 19 positivos en total durante la jornada.<\/p>\n\n\n\n<div class=\"wp-block-image\"><figure class=\"aligncenter size-large is-resized\"><img data-recalc-dims=\"1\" fetchpriority=\"high\" decoding=\"async\" src=\"https:\/\/i0.wp.com\/elregionalvm.com.ar\/noticias-villa-maria\/wp-content\/uploads\/2021\/12\/WhatsApp-Image-2021-12-20-at-17.44.40-1.jpeg?resize=485%2C212&#038;ssl=1\" alt=\"\" class=\"wp-image-49942\" width=\"485\" height=\"212\" srcset=\"https:\/\/i0.wp.com\/elregionalvm.com.ar\/noticias-villa-maria\/wp-content\/uploads\/2021\/12\/WhatsApp-Image-2021-12-20-at-17.44.40-1.jpeg?resize=1024%2C449&amp;ssl=1 1024w, https:\/\/i0.wp.com\/elregionalvm.com.ar\/noticias-villa-maria\/wp-content\/uploads\/2021\/12\/WhatsApp-Image-2021-12-20-at-17.44.40-1.jpeg?resize=300%2C132&amp;ssl=1 300w, https:\/\/i0.wp.com\/elregionalvm.com.ar\/noticias-villa-maria\/wp-content\/uploads\/2021\/12\/WhatsApp-Image-2021-12-20-at-17.44.40-1.jpeg?resize=768%2C337&amp;ssl=1 768w, https:\/\/i0.wp.com\/elregionalvm.com.ar\/noticias-villa-maria\/wp-content\/uploads\/2021\/12\/WhatsApp-Image-2021-12-20-at-17.44.40-1.jpeg?resize=1536%2C673&amp;ssl=1 1536w, https:\/\/i0.wp.com\/elregionalvm.com.ar\/noticias-villa-maria\/wp-content\/uploads\/2021\/12\/WhatsApp-Image-2021-12-20-at-17.44.40-1.jpeg?w=1624&amp;ssl=1 1624w\" sizes=\"(max-width: 485px) 100vw, 485px\" \/><\/figure><\/div>\n\n\n\n<p><strong>Informe de Salud Municipal<\/strong><\/p>\n\n\n\n<p>En conferencia de prensa, el Secretario de Salud de la Municipalidad, Dr. Pedro Trecco inform\u00f3 que es necesario que la gente vuelva a las medidas primordiales para evitar los contagios, tales como distanciamiento social, usar barbijo y lavado de manos. Sostuvo que el ritmo de contagios es abrumador y que los casos se han multiplicado en cuesti\u00f3n de d\u00edas, algo que alarma. Ante la menor duda de covid, invita a testearse, en la Asistencia y en el anfiteatro, ya que estos testeos se practican de lunes a lunes. <\/p>\n\n\n\n<p><strong>Pase sanitario<\/strong><\/p>\n\n\n\n<p>Confirm\u00f3 que el Pase Sanitario se pedir\u00e1 para acceder al Anfiteatro y tambi\u00e9n en lo que es el PrePe\u00f1a para mayor seguridad para todos; indic\u00f3 que se podr\u00e1 tramitarlo digitalmente o de lo contrario el carnet de vacunaci\u00f3n que se otorg\u00f3 al momento de colocarse las dosis tambi\u00e9n ser\u00e1 v\u00e1lido.<\/p>\n\n\n\n<p><strong>Cinco internados, algunos en estado delicado<\/strong><\/p>\n\n\n\n<p>Por otro lado, se\u00f1al\u00f3 que hay dos personas internadas en el Hospital Pasteur y tres en cl\u00ednicas privadas. Las tres que est\u00e1n en cl\u00ednicas, son mayores de 70 a\u00f1os, ninguna estaba vacunada, una est\u00e1 en estado cr\u00edtico y dos en estado muy delicado. \u00abPor lo cual, reiteramos que las vacunas son seguras, son efectivas, y  la efectivad m\u00e1xima la vamos a tener cuando todos estemos vacunados\u00bb, expres\u00f3 Trecco. <\/p>\n\n\n\n<div class=\"wp-block-image\"><figure class=\"aligncenter size-large is-resized\"><img data-recalc-dims=\"1\" decoding=\"async\" src=\"https:\/\/i0.wp.com\/elregionalvm.com.ar\/noticias-villa-maria\/wp-content\/uploads\/2021\/12\/WhatsApp-Image-2021-12-20-at-15.08.04-1.jpeg?resize=379%2C379&#038;ssl=1\" alt=\"\" class=\"wp-image-49943\" width=\"379\" height=\"379\" srcset=\"https:\/\/i0.wp.com\/elregionalvm.com.ar\/noticias-villa-maria\/wp-content\/uploads\/2021\/12\/WhatsApp-Image-2021-12-20-at-15.08.04-1.jpeg?resize=1024%2C1024&amp;ssl=1 1024w, https:\/\/i0.wp.com\/elregionalvm.com.ar\/noticias-villa-maria\/wp-content\/uploads\/2021\/12\/WhatsApp-Image-2021-12-20-at-15.08.04-1.jpeg?resize=300%2C300&amp;ssl=1 300w, https:\/\/i0.wp.com\/elregionalvm.com.ar\/noticias-villa-maria\/wp-content\/uploads\/2021\/12\/WhatsApp-Image-2021-12-20-at-15.08.04-1.jpeg?resize=768%2C768&amp;ssl=1 768w, https:\/\/i0.wp.com\/elregionalvm.com.ar\/noticias-villa-maria\/wp-content\/uploads\/2021\/12\/WhatsApp-Image-2021-12-20-at-15.08.04-1.jpeg?w=1080&amp;ssl=1 1080w\" sizes=\"(max-width: 379px) 100vw, 379px\" \/><\/figure><\/div>\n\n\n\n<p>Se realizaron cuadros comparativos en lo que fueron las cifras de noviembre y como est\u00e1n las cifras en lo que va de diciembre, sin los 17 nuevos casos notificados hoy:<\/p>\n\n\n\n<figure class=\"wp-block-gallery columns-2 is-cropped wp-block-gallery-1 is-layout-flex wp-block-gallery-is-layout-flex\"><ul class=\"blocks-gallery-grid\"><li class=\"blocks-gallery-item\"><figure><img data-recalc-dims=\"1\" decoding=\"async\" width=\"1024\" height=\"1024\" src=\"https:\/\/i0.wp.com\/elregionalvm.com.ar\/noticias-villa-maria\/wp-content\/uploads\/2021\/12\/WhatsApp-Image-2021-12-20-at-15.07.54.jpeg?resize=1024%2C1024&#038;ssl=1\" alt=\"\" data-id=\"49944\" data-link=\"https:\/\/elregionalvm.com.ar\/noticias-villa-maria\/?attachment_id=49944\" class=\"wp-image-49944\" srcset=\"https:\/\/i0.wp.com\/elregionalvm.com.ar\/noticias-villa-maria\/wp-content\/uploads\/2021\/12\/WhatsApp-Image-2021-12-20-at-15.07.54.jpeg?resize=1024%2C1024&amp;ssl=1 1024w, https:\/\/i0.wp.com\/elregionalvm.com.ar\/noticias-villa-maria\/wp-content\/uploads\/2021\/12\/WhatsApp-Image-2021-12-20-at-15.07.54.jpeg?resize=300%2C300&amp;ssl=1 300w, https:\/\/i0.wp.com\/elregionalvm.com.ar\/noticias-villa-maria\/wp-content\/uploads\/2021\/12\/WhatsApp-Image-2021-12-20-at-15.07.54.jpeg?resize=768%2C768&amp;ssl=1 768w, https:\/\/i0.wp.com\/elregionalvm.com.ar\/noticias-villa-maria\/wp-content\/uploads\/2021\/12\/WhatsApp-Image-2021-12-20-at-15.07.54.jpeg?w=1080&amp;ssl=1 1080w\" sizes=\"(max-width: 1000px) 100vw, 1000px\" \/><\/figure><\/li><li class=\"blocks-gallery-item\"><figure><img data-recalc-dims=\"1\" loading=\"lazy\" decoding=\"async\" width=\"1024\" height=\"1024\" src=\"https:\/\/i0.wp.com\/elregionalvm.com.ar\/noticias-villa-maria\/wp-content\/uploads\/2021\/12\/WhatsApp-Image-2021-12-20-at-15.07.53.jpeg?resize=1024%2C1024&#038;ssl=1\" alt=\"\" data-id=\"49945\" data-full-url=\"https:\/\/elregionalvm.com.ar\/noticias-villa-maria\/wp-content\/uploads\/2021\/12\/WhatsApp-Image-2021-12-20-at-15.07.53.jpeg\" data-link=\"https:\/\/elregionalvm.com.ar\/noticias-villa-maria\/?attachment_id=49945\" class=\"wp-image-49945\" srcset=\"https:\/\/i0.wp.com\/elregionalvm.com.ar\/noticias-villa-maria\/wp-content\/uploads\/2021\/12\/WhatsApp-Image-2021-12-20-at-15.07.53.jpeg?resize=1024%2C1024&amp;ssl=1 1024w, https:\/\/i0.wp.com\/elregionalvm.com.ar\/noticias-villa-maria\/wp-content\/uploads\/2021\/12\/WhatsApp-Image-2021-12-20-at-15.07.53.jpeg?resize=300%2C300&amp;ssl=1 300w, https:\/\/i0.wp.com\/elregionalvm.com.ar\/noticias-villa-maria\/wp-content\/uploads\/2021\/12\/WhatsApp-Image-2021-12-20-at-15.07.53.jpeg?resize=768%2C768&amp;ssl=1 768w, https:\/\/i0.wp.com\/elregionalvm.com.ar\/noticias-villa-maria\/wp-content\/uploads\/2021\/12\/WhatsApp-Image-2021-12-20-at-15.07.53.jpeg?w=1080&amp;ssl=1 1080w\" sizes=\"(max-width: 1000px) 100vw, 1000px\" \/><\/figure><\/li><\/ul><\/figure>\n\n\n\n<figure class=\"wp-block-image size-full\"><img data-recalc-dims=\"1\" loading=\"lazy\" decoding=\"async\" width=\"999\" height=\"553\" src=\"https:\/\/i0.wp.com\/elregionalvm.com.ar\/noticias-villa-maria\/wp-content\/uploads\/2021\/12\/cuadro-cifras-diciembre.png?resize=999%2C553&#038;ssl=1\" alt=\"\" class=\"wp-image-49946\" srcset=\"https:\/\/i0.wp.com\/elregionalvm.com.ar\/noticias-villa-maria\/wp-content\/uploads\/2021\/12\/cuadro-cifras-diciembre.png?w=999&amp;ssl=1 999w, https:\/\/i0.wp.com\/elregionalvm.com.ar\/noticias-villa-maria\/wp-content\/uploads\/2021\/12\/cuadro-cifras-diciembre.png?resize=300%2C166&amp;ssl=1 300w, https:\/\/i0.wp.com\/elregionalvm.com.ar\/noticias-villa-maria\/wp-content\/uploads\/2021\/12\/cuadro-cifras-diciembre.png?resize=768%2C425&amp;ssl=1 768w\" sizes=\"(max-width: 999px) 100vw, 999px\" \/><\/figure>\n","protected":false},"excerpt":{"rendered":"<p>Este lunes hubo un salto de casos en la ciudad de Villa Mar\u00eda de contagios de covid. Se notificaron 19 positivos en total durante la jornada. Informe de Salud Municipal En conferencia de prensa, el Secretario de Salud de la Municipalidad, Dr. Pedro Trecco inform\u00f3 que es necesario que la gente vuelva a las medidas [&hellip;]<\/p>\n","protected":false},"author":4,"featured_media":49947,"comment_status":"open","ping_status":"open","sticky":false,"template":"","format":"standard","meta":{"site-sidebar-layout":"default","site-content-layout":"default","ast-site-content-layout":"default","site-content-style":"default","site-sidebar-style":"default","ast-global-header-display":"","ast-banner-title-visibility":"","ast-main-header-display":"","ast-hfb-above-header-display":"","ast-hfb-below-header-display":"","ast-hfb-mobile-header-display":"","site-post-title":"","ast-breadcrumbs-content":"","ast-featured-img":"","footer-sml-layout":"","ast-disable-related-posts":"","theme-transparent-header-meta":"default","adv-header-id-meta":"","stick-header-meta":"","header-above-stick-meta":"","header-main-stick-meta":"","header-below-stick-meta":"","astra-migrate-meta-layouts":"default","ast-page-background-enabled":"default","ast-page-background-meta":{"desktop":{"background-color":"","background-image":"","background-repeat":"repeat","background-position":"center center","background-size":"auto","background-attachment":"scroll","background-type":"","background-media":"","overlay-type":"","overlay-color":"","overlay-opacity":"","overlay-gradient":""},"tablet":{"background-color":"","background-image":"","background-repeat":"repeat","background-position":"center center","background-size":"auto","background-attachment":"scroll","background-type":"","background-media":"","overlay-type":"","overlay-color":"","overlay-opacity":"","overlay-gradient":""},"mobile":{"background-color":"","background-image":"","background-repeat":"repeat","background-position":"center center","background-size":"auto","background-attachment":"scroll","background-type":"","background-media":"","overlay-type":"","overlay-color":"","overlay-opacity":"","overlay-gradient":""}},"ast-content-background-meta":{"desktop":{"background-color":"var(--ast-global-color-5)","background-image":"","background-repeat":"repeat","background-position":"center center","background-size":"auto","background-attachment":"scroll","background-type":"","background-media":"","overlay-type":"","overlay-color":"","overlay-opacity":"","overlay-gradient":""},"tablet":{"background-color":"var(--ast-global-color-5)","background-image":"","background-repeat":"repeat","background-position":"center center","background-size":"auto","background-attachment":"scroll","background-type":"","background-media":"","overlay-type":"","overlay-color":"","overlay-opacity":"","overlay-gradient":""},"mobile":{"background-color":"var(--ast-global-color-5)","background-image":"","background-repeat":"repeat","background-position":"center center","background-size":"auto","background-attachment":"scroll","background-type":"","background-media":"","overlay-type":"","overlay-color":"","overlay-opacity":"","overlay-gradient":""}},"_jetpack_memberships_contains_paid_content":false,"_joinchat":[],"footnotes":""},"categories":[2256,2],"tags":[3907,1997,1232,12891,11081,12892,4610,12890],"class_list":["post-49941","post","type-post","status-publish","format-standard","has-post-thumbnail","hentry","category-coronavirus","category-villa-maria","tag-casos-diarios","tag-coronavirus","tag-destacado","tag-explosion-de-contagios","tag-informe-epidemiologico-local","tag-lunes-20-de-diciembre-de-2021","tag-salud-municipal","tag-dr-pedro-trecco-2"],"yoast_head":"<!-- This site is optimized with the Yoast SEO plugin v26.8 - https:\/\/yoast.com\/product\/yoast-seo-wordpress\/ -->\n<title>Informe epidemiol\u00f3gico: explosi\u00f3n de contagios en Villa Mar\u00eda - El Regional<\/title>\n<meta name=\"robots\" content=\"index, follow, max-snippet:-1, max-image-preview:large, max-video-preview:-1\" \/>\n<link rel=\"canonical\" href=\"http:\/\/elregionalvm.com.ar\/noticias-villa-maria\/informe-epidemiologico-explosion-de-contagios-en-villa-maria\/\" \/>\n<meta property=\"og:locale\" content=\"es_ES\" \/>\n<meta property=\"og:type\" content=\"article\" \/>\n<meta property=\"og:title\" content=\"Informe epidemiol\u00f3gico: explosi\u00f3n de contagios en Villa Mar\u00eda - El Regional\" \/>\n<meta property=\"og:description\" content=\"Este lunes hubo un salto de casos en la ciudad de Villa Mar\u00eda de contagios de covid. Se notificaron 19 positivos en total durante la jornada. Informe de Salud Municipal En conferencia de prensa, el Secretario de Salud de la Municipalidad, Dr. Pedro Trecco inform\u00f3 que es necesario que la gente vuelva a las medidas [&hellip;]\" \/>\n<meta property=\"og:url\" content=\"http:\/\/elregionalvm.com.ar\/noticias-villa-maria\/informe-epidemiologico-explosion-de-contagios-en-villa-maria\/\" \/>\n<meta property=\"og:site_name\" content=\"El Regional\" \/>\n<meta property=\"article:publisher\" content=\"https:\/\/www.facebook.com\/elregionalvm\" \/>\n<meta property=\"article:published_time\" content=\"2021-12-20T22:04:05+00:00\" \/>\n<meta property=\"article:modified_time\" content=\"2021-12-20T22:04:06+00:00\" \/>\n<meta property=\"og:image\" content=\"http:\/\/elregionalvm.com.ar\/noticias-villa-maria\/wp-content\/uploads\/2021\/12\/pedro-trecco-1.jpeg\" \/>\n\t<meta property=\"og:image:width\" content=\"900\" \/>\n\t<meta property=\"og:image:height\" content=\"675\" \/>\n\t<meta property=\"og:image:type\" content=\"image\/jpeg\" \/>\n<meta name=\"author\" content=\"Contenidos El Regional\" \/>\n<meta name=\"twitter:card\" content=\"summary_large_image\" \/>\n<meta name=\"twitter:creator\" content=\"@elregionalvm1\" \/>\n<meta name=\"twitter:site\" content=\"@elregionalvm1\" \/>\n<meta name=\"twitter:label1\" content=\"Escrito por\" \/>\n\t<meta name=\"twitter:data1\" content=\"Contenidos El Regional\" \/>\n\t<meta name=\"twitter:label2\" content=\"Tiempo de lectura\" \/>\n\t<meta name=\"twitter:data2\" content=\"3 minutos\" \/>\n<script type=\"application\/ld+json\" class=\"yoast-schema-graph\">{\"@context\":\"https:\/\/schema.org\",\"@graph\":[{\"@type\":\"Article\",\"@id\":\"http:\/\/elregionalvm.com.ar\/noticias-villa-maria\/informe-epidemiologico-explosion-de-contagios-en-villa-maria\/#article\",\"isPartOf\":{\"@id\":\"http:\/\/elregionalvm.com.ar\/noticias-villa-maria\/informe-epidemiologico-explosion-de-contagios-en-villa-maria\/\"},\"author\":{\"name\":\"Contenidos El Regional\",\"@id\":\"http:\/\/elregionalvm.com.ar\/noticias-villa-maria\/#\/schema\/person\/a0fb9c422317faca23d50163151bc354\"},\"headline\":\"Informe epidemiol\u00f3gico: explosi\u00f3n de contagios en Villa Mar\u00eda\",\"datePublished\":\"2021-12-20T22:04:05+00:00\",\"dateModified\":\"2021-12-20T22:04:06+00:00\",\"mainEntityOfPage\":{\"@id\":\"http:\/\/elregionalvm.com.ar\/noticias-villa-maria\/informe-epidemiologico-explosion-de-contagios-en-villa-maria\/\"},\"wordCount\":298,\"commentCount\":0,\"image\":{\"@id\":\"http:\/\/elregionalvm.com.ar\/noticias-villa-maria\/informe-epidemiologico-explosion-de-contagios-en-villa-maria\/#primaryimage\"},\"thumbnailUrl\":\"https:\/\/i0.wp.com\/elregionalvm.com.ar\/noticias-villa-maria\/wp-content\/uploads\/2021\/12\/pedro-trecco-1.jpeg?fit=900%2C675&ssl=1\",\"keywords\":[\"casos diarios\",\"Coronavirus\",\"destacado\",\"explosi\u00f3n de contagios\",\"informe epidemiol\u00f3gico local\",\"lunes 20 de diciembre de 2021\",\"salud municipal\",\"\u00b4Dr. Pedro Trecco\"],\"articleSection\":[\"Coronavirus\",\"Villa Mar\u00eda\"],\"inLanguage\":\"es\",\"potentialAction\":[{\"@type\":\"CommentAction\",\"name\":\"Comment\",\"target\":[\"http:\/\/elregionalvm.com.ar\/noticias-villa-maria\/informe-epidemiologico-explosion-de-contagios-en-villa-maria\/#respond\"]}]},{\"@type\":\"WebPage\",\"@id\":\"http:\/\/elregionalvm.com.ar\/noticias-villa-maria\/informe-epidemiologico-explosion-de-contagios-en-villa-maria\/\",\"url\":\"http:\/\/elregionalvm.com.ar\/noticias-villa-maria\/informe-epidemiologico-explosion-de-contagios-en-villa-maria\/\",\"name\":\"Informe epidemiol\u00f3gico: explosi\u00f3n de contagios en Villa Mar\u00eda - El Regional\",\"isPartOf\":{\"@id\":\"http:\/\/elregionalvm.com.ar\/noticias-villa-maria\/#website\"},\"primaryImageOfPage\":{\"@id\":\"http:\/\/elregionalvm.com.ar\/noticias-villa-maria\/informe-epidemiologico-explosion-de-contagios-en-villa-maria\/#primaryimage\"},\"image\":{\"@id\":\"http:\/\/elregionalvm.com.ar\/noticias-villa-maria\/informe-epidemiologico-explosion-de-contagios-en-villa-maria\/#primaryimage\"},\"thumbnailUrl\":\"https:\/\/i0.wp.com\/elregionalvm.com.ar\/noticias-villa-maria\/wp-content\/uploads\/2021\/12\/pedro-trecco-1.jpeg?fit=900%2C675&ssl=1\",\"datePublished\":\"2021-12-20T22:04:05+00:00\",\"dateModified\":\"2021-12-20T22:04:06+00:00\",\"author\":{\"@id\":\"http:\/\/elregionalvm.com.ar\/noticias-villa-maria\/#\/schema\/person\/a0fb9c422317faca23d50163151bc354\"},\"breadcrumb\":{\"@id\":\"http:\/\/elregionalvm.com.ar\/noticias-villa-maria\/informe-epidemiologico-explosion-de-contagios-en-villa-maria\/#breadcrumb\"},\"inLanguage\":\"es\",\"potentialAction\":[{\"@type\":\"ReadAction\",\"target\":[\"http:\/\/elregionalvm.com.ar\/noticias-villa-maria\/informe-epidemiologico-explosion-de-contagios-en-villa-maria\/\"]}]},{\"@type\":\"ImageObject\",\"inLanguage\":\"es\",\"@id\":\"http:\/\/elregionalvm.com.ar\/noticias-villa-maria\/informe-epidemiologico-explosion-de-contagios-en-villa-maria\/#primaryimage\",\"url\":\"https:\/\/i0.wp.com\/elregionalvm.com.ar\/noticias-villa-maria\/wp-content\/uploads\/2021\/12\/pedro-trecco-1.jpeg?fit=900%2C675&ssl=1\",\"contentUrl\":\"https:\/\/i0.wp.com\/elregionalvm.com.ar\/noticias-villa-maria\/wp-content\/uploads\/2021\/12\/pedro-trecco-1.jpeg?fit=900%2C675&ssl=1\",\"width\":900,\"height\":675},{\"@type\":\"BreadcrumbList\",\"@id\":\"http:\/\/elregionalvm.com.ar\/noticias-villa-maria\/informe-epidemiologico-explosion-de-contagios-en-villa-maria\/#breadcrumb\",\"itemListElement\":[{\"@type\":\"ListItem\",\"position\":1,\"name\":\"Portada\",\"item\":\"https:\/\/elregionalvm.com.ar\/noticias-villa-maria\/\"},{\"@type\":\"ListItem\",\"position\":2,\"name\":\"Informe epidemiol\u00f3gico: explosi\u00f3n de contagios en Villa Mar\u00eda\"}]},{\"@type\":\"WebSite\",\"@id\":\"http:\/\/elregionalvm.com.ar\/noticias-villa-maria\/#website\",\"url\":\"http:\/\/elregionalvm.com.ar\/noticias-villa-maria\/\",\"name\":\"El Regional\",\"description\":\"Mucho m\u00e1s que informaci\u00f3n\",\"potentialAction\":[{\"@type\":\"SearchAction\",\"target\":{\"@type\":\"EntryPoint\",\"urlTemplate\":\"http:\/\/elregionalvm.com.ar\/noticias-villa-maria\/?s={search_term_string}\"},\"query-input\":{\"@type\":\"PropertyValueSpecification\",\"valueRequired\":true,\"valueName\":\"search_term_string\"}}],\"inLanguage\":\"es\"},{\"@type\":\"Person\",\"@id\":\"http:\/\/elregionalvm.com.ar\/noticias-villa-maria\/#\/schema\/person\/a0fb9c422317faca23d50163151bc354\",\"name\":\"Contenidos El Regional\",\"image\":{\"@type\":\"ImageObject\",\"inLanguage\":\"es\",\"@id\":\"http:\/\/elregionalvm.com.ar\/noticias-villa-maria\/#\/schema\/person\/image\/\",\"url\":\"https:\/\/secure.gravatar.com\/avatar\/265b27cb2209af7bb3a1318f03305787d7981a5cc6e6cd08fe5a4ecdf99d4b48?s=96&d=mm&r=g\",\"contentUrl\":\"https:\/\/secure.gravatar.com\/avatar\/265b27cb2209af7bb3a1318f03305787d7981a5cc6e6cd08fe5a4ecdf99d4b48?s=96&d=mm&r=g\",\"caption\":\"Contenidos El Regional\"},\"url\":\"https:\/\/elregionalvm.com.ar\/noticias-villa-maria\/author\/contenido\/\"}]}<\/script>\n<!-- \/ Yoast SEO plugin. -->","yoast_head_json":{"title":"Informe epidemiol\u00f3gico: explosi\u00f3n de contagios en Villa Mar\u00eda - El Regional","robots":{"index":"index","follow":"follow","max-snippet":"max-snippet:-1","max-image-preview":"max-image-preview:large","max-video-preview":"max-video-preview:-1"},"canonical":"http:\/\/elregionalvm.com.ar\/noticias-villa-maria\/informe-epidemiologico-explosion-de-contagios-en-villa-maria\/","og_locale":"es_ES","og_type":"article","og_title":"Informe epidemiol\u00f3gico: explosi\u00f3n de contagios en Villa Mar\u00eda - El Regional","og_description":"Este lunes hubo un salto de casos en la ciudad de Villa Mar\u00eda de contagios de covid. Se notificaron 19 positivos en total durante la jornada. Informe de Salud Municipal En conferencia de prensa, el Secretario de Salud de la Municipalidad, Dr. Pedro Trecco inform\u00f3 que es necesario que la gente vuelva a las medidas [&hellip;]","og_url":"http:\/\/elregionalvm.com.ar\/noticias-villa-maria\/informe-epidemiologico-explosion-de-contagios-en-villa-maria\/","og_site_name":"El Regional","article_publisher":"https:\/\/www.facebook.com\/elregionalvm","article_published_time":"2021-12-20T22:04:05+00:00","article_modified_time":"2021-12-20T22:04:06+00:00","og_image":[{"width":900,"height":675,"url":"http:\/\/elregionalvm.com.ar\/noticias-villa-maria\/wp-content\/uploads\/2021\/12\/pedro-trecco-1.jpeg","type":"image\/jpeg"}],"author":"Contenidos El Regional","twitter_card":"summary_large_image","twitter_creator":"@elregionalvm1","twitter_site":"@elregionalvm1","twitter_misc":{"Escrito por":"Contenidos El Regional","Tiempo de lectura":"3 minutos"},"schema":{"@context":"https:\/\/schema.org","@graph":[{"@type":"Article","@id":"http:\/\/elregionalvm.com.ar\/noticias-villa-maria\/informe-epidemiologico-explosion-de-contagios-en-villa-maria\/#article","isPartOf":{"@id":"http:\/\/elregionalvm.com.ar\/noticias-villa-maria\/informe-epidemiologico-explosion-de-contagios-en-villa-maria\/"},"author":{"name":"Contenidos El Regional","@id":"http:\/\/elregionalvm.com.ar\/noticias-villa-maria\/#\/schema\/person\/a0fb9c422317faca23d50163151bc354"},"headline":"Informe epidemiol\u00f3gico: explosi\u00f3n de contagios en Villa Mar\u00eda","datePublished":"2021-12-20T22:04:05+00:00","dateModified":"2021-12-20T22:04:06+00:00","mainEntityOfPage":{"@id":"http:\/\/elregionalvm.com.ar\/noticias-villa-maria\/informe-epidemiologico-explosion-de-contagios-en-villa-maria\/"},"wordCount":298,"commentCount":0,"image":{"@id":"http:\/\/elregionalvm.com.ar\/noticias-villa-maria\/informe-epidemiologico-explosion-de-contagios-en-villa-maria\/#primaryimage"},"thumbnailUrl":"https:\/\/i0.wp.com\/elregionalvm.com.ar\/noticias-villa-maria\/wp-content\/uploads\/2021\/12\/pedro-trecco-1.jpeg?fit=900%2C675&ssl=1","keywords":["casos diarios","Coronavirus","destacado","explosi\u00f3n de contagios","informe epidemiol\u00f3gico local","lunes 20 de diciembre de 2021","salud municipal","\u00b4Dr. Pedro Trecco"],"articleSection":["Coronavirus","Villa Mar\u00eda"],"inLanguage":"es","potentialAction":[{"@type":"CommentAction","name":"Comment","target":["http:\/\/elregionalvm.com.ar\/noticias-villa-maria\/informe-epidemiologico-explosion-de-contagios-en-villa-maria\/#respond"]}]},{"@type":"WebPage","@id":"http:\/\/elregionalvm.com.ar\/noticias-villa-maria\/informe-epidemiologico-explosion-de-contagios-en-villa-maria\/","url":"http:\/\/elregionalvm.com.ar\/noticias-villa-maria\/informe-epidemiologico-explosion-de-contagios-en-villa-maria\/","name":"Informe epidemiol\u00f3gico: explosi\u00f3n de contagios en Villa Mar\u00eda - El Regional","isPartOf":{"@id":"http:\/\/elregionalvm.com.ar\/noticias-villa-maria\/#website"},"primaryImageOfPage":{"@id":"http:\/\/elregionalvm.com.ar\/noticias-villa-maria\/informe-epidemiologico-explosion-de-contagios-en-villa-maria\/#primaryimage"},"image":{"@id":"http:\/\/elregionalvm.com.ar\/noticias-villa-maria\/informe-epidemiologico-explosion-de-contagios-en-villa-maria\/#primaryimage"},"thumbnailUrl":"https:\/\/i0.wp.com\/elregionalvm.com.ar\/noticias-villa-maria\/wp-content\/uploads\/2021\/12\/pedro-trecco-1.jpeg?fit=900%2C675&ssl=1","datePublished":"2021-12-20T22:04:05+00:00","dateModified":"2021-12-20T22:04:06+00:00","author":{"@id":"http:\/\/elregionalvm.com.ar\/noticias-villa-maria\/#\/schema\/person\/a0fb9c422317faca23d50163151bc354"},"breadcrumb":{"@id":"http:\/\/elregionalvm.com.ar\/noticias-villa-maria\/informe-epidemiologico-explosion-de-contagios-en-villa-maria\/#breadcrumb"},"inLanguage":"es","potentialAction":[{"@type":"ReadAction","target":["http:\/\/elregionalvm.com.ar\/noticias-villa-maria\/informe-epidemiologico-explosion-de-contagios-en-villa-maria\/"]}]},{"@type":"ImageObject","inLanguage":"es","@id":"http:\/\/elregionalvm.com.ar\/noticias-villa-maria\/informe-epidemiologico-explosion-de-contagios-en-villa-maria\/#primaryimage","url":"https:\/\/i0.wp.com\/elregionalvm.com.ar\/noticias-villa-maria\/wp-content\/uploads\/2021\/12\/pedro-trecco-1.jpeg?fit=900%2C675&ssl=1","contentUrl":"https:\/\/i0.wp.com\/elregionalvm.com.ar\/noticias-villa-maria\/wp-content\/uploads\/2021\/12\/pedro-trecco-1.jpeg?fit=900%2C675&ssl=1","width":900,"height":675},{"@type":"BreadcrumbList","@id":"http:\/\/elregionalvm.com.ar\/noticias-villa-maria\/informe-epidemiologico-explosion-de-contagios-en-villa-maria\/#breadcrumb","itemListElement":[{"@type":"ListItem","position":1,"name":"Portada","item":"https:\/\/elregionalvm.com.ar\/noticias-villa-maria\/"},{"@type":"ListItem","position":2,"name":"Informe epidemiol\u00f3gico: explosi\u00f3n de contagios en Villa Mar\u00eda"}]},{"@type":"WebSite","@id":"http:\/\/elregionalvm.com.ar\/noticias-villa-maria\/#website","url":"http:\/\/elregionalvm.com.ar\/noticias-villa-maria\/","name":"El Regional","description":"Mucho m\u00e1s que informaci\u00f3n","potentialAction":[{"@type":"SearchAction","target":{"@type":"EntryPoint","urlTemplate":"http:\/\/elregionalvm.com.ar\/noticias-villa-maria\/?s={search_term_string}"},"query-input":{"@type":"PropertyValueSpecification","valueRequired":true,"valueName":"search_term_string"}}],"inLanguage":"es"},{"@type":"Person","@id":"http:\/\/elregionalvm.com.ar\/noticias-villa-maria\/#\/schema\/person\/a0fb9c422317faca23d50163151bc354","name":"Contenidos El Regional","image":{"@type":"ImageObject","inLanguage":"es","@id":"http:\/\/elregionalvm.com.ar\/noticias-villa-maria\/#\/schema\/person\/image\/","url":"https:\/\/secure.gravatar.com\/avatar\/265b27cb2209af7bb3a1318f03305787d7981a5cc6e6cd08fe5a4ecdf99d4b48?s=96&d=mm&r=g","contentUrl":"https:\/\/secure.gravatar.com\/avatar\/265b27cb2209af7bb3a1318f03305787d7981a5cc6e6cd08fe5a4ecdf99d4b48?s=96&d=mm&r=g","caption":"Contenidos El Regional"},"url":"https:\/\/elregionalvm.com.ar\/noticias-villa-maria\/author\/contenido\/"}]}},"jetpack_featured_media_url":"https:\/\/i0.wp.com\/elregionalvm.com.ar\/noticias-villa-maria\/wp-content\/uploads\/2021\/12\/pedro-trecco-1.jpeg?fit=900%2C675&ssl=1","jetpack_sharing_enabled":true,"_links":{"self":[{"href":"https:\/\/elregionalvm.com.ar\/noticias-villa-maria\/wp-json\/wp\/v2\/posts\/49941","targetHints":{"allow":["GET"]}}],"collection":[{"href":"https:\/\/elregionalvm.com.ar\/noticias-villa-maria\/wp-json\/wp\/v2\/posts"}],"about":[{"href":"https:\/\/elregionalvm.com.ar\/noticias-villa-maria\/wp-json\/wp\/v2\/types\/post"}],"author":[{"embeddable":true,"href":"https:\/\/elregionalvm.com.ar\/noticias-villa-maria\/wp-json\/wp\/v2\/users\/4"}],"replies":[{"embeddable":true,"href":"https:\/\/elregionalvm.com.ar\/noticias-villa-maria\/wp-json\/wp\/v2\/comments?post=49941"}],"version-history":[{"count":1,"href":"https:\/\/elregionalvm.com.ar\/noticias-villa-maria\/wp-json\/wp\/v2\/posts\/49941\/revisions"}],"predecessor-version":[{"id":49948,"href":"https:\/\/elregionalvm.com.ar\/noticias-villa-maria\/wp-json\/wp\/v2\/posts\/49941\/revisions\/49948"}],"wp:featuredmedia":[{"embeddable":true,"href":"https:\/\/elregionalvm.com.ar\/noticias-villa-maria\/wp-json\/wp\/v2\/media\/49947"}],"wp:attachment":[{"href":"https:\/\/elregionalvm.com.ar\/noticias-villa-maria\/wp-json\/wp\/v2\/media?parent=49941"}],"wp:term":[{"taxonomy":"category","embeddable":true,"href":"https:\/\/elregionalvm.com.ar\/noticias-villa-maria\/wp-json\/wp\/v2\/categories?post=49941"},{"taxonomy":"post_tag","embeddable":true,"href":"https:\/\/elregionalvm.com.ar\/noticias-villa-maria\/wp-json\/wp\/v2\/tags?post=49941"}],"curies":[{"name":"wp","href":"https:\/\/api.w.org\/{rel}","templated":true}]}}