{"id":49960,"date":"2021-12-20T23:00:58","date_gmt":"2021-12-20T23:00:58","guid":{"rendered":"https:\/\/elregionalvm.com.ar\/noticias-villa-maria\/?p=49960"},"modified":"2021-12-20T23:01:47","modified_gmt":"2021-12-20T23:01:47","slug":"corral-de-bustos-detuvieron-a-directivo-de-cerealera-por-robo-de-granos","status":"publish","type":"post","link":"https:\/\/elregionalvm.com.ar\/noticias-villa-maria\/corral-de-bustos-detuvieron-a-directivo-de-cerealera-por-robo-de-granos\/","title":{"rendered":"[Corral de Bustos] -Detuvieron a directivo de cerealera por robo de granos"},"content":{"rendered":"\n<p>La Fiscal\u00eda de Instrucci\u00f3n de Corral de Bustos-Ifflinger, a cargo de Pedro Guerra, orden\u00f3 la detenci\u00f3n de un socio y directivo de una planta acopiadora de cereales y oleaginosas de la ciudad de Marcos Ju\u00e1rez, y el secuestro de 122.000 kilogramos (122 toneladas) de poroto de soja y cartas de porte, entre otros documentos de inter\u00e9s para la investigaci\u00f3n. <\/p>\n\n\n\n<p>Esta detenci\u00f3n se suma a la de otras personas que vienen siendo investigadas en la misma causa por los supuestos delitos de Asociaci\u00f3n Il\u00edcita y Robo Calificado en Despoblado y en Banda contra varios productores rurales de los departamentos Marcos Ju\u00e1rez y Uni\u00f3n, al sur de la provincia.<\/p>\n\n\n\n<p> Fue en ese contexto en que se realizaron nuevos allanamientos en la ciudad de Marcos Ju\u00e1rez y en la localidad de Camilo Aldao. Estuvieron a cargo de la Direcci\u00f3n de Investigaci\u00f3n Operativa de la Polic\u00eda Judicial (DIO), que dirige Luis Micheli, y del personal de la Departamental Marcos Ju\u00e1rez.<\/p>\n","protected":false},"excerpt":{"rendered":"<p>La Fiscal\u00eda de Instrucci\u00f3n de Corral de Bustos-Ifflinger, a cargo de Pedro Guerra, orden\u00f3 la detenci\u00f3n de un socio y directivo de una planta acopiadora de cereales y oleaginosas de la ciudad de Marcos Ju\u00e1rez, y el secuestro de 122.000 kilogramos (122 toneladas) de poroto de soja y cartas de porte, entre otros documentos de [&hellip;]<\/p>\n","protected":false},"author":4,"featured_media":49961,"comment_status":"open","ping_status":"open","sticky":false,"template":"","format":"standard","meta":{"site-sidebar-layout":"default","site-content-layout":"default","ast-site-content-layout":"default","site-content-style":"default","site-sidebar-style":"default","ast-global-header-display":"","ast-banner-title-visibility":"","ast-main-header-display":"","ast-hfb-above-header-display":"","ast-hfb-below-header-display":"","ast-hfb-mobile-header-display":"","site-post-title":"","ast-breadcrumbs-content":"","ast-featured-img":"","footer-sml-layout":"","ast-disable-related-posts":"","theme-transparent-header-meta":"default","adv-header-id-meta":"","stick-header-meta":"","header-above-stick-meta":"","header-main-stick-meta":"","header-below-stick-meta":"","astra-migrate-meta-layouts":"default","ast-page-background-enabled":"default","ast-page-background-meta":{"desktop":{"background-color":"","background-image":"","background-repeat":"repeat","background-position":"center center","background-size":"auto","background-attachment":"scroll","background-type":"","background-media":"","overlay-type":"","overlay-color":"","overlay-opacity":"","overlay-gradient":""},"tablet":{"background-color":"","background-image":"","background-repeat":"repeat","background-position":"center center","background-size":"auto","background-attachment":"scroll","background-type":"","background-media":"","overlay-type":"","overlay-color":"","overlay-opacity":"","overlay-gradient":""},"mobile":{"background-color":"","background-image":"","background-repeat":"repeat","background-position":"center center","background-size":"auto","background-attachment":"scroll","background-type":"","background-media":"","overlay-type":"","overlay-color":"","overlay-opacity":"","overlay-gradient":""}},"ast-content-background-meta":{"desktop":{"background-color":"var(--ast-global-color-5)","background-image":"","background-repeat":"repeat","background-position":"center center","background-size":"auto","background-attachment":"scroll","background-type":"","background-media":"","overlay-type":"","overlay-color":"","overlay-opacity":"","overlay-gradient":""},"tablet":{"background-color":"var(--ast-global-color-5)","background-image":"","background-repeat":"repeat","background-position":"center center","background-size":"auto","background-attachment":"scroll","background-type":"","background-media":"","overlay-type":"","overlay-color":"","overlay-opacity":"","overlay-gradient":""},"mobile":{"background-color":"var(--ast-global-color-5)","background-image":"","background-repeat":"repeat","background-position":"center center","background-size":"auto","background-attachment":"scroll","background-type":"","background-media":"","overlay-type":"","overlay-color":"","overlay-opacity":"","overlay-gradient":""}},"_jetpack_memberships_contains_paid_content":false,"_joinchat":[],"footnotes":""},"categories":[2091],"tags":[3012,1232,12899,2652,12900,12901,913,12898],"class_list":["post-49960","post","type-post","status-publish","format-standard","has-post-thumbnail","hentry","category-region","tag-corral-de-bustos","tag-destacado","tag-directivo-cerealera","tag-ministerio-publico-fiscal","tag-pedro-guerra","tag-planta-de-acopio","tag-regionales","tag-robo-de-cereales"],"yoast_head":"<!-- This site is optimized with the Yoast SEO plugin v26.8 - https:\/\/yoast.com\/product\/yoast-seo-wordpress\/ -->\n<title>[Corral de Bustos] -Detuvieron a directivo de cerealera por robo de granos - El Regional<\/title>\n<meta name=\"robots\" content=\"index, follow, max-snippet:-1, max-image-preview:large, max-video-preview:-1\" \/>\n<link rel=\"canonical\" href=\"http:\/\/elregionalvm.com.ar\/noticias-villa-maria\/corral-de-bustos-detuvieron-a-directivo-de-cerealera-por-robo-de-granos\/\" \/>\n<meta property=\"og:locale\" content=\"es_ES\" \/>\n<meta property=\"og:type\" content=\"article\" \/>\n<meta property=\"og:title\" content=\"[Corral de Bustos] -Detuvieron a directivo de cerealera por robo de granos - El Regional\" \/>\n<meta property=\"og:description\" content=\"La Fiscal\u00eda de Instrucci\u00f3n de Corral de Bustos-Ifflinger, a cargo de Pedro Guerra, orden\u00f3 la detenci\u00f3n de un socio y directivo de una planta acopiadora de cereales y oleaginosas de la ciudad de Marcos Ju\u00e1rez, y el secuestro de 122.000 kilogramos (122 toneladas) de poroto de soja y cartas de porte, entre otros documentos de [&hellip;]\" \/>\n<meta property=\"og:url\" content=\"http:\/\/elregionalvm.com.ar\/noticias-villa-maria\/corral-de-bustos-detuvieron-a-directivo-de-cerealera-por-robo-de-granos\/\" \/>\n<meta property=\"og:site_name\" content=\"El Regional\" \/>\n<meta property=\"article:publisher\" content=\"https:\/\/www.facebook.com\/elregionalvm\" \/>\n<meta property=\"article:published_time\" content=\"2021-12-20T23:00:58+00:00\" \/>\n<meta property=\"article:modified_time\" content=\"2021-12-20T23:01:47+00:00\" \/>\n<meta property=\"og:image\" content=\"http:\/\/elregionalvm.com.ar\/noticias-villa-maria\/wp-content\/uploads\/2021\/12\/robo-de-cereal.jpg\" \/>\n\t<meta property=\"og:image:width\" content=\"940\" \/>\n\t<meta property=\"og:image:height\" content=\"705\" \/>\n\t<meta property=\"og:image:type\" content=\"image\/jpeg\" \/>\n<meta name=\"author\" content=\"Contenidos El Regional\" \/>\n<meta name=\"twitter:card\" content=\"summary_large_image\" \/>\n<meta name=\"twitter:creator\" content=\"@elregionalvm1\" \/>\n<meta name=\"twitter:site\" content=\"@elregionalvm1\" \/>\n<meta name=\"twitter:label1\" content=\"Escrito por\" \/>\n\t<meta name=\"twitter:data1\" content=\"Contenidos El Regional\" \/>\n\t<meta name=\"twitter:label2\" content=\"Tiempo de lectura\" \/>\n\t<meta name=\"twitter:data2\" content=\"1 minuto\" \/>\n<script type=\"application\/ld+json\" class=\"yoast-schema-graph\">{\"@context\":\"https:\/\/schema.org\",\"@graph\":[{\"@type\":\"Article\",\"@id\":\"http:\/\/elregionalvm.com.ar\/noticias-villa-maria\/corral-de-bustos-detuvieron-a-directivo-de-cerealera-por-robo-de-granos\/#article\",\"isPartOf\":{\"@id\":\"http:\/\/elregionalvm.com.ar\/noticias-villa-maria\/corral-de-bustos-detuvieron-a-directivo-de-cerealera-por-robo-de-granos\/\"},\"author\":{\"name\":\"Contenidos El Regional\",\"@id\":\"http:\/\/elregionalvm.com.ar\/noticias-villa-maria\/#\/schema\/person\/a0fb9c422317faca23d50163151bc354\"},\"headline\":\"[Corral de Bustos] -Detuvieron a directivo de cerealera por robo de granos\",\"datePublished\":\"2021-12-20T23:00:58+00:00\",\"dateModified\":\"2021-12-20T23:01:47+00:00\",\"mainEntityOfPage\":{\"@id\":\"http:\/\/elregionalvm.com.ar\/noticias-villa-maria\/corral-de-bustos-detuvieron-a-directivo-de-cerealera-por-robo-de-granos\/\"},\"wordCount\":182,\"commentCount\":0,\"image\":{\"@id\":\"http:\/\/elregionalvm.com.ar\/noticias-villa-maria\/corral-de-bustos-detuvieron-a-directivo-de-cerealera-por-robo-de-granos\/#primaryimage\"},\"thumbnailUrl\":\"https:\/\/i0.wp.com\/elregionalvm.com.ar\/noticias-villa-maria\/wp-content\/uploads\/2021\/12\/robo-de-cereal.jpg?fit=940%2C705&ssl=1\",\"keywords\":[\"Corral de Bustos\",\"destacado\",\"directivo cerealera\",\"Ministerio P\u00fablico Fiscal\",\"Pedro Guerra\",\"planta de acopio\",\"regionales\",\"robo de cereales\"],\"articleSection\":[\"Regi\u00f3n\"],\"inLanguage\":\"es\",\"potentialAction\":[{\"@type\":\"CommentAction\",\"name\":\"Comment\",\"target\":[\"http:\/\/elregionalvm.com.ar\/noticias-villa-maria\/corral-de-bustos-detuvieron-a-directivo-de-cerealera-por-robo-de-granos\/#respond\"]}]},{\"@type\":\"WebPage\",\"@id\":\"http:\/\/elregionalvm.com.ar\/noticias-villa-maria\/corral-de-bustos-detuvieron-a-directivo-de-cerealera-por-robo-de-granos\/\",\"url\":\"http:\/\/elregionalvm.com.ar\/noticias-villa-maria\/corral-de-bustos-detuvieron-a-directivo-de-cerealera-por-robo-de-granos\/\",\"name\":\"[Corral de Bustos] -Detuvieron a directivo de cerealera por robo de granos - El Regional\",\"isPartOf\":{\"@id\":\"http:\/\/elregionalvm.com.ar\/noticias-villa-maria\/#website\"},\"primaryImageOfPage\":{\"@id\":\"http:\/\/elregionalvm.com.ar\/noticias-villa-maria\/corral-de-bustos-detuvieron-a-directivo-de-cerealera-por-robo-de-granos\/#primaryimage\"},\"image\":{\"@id\":\"http:\/\/elregionalvm.com.ar\/noticias-villa-maria\/corral-de-bustos-detuvieron-a-directivo-de-cerealera-por-robo-de-granos\/#primaryimage\"},\"thumbnailUrl\":\"https:\/\/i0.wp.com\/elregionalvm.com.ar\/noticias-villa-maria\/wp-content\/uploads\/2021\/12\/robo-de-cereal.jpg?fit=940%2C705&ssl=1\",\"datePublished\":\"2021-12-20T23:00:58+00:00\",\"dateModified\":\"2021-12-20T23:01:47+00:00\",\"author\":{\"@id\":\"http:\/\/elregionalvm.com.ar\/noticias-villa-maria\/#\/schema\/person\/a0fb9c422317faca23d50163151bc354\"},\"breadcrumb\":{\"@id\":\"http:\/\/elregionalvm.com.ar\/noticias-villa-maria\/corral-de-bustos-detuvieron-a-directivo-de-cerealera-por-robo-de-granos\/#breadcrumb\"},\"inLanguage\":\"es\",\"potentialAction\":[{\"@type\":\"ReadAction\",\"target\":[\"http:\/\/elregionalvm.com.ar\/noticias-villa-maria\/corral-de-bustos-detuvieron-a-directivo-de-cerealera-por-robo-de-granos\/\"]}]},{\"@type\":\"ImageObject\",\"inLanguage\":\"es\",\"@id\":\"http:\/\/elregionalvm.com.ar\/noticias-villa-maria\/corral-de-bustos-detuvieron-a-directivo-de-cerealera-por-robo-de-granos\/#primaryimage\",\"url\":\"https:\/\/i0.wp.com\/elregionalvm.com.ar\/noticias-villa-maria\/wp-content\/uploads\/2021\/12\/robo-de-cereal.jpg?fit=940%2C705&ssl=1\",\"contentUrl\":\"https:\/\/i0.wp.com\/elregionalvm.com.ar\/noticias-villa-maria\/wp-content\/uploads\/2021\/12\/robo-de-cereal.jpg?fit=940%2C705&ssl=1\",\"width\":940,\"height\":705},{\"@type\":\"BreadcrumbList\",\"@id\":\"http:\/\/elregionalvm.com.ar\/noticias-villa-maria\/corral-de-bustos-detuvieron-a-directivo-de-cerealera-por-robo-de-granos\/#breadcrumb\",\"itemListElement\":[{\"@type\":\"ListItem\",\"position\":1,\"name\":\"Portada\",\"item\":\"https:\/\/elregionalvm.com.ar\/noticias-villa-maria\/\"},{\"@type\":\"ListItem\",\"position\":2,\"name\":\"[Corral de Bustos] -Detuvieron a directivo de cerealera por robo de granos\"}]},{\"@type\":\"WebSite\",\"@id\":\"http:\/\/elregionalvm.com.ar\/noticias-villa-maria\/#website\",\"url\":\"http:\/\/elregionalvm.com.ar\/noticias-villa-maria\/\",\"name\":\"El Regional\",\"description\":\"Mucho m\u00e1s que informaci\u00f3n\",\"potentialAction\":[{\"@type\":\"SearchAction\",\"target\":{\"@type\":\"EntryPoint\",\"urlTemplate\":\"http:\/\/elregionalvm.com.ar\/noticias-villa-maria\/?s={search_term_string}\"},\"query-input\":{\"@type\":\"PropertyValueSpecification\",\"valueRequired\":true,\"valueName\":\"search_term_string\"}}],\"inLanguage\":\"es\"},{\"@type\":\"Person\",\"@id\":\"http:\/\/elregionalvm.com.ar\/noticias-villa-maria\/#\/schema\/person\/a0fb9c422317faca23d50163151bc354\",\"name\":\"Contenidos El Regional\",\"image\":{\"@type\":\"ImageObject\",\"inLanguage\":\"es\",\"@id\":\"http:\/\/elregionalvm.com.ar\/noticias-villa-maria\/#\/schema\/person\/image\/\",\"url\":\"https:\/\/secure.gravatar.com\/avatar\/265b27cb2209af7bb3a1318f03305787d7981a5cc6e6cd08fe5a4ecdf99d4b48?s=96&d=mm&r=g\",\"contentUrl\":\"https:\/\/secure.gravatar.com\/avatar\/265b27cb2209af7bb3a1318f03305787d7981a5cc6e6cd08fe5a4ecdf99d4b48?s=96&d=mm&r=g\",\"caption\":\"Contenidos El Regional\"},\"url\":\"https:\/\/elregionalvm.com.ar\/noticias-villa-maria\/author\/contenido\/\"}]}<\/script>\n<!-- \/ Yoast SEO plugin. -->","yoast_head_json":{"title":"[Corral de Bustos] -Detuvieron a directivo de cerealera por robo de granos - El Regional","robots":{"index":"index","follow":"follow","max-snippet":"max-snippet:-1","max-image-preview":"max-image-preview:large","max-video-preview":"max-video-preview:-1"},"canonical":"http:\/\/elregionalvm.com.ar\/noticias-villa-maria\/corral-de-bustos-detuvieron-a-directivo-de-cerealera-por-robo-de-granos\/","og_locale":"es_ES","og_type":"article","og_title":"[Corral de Bustos] -Detuvieron a directivo de cerealera por robo de granos - El Regional","og_description":"La Fiscal\u00eda de Instrucci\u00f3n de Corral de Bustos-Ifflinger, a cargo de Pedro Guerra, orden\u00f3 la detenci\u00f3n de un socio y directivo de una planta acopiadora de cereales y oleaginosas de la ciudad de Marcos Ju\u00e1rez, y el secuestro de 122.000 kilogramos (122 toneladas) de poroto de soja y cartas de porte, entre otros documentos de [&hellip;]","og_url":"http:\/\/elregionalvm.com.ar\/noticias-villa-maria\/corral-de-bustos-detuvieron-a-directivo-de-cerealera-por-robo-de-granos\/","og_site_name":"El Regional","article_publisher":"https:\/\/www.facebook.com\/elregionalvm","article_published_time":"2021-12-20T23:00:58+00:00","article_modified_time":"2021-12-20T23:01:47+00:00","og_image":[{"width":940,"height":705,"url":"http:\/\/elregionalvm.com.ar\/noticias-villa-maria\/wp-content\/uploads\/2021\/12\/robo-de-cereal.jpg","type":"image\/jpeg"}],"author":"Contenidos El Regional","twitter_card":"summary_large_image","twitter_creator":"@elregionalvm1","twitter_site":"@elregionalvm1","twitter_misc":{"Escrito por":"Contenidos El Regional","Tiempo de lectura":"1 minuto"},"schema":{"@context":"https:\/\/schema.org","@graph":[{"@type":"Article","@id":"http:\/\/elregionalvm.com.ar\/noticias-villa-maria\/corral-de-bustos-detuvieron-a-directivo-de-cerealera-por-robo-de-granos\/#article","isPartOf":{"@id":"http:\/\/elregionalvm.com.ar\/noticias-villa-maria\/corral-de-bustos-detuvieron-a-directivo-de-cerealera-por-robo-de-granos\/"},"author":{"name":"Contenidos El Regional","@id":"http:\/\/elregionalvm.com.ar\/noticias-villa-maria\/#\/schema\/person\/a0fb9c422317faca23d50163151bc354"},"headline":"[Corral de Bustos] -Detuvieron a directivo de cerealera por robo de granos","datePublished":"2021-12-20T23:00:58+00:00","dateModified":"2021-12-20T23:01:47+00:00","mainEntityOfPage":{"@id":"http:\/\/elregionalvm.com.ar\/noticias-villa-maria\/corral-de-bustos-detuvieron-a-directivo-de-cerealera-por-robo-de-granos\/"},"wordCount":182,"commentCount":0,"image":{"@id":"http:\/\/elregionalvm.com.ar\/noticias-villa-maria\/corral-de-bustos-detuvieron-a-directivo-de-cerealera-por-robo-de-granos\/#primaryimage"},"thumbnailUrl":"https:\/\/i0.wp.com\/elregionalvm.com.ar\/noticias-villa-maria\/wp-content\/uploads\/2021\/12\/robo-de-cereal.jpg?fit=940%2C705&ssl=1","keywords":["Corral de Bustos","destacado","directivo cerealera","Ministerio P\u00fablico Fiscal","Pedro Guerra","planta de acopio","regionales","robo de cereales"],"articleSection":["Regi\u00f3n"],"inLanguage":"es","potentialAction":[{"@type":"CommentAction","name":"Comment","target":["http:\/\/elregionalvm.com.ar\/noticias-villa-maria\/corral-de-bustos-detuvieron-a-directivo-de-cerealera-por-robo-de-granos\/#respond"]}]},{"@type":"WebPage","@id":"http:\/\/elregionalvm.com.ar\/noticias-villa-maria\/corral-de-bustos-detuvieron-a-directivo-de-cerealera-por-robo-de-granos\/","url":"http:\/\/elregionalvm.com.ar\/noticias-villa-maria\/corral-de-bustos-detuvieron-a-directivo-de-cerealera-por-robo-de-granos\/","name":"[Corral de Bustos] -Detuvieron a directivo de cerealera por robo de granos - El Regional","isPartOf":{"@id":"http:\/\/elregionalvm.com.ar\/noticias-villa-maria\/#website"},"primaryImageOfPage":{"@id":"http:\/\/elregionalvm.com.ar\/noticias-villa-maria\/corral-de-bustos-detuvieron-a-directivo-de-cerealera-por-robo-de-granos\/#primaryimage"},"image":{"@id":"http:\/\/elregionalvm.com.ar\/noticias-villa-maria\/corral-de-bustos-detuvieron-a-directivo-de-cerealera-por-robo-de-granos\/#primaryimage"},"thumbnailUrl":"https:\/\/i0.wp.com\/elregionalvm.com.ar\/noticias-villa-maria\/wp-content\/uploads\/2021\/12\/robo-de-cereal.jpg?fit=940%2C705&ssl=1","datePublished":"2021-12-20T23:00:58+00:00","dateModified":"2021-12-20T23:01:47+00:00","author":{"@id":"http:\/\/elregionalvm.com.ar\/noticias-villa-maria\/#\/schema\/person\/a0fb9c422317faca23d50163151bc354"},"breadcrumb":{"@id":"http:\/\/elregionalvm.com.ar\/noticias-villa-maria\/corral-de-bustos-detuvieron-a-directivo-de-cerealera-por-robo-de-granos\/#breadcrumb"},"inLanguage":"es","potentialAction":[{"@type":"ReadAction","target":["http:\/\/elregionalvm.com.ar\/noticias-villa-maria\/corral-de-bustos-detuvieron-a-directivo-de-cerealera-por-robo-de-granos\/"]}]},{"@type":"ImageObject","inLanguage":"es","@id":"http:\/\/elregionalvm.com.ar\/noticias-villa-maria\/corral-de-bustos-detuvieron-a-directivo-de-cerealera-por-robo-de-granos\/#primaryimage","url":"https:\/\/i0.wp.com\/elregionalvm.com.ar\/noticias-villa-maria\/wp-content\/uploads\/2021\/12\/robo-de-cereal.jpg?fit=940%2C705&ssl=1","contentUrl":"https:\/\/i0.wp.com\/elregionalvm.com.ar\/noticias-villa-maria\/wp-content\/uploads\/2021\/12\/robo-de-cereal.jpg?fit=940%2C705&ssl=1","width":940,"height":705},{"@type":"BreadcrumbList","@id":"http:\/\/elregionalvm.com.ar\/noticias-villa-maria\/corral-de-bustos-detuvieron-a-directivo-de-cerealera-por-robo-de-granos\/#breadcrumb","itemListElement":[{"@type":"ListItem","position":1,"name":"Portada","item":"https:\/\/elregionalvm.com.ar\/noticias-villa-maria\/"},{"@type":"ListItem","position":2,"name":"[Corral de Bustos] -Detuvieron a directivo de cerealera por robo de granos"}]},{"@type":"WebSite","@id":"http:\/\/elregionalvm.com.ar\/noticias-villa-maria\/#website","url":"http:\/\/elregionalvm.com.ar\/noticias-villa-maria\/","name":"El Regional","description":"Mucho m\u00e1s que informaci\u00f3n","potentialAction":[{"@type":"SearchAction","target":{"@type":"EntryPoint","urlTemplate":"http:\/\/elregionalvm.com.ar\/noticias-villa-maria\/?s={search_term_string}"},"query-input":{"@type":"PropertyValueSpecification","valueRequired":true,"valueName":"search_term_string"}}],"inLanguage":"es"},{"@type":"Person","@id":"http:\/\/elregionalvm.com.ar\/noticias-villa-maria\/#\/schema\/person\/a0fb9c422317faca23d50163151bc354","name":"Contenidos El Regional","image":{"@type":"ImageObject","inLanguage":"es","@id":"http:\/\/elregionalvm.com.ar\/noticias-villa-maria\/#\/schema\/person\/image\/","url":"https:\/\/secure.gravatar.com\/avatar\/265b27cb2209af7bb3a1318f03305787d7981a5cc6e6cd08fe5a4ecdf99d4b48?s=96&d=mm&r=g","contentUrl":"https:\/\/secure.gravatar.com\/avatar\/265b27cb2209af7bb3a1318f03305787d7981a5cc6e6cd08fe5a4ecdf99d4b48?s=96&d=mm&r=g","caption":"Contenidos El Regional"},"url":"https:\/\/elregionalvm.com.ar\/noticias-villa-maria\/author\/contenido\/"}]}},"jetpack_featured_media_url":"https:\/\/i0.wp.com\/elregionalvm.com.ar\/noticias-villa-maria\/wp-content\/uploads\/2021\/12\/robo-de-cereal.jpg?fit=940%2C705&ssl=1","jetpack_sharing_enabled":true,"_links":{"self":[{"href":"https:\/\/elregionalvm.com.ar\/noticias-villa-maria\/wp-json\/wp\/v2\/posts\/49960","targetHints":{"allow":["GET"]}}],"collection":[{"href":"https:\/\/elregionalvm.com.ar\/noticias-villa-maria\/wp-json\/wp\/v2\/posts"}],"about":[{"href":"https:\/\/elregionalvm.com.ar\/noticias-villa-maria\/wp-json\/wp\/v2\/types\/post"}],"author":[{"embeddable":true,"href":"https:\/\/elregionalvm.com.ar\/noticias-villa-maria\/wp-json\/wp\/v2\/users\/4"}],"replies":[{"embeddable":true,"href":"https:\/\/elregionalvm.com.ar\/noticias-villa-maria\/wp-json\/wp\/v2\/comments?post=49960"}],"version-history":[{"count":1,"href":"https:\/\/elregionalvm.com.ar\/noticias-villa-maria\/wp-json\/wp\/v2\/posts\/49960\/revisions"}],"predecessor-version":[{"id":49962,"href":"https:\/\/elregionalvm.com.ar\/noticias-villa-maria\/wp-json\/wp\/v2\/posts\/49960\/revisions\/49962"}],"wp:featuredmedia":[{"embeddable":true,"href":"https:\/\/elregionalvm.com.ar\/noticias-villa-maria\/wp-json\/wp\/v2\/media\/49961"}],"wp:attachment":[{"href":"https:\/\/elregionalvm.com.ar\/noticias-villa-maria\/wp-json\/wp\/v2\/media?parent=49960"}],"wp:term":[{"taxonomy":"category","embeddable":true,"href":"https:\/\/elregionalvm.com.ar\/noticias-villa-maria\/wp-json\/wp\/v2\/categories?post=49960"},{"taxonomy":"post_tag","embeddable":true,"href":"https:\/\/elregionalvm.com.ar\/noticias-villa-maria\/wp-json\/wp\/v2\/tags?post=49960"}],"curies":[{"name":"wp","href":"https:\/\/api.w.org\/{rel}","templated":true}]}}