{"id":49963,"date":"2021-12-20T23:46:59","date_gmt":"2021-12-20T23:46:59","guid":{"rendered":"https:\/\/elregionalvm.com.ar\/noticias-villa-maria\/?p=49963"},"modified":"2021-12-20T23:47:01","modified_gmt":"2021-12-20T23:47:01","slug":"encontraron-sin-vida-al-fotografo-carlos-bueno","status":"publish","type":"post","link":"https:\/\/elregionalvm.com.ar\/noticias-villa-maria\/encontraron-sin-vida-al-fotografo-carlos-bueno\/","title":{"rendered":"Encontraron sin vida al fot\u00f3grafo Carlos Bueno"},"content":{"rendered":"\n<p>En L\u00f3pez y Planes 121 de nuestra ciudad, fue encontrado el cuerpo sin vida del fot\u00f3grafo local  Carlos Bueno, inform\u00f3 el jefe de Bomberos Voluntarios, Gustavo Nicola. <\/p>\n\n\n\n<p>El Jefe de bomberos se\u00f1al\u00f3 que el deceso databa aparentemente de varios d\u00edas. Aparentemente Bueno ten\u00eda problemas de salud y sol\u00eda sufrir convulsiones, lo que podr\u00eda ser un indicio sobre su fallecimiento. <\/p>\n","protected":false},"excerpt":{"rendered":"<p>En L\u00f3pez y Planes 121 de nuestra ciudad, fue encontrado el cuerpo sin vida del fot\u00f3grafo local Carlos Bueno, inform\u00f3 el jefe de Bomberos Voluntarios, Gustavo Nicola. El Jefe de bomberos se\u00f1al\u00f3 que el deceso databa aparentemente de varios d\u00edas. Aparentemente Bueno ten\u00eda problemas de salud y sol\u00eda sufrir convulsiones, lo que podr\u00eda ser un [&hellip;]<\/p>\n","protected":false},"author":4,"featured_media":35972,"comment_status":"open","ping_status":"open","sticky":false,"template":"","format":"standard","meta":{"site-sidebar-layout":"default","site-content-layout":"default","ast-site-content-layout":"default","site-content-style":"default","site-sidebar-style":"default","ast-global-header-display":"","ast-banner-title-visibility":"","ast-main-header-display":"","ast-hfb-above-header-display":"","ast-hfb-below-header-display":"","ast-hfb-mobile-header-display":"","site-post-title":"","ast-breadcrumbs-content":"","ast-featured-img":"","footer-sml-layout":"","ast-disable-related-posts":"","theme-transparent-header-meta":"default","adv-header-id-meta":"","stick-header-meta":"","header-above-stick-meta":"","header-main-stick-meta":"","header-below-stick-meta":"","astra-migrate-meta-layouts":"default","ast-page-background-enabled":"default","ast-page-background-meta":{"desktop":{"background-color":"","background-image":"","background-repeat":"repeat","background-position":"center center","background-size":"auto","background-attachment":"scroll","background-type":"","background-media":"","overlay-type":"","overlay-color":"","overlay-opacity":"","overlay-gradient":""},"tablet":{"background-color":"","background-image":"","background-repeat":"repeat","background-position":"center center","background-size":"auto","background-attachment":"scroll","background-type":"","background-media":"","overlay-type":"","overlay-color":"","overlay-opacity":"","overlay-gradient":""},"mobile":{"background-color":"","background-image":"","background-repeat":"repeat","background-position":"center center","background-size":"auto","background-attachment":"scroll","background-type":"","background-media":"","overlay-type":"","overlay-color":"","overlay-opacity":"","overlay-gradient":""}},"ast-content-background-meta":{"desktop":{"background-color":"var(--ast-global-color-5)","background-image":"","background-repeat":"repeat","background-position":"center center","background-size":"auto","background-attachment":"scroll","background-type":"","background-media":"","overlay-type":"","overlay-color":"","overlay-opacity":"","overlay-gradient":""},"tablet":{"background-color":"var(--ast-global-color-5)","background-image":"","background-repeat":"repeat","background-position":"center center","background-size":"auto","background-attachment":"scroll","background-type":"","background-media":"","overlay-type":"","overlay-color":"","overlay-opacity":"","overlay-gradient":""},"mobile":{"background-color":"var(--ast-global-color-5)","background-image":"","background-repeat":"repeat","background-position":"center center","background-size":"auto","background-attachment":"scroll","background-type":"","background-media":"","overlay-type":"","overlay-color":"","overlay-opacity":"","overlay-gradient":""}},"_jetpack_memberships_contains_paid_content":false,"_joinchat":[],"footnotes":""},"categories":[2234],"tags":[5536,12902,1232,12903,2425,2248],"class_list":["post-49963","post","type-post","status-publish","format-standard","has-post-thumbnail","hentry","category-policiales","tag-bomberos-villa-maria","tag-carlos-bueno","tag-destacado","tag-encontrado-sin-vida","tag-fotografo","tag-villa-maria-2"],"yoast_head":"<!-- This site is optimized with the Yoast SEO plugin v26.8 - https:\/\/yoast.com\/product\/yoast-seo-wordpress\/ -->\n<title>Encontraron sin vida al fot\u00f3grafo Carlos Bueno - El Regional<\/title>\n<meta name=\"robots\" content=\"index, follow, max-snippet:-1, max-image-preview:large, max-video-preview:-1\" \/>\n<link rel=\"canonical\" href=\"http:\/\/elregionalvm.com.ar\/noticias-villa-maria\/encontraron-sin-vida-al-fotografo-carlos-bueno\/\" \/>\n<meta property=\"og:locale\" content=\"es_ES\" \/>\n<meta property=\"og:type\" content=\"article\" \/>\n<meta property=\"og:title\" content=\"Encontraron sin vida al fot\u00f3grafo Carlos Bueno - El Regional\" \/>\n<meta property=\"og:description\" content=\"En L\u00f3pez y Planes 121 de nuestra ciudad, fue encontrado el cuerpo sin vida del fot\u00f3grafo local Carlos Bueno, inform\u00f3 el jefe de Bomberos Voluntarios, Gustavo Nicola. El Jefe de bomberos se\u00f1al\u00f3 que el deceso databa aparentemente de varios d\u00edas. Aparentemente Bueno ten\u00eda problemas de salud y sol\u00eda sufrir convulsiones, lo que podr\u00eda ser un [&hellip;]\" \/>\n<meta property=\"og:url\" content=\"http:\/\/elregionalvm.com.ar\/noticias-villa-maria\/encontraron-sin-vida-al-fotografo-carlos-bueno\/\" \/>\n<meta property=\"og:site_name\" content=\"El Regional\" \/>\n<meta property=\"article:publisher\" content=\"https:\/\/www.facebook.com\/elregionalvm\" \/>\n<meta property=\"article:published_time\" content=\"2021-12-20T23:46:59+00:00\" \/>\n<meta property=\"article:modified_time\" content=\"2021-12-20T23:47:01+00:00\" \/>\n<meta property=\"og:image\" content=\"http:\/\/elregionalvm.com.ar\/noticias-villa-maria\/wp-content\/uploads\/2021\/04\/ambulancia-bomberos-villa-maria.jpg\" \/>\n\t<meta property=\"og:image:width\" content=\"533\" \/>\n\t<meta property=\"og:image:height\" content=\"300\" \/>\n\t<meta property=\"og:image:type\" content=\"image\/jpeg\" \/>\n<meta name=\"author\" content=\"Contenidos El Regional\" \/>\n<meta name=\"twitter:card\" content=\"summary_large_image\" \/>\n<meta name=\"twitter:creator\" content=\"@elregionalvm1\" \/>\n<meta name=\"twitter:site\" content=\"@elregionalvm1\" \/>\n<meta name=\"twitter:label1\" content=\"Escrito por\" \/>\n\t<meta name=\"twitter:data1\" content=\"Contenidos El Regional\" \/>\n\t<meta name=\"twitter:label2\" content=\"Tiempo de lectura\" \/>\n\t<meta name=\"twitter:data2\" content=\"1 minuto\" \/>\n<script type=\"application\/ld+json\" class=\"yoast-schema-graph\">{\"@context\":\"https:\/\/schema.org\",\"@graph\":[{\"@type\":\"Article\",\"@id\":\"http:\/\/elregionalvm.com.ar\/noticias-villa-maria\/encontraron-sin-vida-al-fotografo-carlos-bueno\/#article\",\"isPartOf\":{\"@id\":\"http:\/\/elregionalvm.com.ar\/noticias-villa-maria\/encontraron-sin-vida-al-fotografo-carlos-bueno\/\"},\"author\":{\"name\":\"Contenidos El Regional\",\"@id\":\"http:\/\/elregionalvm.com.ar\/noticias-villa-maria\/#\/schema\/person\/a0fb9c422317faca23d50163151bc354\"},\"headline\":\"Encontraron sin vida al fot\u00f3grafo Carlos Bueno\",\"datePublished\":\"2021-12-20T23:46:59+00:00\",\"dateModified\":\"2021-12-20T23:47:01+00:00\",\"mainEntityOfPage\":{\"@id\":\"http:\/\/elregionalvm.com.ar\/noticias-villa-maria\/encontraron-sin-vida-al-fotografo-carlos-bueno\/\"},\"wordCount\":73,\"commentCount\":0,\"image\":{\"@id\":\"http:\/\/elregionalvm.com.ar\/noticias-villa-maria\/encontraron-sin-vida-al-fotografo-carlos-bueno\/#primaryimage\"},\"thumbnailUrl\":\"https:\/\/i0.wp.com\/elregionalvm.com.ar\/noticias-villa-maria\/wp-content\/uploads\/2021\/04\/ambulancia-bomberos-villa-maria.jpg?fit=533%2C300&ssl=1\",\"keywords\":[\"Bomberos Villa Mar\u00eda\",\"Carlos Bueno\",\"destacado\",\"encontrado sin vida\",\"fot\u00f3grafo\",\"Villa Mar\u00eda\"],\"articleSection\":[\"Policiales\"],\"inLanguage\":\"es\",\"potentialAction\":[{\"@type\":\"CommentAction\",\"name\":\"Comment\",\"target\":[\"http:\/\/elregionalvm.com.ar\/noticias-villa-maria\/encontraron-sin-vida-al-fotografo-carlos-bueno\/#respond\"]}]},{\"@type\":\"WebPage\",\"@id\":\"http:\/\/elregionalvm.com.ar\/noticias-villa-maria\/encontraron-sin-vida-al-fotografo-carlos-bueno\/\",\"url\":\"http:\/\/elregionalvm.com.ar\/noticias-villa-maria\/encontraron-sin-vida-al-fotografo-carlos-bueno\/\",\"name\":\"Encontraron sin vida al fot\u00f3grafo Carlos Bueno - El Regional\",\"isPartOf\":{\"@id\":\"http:\/\/elregionalvm.com.ar\/noticias-villa-maria\/#website\"},\"primaryImageOfPage\":{\"@id\":\"http:\/\/elregionalvm.com.ar\/noticias-villa-maria\/encontraron-sin-vida-al-fotografo-carlos-bueno\/#primaryimage\"},\"image\":{\"@id\":\"http:\/\/elregionalvm.com.ar\/noticias-villa-maria\/encontraron-sin-vida-al-fotografo-carlos-bueno\/#primaryimage\"},\"thumbnailUrl\":\"https:\/\/i0.wp.com\/elregionalvm.com.ar\/noticias-villa-maria\/wp-content\/uploads\/2021\/04\/ambulancia-bomberos-villa-maria.jpg?fit=533%2C300&ssl=1\",\"datePublished\":\"2021-12-20T23:46:59+00:00\",\"dateModified\":\"2021-12-20T23:47:01+00:00\",\"author\":{\"@id\":\"http:\/\/elregionalvm.com.ar\/noticias-villa-maria\/#\/schema\/person\/a0fb9c422317faca23d50163151bc354\"},\"breadcrumb\":{\"@id\":\"http:\/\/elregionalvm.com.ar\/noticias-villa-maria\/encontraron-sin-vida-al-fotografo-carlos-bueno\/#breadcrumb\"},\"inLanguage\":\"es\",\"potentialAction\":[{\"@type\":\"ReadAction\",\"target\":[\"http:\/\/elregionalvm.com.ar\/noticias-villa-maria\/encontraron-sin-vida-al-fotografo-carlos-bueno\/\"]}]},{\"@type\":\"ImageObject\",\"inLanguage\":\"es\",\"@id\":\"http:\/\/elregionalvm.com.ar\/noticias-villa-maria\/encontraron-sin-vida-al-fotografo-carlos-bueno\/#primaryimage\",\"url\":\"https:\/\/i0.wp.com\/elregionalvm.com.ar\/noticias-villa-maria\/wp-content\/uploads\/2021\/04\/ambulancia-bomberos-villa-maria.jpg?fit=533%2C300&ssl=1\",\"contentUrl\":\"https:\/\/i0.wp.com\/elregionalvm.com.ar\/noticias-villa-maria\/wp-content\/uploads\/2021\/04\/ambulancia-bomberos-villa-maria.jpg?fit=533%2C300&ssl=1\",\"width\":533,\"height\":300},{\"@type\":\"BreadcrumbList\",\"@id\":\"http:\/\/elregionalvm.com.ar\/noticias-villa-maria\/encontraron-sin-vida-al-fotografo-carlos-bueno\/#breadcrumb\",\"itemListElement\":[{\"@type\":\"ListItem\",\"position\":1,\"name\":\"Portada\",\"item\":\"https:\/\/elregionalvm.com.ar\/noticias-villa-maria\/\"},{\"@type\":\"ListItem\",\"position\":2,\"name\":\"Encontraron sin vida al fot\u00f3grafo Carlos Bueno\"}]},{\"@type\":\"WebSite\",\"@id\":\"http:\/\/elregionalvm.com.ar\/noticias-villa-maria\/#website\",\"url\":\"http:\/\/elregionalvm.com.ar\/noticias-villa-maria\/\",\"name\":\"El Regional\",\"description\":\"Mucho m\u00e1s que informaci\u00f3n\",\"potentialAction\":[{\"@type\":\"SearchAction\",\"target\":{\"@type\":\"EntryPoint\",\"urlTemplate\":\"http:\/\/elregionalvm.com.ar\/noticias-villa-maria\/?s={search_term_string}\"},\"query-input\":{\"@type\":\"PropertyValueSpecification\",\"valueRequired\":true,\"valueName\":\"search_term_string\"}}],\"inLanguage\":\"es\"},{\"@type\":\"Person\",\"@id\":\"http:\/\/elregionalvm.com.ar\/noticias-villa-maria\/#\/schema\/person\/a0fb9c422317faca23d50163151bc354\",\"name\":\"Contenidos El Regional\",\"image\":{\"@type\":\"ImageObject\",\"inLanguage\":\"es\",\"@id\":\"http:\/\/elregionalvm.com.ar\/noticias-villa-maria\/#\/schema\/person\/image\/\",\"url\":\"https:\/\/secure.gravatar.com\/avatar\/265b27cb2209af7bb3a1318f03305787d7981a5cc6e6cd08fe5a4ecdf99d4b48?s=96&d=mm&r=g\",\"contentUrl\":\"https:\/\/secure.gravatar.com\/avatar\/265b27cb2209af7bb3a1318f03305787d7981a5cc6e6cd08fe5a4ecdf99d4b48?s=96&d=mm&r=g\",\"caption\":\"Contenidos El Regional\"},\"url\":\"https:\/\/elregionalvm.com.ar\/noticias-villa-maria\/author\/contenido\/\"}]}<\/script>\n<!-- \/ Yoast SEO plugin. -->","yoast_head_json":{"title":"Encontraron sin vida al fot\u00f3grafo Carlos Bueno - El Regional","robots":{"index":"index","follow":"follow","max-snippet":"max-snippet:-1","max-image-preview":"max-image-preview:large","max-video-preview":"max-video-preview:-1"},"canonical":"http:\/\/elregionalvm.com.ar\/noticias-villa-maria\/encontraron-sin-vida-al-fotografo-carlos-bueno\/","og_locale":"es_ES","og_type":"article","og_title":"Encontraron sin vida al fot\u00f3grafo Carlos Bueno - El Regional","og_description":"En L\u00f3pez y Planes 121 de nuestra ciudad, fue encontrado el cuerpo sin vida del fot\u00f3grafo local Carlos Bueno, inform\u00f3 el jefe de Bomberos Voluntarios, Gustavo Nicola. El Jefe de bomberos se\u00f1al\u00f3 que el deceso databa aparentemente de varios d\u00edas. Aparentemente Bueno ten\u00eda problemas de salud y sol\u00eda sufrir convulsiones, lo que podr\u00eda ser un [&hellip;]","og_url":"http:\/\/elregionalvm.com.ar\/noticias-villa-maria\/encontraron-sin-vida-al-fotografo-carlos-bueno\/","og_site_name":"El Regional","article_publisher":"https:\/\/www.facebook.com\/elregionalvm","article_published_time":"2021-12-20T23:46:59+00:00","article_modified_time":"2021-12-20T23:47:01+00:00","og_image":[{"width":533,"height":300,"url":"http:\/\/elregionalvm.com.ar\/noticias-villa-maria\/wp-content\/uploads\/2021\/04\/ambulancia-bomberos-villa-maria.jpg","type":"image\/jpeg"}],"author":"Contenidos El Regional","twitter_card":"summary_large_image","twitter_creator":"@elregionalvm1","twitter_site":"@elregionalvm1","twitter_misc":{"Escrito por":"Contenidos El Regional","Tiempo de lectura":"1 minuto"},"schema":{"@context":"https:\/\/schema.org","@graph":[{"@type":"Article","@id":"http:\/\/elregionalvm.com.ar\/noticias-villa-maria\/encontraron-sin-vida-al-fotografo-carlos-bueno\/#article","isPartOf":{"@id":"http:\/\/elregionalvm.com.ar\/noticias-villa-maria\/encontraron-sin-vida-al-fotografo-carlos-bueno\/"},"author":{"name":"Contenidos El Regional","@id":"http:\/\/elregionalvm.com.ar\/noticias-villa-maria\/#\/schema\/person\/a0fb9c422317faca23d50163151bc354"},"headline":"Encontraron sin vida al fot\u00f3grafo Carlos Bueno","datePublished":"2021-12-20T23:46:59+00:00","dateModified":"2021-12-20T23:47:01+00:00","mainEntityOfPage":{"@id":"http:\/\/elregionalvm.com.ar\/noticias-villa-maria\/encontraron-sin-vida-al-fotografo-carlos-bueno\/"},"wordCount":73,"commentCount":0,"image":{"@id":"http:\/\/elregionalvm.com.ar\/noticias-villa-maria\/encontraron-sin-vida-al-fotografo-carlos-bueno\/#primaryimage"},"thumbnailUrl":"https:\/\/i0.wp.com\/elregionalvm.com.ar\/noticias-villa-maria\/wp-content\/uploads\/2021\/04\/ambulancia-bomberos-villa-maria.jpg?fit=533%2C300&ssl=1","keywords":["Bomberos Villa Mar\u00eda","Carlos Bueno","destacado","encontrado sin vida","fot\u00f3grafo","Villa Mar\u00eda"],"articleSection":["Policiales"],"inLanguage":"es","potentialAction":[{"@type":"CommentAction","name":"Comment","target":["http:\/\/elregionalvm.com.ar\/noticias-villa-maria\/encontraron-sin-vida-al-fotografo-carlos-bueno\/#respond"]}]},{"@type":"WebPage","@id":"http:\/\/elregionalvm.com.ar\/noticias-villa-maria\/encontraron-sin-vida-al-fotografo-carlos-bueno\/","url":"http:\/\/elregionalvm.com.ar\/noticias-villa-maria\/encontraron-sin-vida-al-fotografo-carlos-bueno\/","name":"Encontraron sin vida al fot\u00f3grafo Carlos Bueno - El Regional","isPartOf":{"@id":"http:\/\/elregionalvm.com.ar\/noticias-villa-maria\/#website"},"primaryImageOfPage":{"@id":"http:\/\/elregionalvm.com.ar\/noticias-villa-maria\/encontraron-sin-vida-al-fotografo-carlos-bueno\/#primaryimage"},"image":{"@id":"http:\/\/elregionalvm.com.ar\/noticias-villa-maria\/encontraron-sin-vida-al-fotografo-carlos-bueno\/#primaryimage"},"thumbnailUrl":"https:\/\/i0.wp.com\/elregionalvm.com.ar\/noticias-villa-maria\/wp-content\/uploads\/2021\/04\/ambulancia-bomberos-villa-maria.jpg?fit=533%2C300&ssl=1","datePublished":"2021-12-20T23:46:59+00:00","dateModified":"2021-12-20T23:47:01+00:00","author":{"@id":"http:\/\/elregionalvm.com.ar\/noticias-villa-maria\/#\/schema\/person\/a0fb9c422317faca23d50163151bc354"},"breadcrumb":{"@id":"http:\/\/elregionalvm.com.ar\/noticias-villa-maria\/encontraron-sin-vida-al-fotografo-carlos-bueno\/#breadcrumb"},"inLanguage":"es","potentialAction":[{"@type":"ReadAction","target":["http:\/\/elregionalvm.com.ar\/noticias-villa-maria\/encontraron-sin-vida-al-fotografo-carlos-bueno\/"]}]},{"@type":"ImageObject","inLanguage":"es","@id":"http:\/\/elregionalvm.com.ar\/noticias-villa-maria\/encontraron-sin-vida-al-fotografo-carlos-bueno\/#primaryimage","url":"https:\/\/i0.wp.com\/elregionalvm.com.ar\/noticias-villa-maria\/wp-content\/uploads\/2021\/04\/ambulancia-bomberos-villa-maria.jpg?fit=533%2C300&ssl=1","contentUrl":"https:\/\/i0.wp.com\/elregionalvm.com.ar\/noticias-villa-maria\/wp-content\/uploads\/2021\/04\/ambulancia-bomberos-villa-maria.jpg?fit=533%2C300&ssl=1","width":533,"height":300},{"@type":"BreadcrumbList","@id":"http:\/\/elregionalvm.com.ar\/noticias-villa-maria\/encontraron-sin-vida-al-fotografo-carlos-bueno\/#breadcrumb","itemListElement":[{"@type":"ListItem","position":1,"name":"Portada","item":"https:\/\/elregionalvm.com.ar\/noticias-villa-maria\/"},{"@type":"ListItem","position":2,"name":"Encontraron sin vida al fot\u00f3grafo Carlos Bueno"}]},{"@type":"WebSite","@id":"http:\/\/elregionalvm.com.ar\/noticias-villa-maria\/#website","url":"http:\/\/elregionalvm.com.ar\/noticias-villa-maria\/","name":"El Regional","description":"Mucho m\u00e1s que informaci\u00f3n","potentialAction":[{"@type":"SearchAction","target":{"@type":"EntryPoint","urlTemplate":"http:\/\/elregionalvm.com.ar\/noticias-villa-maria\/?s={search_term_string}"},"query-input":{"@type":"PropertyValueSpecification","valueRequired":true,"valueName":"search_term_string"}}],"inLanguage":"es"},{"@type":"Person","@id":"http:\/\/elregionalvm.com.ar\/noticias-villa-maria\/#\/schema\/person\/a0fb9c422317faca23d50163151bc354","name":"Contenidos El Regional","image":{"@type":"ImageObject","inLanguage":"es","@id":"http:\/\/elregionalvm.com.ar\/noticias-villa-maria\/#\/schema\/person\/image\/","url":"https:\/\/secure.gravatar.com\/avatar\/265b27cb2209af7bb3a1318f03305787d7981a5cc6e6cd08fe5a4ecdf99d4b48?s=96&d=mm&r=g","contentUrl":"https:\/\/secure.gravatar.com\/avatar\/265b27cb2209af7bb3a1318f03305787d7981a5cc6e6cd08fe5a4ecdf99d4b48?s=96&d=mm&r=g","caption":"Contenidos El Regional"},"url":"https:\/\/elregionalvm.com.ar\/noticias-villa-maria\/author\/contenido\/"}]}},"jetpack_featured_media_url":"https:\/\/i0.wp.com\/elregionalvm.com.ar\/noticias-villa-maria\/wp-content\/uploads\/2021\/04\/ambulancia-bomberos-villa-maria.jpg?fit=533%2C300&ssl=1","jetpack_sharing_enabled":true,"_links":{"self":[{"href":"https:\/\/elregionalvm.com.ar\/noticias-villa-maria\/wp-json\/wp\/v2\/posts\/49963","targetHints":{"allow":["GET"]}}],"collection":[{"href":"https:\/\/elregionalvm.com.ar\/noticias-villa-maria\/wp-json\/wp\/v2\/posts"}],"about":[{"href":"https:\/\/elregionalvm.com.ar\/noticias-villa-maria\/wp-json\/wp\/v2\/types\/post"}],"author":[{"embeddable":true,"href":"https:\/\/elregionalvm.com.ar\/noticias-villa-maria\/wp-json\/wp\/v2\/users\/4"}],"replies":[{"embeddable":true,"href":"https:\/\/elregionalvm.com.ar\/noticias-villa-maria\/wp-json\/wp\/v2\/comments?post=49963"}],"version-history":[{"count":1,"href":"https:\/\/elregionalvm.com.ar\/noticias-villa-maria\/wp-json\/wp\/v2\/posts\/49963\/revisions"}],"predecessor-version":[{"id":49964,"href":"https:\/\/elregionalvm.com.ar\/noticias-villa-maria\/wp-json\/wp\/v2\/posts\/49963\/revisions\/49964"}],"wp:featuredmedia":[{"embeddable":true,"href":"https:\/\/elregionalvm.com.ar\/noticias-villa-maria\/wp-json\/wp\/v2\/media\/35972"}],"wp:attachment":[{"href":"https:\/\/elregionalvm.com.ar\/noticias-villa-maria\/wp-json\/wp\/v2\/media?parent=49963"}],"wp:term":[{"taxonomy":"category","embeddable":true,"href":"https:\/\/elregionalvm.com.ar\/noticias-villa-maria\/wp-json\/wp\/v2\/categories?post=49963"},{"taxonomy":"post_tag","embeddable":true,"href":"https:\/\/elregionalvm.com.ar\/noticias-villa-maria\/wp-json\/wp\/v2\/tags?post=49963"}],"curies":[{"name":"wp","href":"https:\/\/api.w.org\/{rel}","templated":true}]}}