{"id":50244,"date":"2021-12-26T14:14:46","date_gmt":"2021-12-26T14:14:46","guid":{"rendered":"https:\/\/elregionalvm.com.ar\/noticias-villa-maria\/?p=50244"},"modified":"2021-12-26T14:16:02","modified_gmt":"2021-12-26T14:16:02","slug":"conducia-un-camion-ebrio-e-impacto-en-un-poste-del-tendido-electrico","status":"publish","type":"post","link":"https:\/\/elregionalvm.com.ar\/noticias-villa-maria\/conducia-un-camion-ebrio-e-impacto-en-un-poste-del-tendido-electrico\/","title":{"rendered":"Ebrio con un cami\u00f3n, impact\u00f3 un poste del tendido el\u00e9ctrico"},"content":{"rendered":"\n<p>Aproximadamente a las 02:30 de este domingo, personal de la patrulla preventiva en la intersecci\u00f3n de calles Estrada y Av. Savio, en Barrio Santa Ana, detuvo a un hombre de 39 a\u00f1os , por \u201cconducci\u00f3n en estado de ebriedad\u201d,  ya que en momentos previos, mientras se encontraba conduciendo un cami\u00f3n Volkswagen modelo 13.180, con cisterna de transporte lechero, impact\u00f3 contra un poste de tendido el\u00e9ctrico urbano.<\/p>\n\n\n\n<p>Al momento de constituirse en el lugar con la colaboraci\u00f3n de personal de seguridad ciudadana se pudo constatar resultado positivo en test de alcoholemia. El incidente provoc\u00f3 el corte de suministro el\u00e9ctrico en el sector de la ciudad, que fue restablecido luego de las tareas del personal de la Epec. <\/p>\n","protected":false},"excerpt":{"rendered":"<p>Aproximadamente a las 02:30 de este domingo, personal de la patrulla preventiva en la intersecci\u00f3n de calles Estrada y Av. Savio, en Barrio Santa Ana, detuvo a un hombre de 39 a\u00f1os , por \u201cconducci\u00f3n en estado de ebriedad\u201d, ya que en momentos previos, mientras se encontraba conduciendo un cami\u00f3n Volkswagen modelo 13.180, con cisterna [&hellip;]<\/p>\n","protected":false},"author":4,"featured_media":50245,"comment_status":"open","ping_status":"open","sticky":false,"template":"","format":"standard","meta":{"site-sidebar-layout":"default","site-content-layout":"default","ast-site-content-layout":"default","site-content-style":"default","site-sidebar-style":"default","ast-global-header-display":"","ast-banner-title-visibility":"","ast-main-header-display":"","ast-hfb-above-header-display":"","ast-hfb-below-header-display":"","ast-hfb-mobile-header-display":"","site-post-title":"","ast-breadcrumbs-content":"","ast-featured-img":"","footer-sml-layout":"","ast-disable-related-posts":"","theme-transparent-header-meta":"default","adv-header-id-meta":"","stick-header-meta":"","header-above-stick-meta":"","header-main-stick-meta":"","header-below-stick-meta":"","astra-migrate-meta-layouts":"default","ast-page-background-enabled":"default","ast-page-background-meta":{"desktop":{"background-color":"","background-image":"","background-repeat":"repeat","background-position":"center center","background-size":"auto","background-attachment":"scroll","background-type":"","background-media":"","overlay-type":"","overlay-color":"","overlay-opacity":"","overlay-gradient":""},"tablet":{"background-color":"","background-image":"","background-repeat":"repeat","background-position":"center center","background-size":"auto","background-attachment":"scroll","background-type":"","background-media":"","overlay-type":"","overlay-color":"","overlay-opacity":"","overlay-gradient":""},"mobile":{"background-color":"","background-image":"","background-repeat":"repeat","background-position":"center center","background-size":"auto","background-attachment":"scroll","background-type":"","background-media":"","overlay-type":"","overlay-color":"","overlay-opacity":"","overlay-gradient":""}},"ast-content-background-meta":{"desktop":{"background-color":"var(--ast-global-color-5)","background-image":"","background-repeat":"repeat","background-position":"center center","background-size":"auto","background-attachment":"scroll","background-type":"","background-media":"","overlay-type":"","overlay-color":"","overlay-opacity":"","overlay-gradient":""},"tablet":{"background-color":"var(--ast-global-color-5)","background-image":"","background-repeat":"repeat","background-position":"center center","background-size":"auto","background-attachment":"scroll","background-type":"","background-media":"","overlay-type":"","overlay-color":"","overlay-opacity":"","overlay-gradient":""},"mobile":{"background-color":"var(--ast-global-color-5)","background-image":"","background-repeat":"repeat","background-position":"center center","background-size":"auto","background-attachment":"scroll","background-type":"","background-media":"","overlay-type":"","overlay-color":"","overlay-opacity":"","overlay-gradient":""}},"_jetpack_memberships_contains_paid_content":false,"_joinchat":[],"footnotes":""},"categories":[2234],"tags":[5162,12969,12970,12971,1232,10914],"class_list":["post-50244","post","type-post","status-publish","format-standard","has-post-thumbnail","hentry","category-policiales","tag-barrio-santa-ana","tag-camionero-ebrio","tag-choco-poste","tag-corte-de-luz","tag-destacado","tag-tendido-electrico"],"yoast_head":"<!-- This site is optimized with the Yoast SEO plugin v26.8 - https:\/\/yoast.com\/product\/yoast-seo-wordpress\/ -->\n<title>Ebrio con un cami\u00f3n, impact\u00f3 un poste del tendido el\u00e9ctrico - El Regional<\/title>\n<meta name=\"robots\" content=\"index, follow, max-snippet:-1, max-image-preview:large, max-video-preview:-1\" \/>\n<link rel=\"canonical\" href=\"http:\/\/elregionalvm.com.ar\/noticias-villa-maria\/conducia-un-camion-ebrio-e-impacto-en-un-poste-del-tendido-electrico\/\" \/>\n<meta property=\"og:locale\" content=\"es_ES\" \/>\n<meta property=\"og:type\" content=\"article\" \/>\n<meta property=\"og:title\" content=\"Ebrio con un cami\u00f3n, impact\u00f3 un poste del tendido el\u00e9ctrico - El Regional\" \/>\n<meta property=\"og:description\" content=\"Aproximadamente a las 02:30 de este domingo, personal de la patrulla preventiva en la intersecci\u00f3n de calles Estrada y Av. Savio, en Barrio Santa Ana, detuvo a un hombre de 39 a\u00f1os , por \u201cconducci\u00f3n en estado de ebriedad\u201d, ya que en momentos previos, mientras se encontraba conduciendo un cami\u00f3n Volkswagen modelo 13.180, con cisterna [&hellip;]\" \/>\n<meta property=\"og:url\" content=\"http:\/\/elregionalvm.com.ar\/noticias-villa-maria\/conducia-un-camion-ebrio-e-impacto-en-un-poste-del-tendido-electrico\/\" \/>\n<meta property=\"og:site_name\" content=\"El Regional\" \/>\n<meta property=\"article:publisher\" content=\"https:\/\/www.facebook.com\/elregionalvm\" \/>\n<meta property=\"article:published_time\" content=\"2021-12-26T14:14:46+00:00\" \/>\n<meta property=\"article:modified_time\" content=\"2021-12-26T14:16:02+00:00\" \/>\n<meta property=\"og:image\" content=\"http:\/\/elregionalvm.com.ar\/noticias-villa-maria\/wp-content\/uploads\/2021\/12\/WhatsApp-Image-2021-12-26-at-08.58.16.jpeg\" \/>\n\t<meta property=\"og:image:width\" content=\"1280\" \/>\n\t<meta property=\"og:image:height\" content=\"963\" \/>\n\t<meta property=\"og:image:type\" content=\"image\/jpeg\" \/>\n<meta name=\"author\" content=\"Contenidos El Regional\" \/>\n<meta name=\"twitter:card\" content=\"summary_large_image\" \/>\n<meta name=\"twitter:creator\" content=\"@elregionalvm1\" \/>\n<meta name=\"twitter:site\" content=\"@elregionalvm1\" \/>\n<meta name=\"twitter:label1\" content=\"Escrito por\" \/>\n\t<meta name=\"twitter:data1\" content=\"Contenidos El Regional\" \/>\n\t<meta name=\"twitter:label2\" content=\"Tiempo de lectura\" \/>\n\t<meta name=\"twitter:data2\" content=\"1 minuto\" \/>\n<script type=\"application\/ld+json\" class=\"yoast-schema-graph\">{\"@context\":\"https:\/\/schema.org\",\"@graph\":[{\"@type\":\"Article\",\"@id\":\"http:\/\/elregionalvm.com.ar\/noticias-villa-maria\/conducia-un-camion-ebrio-e-impacto-en-un-poste-del-tendido-electrico\/#article\",\"isPartOf\":{\"@id\":\"http:\/\/elregionalvm.com.ar\/noticias-villa-maria\/conducia-un-camion-ebrio-e-impacto-en-un-poste-del-tendido-electrico\/\"},\"author\":{\"name\":\"Contenidos El Regional\",\"@id\":\"http:\/\/elregionalvm.com.ar\/noticias-villa-maria\/#\/schema\/person\/a0fb9c422317faca23d50163151bc354\"},\"headline\":\"Ebrio con un cami\u00f3n, impact\u00f3 un poste del tendido el\u00e9ctrico\",\"datePublished\":\"2021-12-26T14:14:46+00:00\",\"dateModified\":\"2021-12-26T14:16:02+00:00\",\"mainEntityOfPage\":{\"@id\":\"http:\/\/elregionalvm.com.ar\/noticias-villa-maria\/conducia-un-camion-ebrio-e-impacto-en-un-poste-del-tendido-electrico\/\"},\"wordCount\":131,\"commentCount\":0,\"image\":{\"@id\":\"http:\/\/elregionalvm.com.ar\/noticias-villa-maria\/conducia-un-camion-ebrio-e-impacto-en-un-poste-del-tendido-electrico\/#primaryimage\"},\"thumbnailUrl\":\"https:\/\/i0.wp.com\/elregionalvm.com.ar\/noticias-villa-maria\/wp-content\/uploads\/2021\/12\/WhatsApp-Image-2021-12-26-at-08.58.16.jpeg?fit=1280%2C963&ssl=1\",\"keywords\":[\"Barrio Santa Ana\",\"camionero ebrio\",\"choc\u00f3 poste\",\"corte de luz\",\"destacado\",\"tendido el\u00e9ctrico\"],\"articleSection\":[\"Policiales\"],\"inLanguage\":\"es\",\"potentialAction\":[{\"@type\":\"CommentAction\",\"name\":\"Comment\",\"target\":[\"http:\/\/elregionalvm.com.ar\/noticias-villa-maria\/conducia-un-camion-ebrio-e-impacto-en-un-poste-del-tendido-electrico\/#respond\"]}]},{\"@type\":\"WebPage\",\"@id\":\"http:\/\/elregionalvm.com.ar\/noticias-villa-maria\/conducia-un-camion-ebrio-e-impacto-en-un-poste-del-tendido-electrico\/\",\"url\":\"http:\/\/elregionalvm.com.ar\/noticias-villa-maria\/conducia-un-camion-ebrio-e-impacto-en-un-poste-del-tendido-electrico\/\",\"name\":\"Ebrio con un cami\u00f3n, impact\u00f3 un poste del tendido el\u00e9ctrico - El Regional\",\"isPartOf\":{\"@id\":\"http:\/\/elregionalvm.com.ar\/noticias-villa-maria\/#website\"},\"primaryImageOfPage\":{\"@id\":\"http:\/\/elregionalvm.com.ar\/noticias-villa-maria\/conducia-un-camion-ebrio-e-impacto-en-un-poste-del-tendido-electrico\/#primaryimage\"},\"image\":{\"@id\":\"http:\/\/elregionalvm.com.ar\/noticias-villa-maria\/conducia-un-camion-ebrio-e-impacto-en-un-poste-del-tendido-electrico\/#primaryimage\"},\"thumbnailUrl\":\"https:\/\/i0.wp.com\/elregionalvm.com.ar\/noticias-villa-maria\/wp-content\/uploads\/2021\/12\/WhatsApp-Image-2021-12-26-at-08.58.16.jpeg?fit=1280%2C963&ssl=1\",\"datePublished\":\"2021-12-26T14:14:46+00:00\",\"dateModified\":\"2021-12-26T14:16:02+00:00\",\"author\":{\"@id\":\"http:\/\/elregionalvm.com.ar\/noticias-villa-maria\/#\/schema\/person\/a0fb9c422317faca23d50163151bc354\"},\"breadcrumb\":{\"@id\":\"http:\/\/elregionalvm.com.ar\/noticias-villa-maria\/conducia-un-camion-ebrio-e-impacto-en-un-poste-del-tendido-electrico\/#breadcrumb\"},\"inLanguage\":\"es\",\"potentialAction\":[{\"@type\":\"ReadAction\",\"target\":[\"http:\/\/elregionalvm.com.ar\/noticias-villa-maria\/conducia-un-camion-ebrio-e-impacto-en-un-poste-del-tendido-electrico\/\"]}]},{\"@type\":\"ImageObject\",\"inLanguage\":\"es\",\"@id\":\"http:\/\/elregionalvm.com.ar\/noticias-villa-maria\/conducia-un-camion-ebrio-e-impacto-en-un-poste-del-tendido-electrico\/#primaryimage\",\"url\":\"https:\/\/i0.wp.com\/elregionalvm.com.ar\/noticias-villa-maria\/wp-content\/uploads\/2021\/12\/WhatsApp-Image-2021-12-26-at-08.58.16.jpeg?fit=1280%2C963&ssl=1\",\"contentUrl\":\"https:\/\/i0.wp.com\/elregionalvm.com.ar\/noticias-villa-maria\/wp-content\/uploads\/2021\/12\/WhatsApp-Image-2021-12-26-at-08.58.16.jpeg?fit=1280%2C963&ssl=1\",\"width\":1280,\"height\":963},{\"@type\":\"BreadcrumbList\",\"@id\":\"http:\/\/elregionalvm.com.ar\/noticias-villa-maria\/conducia-un-camion-ebrio-e-impacto-en-un-poste-del-tendido-electrico\/#breadcrumb\",\"itemListElement\":[{\"@type\":\"ListItem\",\"position\":1,\"name\":\"Portada\",\"item\":\"https:\/\/elregionalvm.com.ar\/noticias-villa-maria\/\"},{\"@type\":\"ListItem\",\"position\":2,\"name\":\"Ebrio con un cami\u00f3n, impact\u00f3 un poste del tendido el\u00e9ctrico\"}]},{\"@type\":\"WebSite\",\"@id\":\"http:\/\/elregionalvm.com.ar\/noticias-villa-maria\/#website\",\"url\":\"http:\/\/elregionalvm.com.ar\/noticias-villa-maria\/\",\"name\":\"El Regional\",\"description\":\"Mucho m\u00e1s que informaci\u00f3n\",\"potentialAction\":[{\"@type\":\"SearchAction\",\"target\":{\"@type\":\"EntryPoint\",\"urlTemplate\":\"http:\/\/elregionalvm.com.ar\/noticias-villa-maria\/?s={search_term_string}\"},\"query-input\":{\"@type\":\"PropertyValueSpecification\",\"valueRequired\":true,\"valueName\":\"search_term_string\"}}],\"inLanguage\":\"es\"},{\"@type\":\"Person\",\"@id\":\"http:\/\/elregionalvm.com.ar\/noticias-villa-maria\/#\/schema\/person\/a0fb9c422317faca23d50163151bc354\",\"name\":\"Contenidos El Regional\",\"image\":{\"@type\":\"ImageObject\",\"inLanguage\":\"es\",\"@id\":\"http:\/\/elregionalvm.com.ar\/noticias-villa-maria\/#\/schema\/person\/image\/\",\"url\":\"https:\/\/secure.gravatar.com\/avatar\/265b27cb2209af7bb3a1318f03305787d7981a5cc6e6cd08fe5a4ecdf99d4b48?s=96&d=mm&r=g\",\"contentUrl\":\"https:\/\/secure.gravatar.com\/avatar\/265b27cb2209af7bb3a1318f03305787d7981a5cc6e6cd08fe5a4ecdf99d4b48?s=96&d=mm&r=g\",\"caption\":\"Contenidos El Regional\"},\"url\":\"https:\/\/elregionalvm.com.ar\/noticias-villa-maria\/author\/contenido\/\"}]}<\/script>\n<!-- \/ Yoast SEO plugin. -->","yoast_head_json":{"title":"Ebrio con un cami\u00f3n, impact\u00f3 un poste del tendido el\u00e9ctrico - El Regional","robots":{"index":"index","follow":"follow","max-snippet":"max-snippet:-1","max-image-preview":"max-image-preview:large","max-video-preview":"max-video-preview:-1"},"canonical":"http:\/\/elregionalvm.com.ar\/noticias-villa-maria\/conducia-un-camion-ebrio-e-impacto-en-un-poste-del-tendido-electrico\/","og_locale":"es_ES","og_type":"article","og_title":"Ebrio con un cami\u00f3n, impact\u00f3 un poste del tendido el\u00e9ctrico - El Regional","og_description":"Aproximadamente a las 02:30 de este domingo, personal de la patrulla preventiva en la intersecci\u00f3n de calles Estrada y Av. Savio, en Barrio Santa Ana, detuvo a un hombre de 39 a\u00f1os , por \u201cconducci\u00f3n en estado de ebriedad\u201d, ya que en momentos previos, mientras se encontraba conduciendo un cami\u00f3n Volkswagen modelo 13.180, con cisterna [&hellip;]","og_url":"http:\/\/elregionalvm.com.ar\/noticias-villa-maria\/conducia-un-camion-ebrio-e-impacto-en-un-poste-del-tendido-electrico\/","og_site_name":"El Regional","article_publisher":"https:\/\/www.facebook.com\/elregionalvm","article_published_time":"2021-12-26T14:14:46+00:00","article_modified_time":"2021-12-26T14:16:02+00:00","og_image":[{"width":1280,"height":963,"url":"http:\/\/elregionalvm.com.ar\/noticias-villa-maria\/wp-content\/uploads\/2021\/12\/WhatsApp-Image-2021-12-26-at-08.58.16.jpeg","type":"image\/jpeg"}],"author":"Contenidos El Regional","twitter_card":"summary_large_image","twitter_creator":"@elregionalvm1","twitter_site":"@elregionalvm1","twitter_misc":{"Escrito por":"Contenidos El Regional","Tiempo de lectura":"1 minuto"},"schema":{"@context":"https:\/\/schema.org","@graph":[{"@type":"Article","@id":"http:\/\/elregionalvm.com.ar\/noticias-villa-maria\/conducia-un-camion-ebrio-e-impacto-en-un-poste-del-tendido-electrico\/#article","isPartOf":{"@id":"http:\/\/elregionalvm.com.ar\/noticias-villa-maria\/conducia-un-camion-ebrio-e-impacto-en-un-poste-del-tendido-electrico\/"},"author":{"name":"Contenidos El Regional","@id":"http:\/\/elregionalvm.com.ar\/noticias-villa-maria\/#\/schema\/person\/a0fb9c422317faca23d50163151bc354"},"headline":"Ebrio con un cami\u00f3n, impact\u00f3 un poste del tendido el\u00e9ctrico","datePublished":"2021-12-26T14:14:46+00:00","dateModified":"2021-12-26T14:16:02+00:00","mainEntityOfPage":{"@id":"http:\/\/elregionalvm.com.ar\/noticias-villa-maria\/conducia-un-camion-ebrio-e-impacto-en-un-poste-del-tendido-electrico\/"},"wordCount":131,"commentCount":0,"image":{"@id":"http:\/\/elregionalvm.com.ar\/noticias-villa-maria\/conducia-un-camion-ebrio-e-impacto-en-un-poste-del-tendido-electrico\/#primaryimage"},"thumbnailUrl":"https:\/\/i0.wp.com\/elregionalvm.com.ar\/noticias-villa-maria\/wp-content\/uploads\/2021\/12\/WhatsApp-Image-2021-12-26-at-08.58.16.jpeg?fit=1280%2C963&ssl=1","keywords":["Barrio Santa Ana","camionero ebrio","choc\u00f3 poste","corte de luz","destacado","tendido el\u00e9ctrico"],"articleSection":["Policiales"],"inLanguage":"es","potentialAction":[{"@type":"CommentAction","name":"Comment","target":["http:\/\/elregionalvm.com.ar\/noticias-villa-maria\/conducia-un-camion-ebrio-e-impacto-en-un-poste-del-tendido-electrico\/#respond"]}]},{"@type":"WebPage","@id":"http:\/\/elregionalvm.com.ar\/noticias-villa-maria\/conducia-un-camion-ebrio-e-impacto-en-un-poste-del-tendido-electrico\/","url":"http:\/\/elregionalvm.com.ar\/noticias-villa-maria\/conducia-un-camion-ebrio-e-impacto-en-un-poste-del-tendido-electrico\/","name":"Ebrio con un cami\u00f3n, impact\u00f3 un poste del tendido el\u00e9ctrico - El Regional","isPartOf":{"@id":"http:\/\/elregionalvm.com.ar\/noticias-villa-maria\/#website"},"primaryImageOfPage":{"@id":"http:\/\/elregionalvm.com.ar\/noticias-villa-maria\/conducia-un-camion-ebrio-e-impacto-en-un-poste-del-tendido-electrico\/#primaryimage"},"image":{"@id":"http:\/\/elregionalvm.com.ar\/noticias-villa-maria\/conducia-un-camion-ebrio-e-impacto-en-un-poste-del-tendido-electrico\/#primaryimage"},"thumbnailUrl":"https:\/\/i0.wp.com\/elregionalvm.com.ar\/noticias-villa-maria\/wp-content\/uploads\/2021\/12\/WhatsApp-Image-2021-12-26-at-08.58.16.jpeg?fit=1280%2C963&ssl=1","datePublished":"2021-12-26T14:14:46+00:00","dateModified":"2021-12-26T14:16:02+00:00","author":{"@id":"http:\/\/elregionalvm.com.ar\/noticias-villa-maria\/#\/schema\/person\/a0fb9c422317faca23d50163151bc354"},"breadcrumb":{"@id":"http:\/\/elregionalvm.com.ar\/noticias-villa-maria\/conducia-un-camion-ebrio-e-impacto-en-un-poste-del-tendido-electrico\/#breadcrumb"},"inLanguage":"es","potentialAction":[{"@type":"ReadAction","target":["http:\/\/elregionalvm.com.ar\/noticias-villa-maria\/conducia-un-camion-ebrio-e-impacto-en-un-poste-del-tendido-electrico\/"]}]},{"@type":"ImageObject","inLanguage":"es","@id":"http:\/\/elregionalvm.com.ar\/noticias-villa-maria\/conducia-un-camion-ebrio-e-impacto-en-un-poste-del-tendido-electrico\/#primaryimage","url":"https:\/\/i0.wp.com\/elregionalvm.com.ar\/noticias-villa-maria\/wp-content\/uploads\/2021\/12\/WhatsApp-Image-2021-12-26-at-08.58.16.jpeg?fit=1280%2C963&ssl=1","contentUrl":"https:\/\/i0.wp.com\/elregionalvm.com.ar\/noticias-villa-maria\/wp-content\/uploads\/2021\/12\/WhatsApp-Image-2021-12-26-at-08.58.16.jpeg?fit=1280%2C963&ssl=1","width":1280,"height":963},{"@type":"BreadcrumbList","@id":"http:\/\/elregionalvm.com.ar\/noticias-villa-maria\/conducia-un-camion-ebrio-e-impacto-en-un-poste-del-tendido-electrico\/#breadcrumb","itemListElement":[{"@type":"ListItem","position":1,"name":"Portada","item":"https:\/\/elregionalvm.com.ar\/noticias-villa-maria\/"},{"@type":"ListItem","position":2,"name":"Ebrio con un cami\u00f3n, impact\u00f3 un poste del tendido el\u00e9ctrico"}]},{"@type":"WebSite","@id":"http:\/\/elregionalvm.com.ar\/noticias-villa-maria\/#website","url":"http:\/\/elregionalvm.com.ar\/noticias-villa-maria\/","name":"El Regional","description":"Mucho m\u00e1s que informaci\u00f3n","potentialAction":[{"@type":"SearchAction","target":{"@type":"EntryPoint","urlTemplate":"http:\/\/elregionalvm.com.ar\/noticias-villa-maria\/?s={search_term_string}"},"query-input":{"@type":"PropertyValueSpecification","valueRequired":true,"valueName":"search_term_string"}}],"inLanguage":"es"},{"@type":"Person","@id":"http:\/\/elregionalvm.com.ar\/noticias-villa-maria\/#\/schema\/person\/a0fb9c422317faca23d50163151bc354","name":"Contenidos El Regional","image":{"@type":"ImageObject","inLanguage":"es","@id":"http:\/\/elregionalvm.com.ar\/noticias-villa-maria\/#\/schema\/person\/image\/","url":"https:\/\/secure.gravatar.com\/avatar\/265b27cb2209af7bb3a1318f03305787d7981a5cc6e6cd08fe5a4ecdf99d4b48?s=96&d=mm&r=g","contentUrl":"https:\/\/secure.gravatar.com\/avatar\/265b27cb2209af7bb3a1318f03305787d7981a5cc6e6cd08fe5a4ecdf99d4b48?s=96&d=mm&r=g","caption":"Contenidos El Regional"},"url":"https:\/\/elregionalvm.com.ar\/noticias-villa-maria\/author\/contenido\/"}]}},"jetpack_featured_media_url":"https:\/\/i0.wp.com\/elregionalvm.com.ar\/noticias-villa-maria\/wp-content\/uploads\/2021\/12\/WhatsApp-Image-2021-12-26-at-08.58.16.jpeg?fit=1280%2C963&ssl=1","jetpack_sharing_enabled":true,"_links":{"self":[{"href":"https:\/\/elregionalvm.com.ar\/noticias-villa-maria\/wp-json\/wp\/v2\/posts\/50244","targetHints":{"allow":["GET"]}}],"collection":[{"href":"https:\/\/elregionalvm.com.ar\/noticias-villa-maria\/wp-json\/wp\/v2\/posts"}],"about":[{"href":"https:\/\/elregionalvm.com.ar\/noticias-villa-maria\/wp-json\/wp\/v2\/types\/post"}],"author":[{"embeddable":true,"href":"https:\/\/elregionalvm.com.ar\/noticias-villa-maria\/wp-json\/wp\/v2\/users\/4"}],"replies":[{"embeddable":true,"href":"https:\/\/elregionalvm.com.ar\/noticias-villa-maria\/wp-json\/wp\/v2\/comments?post=50244"}],"version-history":[{"count":3,"href":"https:\/\/elregionalvm.com.ar\/noticias-villa-maria\/wp-json\/wp\/v2\/posts\/50244\/revisions"}],"predecessor-version":[{"id":50248,"href":"https:\/\/elregionalvm.com.ar\/noticias-villa-maria\/wp-json\/wp\/v2\/posts\/50244\/revisions\/50248"}],"wp:featuredmedia":[{"embeddable":true,"href":"https:\/\/elregionalvm.com.ar\/noticias-villa-maria\/wp-json\/wp\/v2\/media\/50245"}],"wp:attachment":[{"href":"https:\/\/elregionalvm.com.ar\/noticias-villa-maria\/wp-json\/wp\/v2\/media?parent=50244"}],"wp:term":[{"taxonomy":"category","embeddable":true,"href":"https:\/\/elregionalvm.com.ar\/noticias-villa-maria\/wp-json\/wp\/v2\/categories?post=50244"},{"taxonomy":"post_tag","embeddable":true,"href":"https:\/\/elregionalvm.com.ar\/noticias-villa-maria\/wp-json\/wp\/v2\/tags?post=50244"}],"curies":[{"name":"wp","href":"https:\/\/api.w.org\/{rel}","templated":true}]}}