{"id":50249,"date":"2021-12-26T14:49:00","date_gmt":"2021-12-26T14:49:00","guid":{"rendered":"https:\/\/elregionalvm.com.ar\/noticias-villa-maria\/?p=50249"},"modified":"2021-12-26T14:49:06","modified_gmt":"2021-12-26T14:49:06","slug":"gresca-con-cuchillos-en-el-arenero-con-una-policia-atropellada","status":"publish","type":"post","link":"https:\/\/elregionalvm.com.ar\/noticias-villa-maria\/gresca-con-cuchillos-en-el-arenero-con-una-policia-atropellada\/","title":{"rendered":"Gresca con cuchillos en \u00abEl Arenero\u00bb, con una polic\u00eda atropellada"},"content":{"rendered":"\n<p>Esta ma\u00f1ana, a  las 07:00, personal de la patrulla preventiva se constituy\u00f3 en el sector costero denominado \u201cEl Arenero\u201d, pr\u00f3ximo a la intersecci\u00f3n de calles Rep\u00fablica del L\u00edbano y R\u00edo Tercero, luego de ser advertidos por la central de monitoreo por una situaci\u00f3n de desorden entre un grupo de personas que se encontraban en el lugar y en la que algunos j\u00f3venes se mostraban manipulando elementos del tipo arma blanca.<\/p>\n\n\n\n<p>Una vez all\u00ed y constatada la situaci\u00f3n se procedi\u00f3 a la aprehensi\u00f3n de un joven de 17 a\u00f1os de edad por supuesto autor de los delitos de \u201camenazas\u201d y \u201cresistencia a la autoridad\u201d, ya que ante la intervenci\u00f3n policial \u00e9ste profiri\u00f3 amenazas a los uniformados y oponi\u00e9ndose con una f\u00e9rrea resistencia.<\/p>\n\n\n\n<p>En ese contexto se pudo constatar que otra persona tambi\u00e9n portaba armado arma blanca por lo que se procedi\u00f3 al traslado de un joven de 17 a\u00f1os de edad por infractor al art. 102 \u201cportaci\u00f3n ilegal de armas\u201d del C\u00f3digo de Convivencia Ciudadana de C\u00f3rdoba, Ley provincial. N\u00b0 10.326.\u00a0\u00a0<\/p>\n\n\n\n<p>Tambi\u00e9n se procedi\u00f3 a la aprehensi\u00f3n de una mujer de 24 a\u00f1os de edad por supuesta autora de los delitos de \u201clesiones leves dolosas\u201d y \u201cresistencia a la autoridad\u201d, ya que en medio del actuar de los funcionarios ante los sujetos armados, \u00e9sta atropell\u00f3 con su motocicleta a una de las uniformadas que actuaba en el lugar, provoc\u00e1ndole lesiones leves. <\/p>\n\n\n\n<p>Como resultado de las intervenciones en el lugar, se procedi\u00f3 al secuestro de dos cuchillas de diferentes caracter\u00edsticas y una motocicleta Honda Wave. <\/p>\n\n\n\n<figure class=\"wp-block-gallery columns-2 is-cropped wp-block-gallery-1 is-layout-flex wp-block-gallery-is-layout-flex\"><ul class=\"blocks-gallery-grid\"><li class=\"blocks-gallery-item\"><figure><img data-recalc-dims=\"1\" fetchpriority=\"high\" decoding=\"async\" width=\"768\" height=\"1024\" src=\"https:\/\/i0.wp.com\/elregionalvm.com.ar\/noticias-villa-maria\/wp-content\/uploads\/2021\/12\/WhatsApp-Image-2021-12-26-at-08.58.47-1.jpeg?resize=768%2C1024&#038;ssl=1\" alt=\"\" data-id=\"50251\" data-link=\"https:\/\/elregionalvm.com.ar\/noticias-villa-maria\/?attachment_id=50251\" class=\"wp-image-50251\" srcset=\"https:\/\/i0.wp.com\/elregionalvm.com.ar\/noticias-villa-maria\/wp-content\/uploads\/2021\/12\/WhatsApp-Image-2021-12-26-at-08.58.47-1.jpeg?resize=768%2C1024&amp;ssl=1 768w, https:\/\/i0.wp.com\/elregionalvm.com.ar\/noticias-villa-maria\/wp-content\/uploads\/2021\/12\/WhatsApp-Image-2021-12-26-at-08.58.47-1.jpeg?resize=225%2C300&amp;ssl=1 225w, https:\/\/i0.wp.com\/elregionalvm.com.ar\/noticias-villa-maria\/wp-content\/uploads\/2021\/12\/WhatsApp-Image-2021-12-26-at-08.58.47-1.jpeg?resize=1152%2C1536&amp;ssl=1 1152w, https:\/\/i0.wp.com\/elregionalvm.com.ar\/noticias-villa-maria\/wp-content\/uploads\/2021\/12\/WhatsApp-Image-2021-12-26-at-08.58.47-1.jpeg?w=1200&amp;ssl=1 1200w\" sizes=\"(max-width: 768px) 100vw, 768px\" \/><\/figure><\/li><li class=\"blocks-gallery-item\"><figure><img data-recalc-dims=\"1\" decoding=\"async\" width=\"460\" height=\"1024\" src=\"https:\/\/i0.wp.com\/elregionalvm.com.ar\/noticias-villa-maria\/wp-content\/uploads\/2021\/12\/WhatsApp-Image-2021-12-26-at-08.58.49.jpeg?resize=460%2C1024&#038;ssl=1\" alt=\"\" data-id=\"50252\" data-full-url=\"https:\/\/elregionalvm.com.ar\/noticias-villa-maria\/wp-content\/uploads\/2021\/12\/WhatsApp-Image-2021-12-26-at-08.58.49.jpeg\" data-link=\"https:\/\/elregionalvm.com.ar\/noticias-villa-maria\/?attachment_id=50252\" class=\"wp-image-50252\" srcset=\"https:\/\/i0.wp.com\/elregionalvm.com.ar\/noticias-villa-maria\/wp-content\/uploads\/2021\/12\/WhatsApp-Image-2021-12-26-at-08.58.49.jpeg?resize=460%2C1024&amp;ssl=1 460w, https:\/\/i0.wp.com\/elregionalvm.com.ar\/noticias-villa-maria\/wp-content\/uploads\/2021\/12\/WhatsApp-Image-2021-12-26-at-08.58.49.jpeg?resize=135%2C300&amp;ssl=1 135w, https:\/\/i0.wp.com\/elregionalvm.com.ar\/noticias-villa-maria\/wp-content\/uploads\/2021\/12\/WhatsApp-Image-2021-12-26-at-08.58.49.jpeg?resize=689%2C1536&amp;ssl=1 689w, https:\/\/i0.wp.com\/elregionalvm.com.ar\/noticias-villa-maria\/wp-content\/uploads\/2021\/12\/WhatsApp-Image-2021-12-26-at-08.58.49.jpeg?w=718&amp;ssl=1 718w\" sizes=\"(max-width: 460px) 100vw, 460px\" \/><\/figure><\/li><\/ul><\/figure>\n\n\n\n<p><strong>Detenido por robo<\/strong><\/p>\n\n\n\n<p>Aproximadamente a las 03:15 de esta madrugada, personal de la patrulla preventiva en la intersecci\u00f3n de Bv. C\u00e1rcano y Bv. Sarmiento, de barrio Centro-Sur, detuvo a un hombre de 32 a\u00f1os, por el supuesto autor del delito de \u201crobo\u201d en flagrancia.<\/p>\n\n\n\n<p>Momentos antes, de acuerdo a lo constatado por personal del centro de monitoreo, tras violentar el per\u00edmetro de una obra en construcci\u00f3n del sector ingres\u00f3 y sustrajo un rollo de material aislante, por lo que al montar un operativo cerrojo los m\u00f3viles pudieron dar con el sujeto y concretar la aprehensi\u00f3n. Se procedi\u00f3 al secuestro y recupero del material sustra\u00eddo, labr\u00e1ndose actuaciones a disposici\u00f3n de la fiscal\u00eda de instrucci\u00f3n de turno.<\/p>\n\n\n\n<figure class=\"wp-block-gallery columns-2 is-cropped wp-block-gallery-2 is-layout-flex wp-block-gallery-is-layout-flex\"><ul class=\"blocks-gallery-grid\"><li class=\"blocks-gallery-item\"><figure><img data-recalc-dims=\"1\" decoding=\"async\" width=\"1024\" height=\"770\" src=\"https:\/\/i0.wp.com\/elregionalvm.com.ar\/noticias-villa-maria\/wp-content\/uploads\/2021\/12\/WhatsApp-Image-2021-12-26-at-08.58.29.jpeg?resize=1024%2C770&#038;ssl=1\" alt=\"\" data-id=\"50253\" data-link=\"https:\/\/elregionalvm.com.ar\/noticias-villa-maria\/?attachment_id=50253\" class=\"wp-image-50253\" srcset=\"https:\/\/i0.wp.com\/elregionalvm.com.ar\/noticias-villa-maria\/wp-content\/uploads\/2021\/12\/WhatsApp-Image-2021-12-26-at-08.58.29.jpeg?resize=1024%2C770&amp;ssl=1 1024w, https:\/\/i0.wp.com\/elregionalvm.com.ar\/noticias-villa-maria\/wp-content\/uploads\/2021\/12\/WhatsApp-Image-2021-12-26-at-08.58.29.jpeg?resize=300%2C225&amp;ssl=1 300w, https:\/\/i0.wp.com\/elregionalvm.com.ar\/noticias-villa-maria\/wp-content\/uploads\/2021\/12\/WhatsApp-Image-2021-12-26-at-08.58.29.jpeg?resize=768%2C577&amp;ssl=1 768w, https:\/\/i0.wp.com\/elregionalvm.com.ar\/noticias-villa-maria\/wp-content\/uploads\/2021\/12\/WhatsApp-Image-2021-12-26-at-08.58.29.jpeg?w=1280&amp;ssl=1 1280w\" sizes=\"(max-width: 1000px) 100vw, 1000px\" \/><\/figure><\/li><li class=\"blocks-gallery-item\"><figure><img data-recalc-dims=\"1\" loading=\"lazy\" decoding=\"async\" width=\"1024\" height=\"776\" src=\"https:\/\/i0.wp.com\/elregionalvm.com.ar\/noticias-villa-maria\/wp-content\/uploads\/2021\/12\/WhatsApp-Image-2021-12-26-at-08.58.30.jpeg?resize=1024%2C776&#038;ssl=1\" alt=\"\" data-id=\"50254\" data-full-url=\"https:\/\/elregionalvm.com.ar\/noticias-villa-maria\/wp-content\/uploads\/2021\/12\/WhatsApp-Image-2021-12-26-at-08.58.30.jpeg\" data-link=\"https:\/\/elregionalvm.com.ar\/noticias-villa-maria\/?attachment_id=50254\" class=\"wp-image-50254\" srcset=\"https:\/\/i0.wp.com\/elregionalvm.com.ar\/noticias-villa-maria\/wp-content\/uploads\/2021\/12\/WhatsApp-Image-2021-12-26-at-08.58.30.jpeg?resize=1024%2C776&amp;ssl=1 1024w, https:\/\/i0.wp.com\/elregionalvm.com.ar\/noticias-villa-maria\/wp-content\/uploads\/2021\/12\/WhatsApp-Image-2021-12-26-at-08.58.30.jpeg?resize=300%2C227&amp;ssl=1 300w, https:\/\/i0.wp.com\/elregionalvm.com.ar\/noticias-villa-maria\/wp-content\/uploads\/2021\/12\/WhatsApp-Image-2021-12-26-at-08.58.30.jpeg?resize=768%2C582&amp;ssl=1 768w, https:\/\/i0.wp.com\/elregionalvm.com.ar\/noticias-villa-maria\/wp-content\/uploads\/2021\/12\/WhatsApp-Image-2021-12-26-at-08.58.30.jpeg?w=1280&amp;ssl=1 1280w\" sizes=\"(max-width: 1000px) 100vw, 1000px\" \/><\/figure><\/li><\/ul><\/figure>\n","protected":false},"excerpt":{"rendered":"<p>Esta ma\u00f1ana, a las 07:00, personal de la patrulla preventiva se constituy\u00f3 en el sector costero denominado \u201cEl Arenero\u201d, pr\u00f3ximo a la intersecci\u00f3n de calles Rep\u00fablica del L\u00edbano y R\u00edo Tercero, luego de ser advertidos por la central de monitoreo por una situaci\u00f3n de desorden entre un grupo de personas que se encontraban en el [&hellip;]<\/p>\n","protected":false},"author":4,"featured_media":50250,"comment_status":"open","ping_status":"open","sticky":false,"template":"","format":"standard","meta":{"site-sidebar-layout":"default","site-content-layout":"default","ast-site-content-layout":"default","site-content-style":"default","site-sidebar-style":"default","ast-global-header-display":"","ast-banner-title-visibility":"","ast-main-header-display":"","ast-hfb-above-header-display":"","ast-hfb-below-header-display":"","ast-hfb-mobile-header-display":"","site-post-title":"","ast-breadcrumbs-content":"","ast-featured-img":"","footer-sml-layout":"","ast-disable-related-posts":"","theme-transparent-header-meta":"default","adv-header-id-meta":"","stick-header-meta":"","header-above-stick-meta":"","header-main-stick-meta":"","header-below-stick-meta":"","astra-migrate-meta-layouts":"default","ast-page-background-enabled":"default","ast-page-background-meta":{"desktop":{"background-color":"","background-image":"","background-repeat":"repeat","background-position":"center center","background-size":"auto","background-attachment":"scroll","background-type":"","background-media":"","overlay-type":"","overlay-color":"","overlay-opacity":"","overlay-gradient":""},"tablet":{"background-color":"","background-image":"","background-repeat":"repeat","background-position":"center center","background-size":"auto","background-attachment":"scroll","background-type":"","background-media":"","overlay-type":"","overlay-color":"","overlay-opacity":"","overlay-gradient":""},"mobile":{"background-color":"","background-image":"","background-repeat":"repeat","background-position":"center center","background-size":"auto","background-attachment":"scroll","background-type":"","background-media":"","overlay-type":"","overlay-color":"","overlay-opacity":"","overlay-gradient":""}},"ast-content-background-meta":{"desktop":{"background-color":"var(--ast-global-color-5)","background-image":"","background-repeat":"repeat","background-position":"center center","background-size":"auto","background-attachment":"scroll","background-type":"","background-media":"","overlay-type":"","overlay-color":"","overlay-opacity":"","overlay-gradient":""},"tablet":{"background-color":"var(--ast-global-color-5)","background-image":"","background-repeat":"repeat","background-position":"center center","background-size":"auto","background-attachment":"scroll","background-type":"","background-media":"","overlay-type":"","overlay-color":"","overlay-opacity":"","overlay-gradient":""},"mobile":{"background-color":"var(--ast-global-color-5)","background-image":"","background-repeat":"repeat","background-position":"center center","background-size":"auto","background-attachment":"scroll","background-type":"","background-media":"","overlay-type":"","overlay-color":"","overlay-opacity":"","overlay-gradient":""}},"_jetpack_memberships_contains_paid_content":false,"_joinchat":[],"footnotes":""},"categories":[2234],"tags":[4231,1232,2414,12973,12974,12972],"class_list":["post-50249","post","type-post","status-publish","format-standard","has-post-thumbnail","hentry","category-policiales","tag-barrio-vista-verde","tag-destacado","tag-detenidos","tag-el-arenero","tag-mujer-policia-atropellada","tag-pelea-con-cuchillos"],"yoast_head":"<!-- This site is optimized with the Yoast SEO plugin v26.8 - https:\/\/yoast.com\/product\/yoast-seo-wordpress\/ -->\n<title>Gresca con cuchillos en &quot;El Arenero&quot;, con una polic\u00eda atropellada - El Regional<\/title>\n<meta name=\"robots\" content=\"index, follow, max-snippet:-1, max-image-preview:large, max-video-preview:-1\" \/>\n<link rel=\"canonical\" href=\"http:\/\/elregionalvm.com.ar\/noticias-villa-maria\/gresca-con-cuchillos-en-el-arenero-con-una-policia-atropellada\/\" \/>\n<meta property=\"og:locale\" content=\"es_ES\" \/>\n<meta property=\"og:type\" content=\"article\" \/>\n<meta property=\"og:title\" content=\"Gresca con cuchillos en &quot;El Arenero&quot;, con una polic\u00eda atropellada - El Regional\" \/>\n<meta property=\"og:description\" content=\"Esta ma\u00f1ana, a las 07:00, personal de la patrulla preventiva se constituy\u00f3 en el sector costero denominado \u201cEl Arenero\u201d, pr\u00f3ximo a la intersecci\u00f3n de calles Rep\u00fablica del L\u00edbano y R\u00edo Tercero, luego de ser advertidos por la central de monitoreo por una situaci\u00f3n de desorden entre un grupo de personas que se encontraban en el [&hellip;]\" \/>\n<meta property=\"og:url\" content=\"http:\/\/elregionalvm.com.ar\/noticias-villa-maria\/gresca-con-cuchillos-en-el-arenero-con-una-policia-atropellada\/\" \/>\n<meta property=\"og:site_name\" content=\"El Regional\" \/>\n<meta property=\"article:publisher\" content=\"https:\/\/www.facebook.com\/elregionalvm\" \/>\n<meta property=\"article:published_time\" content=\"2021-12-26T14:49:00+00:00\" \/>\n<meta property=\"article:modified_time\" content=\"2021-12-26T14:49:06+00:00\" \/>\n<meta property=\"og:image\" content=\"http:\/\/elregionalvm.com.ar\/noticias-villa-maria\/wp-content\/uploads\/2021\/12\/WhatsApp-Image-2021-12-26-at-08.58.47.jpeg\" \/>\n\t<meta property=\"og:image:width\" content=\"1076\" \/>\n\t<meta property=\"og:image:height\" content=\"802\" \/>\n\t<meta property=\"og:image:type\" content=\"image\/jpeg\" \/>\n<meta name=\"author\" content=\"Contenidos El Regional\" \/>\n<meta name=\"twitter:card\" content=\"summary_large_image\" \/>\n<meta name=\"twitter:creator\" content=\"@elregionalvm1\" \/>\n<meta name=\"twitter:site\" content=\"@elregionalvm1\" \/>\n<meta name=\"twitter:label1\" content=\"Escrito por\" \/>\n\t<meta name=\"twitter:data1\" content=\"Contenidos El Regional\" \/>\n\t<meta name=\"twitter:label2\" content=\"Tiempo de lectura\" \/>\n\t<meta name=\"twitter:data2\" content=\"3 minutos\" \/>\n<script type=\"application\/ld+json\" class=\"yoast-schema-graph\">{\"@context\":\"https:\/\/schema.org\",\"@graph\":[{\"@type\":\"Article\",\"@id\":\"http:\/\/elregionalvm.com.ar\/noticias-villa-maria\/gresca-con-cuchillos-en-el-arenero-con-una-policia-atropellada\/#article\",\"isPartOf\":{\"@id\":\"http:\/\/elregionalvm.com.ar\/noticias-villa-maria\/gresca-con-cuchillos-en-el-arenero-con-una-policia-atropellada\/\"},\"author\":{\"name\":\"Contenidos El Regional\",\"@id\":\"http:\/\/elregionalvm.com.ar\/noticias-villa-maria\/#\/schema\/person\/a0fb9c422317faca23d50163151bc354\"},\"headline\":\"Gresca con cuchillos en \u00abEl Arenero\u00bb, con una polic\u00eda atropellada\",\"datePublished\":\"2021-12-26T14:49:00+00:00\",\"dateModified\":\"2021-12-26T14:49:06+00:00\",\"mainEntityOfPage\":{\"@id\":\"http:\/\/elregionalvm.com.ar\/noticias-villa-maria\/gresca-con-cuchillos-en-el-arenero-con-una-policia-atropellada\/\"},\"wordCount\":407,\"commentCount\":0,\"image\":{\"@id\":\"http:\/\/elregionalvm.com.ar\/noticias-villa-maria\/gresca-con-cuchillos-en-el-arenero-con-una-policia-atropellada\/#primaryimage\"},\"thumbnailUrl\":\"https:\/\/i0.wp.com\/elregionalvm.com.ar\/noticias-villa-maria\/wp-content\/uploads\/2021\/12\/WhatsApp-Image-2021-12-26-at-08.58.47.jpeg?fit=1076%2C802&ssl=1\",\"keywords\":[\"Barrio Vista Verde\",\"destacado\",\"detenidos\",\"El Arenero\",\"mujer polic\u00eca atropellada\",\"pelea con cuchillos\"],\"articleSection\":[\"Policiales\"],\"inLanguage\":\"es\",\"potentialAction\":[{\"@type\":\"CommentAction\",\"name\":\"Comment\",\"target\":[\"http:\/\/elregionalvm.com.ar\/noticias-villa-maria\/gresca-con-cuchillos-en-el-arenero-con-una-policia-atropellada\/#respond\"]}]},{\"@type\":\"WebPage\",\"@id\":\"http:\/\/elregionalvm.com.ar\/noticias-villa-maria\/gresca-con-cuchillos-en-el-arenero-con-una-policia-atropellada\/\",\"url\":\"http:\/\/elregionalvm.com.ar\/noticias-villa-maria\/gresca-con-cuchillos-en-el-arenero-con-una-policia-atropellada\/\",\"name\":\"Gresca con cuchillos en \\\"El Arenero\\\", con una polic\u00eda atropellada - El Regional\",\"isPartOf\":{\"@id\":\"http:\/\/elregionalvm.com.ar\/noticias-villa-maria\/#website\"},\"primaryImageOfPage\":{\"@id\":\"http:\/\/elregionalvm.com.ar\/noticias-villa-maria\/gresca-con-cuchillos-en-el-arenero-con-una-policia-atropellada\/#primaryimage\"},\"image\":{\"@id\":\"http:\/\/elregionalvm.com.ar\/noticias-villa-maria\/gresca-con-cuchillos-en-el-arenero-con-una-policia-atropellada\/#primaryimage\"},\"thumbnailUrl\":\"https:\/\/i0.wp.com\/elregionalvm.com.ar\/noticias-villa-maria\/wp-content\/uploads\/2021\/12\/WhatsApp-Image-2021-12-26-at-08.58.47.jpeg?fit=1076%2C802&ssl=1\",\"datePublished\":\"2021-12-26T14:49:00+00:00\",\"dateModified\":\"2021-12-26T14:49:06+00:00\",\"author\":{\"@id\":\"http:\/\/elregionalvm.com.ar\/noticias-villa-maria\/#\/schema\/person\/a0fb9c422317faca23d50163151bc354\"},\"breadcrumb\":{\"@id\":\"http:\/\/elregionalvm.com.ar\/noticias-villa-maria\/gresca-con-cuchillos-en-el-arenero-con-una-policia-atropellada\/#breadcrumb\"},\"inLanguage\":\"es\",\"potentialAction\":[{\"@type\":\"ReadAction\",\"target\":[\"http:\/\/elregionalvm.com.ar\/noticias-villa-maria\/gresca-con-cuchillos-en-el-arenero-con-una-policia-atropellada\/\"]}]},{\"@type\":\"ImageObject\",\"inLanguage\":\"es\",\"@id\":\"http:\/\/elregionalvm.com.ar\/noticias-villa-maria\/gresca-con-cuchillos-en-el-arenero-con-una-policia-atropellada\/#primaryimage\",\"url\":\"https:\/\/i0.wp.com\/elregionalvm.com.ar\/noticias-villa-maria\/wp-content\/uploads\/2021\/12\/WhatsApp-Image-2021-12-26-at-08.58.47.jpeg?fit=1076%2C802&ssl=1\",\"contentUrl\":\"https:\/\/i0.wp.com\/elregionalvm.com.ar\/noticias-villa-maria\/wp-content\/uploads\/2021\/12\/WhatsApp-Image-2021-12-26-at-08.58.47.jpeg?fit=1076%2C802&ssl=1\",\"width\":1076,\"height\":802},{\"@type\":\"BreadcrumbList\",\"@id\":\"http:\/\/elregionalvm.com.ar\/noticias-villa-maria\/gresca-con-cuchillos-en-el-arenero-con-una-policia-atropellada\/#breadcrumb\",\"itemListElement\":[{\"@type\":\"ListItem\",\"position\":1,\"name\":\"Portada\",\"item\":\"https:\/\/elregionalvm.com.ar\/noticias-villa-maria\/\"},{\"@type\":\"ListItem\",\"position\":2,\"name\":\"Gresca con cuchillos en &#8220;El Arenero&#8221;, con una polic\u00eda atropellada\"}]},{\"@type\":\"WebSite\",\"@id\":\"http:\/\/elregionalvm.com.ar\/noticias-villa-maria\/#website\",\"url\":\"http:\/\/elregionalvm.com.ar\/noticias-villa-maria\/\",\"name\":\"El Regional\",\"description\":\"Mucho m\u00e1s que informaci\u00f3n\",\"potentialAction\":[{\"@type\":\"SearchAction\",\"target\":{\"@type\":\"EntryPoint\",\"urlTemplate\":\"http:\/\/elregionalvm.com.ar\/noticias-villa-maria\/?s={search_term_string}\"},\"query-input\":{\"@type\":\"PropertyValueSpecification\",\"valueRequired\":true,\"valueName\":\"search_term_string\"}}],\"inLanguage\":\"es\"},{\"@type\":\"Person\",\"@id\":\"http:\/\/elregionalvm.com.ar\/noticias-villa-maria\/#\/schema\/person\/a0fb9c422317faca23d50163151bc354\",\"name\":\"Contenidos El Regional\",\"image\":{\"@type\":\"ImageObject\",\"inLanguage\":\"es\",\"@id\":\"http:\/\/elregionalvm.com.ar\/noticias-villa-maria\/#\/schema\/person\/image\/\",\"url\":\"https:\/\/secure.gravatar.com\/avatar\/265b27cb2209af7bb3a1318f03305787d7981a5cc6e6cd08fe5a4ecdf99d4b48?s=96&d=mm&r=g\",\"contentUrl\":\"https:\/\/secure.gravatar.com\/avatar\/265b27cb2209af7bb3a1318f03305787d7981a5cc6e6cd08fe5a4ecdf99d4b48?s=96&d=mm&r=g\",\"caption\":\"Contenidos El Regional\"},\"url\":\"https:\/\/elregionalvm.com.ar\/noticias-villa-maria\/author\/contenido\/\"}]}<\/script>\n<!-- \/ Yoast SEO plugin. -->","yoast_head_json":{"title":"Gresca con cuchillos en \"El Arenero\", con una polic\u00eda atropellada - El Regional","robots":{"index":"index","follow":"follow","max-snippet":"max-snippet:-1","max-image-preview":"max-image-preview:large","max-video-preview":"max-video-preview:-1"},"canonical":"http:\/\/elregionalvm.com.ar\/noticias-villa-maria\/gresca-con-cuchillos-en-el-arenero-con-una-policia-atropellada\/","og_locale":"es_ES","og_type":"article","og_title":"Gresca con cuchillos en \"El Arenero\", con una polic\u00eda atropellada - El Regional","og_description":"Esta ma\u00f1ana, a las 07:00, personal de la patrulla preventiva se constituy\u00f3 en el sector costero denominado \u201cEl Arenero\u201d, pr\u00f3ximo a la intersecci\u00f3n de calles Rep\u00fablica del L\u00edbano y R\u00edo Tercero, luego de ser advertidos por la central de monitoreo por una situaci\u00f3n de desorden entre un grupo de personas que se encontraban en el [&hellip;]","og_url":"http:\/\/elregionalvm.com.ar\/noticias-villa-maria\/gresca-con-cuchillos-en-el-arenero-con-una-policia-atropellada\/","og_site_name":"El Regional","article_publisher":"https:\/\/www.facebook.com\/elregionalvm","article_published_time":"2021-12-26T14:49:00+00:00","article_modified_time":"2021-12-26T14:49:06+00:00","og_image":[{"width":1076,"height":802,"url":"http:\/\/elregionalvm.com.ar\/noticias-villa-maria\/wp-content\/uploads\/2021\/12\/WhatsApp-Image-2021-12-26-at-08.58.47.jpeg","type":"image\/jpeg"}],"author":"Contenidos El Regional","twitter_card":"summary_large_image","twitter_creator":"@elregionalvm1","twitter_site":"@elregionalvm1","twitter_misc":{"Escrito por":"Contenidos El Regional","Tiempo de lectura":"3 minutos"},"schema":{"@context":"https:\/\/schema.org","@graph":[{"@type":"Article","@id":"http:\/\/elregionalvm.com.ar\/noticias-villa-maria\/gresca-con-cuchillos-en-el-arenero-con-una-policia-atropellada\/#article","isPartOf":{"@id":"http:\/\/elregionalvm.com.ar\/noticias-villa-maria\/gresca-con-cuchillos-en-el-arenero-con-una-policia-atropellada\/"},"author":{"name":"Contenidos El Regional","@id":"http:\/\/elregionalvm.com.ar\/noticias-villa-maria\/#\/schema\/person\/a0fb9c422317faca23d50163151bc354"},"headline":"Gresca con cuchillos en \u00abEl Arenero\u00bb, con una polic\u00eda atropellada","datePublished":"2021-12-26T14:49:00+00:00","dateModified":"2021-12-26T14:49:06+00:00","mainEntityOfPage":{"@id":"http:\/\/elregionalvm.com.ar\/noticias-villa-maria\/gresca-con-cuchillos-en-el-arenero-con-una-policia-atropellada\/"},"wordCount":407,"commentCount":0,"image":{"@id":"http:\/\/elregionalvm.com.ar\/noticias-villa-maria\/gresca-con-cuchillos-en-el-arenero-con-una-policia-atropellada\/#primaryimage"},"thumbnailUrl":"https:\/\/i0.wp.com\/elregionalvm.com.ar\/noticias-villa-maria\/wp-content\/uploads\/2021\/12\/WhatsApp-Image-2021-12-26-at-08.58.47.jpeg?fit=1076%2C802&ssl=1","keywords":["Barrio Vista Verde","destacado","detenidos","El Arenero","mujer polic\u00eca atropellada","pelea con cuchillos"],"articleSection":["Policiales"],"inLanguage":"es","potentialAction":[{"@type":"CommentAction","name":"Comment","target":["http:\/\/elregionalvm.com.ar\/noticias-villa-maria\/gresca-con-cuchillos-en-el-arenero-con-una-policia-atropellada\/#respond"]}]},{"@type":"WebPage","@id":"http:\/\/elregionalvm.com.ar\/noticias-villa-maria\/gresca-con-cuchillos-en-el-arenero-con-una-policia-atropellada\/","url":"http:\/\/elregionalvm.com.ar\/noticias-villa-maria\/gresca-con-cuchillos-en-el-arenero-con-una-policia-atropellada\/","name":"Gresca con cuchillos en \"El Arenero\", con una polic\u00eda atropellada - El Regional","isPartOf":{"@id":"http:\/\/elregionalvm.com.ar\/noticias-villa-maria\/#website"},"primaryImageOfPage":{"@id":"http:\/\/elregionalvm.com.ar\/noticias-villa-maria\/gresca-con-cuchillos-en-el-arenero-con-una-policia-atropellada\/#primaryimage"},"image":{"@id":"http:\/\/elregionalvm.com.ar\/noticias-villa-maria\/gresca-con-cuchillos-en-el-arenero-con-una-policia-atropellada\/#primaryimage"},"thumbnailUrl":"https:\/\/i0.wp.com\/elregionalvm.com.ar\/noticias-villa-maria\/wp-content\/uploads\/2021\/12\/WhatsApp-Image-2021-12-26-at-08.58.47.jpeg?fit=1076%2C802&ssl=1","datePublished":"2021-12-26T14:49:00+00:00","dateModified":"2021-12-26T14:49:06+00:00","author":{"@id":"http:\/\/elregionalvm.com.ar\/noticias-villa-maria\/#\/schema\/person\/a0fb9c422317faca23d50163151bc354"},"breadcrumb":{"@id":"http:\/\/elregionalvm.com.ar\/noticias-villa-maria\/gresca-con-cuchillos-en-el-arenero-con-una-policia-atropellada\/#breadcrumb"},"inLanguage":"es","potentialAction":[{"@type":"ReadAction","target":["http:\/\/elregionalvm.com.ar\/noticias-villa-maria\/gresca-con-cuchillos-en-el-arenero-con-una-policia-atropellada\/"]}]},{"@type":"ImageObject","inLanguage":"es","@id":"http:\/\/elregionalvm.com.ar\/noticias-villa-maria\/gresca-con-cuchillos-en-el-arenero-con-una-policia-atropellada\/#primaryimage","url":"https:\/\/i0.wp.com\/elregionalvm.com.ar\/noticias-villa-maria\/wp-content\/uploads\/2021\/12\/WhatsApp-Image-2021-12-26-at-08.58.47.jpeg?fit=1076%2C802&ssl=1","contentUrl":"https:\/\/i0.wp.com\/elregionalvm.com.ar\/noticias-villa-maria\/wp-content\/uploads\/2021\/12\/WhatsApp-Image-2021-12-26-at-08.58.47.jpeg?fit=1076%2C802&ssl=1","width":1076,"height":802},{"@type":"BreadcrumbList","@id":"http:\/\/elregionalvm.com.ar\/noticias-villa-maria\/gresca-con-cuchillos-en-el-arenero-con-una-policia-atropellada\/#breadcrumb","itemListElement":[{"@type":"ListItem","position":1,"name":"Portada","item":"https:\/\/elregionalvm.com.ar\/noticias-villa-maria\/"},{"@type":"ListItem","position":2,"name":"Gresca con cuchillos en &#8220;El Arenero&#8221;, con una polic\u00eda atropellada"}]},{"@type":"WebSite","@id":"http:\/\/elregionalvm.com.ar\/noticias-villa-maria\/#website","url":"http:\/\/elregionalvm.com.ar\/noticias-villa-maria\/","name":"El Regional","description":"Mucho m\u00e1s que informaci\u00f3n","potentialAction":[{"@type":"SearchAction","target":{"@type":"EntryPoint","urlTemplate":"http:\/\/elregionalvm.com.ar\/noticias-villa-maria\/?s={search_term_string}"},"query-input":{"@type":"PropertyValueSpecification","valueRequired":true,"valueName":"search_term_string"}}],"inLanguage":"es"},{"@type":"Person","@id":"http:\/\/elregionalvm.com.ar\/noticias-villa-maria\/#\/schema\/person\/a0fb9c422317faca23d50163151bc354","name":"Contenidos El Regional","image":{"@type":"ImageObject","inLanguage":"es","@id":"http:\/\/elregionalvm.com.ar\/noticias-villa-maria\/#\/schema\/person\/image\/","url":"https:\/\/secure.gravatar.com\/avatar\/265b27cb2209af7bb3a1318f03305787d7981a5cc6e6cd08fe5a4ecdf99d4b48?s=96&d=mm&r=g","contentUrl":"https:\/\/secure.gravatar.com\/avatar\/265b27cb2209af7bb3a1318f03305787d7981a5cc6e6cd08fe5a4ecdf99d4b48?s=96&d=mm&r=g","caption":"Contenidos El Regional"},"url":"https:\/\/elregionalvm.com.ar\/noticias-villa-maria\/author\/contenido\/"}]}},"jetpack_featured_media_url":"https:\/\/i0.wp.com\/elregionalvm.com.ar\/noticias-villa-maria\/wp-content\/uploads\/2021\/12\/WhatsApp-Image-2021-12-26-at-08.58.47.jpeg?fit=1076%2C802&ssl=1","jetpack_sharing_enabled":true,"_links":{"self":[{"href":"https:\/\/elregionalvm.com.ar\/noticias-villa-maria\/wp-json\/wp\/v2\/posts\/50249","targetHints":{"allow":["GET"]}}],"collection":[{"href":"https:\/\/elregionalvm.com.ar\/noticias-villa-maria\/wp-json\/wp\/v2\/posts"}],"about":[{"href":"https:\/\/elregionalvm.com.ar\/noticias-villa-maria\/wp-json\/wp\/v2\/types\/post"}],"author":[{"embeddable":true,"href":"https:\/\/elregionalvm.com.ar\/noticias-villa-maria\/wp-json\/wp\/v2\/users\/4"}],"replies":[{"embeddable":true,"href":"https:\/\/elregionalvm.com.ar\/noticias-villa-maria\/wp-json\/wp\/v2\/comments?post=50249"}],"version-history":[{"count":1,"href":"https:\/\/elregionalvm.com.ar\/noticias-villa-maria\/wp-json\/wp\/v2\/posts\/50249\/revisions"}],"predecessor-version":[{"id":50255,"href":"https:\/\/elregionalvm.com.ar\/noticias-villa-maria\/wp-json\/wp\/v2\/posts\/50249\/revisions\/50255"}],"wp:featuredmedia":[{"embeddable":true,"href":"https:\/\/elregionalvm.com.ar\/noticias-villa-maria\/wp-json\/wp\/v2\/media\/50250"}],"wp:attachment":[{"href":"https:\/\/elregionalvm.com.ar\/noticias-villa-maria\/wp-json\/wp\/v2\/media?parent=50249"}],"wp:term":[{"taxonomy":"category","embeddable":true,"href":"https:\/\/elregionalvm.com.ar\/noticias-villa-maria\/wp-json\/wp\/v2\/categories?post=50249"},{"taxonomy":"post_tag","embeddable":true,"href":"https:\/\/elregionalvm.com.ar\/noticias-villa-maria\/wp-json\/wp\/v2\/tags?post=50249"}],"curies":[{"name":"wp","href":"https:\/\/api.w.org\/{rel}","templated":true}]}}