{"id":50266,"date":"2021-12-26T15:37:48","date_gmt":"2021-12-26T15:37:48","guid":{"rendered":"https:\/\/elregionalvm.com.ar\/noticias-villa-maria\/?p=50266"},"modified":"2021-12-26T15:37:49","modified_gmt":"2021-12-26T15:37:49","slug":"el-martes-inauguraran-un-nuevo-playon-deportivo","status":"publish","type":"post","link":"https:\/\/elregionalvm.com.ar\/noticias-villa-maria\/el-martes-inauguraran-un-nuevo-playon-deportivo\/","title":{"rendered":"El martes inaugurar\u00e1n un nuevo play\u00f3n deportivo"},"content":{"rendered":"\n<p>El pr\u00f3ximo martes, quedar\u00e1 inaugurado el nuevo play\u00f3n deportivo ubicado en el l\u00edmite entre barrios Ram\u00f3n Carrillo y Belgrano, en la esquina de calles Buchardo y Brasil. Con la flamante obra, se dotar\u00e1 de infraestructura deportiva a cientos de familias villamarienses que habitan en ese sector de la ciudad.<\/p>\n\n\n\n<p>Las obras, con financiamiento del Gobierno nacional a trav\u00e9s de la Secretar\u00eda de Obras P\u00fablicas de la Naci\u00f3n, estuvieron a cargo de la Cooperativa 7 de Febrero, conformada mayoritariamente por mujeres y que ya ejecut\u00f3 una intervenci\u00f3n similar en barrio Las Acacias.<\/p>\n\n\n\n<p>Cabe destacar que el nuevo play\u00f3n deportivo se ejecut\u00f3 sobre en un terreno de 5.336 metros cuadrados. El objetivo primordial de la obra fue acondicionar un espacio de expansi\u00f3n y recreaci\u00f3n dentro de un marco urbano, promoviendo la inclusi\u00f3n social a partir de las actividades deportivas, para que pueda ser usado por los vecinos y vecinas del barrio en forma comunitaria, as\u00ed como tambi\u00e9n del resto de la ciudad.<\/p>\n\n\n\n<p>Adem\u00e1s, es importante decir que la obra tuvo una demanda de 20 puestos de trabajo de manera directa e Indirecta y las tareas ejecutadas comprenden la ejecuci\u00f3n de la superficie propiamente dicha del play\u00f3n, un total de 608 metros cuadrados de hormig\u00f3n armado, con un cercado perimetral de 80 metros lineales.<\/p>\n\n\n\n<p>Tambi\u00e9n se realizaron nuevas instalaciones el\u00e9ctricas conforme ley provincial de Seguridad El\u00e9ctrica, con la instalaci\u00f3n de cuatro columnas de alumbrado, 96 metros lineales de tendido el\u00e9ctrico y la ejecuci\u00f3n de un nuevo punto de medici\u00f3n y tablero de energ\u00eda.<\/p>\n\n\n\n<p>Por \u00faltimo, se llev\u00f3 a cabo la provisi\u00f3n del equipamiento deportivo y urbano con arcos de f\u00fatbol, red de v\u00f3ley, aros de b\u00e1squet, tablero, seis bancos, pintura elast\u00f3mera para demarcaci\u00f3n de cancha seg\u00fan la reglamentaci\u00f3n vigente, a la vez que se pintaron el resto de elementos. Tambi\u00e9n se llev\u00f3 a cabo la ejecuci\u00f3n de desag\u00fces pluviales, parquizaci\u00f3n y colocaci\u00f3n de vegetaci\u00f3n.<\/p>\n","protected":false},"excerpt":{"rendered":"<p>El pr\u00f3ximo martes, quedar\u00e1 inaugurado el nuevo play\u00f3n deportivo ubicado en el l\u00edmite entre barrios Ram\u00f3n Carrillo y Belgrano, en la esquina de calles Buchardo y Brasil. Con la flamante obra, se dotar\u00e1 de infraestructura deportiva a cientos de familias villamarienses que habitan en ese sector de la ciudad. Las obras, con financiamiento del Gobierno [&hellip;]<\/p>\n","protected":false},"author":4,"featured_media":48869,"comment_status":"open","ping_status":"open","sticky":false,"template":"","format":"standard","meta":{"site-sidebar-layout":"default","site-content-layout":"default","ast-site-content-layout":"default","site-content-style":"default","site-sidebar-style":"default","ast-global-header-display":"","ast-banner-title-visibility":"","ast-main-header-display":"","ast-hfb-above-header-display":"","ast-hfb-below-header-display":"","ast-hfb-mobile-header-display":"","site-post-title":"","ast-breadcrumbs-content":"","ast-featured-img":"","footer-sml-layout":"","ast-disable-related-posts":"","theme-transparent-header-meta":"default","adv-header-id-meta":"","stick-header-meta":"","header-above-stick-meta":"","header-main-stick-meta":"","header-below-stick-meta":"","astra-migrate-meta-layouts":"default","ast-page-background-enabled":"default","ast-page-background-meta":{"desktop":{"background-color":"","background-image":"","background-repeat":"repeat","background-position":"center center","background-size":"auto","background-attachment":"scroll","background-type":"","background-media":"","overlay-type":"","overlay-color":"","overlay-opacity":"","overlay-gradient":""},"tablet":{"background-color":"","background-image":"","background-repeat":"repeat","background-position":"center center","background-size":"auto","background-attachment":"scroll","background-type":"","background-media":"","overlay-type":"","overlay-color":"","overlay-opacity":"","overlay-gradient":""},"mobile":{"background-color":"","background-image":"","background-repeat":"repeat","background-position":"center center","background-size":"auto","background-attachment":"scroll","background-type":"","background-media":"","overlay-type":"","overlay-color":"","overlay-opacity":"","overlay-gradient":""}},"ast-content-background-meta":{"desktop":{"background-color":"var(--ast-global-color-5)","background-image":"","background-repeat":"repeat","background-position":"center center","background-size":"auto","background-attachment":"scroll","background-type":"","background-media":"","overlay-type":"","overlay-color":"","overlay-opacity":"","overlay-gradient":""},"tablet":{"background-color":"var(--ast-global-color-5)","background-image":"","background-repeat":"repeat","background-position":"center center","background-size":"auto","background-attachment":"scroll","background-type":"","background-media":"","overlay-type":"","overlay-color":"","overlay-opacity":"","overlay-gradient":""},"mobile":{"background-color":"var(--ast-global-color-5)","background-image":"","background-repeat":"repeat","background-position":"center center","background-size":"auto","background-attachment":"scroll","background-type":"","background-media":"","overlay-type":"","overlay-color":"","overlay-opacity":"","overlay-gradient":""}},"_jetpack_memberships_contains_paid_content":false,"_joinchat":[],"footnotes":""},"categories":[2],"tags":[823,6698,1232,3232,12981,2248],"class_list":["post-50266","post","type-post","status-publish","format-standard","has-post-thumbnail","hentry","category-villa-maria","tag-barrio-belgrano","tag-barrio-ramon-carrillo","tag-destacado","tag-inauguracion","tag-nuevo-playon-deportivo","tag-villa-maria-2"],"yoast_head":"<!-- This site is optimized with the Yoast SEO plugin v26.8 - https:\/\/yoast.com\/product\/yoast-seo-wordpress\/ -->\n<title>El martes inaugurar\u00e1n un nuevo play\u00f3n deportivo - El Regional<\/title>\n<meta name=\"robots\" content=\"index, follow, max-snippet:-1, max-image-preview:large, max-video-preview:-1\" \/>\n<link rel=\"canonical\" href=\"http:\/\/elregionalvm.com.ar\/noticias-villa-maria\/el-martes-inauguraran-un-nuevo-playon-deportivo\/\" \/>\n<meta property=\"og:locale\" content=\"es_ES\" \/>\n<meta property=\"og:type\" content=\"article\" \/>\n<meta property=\"og:title\" content=\"El martes inaugurar\u00e1n un nuevo play\u00f3n deportivo - El Regional\" \/>\n<meta property=\"og:description\" content=\"El pr\u00f3ximo martes, quedar\u00e1 inaugurado el nuevo play\u00f3n deportivo ubicado en el l\u00edmite entre barrios Ram\u00f3n Carrillo y Belgrano, en la esquina de calles Buchardo y Brasil. Con la flamante obra, se dotar\u00e1 de infraestructura deportiva a cientos de familias villamarienses que habitan en ese sector de la ciudad. Las obras, con financiamiento del Gobierno [&hellip;]\" \/>\n<meta property=\"og:url\" content=\"http:\/\/elregionalvm.com.ar\/noticias-villa-maria\/el-martes-inauguraran-un-nuevo-playon-deportivo\/\" \/>\n<meta property=\"og:site_name\" content=\"El Regional\" \/>\n<meta property=\"article:publisher\" content=\"https:\/\/www.facebook.com\/elregionalvm\" \/>\n<meta property=\"article:published_time\" content=\"2021-12-26T15:37:48+00:00\" \/>\n<meta property=\"article:modified_time\" content=\"2021-12-26T15:37:49+00:00\" \/>\n<meta property=\"og:image\" content=\"http:\/\/elregionalvm.com.ar\/noticias-villa-maria\/wp-content\/uploads\/2021\/11\/playon-vista-verde.jpg\" \/>\n\t<meta property=\"og:image:width\" content=\"960\" \/>\n\t<meta property=\"og:image:height\" content=\"720\" \/>\n\t<meta property=\"og:image:type\" content=\"image\/jpeg\" \/>\n<meta name=\"author\" content=\"Contenidos El Regional\" \/>\n<meta name=\"twitter:card\" content=\"summary_large_image\" \/>\n<meta name=\"twitter:creator\" content=\"@elregionalvm1\" \/>\n<meta name=\"twitter:site\" content=\"@elregionalvm1\" \/>\n<meta name=\"twitter:label1\" content=\"Escrito por\" \/>\n\t<meta name=\"twitter:data1\" content=\"Contenidos El Regional\" \/>\n\t<meta name=\"twitter:label2\" content=\"Tiempo de lectura\" \/>\n\t<meta name=\"twitter:data2\" content=\"2 minutos\" \/>\n<script type=\"application\/ld+json\" class=\"yoast-schema-graph\">{\"@context\":\"https:\/\/schema.org\",\"@graph\":[{\"@type\":\"Article\",\"@id\":\"http:\/\/elregionalvm.com.ar\/noticias-villa-maria\/el-martes-inauguraran-un-nuevo-playon-deportivo\/#article\",\"isPartOf\":{\"@id\":\"http:\/\/elregionalvm.com.ar\/noticias-villa-maria\/el-martes-inauguraran-un-nuevo-playon-deportivo\/\"},\"author\":{\"name\":\"Contenidos El Regional\",\"@id\":\"http:\/\/elregionalvm.com.ar\/noticias-villa-maria\/#\/schema\/person\/a0fb9c422317faca23d50163151bc354\"},\"headline\":\"El martes inaugurar\u00e1n un nuevo play\u00f3n deportivo\",\"datePublished\":\"2021-12-26T15:37:48+00:00\",\"dateModified\":\"2021-12-26T15:37:49+00:00\",\"mainEntityOfPage\":{\"@id\":\"http:\/\/elregionalvm.com.ar\/noticias-villa-maria\/el-martes-inauguraran-un-nuevo-playon-deportivo\/\"},\"wordCount\":354,\"commentCount\":0,\"image\":{\"@id\":\"http:\/\/elregionalvm.com.ar\/noticias-villa-maria\/el-martes-inauguraran-un-nuevo-playon-deportivo\/#primaryimage\"},\"thumbnailUrl\":\"https:\/\/i0.wp.com\/elregionalvm.com.ar\/noticias-villa-maria\/wp-content\/uploads\/2021\/11\/playon-vista-verde.jpg?fit=960%2C720&ssl=1\",\"keywords\":[\"Barrio Belgrano\",\"Barrio Ram\u00f3n Carrillo\",\"destacado\",\"inauguraci\u00f3n\",\"nuevo play\u00f3n deportivo\",\"Villa Mar\u00eda\"],\"articleSection\":[\"Villa Mar\u00eda\"],\"inLanguage\":\"es\",\"potentialAction\":[{\"@type\":\"CommentAction\",\"name\":\"Comment\",\"target\":[\"http:\/\/elregionalvm.com.ar\/noticias-villa-maria\/el-martes-inauguraran-un-nuevo-playon-deportivo\/#respond\"]}]},{\"@type\":\"WebPage\",\"@id\":\"http:\/\/elregionalvm.com.ar\/noticias-villa-maria\/el-martes-inauguraran-un-nuevo-playon-deportivo\/\",\"url\":\"http:\/\/elregionalvm.com.ar\/noticias-villa-maria\/el-martes-inauguraran-un-nuevo-playon-deportivo\/\",\"name\":\"El martes inaugurar\u00e1n un nuevo play\u00f3n deportivo - El Regional\",\"isPartOf\":{\"@id\":\"http:\/\/elregionalvm.com.ar\/noticias-villa-maria\/#website\"},\"primaryImageOfPage\":{\"@id\":\"http:\/\/elregionalvm.com.ar\/noticias-villa-maria\/el-martes-inauguraran-un-nuevo-playon-deportivo\/#primaryimage\"},\"image\":{\"@id\":\"http:\/\/elregionalvm.com.ar\/noticias-villa-maria\/el-martes-inauguraran-un-nuevo-playon-deportivo\/#primaryimage\"},\"thumbnailUrl\":\"https:\/\/i0.wp.com\/elregionalvm.com.ar\/noticias-villa-maria\/wp-content\/uploads\/2021\/11\/playon-vista-verde.jpg?fit=960%2C720&ssl=1\",\"datePublished\":\"2021-12-26T15:37:48+00:00\",\"dateModified\":\"2021-12-26T15:37:49+00:00\",\"author\":{\"@id\":\"http:\/\/elregionalvm.com.ar\/noticias-villa-maria\/#\/schema\/person\/a0fb9c422317faca23d50163151bc354\"},\"breadcrumb\":{\"@id\":\"http:\/\/elregionalvm.com.ar\/noticias-villa-maria\/el-martes-inauguraran-un-nuevo-playon-deportivo\/#breadcrumb\"},\"inLanguage\":\"es\",\"potentialAction\":[{\"@type\":\"ReadAction\",\"target\":[\"http:\/\/elregionalvm.com.ar\/noticias-villa-maria\/el-martes-inauguraran-un-nuevo-playon-deportivo\/\"]}]},{\"@type\":\"ImageObject\",\"inLanguage\":\"es\",\"@id\":\"http:\/\/elregionalvm.com.ar\/noticias-villa-maria\/el-martes-inauguraran-un-nuevo-playon-deportivo\/#primaryimage\",\"url\":\"https:\/\/i0.wp.com\/elregionalvm.com.ar\/noticias-villa-maria\/wp-content\/uploads\/2021\/11\/playon-vista-verde.jpg?fit=960%2C720&ssl=1\",\"contentUrl\":\"https:\/\/i0.wp.com\/elregionalvm.com.ar\/noticias-villa-maria\/wp-content\/uploads\/2021\/11\/playon-vista-verde.jpg?fit=960%2C720&ssl=1\",\"width\":960,\"height\":720},{\"@type\":\"BreadcrumbList\",\"@id\":\"http:\/\/elregionalvm.com.ar\/noticias-villa-maria\/el-martes-inauguraran-un-nuevo-playon-deportivo\/#breadcrumb\",\"itemListElement\":[{\"@type\":\"ListItem\",\"position\":1,\"name\":\"Portada\",\"item\":\"https:\/\/elregionalvm.com.ar\/noticias-villa-maria\/\"},{\"@type\":\"ListItem\",\"position\":2,\"name\":\"El martes inaugurar\u00e1n un nuevo play\u00f3n deportivo\"}]},{\"@type\":\"WebSite\",\"@id\":\"http:\/\/elregionalvm.com.ar\/noticias-villa-maria\/#website\",\"url\":\"http:\/\/elregionalvm.com.ar\/noticias-villa-maria\/\",\"name\":\"El Regional\",\"description\":\"Mucho m\u00e1s que informaci\u00f3n\",\"potentialAction\":[{\"@type\":\"SearchAction\",\"target\":{\"@type\":\"EntryPoint\",\"urlTemplate\":\"http:\/\/elregionalvm.com.ar\/noticias-villa-maria\/?s={search_term_string}\"},\"query-input\":{\"@type\":\"PropertyValueSpecification\",\"valueRequired\":true,\"valueName\":\"search_term_string\"}}],\"inLanguage\":\"es\"},{\"@type\":\"Person\",\"@id\":\"http:\/\/elregionalvm.com.ar\/noticias-villa-maria\/#\/schema\/person\/a0fb9c422317faca23d50163151bc354\",\"name\":\"Contenidos El Regional\",\"image\":{\"@type\":\"ImageObject\",\"inLanguage\":\"es\",\"@id\":\"http:\/\/elregionalvm.com.ar\/noticias-villa-maria\/#\/schema\/person\/image\/\",\"url\":\"https:\/\/secure.gravatar.com\/avatar\/265b27cb2209af7bb3a1318f03305787d7981a5cc6e6cd08fe5a4ecdf99d4b48?s=96&d=mm&r=g\",\"contentUrl\":\"https:\/\/secure.gravatar.com\/avatar\/265b27cb2209af7bb3a1318f03305787d7981a5cc6e6cd08fe5a4ecdf99d4b48?s=96&d=mm&r=g\",\"caption\":\"Contenidos El Regional\"},\"url\":\"https:\/\/elregionalvm.com.ar\/noticias-villa-maria\/author\/contenido\/\"}]}<\/script>\n<!-- \/ Yoast SEO plugin. -->","yoast_head_json":{"title":"El martes inaugurar\u00e1n un nuevo play\u00f3n deportivo - El Regional","robots":{"index":"index","follow":"follow","max-snippet":"max-snippet:-1","max-image-preview":"max-image-preview:large","max-video-preview":"max-video-preview:-1"},"canonical":"http:\/\/elregionalvm.com.ar\/noticias-villa-maria\/el-martes-inauguraran-un-nuevo-playon-deportivo\/","og_locale":"es_ES","og_type":"article","og_title":"El martes inaugurar\u00e1n un nuevo play\u00f3n deportivo - El Regional","og_description":"El pr\u00f3ximo martes, quedar\u00e1 inaugurado el nuevo play\u00f3n deportivo ubicado en el l\u00edmite entre barrios Ram\u00f3n Carrillo y Belgrano, en la esquina de calles Buchardo y Brasil. Con la flamante obra, se dotar\u00e1 de infraestructura deportiva a cientos de familias villamarienses que habitan en ese sector de la ciudad. Las obras, con financiamiento del Gobierno [&hellip;]","og_url":"http:\/\/elregionalvm.com.ar\/noticias-villa-maria\/el-martes-inauguraran-un-nuevo-playon-deportivo\/","og_site_name":"El Regional","article_publisher":"https:\/\/www.facebook.com\/elregionalvm","article_published_time":"2021-12-26T15:37:48+00:00","article_modified_time":"2021-12-26T15:37:49+00:00","og_image":[{"width":960,"height":720,"url":"http:\/\/elregionalvm.com.ar\/noticias-villa-maria\/wp-content\/uploads\/2021\/11\/playon-vista-verde.jpg","type":"image\/jpeg"}],"author":"Contenidos El Regional","twitter_card":"summary_large_image","twitter_creator":"@elregionalvm1","twitter_site":"@elregionalvm1","twitter_misc":{"Escrito por":"Contenidos El Regional","Tiempo de lectura":"2 minutos"},"schema":{"@context":"https:\/\/schema.org","@graph":[{"@type":"Article","@id":"http:\/\/elregionalvm.com.ar\/noticias-villa-maria\/el-martes-inauguraran-un-nuevo-playon-deportivo\/#article","isPartOf":{"@id":"http:\/\/elregionalvm.com.ar\/noticias-villa-maria\/el-martes-inauguraran-un-nuevo-playon-deportivo\/"},"author":{"name":"Contenidos El Regional","@id":"http:\/\/elregionalvm.com.ar\/noticias-villa-maria\/#\/schema\/person\/a0fb9c422317faca23d50163151bc354"},"headline":"El martes inaugurar\u00e1n un nuevo play\u00f3n deportivo","datePublished":"2021-12-26T15:37:48+00:00","dateModified":"2021-12-26T15:37:49+00:00","mainEntityOfPage":{"@id":"http:\/\/elregionalvm.com.ar\/noticias-villa-maria\/el-martes-inauguraran-un-nuevo-playon-deportivo\/"},"wordCount":354,"commentCount":0,"image":{"@id":"http:\/\/elregionalvm.com.ar\/noticias-villa-maria\/el-martes-inauguraran-un-nuevo-playon-deportivo\/#primaryimage"},"thumbnailUrl":"https:\/\/i0.wp.com\/elregionalvm.com.ar\/noticias-villa-maria\/wp-content\/uploads\/2021\/11\/playon-vista-verde.jpg?fit=960%2C720&ssl=1","keywords":["Barrio Belgrano","Barrio Ram\u00f3n Carrillo","destacado","inauguraci\u00f3n","nuevo play\u00f3n deportivo","Villa Mar\u00eda"],"articleSection":["Villa Mar\u00eda"],"inLanguage":"es","potentialAction":[{"@type":"CommentAction","name":"Comment","target":["http:\/\/elregionalvm.com.ar\/noticias-villa-maria\/el-martes-inauguraran-un-nuevo-playon-deportivo\/#respond"]}]},{"@type":"WebPage","@id":"http:\/\/elregionalvm.com.ar\/noticias-villa-maria\/el-martes-inauguraran-un-nuevo-playon-deportivo\/","url":"http:\/\/elregionalvm.com.ar\/noticias-villa-maria\/el-martes-inauguraran-un-nuevo-playon-deportivo\/","name":"El martes inaugurar\u00e1n un nuevo play\u00f3n deportivo - El Regional","isPartOf":{"@id":"http:\/\/elregionalvm.com.ar\/noticias-villa-maria\/#website"},"primaryImageOfPage":{"@id":"http:\/\/elregionalvm.com.ar\/noticias-villa-maria\/el-martes-inauguraran-un-nuevo-playon-deportivo\/#primaryimage"},"image":{"@id":"http:\/\/elregionalvm.com.ar\/noticias-villa-maria\/el-martes-inauguraran-un-nuevo-playon-deportivo\/#primaryimage"},"thumbnailUrl":"https:\/\/i0.wp.com\/elregionalvm.com.ar\/noticias-villa-maria\/wp-content\/uploads\/2021\/11\/playon-vista-verde.jpg?fit=960%2C720&ssl=1","datePublished":"2021-12-26T15:37:48+00:00","dateModified":"2021-12-26T15:37:49+00:00","author":{"@id":"http:\/\/elregionalvm.com.ar\/noticias-villa-maria\/#\/schema\/person\/a0fb9c422317faca23d50163151bc354"},"breadcrumb":{"@id":"http:\/\/elregionalvm.com.ar\/noticias-villa-maria\/el-martes-inauguraran-un-nuevo-playon-deportivo\/#breadcrumb"},"inLanguage":"es","potentialAction":[{"@type":"ReadAction","target":["http:\/\/elregionalvm.com.ar\/noticias-villa-maria\/el-martes-inauguraran-un-nuevo-playon-deportivo\/"]}]},{"@type":"ImageObject","inLanguage":"es","@id":"http:\/\/elregionalvm.com.ar\/noticias-villa-maria\/el-martes-inauguraran-un-nuevo-playon-deportivo\/#primaryimage","url":"https:\/\/i0.wp.com\/elregionalvm.com.ar\/noticias-villa-maria\/wp-content\/uploads\/2021\/11\/playon-vista-verde.jpg?fit=960%2C720&ssl=1","contentUrl":"https:\/\/i0.wp.com\/elregionalvm.com.ar\/noticias-villa-maria\/wp-content\/uploads\/2021\/11\/playon-vista-verde.jpg?fit=960%2C720&ssl=1","width":960,"height":720},{"@type":"BreadcrumbList","@id":"http:\/\/elregionalvm.com.ar\/noticias-villa-maria\/el-martes-inauguraran-un-nuevo-playon-deportivo\/#breadcrumb","itemListElement":[{"@type":"ListItem","position":1,"name":"Portada","item":"https:\/\/elregionalvm.com.ar\/noticias-villa-maria\/"},{"@type":"ListItem","position":2,"name":"El martes inaugurar\u00e1n un nuevo play\u00f3n deportivo"}]},{"@type":"WebSite","@id":"http:\/\/elregionalvm.com.ar\/noticias-villa-maria\/#website","url":"http:\/\/elregionalvm.com.ar\/noticias-villa-maria\/","name":"El Regional","description":"Mucho m\u00e1s que informaci\u00f3n","potentialAction":[{"@type":"SearchAction","target":{"@type":"EntryPoint","urlTemplate":"http:\/\/elregionalvm.com.ar\/noticias-villa-maria\/?s={search_term_string}"},"query-input":{"@type":"PropertyValueSpecification","valueRequired":true,"valueName":"search_term_string"}}],"inLanguage":"es"},{"@type":"Person","@id":"http:\/\/elregionalvm.com.ar\/noticias-villa-maria\/#\/schema\/person\/a0fb9c422317faca23d50163151bc354","name":"Contenidos El Regional","image":{"@type":"ImageObject","inLanguage":"es","@id":"http:\/\/elregionalvm.com.ar\/noticias-villa-maria\/#\/schema\/person\/image\/","url":"https:\/\/secure.gravatar.com\/avatar\/265b27cb2209af7bb3a1318f03305787d7981a5cc6e6cd08fe5a4ecdf99d4b48?s=96&d=mm&r=g","contentUrl":"https:\/\/secure.gravatar.com\/avatar\/265b27cb2209af7bb3a1318f03305787d7981a5cc6e6cd08fe5a4ecdf99d4b48?s=96&d=mm&r=g","caption":"Contenidos El Regional"},"url":"https:\/\/elregionalvm.com.ar\/noticias-villa-maria\/author\/contenido\/"}]}},"jetpack_featured_media_url":"https:\/\/i0.wp.com\/elregionalvm.com.ar\/noticias-villa-maria\/wp-content\/uploads\/2021\/11\/playon-vista-verde.jpg?fit=960%2C720&ssl=1","jetpack_sharing_enabled":true,"_links":{"self":[{"href":"https:\/\/elregionalvm.com.ar\/noticias-villa-maria\/wp-json\/wp\/v2\/posts\/50266","targetHints":{"allow":["GET"]}}],"collection":[{"href":"https:\/\/elregionalvm.com.ar\/noticias-villa-maria\/wp-json\/wp\/v2\/posts"}],"about":[{"href":"https:\/\/elregionalvm.com.ar\/noticias-villa-maria\/wp-json\/wp\/v2\/types\/post"}],"author":[{"embeddable":true,"href":"https:\/\/elregionalvm.com.ar\/noticias-villa-maria\/wp-json\/wp\/v2\/users\/4"}],"replies":[{"embeddable":true,"href":"https:\/\/elregionalvm.com.ar\/noticias-villa-maria\/wp-json\/wp\/v2\/comments?post=50266"}],"version-history":[{"count":1,"href":"https:\/\/elregionalvm.com.ar\/noticias-villa-maria\/wp-json\/wp\/v2\/posts\/50266\/revisions"}],"predecessor-version":[{"id":50267,"href":"https:\/\/elregionalvm.com.ar\/noticias-villa-maria\/wp-json\/wp\/v2\/posts\/50266\/revisions\/50267"}],"wp:featuredmedia":[{"embeddable":true,"href":"https:\/\/elregionalvm.com.ar\/noticias-villa-maria\/wp-json\/wp\/v2\/media\/48869"}],"wp:attachment":[{"href":"https:\/\/elregionalvm.com.ar\/noticias-villa-maria\/wp-json\/wp\/v2\/media?parent=50266"}],"wp:term":[{"taxonomy":"category","embeddable":true,"href":"https:\/\/elregionalvm.com.ar\/noticias-villa-maria\/wp-json\/wp\/v2\/categories?post=50266"},{"taxonomy":"post_tag","embeddable":true,"href":"https:\/\/elregionalvm.com.ar\/noticias-villa-maria\/wp-json\/wp\/v2\/tags?post=50266"}],"curies":[{"name":"wp","href":"https:\/\/api.w.org\/{rel}","templated":true}]}}