{"id":50268,"date":"2021-12-26T15:51:28","date_gmt":"2021-12-26T15:51:28","guid":{"rendered":"https:\/\/elregionalvm.com.ar\/noticias-villa-maria\/?p=50268"},"modified":"2021-12-26T15:51:30","modified_gmt":"2021-12-26T15:51:30","slug":"rige-desde-el-viernes-el-pasaporte-sanitario-en-la-ciudad","status":"publish","type":"post","link":"https:\/\/elregionalvm.com.ar\/noticias-villa-maria\/rige-desde-el-viernes-el-pasaporte-sanitario-en-la-ciudad\/","title":{"rendered":"Rige desde el viernes el pasaporte sanitario en la ciudad"},"content":{"rendered":"\n<p>En el marco de la puesta en marcha del Centro \u00danico de Testeos, ubicado en el Centro Cultural Leonardo Favio, el titular de Secretar\u00eda de Gobierno, Seguridad Ciudadana y Asuntos Legales, Eduardo Rodr\u00edguez, dialog\u00f3 con los trabajadores de prensa acerca de la implementaci\u00f3n del pasaporte sanitario, que rige desde hoy en la ciudad.<\/p>\n\n\n\n<p>Al respecto, inform\u00f3 que <strong>se llev\u00f3 a cabo un encuentro con empresarios de espacios de esparcimiento nocturno, para acordar l\u00edneas de acci\u00f3n en conjunto. \u201cCon todos ellos se ha acordado el control de personal de seguridad ciudadana de las personas que ingresan, que tengan las dos dosis como m\u00ednimo, el denominado pasaporte sanitario.\u201d<\/strong><\/p>\n\n\n\n<p>Sobre la implementaci\u00f3n de este control, explic\u00f3: \u201cLos due\u00f1os de los boliches ya est\u00e1n cancheros, los chicos llegan con el celular abierto en mano, y se hace bastante \u00e1gil el ingreso. Por ah\u00ed creemos que tenemos una juventud muy rebelde, pero que hoy est\u00e1 demostrando un alto grado de responsabilidad. Nuestros j\u00f3venes no est\u00e1n locos, son muy pocos, y en algunos casos son los padres, los que incitan a romper las normas sanitarias\u201d.<\/p>\n\n\n\n<p>En el encuentro con los empresarios, tambi\u00e9n se acord\u00f3 que en cada ingreso habr\u00e1 un equipo de testeos, ofreciendo el beneficio de que quien acceda a hisoparse podr\u00e1 ingresar al establecimiento sin hacer la fila. \u201cEs la manera de detectar preventivamente a alguien que, con o sin s\u00edntomas, ingresar\u00eda a una conglomeraci\u00f3n de personas, pudiendo propagar el virus\u201d, resalt\u00f3.<\/p>\n\n\n\n<p>Por otra parte, y en relaci\u00f3n a los contingentes que arribaron a la ciudad desde Bariloche y que \u2013por la detecci\u00f3n de casos positivos- deben guardar aislamiento de 12 d\u00edas, Rodr\u00edguez explic\u00f3 que el personal de boliches, de Seguridad Ciudadana, policial y la propia Justicia, cuentan con la lista de las personas que est\u00e1n obligadas a mantener el aislamiento por estos d\u00edas.<\/p>\n\n\n\n<p>Al respecto, record\u00f3 que la orden de aislamiento fue impartida por la autoridad sanitaria competente, por lo que su incumplimiento constituye un delito de desobediencia a la autoridad, adem\u00e1s de la infracci\u00f3n al art\u00edculo 205 sobre la propagaci\u00f3n de un virus. \u201cAnte esta situaci\u00f3n, hemos puesto en manos de la justicia el listado de los m\u00e1s de 400 villamarienses que deben permanecer aislados, y en los lugares de esparcimiento dentro de Villa Mar\u00eda, va a haber personal de fuerzas de seguridad, controlando que no sean esas personas las que ingresen a esas actividades\u201d, concluy\u00f3.<\/p>\n","protected":false},"excerpt":{"rendered":"<p>En el marco de la puesta en marcha del Centro \u00danico de Testeos, ubicado en el Centro Cultural Leonardo Favio, el titular de Secretar\u00eda de Gobierno, Seguridad Ciudadana y Asuntos Legales, Eduardo Rodr\u00edguez, dialog\u00f3 con los trabajadores de prensa acerca de la implementaci\u00f3n del pasaporte sanitario, que rige desde hoy en la ciudad. Al respecto, [&hellip;]<\/p>\n","protected":false},"author":4,"featured_media":50270,"comment_status":"open","ping_status":"open","sticky":false,"template":"","format":"standard","meta":{"site-sidebar-layout":"default","site-content-layout":"default","ast-site-content-layout":"default","site-content-style":"default","site-sidebar-style":"default","ast-global-header-display":"","ast-banner-title-visibility":"","ast-main-header-display":"","ast-hfb-above-header-display":"","ast-hfb-below-header-display":"","ast-hfb-mobile-header-display":"","site-post-title":"","ast-breadcrumbs-content":"","ast-featured-img":"","footer-sml-layout":"","ast-disable-related-posts":"","theme-transparent-header-meta":"default","adv-header-id-meta":"","stick-header-meta":"","header-above-stick-meta":"","header-main-stick-meta":"","header-below-stick-meta":"","astra-migrate-meta-layouts":"default","ast-page-background-enabled":"default","ast-page-background-meta":{"desktop":{"background-color":"","background-image":"","background-repeat":"repeat","background-position":"center center","background-size":"auto","background-attachment":"scroll","background-type":"","background-media":"","overlay-type":"","overlay-color":"","overlay-opacity":"","overlay-gradient":""},"tablet":{"background-color":"","background-image":"","background-repeat":"repeat","background-position":"center center","background-size":"auto","background-attachment":"scroll","background-type":"","background-media":"","overlay-type":"","overlay-color":"","overlay-opacity":"","overlay-gradient":""},"mobile":{"background-color":"","background-image":"","background-repeat":"repeat","background-position":"center center","background-size":"auto","background-attachment":"scroll","background-type":"","background-media":"","overlay-type":"","overlay-color":"","overlay-opacity":"","overlay-gradient":""}},"ast-content-background-meta":{"desktop":{"background-color":"var(--ast-global-color-5)","background-image":"","background-repeat":"repeat","background-position":"center center","background-size":"auto","background-attachment":"scroll","background-type":"","background-media":"","overlay-type":"","overlay-color":"","overlay-opacity":"","overlay-gradient":""},"tablet":{"background-color":"var(--ast-global-color-5)","background-image":"","background-repeat":"repeat","background-position":"center center","background-size":"auto","background-attachment":"scroll","background-type":"","background-media":"","overlay-type":"","overlay-color":"","overlay-opacity":"","overlay-gradient":""},"mobile":{"background-color":"var(--ast-global-color-5)","background-image":"","background-repeat":"repeat","background-position":"center center","background-size":"auto","background-attachment":"scroll","background-type":"","background-media":"","overlay-type":"","overlay-color":"","overlay-opacity":"","overlay-gradient":""}},"_jetpack_memberships_contains_paid_content":false,"_joinchat":[],"footnotes":""},"categories":[2256,2],"tags":[7356,1232,3789,10351,12470,1081,12982,2248],"class_list":["post-50268","post","type-post","status-publish","format-standard","has-post-thumbnail","hentry","category-coronavirus","category-villa-maria","tag-boliches","tag-destacado","tag-eduardo-rodriguez","tag-pasaporte-sanitario","tag-pase-sanitario","tag-seguridad-ciudadana","tag-vigencia-local","tag-villa-maria-2"],"yoast_head":"<!-- This site is optimized with the Yoast SEO plugin v26.8 - https:\/\/yoast.com\/product\/yoast-seo-wordpress\/ -->\n<title>Rige desde el viernes el pasaporte sanitario en la ciudad - El Regional<\/title>\n<meta name=\"robots\" content=\"index, follow, max-snippet:-1, max-image-preview:large, max-video-preview:-1\" \/>\n<link rel=\"canonical\" href=\"http:\/\/elregionalvm.com.ar\/noticias-villa-maria\/rige-desde-el-viernes-el-pasaporte-sanitario-en-la-ciudad\/\" \/>\n<meta property=\"og:locale\" content=\"es_ES\" \/>\n<meta property=\"og:type\" content=\"article\" \/>\n<meta property=\"og:title\" content=\"Rige desde el viernes el pasaporte sanitario en la ciudad - El Regional\" \/>\n<meta property=\"og:description\" content=\"En el marco de la puesta en marcha del Centro \u00danico de Testeos, ubicado en el Centro Cultural Leonardo Favio, el titular de Secretar\u00eda de Gobierno, Seguridad Ciudadana y Asuntos Legales, Eduardo Rodr\u00edguez, dialog\u00f3 con los trabajadores de prensa acerca de la implementaci\u00f3n del pasaporte sanitario, que rige desde hoy en la ciudad. Al respecto, [&hellip;]\" \/>\n<meta property=\"og:url\" content=\"http:\/\/elregionalvm.com.ar\/noticias-villa-maria\/rige-desde-el-viernes-el-pasaporte-sanitario-en-la-ciudad\/\" \/>\n<meta property=\"og:site_name\" content=\"El Regional\" \/>\n<meta property=\"article:publisher\" content=\"https:\/\/www.facebook.com\/elregionalvm\" \/>\n<meta property=\"article:published_time\" content=\"2021-12-26T15:51:28+00:00\" \/>\n<meta property=\"article:modified_time\" content=\"2021-12-26T15:51:30+00:00\" \/>\n<meta property=\"og:image\" content=\"http:\/\/elregionalvm.com.ar\/noticias-villa-maria\/wp-content\/uploads\/2021\/12\/pasaporte-sanitario.png\" \/>\n\t<meta property=\"og:image:width\" content=\"876\" \/>\n\t<meta property=\"og:image:height\" content=\"579\" \/>\n\t<meta property=\"og:image:type\" content=\"image\/png\" \/>\n<meta name=\"author\" content=\"Contenidos El Regional\" \/>\n<meta name=\"twitter:card\" content=\"summary_large_image\" \/>\n<meta name=\"twitter:creator\" content=\"@elregionalvm1\" \/>\n<meta name=\"twitter:site\" content=\"@elregionalvm1\" \/>\n<meta name=\"twitter:label1\" content=\"Escrito por\" \/>\n\t<meta name=\"twitter:data1\" content=\"Contenidos El Regional\" \/>\n\t<meta name=\"twitter:label2\" content=\"Tiempo de lectura\" \/>\n\t<meta name=\"twitter:data2\" content=\"2 minutos\" \/>\n<script type=\"application\/ld+json\" class=\"yoast-schema-graph\">{\"@context\":\"https:\/\/schema.org\",\"@graph\":[{\"@type\":\"Article\",\"@id\":\"http:\/\/elregionalvm.com.ar\/noticias-villa-maria\/rige-desde-el-viernes-el-pasaporte-sanitario-en-la-ciudad\/#article\",\"isPartOf\":{\"@id\":\"http:\/\/elregionalvm.com.ar\/noticias-villa-maria\/rige-desde-el-viernes-el-pasaporte-sanitario-en-la-ciudad\/\"},\"author\":{\"name\":\"Contenidos El Regional\",\"@id\":\"http:\/\/elregionalvm.com.ar\/noticias-villa-maria\/#\/schema\/person\/a0fb9c422317faca23d50163151bc354\"},\"headline\":\"Rige desde el viernes el pasaporte sanitario en la ciudad\",\"datePublished\":\"2021-12-26T15:51:28+00:00\",\"dateModified\":\"2021-12-26T15:51:30+00:00\",\"mainEntityOfPage\":{\"@id\":\"http:\/\/elregionalvm.com.ar\/noticias-villa-maria\/rige-desde-el-viernes-el-pasaporte-sanitario-en-la-ciudad\/\"},\"wordCount\":429,\"commentCount\":0,\"image\":{\"@id\":\"http:\/\/elregionalvm.com.ar\/noticias-villa-maria\/rige-desde-el-viernes-el-pasaporte-sanitario-en-la-ciudad\/#primaryimage\"},\"thumbnailUrl\":\"https:\/\/i0.wp.com\/elregionalvm.com.ar\/noticias-villa-maria\/wp-content\/uploads\/2021\/12\/pasaporte-sanitario.png?fit=876%2C579&ssl=1\",\"keywords\":[\"Boliches\",\"destacado\",\"Eduardo Rodr\u00edguez\",\"pasaporte sanitario\",\"pase sanitario\",\"seguridad ciudadana\",\"vigencia local\",\"Villa Mar\u00eda\"],\"articleSection\":[\"Coronavirus\",\"Villa Mar\u00eda\"],\"inLanguage\":\"es\",\"potentialAction\":[{\"@type\":\"CommentAction\",\"name\":\"Comment\",\"target\":[\"http:\/\/elregionalvm.com.ar\/noticias-villa-maria\/rige-desde-el-viernes-el-pasaporte-sanitario-en-la-ciudad\/#respond\"]}]},{\"@type\":\"WebPage\",\"@id\":\"http:\/\/elregionalvm.com.ar\/noticias-villa-maria\/rige-desde-el-viernes-el-pasaporte-sanitario-en-la-ciudad\/\",\"url\":\"http:\/\/elregionalvm.com.ar\/noticias-villa-maria\/rige-desde-el-viernes-el-pasaporte-sanitario-en-la-ciudad\/\",\"name\":\"Rige desde el viernes el pasaporte sanitario en la ciudad - El Regional\",\"isPartOf\":{\"@id\":\"http:\/\/elregionalvm.com.ar\/noticias-villa-maria\/#website\"},\"primaryImageOfPage\":{\"@id\":\"http:\/\/elregionalvm.com.ar\/noticias-villa-maria\/rige-desde-el-viernes-el-pasaporte-sanitario-en-la-ciudad\/#primaryimage\"},\"image\":{\"@id\":\"http:\/\/elregionalvm.com.ar\/noticias-villa-maria\/rige-desde-el-viernes-el-pasaporte-sanitario-en-la-ciudad\/#primaryimage\"},\"thumbnailUrl\":\"https:\/\/i0.wp.com\/elregionalvm.com.ar\/noticias-villa-maria\/wp-content\/uploads\/2021\/12\/pasaporte-sanitario.png?fit=876%2C579&ssl=1\",\"datePublished\":\"2021-12-26T15:51:28+00:00\",\"dateModified\":\"2021-12-26T15:51:30+00:00\",\"author\":{\"@id\":\"http:\/\/elregionalvm.com.ar\/noticias-villa-maria\/#\/schema\/person\/a0fb9c422317faca23d50163151bc354\"},\"breadcrumb\":{\"@id\":\"http:\/\/elregionalvm.com.ar\/noticias-villa-maria\/rige-desde-el-viernes-el-pasaporte-sanitario-en-la-ciudad\/#breadcrumb\"},\"inLanguage\":\"es\",\"potentialAction\":[{\"@type\":\"ReadAction\",\"target\":[\"http:\/\/elregionalvm.com.ar\/noticias-villa-maria\/rige-desde-el-viernes-el-pasaporte-sanitario-en-la-ciudad\/\"]}]},{\"@type\":\"ImageObject\",\"inLanguage\":\"es\",\"@id\":\"http:\/\/elregionalvm.com.ar\/noticias-villa-maria\/rige-desde-el-viernes-el-pasaporte-sanitario-en-la-ciudad\/#primaryimage\",\"url\":\"https:\/\/i0.wp.com\/elregionalvm.com.ar\/noticias-villa-maria\/wp-content\/uploads\/2021\/12\/pasaporte-sanitario.png?fit=876%2C579&ssl=1\",\"contentUrl\":\"https:\/\/i0.wp.com\/elregionalvm.com.ar\/noticias-villa-maria\/wp-content\/uploads\/2021\/12\/pasaporte-sanitario.png?fit=876%2C579&ssl=1\",\"width\":876,\"height\":579},{\"@type\":\"BreadcrumbList\",\"@id\":\"http:\/\/elregionalvm.com.ar\/noticias-villa-maria\/rige-desde-el-viernes-el-pasaporte-sanitario-en-la-ciudad\/#breadcrumb\",\"itemListElement\":[{\"@type\":\"ListItem\",\"position\":1,\"name\":\"Portada\",\"item\":\"https:\/\/elregionalvm.com.ar\/noticias-villa-maria\/\"},{\"@type\":\"ListItem\",\"position\":2,\"name\":\"Rige desde el viernes el pasaporte sanitario en la ciudad\"}]},{\"@type\":\"WebSite\",\"@id\":\"http:\/\/elregionalvm.com.ar\/noticias-villa-maria\/#website\",\"url\":\"http:\/\/elregionalvm.com.ar\/noticias-villa-maria\/\",\"name\":\"El Regional\",\"description\":\"Mucho m\u00e1s que informaci\u00f3n\",\"potentialAction\":[{\"@type\":\"SearchAction\",\"target\":{\"@type\":\"EntryPoint\",\"urlTemplate\":\"http:\/\/elregionalvm.com.ar\/noticias-villa-maria\/?s={search_term_string}\"},\"query-input\":{\"@type\":\"PropertyValueSpecification\",\"valueRequired\":true,\"valueName\":\"search_term_string\"}}],\"inLanguage\":\"es\"},{\"@type\":\"Person\",\"@id\":\"http:\/\/elregionalvm.com.ar\/noticias-villa-maria\/#\/schema\/person\/a0fb9c422317faca23d50163151bc354\",\"name\":\"Contenidos El Regional\",\"image\":{\"@type\":\"ImageObject\",\"inLanguage\":\"es\",\"@id\":\"http:\/\/elregionalvm.com.ar\/noticias-villa-maria\/#\/schema\/person\/image\/\",\"url\":\"https:\/\/secure.gravatar.com\/avatar\/265b27cb2209af7bb3a1318f03305787d7981a5cc6e6cd08fe5a4ecdf99d4b48?s=96&d=mm&r=g\",\"contentUrl\":\"https:\/\/secure.gravatar.com\/avatar\/265b27cb2209af7bb3a1318f03305787d7981a5cc6e6cd08fe5a4ecdf99d4b48?s=96&d=mm&r=g\",\"caption\":\"Contenidos El Regional\"},\"url\":\"https:\/\/elregionalvm.com.ar\/noticias-villa-maria\/author\/contenido\/\"}]}<\/script>\n<!-- \/ Yoast SEO plugin. -->","yoast_head_json":{"title":"Rige desde el viernes el pasaporte sanitario en la ciudad - El Regional","robots":{"index":"index","follow":"follow","max-snippet":"max-snippet:-1","max-image-preview":"max-image-preview:large","max-video-preview":"max-video-preview:-1"},"canonical":"http:\/\/elregionalvm.com.ar\/noticias-villa-maria\/rige-desde-el-viernes-el-pasaporte-sanitario-en-la-ciudad\/","og_locale":"es_ES","og_type":"article","og_title":"Rige desde el viernes el pasaporte sanitario en la ciudad - El Regional","og_description":"En el marco de la puesta en marcha del Centro \u00danico de Testeos, ubicado en el Centro Cultural Leonardo Favio, el titular de Secretar\u00eda de Gobierno, Seguridad Ciudadana y Asuntos Legales, Eduardo Rodr\u00edguez, dialog\u00f3 con los trabajadores de prensa acerca de la implementaci\u00f3n del pasaporte sanitario, que rige desde hoy en la ciudad. Al respecto, [&hellip;]","og_url":"http:\/\/elregionalvm.com.ar\/noticias-villa-maria\/rige-desde-el-viernes-el-pasaporte-sanitario-en-la-ciudad\/","og_site_name":"El Regional","article_publisher":"https:\/\/www.facebook.com\/elregionalvm","article_published_time":"2021-12-26T15:51:28+00:00","article_modified_time":"2021-12-26T15:51:30+00:00","og_image":[{"width":876,"height":579,"url":"http:\/\/elregionalvm.com.ar\/noticias-villa-maria\/wp-content\/uploads\/2021\/12\/pasaporte-sanitario.png","type":"image\/png"}],"author":"Contenidos El Regional","twitter_card":"summary_large_image","twitter_creator":"@elregionalvm1","twitter_site":"@elregionalvm1","twitter_misc":{"Escrito por":"Contenidos El Regional","Tiempo de lectura":"2 minutos"},"schema":{"@context":"https:\/\/schema.org","@graph":[{"@type":"Article","@id":"http:\/\/elregionalvm.com.ar\/noticias-villa-maria\/rige-desde-el-viernes-el-pasaporte-sanitario-en-la-ciudad\/#article","isPartOf":{"@id":"http:\/\/elregionalvm.com.ar\/noticias-villa-maria\/rige-desde-el-viernes-el-pasaporte-sanitario-en-la-ciudad\/"},"author":{"name":"Contenidos El Regional","@id":"http:\/\/elregionalvm.com.ar\/noticias-villa-maria\/#\/schema\/person\/a0fb9c422317faca23d50163151bc354"},"headline":"Rige desde el viernes el pasaporte sanitario en la ciudad","datePublished":"2021-12-26T15:51:28+00:00","dateModified":"2021-12-26T15:51:30+00:00","mainEntityOfPage":{"@id":"http:\/\/elregionalvm.com.ar\/noticias-villa-maria\/rige-desde-el-viernes-el-pasaporte-sanitario-en-la-ciudad\/"},"wordCount":429,"commentCount":0,"image":{"@id":"http:\/\/elregionalvm.com.ar\/noticias-villa-maria\/rige-desde-el-viernes-el-pasaporte-sanitario-en-la-ciudad\/#primaryimage"},"thumbnailUrl":"https:\/\/i0.wp.com\/elregionalvm.com.ar\/noticias-villa-maria\/wp-content\/uploads\/2021\/12\/pasaporte-sanitario.png?fit=876%2C579&ssl=1","keywords":["Boliches","destacado","Eduardo Rodr\u00edguez","pasaporte sanitario","pase sanitario","seguridad ciudadana","vigencia local","Villa Mar\u00eda"],"articleSection":["Coronavirus","Villa Mar\u00eda"],"inLanguage":"es","potentialAction":[{"@type":"CommentAction","name":"Comment","target":["http:\/\/elregionalvm.com.ar\/noticias-villa-maria\/rige-desde-el-viernes-el-pasaporte-sanitario-en-la-ciudad\/#respond"]}]},{"@type":"WebPage","@id":"http:\/\/elregionalvm.com.ar\/noticias-villa-maria\/rige-desde-el-viernes-el-pasaporte-sanitario-en-la-ciudad\/","url":"http:\/\/elregionalvm.com.ar\/noticias-villa-maria\/rige-desde-el-viernes-el-pasaporte-sanitario-en-la-ciudad\/","name":"Rige desde el viernes el pasaporte sanitario en la ciudad - El Regional","isPartOf":{"@id":"http:\/\/elregionalvm.com.ar\/noticias-villa-maria\/#website"},"primaryImageOfPage":{"@id":"http:\/\/elregionalvm.com.ar\/noticias-villa-maria\/rige-desde-el-viernes-el-pasaporte-sanitario-en-la-ciudad\/#primaryimage"},"image":{"@id":"http:\/\/elregionalvm.com.ar\/noticias-villa-maria\/rige-desde-el-viernes-el-pasaporte-sanitario-en-la-ciudad\/#primaryimage"},"thumbnailUrl":"https:\/\/i0.wp.com\/elregionalvm.com.ar\/noticias-villa-maria\/wp-content\/uploads\/2021\/12\/pasaporte-sanitario.png?fit=876%2C579&ssl=1","datePublished":"2021-12-26T15:51:28+00:00","dateModified":"2021-12-26T15:51:30+00:00","author":{"@id":"http:\/\/elregionalvm.com.ar\/noticias-villa-maria\/#\/schema\/person\/a0fb9c422317faca23d50163151bc354"},"breadcrumb":{"@id":"http:\/\/elregionalvm.com.ar\/noticias-villa-maria\/rige-desde-el-viernes-el-pasaporte-sanitario-en-la-ciudad\/#breadcrumb"},"inLanguage":"es","potentialAction":[{"@type":"ReadAction","target":["http:\/\/elregionalvm.com.ar\/noticias-villa-maria\/rige-desde-el-viernes-el-pasaporte-sanitario-en-la-ciudad\/"]}]},{"@type":"ImageObject","inLanguage":"es","@id":"http:\/\/elregionalvm.com.ar\/noticias-villa-maria\/rige-desde-el-viernes-el-pasaporte-sanitario-en-la-ciudad\/#primaryimage","url":"https:\/\/i0.wp.com\/elregionalvm.com.ar\/noticias-villa-maria\/wp-content\/uploads\/2021\/12\/pasaporte-sanitario.png?fit=876%2C579&ssl=1","contentUrl":"https:\/\/i0.wp.com\/elregionalvm.com.ar\/noticias-villa-maria\/wp-content\/uploads\/2021\/12\/pasaporte-sanitario.png?fit=876%2C579&ssl=1","width":876,"height":579},{"@type":"BreadcrumbList","@id":"http:\/\/elregionalvm.com.ar\/noticias-villa-maria\/rige-desde-el-viernes-el-pasaporte-sanitario-en-la-ciudad\/#breadcrumb","itemListElement":[{"@type":"ListItem","position":1,"name":"Portada","item":"https:\/\/elregionalvm.com.ar\/noticias-villa-maria\/"},{"@type":"ListItem","position":2,"name":"Rige desde el viernes el pasaporte sanitario en la ciudad"}]},{"@type":"WebSite","@id":"http:\/\/elregionalvm.com.ar\/noticias-villa-maria\/#website","url":"http:\/\/elregionalvm.com.ar\/noticias-villa-maria\/","name":"El Regional","description":"Mucho m\u00e1s que informaci\u00f3n","potentialAction":[{"@type":"SearchAction","target":{"@type":"EntryPoint","urlTemplate":"http:\/\/elregionalvm.com.ar\/noticias-villa-maria\/?s={search_term_string}"},"query-input":{"@type":"PropertyValueSpecification","valueRequired":true,"valueName":"search_term_string"}}],"inLanguage":"es"},{"@type":"Person","@id":"http:\/\/elregionalvm.com.ar\/noticias-villa-maria\/#\/schema\/person\/a0fb9c422317faca23d50163151bc354","name":"Contenidos El Regional","image":{"@type":"ImageObject","inLanguage":"es","@id":"http:\/\/elregionalvm.com.ar\/noticias-villa-maria\/#\/schema\/person\/image\/","url":"https:\/\/secure.gravatar.com\/avatar\/265b27cb2209af7bb3a1318f03305787d7981a5cc6e6cd08fe5a4ecdf99d4b48?s=96&d=mm&r=g","contentUrl":"https:\/\/secure.gravatar.com\/avatar\/265b27cb2209af7bb3a1318f03305787d7981a5cc6e6cd08fe5a4ecdf99d4b48?s=96&d=mm&r=g","caption":"Contenidos El Regional"},"url":"https:\/\/elregionalvm.com.ar\/noticias-villa-maria\/author\/contenido\/"}]}},"jetpack_featured_media_url":"https:\/\/i0.wp.com\/elregionalvm.com.ar\/noticias-villa-maria\/wp-content\/uploads\/2021\/12\/pasaporte-sanitario.png?fit=876%2C579&ssl=1","jetpack_sharing_enabled":true,"_links":{"self":[{"href":"https:\/\/elregionalvm.com.ar\/noticias-villa-maria\/wp-json\/wp\/v2\/posts\/50268","targetHints":{"allow":["GET"]}}],"collection":[{"href":"https:\/\/elregionalvm.com.ar\/noticias-villa-maria\/wp-json\/wp\/v2\/posts"}],"about":[{"href":"https:\/\/elregionalvm.com.ar\/noticias-villa-maria\/wp-json\/wp\/v2\/types\/post"}],"author":[{"embeddable":true,"href":"https:\/\/elregionalvm.com.ar\/noticias-villa-maria\/wp-json\/wp\/v2\/users\/4"}],"replies":[{"embeddable":true,"href":"https:\/\/elregionalvm.com.ar\/noticias-villa-maria\/wp-json\/wp\/v2\/comments?post=50268"}],"version-history":[{"count":1,"href":"https:\/\/elregionalvm.com.ar\/noticias-villa-maria\/wp-json\/wp\/v2\/posts\/50268\/revisions"}],"predecessor-version":[{"id":50271,"href":"https:\/\/elregionalvm.com.ar\/noticias-villa-maria\/wp-json\/wp\/v2\/posts\/50268\/revisions\/50271"}],"wp:featuredmedia":[{"embeddable":true,"href":"https:\/\/elregionalvm.com.ar\/noticias-villa-maria\/wp-json\/wp\/v2\/media\/50270"}],"wp:attachment":[{"href":"https:\/\/elregionalvm.com.ar\/noticias-villa-maria\/wp-json\/wp\/v2\/media?parent=50268"}],"wp:term":[{"taxonomy":"category","embeddable":true,"href":"https:\/\/elregionalvm.com.ar\/noticias-villa-maria\/wp-json\/wp\/v2\/categories?post=50268"},{"taxonomy":"post_tag","embeddable":true,"href":"https:\/\/elregionalvm.com.ar\/noticias-villa-maria\/wp-json\/wp\/v2\/tags?post=50268"}],"curies":[{"name":"wp","href":"https:\/\/api.w.org\/{rel}","templated":true}]}}