{"id":50272,"date":"2021-12-27T02:32:05","date_gmt":"2021-12-27T02:32:05","guid":{"rendered":"https:\/\/elregionalvm.com.ar\/noticias-villa-maria\/?p=50272"},"modified":"2021-12-27T02:32:08","modified_gmt":"2021-12-27T02:32:08","slug":"musica-e-historia-aquellos-soldaditos-de-plomo-video","status":"publish","type":"post","link":"https:\/\/elregionalvm.com.ar\/noticias-villa-maria\/musica-e-historia-aquellos-soldaditos-de-plomo-video\/","title":{"rendered":"[M\u00fasica e Historia] \u201cAquellos Soldaditos de Plomo\u201d (VIDEO)"},"content":{"rendered":"\n<p><\/p>\n\n\n\n<h4 class=\"wp-block-heading\"><em>\u201c\u2026y unos graciosos reservistas de plomo, a mano pintados, con morriones colorados&#8230;\u201d<\/em><\/h4>\n\n\n\n<p><\/p>\n\n\n\n<p><strong>Escribe: Leo Mu\u00f1oz<\/strong><\/p>\n\n\n\n<p><\/p>\n\n\n\n<p><strong>Viejos Juguetes<\/strong><\/p>\n\n\n\n<p>Las miniaturas y figuras militares pueden remontarse al Antiguo Egipto, peque\u00f1os guerreros se encontraron en tumbas de faraones, los romanos tambi\u00e9n dejaron figuras de este tipo.<\/p>\n\n\n\n<p>Un caso notable es el ej\u00e9rcito de terracota de tama\u00f1o natural encontrado en China. M\u00e1s all\u00e1 del uso religioso y ceremonial, mayormente los soldaditos fueron hechos para ni\u00f1os, primeramente, en forma limitada y accesible para muy pocos, hasta que la industria permiti\u00f3 la fabricaci\u00f3n en serie bajando los precios y llegando a un p\u00fablico masivo. &nbsp;<\/p>\n\n\n\n<p>Los soldaditos pueden ser macizos, huecos, met\u00e1licos o pl\u00e1sticos, pero tambi\u00e9n de otros materiales, como resina, papel, madera. El coleccionismo de soldaditos est\u00e1 extendido a todo el planeta, con especializaciones y figuras tan buscadas como el Santo Grial.<\/p>\n\n\n\n<p><\/p>\n\n\n\n<figure class=\"wp-block-gallery columns-2 is-cropped wp-block-gallery-1 is-layout-flex wp-block-gallery-is-layout-flex\"><ul class=\"blocks-gallery-grid\"><li class=\"blocks-gallery-item\"><figure><img data-recalc-dims=\"1\" fetchpriority=\"high\" decoding=\"async\" width=\"472\" height=\"472\" src=\"https:\/\/i0.wp.com\/elregionalvm.com.ar\/noticias-villa-maria\/wp-content\/uploads\/2021\/12\/Patricio-y-Granadero.jpg?resize=472%2C472&#038;ssl=1\" alt=\"\" data-id=\"50275\" data-full-url=\"https:\/\/elregionalvm.com.ar\/noticias-villa-maria\/wp-content\/uploads\/2021\/12\/Patricio-y-Granadero.jpg\" data-link=\"https:\/\/elregionalvm.com.ar\/noticias-villa-maria\/?attachment_id=50275\" class=\"wp-image-50275\" srcset=\"https:\/\/i0.wp.com\/elregionalvm.com.ar\/noticias-villa-maria\/wp-content\/uploads\/2021\/12\/Patricio-y-Granadero.jpg?w=472&amp;ssl=1 472w, https:\/\/i0.wp.com\/elregionalvm.com.ar\/noticias-villa-maria\/wp-content\/uploads\/2021\/12\/Patricio-y-Granadero.jpg?resize=300%2C300&amp;ssl=1 300w\" sizes=\"(max-width: 472px) 100vw, 472px\" \/><\/figure><\/li><li class=\"blocks-gallery-item\"><figure><img data-recalc-dims=\"1\" decoding=\"async\" width=\"720\" height=\"960\" src=\"https:\/\/i0.wp.com\/elregionalvm.com.ar\/noticias-villa-maria\/wp-content\/uploads\/2021\/12\/Soldaditos.jpg?resize=720%2C960&#038;ssl=1\" alt=\"\" data-id=\"50276\" data-full-url=\"https:\/\/elregionalvm.com.ar\/noticias-villa-maria\/wp-content\/uploads\/2021\/12\/Soldaditos.jpg\" data-link=\"https:\/\/elregionalvm.com.ar\/noticias-villa-maria\/?attachment_id=50276\" class=\"wp-image-50276\" srcset=\"https:\/\/i0.wp.com\/elregionalvm.com.ar\/noticias-villa-maria\/wp-content\/uploads\/2021\/12\/Soldaditos.jpg?w=720&amp;ssl=1 720w, https:\/\/i0.wp.com\/elregionalvm.com.ar\/noticias-villa-maria\/wp-content\/uploads\/2021\/12\/Soldaditos.jpg?resize=225%2C300&amp;ssl=1 225w\" sizes=\"(max-width: 720px) 100vw, 720px\" \/><\/figure><\/li><\/ul><\/figure>\n\n\n\n<p><\/p>\n\n\n\n<p><strong>Juego de ni\u00f1os y adultos<\/strong><\/p>\n\n\n\n<p>Muchos crecimos jugando y disfrutando de los soldaditos, mayormente los pl\u00e1sticos, en bolsitas de a doce figuras, en bl\u00edster o sueltos. No s\u00f3lo soldaditos, hab\u00eda fuertes, \u201ctipis\u201d, canoas, camiones, jeeps, tanques, barcos, aviones, submarinos, ca\u00f1ones, lanzacohetes, que completaban las fuerzas que se desplegaban en el patio, la casa, la vereda, en luchas largas y heroicas.<\/p>\n\n\n\n<p>Parte del mundo adulto opt\u00f3 por continuar jugando con ellos, la pr\u00e1ctica del juego de guerra con miniaturas (wargame) se afianz\u00f3 en el Siglo XX, nacido del uso espec\u00edfico que hac\u00edan las fuerzas armadas de los mismos especialmente en los Estados Mayores.<\/p>\n\n\n\n<p>Los escenarios del juego guerra se basan en las realidades de todos los per\u00edodos hist\u00f3ricos, pero tambi\u00e9n se proyectan al futuro como hacia la fantas\u00eda. Es posible enfrentar las fuerzas de un ej\u00e9rcito patriota con otro realista en 1817, as\u00ed como combatir en un lejano planeta 1000 a\u00f1os hacia el futuro o batirse en una mortal lid con elfos y orcos en la Tierra Media en un indeterminado tiempo pasado.<\/p>\n\n\n\n<p><\/p>\n\n\n\n<figure class=\"wp-block-gallery columns-1 is-cropped wp-block-gallery-2 is-layout-flex wp-block-gallery-is-layout-flex\"><ul class=\"blocks-gallery-grid\"><li class=\"blocks-gallery-item\"><figure><img data-recalc-dims=\"1\" decoding=\"async\" width=\"500\" height=\"375\" src=\"https:\/\/i0.wp.com\/elregionalvm.com.ar\/noticias-villa-maria\/wp-content\/uploads\/2021\/12\/Aquellos....jpg?resize=500%2C375&#038;ssl=1\" alt=\"\" data-id=\"50277\" data-full-url=\"https:\/\/elregionalvm.com.ar\/noticias-villa-maria\/wp-content\/uploads\/2021\/12\/Aquellos....jpg\" data-link=\"https:\/\/elregionalvm.com.ar\/noticias-villa-maria\/?attachment_id=50277\" class=\"wp-image-50277\" srcset=\"https:\/\/i0.wp.com\/elregionalvm.com.ar\/noticias-villa-maria\/wp-content\/uploads\/2021\/12\/Aquellos....jpg?w=500&amp;ssl=1 500w, https:\/\/i0.wp.com\/elregionalvm.com.ar\/noticias-villa-maria\/wp-content\/uploads\/2021\/12\/Aquellos....jpg?resize=300%2C225&amp;ssl=1 300w\" sizes=\"(max-width: 500px) 100vw, 500px\" \/><\/figure><\/li><\/ul><\/figure>\n\n\n\n<p><\/p>\n\n\n\n<p><strong>V\u00edctor Heredia<\/strong><\/p>\n\n\n\n<p>En 1983 V\u00edctor Heredia lanzaba el \u00e1lbum \u201cAquellos Soldaditos de Plomo\u201d, cuyo tercer tema era la canci\u00f3n del mismo nombre. Era el a\u00f1o final de la Dictadura Militar 1976-1983, tiempo de las elecciones que llevaron al sill\u00f3n presidencial a Ra\u00fal Ricardo Alfons\u00edn, era el retorno de la democracia.<\/p>\n\n\n\n<p><\/p>\n\n\n\n<figure class=\"wp-block-embed is-type-video is-provider-youtube wp-block-embed-youtube wp-embed-aspect-4-3 wp-has-aspect-ratio\"><div class=\"wp-block-embed__wrapper\">\n<iframe title=\"Victor Heredia - Aquellos Soldaditos De Plomo\" width=\"500\" height=\"375\" src=\"https:\/\/www.youtube.com\/embed\/SpmOuB4FykE?feature=oembed\" frameborder=\"0\" allow=\"accelerometer; autoplay; clipboard-write; encrypted-media; gyroscope; picture-in-picture; web-share\" referrerpolicy=\"strict-origin-when-cross-origin\" allowfullscreen><\/iframe>\n<\/div><\/figure>\n\n\n\n<p><\/p>\n\n\n\n<p>La letra de la canci\u00f3n refleja ese momento desde la perspectiva del cantautor. Nueve canciones inclu\u00eda el LP y casete, como \u201cTodav\u00eda Cantamos\u201d y \u201cDulce Daniela\u201d, que tambi\u00e9n se convirtieron en grandes \u00e9xitos.<\/p>\n\n\n\n<p><\/p>\n\n\n\n<p><strong>\u201cAquellos Soldaditos de Plomo\u201d (V\u00edctor Heredia)<\/strong><strong><\/strong><\/p>\n\n\n\n<p>De peque\u00f1o yo ten\u00eda un marcado<br>Sentimiento armamentista;<br>Tanques de lata, de cromo y n\u00edquel<br>Y unos graciosos reservistas de plomo,<br>A mano pintados, con morriones colorados<br>Que eran toda una delicia para mi mente infantil&#8230;<br>&#8230;yo me cre\u00eda, como cre\u00eda en el honor<br>Del paso del batall\u00f3n dentro de mi habitaci\u00f3n;<br>Era todo un general dirigiendo la batalla,<br>Y el humo de la metralla acunaba mi pasi\u00f3n<br>Por los gloriosos soldados que, sable en mano<br>Avanzaban sobre aquel cruel invasor<br>Que atacaba mi naci\u00f3n&#8230;<br>&#8230;sangre de entonces, sangre vertida,<br>Toda mi ni\u00f1ez vencida por el tiempo que pas\u00f3.<br>De las banderas, s\u00f3lo jirones; de los morriones<br>Empenachados, s\u00f3lo un recuerdo desmadejado de dolor&#8230;<br>&#8230;\u00bfqu\u00e9 nos pas\u00f3, c\u00f3mo ha pasado?<br>\u00bfQu\u00e9 traidor nos ha robado<br>La ilusi\u00f3n del coraz\u00f3n?<br>Creo que quiero cerrar los ojos<br>Para no ver los despojos de lo que tanto<br>Amaba entonces.<br>Que vuelva el bru\u00f1ido del bronce,<br>Que se limpien las banderas;<br>Yo quiero ser una fila entera de soldados desfilando<br>Y todo un pueblo cantando con renovada pasi\u00f3n.<br>Quiero de nuevo el honor<br>Aunque no existan victorias,<br>Quiero llorar con la gloria de una marcha militar,<br>Y un bander\u00edn agitar, frente a un ej\u00e9rcito popular&#8230;<\/p>\n","protected":false},"excerpt":{"rendered":"<p>\u201c\u2026y unos graciosos reservistas de plomo, a mano pintados, con morriones colorados&#8230;\u201d Escribe: Leo Mu\u00f1oz Viejos Juguetes Las miniaturas y figuras militares pueden remontarse al Antiguo Egipto, peque\u00f1os guerreros se encontraron en tumbas de faraones, los romanos tambi\u00e9n dejaron figuras de este tipo. Un caso notable es el ej\u00e9rcito de terracota de tama\u00f1o natural encontrado [&hellip;]<\/p>\n","protected":false},"author":4,"featured_media":50274,"comment_status":"open","ping_status":"open","sticky":false,"template":"","format":"standard","meta":{"site-sidebar-layout":"default","site-content-layout":"default","ast-site-content-layout":"default","site-content-style":"default","site-sidebar-style":"default","ast-global-header-display":"","ast-banner-title-visibility":"","ast-main-header-display":"","ast-hfb-above-header-display":"","ast-hfb-below-header-display":"","ast-hfb-mobile-header-display":"","site-post-title":"","ast-breadcrumbs-content":"","ast-featured-img":"","footer-sml-layout":"","ast-disable-related-posts":"","theme-transparent-header-meta":"default","adv-header-id-meta":"","stick-header-meta":"","header-above-stick-meta":"","header-main-stick-meta":"","header-below-stick-meta":"","astra-migrate-meta-layouts":"default","ast-page-background-enabled":"default","ast-page-background-meta":{"desktop":{"background-color":"","background-image":"","background-repeat":"repeat","background-position":"center center","background-size":"auto","background-attachment":"scroll","background-type":"","background-media":"","overlay-type":"","overlay-color":"","overlay-opacity":"","overlay-gradient":""},"tablet":{"background-color":"","background-image":"","background-repeat":"repeat","background-position":"center center","background-size":"auto","background-attachment":"scroll","background-type":"","background-media":"","overlay-type":"","overlay-color":"","overlay-opacity":"","overlay-gradient":""},"mobile":{"background-color":"","background-image":"","background-repeat":"repeat","background-position":"center center","background-size":"auto","background-attachment":"scroll","background-type":"","background-media":"","overlay-type":"","overlay-color":"","overlay-opacity":"","overlay-gradient":""}},"ast-content-background-meta":{"desktop":{"background-color":"var(--ast-global-color-5)","background-image":"","background-repeat":"repeat","background-position":"center center","background-size":"auto","background-attachment":"scroll","background-type":"","background-media":"","overlay-type":"","overlay-color":"","overlay-opacity":"","overlay-gradient":""},"tablet":{"background-color":"var(--ast-global-color-5)","background-image":"","background-repeat":"repeat","background-position":"center center","background-size":"auto","background-attachment":"scroll","background-type":"","background-media":"","overlay-type":"","overlay-color":"","overlay-opacity":"","overlay-gradient":""},"mobile":{"background-color":"var(--ast-global-color-5)","background-image":"","background-repeat":"repeat","background-position":"center center","background-size":"auto","background-attachment":"scroll","background-type":"","background-media":"","overlay-type":"","overlay-color":"","overlay-opacity":"","overlay-gradient":""}},"_jetpack_memberships_contains_paid_content":false,"_joinchat":[],"footnotes":""},"categories":[2098,2323,2074],"tags":[12983,7843,30,5347,6042,1940,2244,6370,2075],"class_list":["post-50272","post","type-post","status-publish","format-standard","has-post-thumbnail","hentry","category-historias","category-notas-secundarias","category-videos","tag-adultez","tag-dictadura-militar","tag-guerra","tag-infancia","tag-juguetes","tag-leo-munoz","tag-musica-e-historia","tag-victor-heredia","tag-video"],"yoast_head":"<!-- This site is optimized with the Yoast SEO plugin v26.8 - https:\/\/yoast.com\/product\/yoast-seo-wordpress\/ -->\n<title>[M\u00fasica e Historia] \u201cAquellos Soldaditos de Plomo\u201d (VIDEO) - El Regional<\/title>\n<meta name=\"description\" content=\"En 1983 V\u00edctor Heredia lanzaba el \u00e1lbum \u201cAquellos Soldaditos de Plomo\u201d, cuyo tercer tema era la canci\u00f3n del mismo nombre.\" \/>\n<meta name=\"robots\" content=\"index, follow, max-snippet:-1, max-image-preview:large, max-video-preview:-1\" \/>\n<link rel=\"canonical\" href=\"http:\/\/elregionalvm.com.ar\/noticias-villa-maria\/musica-e-historia-aquellos-soldaditos-de-plomo-video\/\" \/>\n<meta property=\"og:locale\" content=\"es_ES\" \/>\n<meta property=\"og:type\" content=\"article\" \/>\n<meta property=\"og:title\" content=\"[M\u00fasica e Historia] \u201cAquellos Soldaditos de Plomo\u201d (VIDEO) - El Regional\" \/>\n<meta property=\"og:description\" content=\"En 1983 V\u00edctor Heredia lanzaba el \u00e1lbum \u201cAquellos Soldaditos de Plomo\u201d, cuyo tercer tema era la canci\u00f3n del mismo nombre.\" \/>\n<meta property=\"og:url\" content=\"http:\/\/elregionalvm.com.ar\/noticias-villa-maria\/musica-e-historia-aquellos-soldaditos-de-plomo-video\/\" \/>\n<meta property=\"og:site_name\" content=\"El Regional\" \/>\n<meta property=\"article:publisher\" content=\"https:\/\/www.facebook.com\/elregionalvm\" \/>\n<meta property=\"article:published_time\" content=\"2021-12-27T02:32:05+00:00\" \/>\n<meta property=\"article:modified_time\" content=\"2021-12-27T02:32:08+00:00\" \/>\n<meta property=\"og:image\" content=\"http:\/\/elregionalvm.com.ar\/noticias-villa-maria\/wp-content\/uploads\/2021\/12\/Wargame.jpg\" \/>\n\t<meta property=\"og:image:width\" content=\"1024\" \/>\n\t<meta property=\"og:image:height\" content=\"681\" \/>\n\t<meta property=\"og:image:type\" content=\"image\/jpeg\" \/>\n<meta name=\"author\" content=\"Contenidos El Regional\" \/>\n<meta name=\"twitter:card\" content=\"summary_large_image\" \/>\n<meta name=\"twitter:creator\" content=\"@elregionalvm1\" \/>\n<meta name=\"twitter:site\" content=\"@elregionalvm1\" \/>\n<meta name=\"twitter:label1\" content=\"Escrito por\" \/>\n\t<meta name=\"twitter:data1\" content=\"Contenidos El Regional\" \/>\n\t<meta name=\"twitter:label2\" content=\"Tiempo de lectura\" \/>\n\t<meta name=\"twitter:data2\" content=\"4 minutos\" \/>\n<script type=\"application\/ld+json\" class=\"yoast-schema-graph\">{\"@context\":\"https:\/\/schema.org\",\"@graph\":[{\"@type\":\"Article\",\"@id\":\"http:\/\/elregionalvm.com.ar\/noticias-villa-maria\/musica-e-historia-aquellos-soldaditos-de-plomo-video\/#article\",\"isPartOf\":{\"@id\":\"http:\/\/elregionalvm.com.ar\/noticias-villa-maria\/musica-e-historia-aquellos-soldaditos-de-plomo-video\/\"},\"author\":{\"name\":\"Contenidos El Regional\",\"@id\":\"http:\/\/elregionalvm.com.ar\/noticias-villa-maria\/#\/schema\/person\/a0fb9c422317faca23d50163151bc354\"},\"headline\":\"[M\u00fasica e Historia] \u201cAquellos Soldaditos de Plomo\u201d (VIDEO)\",\"datePublished\":\"2021-12-27T02:32:05+00:00\",\"dateModified\":\"2021-12-27T02:32:08+00:00\",\"mainEntityOfPage\":{\"@id\":\"http:\/\/elregionalvm.com.ar\/noticias-villa-maria\/musica-e-historia-aquellos-soldaditos-de-plomo-video\/\"},\"wordCount\":655,\"commentCount\":0,\"image\":{\"@id\":\"http:\/\/elregionalvm.com.ar\/noticias-villa-maria\/musica-e-historia-aquellos-soldaditos-de-plomo-video\/#primaryimage\"},\"thumbnailUrl\":\"https:\/\/i0.wp.com\/elregionalvm.com.ar\/noticias-villa-maria\/wp-content\/uploads\/2021\/12\/Wargame.jpg?fit=1024%2C681&ssl=1\",\"keywords\":[\"adultez\",\"dictadura militar\",\"guerra\",\"Infancia\",\"Juguetes\",\"leo mu\u00f1oz\",\"M\u00fasica e Historia\",\"V\u00edctor Heredia\",\"video\"],\"articleSection\":[\"Historias\",\"Notas\",\"Videos\"],\"inLanguage\":\"es\",\"potentialAction\":[{\"@type\":\"CommentAction\",\"name\":\"Comment\",\"target\":[\"http:\/\/elregionalvm.com.ar\/noticias-villa-maria\/musica-e-historia-aquellos-soldaditos-de-plomo-video\/#respond\"]}]},{\"@type\":\"WebPage\",\"@id\":\"http:\/\/elregionalvm.com.ar\/noticias-villa-maria\/musica-e-historia-aquellos-soldaditos-de-plomo-video\/\",\"url\":\"http:\/\/elregionalvm.com.ar\/noticias-villa-maria\/musica-e-historia-aquellos-soldaditos-de-plomo-video\/\",\"name\":\"[M\u00fasica e Historia] \u201cAquellos Soldaditos de Plomo\u201d (VIDEO) - El Regional\",\"isPartOf\":{\"@id\":\"http:\/\/elregionalvm.com.ar\/noticias-villa-maria\/#website\"},\"primaryImageOfPage\":{\"@id\":\"http:\/\/elregionalvm.com.ar\/noticias-villa-maria\/musica-e-historia-aquellos-soldaditos-de-plomo-video\/#primaryimage\"},\"image\":{\"@id\":\"http:\/\/elregionalvm.com.ar\/noticias-villa-maria\/musica-e-historia-aquellos-soldaditos-de-plomo-video\/#primaryimage\"},\"thumbnailUrl\":\"https:\/\/i0.wp.com\/elregionalvm.com.ar\/noticias-villa-maria\/wp-content\/uploads\/2021\/12\/Wargame.jpg?fit=1024%2C681&ssl=1\",\"datePublished\":\"2021-12-27T02:32:05+00:00\",\"dateModified\":\"2021-12-27T02:32:08+00:00\",\"author\":{\"@id\":\"http:\/\/elregionalvm.com.ar\/noticias-villa-maria\/#\/schema\/person\/a0fb9c422317faca23d50163151bc354\"},\"description\":\"En 1983 V\u00edctor Heredia lanzaba el \u00e1lbum \u201cAquellos Soldaditos de Plomo\u201d, cuyo tercer tema era la canci\u00f3n del mismo nombre.\",\"breadcrumb\":{\"@id\":\"http:\/\/elregionalvm.com.ar\/noticias-villa-maria\/musica-e-historia-aquellos-soldaditos-de-plomo-video\/#breadcrumb\"},\"inLanguage\":\"es\",\"potentialAction\":[{\"@type\":\"ReadAction\",\"target\":[\"http:\/\/elregionalvm.com.ar\/noticias-villa-maria\/musica-e-historia-aquellos-soldaditos-de-plomo-video\/\"]}]},{\"@type\":\"ImageObject\",\"inLanguage\":\"es\",\"@id\":\"http:\/\/elregionalvm.com.ar\/noticias-villa-maria\/musica-e-historia-aquellos-soldaditos-de-plomo-video\/#primaryimage\",\"url\":\"https:\/\/i0.wp.com\/elregionalvm.com.ar\/noticias-villa-maria\/wp-content\/uploads\/2021\/12\/Wargame.jpg?fit=1024%2C681&ssl=1\",\"contentUrl\":\"https:\/\/i0.wp.com\/elregionalvm.com.ar\/noticias-villa-maria\/wp-content\/uploads\/2021\/12\/Wargame.jpg?fit=1024%2C681&ssl=1\",\"width\":1024,\"height\":681},{\"@type\":\"BreadcrumbList\",\"@id\":\"http:\/\/elregionalvm.com.ar\/noticias-villa-maria\/musica-e-historia-aquellos-soldaditos-de-plomo-video\/#breadcrumb\",\"itemListElement\":[{\"@type\":\"ListItem\",\"position\":1,\"name\":\"Portada\",\"item\":\"https:\/\/elregionalvm.com.ar\/noticias-villa-maria\/\"},{\"@type\":\"ListItem\",\"position\":2,\"name\":\"[M\u00fasica e Historia] \u201cAquellos Soldaditos de Plomo\u201d (VIDEO)\"}]},{\"@type\":\"WebSite\",\"@id\":\"http:\/\/elregionalvm.com.ar\/noticias-villa-maria\/#website\",\"url\":\"http:\/\/elregionalvm.com.ar\/noticias-villa-maria\/\",\"name\":\"El Regional\",\"description\":\"Mucho m\u00e1s que informaci\u00f3n\",\"potentialAction\":[{\"@type\":\"SearchAction\",\"target\":{\"@type\":\"EntryPoint\",\"urlTemplate\":\"http:\/\/elregionalvm.com.ar\/noticias-villa-maria\/?s={search_term_string}\"},\"query-input\":{\"@type\":\"PropertyValueSpecification\",\"valueRequired\":true,\"valueName\":\"search_term_string\"}}],\"inLanguage\":\"es\"},{\"@type\":\"Person\",\"@id\":\"http:\/\/elregionalvm.com.ar\/noticias-villa-maria\/#\/schema\/person\/a0fb9c422317faca23d50163151bc354\",\"name\":\"Contenidos El Regional\",\"image\":{\"@type\":\"ImageObject\",\"inLanguage\":\"es\",\"@id\":\"http:\/\/elregionalvm.com.ar\/noticias-villa-maria\/#\/schema\/person\/image\/\",\"url\":\"https:\/\/secure.gravatar.com\/avatar\/265b27cb2209af7bb3a1318f03305787d7981a5cc6e6cd08fe5a4ecdf99d4b48?s=96&d=mm&r=g\",\"contentUrl\":\"https:\/\/secure.gravatar.com\/avatar\/265b27cb2209af7bb3a1318f03305787d7981a5cc6e6cd08fe5a4ecdf99d4b48?s=96&d=mm&r=g\",\"caption\":\"Contenidos El Regional\"},\"url\":\"https:\/\/elregionalvm.com.ar\/noticias-villa-maria\/author\/contenido\/\"}]}<\/script>\n<!-- \/ Yoast SEO plugin. -->","yoast_head_json":{"title":"[M\u00fasica e Historia] \u201cAquellos Soldaditos de Plomo\u201d (VIDEO) - El Regional","description":"En 1983 V\u00edctor Heredia lanzaba el \u00e1lbum \u201cAquellos Soldaditos de Plomo\u201d, cuyo tercer tema era la canci\u00f3n del mismo nombre.","robots":{"index":"index","follow":"follow","max-snippet":"max-snippet:-1","max-image-preview":"max-image-preview:large","max-video-preview":"max-video-preview:-1"},"canonical":"http:\/\/elregionalvm.com.ar\/noticias-villa-maria\/musica-e-historia-aquellos-soldaditos-de-plomo-video\/","og_locale":"es_ES","og_type":"article","og_title":"[M\u00fasica e Historia] \u201cAquellos Soldaditos de Plomo\u201d (VIDEO) - El Regional","og_description":"En 1983 V\u00edctor Heredia lanzaba el \u00e1lbum \u201cAquellos Soldaditos de Plomo\u201d, cuyo tercer tema era la canci\u00f3n del mismo nombre.","og_url":"http:\/\/elregionalvm.com.ar\/noticias-villa-maria\/musica-e-historia-aquellos-soldaditos-de-plomo-video\/","og_site_name":"El Regional","article_publisher":"https:\/\/www.facebook.com\/elregionalvm","article_published_time":"2021-12-27T02:32:05+00:00","article_modified_time":"2021-12-27T02:32:08+00:00","og_image":[{"width":1024,"height":681,"url":"http:\/\/elregionalvm.com.ar\/noticias-villa-maria\/wp-content\/uploads\/2021\/12\/Wargame.jpg","type":"image\/jpeg"}],"author":"Contenidos El Regional","twitter_card":"summary_large_image","twitter_creator":"@elregionalvm1","twitter_site":"@elregionalvm1","twitter_misc":{"Escrito por":"Contenidos El Regional","Tiempo de lectura":"4 minutos"},"schema":{"@context":"https:\/\/schema.org","@graph":[{"@type":"Article","@id":"http:\/\/elregionalvm.com.ar\/noticias-villa-maria\/musica-e-historia-aquellos-soldaditos-de-plomo-video\/#article","isPartOf":{"@id":"http:\/\/elregionalvm.com.ar\/noticias-villa-maria\/musica-e-historia-aquellos-soldaditos-de-plomo-video\/"},"author":{"name":"Contenidos El Regional","@id":"http:\/\/elregionalvm.com.ar\/noticias-villa-maria\/#\/schema\/person\/a0fb9c422317faca23d50163151bc354"},"headline":"[M\u00fasica e Historia] \u201cAquellos Soldaditos de Plomo\u201d (VIDEO)","datePublished":"2021-12-27T02:32:05+00:00","dateModified":"2021-12-27T02:32:08+00:00","mainEntityOfPage":{"@id":"http:\/\/elregionalvm.com.ar\/noticias-villa-maria\/musica-e-historia-aquellos-soldaditos-de-plomo-video\/"},"wordCount":655,"commentCount":0,"image":{"@id":"http:\/\/elregionalvm.com.ar\/noticias-villa-maria\/musica-e-historia-aquellos-soldaditos-de-plomo-video\/#primaryimage"},"thumbnailUrl":"https:\/\/i0.wp.com\/elregionalvm.com.ar\/noticias-villa-maria\/wp-content\/uploads\/2021\/12\/Wargame.jpg?fit=1024%2C681&ssl=1","keywords":["adultez","dictadura militar","guerra","Infancia","Juguetes","leo mu\u00f1oz","M\u00fasica e Historia","V\u00edctor Heredia","video"],"articleSection":["Historias","Notas","Videos"],"inLanguage":"es","potentialAction":[{"@type":"CommentAction","name":"Comment","target":["http:\/\/elregionalvm.com.ar\/noticias-villa-maria\/musica-e-historia-aquellos-soldaditos-de-plomo-video\/#respond"]}]},{"@type":"WebPage","@id":"http:\/\/elregionalvm.com.ar\/noticias-villa-maria\/musica-e-historia-aquellos-soldaditos-de-plomo-video\/","url":"http:\/\/elregionalvm.com.ar\/noticias-villa-maria\/musica-e-historia-aquellos-soldaditos-de-plomo-video\/","name":"[M\u00fasica e Historia] \u201cAquellos Soldaditos de Plomo\u201d (VIDEO) - El Regional","isPartOf":{"@id":"http:\/\/elregionalvm.com.ar\/noticias-villa-maria\/#website"},"primaryImageOfPage":{"@id":"http:\/\/elregionalvm.com.ar\/noticias-villa-maria\/musica-e-historia-aquellos-soldaditos-de-plomo-video\/#primaryimage"},"image":{"@id":"http:\/\/elregionalvm.com.ar\/noticias-villa-maria\/musica-e-historia-aquellos-soldaditos-de-plomo-video\/#primaryimage"},"thumbnailUrl":"https:\/\/i0.wp.com\/elregionalvm.com.ar\/noticias-villa-maria\/wp-content\/uploads\/2021\/12\/Wargame.jpg?fit=1024%2C681&ssl=1","datePublished":"2021-12-27T02:32:05+00:00","dateModified":"2021-12-27T02:32:08+00:00","author":{"@id":"http:\/\/elregionalvm.com.ar\/noticias-villa-maria\/#\/schema\/person\/a0fb9c422317faca23d50163151bc354"},"description":"En 1983 V\u00edctor Heredia lanzaba el \u00e1lbum \u201cAquellos Soldaditos de Plomo\u201d, cuyo tercer tema era la canci\u00f3n del mismo nombre.","breadcrumb":{"@id":"http:\/\/elregionalvm.com.ar\/noticias-villa-maria\/musica-e-historia-aquellos-soldaditos-de-plomo-video\/#breadcrumb"},"inLanguage":"es","potentialAction":[{"@type":"ReadAction","target":["http:\/\/elregionalvm.com.ar\/noticias-villa-maria\/musica-e-historia-aquellos-soldaditos-de-plomo-video\/"]}]},{"@type":"ImageObject","inLanguage":"es","@id":"http:\/\/elregionalvm.com.ar\/noticias-villa-maria\/musica-e-historia-aquellos-soldaditos-de-plomo-video\/#primaryimage","url":"https:\/\/i0.wp.com\/elregionalvm.com.ar\/noticias-villa-maria\/wp-content\/uploads\/2021\/12\/Wargame.jpg?fit=1024%2C681&ssl=1","contentUrl":"https:\/\/i0.wp.com\/elregionalvm.com.ar\/noticias-villa-maria\/wp-content\/uploads\/2021\/12\/Wargame.jpg?fit=1024%2C681&ssl=1","width":1024,"height":681},{"@type":"BreadcrumbList","@id":"http:\/\/elregionalvm.com.ar\/noticias-villa-maria\/musica-e-historia-aquellos-soldaditos-de-plomo-video\/#breadcrumb","itemListElement":[{"@type":"ListItem","position":1,"name":"Portada","item":"https:\/\/elregionalvm.com.ar\/noticias-villa-maria\/"},{"@type":"ListItem","position":2,"name":"[M\u00fasica e Historia] \u201cAquellos Soldaditos de Plomo\u201d (VIDEO)"}]},{"@type":"WebSite","@id":"http:\/\/elregionalvm.com.ar\/noticias-villa-maria\/#website","url":"http:\/\/elregionalvm.com.ar\/noticias-villa-maria\/","name":"El Regional","description":"Mucho m\u00e1s que informaci\u00f3n","potentialAction":[{"@type":"SearchAction","target":{"@type":"EntryPoint","urlTemplate":"http:\/\/elregionalvm.com.ar\/noticias-villa-maria\/?s={search_term_string}"},"query-input":{"@type":"PropertyValueSpecification","valueRequired":true,"valueName":"search_term_string"}}],"inLanguage":"es"},{"@type":"Person","@id":"http:\/\/elregionalvm.com.ar\/noticias-villa-maria\/#\/schema\/person\/a0fb9c422317faca23d50163151bc354","name":"Contenidos El Regional","image":{"@type":"ImageObject","inLanguage":"es","@id":"http:\/\/elregionalvm.com.ar\/noticias-villa-maria\/#\/schema\/person\/image\/","url":"https:\/\/secure.gravatar.com\/avatar\/265b27cb2209af7bb3a1318f03305787d7981a5cc6e6cd08fe5a4ecdf99d4b48?s=96&d=mm&r=g","contentUrl":"https:\/\/secure.gravatar.com\/avatar\/265b27cb2209af7bb3a1318f03305787d7981a5cc6e6cd08fe5a4ecdf99d4b48?s=96&d=mm&r=g","caption":"Contenidos El Regional"},"url":"https:\/\/elregionalvm.com.ar\/noticias-villa-maria\/author\/contenido\/"}]}},"jetpack_featured_media_url":"https:\/\/i0.wp.com\/elregionalvm.com.ar\/noticias-villa-maria\/wp-content\/uploads\/2021\/12\/Wargame.jpg?fit=1024%2C681&ssl=1","jetpack_sharing_enabled":true,"_links":{"self":[{"href":"https:\/\/elregionalvm.com.ar\/noticias-villa-maria\/wp-json\/wp\/v2\/posts\/50272","targetHints":{"allow":["GET"]}}],"collection":[{"href":"https:\/\/elregionalvm.com.ar\/noticias-villa-maria\/wp-json\/wp\/v2\/posts"}],"about":[{"href":"https:\/\/elregionalvm.com.ar\/noticias-villa-maria\/wp-json\/wp\/v2\/types\/post"}],"author":[{"embeddable":true,"href":"https:\/\/elregionalvm.com.ar\/noticias-villa-maria\/wp-json\/wp\/v2\/users\/4"}],"replies":[{"embeddable":true,"href":"https:\/\/elregionalvm.com.ar\/noticias-villa-maria\/wp-json\/wp\/v2\/comments?post=50272"}],"version-history":[{"count":2,"href":"https:\/\/elregionalvm.com.ar\/noticias-villa-maria\/wp-json\/wp\/v2\/posts\/50272\/revisions"}],"predecessor-version":[{"id":50278,"href":"https:\/\/elregionalvm.com.ar\/noticias-villa-maria\/wp-json\/wp\/v2\/posts\/50272\/revisions\/50278"}],"wp:featuredmedia":[{"embeddable":true,"href":"https:\/\/elregionalvm.com.ar\/noticias-villa-maria\/wp-json\/wp\/v2\/media\/50274"}],"wp:attachment":[{"href":"https:\/\/elregionalvm.com.ar\/noticias-villa-maria\/wp-json\/wp\/v2\/media?parent=50272"}],"wp:term":[{"taxonomy":"category","embeddable":true,"href":"https:\/\/elregionalvm.com.ar\/noticias-villa-maria\/wp-json\/wp\/v2\/categories?post=50272"},{"taxonomy":"post_tag","embeddable":true,"href":"https:\/\/elregionalvm.com.ar\/noticias-villa-maria\/wp-json\/wp\/v2\/tags?post=50272"}],"curies":[{"name":"wp","href":"https:\/\/api.w.org\/{rel}","templated":true}]}}