{"id":50279,"date":"2021-12-27T02:47:42","date_gmt":"2021-12-27T02:47:42","guid":{"rendered":"https:\/\/elregionalvm.com.ar\/noticias-villa-maria\/?p=50279"},"modified":"2021-12-27T02:47:43","modified_gmt":"2021-12-27T02:47:43","slug":"opinion-se-gasta-mas-en-subsidios-economicos-que-en-salarios","status":"publish","type":"post","link":"https:\/\/elregionalvm.com.ar\/noticias-villa-maria\/opinion-se-gasta-mas-en-subsidios-economicos-que-en-salarios\/","title":{"rendered":"[Opini\u00f3n] Se gasta m\u00e1s en subsidios econ\u00f3micos que en salarios"},"content":{"rendered":"\n<p><\/p>\n\n\n\n<p><strong>La evaluaci\u00f3n del pr\u00e9stamo otorgado por el FMI en el 2018 motiv\u00f3 un encendido cruce de acusaciones. Pero la conclusi\u00f3n m\u00e1s importante es que la m\u00e9dula del problema es la persistencia de d\u00e9ficits fiscales insostenibles. Para corregirlos, la urgencia no es bajar el gasto salarial sino los subsidios econ\u00f3micos.<\/strong><\/p>\n\n\n\n<p><\/p>\n\n\n\n<p><strong>Informe: Idesa<\/strong><\/p>\n\n\n\n<p><\/p>\n\n\n\n<p>El Fondo Monetario Internacional (FMI) public\u00f3 una evaluaci\u00f3n sobre el programa Stand By otorgado en el a\u00f1o 2018 al pa\u00eds.<\/p>\n\n\n\n<p>El documento fue usado para profundizar el cruce de acusaciones sobre las responsabilidades en la crisis. Una lectura m\u00e1s objetiva lleva a confirmar que la principal causa de la larga decadencia argentina es el cr\u00f3nico d\u00e9ficit fiscal y que este trasciende las diferencias de administraciones.<\/p>\n\n\n\n<p>Seg\u00fan el Ministerio de Econom\u00eda, en los \u00faltimos 60 a\u00f1os no hubo d\u00e9ficit fiscal s\u00f3lo en 6. Pero a\u00fan en estos 6 a\u00f1os, que transcurren entre el 2003 y el 2008, el super\u00e1vit se consigui\u00f3 gracias a que la contabilidad p\u00fablica no registraba como gastos los juicios que gener\u00f3 la falta de movilidad de las jubilaciones ni los intereses de deuda que no se pagaban porque se estaba en default. Es decir que, bien medido, se acumulan 6 d\u00e9cadas de desequilibrio fiscal.<\/p>\n\n\n\n<p>La contundencia de esta evidencia lleva a plantear que la necesidad m\u00e1s imperiosa es sanear las cuentas p\u00fablicas. Para lograrlo, frecuentemente se considera como prioridad corregir el sobredimensionamiento del plantel de empleados p\u00fablicos. Pero con el mismo \u00e9nfasis se plantea que es imposible por razones pol\u00edticas y sociales.<\/p>\n\n\n\n<p><strong>\u00bfRecortar el empleo p\u00fablico?<\/strong><\/p>\n\n\n\n<p>La pregunta relevante que cabe hacerse es si efectivamente el gasto en personal es el m\u00e1s decisivo como determinante del d\u00e9ficit fiscal.<\/p>\n\n\n\n<p>Tomando datos del Ministerio de Econom\u00eda y del Banco Central y considerando a los intereses que paga el Banco Central por sus pasivos como parte del gasto p\u00fablico total nacional se observa que:<\/p>\n\n\n\n<ul class=\"wp-block-list\"><li>El gasto en personal representa el 9% del gasto p\u00fablico nacional.<\/li><\/ul>\n\n\n\n<ul class=\"wp-block-list\"><li>El gasto en subsidios a la luz, gas y transporte representa el 12%.<\/li><\/ul>\n\n\n\n<ul class=\"wp-block-list\"><li>El gasto en intereses pagados por el Tesoro y el Banco Central representa el 19%.\u00a0<\/li><\/ul>\n\n\n\n<p>Estos datos muestran que el gasto en salarios de los empleados p\u00fablicos es menor que lo que el Estado nacional gasta en subsidios a la luz, gas y transporte. Asimismo, representa menos de la mitad de lo que el Estado nacional paga de intereses por sus deudas.<\/p>\n\n\n\n<p>Claramente que el abordaje para equilibrar las cuentas p\u00fablicas pasa mucho m\u00e1s por los subsidios econ\u00f3micos y los intereses que por los recortes al empleo p\u00fablico.<\/p>\n\n\n\n<p><\/p>\n\n\n\n<figure class=\"wp-block-image\"><img data-recalc-dims=\"1\" decoding=\"async\" src=\"https:\/\/i0.wp.com\/idesa.org\/wp-content\/uploads\/2021\/12\/Captura-de-Pantalla-2021-12-26-a-las-14.15.18.png?ssl=1\" alt=\"\"\/><\/figure>\n\n\n\n<p><\/p>\n\n\n\n<p><strong>Reducir el d\u00e9ficit<\/strong><\/p>\n\n\n\n<p>Esto lleva a plantear con \u00e9nfasis que el factor m\u00e1s urgente y decisivo para reducir el d\u00e9ficit fiscal son los subsidios. Aun cuando el sinceramiento tarifario sea gradual y contemple la situaci\u00f3n de las familias de menores ingresos, hay amplio espacio para reducir los subsidios econ\u00f3micos. Con menos subsidios el d\u00e9ficit puede ir disminuyendo y junto son ello surge la posibilidad de pagar menos intereses por la deuda.<\/p>\n\n\n\n<p>Tanto los intereses que paga el Banco Central por las Leliq y pases que debe colocar en los bancos para absorber los excesos de emisi\u00f3n monetaria, como los que paga el Tesoro por la deuda que emite para financiar el d\u00e9ficit.<\/p>\n\n\n\n<p>Despu\u00e9s del gasto social, los subsidios y los intereses son los dos \u00edtems que m\u00e1s pesan en el gasto p\u00fablico y est\u00e1n entrelazados. La reducci\u00f3n de los subsidios trae aparejado la reducci\u00f3n de los intereses.<\/p>\n\n\n\n<p>En materia de empleo p\u00fablico el principal desaf\u00edo no es reducir la masa salarial sino mejorar su productividad. Es cierto que hay muchas \u00e1reas del Estado donde hay personal redundante, sin funciones relevantes, alta desmotivaci\u00f3n y con bajos niveles de competencia para la funci\u00f3n p\u00fablica.<\/p>\n\n\n\n<p>Corregir estos desv\u00edos es muy importante, no tanto por los ahorros que puede llegar a generar, sino porque permitir\u00e1 elevar la capacidad de gerenciamiento p\u00fablico. Abordar con un enfoque moderno e innovador la administraci\u00f3n de los recursos humanos dentro del Estado es un tema prioritario porque es un paso decisivo en la b\u00fasqueda de un sector p\u00fablico m\u00e1s eficiente.<\/p>\n\n\n\n<p>Es falso el argumento de que no se puede reducir el d\u00e9ficit fiscal porque no es viable corregir el sobredimensionamiento de empleados p\u00fablicos.<\/p>\n\n\n\n<p>Las evidencias muestran que para comenzar a corregir los desequilibrios de las finanzas p\u00fablicas es mucho m\u00e1s urgente y pertinente poner racionalidad en las tarifas de los servicios p\u00fablicos.<\/p>\n\n\n\n<p>Esto no solo permitir\u00e1 corregir inequidades en favor de personas de ingresos medios y altos fuertemente concentradas en la regi\u00f3n metropolitana sino tambi\u00e9n reducir el d\u00e9ficit fiscal. Reduciendo el d\u00e9ficit fiscal la cuenta de intereses a pagar tambi\u00e9n se morigerar\u00e1.<\/p>\n","protected":false},"excerpt":{"rendered":"<p>La evaluaci\u00f3n del pr\u00e9stamo otorgado por el FMI en el 2018 motiv\u00f3 un encendido cruce de acusaciones. Pero la conclusi\u00f3n m\u00e1s importante es que la m\u00e9dula del problema es la persistencia de d\u00e9ficits fiscales insostenibles. Para corregirlos, la urgencia no es bajar el gasto salarial sino los subsidios econ\u00f3micos. Informe: Idesa El Fondo Monetario Internacional [&hellip;]<\/p>\n","protected":false},"author":4,"featured_media":29474,"comment_status":"open","ping_status":"open","sticky":false,"template":"","format":"standard","meta":{"site-sidebar-layout":"default","site-content-layout":"default","ast-site-content-layout":"default","site-content-style":"default","site-sidebar-style":"default","ast-global-header-display":"","ast-banner-title-visibility":"","ast-main-header-display":"","ast-hfb-above-header-display":"","ast-hfb-below-header-display":"","ast-hfb-mobile-header-display":"","site-post-title":"","ast-breadcrumbs-content":"","ast-featured-img":"","footer-sml-layout":"","ast-disable-related-posts":"","theme-transparent-header-meta":"default","adv-header-id-meta":"","stick-header-meta":"","header-above-stick-meta":"","header-main-stick-meta":"","header-below-stick-meta":"","astra-migrate-meta-layouts":"default","ast-page-background-enabled":"default","ast-page-background-meta":{"desktop":{"background-color":"","background-image":"","background-repeat":"repeat","background-position":"center center","background-size":"auto","background-attachment":"scroll","background-type":"","background-media":"","overlay-type":"","overlay-color":"","overlay-opacity":"","overlay-gradient":""},"tablet":{"background-color":"","background-image":"","background-repeat":"repeat","background-position":"center center","background-size":"auto","background-attachment":"scroll","background-type":"","background-media":"","overlay-type":"","overlay-color":"","overlay-opacity":"","overlay-gradient":""},"mobile":{"background-color":"","background-image":"","background-repeat":"repeat","background-position":"center center","background-size":"auto","background-attachment":"scroll","background-type":"","background-media":"","overlay-type":"","overlay-color":"","overlay-opacity":"","overlay-gradient":""}},"ast-content-background-meta":{"desktop":{"background-color":"var(--ast-global-color-5)","background-image":"","background-repeat":"repeat","background-position":"center center","background-size":"auto","background-attachment":"scroll","background-type":"","background-media":"","overlay-type":"","overlay-color":"","overlay-opacity":"","overlay-gradient":""},"tablet":{"background-color":"var(--ast-global-color-5)","background-image":"","background-repeat":"repeat","background-position":"center center","background-size":"auto","background-attachment":"scroll","background-type":"","background-media":"","overlay-type":"","overlay-color":"","overlay-opacity":"","overlay-gradient":""},"mobile":{"background-color":"var(--ast-global-color-5)","background-image":"","background-repeat":"repeat","background-position":"center center","background-size":"auto","background-attachment":"scroll","background-type":"","background-media":"","overlay-type":"","overlay-color":"","overlay-opacity":"","overlay-gradient":""}},"_jetpack_memberships_contains_paid_content":false,"_joinchat":[],"footnotes":""},"categories":[2323,365],"tags":[465,505,7293,12376,467,1973,12984,3393,3498],"class_list":["post-50279","post","type-post","status-publish","format-standard","has-post-thumbnail","hentry","category-notas-secundarias","category-opinion","tag-deficit-fiscal","tag-economia","tag-empleo-publico","tag-estado-nacional","tag-fmi","tag-idesa","tag-intereses-de-deuda","tag-prestamos","tag-subsidios"],"yoast_head":"<!-- This site is optimized with the Yoast SEO plugin v26.8 - https:\/\/yoast.com\/product\/yoast-seo-wordpress\/ -->\n<title>[Opini\u00f3n] Se gasta m\u00e1s en subsidios econ\u00f3micos que en salarios - El Regional<\/title>\n<meta name=\"description\" content=\"El gasto en salarios de los empleados p\u00fablicos es menor que lo que el Estado nacional gasta en subsidios a la luz, gas y transporte.\" \/>\n<meta name=\"robots\" content=\"index, follow, max-snippet:-1, max-image-preview:large, max-video-preview:-1\" \/>\n<link rel=\"canonical\" href=\"http:\/\/elregionalvm.com.ar\/noticias-villa-maria\/opinion-se-gasta-mas-en-subsidios-economicos-que-en-salarios\/\" \/>\n<meta property=\"og:locale\" content=\"es_ES\" \/>\n<meta property=\"og:type\" content=\"article\" \/>\n<meta property=\"og:title\" content=\"[Opini\u00f3n] Se gasta m\u00e1s en subsidios econ\u00f3micos que en salarios - El Regional\" \/>\n<meta property=\"og:description\" content=\"El gasto en salarios de los empleados p\u00fablicos es menor que lo que el Estado nacional gasta en subsidios a la luz, gas y transporte.\" \/>\n<meta property=\"og:url\" content=\"http:\/\/elregionalvm.com.ar\/noticias-villa-maria\/opinion-se-gasta-mas-en-subsidios-economicos-que-en-salarios\/\" \/>\n<meta property=\"og:site_name\" content=\"El Regional\" \/>\n<meta property=\"article:publisher\" content=\"https:\/\/www.facebook.com\/elregionalvm\" \/>\n<meta property=\"article:published_time\" content=\"2021-12-27T02:47:42+00:00\" \/>\n<meta property=\"article:modified_time\" content=\"2021-12-27T02:47:43+00:00\" \/>\n<meta property=\"og:image\" content=\"http:\/\/elregionalvm.com.ar\/noticias-villa-maria\/wp-content\/uploads\/2020\/12\/billetes_mil_pesos_argentinos.jpg\" \/>\n\t<meta property=\"og:image:width\" content=\"1024\" \/>\n\t<meta property=\"og:image:height\" content=\"680\" \/>\n\t<meta property=\"og:image:type\" content=\"image\/jpeg\" \/>\n<meta name=\"author\" content=\"Contenidos El Regional\" \/>\n<meta name=\"twitter:card\" content=\"summary_large_image\" \/>\n<meta name=\"twitter:creator\" content=\"@elregionalvm1\" \/>\n<meta name=\"twitter:site\" content=\"@elregionalvm1\" \/>\n<meta name=\"twitter:label1\" content=\"Escrito por\" \/>\n\t<meta name=\"twitter:data1\" content=\"Contenidos El Regional\" \/>\n\t<meta name=\"twitter:label2\" content=\"Tiempo de lectura\" \/>\n\t<meta name=\"twitter:data2\" content=\"4 minutos\" \/>\n<script type=\"application\/ld+json\" class=\"yoast-schema-graph\">{\"@context\":\"https:\/\/schema.org\",\"@graph\":[{\"@type\":\"Article\",\"@id\":\"http:\/\/elregionalvm.com.ar\/noticias-villa-maria\/opinion-se-gasta-mas-en-subsidios-economicos-que-en-salarios\/#article\",\"isPartOf\":{\"@id\":\"http:\/\/elregionalvm.com.ar\/noticias-villa-maria\/opinion-se-gasta-mas-en-subsidios-economicos-que-en-salarios\/\"},\"author\":{\"name\":\"Contenidos El Regional\",\"@id\":\"http:\/\/elregionalvm.com.ar\/noticias-villa-maria\/#\/schema\/person\/a0fb9c422317faca23d50163151bc354\"},\"headline\":\"[Opini\u00f3n] Se gasta m\u00e1s en subsidios econ\u00f3micos que en salarios\",\"datePublished\":\"2021-12-27T02:47:42+00:00\",\"dateModified\":\"2021-12-27T02:47:43+00:00\",\"mainEntityOfPage\":{\"@id\":\"http:\/\/elregionalvm.com.ar\/noticias-villa-maria\/opinion-se-gasta-mas-en-subsidios-economicos-que-en-salarios\/\"},\"wordCount\":835,\"commentCount\":0,\"image\":{\"@id\":\"http:\/\/elregionalvm.com.ar\/noticias-villa-maria\/opinion-se-gasta-mas-en-subsidios-economicos-que-en-salarios\/#primaryimage\"},\"thumbnailUrl\":\"https:\/\/i0.wp.com\/elregionalvm.com.ar\/noticias-villa-maria\/wp-content\/uploads\/2020\/12\/billetes_mil_pesos_argentinos.jpg?fit=1024%2C680&ssl=1\",\"keywords\":[\"d\u00e9ficit fiscal\",\"Econom\u00eda\",\"Empleo p\u00fablico\",\"estado nacional\",\"FMI\",\"IDESA\",\"intereses de deuda\",\"pr\u00e9stamos\",\"subsidios\"],\"articleSection\":[\"Notas\",\"Opini\u00f3n\"],\"inLanguage\":\"es\",\"potentialAction\":[{\"@type\":\"CommentAction\",\"name\":\"Comment\",\"target\":[\"http:\/\/elregionalvm.com.ar\/noticias-villa-maria\/opinion-se-gasta-mas-en-subsidios-economicos-que-en-salarios\/#respond\"]}]},{\"@type\":\"WebPage\",\"@id\":\"http:\/\/elregionalvm.com.ar\/noticias-villa-maria\/opinion-se-gasta-mas-en-subsidios-economicos-que-en-salarios\/\",\"url\":\"http:\/\/elregionalvm.com.ar\/noticias-villa-maria\/opinion-se-gasta-mas-en-subsidios-economicos-que-en-salarios\/\",\"name\":\"[Opini\u00f3n] Se gasta m\u00e1s en subsidios econ\u00f3micos que en salarios - El Regional\",\"isPartOf\":{\"@id\":\"http:\/\/elregionalvm.com.ar\/noticias-villa-maria\/#website\"},\"primaryImageOfPage\":{\"@id\":\"http:\/\/elregionalvm.com.ar\/noticias-villa-maria\/opinion-se-gasta-mas-en-subsidios-economicos-que-en-salarios\/#primaryimage\"},\"image\":{\"@id\":\"http:\/\/elregionalvm.com.ar\/noticias-villa-maria\/opinion-se-gasta-mas-en-subsidios-economicos-que-en-salarios\/#primaryimage\"},\"thumbnailUrl\":\"https:\/\/i0.wp.com\/elregionalvm.com.ar\/noticias-villa-maria\/wp-content\/uploads\/2020\/12\/billetes_mil_pesos_argentinos.jpg?fit=1024%2C680&ssl=1\",\"datePublished\":\"2021-12-27T02:47:42+00:00\",\"dateModified\":\"2021-12-27T02:47:43+00:00\",\"author\":{\"@id\":\"http:\/\/elregionalvm.com.ar\/noticias-villa-maria\/#\/schema\/person\/a0fb9c422317faca23d50163151bc354\"},\"description\":\"El gasto en salarios de los empleados p\u00fablicos es menor que lo que el Estado nacional gasta en subsidios a la luz, gas y transporte.\",\"breadcrumb\":{\"@id\":\"http:\/\/elregionalvm.com.ar\/noticias-villa-maria\/opinion-se-gasta-mas-en-subsidios-economicos-que-en-salarios\/#breadcrumb\"},\"inLanguage\":\"es\",\"potentialAction\":[{\"@type\":\"ReadAction\",\"target\":[\"http:\/\/elregionalvm.com.ar\/noticias-villa-maria\/opinion-se-gasta-mas-en-subsidios-economicos-que-en-salarios\/\"]}]},{\"@type\":\"ImageObject\",\"inLanguage\":\"es\",\"@id\":\"http:\/\/elregionalvm.com.ar\/noticias-villa-maria\/opinion-se-gasta-mas-en-subsidios-economicos-que-en-salarios\/#primaryimage\",\"url\":\"https:\/\/i0.wp.com\/elregionalvm.com.ar\/noticias-villa-maria\/wp-content\/uploads\/2020\/12\/billetes_mil_pesos_argentinos.jpg?fit=1024%2C680&ssl=1\",\"contentUrl\":\"https:\/\/i0.wp.com\/elregionalvm.com.ar\/noticias-villa-maria\/wp-content\/uploads\/2020\/12\/billetes_mil_pesos_argentinos.jpg?fit=1024%2C680&ssl=1\",\"width\":1024,\"height\":680},{\"@type\":\"BreadcrumbList\",\"@id\":\"http:\/\/elregionalvm.com.ar\/noticias-villa-maria\/opinion-se-gasta-mas-en-subsidios-economicos-que-en-salarios\/#breadcrumb\",\"itemListElement\":[{\"@type\":\"ListItem\",\"position\":1,\"name\":\"Portada\",\"item\":\"https:\/\/elregionalvm.com.ar\/noticias-villa-maria\/\"},{\"@type\":\"ListItem\",\"position\":2,\"name\":\"[Opini\u00f3n] Se gasta m\u00e1s en subsidios econ\u00f3micos que en salarios\"}]},{\"@type\":\"WebSite\",\"@id\":\"http:\/\/elregionalvm.com.ar\/noticias-villa-maria\/#website\",\"url\":\"http:\/\/elregionalvm.com.ar\/noticias-villa-maria\/\",\"name\":\"El Regional\",\"description\":\"Mucho m\u00e1s que informaci\u00f3n\",\"potentialAction\":[{\"@type\":\"SearchAction\",\"target\":{\"@type\":\"EntryPoint\",\"urlTemplate\":\"http:\/\/elregionalvm.com.ar\/noticias-villa-maria\/?s={search_term_string}\"},\"query-input\":{\"@type\":\"PropertyValueSpecification\",\"valueRequired\":true,\"valueName\":\"search_term_string\"}}],\"inLanguage\":\"es\"},{\"@type\":\"Person\",\"@id\":\"http:\/\/elregionalvm.com.ar\/noticias-villa-maria\/#\/schema\/person\/a0fb9c422317faca23d50163151bc354\",\"name\":\"Contenidos El Regional\",\"image\":{\"@type\":\"ImageObject\",\"inLanguage\":\"es\",\"@id\":\"http:\/\/elregionalvm.com.ar\/noticias-villa-maria\/#\/schema\/person\/image\/\",\"url\":\"https:\/\/secure.gravatar.com\/avatar\/265b27cb2209af7bb3a1318f03305787d7981a5cc6e6cd08fe5a4ecdf99d4b48?s=96&d=mm&r=g\",\"contentUrl\":\"https:\/\/secure.gravatar.com\/avatar\/265b27cb2209af7bb3a1318f03305787d7981a5cc6e6cd08fe5a4ecdf99d4b48?s=96&d=mm&r=g\",\"caption\":\"Contenidos El Regional\"},\"url\":\"https:\/\/elregionalvm.com.ar\/noticias-villa-maria\/author\/contenido\/\"}]}<\/script>\n<!-- \/ Yoast SEO plugin. -->","yoast_head_json":{"title":"[Opini\u00f3n] Se gasta m\u00e1s en subsidios econ\u00f3micos que en salarios - El Regional","description":"El gasto en salarios de los empleados p\u00fablicos es menor que lo que el Estado nacional gasta en subsidios a la luz, gas y transporte.","robots":{"index":"index","follow":"follow","max-snippet":"max-snippet:-1","max-image-preview":"max-image-preview:large","max-video-preview":"max-video-preview:-1"},"canonical":"http:\/\/elregionalvm.com.ar\/noticias-villa-maria\/opinion-se-gasta-mas-en-subsidios-economicos-que-en-salarios\/","og_locale":"es_ES","og_type":"article","og_title":"[Opini\u00f3n] Se gasta m\u00e1s en subsidios econ\u00f3micos que en salarios - El Regional","og_description":"El gasto en salarios de los empleados p\u00fablicos es menor que lo que el Estado nacional gasta en subsidios a la luz, gas y transporte.","og_url":"http:\/\/elregionalvm.com.ar\/noticias-villa-maria\/opinion-se-gasta-mas-en-subsidios-economicos-que-en-salarios\/","og_site_name":"El Regional","article_publisher":"https:\/\/www.facebook.com\/elregionalvm","article_published_time":"2021-12-27T02:47:42+00:00","article_modified_time":"2021-12-27T02:47:43+00:00","og_image":[{"width":1024,"height":680,"url":"http:\/\/elregionalvm.com.ar\/noticias-villa-maria\/wp-content\/uploads\/2020\/12\/billetes_mil_pesos_argentinos.jpg","type":"image\/jpeg"}],"author":"Contenidos El Regional","twitter_card":"summary_large_image","twitter_creator":"@elregionalvm1","twitter_site":"@elregionalvm1","twitter_misc":{"Escrito por":"Contenidos El Regional","Tiempo de lectura":"4 minutos"},"schema":{"@context":"https:\/\/schema.org","@graph":[{"@type":"Article","@id":"http:\/\/elregionalvm.com.ar\/noticias-villa-maria\/opinion-se-gasta-mas-en-subsidios-economicos-que-en-salarios\/#article","isPartOf":{"@id":"http:\/\/elregionalvm.com.ar\/noticias-villa-maria\/opinion-se-gasta-mas-en-subsidios-economicos-que-en-salarios\/"},"author":{"name":"Contenidos El Regional","@id":"http:\/\/elregionalvm.com.ar\/noticias-villa-maria\/#\/schema\/person\/a0fb9c422317faca23d50163151bc354"},"headline":"[Opini\u00f3n] Se gasta m\u00e1s en subsidios econ\u00f3micos que en salarios","datePublished":"2021-12-27T02:47:42+00:00","dateModified":"2021-12-27T02:47:43+00:00","mainEntityOfPage":{"@id":"http:\/\/elregionalvm.com.ar\/noticias-villa-maria\/opinion-se-gasta-mas-en-subsidios-economicos-que-en-salarios\/"},"wordCount":835,"commentCount":0,"image":{"@id":"http:\/\/elregionalvm.com.ar\/noticias-villa-maria\/opinion-se-gasta-mas-en-subsidios-economicos-que-en-salarios\/#primaryimage"},"thumbnailUrl":"https:\/\/i0.wp.com\/elregionalvm.com.ar\/noticias-villa-maria\/wp-content\/uploads\/2020\/12\/billetes_mil_pesos_argentinos.jpg?fit=1024%2C680&ssl=1","keywords":["d\u00e9ficit fiscal","Econom\u00eda","Empleo p\u00fablico","estado nacional","FMI","IDESA","intereses de deuda","pr\u00e9stamos","subsidios"],"articleSection":["Notas","Opini\u00f3n"],"inLanguage":"es","potentialAction":[{"@type":"CommentAction","name":"Comment","target":["http:\/\/elregionalvm.com.ar\/noticias-villa-maria\/opinion-se-gasta-mas-en-subsidios-economicos-que-en-salarios\/#respond"]}]},{"@type":"WebPage","@id":"http:\/\/elregionalvm.com.ar\/noticias-villa-maria\/opinion-se-gasta-mas-en-subsidios-economicos-que-en-salarios\/","url":"http:\/\/elregionalvm.com.ar\/noticias-villa-maria\/opinion-se-gasta-mas-en-subsidios-economicos-que-en-salarios\/","name":"[Opini\u00f3n] Se gasta m\u00e1s en subsidios econ\u00f3micos que en salarios - El Regional","isPartOf":{"@id":"http:\/\/elregionalvm.com.ar\/noticias-villa-maria\/#website"},"primaryImageOfPage":{"@id":"http:\/\/elregionalvm.com.ar\/noticias-villa-maria\/opinion-se-gasta-mas-en-subsidios-economicos-que-en-salarios\/#primaryimage"},"image":{"@id":"http:\/\/elregionalvm.com.ar\/noticias-villa-maria\/opinion-se-gasta-mas-en-subsidios-economicos-que-en-salarios\/#primaryimage"},"thumbnailUrl":"https:\/\/i0.wp.com\/elregionalvm.com.ar\/noticias-villa-maria\/wp-content\/uploads\/2020\/12\/billetes_mil_pesos_argentinos.jpg?fit=1024%2C680&ssl=1","datePublished":"2021-12-27T02:47:42+00:00","dateModified":"2021-12-27T02:47:43+00:00","author":{"@id":"http:\/\/elregionalvm.com.ar\/noticias-villa-maria\/#\/schema\/person\/a0fb9c422317faca23d50163151bc354"},"description":"El gasto en salarios de los empleados p\u00fablicos es menor que lo que el Estado nacional gasta en subsidios a la luz, gas y transporte.","breadcrumb":{"@id":"http:\/\/elregionalvm.com.ar\/noticias-villa-maria\/opinion-se-gasta-mas-en-subsidios-economicos-que-en-salarios\/#breadcrumb"},"inLanguage":"es","potentialAction":[{"@type":"ReadAction","target":["http:\/\/elregionalvm.com.ar\/noticias-villa-maria\/opinion-se-gasta-mas-en-subsidios-economicos-que-en-salarios\/"]}]},{"@type":"ImageObject","inLanguage":"es","@id":"http:\/\/elregionalvm.com.ar\/noticias-villa-maria\/opinion-se-gasta-mas-en-subsidios-economicos-que-en-salarios\/#primaryimage","url":"https:\/\/i0.wp.com\/elregionalvm.com.ar\/noticias-villa-maria\/wp-content\/uploads\/2020\/12\/billetes_mil_pesos_argentinos.jpg?fit=1024%2C680&ssl=1","contentUrl":"https:\/\/i0.wp.com\/elregionalvm.com.ar\/noticias-villa-maria\/wp-content\/uploads\/2020\/12\/billetes_mil_pesos_argentinos.jpg?fit=1024%2C680&ssl=1","width":1024,"height":680},{"@type":"BreadcrumbList","@id":"http:\/\/elregionalvm.com.ar\/noticias-villa-maria\/opinion-se-gasta-mas-en-subsidios-economicos-que-en-salarios\/#breadcrumb","itemListElement":[{"@type":"ListItem","position":1,"name":"Portada","item":"https:\/\/elregionalvm.com.ar\/noticias-villa-maria\/"},{"@type":"ListItem","position":2,"name":"[Opini\u00f3n] Se gasta m\u00e1s en subsidios econ\u00f3micos que en salarios"}]},{"@type":"WebSite","@id":"http:\/\/elregionalvm.com.ar\/noticias-villa-maria\/#website","url":"http:\/\/elregionalvm.com.ar\/noticias-villa-maria\/","name":"El Regional","description":"Mucho m\u00e1s que informaci\u00f3n","potentialAction":[{"@type":"SearchAction","target":{"@type":"EntryPoint","urlTemplate":"http:\/\/elregionalvm.com.ar\/noticias-villa-maria\/?s={search_term_string}"},"query-input":{"@type":"PropertyValueSpecification","valueRequired":true,"valueName":"search_term_string"}}],"inLanguage":"es"},{"@type":"Person","@id":"http:\/\/elregionalvm.com.ar\/noticias-villa-maria\/#\/schema\/person\/a0fb9c422317faca23d50163151bc354","name":"Contenidos El Regional","image":{"@type":"ImageObject","inLanguage":"es","@id":"http:\/\/elregionalvm.com.ar\/noticias-villa-maria\/#\/schema\/person\/image\/","url":"https:\/\/secure.gravatar.com\/avatar\/265b27cb2209af7bb3a1318f03305787d7981a5cc6e6cd08fe5a4ecdf99d4b48?s=96&d=mm&r=g","contentUrl":"https:\/\/secure.gravatar.com\/avatar\/265b27cb2209af7bb3a1318f03305787d7981a5cc6e6cd08fe5a4ecdf99d4b48?s=96&d=mm&r=g","caption":"Contenidos El Regional"},"url":"https:\/\/elregionalvm.com.ar\/noticias-villa-maria\/author\/contenido\/"}]}},"jetpack_featured_media_url":"https:\/\/i0.wp.com\/elregionalvm.com.ar\/noticias-villa-maria\/wp-content\/uploads\/2020\/12\/billetes_mil_pesos_argentinos.jpg?fit=1024%2C680&ssl=1","jetpack_sharing_enabled":true,"_links":{"self":[{"href":"https:\/\/elregionalvm.com.ar\/noticias-villa-maria\/wp-json\/wp\/v2\/posts\/50279","targetHints":{"allow":["GET"]}}],"collection":[{"href":"https:\/\/elregionalvm.com.ar\/noticias-villa-maria\/wp-json\/wp\/v2\/posts"}],"about":[{"href":"https:\/\/elregionalvm.com.ar\/noticias-villa-maria\/wp-json\/wp\/v2\/types\/post"}],"author":[{"embeddable":true,"href":"https:\/\/elregionalvm.com.ar\/noticias-villa-maria\/wp-json\/wp\/v2\/users\/4"}],"replies":[{"embeddable":true,"href":"https:\/\/elregionalvm.com.ar\/noticias-villa-maria\/wp-json\/wp\/v2\/comments?post=50279"}],"version-history":[{"count":2,"href":"https:\/\/elregionalvm.com.ar\/noticias-villa-maria\/wp-json\/wp\/v2\/posts\/50279\/revisions"}],"predecessor-version":[{"id":50281,"href":"https:\/\/elregionalvm.com.ar\/noticias-villa-maria\/wp-json\/wp\/v2\/posts\/50279\/revisions\/50281"}],"wp:featuredmedia":[{"embeddable":true,"href":"https:\/\/elregionalvm.com.ar\/noticias-villa-maria\/wp-json\/wp\/v2\/media\/29474"}],"wp:attachment":[{"href":"https:\/\/elregionalvm.com.ar\/noticias-villa-maria\/wp-json\/wp\/v2\/media?parent=50279"}],"wp:term":[{"taxonomy":"category","embeddable":true,"href":"https:\/\/elregionalvm.com.ar\/noticias-villa-maria\/wp-json\/wp\/v2\/categories?post=50279"},{"taxonomy":"post_tag","embeddable":true,"href":"https:\/\/elregionalvm.com.ar\/noticias-villa-maria\/wp-json\/wp\/v2\/tags?post=50279"}],"curies":[{"name":"wp","href":"https:\/\/api.w.org\/{rel}","templated":true}]}}