{"id":50282,"date":"2021-12-27T03:31:54","date_gmt":"2021-12-27T03:31:54","guid":{"rendered":"https:\/\/elregionalvm.com.ar\/noticias-villa-maria\/?p=50282"},"modified":"2021-12-29T02:54:09","modified_gmt":"2021-12-29T02:54:09","slug":"historias-cuando-el-mono-gatica-se-accidento-en-la-curva-de-la-muerte-en-sanabria","status":"publish","type":"post","link":"https:\/\/elregionalvm.com.ar\/noticias-villa-maria\/historias-cuando-el-mono-gatica-se-accidento-en-la-curva-de-la-muerte-en-sanabria\/","title":{"rendered":"[Historias] Cuando el \u201cMono\u201d Gatica se accident\u00f3 en la \u201ccurva de la muerte\u201d en Sanabria"},"content":{"rendered":"\n<p><\/p>\n\n\n\n<p><strong>Escribe: Julio A. Ben\u00edtez \u2013 benitezjulioalberto@gmail.com<\/strong><\/p>\n\n\n\n<p>La localidad de Sanabria fue famosa por la curva \u201cDe la Muerte\u201d en la ruta 4, porque era muy abierta y de golpe se cerraba, para poder cruzar perpendicularmente el paso a nivel, transitando desde Ausonia.<\/p>\n\n\n\n<p>En ese lugar era com\u00fan que los conductores frenaran, sorprendidos, lo que hac\u00eda que entraran al cuadro del ferrocarril, cortando el alambrado, derribando postes, terminando contra algunos para\u00edsos. No siempre era as\u00ed, a veces se daban vuelta sobre el mismo pavimento.<\/p>\n\n\n\n<p>Desde 1945 a 1949, cuando mi pap\u00e1 fue jefe de dicha Estaci\u00f3n, del ramal ferroviario Villa Mar\u00eda a Rufino, fui uno de los testigos de numerosos accidentes ocurridos all\u00ed, algunos graves, otros, un susto para los protagonistas.<\/p>\n\n\n\n<p>Frenadas, ruidos de chapas, eran el anuncio de que alguien se hab\u00eda \u201ctragado la curva\u201d. Pocos ten\u00edamos radio, no hab\u00eda electricidad y las que funcionaban eran a bater\u00eda, que se cargaban con el molinillo a viento, o que se tra\u00edan a Villa Nueva para hacerlas cargar.<\/p>\n\n\n\n<p>Las figuras deportivas eran conocidas por El Gr\u00e1fico o Mundo Deportivo, entre otras, o por las figuritas con las fotos de los jugadores de f\u00fatbol, boxeadores, corredores de autos, etc., con las que jug\u00e1bamos o se intercambian para poder llenar el \u00e1lbum.<\/p>\n\n\n\n<p><\/p>\n\n\n\n<figure class=\"wp-block-image size-large\"><img data-recalc-dims=\"1\" fetchpriority=\"high\" decoding=\"async\" width=\"1024\" height=\"576\" src=\"https:\/\/i0.wp.com\/elregionalvm.com.ar\/noticias-villa-maria\/wp-content\/uploads\/2021\/12\/Jose-Maria-el-Mono-Gatica.jpg?resize=1024%2C576&#038;ssl=1\" alt=\"\" class=\"wp-image-50286\" srcset=\"https:\/\/i0.wp.com\/elregionalvm.com.ar\/noticias-villa-maria\/wp-content\/uploads\/2021\/12\/Jose-Maria-el-Mono-Gatica.jpg?resize=1024%2C576&amp;ssl=1 1024w, https:\/\/i0.wp.com\/elregionalvm.com.ar\/noticias-villa-maria\/wp-content\/uploads\/2021\/12\/Jose-Maria-el-Mono-Gatica.jpg?resize=300%2C169&amp;ssl=1 300w, https:\/\/i0.wp.com\/elregionalvm.com.ar\/noticias-villa-maria\/wp-content\/uploads\/2021\/12\/Jose-Maria-el-Mono-Gatica.jpg?resize=768%2C432&amp;ssl=1 768w, https:\/\/i0.wp.com\/elregionalvm.com.ar\/noticias-villa-maria\/wp-content\/uploads\/2021\/12\/Jose-Maria-el-Mono-Gatica.jpg?w=1200&amp;ssl=1 1200w\" sizes=\"(max-width: 1000px) 100vw, 1000px\" \/><figcaption><em>Gatica, quien pas\u00f3 de la gloria a pisar el barro, fue visto en dos ocasiones por el redactor de esta nota. <\/em><\/figcaption><\/figure>\n\n\n\n<p><\/p>\n\n\n\n<p><strong>Encuentro con el \u201cMono\u201d<\/strong><\/p>\n\n\n\n<p>Una tarde calurosa de 1948, sin poder precisar el d\u00eda o el mes, sentimos ruidos de frenadas. El primero en llegar fue Domingo Frossasco, con quien curs\u00e1bamos quinto grado en la \u201cEscuela Doctor Jos\u00e9 Bianco\u201d de Villa Mar\u00eda, viaj\u00e1bamos en la exempresa de \u00f3mnibus \u201cIglesias\u201d, de la cual uno de sus choferes era Peralta.<\/p>\n\n\n\n<p>Cuando llegu\u00e9, me encontr\u00e9 con un se\u00f1or bien vestido y una joven embarazada, ambos ya hab\u00edan descendido del auto, una voitur\u00e9 Ford con techo de lona, que estaba en la banquina mirando hacia el mismo lado del que ven\u00eda. Mi amigo Domingo, que viv\u00eda cerca, les llev\u00f3 agua, bebieron y el conductor mir\u00f3 el nivel del radiador.<\/p>\n\n\n\n<p>En ese momento, lo reconoc\u00ed y le dije a mi amigo\u2026 \u201c\u00a1Che, es Gatica!\u201d. El hombre escuch\u00f3 y dijo\u2026 \u201c\u00bfPibes, me conocen?\u2026 Soy el famoso boxeador Jos\u00e9 Mar\u00eda Gatica\u201d.<\/p>\n\n\n\n<p>A Domingo le dio un billete, no recuerdo su valor. Se les pas\u00f3 el susto, saludaron y siguieron viaje, seg\u00fan dijeron, a las sierras.<\/p>\n\n\n\n<p><\/p>\n\n\n\n<figure class=\"wp-block-image size-large\"><img data-recalc-dims=\"1\" decoding=\"async\" width=\"1024\" height=\"729\" src=\"https:\/\/i0.wp.com\/elregionalvm.com.ar\/noticias-villa-maria\/wp-content\/uploads\/2021\/12\/Mono-Gatica-Peron.jpg?resize=1024%2C729&#038;ssl=1\" alt=\"\" class=\"wp-image-50287\" srcset=\"https:\/\/i0.wp.com\/elregionalvm.com.ar\/noticias-villa-maria\/wp-content\/uploads\/2021\/12\/Mono-Gatica-Peron.jpg?resize=1024%2C729&amp;ssl=1 1024w, https:\/\/i0.wp.com\/elregionalvm.com.ar\/noticias-villa-maria\/wp-content\/uploads\/2021\/12\/Mono-Gatica-Peron.jpg?resize=300%2C214&amp;ssl=1 300w, https:\/\/i0.wp.com\/elregionalvm.com.ar\/noticias-villa-maria\/wp-content\/uploads\/2021\/12\/Mono-Gatica-Peron.jpg?resize=768%2C547&amp;ssl=1 768w, https:\/\/i0.wp.com\/elregionalvm.com.ar\/noticias-villa-maria\/wp-content\/uploads\/2021\/12\/Mono-Gatica-Peron.jpg?w=1200&amp;ssl=1 1200w\" sizes=\"(max-width: 1000px) 100vw, 1000px\" \/><figcaption><em>El \u00abMono\u00bb y Juan Domingo Per\u00f3n, un v\u00ednculo c\u00e9lebre que trascend\u00eda el mundo del boxeo. <\/em><\/figcaption><\/figure>\n\n\n\n<p><\/p>\n\n\n\n<p><strong>Un segundo encuentro<\/strong><\/p>\n\n\n\n<p>Pero esta historia no termin\u00f3 all\u00ed. En 1949, con Domingo baj\u00e1bamos en la Terminal e \u00edbamos a \u201cLa Madrile\u00f1a\u201d, compr\u00e1bamos churros que, al llegar al paso a nivel de la calle Entre R\u00edos ya los hab\u00edamos terminado, y nos limpi\u00e1bamos con la servilleta de tela en la que nuestras madres nos hab\u00edan envuelto la merienda. Esto de los churros, posiblemente haya sido, sino todos los d\u00edas, bastante seguido.<\/p>\n\n\n\n<p>Una de esas ma\u00f1anas, al pasar por el hotel \u201cSan Mart\u00edn\u201d, en Avenida Yrigoyen, yendo hacia el colegio, vimos que el vidrio de la confiter\u00eda estaba empa\u00f1ado y una mano que lo limpiaba desde adentro\u2026 Nos detuvimos y\u2026 \u00bfqui\u00e9n era el que trataba de mirar hacia afuera?<\/p>\n\n\n\n<p>\u00a1Nada m\u00e1s ni nada menos que el mismo \u201cMono Gatica!\u201d. Nos reconoci\u00f3 y nos hizo una se\u00f1a para que pas\u00e1ramos, as\u00ed lo hicimos, estaba acompa\u00f1ado por dos personas y nos dijo: \u201c\u00a1Hola chicos\u2026soy Gatica!\u201d. Record\u00f3 aquel episodio y nos hizo servir, en otra mesa, sendas tazas de chocolate bien caliente con medialunas.<\/p>\n\n\n\n<p>Le pedimos un aut\u00f3grafo, que no pudo firmar, pues ten\u00eda su brazo derecho vendado, con un cabestrillo, ya que cerca de nuestra ciudad, viniendo desde C\u00f3rdoba, hab\u00eda sufrido un percance que le ocasion\u00f3 una lesi\u00f3n en el hombro.<\/p>\n\n\n\n<p>Llegamos al colegio como a las 9 de la ma\u00f1ana, cuando dijimos lo que hab\u00edamos vivido en esa \u00faltima hora, fuimos asediados por las preguntas de los compa\u00f1eros y de los maestros, todos interesados en saber como era, como vest\u00eda, que nos dijo, etc. etc.<\/p>\n\n\n\n<p>El director y los maestros ni se acordaron de retarnos, an\u00e9cdota de una \u00e9poca con poca informaci\u00f3n, sin televisi\u00f3n, pero\u2026 \u00a1Que si \u00e9ramos felices\u2026 s\u00ed que lo \u00e9ramos!<\/p>\n\n\n\n<p><strong>Una respuesta oficial<\/strong><\/p>\n\n\n\n<p>Durante el gobierno del presidente Menem, cumpl\u00eda funciones como asesora de la Subsecretar\u00eda de Coordinaci\u00f3n General de la Presidencia de la Naci\u00f3n, la se\u00f1ora Mar\u00eda Eva Gatica.<\/p>\n\n\n\n<p>Ella hab\u00eda sido la beba que aquella mujer embarazada estaba gestando y a la cual conocimos cuando ocurri\u00f3 aquel percance automovil\u00edstico del a\u00f1o 1948 en la curva de Sanabria.<\/p>\n\n\n\n<p>Le escrib\u00ed a su despacho de la Casa de Gobierno, coment\u00e1ndole la an\u00e9cdota y me contest\u00f3 agradeciendo el recuerdo. A continuaci\u00f3n se presenta la imagen de su respuesta: <\/p>\n\n\n\n<p><\/p>\n\n\n\n<figure class=\"wp-block-image size-large\"><img data-recalc-dims=\"1\" decoding=\"async\" width=\"557\" height=\"1024\" src=\"https:\/\/i0.wp.com\/elregionalvm.com.ar\/noticias-villa-maria\/wp-content\/uploads\/2021\/12\/Imagen-153.jpg?resize=557%2C1024&#038;ssl=1\" alt=\"\" class=\"wp-image-50289\" srcset=\"https:\/\/i0.wp.com\/elregionalvm.com.ar\/noticias-villa-maria\/wp-content\/uploads\/2021\/12\/Imagen-153.jpg?resize=557%2C1024&amp;ssl=1 557w, https:\/\/i0.wp.com\/elregionalvm.com.ar\/noticias-villa-maria\/wp-content\/uploads\/2021\/12\/Imagen-153.jpg?resize=163%2C300&amp;ssl=1 163w, https:\/\/i0.wp.com\/elregionalvm.com.ar\/noticias-villa-maria\/wp-content\/uploads\/2021\/12\/Imagen-153.jpg?resize=768%2C1411&amp;ssl=1 768w, https:\/\/i0.wp.com\/elregionalvm.com.ar\/noticias-villa-maria\/wp-content\/uploads\/2021\/12\/Imagen-153.jpg?resize=836%2C1536&amp;ssl=1 836w, https:\/\/i0.wp.com\/elregionalvm.com.ar\/noticias-villa-maria\/wp-content\/uploads\/2021\/12\/Imagen-153.jpg?resize=1114%2C2048&amp;ssl=1 1114w, https:\/\/i0.wp.com\/elregionalvm.com.ar\/noticias-villa-maria\/wp-content\/uploads\/2021\/12\/Imagen-153.jpg?w=1184&amp;ssl=1 1184w\" sizes=\"(max-width: 557px) 100vw, 557px\" \/><\/figure>\n\n\n\n<p><\/p>\n\n\n\n<p><strong>El final<\/strong><\/p>\n\n\n\n<p>\u201cEl Mono Gatica\u201d hab\u00eda nacido en Villa Mercedes (San Luis) el 25 de mayo de 1925. Sus padres, muy pobres se trasladaron a Buenos Aires, donde Jos\u00e9 Mar\u00eda era lustrabotas, mientras practicaba el boxeo.<\/p>\n\n\n\n<p>Muri\u00f3 el 12 de noviembre de 1963, al caer bajo las ruedas del mismo \u00f3mnibus que lo conduc\u00eda, tal vez haya trastabillado.<\/p>\n\n\n\n<p>Mi amigo, vecino y compa\u00f1ero del colegio, con quien compart\u00ed esos singulares momentos, Domingo Frossasco, falleci\u00f3 hace varios a\u00f1os.<\/p>\n","protected":false},"excerpt":{"rendered":"<p>Escribe: Julio A. Ben\u00edtez \u2013 benitezjulioalberto@gmail.com La localidad de Sanabria fue famosa por la curva \u201cDe la Muerte\u201d en la ruta 4, porque era muy abierta y de golpe se cerraba, para poder cruzar perpendicularmente el paso a nivel, transitando desde Ausonia. En ese lugar era com\u00fan que los conductores frenaran, sorprendidos, lo que hac\u00eda [&hellip;]<\/p>\n","protected":false},"author":4,"featured_media":50285,"comment_status":"open","ping_status":"open","sticky":false,"template":"","format":"standard","meta":{"site-sidebar-layout":"default","site-content-layout":"default","ast-site-content-layout":"default","site-content-style":"default","site-sidebar-style":"default","ast-global-header-display":"","ast-banner-title-visibility":"","ast-main-header-display":"","ast-hfb-above-header-display":"","ast-hfb-below-header-display":"","ast-hfb-mobile-header-display":"","site-post-title":"","ast-breadcrumbs-content":"","ast-featured-img":"","footer-sml-layout":"","ast-disable-related-posts":"","theme-transparent-header-meta":"default","adv-header-id-meta":"","stick-header-meta":"","header-above-stick-meta":"","header-main-stick-meta":"","header-below-stick-meta":"","astra-migrate-meta-layouts":"default","ast-page-background-enabled":"default","ast-page-background-meta":{"desktop":{"background-color":"","background-image":"","background-repeat":"repeat","background-position":"center center","background-size":"auto","background-attachment":"scroll","background-type":"","background-media":"","overlay-type":"","overlay-color":"","overlay-opacity":"","overlay-gradient":""},"tablet":{"background-color":"","background-image":"","background-repeat":"repeat","background-position":"center center","background-size":"auto","background-attachment":"scroll","background-type":"","background-media":"","overlay-type":"","overlay-color":"","overlay-opacity":"","overlay-gradient":""},"mobile":{"background-color":"","background-image":"","background-repeat":"repeat","background-position":"center center","background-size":"auto","background-attachment":"scroll","background-type":"","background-media":"","overlay-type":"","overlay-color":"","overlay-opacity":"","overlay-gradient":""}},"ast-content-background-meta":{"desktop":{"background-color":"var(--ast-global-color-5)","background-image":"","background-repeat":"repeat","background-position":"center center","background-size":"auto","background-attachment":"scroll","background-type":"","background-media":"","overlay-type":"","overlay-color":"","overlay-opacity":"","overlay-gradient":""},"tablet":{"background-color":"var(--ast-global-color-5)","background-image":"","background-repeat":"repeat","background-position":"center center","background-size":"auto","background-attachment":"scroll","background-type":"","background-media":"","overlay-type":"","overlay-color":"","overlay-opacity":"","overlay-gradient":""},"mobile":{"background-color":"var(--ast-global-color-5)","background-image":"","background-repeat":"repeat","background-position":"center center","background-size":"auto","background-attachment":"scroll","background-type":"","background-media":"","overlay-type":"","overlay-color":"","overlay-opacity":"","overlay-gradient":""}},"_jetpack_memberships_contains_paid_content":false,"_joinchat":[],"footnotes":""},"categories":[2098,3557],"tags":[2987,148,12985,12986,5433,2290,1386,1666,1545,381,625],"class_list":["post-50282","post","type-post","status-publish","format-standard","has-post-thumbnail","hentry","category-historias","category-tercera","tag-accidentes","tag-boxeo","tag-curva-de-la-muerte","tag-el-grafico","tag-escuela-jose-bianco","tag-ferrocarril","tag-historias","tag-julio-benitez","tag-mono-gatica","tag-peron","tag-sanabria"],"yoast_head":"<!-- This site is optimized with the Yoast SEO plugin v26.8 - https:\/\/yoast.com\/product\/yoast-seo-wordpress\/ -->\n<title>[Historias] Cuando el \u201cMono\u201d Gatica se accident\u00f3 en la \u201ccurva de la muerte\u201d en Sanabria - El Regional<\/title>\n<meta name=\"description\" content=\"El c\u00e9lebre boxeador es recordado por el autor de la nota cuando tuvo un accidente en la curva de Sanabria. Luego, lo encontr\u00f3 una vez m\u00e1s.\" \/>\n<meta name=\"robots\" content=\"index, follow, max-snippet:-1, max-image-preview:large, max-video-preview:-1\" \/>\n<link rel=\"canonical\" href=\"http:\/\/elregionalvm.com.ar\/noticias-villa-maria\/historias-cuando-el-mono-gatica-se-accidento-en-la-curva-de-la-muerte-en-sanabria\/\" \/>\n<meta property=\"og:locale\" content=\"es_ES\" \/>\n<meta property=\"og:type\" content=\"article\" \/>\n<meta property=\"og:title\" content=\"[Historias] Cuando el \u201cMono\u201d Gatica se accident\u00f3 en la \u201ccurva de la muerte\u201d en Sanabria - El Regional\" \/>\n<meta property=\"og:description\" content=\"El c\u00e9lebre boxeador es recordado por el autor de la nota cuando tuvo un accidente en la curva de Sanabria. Luego, lo encontr\u00f3 una vez m\u00e1s.\" \/>\n<meta property=\"og:url\" content=\"http:\/\/elregionalvm.com.ar\/noticias-villa-maria\/historias-cuando-el-mono-gatica-se-accidento-en-la-curva-de-la-muerte-en-sanabria\/\" \/>\n<meta property=\"og:site_name\" content=\"El Regional\" \/>\n<meta property=\"article:publisher\" content=\"https:\/\/www.facebook.com\/elregionalvm\" \/>\n<meta property=\"article:published_time\" content=\"2021-12-27T03:31:54+00:00\" \/>\n<meta property=\"article:modified_time\" content=\"2021-12-29T02:54:09+00:00\" \/>\n<meta property=\"og:image\" content=\"http:\/\/elregionalvm.com.ar\/noticias-villa-maria\/wp-content\/uploads\/2021\/12\/Gatica-mujer-e-hija.jpg\" \/>\n\t<meta property=\"og:image:width\" content=\"1200\" \/>\n\t<meta property=\"og:image:height\" content=\"923\" \/>\n\t<meta property=\"og:image:type\" content=\"image\/jpeg\" \/>\n<meta name=\"author\" content=\"Contenidos El Regional\" \/>\n<meta name=\"twitter:card\" content=\"summary_large_image\" \/>\n<meta name=\"twitter:creator\" content=\"@elregionalvm1\" \/>\n<meta name=\"twitter:site\" content=\"@elregionalvm1\" \/>\n<meta name=\"twitter:label1\" content=\"Escrito por\" \/>\n\t<meta name=\"twitter:data1\" content=\"Contenidos El Regional\" \/>\n\t<meta name=\"twitter:label2\" content=\"Tiempo de lectura\" \/>\n\t<meta name=\"twitter:data2\" content=\"5 minutos\" \/>\n<script type=\"application\/ld+json\" class=\"yoast-schema-graph\">{\"@context\":\"https:\/\/schema.org\",\"@graph\":[{\"@type\":\"Article\",\"@id\":\"http:\/\/elregionalvm.com.ar\/noticias-villa-maria\/historias-cuando-el-mono-gatica-se-accidento-en-la-curva-de-la-muerte-en-sanabria\/#article\",\"isPartOf\":{\"@id\":\"http:\/\/elregionalvm.com.ar\/noticias-villa-maria\/historias-cuando-el-mono-gatica-se-accidento-en-la-curva-de-la-muerte-en-sanabria\/\"},\"author\":{\"name\":\"Contenidos El Regional\",\"@id\":\"http:\/\/elregionalvm.com.ar\/noticias-villa-maria\/#\/schema\/person\/a0fb9c422317faca23d50163151bc354\"},\"headline\":\"[Historias] Cuando el \u201cMono\u201d Gatica se accident\u00f3 en la \u201ccurva de la muerte\u201d en Sanabria\",\"datePublished\":\"2021-12-27T03:31:54+00:00\",\"dateModified\":\"2021-12-29T02:54:09+00:00\",\"mainEntityOfPage\":{\"@id\":\"http:\/\/elregionalvm.com.ar\/noticias-villa-maria\/historias-cuando-el-mono-gatica-se-accidento-en-la-curva-de-la-muerte-en-sanabria\/\"},\"wordCount\":937,\"commentCount\":2,\"image\":{\"@id\":\"http:\/\/elregionalvm.com.ar\/noticias-villa-maria\/historias-cuando-el-mono-gatica-se-accidento-en-la-curva-de-la-muerte-en-sanabria\/#primaryimage\"},\"thumbnailUrl\":\"https:\/\/i0.wp.com\/elregionalvm.com.ar\/noticias-villa-maria\/wp-content\/uploads\/2021\/12\/Gatica-mujer-e-hija.jpg?fit=1200%2C923&ssl=1\",\"keywords\":[\"Accidentes\",\"boxeo\",\"Curva de la Muerte\",\"El Gr\u00e1fico\",\"Escuela Jos\u00e9 Bianco\",\"Ferrocarril\",\"historias\",\"Julio Ben\u00edtez\",\"Mono Gatica\",\"Per\u00f3n\",\"Sanabria\"],\"articleSection\":[\"Historias\",\"tercera\"],\"inLanguage\":\"es\",\"potentialAction\":[{\"@type\":\"CommentAction\",\"name\":\"Comment\",\"target\":[\"http:\/\/elregionalvm.com.ar\/noticias-villa-maria\/historias-cuando-el-mono-gatica-se-accidento-en-la-curva-de-la-muerte-en-sanabria\/#respond\"]}]},{\"@type\":\"WebPage\",\"@id\":\"http:\/\/elregionalvm.com.ar\/noticias-villa-maria\/historias-cuando-el-mono-gatica-se-accidento-en-la-curva-de-la-muerte-en-sanabria\/\",\"url\":\"http:\/\/elregionalvm.com.ar\/noticias-villa-maria\/historias-cuando-el-mono-gatica-se-accidento-en-la-curva-de-la-muerte-en-sanabria\/\",\"name\":\"[Historias] Cuando el \u201cMono\u201d Gatica se accident\u00f3 en la \u201ccurva de la muerte\u201d en Sanabria - El Regional\",\"isPartOf\":{\"@id\":\"http:\/\/elregionalvm.com.ar\/noticias-villa-maria\/#website\"},\"primaryImageOfPage\":{\"@id\":\"http:\/\/elregionalvm.com.ar\/noticias-villa-maria\/historias-cuando-el-mono-gatica-se-accidento-en-la-curva-de-la-muerte-en-sanabria\/#primaryimage\"},\"image\":{\"@id\":\"http:\/\/elregionalvm.com.ar\/noticias-villa-maria\/historias-cuando-el-mono-gatica-se-accidento-en-la-curva-de-la-muerte-en-sanabria\/#primaryimage\"},\"thumbnailUrl\":\"https:\/\/i0.wp.com\/elregionalvm.com.ar\/noticias-villa-maria\/wp-content\/uploads\/2021\/12\/Gatica-mujer-e-hija.jpg?fit=1200%2C923&ssl=1\",\"datePublished\":\"2021-12-27T03:31:54+00:00\",\"dateModified\":\"2021-12-29T02:54:09+00:00\",\"author\":{\"@id\":\"http:\/\/elregionalvm.com.ar\/noticias-villa-maria\/#\/schema\/person\/a0fb9c422317faca23d50163151bc354\"},\"description\":\"El c\u00e9lebre boxeador es recordado por el autor de la nota cuando tuvo un accidente en la curva de Sanabria. Luego, lo encontr\u00f3 una vez m\u00e1s.\",\"breadcrumb\":{\"@id\":\"http:\/\/elregionalvm.com.ar\/noticias-villa-maria\/historias-cuando-el-mono-gatica-se-accidento-en-la-curva-de-la-muerte-en-sanabria\/#breadcrumb\"},\"inLanguage\":\"es\",\"potentialAction\":[{\"@type\":\"ReadAction\",\"target\":[\"http:\/\/elregionalvm.com.ar\/noticias-villa-maria\/historias-cuando-el-mono-gatica-se-accidento-en-la-curva-de-la-muerte-en-sanabria\/\"]}]},{\"@type\":\"ImageObject\",\"inLanguage\":\"es\",\"@id\":\"http:\/\/elregionalvm.com.ar\/noticias-villa-maria\/historias-cuando-el-mono-gatica-se-accidento-en-la-curva-de-la-muerte-en-sanabria\/#primaryimage\",\"url\":\"https:\/\/i0.wp.com\/elregionalvm.com.ar\/noticias-villa-maria\/wp-content\/uploads\/2021\/12\/Gatica-mujer-e-hija.jpg?fit=1200%2C923&ssl=1\",\"contentUrl\":\"https:\/\/i0.wp.com\/elregionalvm.com.ar\/noticias-villa-maria\/wp-content\/uploads\/2021\/12\/Gatica-mujer-e-hija.jpg?fit=1200%2C923&ssl=1\",\"width\":1200,\"height\":923},{\"@type\":\"BreadcrumbList\",\"@id\":\"http:\/\/elregionalvm.com.ar\/noticias-villa-maria\/historias-cuando-el-mono-gatica-se-accidento-en-la-curva-de-la-muerte-en-sanabria\/#breadcrumb\",\"itemListElement\":[{\"@type\":\"ListItem\",\"position\":1,\"name\":\"Portada\",\"item\":\"https:\/\/elregionalvm.com.ar\/noticias-villa-maria\/\"},{\"@type\":\"ListItem\",\"position\":2,\"name\":\"[Historias] Cuando el \u201cMono\u201d Gatica se accident\u00f3 en la \u201ccurva de la muerte\u201d en Sanabria\"}]},{\"@type\":\"WebSite\",\"@id\":\"http:\/\/elregionalvm.com.ar\/noticias-villa-maria\/#website\",\"url\":\"http:\/\/elregionalvm.com.ar\/noticias-villa-maria\/\",\"name\":\"El Regional\",\"description\":\"Mucho m\u00e1s que informaci\u00f3n\",\"potentialAction\":[{\"@type\":\"SearchAction\",\"target\":{\"@type\":\"EntryPoint\",\"urlTemplate\":\"http:\/\/elregionalvm.com.ar\/noticias-villa-maria\/?s={search_term_string}\"},\"query-input\":{\"@type\":\"PropertyValueSpecification\",\"valueRequired\":true,\"valueName\":\"search_term_string\"}}],\"inLanguage\":\"es\"},{\"@type\":\"Person\",\"@id\":\"http:\/\/elregionalvm.com.ar\/noticias-villa-maria\/#\/schema\/person\/a0fb9c422317faca23d50163151bc354\",\"name\":\"Contenidos El Regional\",\"image\":{\"@type\":\"ImageObject\",\"inLanguage\":\"es\",\"@id\":\"http:\/\/elregionalvm.com.ar\/noticias-villa-maria\/#\/schema\/person\/image\/\",\"url\":\"https:\/\/secure.gravatar.com\/avatar\/265b27cb2209af7bb3a1318f03305787d7981a5cc6e6cd08fe5a4ecdf99d4b48?s=96&d=mm&r=g\",\"contentUrl\":\"https:\/\/secure.gravatar.com\/avatar\/265b27cb2209af7bb3a1318f03305787d7981a5cc6e6cd08fe5a4ecdf99d4b48?s=96&d=mm&r=g\",\"caption\":\"Contenidos El Regional\"},\"url\":\"https:\/\/elregionalvm.com.ar\/noticias-villa-maria\/author\/contenido\/\"}]}<\/script>\n<!-- \/ Yoast SEO plugin. -->","yoast_head_json":{"title":"[Historias] Cuando el \u201cMono\u201d Gatica se accident\u00f3 en la \u201ccurva de la muerte\u201d en Sanabria - El Regional","description":"El c\u00e9lebre boxeador es recordado por el autor de la nota cuando tuvo un accidente en la curva de Sanabria. Luego, lo encontr\u00f3 una vez m\u00e1s.","robots":{"index":"index","follow":"follow","max-snippet":"max-snippet:-1","max-image-preview":"max-image-preview:large","max-video-preview":"max-video-preview:-1"},"canonical":"http:\/\/elregionalvm.com.ar\/noticias-villa-maria\/historias-cuando-el-mono-gatica-se-accidento-en-la-curva-de-la-muerte-en-sanabria\/","og_locale":"es_ES","og_type":"article","og_title":"[Historias] Cuando el \u201cMono\u201d Gatica se accident\u00f3 en la \u201ccurva de la muerte\u201d en Sanabria - El Regional","og_description":"El c\u00e9lebre boxeador es recordado por el autor de la nota cuando tuvo un accidente en la curva de Sanabria. Luego, lo encontr\u00f3 una vez m\u00e1s.","og_url":"http:\/\/elregionalvm.com.ar\/noticias-villa-maria\/historias-cuando-el-mono-gatica-se-accidento-en-la-curva-de-la-muerte-en-sanabria\/","og_site_name":"El Regional","article_publisher":"https:\/\/www.facebook.com\/elregionalvm","article_published_time":"2021-12-27T03:31:54+00:00","article_modified_time":"2021-12-29T02:54:09+00:00","og_image":[{"width":1200,"height":923,"url":"http:\/\/elregionalvm.com.ar\/noticias-villa-maria\/wp-content\/uploads\/2021\/12\/Gatica-mujer-e-hija.jpg","type":"image\/jpeg"}],"author":"Contenidos El Regional","twitter_card":"summary_large_image","twitter_creator":"@elregionalvm1","twitter_site":"@elregionalvm1","twitter_misc":{"Escrito por":"Contenidos El Regional","Tiempo de lectura":"5 minutos"},"schema":{"@context":"https:\/\/schema.org","@graph":[{"@type":"Article","@id":"http:\/\/elregionalvm.com.ar\/noticias-villa-maria\/historias-cuando-el-mono-gatica-se-accidento-en-la-curva-de-la-muerte-en-sanabria\/#article","isPartOf":{"@id":"http:\/\/elregionalvm.com.ar\/noticias-villa-maria\/historias-cuando-el-mono-gatica-se-accidento-en-la-curva-de-la-muerte-en-sanabria\/"},"author":{"name":"Contenidos El Regional","@id":"http:\/\/elregionalvm.com.ar\/noticias-villa-maria\/#\/schema\/person\/a0fb9c422317faca23d50163151bc354"},"headline":"[Historias] Cuando el \u201cMono\u201d Gatica se accident\u00f3 en la \u201ccurva de la muerte\u201d en Sanabria","datePublished":"2021-12-27T03:31:54+00:00","dateModified":"2021-12-29T02:54:09+00:00","mainEntityOfPage":{"@id":"http:\/\/elregionalvm.com.ar\/noticias-villa-maria\/historias-cuando-el-mono-gatica-se-accidento-en-la-curva-de-la-muerte-en-sanabria\/"},"wordCount":937,"commentCount":2,"image":{"@id":"http:\/\/elregionalvm.com.ar\/noticias-villa-maria\/historias-cuando-el-mono-gatica-se-accidento-en-la-curva-de-la-muerte-en-sanabria\/#primaryimage"},"thumbnailUrl":"https:\/\/i0.wp.com\/elregionalvm.com.ar\/noticias-villa-maria\/wp-content\/uploads\/2021\/12\/Gatica-mujer-e-hija.jpg?fit=1200%2C923&ssl=1","keywords":["Accidentes","boxeo","Curva de la Muerte","El Gr\u00e1fico","Escuela Jos\u00e9 Bianco","Ferrocarril","historias","Julio Ben\u00edtez","Mono Gatica","Per\u00f3n","Sanabria"],"articleSection":["Historias","tercera"],"inLanguage":"es","potentialAction":[{"@type":"CommentAction","name":"Comment","target":["http:\/\/elregionalvm.com.ar\/noticias-villa-maria\/historias-cuando-el-mono-gatica-se-accidento-en-la-curva-de-la-muerte-en-sanabria\/#respond"]}]},{"@type":"WebPage","@id":"http:\/\/elregionalvm.com.ar\/noticias-villa-maria\/historias-cuando-el-mono-gatica-se-accidento-en-la-curva-de-la-muerte-en-sanabria\/","url":"http:\/\/elregionalvm.com.ar\/noticias-villa-maria\/historias-cuando-el-mono-gatica-se-accidento-en-la-curva-de-la-muerte-en-sanabria\/","name":"[Historias] Cuando el \u201cMono\u201d Gatica se accident\u00f3 en la \u201ccurva de la muerte\u201d en Sanabria - El Regional","isPartOf":{"@id":"http:\/\/elregionalvm.com.ar\/noticias-villa-maria\/#website"},"primaryImageOfPage":{"@id":"http:\/\/elregionalvm.com.ar\/noticias-villa-maria\/historias-cuando-el-mono-gatica-se-accidento-en-la-curva-de-la-muerte-en-sanabria\/#primaryimage"},"image":{"@id":"http:\/\/elregionalvm.com.ar\/noticias-villa-maria\/historias-cuando-el-mono-gatica-se-accidento-en-la-curva-de-la-muerte-en-sanabria\/#primaryimage"},"thumbnailUrl":"https:\/\/i0.wp.com\/elregionalvm.com.ar\/noticias-villa-maria\/wp-content\/uploads\/2021\/12\/Gatica-mujer-e-hija.jpg?fit=1200%2C923&ssl=1","datePublished":"2021-12-27T03:31:54+00:00","dateModified":"2021-12-29T02:54:09+00:00","author":{"@id":"http:\/\/elregionalvm.com.ar\/noticias-villa-maria\/#\/schema\/person\/a0fb9c422317faca23d50163151bc354"},"description":"El c\u00e9lebre boxeador es recordado por el autor de la nota cuando tuvo un accidente en la curva de Sanabria. Luego, lo encontr\u00f3 una vez m\u00e1s.","breadcrumb":{"@id":"http:\/\/elregionalvm.com.ar\/noticias-villa-maria\/historias-cuando-el-mono-gatica-se-accidento-en-la-curva-de-la-muerte-en-sanabria\/#breadcrumb"},"inLanguage":"es","potentialAction":[{"@type":"ReadAction","target":["http:\/\/elregionalvm.com.ar\/noticias-villa-maria\/historias-cuando-el-mono-gatica-se-accidento-en-la-curva-de-la-muerte-en-sanabria\/"]}]},{"@type":"ImageObject","inLanguage":"es","@id":"http:\/\/elregionalvm.com.ar\/noticias-villa-maria\/historias-cuando-el-mono-gatica-se-accidento-en-la-curva-de-la-muerte-en-sanabria\/#primaryimage","url":"https:\/\/i0.wp.com\/elregionalvm.com.ar\/noticias-villa-maria\/wp-content\/uploads\/2021\/12\/Gatica-mujer-e-hija.jpg?fit=1200%2C923&ssl=1","contentUrl":"https:\/\/i0.wp.com\/elregionalvm.com.ar\/noticias-villa-maria\/wp-content\/uploads\/2021\/12\/Gatica-mujer-e-hija.jpg?fit=1200%2C923&ssl=1","width":1200,"height":923},{"@type":"BreadcrumbList","@id":"http:\/\/elregionalvm.com.ar\/noticias-villa-maria\/historias-cuando-el-mono-gatica-se-accidento-en-la-curva-de-la-muerte-en-sanabria\/#breadcrumb","itemListElement":[{"@type":"ListItem","position":1,"name":"Portada","item":"https:\/\/elregionalvm.com.ar\/noticias-villa-maria\/"},{"@type":"ListItem","position":2,"name":"[Historias] Cuando el \u201cMono\u201d Gatica se accident\u00f3 en la \u201ccurva de la muerte\u201d en Sanabria"}]},{"@type":"WebSite","@id":"http:\/\/elregionalvm.com.ar\/noticias-villa-maria\/#website","url":"http:\/\/elregionalvm.com.ar\/noticias-villa-maria\/","name":"El Regional","description":"Mucho m\u00e1s que informaci\u00f3n","potentialAction":[{"@type":"SearchAction","target":{"@type":"EntryPoint","urlTemplate":"http:\/\/elregionalvm.com.ar\/noticias-villa-maria\/?s={search_term_string}"},"query-input":{"@type":"PropertyValueSpecification","valueRequired":true,"valueName":"search_term_string"}}],"inLanguage":"es"},{"@type":"Person","@id":"http:\/\/elregionalvm.com.ar\/noticias-villa-maria\/#\/schema\/person\/a0fb9c422317faca23d50163151bc354","name":"Contenidos El Regional","image":{"@type":"ImageObject","inLanguage":"es","@id":"http:\/\/elregionalvm.com.ar\/noticias-villa-maria\/#\/schema\/person\/image\/","url":"https:\/\/secure.gravatar.com\/avatar\/265b27cb2209af7bb3a1318f03305787d7981a5cc6e6cd08fe5a4ecdf99d4b48?s=96&d=mm&r=g","contentUrl":"https:\/\/secure.gravatar.com\/avatar\/265b27cb2209af7bb3a1318f03305787d7981a5cc6e6cd08fe5a4ecdf99d4b48?s=96&d=mm&r=g","caption":"Contenidos El Regional"},"url":"https:\/\/elregionalvm.com.ar\/noticias-villa-maria\/author\/contenido\/"}]}},"jetpack_featured_media_url":"https:\/\/i0.wp.com\/elregionalvm.com.ar\/noticias-villa-maria\/wp-content\/uploads\/2021\/12\/Gatica-mujer-e-hija.jpg?fit=1200%2C923&ssl=1","jetpack_sharing_enabled":true,"_links":{"self":[{"href":"https:\/\/elregionalvm.com.ar\/noticias-villa-maria\/wp-json\/wp\/v2\/posts\/50282","targetHints":{"allow":["GET"]}}],"collection":[{"href":"https:\/\/elregionalvm.com.ar\/noticias-villa-maria\/wp-json\/wp\/v2\/posts"}],"about":[{"href":"https:\/\/elregionalvm.com.ar\/noticias-villa-maria\/wp-json\/wp\/v2\/types\/post"}],"author":[{"embeddable":true,"href":"https:\/\/elregionalvm.com.ar\/noticias-villa-maria\/wp-json\/wp\/v2\/users\/4"}],"replies":[{"embeddable":true,"href":"https:\/\/elregionalvm.com.ar\/noticias-villa-maria\/wp-json\/wp\/v2\/comments?post=50282"}],"version-history":[{"count":1,"href":"https:\/\/elregionalvm.com.ar\/noticias-villa-maria\/wp-json\/wp\/v2\/posts\/50282\/revisions"}],"predecessor-version":[{"id":50290,"href":"https:\/\/elregionalvm.com.ar\/noticias-villa-maria\/wp-json\/wp\/v2\/posts\/50282\/revisions\/50290"}],"wp:featuredmedia":[{"embeddable":true,"href":"https:\/\/elregionalvm.com.ar\/noticias-villa-maria\/wp-json\/wp\/v2\/media\/50285"}],"wp:attachment":[{"href":"https:\/\/elregionalvm.com.ar\/noticias-villa-maria\/wp-json\/wp\/v2\/media?parent=50282"}],"wp:term":[{"taxonomy":"category","embeddable":true,"href":"https:\/\/elregionalvm.com.ar\/noticias-villa-maria\/wp-json\/wp\/v2\/categories?post=50282"},{"taxonomy":"post_tag","embeddable":true,"href":"https:\/\/elregionalvm.com.ar\/noticias-villa-maria\/wp-json\/wp\/v2\/tags?post=50282"}],"curies":[{"name":"wp","href":"https:\/\/api.w.org\/{rel}","templated":true}]}}