{"id":50291,"date":"2021-12-27T04:18:07","date_gmt":"2021-12-27T04:18:07","guid":{"rendered":"https:\/\/elregionalvm.com.ar\/noticias-villa-maria\/?p=50291"},"modified":"2021-12-28T04:27:19","modified_gmt":"2021-12-28T04:27:19","slug":"verano-incierto-vuelven-las-restricciones-ante-el-aumento-de-casos","status":"publish","type":"post","link":"https:\/\/elregionalvm.com.ar\/noticias-villa-maria\/verano-incierto-vuelven-las-restricciones-ante-el-aumento-de-casos\/","title":{"rendered":"Verano incierto: Vuelven las restricciones ante el aumento de casos"},"content":{"rendered":"\n<p><\/p>\n\n\n\n<p>El escenario menos esperado hace tambalear el movimiento social, cultural, tur\u00edstico y comercial que despierta la temporada de verano.<\/p>\n\n\n\n<p>Con una previa marcada por el alto nivel de reservas en los distintos destinos para vacacionar, el incremento de los casos en los \u00faltimos d\u00edas tanto con la capital cordobesa como en el interior provincial siembra un manto de incertidumbre respecto del rumbo que tomar\u00e1 la temporada.<\/p>\n\n\n\n<p>El avance de la cepa Omicron y su amenaza de mayor celeridad en los contagios que se producen en un contexto de encuentros masivos propiciados por la \u00e9poca estival, llev\u00f3 a las autoridades pol\u00edticas y sanitarias a tomar nuevas medidas que comenzar\u00e1n a aplicarse desde hoy lunes 27 de diciembre.<\/p>\n\n\n\n<p>C\u00f3rdoba se convirti\u00f3 en este domingo la provincia con mayor cantidad de casos de la enfermedad. En Villa Mar\u00eda, se notific\u00f3 52 nuevos casos positivos, una cifra que marca la tendencia a la suba de contagios desde hace mas de una semana. En total, hay 281 personas cursando la enfermedad, seg\u00fan datos oficiales.<\/p>\n\n\n\n<p>En Villa Nueva tambi\u00e9n se observa un crecimiento en los nuevos casos. Este domingo se inform\u00f3 11 contagios y 113 casos en total hasta el momento.<\/p>\n\n\n\n<p><\/p>\n\n\n\n<figure class=\"wp-block-image size-large\"><img data-recalc-dims=\"1\" fetchpriority=\"high\" decoding=\"async\" width=\"1024\" height=\"682\" src=\"https:\/\/i0.wp.com\/elregionalvm.com.ar\/noticias-villa-maria\/wp-content\/uploads\/2021\/12\/Testeos-Centro-Leonardo-Favio-Covid.jpeg?resize=1024%2C682&#038;ssl=1\" alt=\"\" class=\"wp-image-50292\" srcset=\"https:\/\/i0.wp.com\/elregionalvm.com.ar\/noticias-villa-maria\/wp-content\/uploads\/2021\/12\/Testeos-Centro-Leonardo-Favio-Covid.jpeg?resize=1024%2C682&amp;ssl=1 1024w, https:\/\/i0.wp.com\/elregionalvm.com.ar\/noticias-villa-maria\/wp-content\/uploads\/2021\/12\/Testeos-Centro-Leonardo-Favio-Covid.jpeg?resize=300%2C200&amp;ssl=1 300w, https:\/\/i0.wp.com\/elregionalvm.com.ar\/noticias-villa-maria\/wp-content\/uploads\/2021\/12\/Testeos-Centro-Leonardo-Favio-Covid.jpeg?resize=768%2C512&amp;ssl=1 768w, https:\/\/i0.wp.com\/elregionalvm.com.ar\/noticias-villa-maria\/wp-content\/uploads\/2021\/12\/Testeos-Centro-Leonardo-Favio-Covid.jpeg?w=1280&amp;ssl=1 1280w\" sizes=\"(max-width: 1000px) 100vw, 1000px\" \/><figcaption><em>La cantidad de testeos se ha incrementado en la \u00faltima semana en Villa Mar\u00eda y el resto de la provincia. <\/em><\/figcaption><\/figure>\n\n\n\n<p><\/p>\n\n\n\n<p><strong>Suspensiones de eventos masivos<\/strong><\/p>\n\n\n\n<p>A la obligatoriedad del pasaporte sanitario (certificado de vacunaci\u00f3n contra Covid 19), en conjunto con los foros de intendentes se dispuso la suspensi\u00f3n de eventos masivos hasta el 4 de enero de 2022 inclusive.<\/p>\n\n\n\n<p>La medida que lleg\u00f3 tras los festejos navide\u00f1os abarca a \u201clos eventos masivos y\/o extraordinarios, tanto en espacios abiertos como cerrados p\u00fablicos como privados: recitales, festivales, bailes, discotecas y\/o boliches\u201d.<\/p>\n\n\n\n<p>Adem\u00e1s, se determin\u00f3 un aforo m\u00e1ximo de 300 personas para los salones de eventos.<\/p>\n\n\n\n<p>Las restricciones asoman en un momento cuando se aprestan a lanzar los grandes festivales de la provincia y se prev\u00e9n eventos masivos por los festejos navide\u00f1os y de A\u00f1o Nuevo.<\/p>\n\n\n\n<p>Habr\u00e1 que esperar el desarrollo de la situaci\u00f3n sanitaria hasta el 4 de enero para saber cu\u00e1l puede ser el futuro de este tipo de actividades masivas y populares.<\/p>\n\n\n\n<p><strong>Dosis al cuarto mes<\/strong><\/p>\n\n\n\n<p>Por otro lado, tambi\u00e9n se dispuso que desde este lunes 27 se podr\u00e1n colocar la dosis adicional las personas mayores de 60 a\u00f1os e integrantes de equipos de Salud al cuarto mes de haber completado el esquema de vacunaci\u00f3n.<\/p>\n\n\n\n<p>Es decir, quienes hayan cumplido 120 d\u00edas de recibido la segunda dosis.<\/p>\n\n\n\n<p><\/p>\n\n\n\n<figure class=\"wp-block-image size-large\"><img data-recalc-dims=\"1\" decoding=\"async\" width=\"1024\" height=\"683\" src=\"https:\/\/i0.wp.com\/elregionalvm.com.ar\/noticias-villa-maria\/wp-content\/uploads\/2021\/08\/vacunacion-cba.jpeg?resize=1024%2C683&#038;ssl=1\" alt=\"\" class=\"wp-image-43241\" srcset=\"https:\/\/i0.wp.com\/elregionalvm.com.ar\/noticias-villa-maria\/wp-content\/uploads\/2021\/08\/vacunacion-cba.jpeg?resize=1024%2C683&amp;ssl=1 1024w, https:\/\/i0.wp.com\/elregionalvm.com.ar\/noticias-villa-maria\/wp-content\/uploads\/2021\/08\/vacunacion-cba.jpeg?resize=300%2C200&amp;ssl=1 300w, https:\/\/i0.wp.com\/elregionalvm.com.ar\/noticias-villa-maria\/wp-content\/uploads\/2021\/08\/vacunacion-cba.jpeg?resize=768%2C512&amp;ssl=1 768w, https:\/\/i0.wp.com\/elregionalvm.com.ar\/noticias-villa-maria\/wp-content\/uploads\/2021\/08\/vacunacion-cba.jpeg?w=1200&amp;ssl=1 1200w\" sizes=\"(max-width: 1000px) 100vw, 1000px\" \/><figcaption><em>La tercera dosis de refuerzo podr\u00e1 ser colocada con 4 meses de plazo luego de haber recibido la segunda dosis. <\/em><\/figcaption><\/figure>\n\n\n\n<p><\/p>\n\n\n\n<p>Hasta ahora, se deb\u00eda esperar cinco meses luego de haber recibido la segunda dosis para poder ser inmunizados con la tercera.<\/p>\n\n\n\n<p>En este caso, los mayores de 60 a\u00f1os y personal de salud podr\u00e1n asistir sin turno previo desde ma\u00f1ana, lunes, a colocarse la dosis de refuerzo a los vacunatorios habilitados.<\/p>\n","protected":false},"excerpt":{"rendered":"<p>El escenario menos esperado hace tambalear el movimiento social, cultural, tur\u00edstico y comercial que despierta la temporada de verano. Con una previa marcada por el alto nivel de reservas en los distintos destinos para vacacionar, el incremento de los casos en los \u00faltimos d\u00edas tanto con la capital cordobesa como en el interior provincial siembra [&hellip;]<\/p>\n","protected":false},"author":4,"featured_media":50294,"comment_status":"open","ping_status":"open","sticky":false,"template":"","format":"standard","meta":{"site-sidebar-layout":"default","site-content-layout":"default","ast-site-content-layout":"default","site-content-style":"default","site-sidebar-style":"default","ast-global-header-display":"","ast-banner-title-visibility":"","ast-main-header-display":"","ast-hfb-above-header-display":"","ast-hfb-below-header-display":"","ast-hfb-mobile-header-display":"","site-post-title":"","ast-breadcrumbs-content":"","ast-featured-img":"","footer-sml-layout":"","ast-disable-related-posts":"","theme-transparent-header-meta":"default","adv-header-id-meta":"","stick-header-meta":"","header-above-stick-meta":"","header-main-stick-meta":"","header-below-stick-meta":"","astra-migrate-meta-layouts":"default","ast-page-background-enabled":"default","ast-page-background-meta":{"desktop":{"background-color":"","background-image":"","background-repeat":"repeat","background-position":"center center","background-size":"auto","background-attachment":"scroll","background-type":"","background-media":"","overlay-type":"","overlay-color":"","overlay-opacity":"","overlay-gradient":""},"tablet":{"background-color":"","background-image":"","background-repeat":"repeat","background-position":"center center","background-size":"auto","background-attachment":"scroll","background-type":"","background-media":"","overlay-type":"","overlay-color":"","overlay-opacity":"","overlay-gradient":""},"mobile":{"background-color":"","background-image":"","background-repeat":"repeat","background-position":"center center","background-size":"auto","background-attachment":"scroll","background-type":"","background-media":"","overlay-type":"","overlay-color":"","overlay-opacity":"","overlay-gradient":""}},"ast-content-background-meta":{"desktop":{"background-color":"var(--ast-global-color-5)","background-image":"","background-repeat":"repeat","background-position":"center center","background-size":"auto","background-attachment":"scroll","background-type":"","background-media":"","overlay-type":"","overlay-color":"","overlay-opacity":"","overlay-gradient":""},"tablet":{"background-color":"var(--ast-global-color-5)","background-image":"","background-repeat":"repeat","background-position":"center center","background-size":"auto","background-attachment":"scroll","background-type":"","background-media":"","overlay-type":"","overlay-color":"","overlay-opacity":"","overlay-gradient":""},"mobile":{"background-color":"var(--ast-global-color-5)","background-image":"","background-repeat":"repeat","background-position":"center center","background-size":"auto","background-attachment":"scroll","background-type":"","background-media":"","overlay-type":"","overlay-color":"","overlay-opacity":"","overlay-gradient":""}},"_jetpack_memberships_contains_paid_content":false,"_joinchat":[],"footnotes":""},"categories":[2256,5,3557,2],"tags":[2865,12988,3042,2403,2550,7285,1236],"class_list":["post-50291","post","type-post","status-publish","format-standard","has-post-thumbnail","hentry","category-coronavirus","category-sociedad","category-tercera","category-villa-maria","tag-covid-19-2","tag-eventos-masivos","tag-medidas-sanitarias","tag-provincia-de-cordoba","tag-restricciones","tag-vacunacion-covid","tag-verano"],"yoast_head":"<!-- This site is optimized with the Yoast SEO plugin v26.8 - https:\/\/yoast.com\/product\/yoast-seo-wordpress\/ -->\n<title>Verano incierto: Vuelven las restricciones ante el aumento de casos - El Regional<\/title>\n<meta name=\"description\" content=\"El contexto sanitario actual lev\u00f3 a las autoridades a tomar nuevas medidas que comenzar\u00e1n a aplicarse desde hoy lunes 27 de diciembre.\" \/>\n<meta name=\"robots\" content=\"index, follow, max-snippet:-1, max-image-preview:large, max-video-preview:-1\" \/>\n<link rel=\"canonical\" href=\"http:\/\/elregionalvm.com.ar\/noticias-villa-maria\/verano-incierto-vuelven-las-restricciones-ante-el-aumento-de-casos\/\" \/>\n<meta property=\"og:locale\" content=\"es_ES\" \/>\n<meta property=\"og:type\" content=\"article\" \/>\n<meta property=\"og:title\" content=\"Verano incierto: Vuelven las restricciones ante el aumento de casos - El Regional\" \/>\n<meta property=\"og:description\" content=\"El contexto sanitario actual lev\u00f3 a las autoridades a tomar nuevas medidas que comenzar\u00e1n a aplicarse desde hoy lunes 27 de diciembre.\" \/>\n<meta property=\"og:url\" content=\"http:\/\/elregionalvm.com.ar\/noticias-villa-maria\/verano-incierto-vuelven-las-restricciones-ante-el-aumento-de-casos\/\" \/>\n<meta property=\"og:site_name\" content=\"El Regional\" \/>\n<meta property=\"article:publisher\" content=\"https:\/\/www.facebook.com\/elregionalvm\" \/>\n<meta property=\"article:published_time\" content=\"2021-12-27T04:18:07+00:00\" \/>\n<meta property=\"article:modified_time\" content=\"2021-12-28T04:27:19+00:00\" \/>\n<meta property=\"og:image\" content=\"http:\/\/elregionalvm.com.ar\/noticias-villa-maria\/wp-content\/uploads\/2021\/12\/Recital-evento-prohibido-Cordoba-vertical.jpg\" \/>\n\t<meta property=\"og:image:width\" content=\"1133\" \/>\n\t<meta property=\"og:image:height\" content=\"1499\" \/>\n\t<meta property=\"og:image:type\" content=\"image\/jpeg\" \/>\n<meta name=\"author\" content=\"Contenidos El Regional\" \/>\n<meta name=\"twitter:card\" content=\"summary_large_image\" \/>\n<meta name=\"twitter:creator\" content=\"@elregionalvm1\" \/>\n<meta name=\"twitter:site\" content=\"@elregionalvm1\" \/>\n<meta name=\"twitter:label1\" content=\"Escrito por\" \/>\n\t<meta name=\"twitter:data1\" content=\"Contenidos El Regional\" \/>\n\t<meta name=\"twitter:label2\" content=\"Tiempo de lectura\" \/>\n\t<meta name=\"twitter:data2\" content=\"3 minutos\" \/>\n<script type=\"application\/ld+json\" class=\"yoast-schema-graph\">{\"@context\":\"https:\/\/schema.org\",\"@graph\":[{\"@type\":\"Article\",\"@id\":\"http:\/\/elregionalvm.com.ar\/noticias-villa-maria\/verano-incierto-vuelven-las-restricciones-ante-el-aumento-de-casos\/#article\",\"isPartOf\":{\"@id\":\"http:\/\/elregionalvm.com.ar\/noticias-villa-maria\/verano-incierto-vuelven-las-restricciones-ante-el-aumento-de-casos\/\"},\"author\":{\"name\":\"Contenidos El Regional\",\"@id\":\"http:\/\/elregionalvm.com.ar\/noticias-villa-maria\/#\/schema\/person\/a0fb9c422317faca23d50163151bc354\"},\"headline\":\"Verano incierto: Vuelven las restricciones ante el aumento de casos\",\"datePublished\":\"2021-12-27T04:18:07+00:00\",\"dateModified\":\"2021-12-28T04:27:19+00:00\",\"mainEntityOfPage\":{\"@id\":\"http:\/\/elregionalvm.com.ar\/noticias-villa-maria\/verano-incierto-vuelven-las-restricciones-ante-el-aumento-de-casos\/\"},\"wordCount\":508,\"commentCount\":0,\"image\":{\"@id\":\"http:\/\/elregionalvm.com.ar\/noticias-villa-maria\/verano-incierto-vuelven-las-restricciones-ante-el-aumento-de-casos\/#primaryimage\"},\"thumbnailUrl\":\"https:\/\/i0.wp.com\/elregionalvm.com.ar\/noticias-villa-maria\/wp-content\/uploads\/2021\/12\/Recital-evento-prohibido-Cordoba-vertical.jpg?fit=1133%2C1499&ssl=1\",\"keywords\":[\"Covid 19\",\"eventos masivos\",\"Medidas sanitarias\",\"Provincia de C\u00f3rdoba\",\"Restricciones\",\"vacunaci\u00f3n Covid\",\"verano\"],\"articleSection\":[\"Coronavirus\",\"Sociedad\",\"tercera\",\"Villa Mar\u00eda\"],\"inLanguage\":\"es\",\"potentialAction\":[{\"@type\":\"CommentAction\",\"name\":\"Comment\",\"target\":[\"http:\/\/elregionalvm.com.ar\/noticias-villa-maria\/verano-incierto-vuelven-las-restricciones-ante-el-aumento-de-casos\/#respond\"]}]},{\"@type\":\"WebPage\",\"@id\":\"http:\/\/elregionalvm.com.ar\/noticias-villa-maria\/verano-incierto-vuelven-las-restricciones-ante-el-aumento-de-casos\/\",\"url\":\"http:\/\/elregionalvm.com.ar\/noticias-villa-maria\/verano-incierto-vuelven-las-restricciones-ante-el-aumento-de-casos\/\",\"name\":\"Verano incierto: Vuelven las restricciones ante el aumento de casos - El Regional\",\"isPartOf\":{\"@id\":\"http:\/\/elregionalvm.com.ar\/noticias-villa-maria\/#website\"},\"primaryImageOfPage\":{\"@id\":\"http:\/\/elregionalvm.com.ar\/noticias-villa-maria\/verano-incierto-vuelven-las-restricciones-ante-el-aumento-de-casos\/#primaryimage\"},\"image\":{\"@id\":\"http:\/\/elregionalvm.com.ar\/noticias-villa-maria\/verano-incierto-vuelven-las-restricciones-ante-el-aumento-de-casos\/#primaryimage\"},\"thumbnailUrl\":\"https:\/\/i0.wp.com\/elregionalvm.com.ar\/noticias-villa-maria\/wp-content\/uploads\/2021\/12\/Recital-evento-prohibido-Cordoba-vertical.jpg?fit=1133%2C1499&ssl=1\",\"datePublished\":\"2021-12-27T04:18:07+00:00\",\"dateModified\":\"2021-12-28T04:27:19+00:00\",\"author\":{\"@id\":\"http:\/\/elregionalvm.com.ar\/noticias-villa-maria\/#\/schema\/person\/a0fb9c422317faca23d50163151bc354\"},\"description\":\"El contexto sanitario actual lev\u00f3 a las autoridades a tomar nuevas medidas que comenzar\u00e1n a aplicarse desde hoy lunes 27 de diciembre.\",\"breadcrumb\":{\"@id\":\"http:\/\/elregionalvm.com.ar\/noticias-villa-maria\/verano-incierto-vuelven-las-restricciones-ante-el-aumento-de-casos\/#breadcrumb\"},\"inLanguage\":\"es\",\"potentialAction\":[{\"@type\":\"ReadAction\",\"target\":[\"http:\/\/elregionalvm.com.ar\/noticias-villa-maria\/verano-incierto-vuelven-las-restricciones-ante-el-aumento-de-casos\/\"]}]},{\"@type\":\"ImageObject\",\"inLanguage\":\"es\",\"@id\":\"http:\/\/elregionalvm.com.ar\/noticias-villa-maria\/verano-incierto-vuelven-las-restricciones-ante-el-aumento-de-casos\/#primaryimage\",\"url\":\"https:\/\/i0.wp.com\/elregionalvm.com.ar\/noticias-villa-maria\/wp-content\/uploads\/2021\/12\/Recital-evento-prohibido-Cordoba-vertical.jpg?fit=1133%2C1499&ssl=1\",\"contentUrl\":\"https:\/\/i0.wp.com\/elregionalvm.com.ar\/noticias-villa-maria\/wp-content\/uploads\/2021\/12\/Recital-evento-prohibido-Cordoba-vertical.jpg?fit=1133%2C1499&ssl=1\",\"width\":1133,\"height\":1499},{\"@type\":\"BreadcrumbList\",\"@id\":\"http:\/\/elregionalvm.com.ar\/noticias-villa-maria\/verano-incierto-vuelven-las-restricciones-ante-el-aumento-de-casos\/#breadcrumb\",\"itemListElement\":[{\"@type\":\"ListItem\",\"position\":1,\"name\":\"Portada\",\"item\":\"https:\/\/elregionalvm.com.ar\/noticias-villa-maria\/\"},{\"@type\":\"ListItem\",\"position\":2,\"name\":\"Verano incierto: Vuelven las restricciones ante el aumento de casos\"}]},{\"@type\":\"WebSite\",\"@id\":\"http:\/\/elregionalvm.com.ar\/noticias-villa-maria\/#website\",\"url\":\"http:\/\/elregionalvm.com.ar\/noticias-villa-maria\/\",\"name\":\"El Regional\",\"description\":\"Mucho m\u00e1s que informaci\u00f3n\",\"potentialAction\":[{\"@type\":\"SearchAction\",\"target\":{\"@type\":\"EntryPoint\",\"urlTemplate\":\"http:\/\/elregionalvm.com.ar\/noticias-villa-maria\/?s={search_term_string}\"},\"query-input\":{\"@type\":\"PropertyValueSpecification\",\"valueRequired\":true,\"valueName\":\"search_term_string\"}}],\"inLanguage\":\"es\"},{\"@type\":\"Person\",\"@id\":\"http:\/\/elregionalvm.com.ar\/noticias-villa-maria\/#\/schema\/person\/a0fb9c422317faca23d50163151bc354\",\"name\":\"Contenidos El Regional\",\"image\":{\"@type\":\"ImageObject\",\"inLanguage\":\"es\",\"@id\":\"http:\/\/elregionalvm.com.ar\/noticias-villa-maria\/#\/schema\/person\/image\/\",\"url\":\"https:\/\/secure.gravatar.com\/avatar\/265b27cb2209af7bb3a1318f03305787d7981a5cc6e6cd08fe5a4ecdf99d4b48?s=96&d=mm&r=g\",\"contentUrl\":\"https:\/\/secure.gravatar.com\/avatar\/265b27cb2209af7bb3a1318f03305787d7981a5cc6e6cd08fe5a4ecdf99d4b48?s=96&d=mm&r=g\",\"caption\":\"Contenidos El Regional\"},\"url\":\"https:\/\/elregionalvm.com.ar\/noticias-villa-maria\/author\/contenido\/\"}]}<\/script>\n<!-- \/ Yoast SEO plugin. -->","yoast_head_json":{"title":"Verano incierto: Vuelven las restricciones ante el aumento de casos - El Regional","description":"El contexto sanitario actual lev\u00f3 a las autoridades a tomar nuevas medidas que comenzar\u00e1n a aplicarse desde hoy lunes 27 de diciembre.","robots":{"index":"index","follow":"follow","max-snippet":"max-snippet:-1","max-image-preview":"max-image-preview:large","max-video-preview":"max-video-preview:-1"},"canonical":"http:\/\/elregionalvm.com.ar\/noticias-villa-maria\/verano-incierto-vuelven-las-restricciones-ante-el-aumento-de-casos\/","og_locale":"es_ES","og_type":"article","og_title":"Verano incierto: Vuelven las restricciones ante el aumento de casos - El Regional","og_description":"El contexto sanitario actual lev\u00f3 a las autoridades a tomar nuevas medidas que comenzar\u00e1n a aplicarse desde hoy lunes 27 de diciembre.","og_url":"http:\/\/elregionalvm.com.ar\/noticias-villa-maria\/verano-incierto-vuelven-las-restricciones-ante-el-aumento-de-casos\/","og_site_name":"El Regional","article_publisher":"https:\/\/www.facebook.com\/elregionalvm","article_published_time":"2021-12-27T04:18:07+00:00","article_modified_time":"2021-12-28T04:27:19+00:00","og_image":[{"width":1133,"height":1499,"url":"http:\/\/elregionalvm.com.ar\/noticias-villa-maria\/wp-content\/uploads\/2021\/12\/Recital-evento-prohibido-Cordoba-vertical.jpg","type":"image\/jpeg"}],"author":"Contenidos El Regional","twitter_card":"summary_large_image","twitter_creator":"@elregionalvm1","twitter_site":"@elregionalvm1","twitter_misc":{"Escrito por":"Contenidos El Regional","Tiempo de lectura":"3 minutos"},"schema":{"@context":"https:\/\/schema.org","@graph":[{"@type":"Article","@id":"http:\/\/elregionalvm.com.ar\/noticias-villa-maria\/verano-incierto-vuelven-las-restricciones-ante-el-aumento-de-casos\/#article","isPartOf":{"@id":"http:\/\/elregionalvm.com.ar\/noticias-villa-maria\/verano-incierto-vuelven-las-restricciones-ante-el-aumento-de-casos\/"},"author":{"name":"Contenidos El Regional","@id":"http:\/\/elregionalvm.com.ar\/noticias-villa-maria\/#\/schema\/person\/a0fb9c422317faca23d50163151bc354"},"headline":"Verano incierto: Vuelven las restricciones ante el aumento de casos","datePublished":"2021-12-27T04:18:07+00:00","dateModified":"2021-12-28T04:27:19+00:00","mainEntityOfPage":{"@id":"http:\/\/elregionalvm.com.ar\/noticias-villa-maria\/verano-incierto-vuelven-las-restricciones-ante-el-aumento-de-casos\/"},"wordCount":508,"commentCount":0,"image":{"@id":"http:\/\/elregionalvm.com.ar\/noticias-villa-maria\/verano-incierto-vuelven-las-restricciones-ante-el-aumento-de-casos\/#primaryimage"},"thumbnailUrl":"https:\/\/i0.wp.com\/elregionalvm.com.ar\/noticias-villa-maria\/wp-content\/uploads\/2021\/12\/Recital-evento-prohibido-Cordoba-vertical.jpg?fit=1133%2C1499&ssl=1","keywords":["Covid 19","eventos masivos","Medidas sanitarias","Provincia de C\u00f3rdoba","Restricciones","vacunaci\u00f3n Covid","verano"],"articleSection":["Coronavirus","Sociedad","tercera","Villa Mar\u00eda"],"inLanguage":"es","potentialAction":[{"@type":"CommentAction","name":"Comment","target":["http:\/\/elregionalvm.com.ar\/noticias-villa-maria\/verano-incierto-vuelven-las-restricciones-ante-el-aumento-de-casos\/#respond"]}]},{"@type":"WebPage","@id":"http:\/\/elregionalvm.com.ar\/noticias-villa-maria\/verano-incierto-vuelven-las-restricciones-ante-el-aumento-de-casos\/","url":"http:\/\/elregionalvm.com.ar\/noticias-villa-maria\/verano-incierto-vuelven-las-restricciones-ante-el-aumento-de-casos\/","name":"Verano incierto: Vuelven las restricciones ante el aumento de casos - El Regional","isPartOf":{"@id":"http:\/\/elregionalvm.com.ar\/noticias-villa-maria\/#website"},"primaryImageOfPage":{"@id":"http:\/\/elregionalvm.com.ar\/noticias-villa-maria\/verano-incierto-vuelven-las-restricciones-ante-el-aumento-de-casos\/#primaryimage"},"image":{"@id":"http:\/\/elregionalvm.com.ar\/noticias-villa-maria\/verano-incierto-vuelven-las-restricciones-ante-el-aumento-de-casos\/#primaryimage"},"thumbnailUrl":"https:\/\/i0.wp.com\/elregionalvm.com.ar\/noticias-villa-maria\/wp-content\/uploads\/2021\/12\/Recital-evento-prohibido-Cordoba-vertical.jpg?fit=1133%2C1499&ssl=1","datePublished":"2021-12-27T04:18:07+00:00","dateModified":"2021-12-28T04:27:19+00:00","author":{"@id":"http:\/\/elregionalvm.com.ar\/noticias-villa-maria\/#\/schema\/person\/a0fb9c422317faca23d50163151bc354"},"description":"El contexto sanitario actual lev\u00f3 a las autoridades a tomar nuevas medidas que comenzar\u00e1n a aplicarse desde hoy lunes 27 de diciembre.","breadcrumb":{"@id":"http:\/\/elregionalvm.com.ar\/noticias-villa-maria\/verano-incierto-vuelven-las-restricciones-ante-el-aumento-de-casos\/#breadcrumb"},"inLanguage":"es","potentialAction":[{"@type":"ReadAction","target":["http:\/\/elregionalvm.com.ar\/noticias-villa-maria\/verano-incierto-vuelven-las-restricciones-ante-el-aumento-de-casos\/"]}]},{"@type":"ImageObject","inLanguage":"es","@id":"http:\/\/elregionalvm.com.ar\/noticias-villa-maria\/verano-incierto-vuelven-las-restricciones-ante-el-aumento-de-casos\/#primaryimage","url":"https:\/\/i0.wp.com\/elregionalvm.com.ar\/noticias-villa-maria\/wp-content\/uploads\/2021\/12\/Recital-evento-prohibido-Cordoba-vertical.jpg?fit=1133%2C1499&ssl=1","contentUrl":"https:\/\/i0.wp.com\/elregionalvm.com.ar\/noticias-villa-maria\/wp-content\/uploads\/2021\/12\/Recital-evento-prohibido-Cordoba-vertical.jpg?fit=1133%2C1499&ssl=1","width":1133,"height":1499},{"@type":"BreadcrumbList","@id":"http:\/\/elregionalvm.com.ar\/noticias-villa-maria\/verano-incierto-vuelven-las-restricciones-ante-el-aumento-de-casos\/#breadcrumb","itemListElement":[{"@type":"ListItem","position":1,"name":"Portada","item":"https:\/\/elregionalvm.com.ar\/noticias-villa-maria\/"},{"@type":"ListItem","position":2,"name":"Verano incierto: Vuelven las restricciones ante el aumento de casos"}]},{"@type":"WebSite","@id":"http:\/\/elregionalvm.com.ar\/noticias-villa-maria\/#website","url":"http:\/\/elregionalvm.com.ar\/noticias-villa-maria\/","name":"El Regional","description":"Mucho m\u00e1s que informaci\u00f3n","potentialAction":[{"@type":"SearchAction","target":{"@type":"EntryPoint","urlTemplate":"http:\/\/elregionalvm.com.ar\/noticias-villa-maria\/?s={search_term_string}"},"query-input":{"@type":"PropertyValueSpecification","valueRequired":true,"valueName":"search_term_string"}}],"inLanguage":"es"},{"@type":"Person","@id":"http:\/\/elregionalvm.com.ar\/noticias-villa-maria\/#\/schema\/person\/a0fb9c422317faca23d50163151bc354","name":"Contenidos El Regional","image":{"@type":"ImageObject","inLanguage":"es","@id":"http:\/\/elregionalvm.com.ar\/noticias-villa-maria\/#\/schema\/person\/image\/","url":"https:\/\/secure.gravatar.com\/avatar\/265b27cb2209af7bb3a1318f03305787d7981a5cc6e6cd08fe5a4ecdf99d4b48?s=96&d=mm&r=g","contentUrl":"https:\/\/secure.gravatar.com\/avatar\/265b27cb2209af7bb3a1318f03305787d7981a5cc6e6cd08fe5a4ecdf99d4b48?s=96&d=mm&r=g","caption":"Contenidos El Regional"},"url":"https:\/\/elregionalvm.com.ar\/noticias-villa-maria\/author\/contenido\/"}]}},"jetpack_featured_media_url":"https:\/\/i0.wp.com\/elregionalvm.com.ar\/noticias-villa-maria\/wp-content\/uploads\/2021\/12\/Recital-evento-prohibido-Cordoba-vertical.jpg?fit=1133%2C1499&ssl=1","jetpack_sharing_enabled":true,"_links":{"self":[{"href":"https:\/\/elregionalvm.com.ar\/noticias-villa-maria\/wp-json\/wp\/v2\/posts\/50291","targetHints":{"allow":["GET"]}}],"collection":[{"href":"https:\/\/elregionalvm.com.ar\/noticias-villa-maria\/wp-json\/wp\/v2\/posts"}],"about":[{"href":"https:\/\/elregionalvm.com.ar\/noticias-villa-maria\/wp-json\/wp\/v2\/types\/post"}],"author":[{"embeddable":true,"href":"https:\/\/elregionalvm.com.ar\/noticias-villa-maria\/wp-json\/wp\/v2\/users\/4"}],"replies":[{"embeddable":true,"href":"https:\/\/elregionalvm.com.ar\/noticias-villa-maria\/wp-json\/wp\/v2\/comments?post=50291"}],"version-history":[{"count":1,"href":"https:\/\/elregionalvm.com.ar\/noticias-villa-maria\/wp-json\/wp\/v2\/posts\/50291\/revisions"}],"predecessor-version":[{"id":50293,"href":"https:\/\/elregionalvm.com.ar\/noticias-villa-maria\/wp-json\/wp\/v2\/posts\/50291\/revisions\/50293"}],"wp:featuredmedia":[{"embeddable":true,"href":"https:\/\/elregionalvm.com.ar\/noticias-villa-maria\/wp-json\/wp\/v2\/media\/50294"}],"wp:attachment":[{"href":"https:\/\/elregionalvm.com.ar\/noticias-villa-maria\/wp-json\/wp\/v2\/media?parent=50291"}],"wp:term":[{"taxonomy":"category","embeddable":true,"href":"https:\/\/elregionalvm.com.ar\/noticias-villa-maria\/wp-json\/wp\/v2\/categories?post=50291"},{"taxonomy":"post_tag","embeddable":true,"href":"https:\/\/elregionalvm.com.ar\/noticias-villa-maria\/wp-json\/wp\/v2\/tags?post=50291"}],"curies":[{"name":"wp","href":"https:\/\/api.w.org\/{rel}","templated":true}]}}