{"id":50304,"date":"2021-12-27T20:43:25","date_gmt":"2021-12-27T20:43:25","guid":{"rendered":"https:\/\/elregionalvm.com.ar\/noticias-villa-maria\/?p=50304"},"modified":"2021-12-29T01:40:00","modified_gmt":"2021-12-29T01:40:00","slug":"gill-renuncio-al-ministerio-y-retornara-a-la-intendencia-villamariense","status":"publish","type":"post","link":"https:\/\/elregionalvm.com.ar\/noticias-villa-maria\/gill-renuncio-al-ministerio-y-retornara-a-la-intendencia-villamariense\/","title":{"rendered":"Luego de dos a\u00f1os, Gill retorna a la Intendencia de Villa Mar\u00eda"},"content":{"rendered":"\n<p>A trav\u00e9s de twitter, el intendente en uso de licencia, Dr. Mart\u00edn Rodrigo Gill, se\u00f1al\u00f3 que volver\u00e1 a ocupar el cargo del Ejecutivo de la ciudad de Villa Mar\u00eda.<\/p>\n\n\n\n<p><strong><em>\u00abA partir de ma\u00f1ana, retomo mis funciones como intendente de Villa Mar\u00eda luego de presentar hoy mi renuncia como Secretario de Obras P\u00fablicas de la Naci\u00f3n con el que Alberto Fern\u00e1ndez y Gabriel Katopodis me honraran desde hace 2 a\u00f1os como un dirigente del interior\u00bb.<\/em><\/strong><\/p>\n\n\n\n<p>El anuncio fue realizado a trav\u00e9s de twitter.<\/p>\n\n\n\n<div class=\"wp-block-image\"><figure class=\"aligncenter size-large is-resized\"><img data-recalc-dims=\"1\" fetchpriority=\"high\" decoding=\"async\" src=\"https:\/\/i0.wp.com\/elregionalvm.com.ar\/noticias-villa-maria\/wp-content\/uploads\/2021\/12\/WhatsApp-Image-2021-12-27-at-17.32.38.jpeg?resize=382%2C804&#038;ssl=1\" alt=\"\" class=\"wp-image-50305\" width=\"382\" height=\"804\" srcset=\"https:\/\/i0.wp.com\/elregionalvm.com.ar\/noticias-villa-maria\/wp-content\/uploads\/2021\/12\/WhatsApp-Image-2021-12-27-at-17.32.38.jpeg?resize=487%2C1024&amp;ssl=1 487w, https:\/\/i0.wp.com\/elregionalvm.com.ar\/noticias-villa-maria\/wp-content\/uploads\/2021\/12\/WhatsApp-Image-2021-12-27-at-17.32.38.jpeg?resize=143%2C300&amp;ssl=1 143w, https:\/\/i0.wp.com\/elregionalvm.com.ar\/noticias-villa-maria\/wp-content\/uploads\/2021\/12\/WhatsApp-Image-2021-12-27-at-17.32.38.jpeg?w=609&amp;ssl=1 609w\" sizes=\"(max-width: 382px) 100vw, 382px\" \/><\/figure><\/div>\n\n\n\n<div class=\"wp-block-image\"><figure class=\"aligncenter size-large is-resized\"><img data-recalc-dims=\"1\" decoding=\"async\" src=\"https:\/\/i0.wp.com\/elregionalvm.com.ar\/noticias-villa-maria\/wp-content\/uploads\/2021\/12\/WhatsApp-Image-2021-12-27-at-17.33.01.jpeg?resize=406%2C853&#038;ssl=1\" alt=\"\" class=\"wp-image-50306\" width=\"406\" height=\"853\" srcset=\"https:\/\/i0.wp.com\/elregionalvm.com.ar\/noticias-villa-maria\/wp-content\/uploads\/2021\/12\/WhatsApp-Image-2021-12-27-at-17.33.01.jpeg?resize=487%2C1024&amp;ssl=1 487w, https:\/\/i0.wp.com\/elregionalvm.com.ar\/noticias-villa-maria\/wp-content\/uploads\/2021\/12\/WhatsApp-Image-2021-12-27-at-17.33.01.jpeg?resize=143%2C300&amp;ssl=1 143w, https:\/\/i0.wp.com\/elregionalvm.com.ar\/noticias-villa-maria\/wp-content\/uploads\/2021\/12\/WhatsApp-Image-2021-12-27-at-17.33.01.jpeg?w=609&amp;ssl=1 609w\" sizes=\"(max-width: 406px) 100vw, 406px\" \/><\/figure><\/div>\n\n\n\n<div class=\"wp-block-image\"><figure class=\"aligncenter size-large is-resized\"><img data-recalc-dims=\"1\" decoding=\"async\" src=\"https:\/\/i0.wp.com\/elregionalvm.com.ar\/noticias-villa-maria\/wp-content\/uploads\/2021\/12\/WhatsApp-Image-2021-12-27-at-17.33.28.jpeg?resize=381%2C801&#038;ssl=1\" alt=\"\" class=\"wp-image-50307\" width=\"381\" height=\"801\" srcset=\"https:\/\/i0.wp.com\/elregionalvm.com.ar\/noticias-villa-maria\/wp-content\/uploads\/2021\/12\/WhatsApp-Image-2021-12-27-at-17.33.28.jpeg?resize=487%2C1024&amp;ssl=1 487w, https:\/\/i0.wp.com\/elregionalvm.com.ar\/noticias-villa-maria\/wp-content\/uploads\/2021\/12\/WhatsApp-Image-2021-12-27-at-17.33.28.jpeg?resize=143%2C300&amp;ssl=1 143w, https:\/\/i0.wp.com\/elregionalvm.com.ar\/noticias-villa-maria\/wp-content\/uploads\/2021\/12\/WhatsApp-Image-2021-12-27-at-17.33.28.jpeg?w=609&amp;ssl=1 609w\" sizes=\"(max-width: 381px) 100vw, 381px\" \/><\/figure><\/div>\n\n\n\n<div class=\"wp-block-image\"><figure class=\"aligncenter size-large is-resized\"><img data-recalc-dims=\"1\" loading=\"lazy\" decoding=\"async\" src=\"https:\/\/i0.wp.com\/elregionalvm.com.ar\/noticias-villa-maria\/wp-content\/uploads\/2021\/12\/WhatsApp-Image-2021-12-27-at-17.33.43.jpeg?resize=380%2C800&#038;ssl=1\" alt=\"\" class=\"wp-image-50308\" width=\"380\" height=\"800\" srcset=\"https:\/\/i0.wp.com\/elregionalvm.com.ar\/noticias-villa-maria\/wp-content\/uploads\/2021\/12\/WhatsApp-Image-2021-12-27-at-17.33.43.jpeg?resize=487%2C1024&amp;ssl=1 487w, https:\/\/i0.wp.com\/elregionalvm.com.ar\/noticias-villa-maria\/wp-content\/uploads\/2021\/12\/WhatsApp-Image-2021-12-27-at-17.33.43.jpeg?resize=143%2C300&amp;ssl=1 143w, https:\/\/i0.wp.com\/elregionalvm.com.ar\/noticias-villa-maria\/wp-content\/uploads\/2021\/12\/WhatsApp-Image-2021-12-27-at-17.33.43.jpeg?w=609&amp;ssl=1 609w\" sizes=\"(max-width: 380px) 100vw, 380px\" \/><\/figure><\/div>\n\n\n\n<p><\/p>\n\n\n\n<ul class=\"wp-block-list\"><li><strong>Le\u00e9 m\u00e1s: \u00abDe Falco y Caronni: Ecos pol\u00edticos del regreso de Gill <a href=\"https:\/\/elregionalvm.com.ar\/noticias-villa-maria\/de-falco-y-caronni-ecos-politicos-del-regreso-de-gill-a-villa-maria\/\">a Villa Mar\u00eda\u00bb<\/a><\/strong><\/li><\/ul>\n\n\n\n<p><\/p>\n\n\n\n<figure class=\"wp-block-embed is-type-wp-embed is-provider-el-regional wp-block-embed-el-regional\"><div class=\"wp-block-embed__wrapper\">\n<blockquote class=\"wp-embedded-content\" data-secret=\"gQgLKxmPs0\"><a href=\"https:\/\/elregionalvm.com.ar\/noticias-villa-maria\/de-falco-y-caronni-ecos-politicos-del-regreso-de-gill-a-villa-maria\/\">De Falco y Caronni: Ecos pol\u00edticos del regreso de Gill a Villa Mar\u00eda<\/a><\/blockquote><iframe class=\"wp-embedded-content\" sandbox=\"allow-scripts\" security=\"restricted\" style=\"position: absolute; visibility: hidden;\" title=\"\u00abDe Falco y Caronni: Ecos pol\u00edticos del regreso de Gill a Villa Mar\u00eda\u00bb \u2014 El Regional\" src=\"https:\/\/elregionalvm.com.ar\/noticias-villa-maria\/de-falco-y-caronni-ecos-politicos-del-regreso-de-gill-a-villa-maria\/embed\/#?secret=IZomeE8BcK#?secret=gQgLKxmPs0\" data-secret=\"gQgLKxmPs0\" width=\"500\" height=\"282\" frameborder=\"0\" marginwidth=\"0\" marginheight=\"0\" scrolling=\"no\"><\/iframe>\n<\/div><\/figure>\n","protected":false},"excerpt":{"rendered":"<p>A trav\u00e9s de twitter, el intendente en uso de licencia, Dr. Mart\u00edn Rodrigo Gill, se\u00f1al\u00f3 que volver\u00e1 a ocupar el cargo del Ejecutivo de la ciudad de Villa Mar\u00eda. \u00abA partir de ma\u00f1ana, retomo mis funciones como intendente de Villa Mar\u00eda luego de presentar hoy mi renuncia como Secretario de Obras P\u00fablicas de la Naci\u00f3n [&hellip;]<\/p>\n","protected":false},"author":4,"featured_media":19540,"comment_status":"open","ping_status":"open","sticky":false,"template":"","format":"standard","meta":{"site-sidebar-layout":"default","site-content-layout":"default","ast-site-content-layout":"default","site-content-style":"default","site-sidebar-style":"default","ast-global-header-display":"","ast-banner-title-visibility":"","ast-main-header-display":"","ast-hfb-above-header-display":"","ast-hfb-below-header-display":"","ast-hfb-mobile-header-display":"","site-post-title":"","ast-breadcrumbs-content":"","ast-featured-img":"","footer-sml-layout":"","ast-disable-related-posts":"","theme-transparent-header-meta":"default","adv-header-id-meta":"","stick-header-meta":"","header-above-stick-meta":"","header-main-stick-meta":"","header-below-stick-meta":"","astra-migrate-meta-layouts":"default","ast-page-background-enabled":"default","ast-page-background-meta":{"desktop":{"background-color":"","background-image":"","background-repeat":"repeat","background-position":"center center","background-size":"auto","background-attachment":"scroll","background-type":"","background-media":"","overlay-type":"","overlay-color":"","overlay-opacity":"","overlay-gradient":""},"tablet":{"background-color":"","background-image":"","background-repeat":"repeat","background-position":"center center","background-size":"auto","background-attachment":"scroll","background-type":"","background-media":"","overlay-type":"","overlay-color":"","overlay-opacity":"","overlay-gradient":""},"mobile":{"background-color":"","background-image":"","background-repeat":"repeat","background-position":"center center","background-size":"auto","background-attachment":"scroll","background-type":"","background-media":"","overlay-type":"","overlay-color":"","overlay-opacity":"","overlay-gradient":""}},"ast-content-background-meta":{"desktop":{"background-color":"var(--ast-global-color-5)","background-image":"","background-repeat":"repeat","background-position":"center center","background-size":"auto","background-attachment":"scroll","background-type":"","background-media":"","overlay-type":"","overlay-color":"","overlay-opacity":"","overlay-gradient":""},"tablet":{"background-color":"var(--ast-global-color-5)","background-image":"","background-repeat":"repeat","background-position":"center center","background-size":"auto","background-attachment":"scroll","background-type":"","background-media":"","overlay-type":"","overlay-color":"","overlay-opacity":"","overlay-gradient":""},"mobile":{"background-color":"var(--ast-global-color-5)","background-image":"","background-repeat":"repeat","background-position":"center center","background-size":"auto","background-attachment":"scroll","background-type":"","background-media":"","overlay-type":"","overlay-color":"","overlay-opacity":"","overlay-gradient":""}},"_jetpack_memberships_contains_paid_content":false,"_joinchat":[],"footnotes":""},"categories":[2089],"tags":[2265,1125,2474,2409,2547,534,12989],"class_list":["post-50304","post","type-post","status-publish","format-standard","has-post-thumbnail","hentry","category-politica","tag-licencia","tag-martin-gill","tag-municipalidad-de-villa-maria","tag-obras-publicas","tag-renuncia","tag-villa-maria","tag-vuelve-a-la-intendencia"],"yoast_head":"<!-- This site is optimized with the Yoast SEO plugin v26.8 - https:\/\/yoast.com\/product\/yoast-seo-wordpress\/ -->\n<title>Luego de dos a\u00f1os, Gill retorna a la Intendencia de Villa Mar\u00eda - El Regional<\/title>\n<meta name=\"robots\" content=\"index, follow, max-snippet:-1, max-image-preview:large, max-video-preview:-1\" \/>\n<link rel=\"canonical\" href=\"http:\/\/elregionalvm.com.ar\/noticias-villa-maria\/gill-renuncio-al-ministerio-y-retornara-a-la-intendencia-villamariense\/\" \/>\n<meta property=\"og:locale\" content=\"es_ES\" \/>\n<meta property=\"og:type\" content=\"article\" \/>\n<meta property=\"og:title\" content=\"Luego de dos a\u00f1os, Gill retorna a la Intendencia de Villa Mar\u00eda - El Regional\" \/>\n<meta property=\"og:description\" content=\"A trav\u00e9s de twitter, el intendente en uso de licencia, Dr. Mart\u00edn Rodrigo Gill, se\u00f1al\u00f3 que volver\u00e1 a ocupar el cargo del Ejecutivo de la ciudad de Villa Mar\u00eda. \u00abA partir de ma\u00f1ana, retomo mis funciones como intendente de Villa Mar\u00eda luego de presentar hoy mi renuncia como Secretario de Obras P\u00fablicas de la Naci\u00f3n [&hellip;]\" \/>\n<meta property=\"og:url\" content=\"http:\/\/elregionalvm.com.ar\/noticias-villa-maria\/gill-renuncio-al-ministerio-y-retornara-a-la-intendencia-villamariense\/\" \/>\n<meta property=\"og:site_name\" content=\"El Regional\" \/>\n<meta property=\"article:publisher\" content=\"https:\/\/www.facebook.com\/elregionalvm\" \/>\n<meta property=\"article:published_time\" content=\"2021-12-27T20:43:25+00:00\" \/>\n<meta property=\"article:modified_time\" content=\"2021-12-29T01:40:00+00:00\" \/>\n<meta property=\"og:image\" content=\"http:\/\/elregionalvm.com.ar\/noticias-villa-maria\/wp-content\/uploads\/2020\/07\/Mart\u00edn-Gill-funcionario-nacional-2.jpg\" \/>\n\t<meta property=\"og:image:width\" content=\"754\" \/>\n\t<meta property=\"og:image:height\" content=\"852\" \/>\n\t<meta property=\"og:image:type\" content=\"image\/jpeg\" \/>\n<meta name=\"author\" content=\"Contenidos El Regional\" \/>\n<meta name=\"twitter:card\" content=\"summary_large_image\" \/>\n<meta name=\"twitter:creator\" content=\"@elregionalvm1\" \/>\n<meta name=\"twitter:site\" content=\"@elregionalvm1\" \/>\n<meta name=\"twitter:label1\" content=\"Escrito por\" \/>\n\t<meta name=\"twitter:data1\" content=\"Contenidos El Regional\" \/>\n\t<meta name=\"twitter:label2\" content=\"Tiempo de lectura\" \/>\n\t<meta name=\"twitter:data2\" content=\"2 minutos\" \/>\n<script type=\"application\/ld+json\" class=\"yoast-schema-graph\">{\"@context\":\"https:\/\/schema.org\",\"@graph\":[{\"@type\":\"Article\",\"@id\":\"http:\/\/elregionalvm.com.ar\/noticias-villa-maria\/gill-renuncio-al-ministerio-y-retornara-a-la-intendencia-villamariense\/#article\",\"isPartOf\":{\"@id\":\"http:\/\/elregionalvm.com.ar\/noticias-villa-maria\/gill-renuncio-al-ministerio-y-retornara-a-la-intendencia-villamariense\/\"},\"author\":{\"name\":\"Contenidos El Regional\",\"@id\":\"http:\/\/elregionalvm.com.ar\/noticias-villa-maria\/#\/schema\/person\/a0fb9c422317faca23d50163151bc354\"},\"headline\":\"Luego de dos a\u00f1os, Gill retorna a la Intendencia de Villa Mar\u00eda\",\"datePublished\":\"2021-12-27T20:43:25+00:00\",\"dateModified\":\"2021-12-29T01:40:00+00:00\",\"mainEntityOfPage\":{\"@id\":\"http:\/\/elregionalvm.com.ar\/noticias-villa-maria\/gill-renuncio-al-ministerio-y-retornara-a-la-intendencia-villamariense\/\"},\"wordCount\":130,\"commentCount\":0,\"image\":{\"@id\":\"http:\/\/elregionalvm.com.ar\/noticias-villa-maria\/gill-renuncio-al-ministerio-y-retornara-a-la-intendencia-villamariense\/#primaryimage\"},\"thumbnailUrl\":\"https:\/\/i0.wp.com\/elregionalvm.com.ar\/noticias-villa-maria\/wp-content\/uploads\/2020\/07\/Mart%C3%ADn-Gill-funcionario-nacional-2.jpg?fit=754%2C852&ssl=1\",\"keywords\":[\"licencia\",\"mart\u00edn gill\",\"Municipalidad de Villa Mar\u00eda\",\"Obras p\u00fablicas\",\"Renuncia\",\"villa maria\",\"vuelve a la intendencia\"],\"articleSection\":[\"Pol\u00edtica\"],\"inLanguage\":\"es\",\"potentialAction\":[{\"@type\":\"CommentAction\",\"name\":\"Comment\",\"target\":[\"http:\/\/elregionalvm.com.ar\/noticias-villa-maria\/gill-renuncio-al-ministerio-y-retornara-a-la-intendencia-villamariense\/#respond\"]}]},{\"@type\":\"WebPage\",\"@id\":\"http:\/\/elregionalvm.com.ar\/noticias-villa-maria\/gill-renuncio-al-ministerio-y-retornara-a-la-intendencia-villamariense\/\",\"url\":\"http:\/\/elregionalvm.com.ar\/noticias-villa-maria\/gill-renuncio-al-ministerio-y-retornara-a-la-intendencia-villamariense\/\",\"name\":\"Luego de dos a\u00f1os, Gill retorna a la Intendencia de Villa Mar\u00eda - El Regional\",\"isPartOf\":{\"@id\":\"http:\/\/elregionalvm.com.ar\/noticias-villa-maria\/#website\"},\"primaryImageOfPage\":{\"@id\":\"http:\/\/elregionalvm.com.ar\/noticias-villa-maria\/gill-renuncio-al-ministerio-y-retornara-a-la-intendencia-villamariense\/#primaryimage\"},\"image\":{\"@id\":\"http:\/\/elregionalvm.com.ar\/noticias-villa-maria\/gill-renuncio-al-ministerio-y-retornara-a-la-intendencia-villamariense\/#primaryimage\"},\"thumbnailUrl\":\"https:\/\/i0.wp.com\/elregionalvm.com.ar\/noticias-villa-maria\/wp-content\/uploads\/2020\/07\/Mart%C3%ADn-Gill-funcionario-nacional-2.jpg?fit=754%2C852&ssl=1\",\"datePublished\":\"2021-12-27T20:43:25+00:00\",\"dateModified\":\"2021-12-29T01:40:00+00:00\",\"author\":{\"@id\":\"http:\/\/elregionalvm.com.ar\/noticias-villa-maria\/#\/schema\/person\/a0fb9c422317faca23d50163151bc354\"},\"breadcrumb\":{\"@id\":\"http:\/\/elregionalvm.com.ar\/noticias-villa-maria\/gill-renuncio-al-ministerio-y-retornara-a-la-intendencia-villamariense\/#breadcrumb\"},\"inLanguage\":\"es\",\"potentialAction\":[{\"@type\":\"ReadAction\",\"target\":[\"http:\/\/elregionalvm.com.ar\/noticias-villa-maria\/gill-renuncio-al-ministerio-y-retornara-a-la-intendencia-villamariense\/\"]}]},{\"@type\":\"ImageObject\",\"inLanguage\":\"es\",\"@id\":\"http:\/\/elregionalvm.com.ar\/noticias-villa-maria\/gill-renuncio-al-ministerio-y-retornara-a-la-intendencia-villamariense\/#primaryimage\",\"url\":\"https:\/\/i0.wp.com\/elregionalvm.com.ar\/noticias-villa-maria\/wp-content\/uploads\/2020\/07\/Mart%C3%ADn-Gill-funcionario-nacional-2.jpg?fit=754%2C852&ssl=1\",\"contentUrl\":\"https:\/\/i0.wp.com\/elregionalvm.com.ar\/noticias-villa-maria\/wp-content\/uploads\/2020\/07\/Mart%C3%ADn-Gill-funcionario-nacional-2.jpg?fit=754%2C852&ssl=1\",\"width\":754,\"height\":852},{\"@type\":\"BreadcrumbList\",\"@id\":\"http:\/\/elregionalvm.com.ar\/noticias-villa-maria\/gill-renuncio-al-ministerio-y-retornara-a-la-intendencia-villamariense\/#breadcrumb\",\"itemListElement\":[{\"@type\":\"ListItem\",\"position\":1,\"name\":\"Portada\",\"item\":\"https:\/\/elregionalvm.com.ar\/noticias-villa-maria\/\"},{\"@type\":\"ListItem\",\"position\":2,\"name\":\"Luego de dos a\u00f1os, Gill retorna a la Intendencia de Villa Mar\u00eda\"}]},{\"@type\":\"WebSite\",\"@id\":\"http:\/\/elregionalvm.com.ar\/noticias-villa-maria\/#website\",\"url\":\"http:\/\/elregionalvm.com.ar\/noticias-villa-maria\/\",\"name\":\"El Regional\",\"description\":\"Mucho m\u00e1s que informaci\u00f3n\",\"potentialAction\":[{\"@type\":\"SearchAction\",\"target\":{\"@type\":\"EntryPoint\",\"urlTemplate\":\"http:\/\/elregionalvm.com.ar\/noticias-villa-maria\/?s={search_term_string}\"},\"query-input\":{\"@type\":\"PropertyValueSpecification\",\"valueRequired\":true,\"valueName\":\"search_term_string\"}}],\"inLanguage\":\"es\"},{\"@type\":\"Person\",\"@id\":\"http:\/\/elregionalvm.com.ar\/noticias-villa-maria\/#\/schema\/person\/a0fb9c422317faca23d50163151bc354\",\"name\":\"Contenidos El Regional\",\"image\":{\"@type\":\"ImageObject\",\"inLanguage\":\"es\",\"@id\":\"http:\/\/elregionalvm.com.ar\/noticias-villa-maria\/#\/schema\/person\/image\/\",\"url\":\"https:\/\/secure.gravatar.com\/avatar\/265b27cb2209af7bb3a1318f03305787d7981a5cc6e6cd08fe5a4ecdf99d4b48?s=96&d=mm&r=g\",\"contentUrl\":\"https:\/\/secure.gravatar.com\/avatar\/265b27cb2209af7bb3a1318f03305787d7981a5cc6e6cd08fe5a4ecdf99d4b48?s=96&d=mm&r=g\",\"caption\":\"Contenidos El Regional\"},\"url\":\"https:\/\/elregionalvm.com.ar\/noticias-villa-maria\/author\/contenido\/\"}]}<\/script>\n<!-- \/ Yoast SEO plugin. -->","yoast_head_json":{"title":"Luego de dos a\u00f1os, Gill retorna a la Intendencia de Villa Mar\u00eda - El Regional","robots":{"index":"index","follow":"follow","max-snippet":"max-snippet:-1","max-image-preview":"max-image-preview:large","max-video-preview":"max-video-preview:-1"},"canonical":"http:\/\/elregionalvm.com.ar\/noticias-villa-maria\/gill-renuncio-al-ministerio-y-retornara-a-la-intendencia-villamariense\/","og_locale":"es_ES","og_type":"article","og_title":"Luego de dos a\u00f1os, Gill retorna a la Intendencia de Villa Mar\u00eda - El Regional","og_description":"A trav\u00e9s de twitter, el intendente en uso de licencia, Dr. Mart\u00edn Rodrigo Gill, se\u00f1al\u00f3 que volver\u00e1 a ocupar el cargo del Ejecutivo de la ciudad de Villa Mar\u00eda. \u00abA partir de ma\u00f1ana, retomo mis funciones como intendente de Villa Mar\u00eda luego de presentar hoy mi renuncia como Secretario de Obras P\u00fablicas de la Naci\u00f3n [&hellip;]","og_url":"http:\/\/elregionalvm.com.ar\/noticias-villa-maria\/gill-renuncio-al-ministerio-y-retornara-a-la-intendencia-villamariense\/","og_site_name":"El Regional","article_publisher":"https:\/\/www.facebook.com\/elregionalvm","article_published_time":"2021-12-27T20:43:25+00:00","article_modified_time":"2021-12-29T01:40:00+00:00","og_image":[{"width":754,"height":852,"url":"http:\/\/elregionalvm.com.ar\/noticias-villa-maria\/wp-content\/uploads\/2020\/07\/Mart\u00edn-Gill-funcionario-nacional-2.jpg","type":"image\/jpeg"}],"author":"Contenidos El Regional","twitter_card":"summary_large_image","twitter_creator":"@elregionalvm1","twitter_site":"@elregionalvm1","twitter_misc":{"Escrito por":"Contenidos El Regional","Tiempo de lectura":"2 minutos"},"schema":{"@context":"https:\/\/schema.org","@graph":[{"@type":"Article","@id":"http:\/\/elregionalvm.com.ar\/noticias-villa-maria\/gill-renuncio-al-ministerio-y-retornara-a-la-intendencia-villamariense\/#article","isPartOf":{"@id":"http:\/\/elregionalvm.com.ar\/noticias-villa-maria\/gill-renuncio-al-ministerio-y-retornara-a-la-intendencia-villamariense\/"},"author":{"name":"Contenidos El Regional","@id":"http:\/\/elregionalvm.com.ar\/noticias-villa-maria\/#\/schema\/person\/a0fb9c422317faca23d50163151bc354"},"headline":"Luego de dos a\u00f1os, Gill retorna a la Intendencia de Villa Mar\u00eda","datePublished":"2021-12-27T20:43:25+00:00","dateModified":"2021-12-29T01:40:00+00:00","mainEntityOfPage":{"@id":"http:\/\/elregionalvm.com.ar\/noticias-villa-maria\/gill-renuncio-al-ministerio-y-retornara-a-la-intendencia-villamariense\/"},"wordCount":130,"commentCount":0,"image":{"@id":"http:\/\/elregionalvm.com.ar\/noticias-villa-maria\/gill-renuncio-al-ministerio-y-retornara-a-la-intendencia-villamariense\/#primaryimage"},"thumbnailUrl":"https:\/\/i0.wp.com\/elregionalvm.com.ar\/noticias-villa-maria\/wp-content\/uploads\/2020\/07\/Mart%C3%ADn-Gill-funcionario-nacional-2.jpg?fit=754%2C852&ssl=1","keywords":["licencia","mart\u00edn gill","Municipalidad de Villa Mar\u00eda","Obras p\u00fablicas","Renuncia","villa maria","vuelve a la intendencia"],"articleSection":["Pol\u00edtica"],"inLanguage":"es","potentialAction":[{"@type":"CommentAction","name":"Comment","target":["http:\/\/elregionalvm.com.ar\/noticias-villa-maria\/gill-renuncio-al-ministerio-y-retornara-a-la-intendencia-villamariense\/#respond"]}]},{"@type":"WebPage","@id":"http:\/\/elregionalvm.com.ar\/noticias-villa-maria\/gill-renuncio-al-ministerio-y-retornara-a-la-intendencia-villamariense\/","url":"http:\/\/elregionalvm.com.ar\/noticias-villa-maria\/gill-renuncio-al-ministerio-y-retornara-a-la-intendencia-villamariense\/","name":"Luego de dos a\u00f1os, Gill retorna a la Intendencia de Villa Mar\u00eda - El Regional","isPartOf":{"@id":"http:\/\/elregionalvm.com.ar\/noticias-villa-maria\/#website"},"primaryImageOfPage":{"@id":"http:\/\/elregionalvm.com.ar\/noticias-villa-maria\/gill-renuncio-al-ministerio-y-retornara-a-la-intendencia-villamariense\/#primaryimage"},"image":{"@id":"http:\/\/elregionalvm.com.ar\/noticias-villa-maria\/gill-renuncio-al-ministerio-y-retornara-a-la-intendencia-villamariense\/#primaryimage"},"thumbnailUrl":"https:\/\/i0.wp.com\/elregionalvm.com.ar\/noticias-villa-maria\/wp-content\/uploads\/2020\/07\/Mart%C3%ADn-Gill-funcionario-nacional-2.jpg?fit=754%2C852&ssl=1","datePublished":"2021-12-27T20:43:25+00:00","dateModified":"2021-12-29T01:40:00+00:00","author":{"@id":"http:\/\/elregionalvm.com.ar\/noticias-villa-maria\/#\/schema\/person\/a0fb9c422317faca23d50163151bc354"},"breadcrumb":{"@id":"http:\/\/elregionalvm.com.ar\/noticias-villa-maria\/gill-renuncio-al-ministerio-y-retornara-a-la-intendencia-villamariense\/#breadcrumb"},"inLanguage":"es","potentialAction":[{"@type":"ReadAction","target":["http:\/\/elregionalvm.com.ar\/noticias-villa-maria\/gill-renuncio-al-ministerio-y-retornara-a-la-intendencia-villamariense\/"]}]},{"@type":"ImageObject","inLanguage":"es","@id":"http:\/\/elregionalvm.com.ar\/noticias-villa-maria\/gill-renuncio-al-ministerio-y-retornara-a-la-intendencia-villamariense\/#primaryimage","url":"https:\/\/i0.wp.com\/elregionalvm.com.ar\/noticias-villa-maria\/wp-content\/uploads\/2020\/07\/Mart%C3%ADn-Gill-funcionario-nacional-2.jpg?fit=754%2C852&ssl=1","contentUrl":"https:\/\/i0.wp.com\/elregionalvm.com.ar\/noticias-villa-maria\/wp-content\/uploads\/2020\/07\/Mart%C3%ADn-Gill-funcionario-nacional-2.jpg?fit=754%2C852&ssl=1","width":754,"height":852},{"@type":"BreadcrumbList","@id":"http:\/\/elregionalvm.com.ar\/noticias-villa-maria\/gill-renuncio-al-ministerio-y-retornara-a-la-intendencia-villamariense\/#breadcrumb","itemListElement":[{"@type":"ListItem","position":1,"name":"Portada","item":"https:\/\/elregionalvm.com.ar\/noticias-villa-maria\/"},{"@type":"ListItem","position":2,"name":"Luego de dos a\u00f1os, Gill retorna a la Intendencia de Villa Mar\u00eda"}]},{"@type":"WebSite","@id":"http:\/\/elregionalvm.com.ar\/noticias-villa-maria\/#website","url":"http:\/\/elregionalvm.com.ar\/noticias-villa-maria\/","name":"El Regional","description":"Mucho m\u00e1s que informaci\u00f3n","potentialAction":[{"@type":"SearchAction","target":{"@type":"EntryPoint","urlTemplate":"http:\/\/elregionalvm.com.ar\/noticias-villa-maria\/?s={search_term_string}"},"query-input":{"@type":"PropertyValueSpecification","valueRequired":true,"valueName":"search_term_string"}}],"inLanguage":"es"},{"@type":"Person","@id":"http:\/\/elregionalvm.com.ar\/noticias-villa-maria\/#\/schema\/person\/a0fb9c422317faca23d50163151bc354","name":"Contenidos El Regional","image":{"@type":"ImageObject","inLanguage":"es","@id":"http:\/\/elregionalvm.com.ar\/noticias-villa-maria\/#\/schema\/person\/image\/","url":"https:\/\/secure.gravatar.com\/avatar\/265b27cb2209af7bb3a1318f03305787d7981a5cc6e6cd08fe5a4ecdf99d4b48?s=96&d=mm&r=g","contentUrl":"https:\/\/secure.gravatar.com\/avatar\/265b27cb2209af7bb3a1318f03305787d7981a5cc6e6cd08fe5a4ecdf99d4b48?s=96&d=mm&r=g","caption":"Contenidos El Regional"},"url":"https:\/\/elregionalvm.com.ar\/noticias-villa-maria\/author\/contenido\/"}]}},"jetpack_featured_media_url":"https:\/\/i0.wp.com\/elregionalvm.com.ar\/noticias-villa-maria\/wp-content\/uploads\/2020\/07\/Mart%C3%ADn-Gill-funcionario-nacional-2.jpg?fit=754%2C852&ssl=1","jetpack_sharing_enabled":true,"_links":{"self":[{"href":"https:\/\/elregionalvm.com.ar\/noticias-villa-maria\/wp-json\/wp\/v2\/posts\/50304","targetHints":{"allow":["GET"]}}],"collection":[{"href":"https:\/\/elregionalvm.com.ar\/noticias-villa-maria\/wp-json\/wp\/v2\/posts"}],"about":[{"href":"https:\/\/elregionalvm.com.ar\/noticias-villa-maria\/wp-json\/wp\/v2\/types\/post"}],"author":[{"embeddable":true,"href":"https:\/\/elregionalvm.com.ar\/noticias-villa-maria\/wp-json\/wp\/v2\/users\/4"}],"replies":[{"embeddable":true,"href":"https:\/\/elregionalvm.com.ar\/noticias-villa-maria\/wp-json\/wp\/v2\/comments?post=50304"}],"version-history":[{"count":4,"href":"https:\/\/elregionalvm.com.ar\/noticias-villa-maria\/wp-json\/wp\/v2\/posts\/50304\/revisions"}],"predecessor-version":[{"id":50347,"href":"https:\/\/elregionalvm.com.ar\/noticias-villa-maria\/wp-json\/wp\/v2\/posts\/50304\/revisions\/50347"}],"wp:featuredmedia":[{"embeddable":true,"href":"https:\/\/elregionalvm.com.ar\/noticias-villa-maria\/wp-json\/wp\/v2\/media\/19540"}],"wp:attachment":[{"href":"https:\/\/elregionalvm.com.ar\/noticias-villa-maria\/wp-json\/wp\/v2\/media?parent=50304"}],"wp:term":[{"taxonomy":"category","embeddable":true,"href":"https:\/\/elregionalvm.com.ar\/noticias-villa-maria\/wp-json\/wp\/v2\/categories?post=50304"},{"taxonomy":"post_tag","embeddable":true,"href":"https:\/\/elregionalvm.com.ar\/noticias-villa-maria\/wp-json\/wp\/v2\/tags?post=50304"}],"curies":[{"name":"wp","href":"https:\/\/api.w.org\/{rel}","templated":true}]}}