{"id":50313,"date":"2021-12-27T21:30:06","date_gmt":"2021-12-27T21:30:06","guid":{"rendered":"https:\/\/elregionalvm.com.ar\/noticias-villa-maria\/?p=50313"},"modified":"2021-12-27T21:30:07","modified_gmt":"2021-12-27T21:30:07","slug":"pesar-por-la-muerte-de-mario-oliveto-locutor-de-ordonez","status":"publish","type":"post","link":"https:\/\/elregionalvm.com.ar\/noticias-villa-maria\/pesar-por-la-muerte-de-mario-oliveto-locutor-de-ordonez\/","title":{"rendered":"Pesar por la muerte de Mario Oliveto, locutor de Ordo\u00f1ez"},"content":{"rendered":"\n<p>Pesar en la comunidad de Ordo\u00f1ez, por la muerte del locutor y comunicador social Mario Oliveto, quien ven\u00eda atravesando una dif\u00edcil situaci\u00f3n de salud y estaba internado en Villa Mar\u00eda.<\/p>\n\n\n\n<p>Mario Oliveto era propietario de FM G\u00e9nesis en la localidad de Ordo\u00f1ez, adem\u00e1s era conductor del noticiero de TV llamado Rese\u00f1a Semanal, emitido en el canal local.<\/p>\n\n\n\n<p>Hace unos 15 d\u00edas, el conductor radial no se alimentaba y ten\u00eda un estado depresivo. El d\u00eda 21 de diciembre fue trasladado a un centro de salud, all\u00ed estuvo con mejoras y desmejoras. Finalmente empez\u00f3 a tener problemas con los pulmones y le fue detectada pulmon\u00eda bilateral, quedando descartado el covid-19. A \u00faltimas horas del domingo 26, entr\u00f3 en sala de terapia y alrededor de las 4:00 de la ma\u00f1ana de este lunes falleci\u00f3.<\/p>\n\n\n\n<p>Mario ten\u00eda 40 a\u00f1os, conduc\u00eda su programa de entretenimiento de lunes a s\u00e1bados por la ma\u00f1ana, tambi\u00e9n durante varios a\u00f1os, realiz\u00f3 un programa llamado Melod\u00edas del Ayer que iba por Sinton\u00eda, ademas particip\u00f3 de muchas transmisiones de eventos en vivo.<\/p>\n\n\n\n<p>Oliveto se caracterizaba por estar siempre con una sonrisa, buena predisposici\u00f3n con las personas que necesitaban una mano. Sus restos son despedidos en la sala velatoria de la localidad de Ordo\u00f1ez; el sepelio se realizar\u00e1 durante la ma\u00f1ana del Martes 28.<\/p>\n\n\n\n<p>Fuente: FM Sinton\u00eda<\/p>\n","protected":false},"excerpt":{"rendered":"<p>Pesar en la comunidad de Ordo\u00f1ez, por la muerte del locutor y comunicador social Mario Oliveto, quien ven\u00eda atravesando una dif\u00edcil situaci\u00f3n de salud y estaba internado en Villa Mar\u00eda. Mario Oliveto era propietario de FM G\u00e9nesis en la localidad de Ordo\u00f1ez, adem\u00e1s era conductor del noticiero de TV llamado Rese\u00f1a Semanal, emitido en el [&hellip;]<\/p>\n","protected":false},"author":4,"featured_media":50314,"comment_status":"open","ping_status":"open","sticky":false,"template":"","format":"standard","meta":{"site-sidebar-layout":"default","site-content-layout":"default","ast-site-content-layout":"default","site-content-style":"default","site-sidebar-style":"default","ast-global-header-display":"","ast-banner-title-visibility":"","ast-main-header-display":"","ast-hfb-above-header-display":"","ast-hfb-below-header-display":"","ast-hfb-mobile-header-display":"","site-post-title":"","ast-breadcrumbs-content":"","ast-featured-img":"","footer-sml-layout":"","ast-disable-related-posts":"","theme-transparent-header-meta":"default","adv-header-id-meta":"","stick-header-meta":"","header-above-stick-meta":"","header-main-stick-meta":"","header-below-stick-meta":"","astra-migrate-meta-layouts":"default","ast-page-background-enabled":"default","ast-page-background-meta":{"desktop":{"background-color":"","background-image":"","background-repeat":"repeat","background-position":"center center","background-size":"auto","background-attachment":"scroll","background-type":"","background-media":"","overlay-type":"","overlay-color":"","overlay-opacity":"","overlay-gradient":""},"tablet":{"background-color":"","background-image":"","background-repeat":"repeat","background-position":"center center","background-size":"auto","background-attachment":"scroll","background-type":"","background-media":"","overlay-type":"","overlay-color":"","overlay-opacity":"","overlay-gradient":""},"mobile":{"background-color":"","background-image":"","background-repeat":"repeat","background-position":"center center","background-size":"auto","background-attachment":"scroll","background-type":"","background-media":"","overlay-type":"","overlay-color":"","overlay-opacity":"","overlay-gradient":""}},"ast-content-background-meta":{"desktop":{"background-color":"var(--ast-global-color-5)","background-image":"","background-repeat":"repeat","background-position":"center center","background-size":"auto","background-attachment":"scroll","background-type":"","background-media":"","overlay-type":"","overlay-color":"","overlay-opacity":"","overlay-gradient":""},"tablet":{"background-color":"var(--ast-global-color-5)","background-image":"","background-repeat":"repeat","background-position":"center center","background-size":"auto","background-attachment":"scroll","background-type":"","background-media":"","overlay-type":"","overlay-color":"","overlay-opacity":"","overlay-gradient":""},"mobile":{"background-color":"var(--ast-global-color-5)","background-image":"","background-repeat":"repeat","background-position":"center center","background-size":"auto","background-attachment":"scroll","background-type":"","background-media":"","overlay-type":"","overlay-color":"","overlay-opacity":"","overlay-gradient":""}},"_jetpack_memberships_contains_paid_content":false,"_joinchat":[],"footnotes":""},"categories":[2091],"tags":[6049,1232,261,434,12990,10694,3240],"class_list":["post-50313","post","type-post","status-publish","format-standard","has-post-thumbnail","hentry","category-region","tag-40-anos","tag-destacado","tag-fallecimiento","tag-locutor","tag-mario-oliveto","tag-neumonia-bilateral","tag-ordonez"],"yoast_head":"<!-- This site is optimized with the Yoast SEO plugin v26.8 - https:\/\/yoast.com\/product\/yoast-seo-wordpress\/ -->\n<title>Pesar por la muerte de Mario Oliveto, locutor de Ordo\u00f1ez - El Regional<\/title>\n<meta name=\"robots\" content=\"index, follow, max-snippet:-1, max-image-preview:large, max-video-preview:-1\" \/>\n<link rel=\"canonical\" href=\"http:\/\/elregionalvm.com.ar\/noticias-villa-maria\/pesar-por-la-muerte-de-mario-oliveto-locutor-de-ordonez\/\" \/>\n<meta property=\"og:locale\" content=\"es_ES\" \/>\n<meta property=\"og:type\" content=\"article\" \/>\n<meta property=\"og:title\" content=\"Pesar por la muerte de Mario Oliveto, locutor de Ordo\u00f1ez - El Regional\" \/>\n<meta property=\"og:description\" content=\"Pesar en la comunidad de Ordo\u00f1ez, por la muerte del locutor y comunicador social Mario Oliveto, quien ven\u00eda atravesando una dif\u00edcil situaci\u00f3n de salud y estaba internado en Villa Mar\u00eda. Mario Oliveto era propietario de FM G\u00e9nesis en la localidad de Ordo\u00f1ez, adem\u00e1s era conductor del noticiero de TV llamado Rese\u00f1a Semanal, emitido en el [&hellip;]\" \/>\n<meta property=\"og:url\" content=\"http:\/\/elregionalvm.com.ar\/noticias-villa-maria\/pesar-por-la-muerte-de-mario-oliveto-locutor-de-ordonez\/\" \/>\n<meta property=\"og:site_name\" content=\"El Regional\" \/>\n<meta property=\"article:publisher\" content=\"https:\/\/www.facebook.com\/elregionalvm\" \/>\n<meta property=\"article:published_time\" content=\"2021-12-27T21:30:06+00:00\" \/>\n<meta property=\"article:modified_time\" content=\"2021-12-27T21:30:07+00:00\" \/>\n<meta property=\"og:image\" content=\"http:\/\/elregionalvm.com.ar\/noticias-villa-maria\/wp-content\/uploads\/2021\/12\/Oliveto.png\" \/>\n\t<meta property=\"og:image:width\" content=\"591\" \/>\n\t<meta property=\"og:image:height\" content=\"461\" \/>\n\t<meta property=\"og:image:type\" content=\"image\/png\" \/>\n<meta name=\"author\" content=\"Contenidos El Regional\" \/>\n<meta name=\"twitter:card\" content=\"summary_large_image\" \/>\n<meta name=\"twitter:creator\" content=\"@elregionalvm1\" \/>\n<meta name=\"twitter:site\" content=\"@elregionalvm1\" \/>\n<meta name=\"twitter:label1\" content=\"Escrito por\" \/>\n\t<meta name=\"twitter:data1\" content=\"Contenidos El Regional\" \/>\n\t<meta name=\"twitter:label2\" content=\"Tiempo de lectura\" \/>\n\t<meta name=\"twitter:data2\" content=\"1 minuto\" \/>\n<script type=\"application\/ld+json\" class=\"yoast-schema-graph\">{\"@context\":\"https:\/\/schema.org\",\"@graph\":[{\"@type\":\"Article\",\"@id\":\"http:\/\/elregionalvm.com.ar\/noticias-villa-maria\/pesar-por-la-muerte-de-mario-oliveto-locutor-de-ordonez\/#article\",\"isPartOf\":{\"@id\":\"http:\/\/elregionalvm.com.ar\/noticias-villa-maria\/pesar-por-la-muerte-de-mario-oliveto-locutor-de-ordonez\/\"},\"author\":{\"name\":\"Contenidos El Regional\",\"@id\":\"http:\/\/elregionalvm.com.ar\/noticias-villa-maria\/#\/schema\/person\/a0fb9c422317faca23d50163151bc354\"},\"headline\":\"Pesar por la muerte de Mario Oliveto, locutor de Ordo\u00f1ez\",\"datePublished\":\"2021-12-27T21:30:06+00:00\",\"dateModified\":\"2021-12-27T21:30:07+00:00\",\"mainEntityOfPage\":{\"@id\":\"http:\/\/elregionalvm.com.ar\/noticias-villa-maria\/pesar-por-la-muerte-de-mario-oliveto-locutor-de-ordonez\/\"},\"wordCount\":247,\"commentCount\":0,\"image\":{\"@id\":\"http:\/\/elregionalvm.com.ar\/noticias-villa-maria\/pesar-por-la-muerte-de-mario-oliveto-locutor-de-ordonez\/#primaryimage\"},\"thumbnailUrl\":\"https:\/\/i0.wp.com\/elregionalvm.com.ar\/noticias-villa-maria\/wp-content\/uploads\/2021\/12\/Oliveto.png?fit=591%2C461&ssl=1\",\"keywords\":[\"40 a\u00f1os\",\"destacado\",\"fallecimiento\",\"locutor\",\"Mario Oliveto\",\"Neumon\u00eda bilateral\",\"Ordo\u00f1ez\"],\"articleSection\":[\"Regi\u00f3n\"],\"inLanguage\":\"es\",\"potentialAction\":[{\"@type\":\"CommentAction\",\"name\":\"Comment\",\"target\":[\"http:\/\/elregionalvm.com.ar\/noticias-villa-maria\/pesar-por-la-muerte-de-mario-oliveto-locutor-de-ordonez\/#respond\"]}]},{\"@type\":\"WebPage\",\"@id\":\"http:\/\/elregionalvm.com.ar\/noticias-villa-maria\/pesar-por-la-muerte-de-mario-oliveto-locutor-de-ordonez\/\",\"url\":\"http:\/\/elregionalvm.com.ar\/noticias-villa-maria\/pesar-por-la-muerte-de-mario-oliveto-locutor-de-ordonez\/\",\"name\":\"Pesar por la muerte de Mario Oliveto, locutor de Ordo\u00f1ez - El Regional\",\"isPartOf\":{\"@id\":\"http:\/\/elregionalvm.com.ar\/noticias-villa-maria\/#website\"},\"primaryImageOfPage\":{\"@id\":\"http:\/\/elregionalvm.com.ar\/noticias-villa-maria\/pesar-por-la-muerte-de-mario-oliveto-locutor-de-ordonez\/#primaryimage\"},\"image\":{\"@id\":\"http:\/\/elregionalvm.com.ar\/noticias-villa-maria\/pesar-por-la-muerte-de-mario-oliveto-locutor-de-ordonez\/#primaryimage\"},\"thumbnailUrl\":\"https:\/\/i0.wp.com\/elregionalvm.com.ar\/noticias-villa-maria\/wp-content\/uploads\/2021\/12\/Oliveto.png?fit=591%2C461&ssl=1\",\"datePublished\":\"2021-12-27T21:30:06+00:00\",\"dateModified\":\"2021-12-27T21:30:07+00:00\",\"author\":{\"@id\":\"http:\/\/elregionalvm.com.ar\/noticias-villa-maria\/#\/schema\/person\/a0fb9c422317faca23d50163151bc354\"},\"breadcrumb\":{\"@id\":\"http:\/\/elregionalvm.com.ar\/noticias-villa-maria\/pesar-por-la-muerte-de-mario-oliveto-locutor-de-ordonez\/#breadcrumb\"},\"inLanguage\":\"es\",\"potentialAction\":[{\"@type\":\"ReadAction\",\"target\":[\"http:\/\/elregionalvm.com.ar\/noticias-villa-maria\/pesar-por-la-muerte-de-mario-oliveto-locutor-de-ordonez\/\"]}]},{\"@type\":\"ImageObject\",\"inLanguage\":\"es\",\"@id\":\"http:\/\/elregionalvm.com.ar\/noticias-villa-maria\/pesar-por-la-muerte-de-mario-oliveto-locutor-de-ordonez\/#primaryimage\",\"url\":\"https:\/\/i0.wp.com\/elregionalvm.com.ar\/noticias-villa-maria\/wp-content\/uploads\/2021\/12\/Oliveto.png?fit=591%2C461&ssl=1\",\"contentUrl\":\"https:\/\/i0.wp.com\/elregionalvm.com.ar\/noticias-villa-maria\/wp-content\/uploads\/2021\/12\/Oliveto.png?fit=591%2C461&ssl=1\",\"width\":591,\"height\":461},{\"@type\":\"BreadcrumbList\",\"@id\":\"http:\/\/elregionalvm.com.ar\/noticias-villa-maria\/pesar-por-la-muerte-de-mario-oliveto-locutor-de-ordonez\/#breadcrumb\",\"itemListElement\":[{\"@type\":\"ListItem\",\"position\":1,\"name\":\"Portada\",\"item\":\"https:\/\/elregionalvm.com.ar\/noticias-villa-maria\/\"},{\"@type\":\"ListItem\",\"position\":2,\"name\":\"Pesar por la muerte de Mario Oliveto, locutor de Ordo\u00f1ez\"}]},{\"@type\":\"WebSite\",\"@id\":\"http:\/\/elregionalvm.com.ar\/noticias-villa-maria\/#website\",\"url\":\"http:\/\/elregionalvm.com.ar\/noticias-villa-maria\/\",\"name\":\"El Regional\",\"description\":\"Mucho m\u00e1s que informaci\u00f3n\",\"potentialAction\":[{\"@type\":\"SearchAction\",\"target\":{\"@type\":\"EntryPoint\",\"urlTemplate\":\"http:\/\/elregionalvm.com.ar\/noticias-villa-maria\/?s={search_term_string}\"},\"query-input\":{\"@type\":\"PropertyValueSpecification\",\"valueRequired\":true,\"valueName\":\"search_term_string\"}}],\"inLanguage\":\"es\"},{\"@type\":\"Person\",\"@id\":\"http:\/\/elregionalvm.com.ar\/noticias-villa-maria\/#\/schema\/person\/a0fb9c422317faca23d50163151bc354\",\"name\":\"Contenidos El Regional\",\"image\":{\"@type\":\"ImageObject\",\"inLanguage\":\"es\",\"@id\":\"http:\/\/elregionalvm.com.ar\/noticias-villa-maria\/#\/schema\/person\/image\/\",\"url\":\"https:\/\/secure.gravatar.com\/avatar\/265b27cb2209af7bb3a1318f03305787d7981a5cc6e6cd08fe5a4ecdf99d4b48?s=96&d=mm&r=g\",\"contentUrl\":\"https:\/\/secure.gravatar.com\/avatar\/265b27cb2209af7bb3a1318f03305787d7981a5cc6e6cd08fe5a4ecdf99d4b48?s=96&d=mm&r=g\",\"caption\":\"Contenidos El Regional\"},\"url\":\"https:\/\/elregionalvm.com.ar\/noticias-villa-maria\/author\/contenido\/\"}]}<\/script>\n<!-- \/ Yoast SEO plugin. -->","yoast_head_json":{"title":"Pesar por la muerte de Mario Oliveto, locutor de Ordo\u00f1ez - El Regional","robots":{"index":"index","follow":"follow","max-snippet":"max-snippet:-1","max-image-preview":"max-image-preview:large","max-video-preview":"max-video-preview:-1"},"canonical":"http:\/\/elregionalvm.com.ar\/noticias-villa-maria\/pesar-por-la-muerte-de-mario-oliveto-locutor-de-ordonez\/","og_locale":"es_ES","og_type":"article","og_title":"Pesar por la muerte de Mario Oliveto, locutor de Ordo\u00f1ez - El Regional","og_description":"Pesar en la comunidad de Ordo\u00f1ez, por la muerte del locutor y comunicador social Mario Oliveto, quien ven\u00eda atravesando una dif\u00edcil situaci\u00f3n de salud y estaba internado en Villa Mar\u00eda. Mario Oliveto era propietario de FM G\u00e9nesis en la localidad de Ordo\u00f1ez, adem\u00e1s era conductor del noticiero de TV llamado Rese\u00f1a Semanal, emitido en el [&hellip;]","og_url":"http:\/\/elregionalvm.com.ar\/noticias-villa-maria\/pesar-por-la-muerte-de-mario-oliveto-locutor-de-ordonez\/","og_site_name":"El Regional","article_publisher":"https:\/\/www.facebook.com\/elregionalvm","article_published_time":"2021-12-27T21:30:06+00:00","article_modified_time":"2021-12-27T21:30:07+00:00","og_image":[{"width":591,"height":461,"url":"http:\/\/elregionalvm.com.ar\/noticias-villa-maria\/wp-content\/uploads\/2021\/12\/Oliveto.png","type":"image\/png"}],"author":"Contenidos El Regional","twitter_card":"summary_large_image","twitter_creator":"@elregionalvm1","twitter_site":"@elregionalvm1","twitter_misc":{"Escrito por":"Contenidos El Regional","Tiempo de lectura":"1 minuto"},"schema":{"@context":"https:\/\/schema.org","@graph":[{"@type":"Article","@id":"http:\/\/elregionalvm.com.ar\/noticias-villa-maria\/pesar-por-la-muerte-de-mario-oliveto-locutor-de-ordonez\/#article","isPartOf":{"@id":"http:\/\/elregionalvm.com.ar\/noticias-villa-maria\/pesar-por-la-muerte-de-mario-oliveto-locutor-de-ordonez\/"},"author":{"name":"Contenidos El Regional","@id":"http:\/\/elregionalvm.com.ar\/noticias-villa-maria\/#\/schema\/person\/a0fb9c422317faca23d50163151bc354"},"headline":"Pesar por la muerte de Mario Oliveto, locutor de Ordo\u00f1ez","datePublished":"2021-12-27T21:30:06+00:00","dateModified":"2021-12-27T21:30:07+00:00","mainEntityOfPage":{"@id":"http:\/\/elregionalvm.com.ar\/noticias-villa-maria\/pesar-por-la-muerte-de-mario-oliveto-locutor-de-ordonez\/"},"wordCount":247,"commentCount":0,"image":{"@id":"http:\/\/elregionalvm.com.ar\/noticias-villa-maria\/pesar-por-la-muerte-de-mario-oliveto-locutor-de-ordonez\/#primaryimage"},"thumbnailUrl":"https:\/\/i0.wp.com\/elregionalvm.com.ar\/noticias-villa-maria\/wp-content\/uploads\/2021\/12\/Oliveto.png?fit=591%2C461&ssl=1","keywords":["40 a\u00f1os","destacado","fallecimiento","locutor","Mario Oliveto","Neumon\u00eda bilateral","Ordo\u00f1ez"],"articleSection":["Regi\u00f3n"],"inLanguage":"es","potentialAction":[{"@type":"CommentAction","name":"Comment","target":["http:\/\/elregionalvm.com.ar\/noticias-villa-maria\/pesar-por-la-muerte-de-mario-oliveto-locutor-de-ordonez\/#respond"]}]},{"@type":"WebPage","@id":"http:\/\/elregionalvm.com.ar\/noticias-villa-maria\/pesar-por-la-muerte-de-mario-oliveto-locutor-de-ordonez\/","url":"http:\/\/elregionalvm.com.ar\/noticias-villa-maria\/pesar-por-la-muerte-de-mario-oliveto-locutor-de-ordonez\/","name":"Pesar por la muerte de Mario Oliveto, locutor de Ordo\u00f1ez - El Regional","isPartOf":{"@id":"http:\/\/elregionalvm.com.ar\/noticias-villa-maria\/#website"},"primaryImageOfPage":{"@id":"http:\/\/elregionalvm.com.ar\/noticias-villa-maria\/pesar-por-la-muerte-de-mario-oliveto-locutor-de-ordonez\/#primaryimage"},"image":{"@id":"http:\/\/elregionalvm.com.ar\/noticias-villa-maria\/pesar-por-la-muerte-de-mario-oliveto-locutor-de-ordonez\/#primaryimage"},"thumbnailUrl":"https:\/\/i0.wp.com\/elregionalvm.com.ar\/noticias-villa-maria\/wp-content\/uploads\/2021\/12\/Oliveto.png?fit=591%2C461&ssl=1","datePublished":"2021-12-27T21:30:06+00:00","dateModified":"2021-12-27T21:30:07+00:00","author":{"@id":"http:\/\/elregionalvm.com.ar\/noticias-villa-maria\/#\/schema\/person\/a0fb9c422317faca23d50163151bc354"},"breadcrumb":{"@id":"http:\/\/elregionalvm.com.ar\/noticias-villa-maria\/pesar-por-la-muerte-de-mario-oliveto-locutor-de-ordonez\/#breadcrumb"},"inLanguage":"es","potentialAction":[{"@type":"ReadAction","target":["http:\/\/elregionalvm.com.ar\/noticias-villa-maria\/pesar-por-la-muerte-de-mario-oliveto-locutor-de-ordonez\/"]}]},{"@type":"ImageObject","inLanguage":"es","@id":"http:\/\/elregionalvm.com.ar\/noticias-villa-maria\/pesar-por-la-muerte-de-mario-oliveto-locutor-de-ordonez\/#primaryimage","url":"https:\/\/i0.wp.com\/elregionalvm.com.ar\/noticias-villa-maria\/wp-content\/uploads\/2021\/12\/Oliveto.png?fit=591%2C461&ssl=1","contentUrl":"https:\/\/i0.wp.com\/elregionalvm.com.ar\/noticias-villa-maria\/wp-content\/uploads\/2021\/12\/Oliveto.png?fit=591%2C461&ssl=1","width":591,"height":461},{"@type":"BreadcrumbList","@id":"http:\/\/elregionalvm.com.ar\/noticias-villa-maria\/pesar-por-la-muerte-de-mario-oliveto-locutor-de-ordonez\/#breadcrumb","itemListElement":[{"@type":"ListItem","position":1,"name":"Portada","item":"https:\/\/elregionalvm.com.ar\/noticias-villa-maria\/"},{"@type":"ListItem","position":2,"name":"Pesar por la muerte de Mario Oliveto, locutor de Ordo\u00f1ez"}]},{"@type":"WebSite","@id":"http:\/\/elregionalvm.com.ar\/noticias-villa-maria\/#website","url":"http:\/\/elregionalvm.com.ar\/noticias-villa-maria\/","name":"El Regional","description":"Mucho m\u00e1s que informaci\u00f3n","potentialAction":[{"@type":"SearchAction","target":{"@type":"EntryPoint","urlTemplate":"http:\/\/elregionalvm.com.ar\/noticias-villa-maria\/?s={search_term_string}"},"query-input":{"@type":"PropertyValueSpecification","valueRequired":true,"valueName":"search_term_string"}}],"inLanguage":"es"},{"@type":"Person","@id":"http:\/\/elregionalvm.com.ar\/noticias-villa-maria\/#\/schema\/person\/a0fb9c422317faca23d50163151bc354","name":"Contenidos El Regional","image":{"@type":"ImageObject","inLanguage":"es","@id":"http:\/\/elregionalvm.com.ar\/noticias-villa-maria\/#\/schema\/person\/image\/","url":"https:\/\/secure.gravatar.com\/avatar\/265b27cb2209af7bb3a1318f03305787d7981a5cc6e6cd08fe5a4ecdf99d4b48?s=96&d=mm&r=g","contentUrl":"https:\/\/secure.gravatar.com\/avatar\/265b27cb2209af7bb3a1318f03305787d7981a5cc6e6cd08fe5a4ecdf99d4b48?s=96&d=mm&r=g","caption":"Contenidos El Regional"},"url":"https:\/\/elregionalvm.com.ar\/noticias-villa-maria\/author\/contenido\/"}]}},"jetpack_featured_media_url":"https:\/\/i0.wp.com\/elregionalvm.com.ar\/noticias-villa-maria\/wp-content\/uploads\/2021\/12\/Oliveto.png?fit=591%2C461&ssl=1","jetpack_sharing_enabled":true,"_links":{"self":[{"href":"https:\/\/elregionalvm.com.ar\/noticias-villa-maria\/wp-json\/wp\/v2\/posts\/50313","targetHints":{"allow":["GET"]}}],"collection":[{"href":"https:\/\/elregionalvm.com.ar\/noticias-villa-maria\/wp-json\/wp\/v2\/posts"}],"about":[{"href":"https:\/\/elregionalvm.com.ar\/noticias-villa-maria\/wp-json\/wp\/v2\/types\/post"}],"author":[{"embeddable":true,"href":"https:\/\/elregionalvm.com.ar\/noticias-villa-maria\/wp-json\/wp\/v2\/users\/4"}],"replies":[{"embeddable":true,"href":"https:\/\/elregionalvm.com.ar\/noticias-villa-maria\/wp-json\/wp\/v2\/comments?post=50313"}],"version-history":[{"count":1,"href":"https:\/\/elregionalvm.com.ar\/noticias-villa-maria\/wp-json\/wp\/v2\/posts\/50313\/revisions"}],"predecessor-version":[{"id":50315,"href":"https:\/\/elregionalvm.com.ar\/noticias-villa-maria\/wp-json\/wp\/v2\/posts\/50313\/revisions\/50315"}],"wp:featuredmedia":[{"embeddable":true,"href":"https:\/\/elregionalvm.com.ar\/noticias-villa-maria\/wp-json\/wp\/v2\/media\/50314"}],"wp:attachment":[{"href":"https:\/\/elregionalvm.com.ar\/noticias-villa-maria\/wp-json\/wp\/v2\/media?parent=50313"}],"wp:term":[{"taxonomy":"category","embeddable":true,"href":"https:\/\/elregionalvm.com.ar\/noticias-villa-maria\/wp-json\/wp\/v2\/categories?post=50313"},{"taxonomy":"post_tag","embeddable":true,"href":"https:\/\/elregionalvm.com.ar\/noticias-villa-maria\/wp-json\/wp\/v2\/tags?post=50313"}],"curies":[{"name":"wp","href":"https:\/\/api.w.org\/{rel}","templated":true}]}}