{"id":50324,"date":"2021-12-27T23:44:54","date_gmt":"2021-12-27T23:44:54","guid":{"rendered":"https:\/\/elregionalvm.com.ar\/noticias-villa-maria\/?p=50324"},"modified":"2021-12-28T03:47:00","modified_gmt":"2021-12-28T03:47:00","slug":"de-falco-y-caronni-ecos-politicos-del-regreso-de-gill-a-villa-maria","status":"publish","type":"post","link":"https:\/\/elregionalvm.com.ar\/noticias-villa-maria\/de-falco-y-caronni-ecos-politicos-del-regreso-de-gill-a-villa-maria\/","title":{"rendered":"De Falco y Caronni: Ecos pol\u00edticos del regreso de Gill a Villa Mar\u00eda"},"content":{"rendered":"\n<p>Carlos De Falco, vicepresidente del Concejo Deliberante de Villa Mar\u00eda, en una entrevista con Miguel Andreis en Radio Centro este lunes por la tarde, destac\u00f3 que se alegra que Gill vuelva y con muchas ganas porque es lo que hace falta, y que se hace menester que haya una renovaci\u00f3n integral del gobierno local, con cambio de gabinete incluido.<\/p>\n\n\n\n<p>Indic\u00f3 que el ofrecimiento para hacerse cargo de la intendencia no se dio como hubiera querido cuando se lo propusieron, \u00abera necesario emprolijar muchas cosas que al final no se emprolijaron, era el hombre indicado para esto, no porque sea un s\u00faper hombre, sino porque tengo mucha experiencia en esto. Al final se decidi\u00f3 lo contrario y entend\u00ed que lo mejor era acatar lo que se propon\u00eda para no generar un problema mayor a nivel partidario\u00bb, asever\u00f3 De Falco.<\/p>\n\n\n\n<p>Agreg\u00f3 adem\u00e1s, \u00abhace tiempo se lo dije personalmente a Mart\u00edn de la necesidad de hacer algo para volver a enamorar al electorado, y las elecciones \u00faltimas terminaron reafirmando lo que digo, porque fuimos derrotados en nuestra propia ciudad, entonces la gente nos est\u00e1 queriendo decir algo. Lo peor que nos puede pasar es no tomar raz\u00f3n de eso\u00bb.<\/p>\n\n\n\n<p>Sigui\u00f3 contando que no hubo un nuevo ofrecimiento para \u00e9l para tomar el cargo de intendente interino, destacando que ha seguido colaborando con el gobierno local, con esp\u00edritu cr\u00edtico, pero colaborando. Sostuvo que \u00abno es una cuesti\u00f3n interna del peronismo, que se trata de algunas cuestiones entre personas\u00bb.<\/p>\n\n\n\n<p>Asever\u00f3 De Falco: \u00abYo seguir\u00e9 con mi trabajo como lo hago todos los d\u00edas, y voy a seguir luchando por lo que yo pienso\u00bb. Dijo que no sabe si Rosso volver\u00e1 a la presidencia del Concejo, \u00abpero no hace falta ser presidente, hace falta ser concejal, porque el presidente no es m\u00e1s que un concejal y cuando uno tiene ideas y ganas, y proyectos como los que tengo yo, ya que tengo varios en carpeta, esperando que pasaran las elecciones, despu\u00e9s los cargos los vamos a ver\u00bb.<\/p>\n\n\n\n<p>Se\u00f1al\u00f3 que \u00ablas obras que ha tra\u00eddo Gill son importantes, pero que hay una necesidad de trabajar sobre lo urgente, para que la gente que m\u00e1s lo necesita se vea beneficiada. Porque en estos momentos nosotros tenemos muchas carencias que no se est\u00e1n cubriendo. A m\u00ed esas carencias me importan y mucho, y siempre voy a estar vigilante en poder cumplir con los que menos tienen, los que m\u00e1s nos necesitan\u00bb.<\/p>\n\n\n\n<p><strong>La opini\u00f3n de Luis Caronni<\/strong><\/p>\n\n\n\n<p>A trav\u00e9s de un breve pero contundente comunicado, el concejal de Vamos Villa Mar\u00eda destac\u00f3 lo siguiente: \u00abLa verdad siempre triunfa\u00bb.<\/p>\n\n\n\n<p>Agregando: \u00abEl intendente huido, ha dejado de serlo, nuestra lucha pol\u00edtica y denuncia p\u00fablica ha dado sus frutos. Gill vuelve de donde nunca se pudo haber alejado sin renunciar.<br>Nunca m\u00e1s se debe avasallar y pisotear nuestra Carta Org\u00e1nica Municipal. As\u00ed como en esta oportunidad, pondremos celo, dedicaci\u00f3n, honestidad para que no vuelva suceder.<br>Seguir\u00e9 con ah\u00ednco por el camino que nos lleve en el 2023, a gobernar , a trav\u00e9s de una coalici\u00f3n democr\u00e1tica y con el mejor candidato que podamos ofrecer, una ciudad d\u00f3nde el progreso, la austeridad y la honestidad sean una realidad\u00bb.<\/p>\n","protected":false},"excerpt":{"rendered":"<p>Carlos De Falco, vicepresidente del Concejo Deliberante de Villa Mar\u00eda, en una entrevista con Miguel Andreis en Radio Centro este lunes por la tarde, destac\u00f3 que se alegra que Gill vuelva y con muchas ganas porque es lo que hace falta, y que se hace menester que haya una renovaci\u00f3n integral del gobierno local, con [&hellip;]<\/p>\n","protected":false},"author":4,"featured_media":50325,"comment_status":"open","ping_status":"open","sticky":false,"template":"","format":"standard","meta":{"site-sidebar-layout":"default","site-content-layout":"default","ast-site-content-layout":"default","site-content-style":"default","site-sidebar-style":"default","ast-global-header-display":"","ast-banner-title-visibility":"","ast-main-header-display":"","ast-hfb-above-header-display":"","ast-hfb-below-header-display":"","ast-hfb-mobile-header-display":"","site-post-title":"","ast-breadcrumbs-content":"","ast-featured-img":"","footer-sml-layout":"","ast-disable-related-posts":"","theme-transparent-header-meta":"default","adv-header-id-meta":"","stick-header-meta":"","header-above-stick-meta":"","header-main-stick-meta":"","header-below-stick-meta":"","astra-migrate-meta-layouts":"default","ast-page-background-enabled":"default","ast-page-background-meta":{"desktop":{"background-color":"","background-image":"","background-repeat":"repeat","background-position":"center center","background-size":"auto","background-attachment":"scroll","background-type":"","background-media":"","overlay-type":"","overlay-color":"","overlay-opacity":"","overlay-gradient":""},"tablet":{"background-color":"","background-image":"","background-repeat":"repeat","background-position":"center center","background-size":"auto","background-attachment":"scroll","background-type":"","background-media":"","overlay-type":"","overlay-color":"","overlay-opacity":"","overlay-gradient":""},"mobile":{"background-color":"","background-image":"","background-repeat":"repeat","background-position":"center center","background-size":"auto","background-attachment":"scroll","background-type":"","background-media":"","overlay-type":"","overlay-color":"","overlay-opacity":"","overlay-gradient":""}},"ast-content-background-meta":{"desktop":{"background-color":"var(--ast-global-color-5)","background-image":"","background-repeat":"repeat","background-position":"center center","background-size":"auto","background-attachment":"scroll","background-type":"","background-media":"","overlay-type":"","overlay-color":"","overlay-opacity":"","overlay-gradient":""},"tablet":{"background-color":"var(--ast-global-color-5)","background-image":"","background-repeat":"repeat","background-position":"center center","background-size":"auto","background-attachment":"scroll","background-type":"","background-media":"","overlay-type":"","overlay-color":"","overlay-opacity":"","overlay-gradient":""},"mobile":{"background-color":"var(--ast-global-color-5)","background-image":"","background-repeat":"repeat","background-position":"center center","background-size":"auto","background-attachment":"scroll","background-type":"","background-media":"","overlay-type":"","overlay-color":"","overlay-opacity":"","overlay-gradient":""}},"_jetpack_memberships_contains_paid_content":false,"_joinchat":[],"footnotes":""},"categories":[2089],"tags":[3945,1232,12994,2833,12996,12995],"class_list":["post-50324","post","type-post","status-publish","format-standard","has-post-thumbnail","hentry","category-politica","tag-carlos-de-falco","tag-destacado","tag-ecos-politicos","tag-luis-caronni","tag-opiniones","tag-regreso-de-martin-gill"],"yoast_head":"<!-- This site is optimized with the Yoast SEO plugin v26.8 - https:\/\/yoast.com\/product\/yoast-seo-wordpress\/ -->\n<title>De Falco y Caronni: Ecos pol\u00edticos del regreso de Gill a Villa Mar\u00eda - El Regional<\/title>\n<meta name=\"robots\" content=\"index, follow, max-snippet:-1, max-image-preview:large, max-video-preview:-1\" \/>\n<link rel=\"canonical\" href=\"http:\/\/elregionalvm.com.ar\/noticias-villa-maria\/de-falco-y-caronni-ecos-politicos-del-regreso-de-gill-a-villa-maria\/\" \/>\n<meta property=\"og:locale\" content=\"es_ES\" \/>\n<meta property=\"og:type\" content=\"article\" \/>\n<meta property=\"og:title\" content=\"De Falco y Caronni: Ecos pol\u00edticos del regreso de Gill a Villa Mar\u00eda - El Regional\" \/>\n<meta property=\"og:description\" content=\"Carlos De Falco, vicepresidente del Concejo Deliberante de Villa Mar\u00eda, en una entrevista con Miguel Andreis en Radio Centro este lunes por la tarde, destac\u00f3 que se alegra que Gill vuelva y con muchas ganas porque es lo que hace falta, y que se hace menester que haya una renovaci\u00f3n integral del gobierno local, con [&hellip;]\" \/>\n<meta property=\"og:url\" content=\"http:\/\/elregionalvm.com.ar\/noticias-villa-maria\/de-falco-y-caronni-ecos-politicos-del-regreso-de-gill-a-villa-maria\/\" \/>\n<meta property=\"og:site_name\" content=\"El Regional\" \/>\n<meta property=\"article:publisher\" content=\"https:\/\/www.facebook.com\/elregionalvm\" \/>\n<meta property=\"article:published_time\" content=\"2021-12-27T23:44:54+00:00\" \/>\n<meta property=\"article:modified_time\" content=\"2021-12-28T03:47:00+00:00\" \/>\n<meta property=\"og:image\" content=\"http:\/\/elregionalvm.com.ar\/noticias-villa-maria\/wp-content\/uploads\/2021\/12\/caronni-y-de-falco.png\" \/>\n\t<meta property=\"og:image:width\" content=\"590\" \/>\n\t<meta property=\"og:image:height\" content=\"290\" \/>\n\t<meta property=\"og:image:type\" content=\"image\/png\" \/>\n<meta name=\"author\" content=\"Contenidos El Regional\" \/>\n<meta name=\"twitter:card\" content=\"summary_large_image\" \/>\n<meta name=\"twitter:creator\" content=\"@elregionalvm1\" \/>\n<meta name=\"twitter:site\" content=\"@elregionalvm1\" \/>\n<meta name=\"twitter:label1\" content=\"Escrito por\" \/>\n\t<meta name=\"twitter:data1\" content=\"Contenidos El Regional\" \/>\n\t<meta name=\"twitter:label2\" content=\"Tiempo de lectura\" \/>\n\t<meta name=\"twitter:data2\" content=\"3 minutos\" \/>\n<script type=\"application\/ld+json\" class=\"yoast-schema-graph\">{\"@context\":\"https:\/\/schema.org\",\"@graph\":[{\"@type\":\"Article\",\"@id\":\"http:\/\/elregionalvm.com.ar\/noticias-villa-maria\/de-falco-y-caronni-ecos-politicos-del-regreso-de-gill-a-villa-maria\/#article\",\"isPartOf\":{\"@id\":\"http:\/\/elregionalvm.com.ar\/noticias-villa-maria\/de-falco-y-caronni-ecos-politicos-del-regreso-de-gill-a-villa-maria\/\"},\"author\":{\"name\":\"Contenidos El Regional\",\"@id\":\"http:\/\/elregionalvm.com.ar\/noticias-villa-maria\/#\/schema\/person\/a0fb9c422317faca23d50163151bc354\"},\"headline\":\"De Falco y Caronni: Ecos pol\u00edticos del regreso de Gill a Villa Mar\u00eda\",\"datePublished\":\"2021-12-27T23:44:54+00:00\",\"dateModified\":\"2021-12-28T03:47:00+00:00\",\"mainEntityOfPage\":{\"@id\":\"http:\/\/elregionalvm.com.ar\/noticias-villa-maria\/de-falco-y-caronni-ecos-politicos-del-regreso-de-gill-a-villa-maria\/\"},\"wordCount\":568,\"commentCount\":0,\"image\":{\"@id\":\"http:\/\/elregionalvm.com.ar\/noticias-villa-maria\/de-falco-y-caronni-ecos-politicos-del-regreso-de-gill-a-villa-maria\/#primaryimage\"},\"thumbnailUrl\":\"https:\/\/i0.wp.com\/elregionalvm.com.ar\/noticias-villa-maria\/wp-content\/uploads\/2021\/12\/caronni-y-de-falco.png?fit=590%2C290&ssl=1\",\"keywords\":[\"Carlos De Falco\",\"destacado\",\"ecos pol\u00edticos\",\"Luis Caronni\",\"opiniones\",\"regreso de Mart\u00edn Gill\"],\"articleSection\":[\"Pol\u00edtica\"],\"inLanguage\":\"es\",\"potentialAction\":[{\"@type\":\"CommentAction\",\"name\":\"Comment\",\"target\":[\"http:\/\/elregionalvm.com.ar\/noticias-villa-maria\/de-falco-y-caronni-ecos-politicos-del-regreso-de-gill-a-villa-maria\/#respond\"]}]},{\"@type\":\"WebPage\",\"@id\":\"http:\/\/elregionalvm.com.ar\/noticias-villa-maria\/de-falco-y-caronni-ecos-politicos-del-regreso-de-gill-a-villa-maria\/\",\"url\":\"http:\/\/elregionalvm.com.ar\/noticias-villa-maria\/de-falco-y-caronni-ecos-politicos-del-regreso-de-gill-a-villa-maria\/\",\"name\":\"De Falco y Caronni: Ecos pol\u00edticos del regreso de Gill a Villa Mar\u00eda - El Regional\",\"isPartOf\":{\"@id\":\"http:\/\/elregionalvm.com.ar\/noticias-villa-maria\/#website\"},\"primaryImageOfPage\":{\"@id\":\"http:\/\/elregionalvm.com.ar\/noticias-villa-maria\/de-falco-y-caronni-ecos-politicos-del-regreso-de-gill-a-villa-maria\/#primaryimage\"},\"image\":{\"@id\":\"http:\/\/elregionalvm.com.ar\/noticias-villa-maria\/de-falco-y-caronni-ecos-politicos-del-regreso-de-gill-a-villa-maria\/#primaryimage\"},\"thumbnailUrl\":\"https:\/\/i0.wp.com\/elregionalvm.com.ar\/noticias-villa-maria\/wp-content\/uploads\/2021\/12\/caronni-y-de-falco.png?fit=590%2C290&ssl=1\",\"datePublished\":\"2021-12-27T23:44:54+00:00\",\"dateModified\":\"2021-12-28T03:47:00+00:00\",\"author\":{\"@id\":\"http:\/\/elregionalvm.com.ar\/noticias-villa-maria\/#\/schema\/person\/a0fb9c422317faca23d50163151bc354\"},\"breadcrumb\":{\"@id\":\"http:\/\/elregionalvm.com.ar\/noticias-villa-maria\/de-falco-y-caronni-ecos-politicos-del-regreso-de-gill-a-villa-maria\/#breadcrumb\"},\"inLanguage\":\"es\",\"potentialAction\":[{\"@type\":\"ReadAction\",\"target\":[\"http:\/\/elregionalvm.com.ar\/noticias-villa-maria\/de-falco-y-caronni-ecos-politicos-del-regreso-de-gill-a-villa-maria\/\"]}]},{\"@type\":\"ImageObject\",\"inLanguage\":\"es\",\"@id\":\"http:\/\/elregionalvm.com.ar\/noticias-villa-maria\/de-falco-y-caronni-ecos-politicos-del-regreso-de-gill-a-villa-maria\/#primaryimage\",\"url\":\"https:\/\/i0.wp.com\/elregionalvm.com.ar\/noticias-villa-maria\/wp-content\/uploads\/2021\/12\/caronni-y-de-falco.png?fit=590%2C290&ssl=1\",\"contentUrl\":\"https:\/\/i0.wp.com\/elregionalvm.com.ar\/noticias-villa-maria\/wp-content\/uploads\/2021\/12\/caronni-y-de-falco.png?fit=590%2C290&ssl=1\",\"width\":590,\"height\":290},{\"@type\":\"BreadcrumbList\",\"@id\":\"http:\/\/elregionalvm.com.ar\/noticias-villa-maria\/de-falco-y-caronni-ecos-politicos-del-regreso-de-gill-a-villa-maria\/#breadcrumb\",\"itemListElement\":[{\"@type\":\"ListItem\",\"position\":1,\"name\":\"Portada\",\"item\":\"https:\/\/elregionalvm.com.ar\/noticias-villa-maria\/\"},{\"@type\":\"ListItem\",\"position\":2,\"name\":\"De Falco y Caronni: Ecos pol\u00edticos del regreso de Gill a Villa Mar\u00eda\"}]},{\"@type\":\"WebSite\",\"@id\":\"http:\/\/elregionalvm.com.ar\/noticias-villa-maria\/#website\",\"url\":\"http:\/\/elregionalvm.com.ar\/noticias-villa-maria\/\",\"name\":\"El Regional\",\"description\":\"Mucho m\u00e1s que informaci\u00f3n\",\"potentialAction\":[{\"@type\":\"SearchAction\",\"target\":{\"@type\":\"EntryPoint\",\"urlTemplate\":\"http:\/\/elregionalvm.com.ar\/noticias-villa-maria\/?s={search_term_string}\"},\"query-input\":{\"@type\":\"PropertyValueSpecification\",\"valueRequired\":true,\"valueName\":\"search_term_string\"}}],\"inLanguage\":\"es\"},{\"@type\":\"Person\",\"@id\":\"http:\/\/elregionalvm.com.ar\/noticias-villa-maria\/#\/schema\/person\/a0fb9c422317faca23d50163151bc354\",\"name\":\"Contenidos El Regional\",\"image\":{\"@type\":\"ImageObject\",\"inLanguage\":\"es\",\"@id\":\"http:\/\/elregionalvm.com.ar\/noticias-villa-maria\/#\/schema\/person\/image\/\",\"url\":\"https:\/\/secure.gravatar.com\/avatar\/265b27cb2209af7bb3a1318f03305787d7981a5cc6e6cd08fe5a4ecdf99d4b48?s=96&d=mm&r=g\",\"contentUrl\":\"https:\/\/secure.gravatar.com\/avatar\/265b27cb2209af7bb3a1318f03305787d7981a5cc6e6cd08fe5a4ecdf99d4b48?s=96&d=mm&r=g\",\"caption\":\"Contenidos El Regional\"},\"url\":\"https:\/\/elregionalvm.com.ar\/noticias-villa-maria\/author\/contenido\/\"}]}<\/script>\n<!-- \/ Yoast SEO plugin. -->","yoast_head_json":{"title":"De Falco y Caronni: Ecos pol\u00edticos del regreso de Gill a Villa Mar\u00eda - El Regional","robots":{"index":"index","follow":"follow","max-snippet":"max-snippet:-1","max-image-preview":"max-image-preview:large","max-video-preview":"max-video-preview:-1"},"canonical":"http:\/\/elregionalvm.com.ar\/noticias-villa-maria\/de-falco-y-caronni-ecos-politicos-del-regreso-de-gill-a-villa-maria\/","og_locale":"es_ES","og_type":"article","og_title":"De Falco y Caronni: Ecos pol\u00edticos del regreso de Gill a Villa Mar\u00eda - El Regional","og_description":"Carlos De Falco, vicepresidente del Concejo Deliberante de Villa Mar\u00eda, en una entrevista con Miguel Andreis en Radio Centro este lunes por la tarde, destac\u00f3 que se alegra que Gill vuelva y con muchas ganas porque es lo que hace falta, y que se hace menester que haya una renovaci\u00f3n integral del gobierno local, con [&hellip;]","og_url":"http:\/\/elregionalvm.com.ar\/noticias-villa-maria\/de-falco-y-caronni-ecos-politicos-del-regreso-de-gill-a-villa-maria\/","og_site_name":"El Regional","article_publisher":"https:\/\/www.facebook.com\/elregionalvm","article_published_time":"2021-12-27T23:44:54+00:00","article_modified_time":"2021-12-28T03:47:00+00:00","og_image":[{"width":590,"height":290,"url":"http:\/\/elregionalvm.com.ar\/noticias-villa-maria\/wp-content\/uploads\/2021\/12\/caronni-y-de-falco.png","type":"image\/png"}],"author":"Contenidos El Regional","twitter_card":"summary_large_image","twitter_creator":"@elregionalvm1","twitter_site":"@elregionalvm1","twitter_misc":{"Escrito por":"Contenidos El Regional","Tiempo de lectura":"3 minutos"},"schema":{"@context":"https:\/\/schema.org","@graph":[{"@type":"Article","@id":"http:\/\/elregionalvm.com.ar\/noticias-villa-maria\/de-falco-y-caronni-ecos-politicos-del-regreso-de-gill-a-villa-maria\/#article","isPartOf":{"@id":"http:\/\/elregionalvm.com.ar\/noticias-villa-maria\/de-falco-y-caronni-ecos-politicos-del-regreso-de-gill-a-villa-maria\/"},"author":{"name":"Contenidos El Regional","@id":"http:\/\/elregionalvm.com.ar\/noticias-villa-maria\/#\/schema\/person\/a0fb9c422317faca23d50163151bc354"},"headline":"De Falco y Caronni: Ecos pol\u00edticos del regreso de Gill a Villa Mar\u00eda","datePublished":"2021-12-27T23:44:54+00:00","dateModified":"2021-12-28T03:47:00+00:00","mainEntityOfPage":{"@id":"http:\/\/elregionalvm.com.ar\/noticias-villa-maria\/de-falco-y-caronni-ecos-politicos-del-regreso-de-gill-a-villa-maria\/"},"wordCount":568,"commentCount":0,"image":{"@id":"http:\/\/elregionalvm.com.ar\/noticias-villa-maria\/de-falco-y-caronni-ecos-politicos-del-regreso-de-gill-a-villa-maria\/#primaryimage"},"thumbnailUrl":"https:\/\/i0.wp.com\/elregionalvm.com.ar\/noticias-villa-maria\/wp-content\/uploads\/2021\/12\/caronni-y-de-falco.png?fit=590%2C290&ssl=1","keywords":["Carlos De Falco","destacado","ecos pol\u00edticos","Luis Caronni","opiniones","regreso de Mart\u00edn Gill"],"articleSection":["Pol\u00edtica"],"inLanguage":"es","potentialAction":[{"@type":"CommentAction","name":"Comment","target":["http:\/\/elregionalvm.com.ar\/noticias-villa-maria\/de-falco-y-caronni-ecos-politicos-del-regreso-de-gill-a-villa-maria\/#respond"]}]},{"@type":"WebPage","@id":"http:\/\/elregionalvm.com.ar\/noticias-villa-maria\/de-falco-y-caronni-ecos-politicos-del-regreso-de-gill-a-villa-maria\/","url":"http:\/\/elregionalvm.com.ar\/noticias-villa-maria\/de-falco-y-caronni-ecos-politicos-del-regreso-de-gill-a-villa-maria\/","name":"De Falco y Caronni: Ecos pol\u00edticos del regreso de Gill a Villa Mar\u00eda - El Regional","isPartOf":{"@id":"http:\/\/elregionalvm.com.ar\/noticias-villa-maria\/#website"},"primaryImageOfPage":{"@id":"http:\/\/elregionalvm.com.ar\/noticias-villa-maria\/de-falco-y-caronni-ecos-politicos-del-regreso-de-gill-a-villa-maria\/#primaryimage"},"image":{"@id":"http:\/\/elregionalvm.com.ar\/noticias-villa-maria\/de-falco-y-caronni-ecos-politicos-del-regreso-de-gill-a-villa-maria\/#primaryimage"},"thumbnailUrl":"https:\/\/i0.wp.com\/elregionalvm.com.ar\/noticias-villa-maria\/wp-content\/uploads\/2021\/12\/caronni-y-de-falco.png?fit=590%2C290&ssl=1","datePublished":"2021-12-27T23:44:54+00:00","dateModified":"2021-12-28T03:47:00+00:00","author":{"@id":"http:\/\/elregionalvm.com.ar\/noticias-villa-maria\/#\/schema\/person\/a0fb9c422317faca23d50163151bc354"},"breadcrumb":{"@id":"http:\/\/elregionalvm.com.ar\/noticias-villa-maria\/de-falco-y-caronni-ecos-politicos-del-regreso-de-gill-a-villa-maria\/#breadcrumb"},"inLanguage":"es","potentialAction":[{"@type":"ReadAction","target":["http:\/\/elregionalvm.com.ar\/noticias-villa-maria\/de-falco-y-caronni-ecos-politicos-del-regreso-de-gill-a-villa-maria\/"]}]},{"@type":"ImageObject","inLanguage":"es","@id":"http:\/\/elregionalvm.com.ar\/noticias-villa-maria\/de-falco-y-caronni-ecos-politicos-del-regreso-de-gill-a-villa-maria\/#primaryimage","url":"https:\/\/i0.wp.com\/elregionalvm.com.ar\/noticias-villa-maria\/wp-content\/uploads\/2021\/12\/caronni-y-de-falco.png?fit=590%2C290&ssl=1","contentUrl":"https:\/\/i0.wp.com\/elregionalvm.com.ar\/noticias-villa-maria\/wp-content\/uploads\/2021\/12\/caronni-y-de-falco.png?fit=590%2C290&ssl=1","width":590,"height":290},{"@type":"BreadcrumbList","@id":"http:\/\/elregionalvm.com.ar\/noticias-villa-maria\/de-falco-y-caronni-ecos-politicos-del-regreso-de-gill-a-villa-maria\/#breadcrumb","itemListElement":[{"@type":"ListItem","position":1,"name":"Portada","item":"https:\/\/elregionalvm.com.ar\/noticias-villa-maria\/"},{"@type":"ListItem","position":2,"name":"De Falco y Caronni: Ecos pol\u00edticos del regreso de Gill a Villa Mar\u00eda"}]},{"@type":"WebSite","@id":"http:\/\/elregionalvm.com.ar\/noticias-villa-maria\/#website","url":"http:\/\/elregionalvm.com.ar\/noticias-villa-maria\/","name":"El Regional","description":"Mucho m\u00e1s que informaci\u00f3n","potentialAction":[{"@type":"SearchAction","target":{"@type":"EntryPoint","urlTemplate":"http:\/\/elregionalvm.com.ar\/noticias-villa-maria\/?s={search_term_string}"},"query-input":{"@type":"PropertyValueSpecification","valueRequired":true,"valueName":"search_term_string"}}],"inLanguage":"es"},{"@type":"Person","@id":"http:\/\/elregionalvm.com.ar\/noticias-villa-maria\/#\/schema\/person\/a0fb9c422317faca23d50163151bc354","name":"Contenidos El Regional","image":{"@type":"ImageObject","inLanguage":"es","@id":"http:\/\/elregionalvm.com.ar\/noticias-villa-maria\/#\/schema\/person\/image\/","url":"https:\/\/secure.gravatar.com\/avatar\/265b27cb2209af7bb3a1318f03305787d7981a5cc6e6cd08fe5a4ecdf99d4b48?s=96&d=mm&r=g","contentUrl":"https:\/\/secure.gravatar.com\/avatar\/265b27cb2209af7bb3a1318f03305787d7981a5cc6e6cd08fe5a4ecdf99d4b48?s=96&d=mm&r=g","caption":"Contenidos El Regional"},"url":"https:\/\/elregionalvm.com.ar\/noticias-villa-maria\/author\/contenido\/"}]}},"jetpack_featured_media_url":"https:\/\/i0.wp.com\/elregionalvm.com.ar\/noticias-villa-maria\/wp-content\/uploads\/2021\/12\/caronni-y-de-falco.png?fit=590%2C290&ssl=1","jetpack_sharing_enabled":true,"_links":{"self":[{"href":"https:\/\/elregionalvm.com.ar\/noticias-villa-maria\/wp-json\/wp\/v2\/posts\/50324","targetHints":{"allow":["GET"]}}],"collection":[{"href":"https:\/\/elregionalvm.com.ar\/noticias-villa-maria\/wp-json\/wp\/v2\/posts"}],"about":[{"href":"https:\/\/elregionalvm.com.ar\/noticias-villa-maria\/wp-json\/wp\/v2\/types\/post"}],"author":[{"embeddable":true,"href":"https:\/\/elregionalvm.com.ar\/noticias-villa-maria\/wp-json\/wp\/v2\/users\/4"}],"replies":[{"embeddable":true,"href":"https:\/\/elregionalvm.com.ar\/noticias-villa-maria\/wp-json\/wp\/v2\/comments?post=50324"}],"version-history":[{"count":2,"href":"https:\/\/elregionalvm.com.ar\/noticias-villa-maria\/wp-json\/wp\/v2\/posts\/50324\/revisions"}],"predecessor-version":[{"id":50333,"href":"https:\/\/elregionalvm.com.ar\/noticias-villa-maria\/wp-json\/wp\/v2\/posts\/50324\/revisions\/50333"}],"wp:featuredmedia":[{"embeddable":true,"href":"https:\/\/elregionalvm.com.ar\/noticias-villa-maria\/wp-json\/wp\/v2\/media\/50325"}],"wp:attachment":[{"href":"https:\/\/elregionalvm.com.ar\/noticias-villa-maria\/wp-json\/wp\/v2\/media?parent=50324"}],"wp:term":[{"taxonomy":"category","embeddable":true,"href":"https:\/\/elregionalvm.com.ar\/noticias-villa-maria\/wp-json\/wp\/v2\/categories?post=50324"},{"taxonomy":"post_tag","embeddable":true,"href":"https:\/\/elregionalvm.com.ar\/noticias-villa-maria\/wp-json\/wp\/v2\/tags?post=50324"}],"curies":[{"name":"wp","href":"https:\/\/api.w.org\/{rel}","templated":true}]}}