{"id":50327,"date":"2021-12-28T00:02:03","date_gmt":"2021-12-28T00:02:03","guid":{"rendered":"https:\/\/elregionalvm.com.ar\/noticias-villa-maria\/?p=50327"},"modified":"2022-01-07T04:47:40","modified_gmt":"2022-01-07T04:47:40","slug":"conoce-la-grilla-del-festival-de-villa-maria-y-los-precios-de-las-entradas","status":"publish","type":"post","link":"https:\/\/elregionalvm.com.ar\/noticias-villa-maria\/conoce-la-grilla-del-festival-de-villa-maria-y-los-precios-de-las-entradas\/","title":{"rendered":"[Festival de Pe\u00f1as 2022] Conoc\u00e9 la grilla y los precios de las entradas"},"content":{"rendered":"\n<p>Con la presencia de Noelia Macagno, Presidente del Ente Deporte y Turismo; Pablo Rosso, intendente interino y Mart\u00edn Gill, a punto de volver a tomar las riendas de la intendencia de Villa Mar\u00eda, junto a Nora Bedano, Presidenta de la Agencia C\u00f3rdoba Cultura, presentaron la grilla art\u00edstica de la edici\u00f3n N\u00ba 54 de lo que ser\u00e1 en febrero pr\u00f3ximo la nueva edici\u00f3n del Festival de Villa Mar\u00eda.<\/p>\n\n\n\n<p><\/p>\n\n\n\n<figure class=\"wp-block-image size-large\"><img data-recalc-dims=\"1\" fetchpriority=\"high\" decoding=\"async\" width=\"1024\" height=\"788\" src=\"https:\/\/i0.wp.com\/elregionalvm.com.ar\/noticias-villa-maria\/wp-content\/uploads\/2021\/12\/Presentacion-Festival-Penas-2021-autoridades.jpeg?resize=1024%2C788&#038;ssl=1\" alt=\"\" class=\"wp-image-50343\" srcset=\"https:\/\/i0.wp.com\/elregionalvm.com.ar\/noticias-villa-maria\/wp-content\/uploads\/2021\/12\/Presentacion-Festival-Penas-2021-autoridades.jpeg?resize=1024%2C788&amp;ssl=1 1024w, https:\/\/i0.wp.com\/elregionalvm.com.ar\/noticias-villa-maria\/wp-content\/uploads\/2021\/12\/Presentacion-Festival-Penas-2021-autoridades.jpeg?resize=300%2C231&amp;ssl=1 300w, https:\/\/i0.wp.com\/elregionalvm.com.ar\/noticias-villa-maria\/wp-content\/uploads\/2021\/12\/Presentacion-Festival-Penas-2021-autoridades.jpeg?resize=768%2C591&amp;ssl=1 768w, https:\/\/i0.wp.com\/elregionalvm.com.ar\/noticias-villa-maria\/wp-content\/uploads\/2021\/12\/Presentacion-Festival-Penas-2021-autoridades.jpeg?w=1200&amp;ssl=1 1200w\" sizes=\"(max-width: 1000px) 100vw, 1000px\" \/><\/figure>\n\n\n\n<p><\/p>\n\n\n\n<p>Con una propuesta que apunta sobre todo a un p\u00fablico juvenil en la mayor\u00eda de las noches, el Festival de Festivales tiene el desaf\u00edo de terminar de conquistar a ese sector, sin perder las preferencias de los mayores que siempre han mostrado su favoritismo por los artistas m\u00e1s cl\u00e1sicos y consagrados. <\/p>\n\n\n\n<p>Adem\u00e1s, habr\u00e1 que ver c\u00f3mo se desarrolla esta edici\u00f3n que marca el regreso tras la suspensi\u00f3n acontecida en febrero de este a\u00f1o por la situaci\u00f3n sanitaria debido a la pandemia de Covid 19. <\/p>\n\n\n\n<p><strong>El festival tendr\u00e1 como eje principal los siguientes artistas:<\/strong><\/p>\n\n\n\n<p><strong>Viernes 11 de Febrero<\/strong><br>Mar\u00eda Becerra<br>Nicki Nicole<br>MYA<br>Cami<\/p>\n\n\n\n<p><strong>S\u00e1bado 12 de Febrero<\/strong><br>Duki<br>Tini Stoessel<br>Emilia Mernes<\/p>\n\n\n\n<p><strong>Domingo 13 de Febrero<\/strong><br>Abel Pintos<br>Jorge Rojas<br>Los Palmeras<br>Destino San Javier<\/p>\n\n\n\n<p><strong>Lunes 14 de Febrero<\/strong><br>La Konga<br>Dale Q`Va<br>Magui Olave<br>Ulises<br>Q\u00b4Lokura<\/p>\n\n\n\n<p><strong>Martes 15 de febrero<\/strong><\/p>\n\n\n\n<p>Luciano Pereyra<\/p>\n\n\n\n<p>Los Aut\u00e9nticos Decadentes<\/p>\n\n\n\n<p>Dar\u00edo Lazarte<\/p>\n\n\n\n<p>Los Caligaris <\/p>\n\n\n\n<p><\/p>\n\n\n\n<figure class=\"wp-block-gallery columns-3 is-cropped wp-block-gallery-1 is-layout-flex wp-block-gallery-is-layout-flex\"><ul class=\"blocks-gallery-grid\"><li class=\"blocks-gallery-item\"><figure><img data-recalc-dims=\"1\" decoding=\"async\" width=\"1024\" height=\"1024\" src=\"https:\/\/i0.wp.com\/elregionalvm.com.ar\/noticias-villa-maria\/wp-content\/uploads\/2021\/12\/Festival-Penas-martes-15.jpg?resize=1024%2C1024&#038;ssl=1\" alt=\"\" data-id=\"50337\" data-full-url=\"https:\/\/elregionalvm.com.ar\/noticias-villa-maria\/wp-content\/uploads\/2021\/12\/Festival-Penas-martes-15.jpg\" data-link=\"https:\/\/elregionalvm.com.ar\/noticias-villa-maria\/conoce-la-grilla-del-festival-de-villa-maria-y-los-precios-de-las-entradas\/festival-penas-martes-15\/\" class=\"wp-image-50337\" srcset=\"https:\/\/i0.wp.com\/elregionalvm.com.ar\/noticias-villa-maria\/wp-content\/uploads\/2021\/12\/Festival-Penas-martes-15.jpg?resize=1024%2C1024&amp;ssl=1 1024w, https:\/\/i0.wp.com\/elregionalvm.com.ar\/noticias-villa-maria\/wp-content\/uploads\/2021\/12\/Festival-Penas-martes-15.jpg?resize=300%2C300&amp;ssl=1 300w, https:\/\/i0.wp.com\/elregionalvm.com.ar\/noticias-villa-maria\/wp-content\/uploads\/2021\/12\/Festival-Penas-martes-15.jpg?resize=768%2C768&amp;ssl=1 768w, https:\/\/i0.wp.com\/elregionalvm.com.ar\/noticias-villa-maria\/wp-content\/uploads\/2021\/12\/Festival-Penas-martes-15.jpg?w=1080&amp;ssl=1 1080w\" sizes=\"(max-width: 1000px) 100vw, 1000px\" \/><\/figure><\/li><li class=\"blocks-gallery-item\"><figure><img data-recalc-dims=\"1\" decoding=\"async\" width=\"1024\" height=\"1024\" src=\"https:\/\/i0.wp.com\/elregionalvm.com.ar\/noticias-villa-maria\/wp-content\/uploads\/2021\/12\/Festival-Penas-lunes-14.jpg?resize=1024%2C1024&#038;ssl=1\" alt=\"\" data-id=\"50338\" data-full-url=\"https:\/\/elregionalvm.com.ar\/noticias-villa-maria\/wp-content\/uploads\/2021\/12\/Festival-Penas-lunes-14.jpg\" data-link=\"https:\/\/elregionalvm.com.ar\/noticias-villa-maria\/conoce-la-grilla-del-festival-de-villa-maria-y-los-precios-de-las-entradas\/festival-penas-lunes-14\/\" class=\"wp-image-50338\" srcset=\"https:\/\/i0.wp.com\/elregionalvm.com.ar\/noticias-villa-maria\/wp-content\/uploads\/2021\/12\/Festival-Penas-lunes-14.jpg?resize=1024%2C1024&amp;ssl=1 1024w, https:\/\/i0.wp.com\/elregionalvm.com.ar\/noticias-villa-maria\/wp-content\/uploads\/2021\/12\/Festival-Penas-lunes-14.jpg?resize=300%2C300&amp;ssl=1 300w, https:\/\/i0.wp.com\/elregionalvm.com.ar\/noticias-villa-maria\/wp-content\/uploads\/2021\/12\/Festival-Penas-lunes-14.jpg?resize=768%2C768&amp;ssl=1 768w, https:\/\/i0.wp.com\/elregionalvm.com.ar\/noticias-villa-maria\/wp-content\/uploads\/2021\/12\/Festival-Penas-lunes-14.jpg?w=1080&amp;ssl=1 1080w\" sizes=\"(max-width: 1000px) 100vw, 1000px\" \/><\/figure><\/li><li class=\"blocks-gallery-item\"><figure><img data-recalc-dims=\"1\" loading=\"lazy\" decoding=\"async\" width=\"1024\" height=\"1024\" src=\"https:\/\/i0.wp.com\/elregionalvm.com.ar\/noticias-villa-maria\/wp-content\/uploads\/2021\/12\/Festival-Penas-domingo-13.jpg?resize=1024%2C1024&#038;ssl=1\" alt=\"\" data-id=\"50339\" data-full-url=\"https:\/\/elregionalvm.com.ar\/noticias-villa-maria\/wp-content\/uploads\/2021\/12\/Festival-Penas-domingo-13.jpg\" data-link=\"https:\/\/elregionalvm.com.ar\/noticias-villa-maria\/conoce-la-grilla-del-festival-de-villa-maria-y-los-precios-de-las-entradas\/festival-penas-domingo-13\/\" class=\"wp-image-50339\" srcset=\"https:\/\/i0.wp.com\/elregionalvm.com.ar\/noticias-villa-maria\/wp-content\/uploads\/2021\/12\/Festival-Penas-domingo-13.jpg?resize=1024%2C1024&amp;ssl=1 1024w, https:\/\/i0.wp.com\/elregionalvm.com.ar\/noticias-villa-maria\/wp-content\/uploads\/2021\/12\/Festival-Penas-domingo-13.jpg?resize=300%2C300&amp;ssl=1 300w, https:\/\/i0.wp.com\/elregionalvm.com.ar\/noticias-villa-maria\/wp-content\/uploads\/2021\/12\/Festival-Penas-domingo-13.jpg?resize=768%2C768&amp;ssl=1 768w, https:\/\/i0.wp.com\/elregionalvm.com.ar\/noticias-villa-maria\/wp-content\/uploads\/2021\/12\/Festival-Penas-domingo-13.jpg?w=1080&amp;ssl=1 1080w\" sizes=\"(max-width: 1000px) 100vw, 1000px\" \/><\/figure><\/li><li class=\"blocks-gallery-item\"><figure><img data-recalc-dims=\"1\" loading=\"lazy\" decoding=\"async\" width=\"1024\" height=\"1024\" src=\"https:\/\/i0.wp.com\/elregionalvm.com.ar\/noticias-villa-maria\/wp-content\/uploads\/2021\/12\/Festival-Penas-sabado-12.jpg?resize=1024%2C1024&#038;ssl=1\" alt=\"\" data-id=\"50340\" data-full-url=\"https:\/\/elregionalvm.com.ar\/noticias-villa-maria\/wp-content\/uploads\/2021\/12\/Festival-Penas-sabado-12.jpg\" data-link=\"https:\/\/elregionalvm.com.ar\/noticias-villa-maria\/conoce-la-grilla-del-festival-de-villa-maria-y-los-precios-de-las-entradas\/festival-penas-sabado-12\/\" class=\"wp-image-50340\" srcset=\"https:\/\/i0.wp.com\/elregionalvm.com.ar\/noticias-villa-maria\/wp-content\/uploads\/2021\/12\/Festival-Penas-sabado-12.jpg?resize=1024%2C1024&amp;ssl=1 1024w, https:\/\/i0.wp.com\/elregionalvm.com.ar\/noticias-villa-maria\/wp-content\/uploads\/2021\/12\/Festival-Penas-sabado-12.jpg?resize=300%2C300&amp;ssl=1 300w, https:\/\/i0.wp.com\/elregionalvm.com.ar\/noticias-villa-maria\/wp-content\/uploads\/2021\/12\/Festival-Penas-sabado-12.jpg?resize=768%2C768&amp;ssl=1 768w, https:\/\/i0.wp.com\/elregionalvm.com.ar\/noticias-villa-maria\/wp-content\/uploads\/2021\/12\/Festival-Penas-sabado-12.jpg?w=1080&amp;ssl=1 1080w\" sizes=\"(max-width: 1000px) 100vw, 1000px\" \/><\/figure><\/li><li class=\"blocks-gallery-item\"><figure><img data-recalc-dims=\"1\" loading=\"lazy\" decoding=\"async\" width=\"1024\" height=\"1024\" src=\"https:\/\/i0.wp.com\/elregionalvm.com.ar\/noticias-villa-maria\/wp-content\/uploads\/2021\/12\/Festival-Penas-viernes-11.jpg?resize=1024%2C1024&#038;ssl=1\" alt=\"\" data-id=\"50341\" data-full-url=\"https:\/\/elregionalvm.com.ar\/noticias-villa-maria\/wp-content\/uploads\/2021\/12\/Festival-Penas-viernes-11.jpg\" data-link=\"https:\/\/elregionalvm.com.ar\/noticias-villa-maria\/conoce-la-grilla-del-festival-de-villa-maria-y-los-precios-de-las-entradas\/festival-penas-viernes-11\/\" class=\"wp-image-50341\" srcset=\"https:\/\/i0.wp.com\/elregionalvm.com.ar\/noticias-villa-maria\/wp-content\/uploads\/2021\/12\/Festival-Penas-viernes-11.jpg?resize=1024%2C1024&amp;ssl=1 1024w, https:\/\/i0.wp.com\/elregionalvm.com.ar\/noticias-villa-maria\/wp-content\/uploads\/2021\/12\/Festival-Penas-viernes-11.jpg?resize=300%2C300&amp;ssl=1 300w, https:\/\/i0.wp.com\/elregionalvm.com.ar\/noticias-villa-maria\/wp-content\/uploads\/2021\/12\/Festival-Penas-viernes-11.jpg?resize=768%2C768&amp;ssl=1 768w, https:\/\/i0.wp.com\/elregionalvm.com.ar\/noticias-villa-maria\/wp-content\/uploads\/2021\/12\/Festival-Penas-viernes-11.jpg?w=1080&amp;ssl=1 1080w\" sizes=\"(max-width: 1000px) 100vw, 1000px\" \/><\/figure><\/li><\/ul><\/figure>\n\n\n\n<p><\/p>\n\n\n\n<ul class=\"wp-block-list\"><li><strong>Los precios de las entradas ser\u00e1n los siguientes:<\/strong><\/li><\/ul>\n\n\n\n<p><\/p>\n\n\n\n<figure class=\"wp-block-image size-large\"><img data-recalc-dims=\"1\" loading=\"lazy\" decoding=\"async\" width=\"1024\" height=\"1024\" src=\"https:\/\/i0.wp.com\/elregionalvm.com.ar\/noticias-villa-maria\/wp-content\/uploads\/2021\/12\/Festival-Penas-precios.jpg?resize=1024%2C1024&#038;ssl=1\" alt=\"\" class=\"wp-image-50335\" srcset=\"https:\/\/i0.wp.com\/elregionalvm.com.ar\/noticias-villa-maria\/wp-content\/uploads\/2021\/12\/Festival-Penas-precios.jpg?resize=1024%2C1024&amp;ssl=1 1024w, https:\/\/i0.wp.com\/elregionalvm.com.ar\/noticias-villa-maria\/wp-content\/uploads\/2021\/12\/Festival-Penas-precios.jpg?resize=300%2C300&amp;ssl=1 300w, https:\/\/i0.wp.com\/elregionalvm.com.ar\/noticias-villa-maria\/wp-content\/uploads\/2021\/12\/Festival-Penas-precios.jpg?resize=768%2C768&amp;ssl=1 768w, https:\/\/i0.wp.com\/elregionalvm.com.ar\/noticias-villa-maria\/wp-content\/uploads\/2021\/12\/Festival-Penas-precios.jpg?w=1080&amp;ssl=1 1080w\" sizes=\"(max-width: 1000px) 100vw, 1000px\" \/><\/figure>\n\n\n\n<p><\/p>\n\n\n\n<ul class=\"wp-block-list\"><li>L<strong>as entradas se pueden conseguir en: <\/strong><\/li><\/ul>\n\n\n\n<p><\/p>\n\n\n\n<figure class=\"wp-block-image size-large\"><img data-recalc-dims=\"1\" loading=\"lazy\" decoding=\"async\" width=\"1024\" height=\"1024\" src=\"https:\/\/i0.wp.com\/elregionalvm.com.ar\/noticias-villa-maria\/wp-content\/uploads\/2021\/12\/Festival-Penas-ventas.jpg?resize=1024%2C1024&#038;ssl=1\" alt=\"\" class=\"wp-image-50336\" srcset=\"https:\/\/i0.wp.com\/elregionalvm.com.ar\/noticias-villa-maria\/wp-content\/uploads\/2021\/12\/Festival-Penas-ventas.jpg?resize=1024%2C1024&amp;ssl=1 1024w, https:\/\/i0.wp.com\/elregionalvm.com.ar\/noticias-villa-maria\/wp-content\/uploads\/2021\/12\/Festival-Penas-ventas.jpg?resize=300%2C300&amp;ssl=1 300w, https:\/\/i0.wp.com\/elregionalvm.com.ar\/noticias-villa-maria\/wp-content\/uploads\/2021\/12\/Festival-Penas-ventas.jpg?resize=768%2C768&amp;ssl=1 768w, https:\/\/i0.wp.com\/elregionalvm.com.ar\/noticias-villa-maria\/wp-content\/uploads\/2021\/12\/Festival-Penas-ventas.jpg?w=1080&amp;ssl=1 1080w\" sizes=\"(max-width: 1000px) 100vw, 1000px\" \/><\/figure>\n","protected":false},"excerpt":{"rendered":"<p>Con la presencia de Noelia Macagno, Presidente del Ente Deporte y Turismo; Pablo Rosso, intendente interino y Mart\u00edn Gill, a punto de volver a tomar las riendas de la intendencia de Villa Mar\u00eda, junto a Nora Bedano, Presidenta de la Agencia C\u00f3rdoba Cultura, presentaron la grilla art\u00edstica de la edici\u00f3n N\u00ba 54 de lo que [&hellip;]<\/p>\n","protected":false},"author":4,"featured_media":50342,"comment_status":"open","ping_status":"open","sticky":false,"template":"","format":"standard","meta":{"site-sidebar-layout":"default","site-content-layout":"default","ast-site-content-layout":"default","site-content-style":"default","site-sidebar-style":"default","ast-global-header-display":"","ast-banner-title-visibility":"","ast-main-header-display":"","ast-hfb-above-header-display":"","ast-hfb-below-header-display":"","ast-hfb-mobile-header-display":"","site-post-title":"","ast-breadcrumbs-content":"","ast-featured-img":"","footer-sml-layout":"","ast-disable-related-posts":"","theme-transparent-header-meta":"default","adv-header-id-meta":"","stick-header-meta":"","header-above-stick-meta":"","header-main-stick-meta":"","header-below-stick-meta":"","astra-migrate-meta-layouts":"default","ast-page-background-enabled":"default","ast-page-background-meta":{"desktop":{"background-color":"","background-image":"","background-repeat":"repeat","background-position":"center center","background-size":"auto","background-attachment":"scroll","background-type":"","background-media":"","overlay-type":"","overlay-color":"","overlay-opacity":"","overlay-gradient":""},"tablet":{"background-color":"","background-image":"","background-repeat":"repeat","background-position":"center center","background-size":"auto","background-attachment":"scroll","background-type":"","background-media":"","overlay-type":"","overlay-color":"","overlay-opacity":"","overlay-gradient":""},"mobile":{"background-color":"","background-image":"","background-repeat":"repeat","background-position":"center center","background-size":"auto","background-attachment":"scroll","background-type":"","background-media":"","overlay-type":"","overlay-color":"","overlay-opacity":"","overlay-gradient":""}},"ast-content-background-meta":{"desktop":{"background-color":"var(--ast-global-color-5)","background-image":"","background-repeat":"repeat","background-position":"center center","background-size":"auto","background-attachment":"scroll","background-type":"","background-media":"","overlay-type":"","overlay-color":"","overlay-opacity":"","overlay-gradient":""},"tablet":{"background-color":"var(--ast-global-color-5)","background-image":"","background-repeat":"repeat","background-position":"center center","background-size":"auto","background-attachment":"scroll","background-type":"","background-media":"","overlay-type":"","overlay-color":"","overlay-opacity":"","overlay-gradient":""},"mobile":{"background-color":"var(--ast-global-color-5)","background-image":"","background-repeat":"repeat","background-position":"center center","background-size":"auto","background-attachment":"scroll","background-type":"","background-media":"","overlay-type":"","overlay-color":"","overlay-opacity":"","overlay-gradient":""}},"_jetpack_memberships_contains_paid_content":false,"_joinchat":[],"footnotes":""},"categories":[13130,3557,2],"tags":[1267,1232,12092,4818,9879],"class_list":["post-50327","post","type-post","status-publish","format-standard","has-post-thumbnail","hentry","category-festival","category-tercera","category-villa-maria","tag-artistas","tag-destacado","tag-festival-de-villa-maria","tag-grilla","tag-precios"],"yoast_head":"<!-- This site is optimized with the Yoast SEO plugin v26.8 - https:\/\/yoast.com\/product\/yoast-seo-wordpress\/ -->\n<title>[Festival de Pe\u00f1as 2022] Conoc\u00e9 la grilla y los precios de las entradas - El Regional<\/title>\n<meta name=\"description\" content=\"Con una propuesta que apunta sobre todo a un p\u00fablico juvenil en la mayor\u00eda de las noches, el Festival de Festivales tiene un gran desaf\u00edo.\" \/>\n<meta name=\"robots\" content=\"index, follow, max-snippet:-1, max-image-preview:large, max-video-preview:-1\" \/>\n<link rel=\"canonical\" href=\"http:\/\/elregionalvm.com.ar\/noticias-villa-maria\/conoce-la-grilla-del-festival-de-villa-maria-y-los-precios-de-las-entradas\/\" \/>\n<meta property=\"og:locale\" content=\"es_ES\" \/>\n<meta property=\"og:type\" content=\"article\" \/>\n<meta property=\"og:title\" content=\"[Festival de Pe\u00f1as 2022] Conoc\u00e9 la grilla y los precios de las entradas - El Regional\" \/>\n<meta property=\"og:description\" content=\"Con una propuesta que apunta sobre todo a un p\u00fablico juvenil en la mayor\u00eda de las noches, el Festival de Festivales tiene un gran desaf\u00edo.\" \/>\n<meta property=\"og:url\" content=\"http:\/\/elregionalvm.com.ar\/noticias-villa-maria\/conoce-la-grilla-del-festival-de-villa-maria-y-los-precios-de-las-entradas\/\" \/>\n<meta property=\"og:site_name\" content=\"El Regional\" \/>\n<meta property=\"article:publisher\" content=\"https:\/\/www.facebook.com\/elregionalvm\" \/>\n<meta property=\"article:published_time\" content=\"2021-12-28T00:02:03+00:00\" \/>\n<meta property=\"article:modified_time\" content=\"2022-01-07T04:47:40+00:00\" \/>\n<meta property=\"og:image\" content=\"http:\/\/elregionalvm.com.ar\/noticias-villa-maria\/wp-content\/uploads\/2021\/12\/Festival-Penas-publico-ilustrativa.jpg\" \/>\n\t<meta property=\"og:image:width\" content=\"1071\" \/>\n\t<meta property=\"og:image:height\" content=\"581\" \/>\n\t<meta property=\"og:image:type\" content=\"image\/jpeg\" \/>\n<meta name=\"author\" content=\"Contenidos El Regional\" \/>\n<meta name=\"twitter:card\" content=\"summary_large_image\" \/>\n<meta name=\"twitter:creator\" content=\"@elregionalvm1\" \/>\n<meta name=\"twitter:site\" content=\"@elregionalvm1\" \/>\n<meta name=\"twitter:label1\" content=\"Escrito por\" \/>\n\t<meta name=\"twitter:data1\" content=\"Contenidos El Regional\" \/>\n\t<meta name=\"twitter:label2\" content=\"Tiempo de lectura\" \/>\n\t<meta name=\"twitter:data2\" content=\"3 minutos\" \/>\n<script type=\"application\/ld+json\" class=\"yoast-schema-graph\">{\"@context\":\"https:\/\/schema.org\",\"@graph\":[{\"@type\":\"Article\",\"@id\":\"http:\/\/elregionalvm.com.ar\/noticias-villa-maria\/conoce-la-grilla-del-festival-de-villa-maria-y-los-precios-de-las-entradas\/#article\",\"isPartOf\":{\"@id\":\"http:\/\/elregionalvm.com.ar\/noticias-villa-maria\/conoce-la-grilla-del-festival-de-villa-maria-y-los-precios-de-las-entradas\/\"},\"author\":{\"name\":\"Contenidos El Regional\",\"@id\":\"http:\/\/elregionalvm.com.ar\/noticias-villa-maria\/#\/schema\/person\/a0fb9c422317faca23d50163151bc354\"},\"headline\":\"[Festival de Pe\u00f1as 2022] Conoc\u00e9 la grilla y los precios de las entradas\",\"datePublished\":\"2021-12-28T00:02:03+00:00\",\"dateModified\":\"2022-01-07T04:47:40+00:00\",\"mainEntityOfPage\":{\"@id\":\"http:\/\/elregionalvm.com.ar\/noticias-villa-maria\/conoce-la-grilla-del-festival-de-villa-maria-y-los-precios-de-las-entradas\/\"},\"wordCount\":251,\"commentCount\":0,\"image\":{\"@id\":\"http:\/\/elregionalvm.com.ar\/noticias-villa-maria\/conoce-la-grilla-del-festival-de-villa-maria-y-los-precios-de-las-entradas\/#primaryimage\"},\"thumbnailUrl\":\"https:\/\/i0.wp.com\/elregionalvm.com.ar\/noticias-villa-maria\/wp-content\/uploads\/2021\/12\/Festival-Penas-publico-ilustrativa.jpg?fit=1071%2C581&ssl=1\",\"keywords\":[\"artistas\",\"destacado\",\"Festival de Villa Mar\u00eda\",\"grilla\",\"precios\"],\"articleSection\":[\"Festival de Pe\u00f1as\",\"tercera\",\"Villa Mar\u00eda\"],\"inLanguage\":\"es\",\"potentialAction\":[{\"@type\":\"CommentAction\",\"name\":\"Comment\",\"target\":[\"http:\/\/elregionalvm.com.ar\/noticias-villa-maria\/conoce-la-grilla-del-festival-de-villa-maria-y-los-precios-de-las-entradas\/#respond\"]}]},{\"@type\":\"WebPage\",\"@id\":\"http:\/\/elregionalvm.com.ar\/noticias-villa-maria\/conoce-la-grilla-del-festival-de-villa-maria-y-los-precios-de-las-entradas\/\",\"url\":\"http:\/\/elregionalvm.com.ar\/noticias-villa-maria\/conoce-la-grilla-del-festival-de-villa-maria-y-los-precios-de-las-entradas\/\",\"name\":\"[Festival de Pe\u00f1as 2022] Conoc\u00e9 la grilla y los precios de las entradas - El Regional\",\"isPartOf\":{\"@id\":\"http:\/\/elregionalvm.com.ar\/noticias-villa-maria\/#website\"},\"primaryImageOfPage\":{\"@id\":\"http:\/\/elregionalvm.com.ar\/noticias-villa-maria\/conoce-la-grilla-del-festival-de-villa-maria-y-los-precios-de-las-entradas\/#primaryimage\"},\"image\":{\"@id\":\"http:\/\/elregionalvm.com.ar\/noticias-villa-maria\/conoce-la-grilla-del-festival-de-villa-maria-y-los-precios-de-las-entradas\/#primaryimage\"},\"thumbnailUrl\":\"https:\/\/i0.wp.com\/elregionalvm.com.ar\/noticias-villa-maria\/wp-content\/uploads\/2021\/12\/Festival-Penas-publico-ilustrativa.jpg?fit=1071%2C581&ssl=1\",\"datePublished\":\"2021-12-28T00:02:03+00:00\",\"dateModified\":\"2022-01-07T04:47:40+00:00\",\"author\":{\"@id\":\"http:\/\/elregionalvm.com.ar\/noticias-villa-maria\/#\/schema\/person\/a0fb9c422317faca23d50163151bc354\"},\"description\":\"Con una propuesta que apunta sobre todo a un p\u00fablico juvenil en la mayor\u00eda de las noches, el Festival de Festivales tiene un gran desaf\u00edo.\",\"breadcrumb\":{\"@id\":\"http:\/\/elregionalvm.com.ar\/noticias-villa-maria\/conoce-la-grilla-del-festival-de-villa-maria-y-los-precios-de-las-entradas\/#breadcrumb\"},\"inLanguage\":\"es\",\"potentialAction\":[{\"@type\":\"ReadAction\",\"target\":[\"http:\/\/elregionalvm.com.ar\/noticias-villa-maria\/conoce-la-grilla-del-festival-de-villa-maria-y-los-precios-de-las-entradas\/\"]}]},{\"@type\":\"ImageObject\",\"inLanguage\":\"es\",\"@id\":\"http:\/\/elregionalvm.com.ar\/noticias-villa-maria\/conoce-la-grilla-del-festival-de-villa-maria-y-los-precios-de-las-entradas\/#primaryimage\",\"url\":\"https:\/\/i0.wp.com\/elregionalvm.com.ar\/noticias-villa-maria\/wp-content\/uploads\/2021\/12\/Festival-Penas-publico-ilustrativa.jpg?fit=1071%2C581&ssl=1\",\"contentUrl\":\"https:\/\/i0.wp.com\/elregionalvm.com.ar\/noticias-villa-maria\/wp-content\/uploads\/2021\/12\/Festival-Penas-publico-ilustrativa.jpg?fit=1071%2C581&ssl=1\",\"width\":1071,\"height\":581},{\"@type\":\"BreadcrumbList\",\"@id\":\"http:\/\/elregionalvm.com.ar\/noticias-villa-maria\/conoce-la-grilla-del-festival-de-villa-maria-y-los-precios-de-las-entradas\/#breadcrumb\",\"itemListElement\":[{\"@type\":\"ListItem\",\"position\":1,\"name\":\"Portada\",\"item\":\"https:\/\/elregionalvm.com.ar\/noticias-villa-maria\/\"},{\"@type\":\"ListItem\",\"position\":2,\"name\":\"[Festival de Pe\u00f1as 2022] Conoc\u00e9 la grilla y los precios de las entradas\"}]},{\"@type\":\"WebSite\",\"@id\":\"http:\/\/elregionalvm.com.ar\/noticias-villa-maria\/#website\",\"url\":\"http:\/\/elregionalvm.com.ar\/noticias-villa-maria\/\",\"name\":\"El Regional\",\"description\":\"Mucho m\u00e1s que informaci\u00f3n\",\"potentialAction\":[{\"@type\":\"SearchAction\",\"target\":{\"@type\":\"EntryPoint\",\"urlTemplate\":\"http:\/\/elregionalvm.com.ar\/noticias-villa-maria\/?s={search_term_string}\"},\"query-input\":{\"@type\":\"PropertyValueSpecification\",\"valueRequired\":true,\"valueName\":\"search_term_string\"}}],\"inLanguage\":\"es\"},{\"@type\":\"Person\",\"@id\":\"http:\/\/elregionalvm.com.ar\/noticias-villa-maria\/#\/schema\/person\/a0fb9c422317faca23d50163151bc354\",\"name\":\"Contenidos El Regional\",\"image\":{\"@type\":\"ImageObject\",\"inLanguage\":\"es\",\"@id\":\"http:\/\/elregionalvm.com.ar\/noticias-villa-maria\/#\/schema\/person\/image\/\",\"url\":\"https:\/\/secure.gravatar.com\/avatar\/265b27cb2209af7bb3a1318f03305787d7981a5cc6e6cd08fe5a4ecdf99d4b48?s=96&d=mm&r=g\",\"contentUrl\":\"https:\/\/secure.gravatar.com\/avatar\/265b27cb2209af7bb3a1318f03305787d7981a5cc6e6cd08fe5a4ecdf99d4b48?s=96&d=mm&r=g\",\"caption\":\"Contenidos El Regional\"},\"url\":\"https:\/\/elregionalvm.com.ar\/noticias-villa-maria\/author\/contenido\/\"}]}<\/script>\n<!-- \/ Yoast SEO plugin. -->","yoast_head_json":{"title":"[Festival de Pe\u00f1as 2022] Conoc\u00e9 la grilla y los precios de las entradas - El Regional","description":"Con una propuesta que apunta sobre todo a un p\u00fablico juvenil en la mayor\u00eda de las noches, el Festival de Festivales tiene un gran desaf\u00edo.","robots":{"index":"index","follow":"follow","max-snippet":"max-snippet:-1","max-image-preview":"max-image-preview:large","max-video-preview":"max-video-preview:-1"},"canonical":"http:\/\/elregionalvm.com.ar\/noticias-villa-maria\/conoce-la-grilla-del-festival-de-villa-maria-y-los-precios-de-las-entradas\/","og_locale":"es_ES","og_type":"article","og_title":"[Festival de Pe\u00f1as 2022] Conoc\u00e9 la grilla y los precios de las entradas - El Regional","og_description":"Con una propuesta que apunta sobre todo a un p\u00fablico juvenil en la mayor\u00eda de las noches, el Festival de Festivales tiene un gran desaf\u00edo.","og_url":"http:\/\/elregionalvm.com.ar\/noticias-villa-maria\/conoce-la-grilla-del-festival-de-villa-maria-y-los-precios-de-las-entradas\/","og_site_name":"El Regional","article_publisher":"https:\/\/www.facebook.com\/elregionalvm","article_published_time":"2021-12-28T00:02:03+00:00","article_modified_time":"2022-01-07T04:47:40+00:00","og_image":[{"width":1071,"height":581,"url":"http:\/\/elregionalvm.com.ar\/noticias-villa-maria\/wp-content\/uploads\/2021\/12\/Festival-Penas-publico-ilustrativa.jpg","type":"image\/jpeg"}],"author":"Contenidos El Regional","twitter_card":"summary_large_image","twitter_creator":"@elregionalvm1","twitter_site":"@elregionalvm1","twitter_misc":{"Escrito por":"Contenidos El Regional","Tiempo de lectura":"3 minutos"},"schema":{"@context":"https:\/\/schema.org","@graph":[{"@type":"Article","@id":"http:\/\/elregionalvm.com.ar\/noticias-villa-maria\/conoce-la-grilla-del-festival-de-villa-maria-y-los-precios-de-las-entradas\/#article","isPartOf":{"@id":"http:\/\/elregionalvm.com.ar\/noticias-villa-maria\/conoce-la-grilla-del-festival-de-villa-maria-y-los-precios-de-las-entradas\/"},"author":{"name":"Contenidos El Regional","@id":"http:\/\/elregionalvm.com.ar\/noticias-villa-maria\/#\/schema\/person\/a0fb9c422317faca23d50163151bc354"},"headline":"[Festival de Pe\u00f1as 2022] Conoc\u00e9 la grilla y los precios de las entradas","datePublished":"2021-12-28T00:02:03+00:00","dateModified":"2022-01-07T04:47:40+00:00","mainEntityOfPage":{"@id":"http:\/\/elregionalvm.com.ar\/noticias-villa-maria\/conoce-la-grilla-del-festival-de-villa-maria-y-los-precios-de-las-entradas\/"},"wordCount":251,"commentCount":0,"image":{"@id":"http:\/\/elregionalvm.com.ar\/noticias-villa-maria\/conoce-la-grilla-del-festival-de-villa-maria-y-los-precios-de-las-entradas\/#primaryimage"},"thumbnailUrl":"https:\/\/i0.wp.com\/elregionalvm.com.ar\/noticias-villa-maria\/wp-content\/uploads\/2021\/12\/Festival-Penas-publico-ilustrativa.jpg?fit=1071%2C581&ssl=1","keywords":["artistas","destacado","Festival de Villa Mar\u00eda","grilla","precios"],"articleSection":["Festival de Pe\u00f1as","tercera","Villa Mar\u00eda"],"inLanguage":"es","potentialAction":[{"@type":"CommentAction","name":"Comment","target":["http:\/\/elregionalvm.com.ar\/noticias-villa-maria\/conoce-la-grilla-del-festival-de-villa-maria-y-los-precios-de-las-entradas\/#respond"]}]},{"@type":"WebPage","@id":"http:\/\/elregionalvm.com.ar\/noticias-villa-maria\/conoce-la-grilla-del-festival-de-villa-maria-y-los-precios-de-las-entradas\/","url":"http:\/\/elregionalvm.com.ar\/noticias-villa-maria\/conoce-la-grilla-del-festival-de-villa-maria-y-los-precios-de-las-entradas\/","name":"[Festival de Pe\u00f1as 2022] Conoc\u00e9 la grilla y los precios de las entradas - El Regional","isPartOf":{"@id":"http:\/\/elregionalvm.com.ar\/noticias-villa-maria\/#website"},"primaryImageOfPage":{"@id":"http:\/\/elregionalvm.com.ar\/noticias-villa-maria\/conoce-la-grilla-del-festival-de-villa-maria-y-los-precios-de-las-entradas\/#primaryimage"},"image":{"@id":"http:\/\/elregionalvm.com.ar\/noticias-villa-maria\/conoce-la-grilla-del-festival-de-villa-maria-y-los-precios-de-las-entradas\/#primaryimage"},"thumbnailUrl":"https:\/\/i0.wp.com\/elregionalvm.com.ar\/noticias-villa-maria\/wp-content\/uploads\/2021\/12\/Festival-Penas-publico-ilustrativa.jpg?fit=1071%2C581&ssl=1","datePublished":"2021-12-28T00:02:03+00:00","dateModified":"2022-01-07T04:47:40+00:00","author":{"@id":"http:\/\/elregionalvm.com.ar\/noticias-villa-maria\/#\/schema\/person\/a0fb9c422317faca23d50163151bc354"},"description":"Con una propuesta que apunta sobre todo a un p\u00fablico juvenil en la mayor\u00eda de las noches, el Festival de Festivales tiene un gran desaf\u00edo.","breadcrumb":{"@id":"http:\/\/elregionalvm.com.ar\/noticias-villa-maria\/conoce-la-grilla-del-festival-de-villa-maria-y-los-precios-de-las-entradas\/#breadcrumb"},"inLanguage":"es","potentialAction":[{"@type":"ReadAction","target":["http:\/\/elregionalvm.com.ar\/noticias-villa-maria\/conoce-la-grilla-del-festival-de-villa-maria-y-los-precios-de-las-entradas\/"]}]},{"@type":"ImageObject","inLanguage":"es","@id":"http:\/\/elregionalvm.com.ar\/noticias-villa-maria\/conoce-la-grilla-del-festival-de-villa-maria-y-los-precios-de-las-entradas\/#primaryimage","url":"https:\/\/i0.wp.com\/elregionalvm.com.ar\/noticias-villa-maria\/wp-content\/uploads\/2021\/12\/Festival-Penas-publico-ilustrativa.jpg?fit=1071%2C581&ssl=1","contentUrl":"https:\/\/i0.wp.com\/elregionalvm.com.ar\/noticias-villa-maria\/wp-content\/uploads\/2021\/12\/Festival-Penas-publico-ilustrativa.jpg?fit=1071%2C581&ssl=1","width":1071,"height":581},{"@type":"BreadcrumbList","@id":"http:\/\/elregionalvm.com.ar\/noticias-villa-maria\/conoce-la-grilla-del-festival-de-villa-maria-y-los-precios-de-las-entradas\/#breadcrumb","itemListElement":[{"@type":"ListItem","position":1,"name":"Portada","item":"https:\/\/elregionalvm.com.ar\/noticias-villa-maria\/"},{"@type":"ListItem","position":2,"name":"[Festival de Pe\u00f1as 2022] Conoc\u00e9 la grilla y los precios de las entradas"}]},{"@type":"WebSite","@id":"http:\/\/elregionalvm.com.ar\/noticias-villa-maria\/#website","url":"http:\/\/elregionalvm.com.ar\/noticias-villa-maria\/","name":"El Regional","description":"Mucho m\u00e1s que informaci\u00f3n","potentialAction":[{"@type":"SearchAction","target":{"@type":"EntryPoint","urlTemplate":"http:\/\/elregionalvm.com.ar\/noticias-villa-maria\/?s={search_term_string}"},"query-input":{"@type":"PropertyValueSpecification","valueRequired":true,"valueName":"search_term_string"}}],"inLanguage":"es"},{"@type":"Person","@id":"http:\/\/elregionalvm.com.ar\/noticias-villa-maria\/#\/schema\/person\/a0fb9c422317faca23d50163151bc354","name":"Contenidos El Regional","image":{"@type":"ImageObject","inLanguage":"es","@id":"http:\/\/elregionalvm.com.ar\/noticias-villa-maria\/#\/schema\/person\/image\/","url":"https:\/\/secure.gravatar.com\/avatar\/265b27cb2209af7bb3a1318f03305787d7981a5cc6e6cd08fe5a4ecdf99d4b48?s=96&d=mm&r=g","contentUrl":"https:\/\/secure.gravatar.com\/avatar\/265b27cb2209af7bb3a1318f03305787d7981a5cc6e6cd08fe5a4ecdf99d4b48?s=96&d=mm&r=g","caption":"Contenidos El Regional"},"url":"https:\/\/elregionalvm.com.ar\/noticias-villa-maria\/author\/contenido\/"}]}},"jetpack_featured_media_url":"https:\/\/i0.wp.com\/elregionalvm.com.ar\/noticias-villa-maria\/wp-content\/uploads\/2021\/12\/Festival-Penas-publico-ilustrativa.jpg?fit=1071%2C581&ssl=1","jetpack_sharing_enabled":true,"_links":{"self":[{"href":"https:\/\/elregionalvm.com.ar\/noticias-villa-maria\/wp-json\/wp\/v2\/posts\/50327","targetHints":{"allow":["GET"]}}],"collection":[{"href":"https:\/\/elregionalvm.com.ar\/noticias-villa-maria\/wp-json\/wp\/v2\/posts"}],"about":[{"href":"https:\/\/elregionalvm.com.ar\/noticias-villa-maria\/wp-json\/wp\/v2\/types\/post"}],"author":[{"embeddable":true,"href":"https:\/\/elregionalvm.com.ar\/noticias-villa-maria\/wp-json\/wp\/v2\/users\/4"}],"replies":[{"embeddable":true,"href":"https:\/\/elregionalvm.com.ar\/noticias-villa-maria\/wp-json\/wp\/v2\/comments?post=50327"}],"version-history":[{"count":2,"href":"https:\/\/elregionalvm.com.ar\/noticias-villa-maria\/wp-json\/wp\/v2\/posts\/50327\/revisions"}],"predecessor-version":[{"id":50344,"href":"https:\/\/elregionalvm.com.ar\/noticias-villa-maria\/wp-json\/wp\/v2\/posts\/50327\/revisions\/50344"}],"wp:featuredmedia":[{"embeddable":true,"href":"https:\/\/elregionalvm.com.ar\/noticias-villa-maria\/wp-json\/wp\/v2\/media\/50342"}],"wp:attachment":[{"href":"https:\/\/elregionalvm.com.ar\/noticias-villa-maria\/wp-json\/wp\/v2\/media?parent=50327"}],"wp:term":[{"taxonomy":"category","embeddable":true,"href":"https:\/\/elregionalvm.com.ar\/noticias-villa-maria\/wp-json\/wp\/v2\/categories?post=50327"},{"taxonomy":"post_tag","embeddable":true,"href":"https:\/\/elregionalvm.com.ar\/noticias-villa-maria\/wp-json\/wp\/v2\/tags?post=50327"}],"curies":[{"name":"wp","href":"https:\/\/api.w.org\/{rel}","templated":true}]}}