{"id":50353,"date":"2021-12-28T20:57:33","date_gmt":"2021-12-28T20:57:33","guid":{"rendered":"https:\/\/elregionalvm.com.ar\/noticias-villa-maria\/?p=50353"},"modified":"2021-12-31T20:45:35","modified_gmt":"2021-12-31T20:45:35","slug":"madres-mierdas-ninos-asesinados-y-abusados-en-una-sociedad-que-prefiere-no-mirar","status":"publish","type":"post","link":"https:\/\/elregionalvm.com.ar\/noticias-villa-maria\/madres-mierdas-ninos-asesinados-y-abusados-en-una-sociedad-que-prefiere-no-mirar\/","title":{"rendered":"\u201cMadres Mierdas\u201d:  Ni\u00f1os asesinados y abusados en una sociedad que prefiere no mirar"},"content":{"rendered":"\n<p><\/p>\n\n\n\n<p><strong>Escribe: Miguel Andreis<\/strong><\/p>\n\n\n\n<p><\/p>\n\n\n\n<p>Fines de noviembre. La noticia conmovi\u00f3 al pa\u00eds. Estaba lejos. Muy lejos de Villa Mar\u00eda. Hubo enojo social. La repugnancia de la impotencia. No obstante, la distancia era sideral. Y de lejos parece que el dolor se aten\u00faa en la conciencia. Solo parece. El cuerpecillo de Lucio, tal el nombre del ni\u00f1o pampeano, estaba atrozmente destrozado.&nbsp; Cuatro a\u00f1os. Aguant\u00f3 lo que pudo.<\/p>\n\n\n\n<p>El parte m\u00e9dico indicaba, entre otras cosas: \u201cEl cuerpo presentaba un golpe fuerte producto, probablemente, de una patada, heridas compatibles con quemaduras de cigarrillos y m\u00faltiples mordeduras. Algunas lesiones eran antiguas, muy antiguas, otras muy recientes\u201d.\u00a0<\/p>\n\n\n\n<p><\/p>\n\n\n\n<figure class=\"wp-block-image size-large is-resized\"><img data-recalc-dims=\"1\" fetchpriority=\"high\" decoding=\"async\" src=\"https:\/\/i0.wp.com\/elregionalvm.com.ar\/noticias-villa-maria\/wp-content\/uploads\/2021\/12\/Lucio-nino-asesinado-La-Pampa.jpg?resize=854%2C569&#038;ssl=1\" alt=\"\" class=\"wp-image-50363\" width=\"854\" height=\"569\" srcset=\"https:\/\/i0.wp.com\/elregionalvm.com.ar\/noticias-villa-maria\/wp-content\/uploads\/2021\/12\/Lucio-nino-asesinado-La-Pampa.jpg?resize=1024%2C683&amp;ssl=1 1024w, https:\/\/i0.wp.com\/elregionalvm.com.ar\/noticias-villa-maria\/wp-content\/uploads\/2021\/12\/Lucio-nino-asesinado-La-Pampa.jpg?resize=300%2C200&amp;ssl=1 300w, https:\/\/i0.wp.com\/elregionalvm.com.ar\/noticias-villa-maria\/wp-content\/uploads\/2021\/12\/Lucio-nino-asesinado-La-Pampa.jpg?resize=768%2C512&amp;ssl=1 768w, https:\/\/i0.wp.com\/elregionalvm.com.ar\/noticias-villa-maria\/wp-content\/uploads\/2021\/12\/Lucio-nino-asesinado-La-Pampa.jpg?w=1119&amp;ssl=1 1119w\" sizes=\"(max-width: 854px) 100vw, 854px\" \/><figcaption><em>Lucio se convirti\u00f3 en un \u00edcono de la indignaci\u00f3n generalizada. Los maltratos derivaron en su muerte. <\/em><\/figcaption><\/figure>\n\n\n\n<p><\/p>\n\n\n\n<p>El fiscal que tom\u00f3 la causa r\u00e1pidamente orden\u00f3 la detenci\u00f3n de la madre del ni\u00f1o, Magdalena Esp\u00f3sito Valenti, y de su novia, Abiga\u00edl P\u00e9rez. Ambas fueron acusadas de homicidio. Las trasladaron a una c\u00e1rcel de San Luis. De all\u00ed salieron im\u00e1genes de otras detenidas que intentaban hacer Justicia por propias manos. Ya nada devolver\u00eda a Lucio y su perversa acumulaci\u00f3n de dolores.<\/p>\n\n\n\n<p>Aquel mal\u00e9fico escenario estaba lejos. Muy lejos. Eso es lo que cre\u00edmos. Nos preguntamos c\u00f3mo fue posible que un repugnante y aborrecible crimen realizado en c\u00e1mara lenta no haya sido visto por m\u00e9dicos, docentes, vecinos, Justicia\u2026<\/p>\n\n\n\n<p>Las asesinas hab\u00edan invisibilizado socialmente a Lucio. Despu\u00e9s, todo fue tarde.<\/p>\n\n\n\n<p><\/p>\n\n\n\n<p><\/p>\n\n\n\n<figure class=\"wp-block-image size-large\"><img data-recalc-dims=\"1\" decoding=\"async\" width=\"1024\" height=\"576\" src=\"https:\/\/i0.wp.com\/elregionalvm.com.ar\/noticias-villa-maria\/wp-content\/uploads\/2021\/12\/Madre-Lucio-nino-asesinado-La-Pampa.jpg?resize=1024%2C576&#038;ssl=1\" alt=\"\" class=\"wp-image-50365\" srcset=\"https:\/\/i0.wp.com\/elregionalvm.com.ar\/noticias-villa-maria\/wp-content\/uploads\/2021\/12\/Madre-Lucio-nino-asesinado-La-Pampa.jpg?resize=1024%2C576&amp;ssl=1 1024w, https:\/\/i0.wp.com\/elregionalvm.com.ar\/noticias-villa-maria\/wp-content\/uploads\/2021\/12\/Madre-Lucio-nino-asesinado-La-Pampa.jpg?resize=300%2C169&amp;ssl=1 300w, https:\/\/i0.wp.com\/elregionalvm.com.ar\/noticias-villa-maria\/wp-content\/uploads\/2021\/12\/Madre-Lucio-nino-asesinado-La-Pampa.jpg?resize=768%2C432&amp;ssl=1 768w, https:\/\/i0.wp.com\/elregionalvm.com.ar\/noticias-villa-maria\/wp-content\/uploads\/2021\/12\/Madre-Lucio-nino-asesinado-La-Pampa.jpg?resize=1536%2C864&amp;ssl=1 1536w, https:\/\/i0.wp.com\/elregionalvm.com.ar\/noticias-villa-maria\/wp-content\/uploads\/2021\/12\/Madre-Lucio-nino-asesinado-La-Pampa.jpg?w=1920&amp;ssl=1 1920w\" sizes=\"(max-width: 1000px) 100vw, 1000px\" \/><figcaption><em>La madre de Lucio y su pareja est\u00e1n se\u00f1aladas como responsables de la violencia sobre el ni\u00f1o que deriv\u00f3 en su muerte. <\/em><\/figcaption><\/figure>\n\n\n\n<p><\/p>\n\n\n\n<p><\/p>\n\n\n\n<p><strong>Villa Mar\u00eda\u2026 Barrio Botta, s\u00ed, nuestra aldea<\/strong><\/p>\n\n\n\n<p>Diciembre. Una mujer a la que definen madre y, su pareja, en Barrio Botta, absolutamente enajenados, ven\u00edan torturando a su ni\u00f1o de a\u00f1o y medio, con retrasos madurativos y notoria desnutrici\u00f3n. Violencia sexual de todo tipo, luego aparecer\u00edan las fotograf\u00edas a las que posteriormente se vender\u00edan en Internet. El ano destrozado, se dijo, golpes. Quiz\u00e1s, desde el mismo d\u00eda que naci\u00f3.<\/p>\n\n\n\n<p>Maira R\u00edos, ese es el nombre de la mujer que pari\u00f3 al beb\u00e9, decirle madre le queda grande, ya en el 2018 fue casi un a\u00f1o de prisi\u00f3n por tenencia de drogas. A ella la acompa\u00f1aban familiares. En 2018 recibi\u00f3 una sanci\u00f3n de un a\u00f1o de prisi\u00f3n por \u201ctenencia simple de drogas\u201d.<\/p>\n\n\n\n<p>Silvia Villafa\u00f1e (52), abuela del ni\u00f1o fue quien denunci\u00f3 a su hija por las aberrantes acciones cometidas a la criatura en una vivienda del barrio Lamadrid. El interrogante es: \u00bfNadie intervino?<\/p>\n\n\n\n<p><\/p>\n\n\n\n<figure class=\"wp-block-image size-full\"><img data-recalc-dims=\"1\" decoding=\"async\" width=\"720\" height=\"456\" src=\"https:\/\/i0.wp.com\/elregionalvm.com.ar\/noticias-villa-maria\/wp-content\/uploads\/2021\/12\/Madre-detenida-abuso-hijo-un-ano-y-medio-2021.jpeg?resize=720%2C456&#038;ssl=1\" alt=\"\" class=\"wp-image-50364\" srcset=\"https:\/\/i0.wp.com\/elregionalvm.com.ar\/noticias-villa-maria\/wp-content\/uploads\/2021\/12\/Madre-detenida-abuso-hijo-un-ano-y-medio-2021.jpeg?w=720&amp;ssl=1 720w, https:\/\/i0.wp.com\/elregionalvm.com.ar\/noticias-villa-maria\/wp-content\/uploads\/2021\/12\/Madre-detenida-abuso-hijo-un-ano-y-medio-2021.jpeg?resize=300%2C190&amp;ssl=1 300w\" sizes=\"(max-width: 720px) 100vw, 720px\" \/><figcaption><em>Otro caso aberrante: la mujer detenida se encuentra acusada de abusar de su hijo de 15 meses. <\/em><\/figcaption><\/figure>\n\n\n\n<p><\/p>\n\n\n\n<p>La retorcida R\u00edos qued\u00f3 a disposici\u00f3n de la Fiscal\u00eda de Instrucci\u00f3n del Segundo Turno.\u00a0 Los cargos son de \u201cabuso sexual con acceso carnal\u201d, \u201ccorrupci\u00f3n de menores\u201d y \u201cproducci\u00f3n y distribuci\u00f3n de im\u00e1genes de abuso sexual infantil\u201d.<\/p>\n\n\n\n<p>Todo parece indicar que las denuncias no fueron suficientes. Otro ni\u00f1o que se invisibiliz\u00f3. Hasta hace pocas horas el beb\u00e9 permanec\u00eda en una de las salas de Pediatr\u00eda del Hospital Pasteur. All\u00ed el beb\u00e9 absorbe algo que nunca hab\u00eda conocido. El cari\u00f1o de los trabajadores de la salud\u2026<\/p>\n\n\n\n<p>Tambi\u00e9n se detuvo a su pareja. Los datos que saldr\u00edan de la Justicia dan cuenta, en principio, que no estar\u00eda involucrado directamente\u2026 Se especula si este pat\u00e9tico proceder no buscaba fines econ\u00f3micos: vender las monstruosas im\u00e1genes, es lo que se llama cibercrimen\u2026<\/p>\n\n\n\n<p><\/p>\n\n\n\n<p><strong>Emiliano, destrozado a golpes, quien lo trajo al mundo, actuaba<\/strong><\/p>\n\n\n\n<p>Emiliano ten\u00eda dos a\u00f1os. Apenas pudo estar unas horas en el Pasteur. En este caso tambi\u00e9n, la mujer que lo pari\u00f3, le hab\u00eda propinado maltrato infantil de los considerados muy graves. Hemorragias abundantes. Un llamado a la ambulancia, y encuentran en el ba\u00f1o al beb\u00e9 inconsciente con sangre que brotaba de su boca.<\/p>\n\n\n\n<p>Los primeros datos es que solo se encontraba con el ni\u00f1o el concubino de la paridora (26 a\u00f1os) y \u00e9l 28.&nbsp; Ambos fueron acusados por la Justicia de lesiones grav\u00edsimas. Los infames hechos ocurrieron en Villa Nueva.&nbsp;<\/p>\n\n\n\n<p>Ya en el Pasteur se le formaliz\u00f3 toda la atenci\u00f3n para mantenerlo con vida. Al rato lleg\u00f3 ella, la criminal y, con un actis (actuaci\u00f3n) de una gran artista, imploraba que se lo salvaran. Contar\u00eda un m\u00e9dico m\u00e1s tarde que la doctora actuante ya hab\u00eda detectado o sospechado la actitud de criminalidad.<\/p>\n\n\n\n<p><\/p>\n\n\n\n<figure class=\"wp-block-image size-full\"><img data-recalc-dims=\"1\" loading=\"lazy\" decoding=\"async\" width=\"1024\" height=\"683\" src=\"https:\/\/i0.wp.com\/elregionalvm.com.ar\/noticias-villa-maria\/wp-content\/uploads\/2020\/11\/hospital-pasteur-cerca.jpg?resize=1024%2C683&#038;ssl=1\" alt=\"\" class=\"wp-image-26876\" srcset=\"https:\/\/i0.wp.com\/elregionalvm.com.ar\/noticias-villa-maria\/wp-content\/uploads\/2020\/11\/hospital-pasteur-cerca.jpg?w=1024&amp;ssl=1 1024w, https:\/\/i0.wp.com\/elregionalvm.com.ar\/noticias-villa-maria\/wp-content\/uploads\/2020\/11\/hospital-pasteur-cerca.jpg?resize=300%2C200&amp;ssl=1 300w, https:\/\/i0.wp.com\/elregionalvm.com.ar\/noticias-villa-maria\/wp-content\/uploads\/2020\/11\/hospital-pasteur-cerca.jpg?resize=768%2C512&amp;ssl=1 768w\" sizes=\"(max-width: 1000px) 100vw, 1000px\" \/><figcaption><em>Emiliano permaneci\u00f3 internado en el Pasteur, antes de ser trasladado a C\u00f3rdoba, donde falleci\u00f3. <\/em><\/figcaption><\/figure>\n\n\n\n<p><\/p>\n\n\n\n<p>Al fondo de la sala de pediatr\u00eda, un padre que, con su esposa, sobrellevan una pesada carga luchando por la vida de su peque\u00f1a ni\u00f1a, acompa\u00f1\u00e1ndola d\u00eda y noche, casi que corri\u00f3 hasta el lugar preguntando con notoria preocupaci\u00f3n sobre el estado del ni\u00f1o. Lo hizo en m\u00e1s de una ocasi\u00f3n.<\/p>\n\n\n\n<p>Al otro d\u00eda, luego de repetidos diagn\u00f3sticos se traslad\u00f3 a Emiliano a Hospital de Ni\u00f1os de la Sant\u00edsima Trinidad de C\u00f3rdoba. All\u00ed los estudios fueron terminantes. No se trat\u00f3 de un accidente dom\u00e9stico. El beb\u00e9 demostr\u00f3 quebraduras de vieja data, lesiones antiguas y de pocos d\u00edas en todo el cuerpecillo. Ya no hab\u00eda dudas. Su cr\u00e1neo destrozado y hemorragias internas. Se acababa la depravada mentira.<\/p>\n\n\n\n<p>Las versiones de su madre se contradec\u00edan por minutos. Ninguna coincid\u00eda. El corazoncito dijo basta de sufrimiento el 23 de diciembre. Hab\u00edan pasado dos d\u00edas de lucha de m\u00e9dicos y enfermeras.<\/p>\n\n\n\n<p>La asesina es Ana Yael Piedra (28), mientras que su concubino, Jonathan Marcelo Fern\u00e1ndez (26).<\/p>\n\n\n\n<p>Aqu\u00ed, en nuestra aldea, se visibiliz\u00f3 otra morbosa muerte de un menor.<\/p>\n\n\n\n<p><\/p>\n\n\n\n<p><strong>No mirar<\/strong><\/p>\n\n\n\n<p>El m\u00e9dico, a\u00fan en estado de conmoci\u00f3n, reflexion\u00f3 sobre el padre que se rota con su esposa para acompa\u00f1ar a su ni\u00f1a d\u00eda y noche en el Hospital. \u201cUnos dan la vida por sus hijos, hacen cualquier esfuerzo y nada importa, y otros, son capaces de llorar para ocultar su cinismo de violencia morbosa\u201d.<\/p>\n\n\n\n<p>Lo cierto es que Emiliano es uno de los tantos que fue invisivilizado ante la sociedad, hasta llegar a la propia muerte.&nbsp; \u00bfQu\u00e9 cerca est\u00e1 La Pampa! \u00bfCu\u00e1ntos, en este mismo momento ser\u00e1n torturados, mientras que la sociedad, nosotros, no los vemos?<\/p>\n\n\n\n<p>O ser\u00e1 que preferimos no mirar\u2026<\/p>\n","protected":false},"excerpt":{"rendered":"<p>Escribe: Miguel Andreis Fines de noviembre. La noticia conmovi\u00f3 al pa\u00eds. Estaba lejos. Muy lejos de Villa Mar\u00eda. Hubo enojo social. La repugnancia de la impotencia. No obstante, la distancia era sideral. Y de lejos parece que el dolor se aten\u00faa en la conciencia. Solo parece. El cuerpecillo de Lucio, tal el nombre del ni\u00f1o [&hellip;]<\/p>\n","protected":false},"author":5,"featured_media":50371,"comment_status":"open","ping_status":"open","sticky":false,"template":"","format":"standard","meta":{"site-sidebar-layout":"default","site-content-layout":"default","ast-site-content-layout":"default","site-content-style":"default","site-sidebar-style":"default","ast-global-header-display":"","ast-banner-title-visibility":"","ast-main-header-display":"","ast-hfb-above-header-display":"","ast-hfb-below-header-display":"","ast-hfb-mobile-header-display":"","site-post-title":"","ast-breadcrumbs-content":"","ast-featured-img":"","footer-sml-layout":"","ast-disable-related-posts":"","theme-transparent-header-meta":"default","adv-header-id-meta":"","stick-header-meta":"","header-above-stick-meta":"","header-main-stick-meta":"","header-below-stick-meta":"","astra-migrate-meta-layouts":"default","ast-page-background-enabled":"default","ast-page-background-meta":{"desktop":{"background-color":"","background-image":"","background-repeat":"repeat","background-position":"center center","background-size":"auto","background-attachment":"scroll","background-type":"","background-media":"","overlay-type":"","overlay-color":"","overlay-opacity":"","overlay-gradient":""},"tablet":{"background-color":"","background-image":"","background-repeat":"repeat","background-position":"center center","background-size":"auto","background-attachment":"scroll","background-type":"","background-media":"","overlay-type":"","overlay-color":"","overlay-opacity":"","overlay-gradient":""},"mobile":{"background-color":"","background-image":"","background-repeat":"repeat","background-position":"center center","background-size":"auto","background-attachment":"scroll","background-type":"","background-media":"","overlay-type":"","overlay-color":"","overlay-opacity":"","overlay-gradient":""}},"ast-content-background-meta":{"desktop":{"background-color":"var(--ast-global-color-5)","background-image":"","background-repeat":"repeat","background-position":"center center","background-size":"auto","background-attachment":"scroll","background-type":"","background-media":"","overlay-type":"","overlay-color":"","overlay-opacity":"","overlay-gradient":""},"tablet":{"background-color":"var(--ast-global-color-5)","background-image":"","background-repeat":"repeat","background-position":"center center","background-size":"auto","background-attachment":"scroll","background-type":"","background-media":"","overlay-type":"","overlay-color":"","overlay-opacity":"","overlay-gradient":""},"mobile":{"background-color":"var(--ast-global-color-5)","background-image":"","background-repeat":"repeat","background-position":"center center","background-size":"auto","background-attachment":"scroll","background-type":"","background-media":"","overlay-type":"","overlay-color":"","overlay-opacity":"","overlay-gradient":""}},"_jetpack_memberships_contains_paid_content":false,"_joinchat":[],"footnotes":""},"categories":[365,3557],"tags":[1078,6712,13002,13004,11528,13001,9821,4910,13003,13005,5570,232,995],"class_list":["post-50353","post","type-post","status-publish","format-standard","has-post-thumbnail","hentry","category-opinion","category-tercera","tag-abusos","tag-asesinatos","tag-golpes","tag-invisibles","tag-la-pampa","tag-lucio","tag-madres","tag-padres","tag-padres-golpeadores","tag-responsables","tag-sociedad","tag-villa-nueva","tag-violencia"],"yoast_head":"<!-- This site is optimized with the Yoast SEO plugin v26.8 - https:\/\/yoast.com\/product\/yoast-seo-wordpress\/ -->\n<title>\u201cMadres Mierdas\u201d: Ni\u00f1os asesinados y abusados en una sociedad que prefiere no mirar - El Regional<\/title>\n<meta name=\"description\" content=\"Ni\u00f1os abusados y asesinados por sus madres, padres o familiares. Hechos aberrantes que parecieran ser invisibilizados por la sociedad.\" \/>\n<meta name=\"robots\" content=\"index, follow, max-snippet:-1, max-image-preview:large, max-video-preview:-1\" \/>\n<link rel=\"canonical\" href=\"http:\/\/elregionalvm.com.ar\/noticias-villa-maria\/madres-mierdas-ninos-asesinados-y-abusados-en-una-sociedad-que-prefiere-no-mirar\/\" \/>\n<meta property=\"og:locale\" content=\"es_ES\" \/>\n<meta property=\"og:type\" content=\"article\" \/>\n<meta property=\"og:title\" content=\"\u201cMadres Mierdas\u201d: Ni\u00f1os asesinados y abusados en una sociedad que prefiere no mirar - El Regional\" \/>\n<meta property=\"og:description\" content=\"Ni\u00f1os abusados y asesinados por sus madres, padres o familiares. Hechos aberrantes que parecieran ser invisibilizados por la sociedad.\" \/>\n<meta property=\"og:url\" content=\"http:\/\/elregionalvm.com.ar\/noticias-villa-maria\/madres-mierdas-ninos-asesinados-y-abusados-en-una-sociedad-que-prefiere-no-mirar\/\" \/>\n<meta property=\"og:site_name\" content=\"El Regional\" \/>\n<meta property=\"article:publisher\" content=\"https:\/\/www.facebook.com\/elregionalvm\" \/>\n<meta property=\"article:published_time\" content=\"2021-12-28T20:57:33+00:00\" \/>\n<meta property=\"article:modified_time\" content=\"2021-12-31T20:45:35+00:00\" \/>\n<meta property=\"og:image\" content=\"http:\/\/elregionalvm.com.ar\/noticias-villa-maria\/wp-content\/uploads\/2021\/12\/Lucio-nino-asesinado-La-Pampa-vertical.jpg\" \/>\n\t<meta property=\"og:image:width\" content=\"960\" \/>\n\t<meta property=\"og:image:height\" content=\"1200\" \/>\n\t<meta property=\"og:image:type\" content=\"image\/jpeg\" \/>\n<meta name=\"author\" content=\"Miguel Andreis\" \/>\n<meta name=\"twitter:card\" content=\"summary_large_image\" \/>\n<meta name=\"twitter:creator\" content=\"@elregionalvm1\" \/>\n<meta name=\"twitter:site\" content=\"@elregionalvm1\" \/>\n<meta name=\"twitter:label1\" content=\"Escrito por\" \/>\n\t<meta name=\"twitter:data1\" content=\"Miguel Andreis\" \/>\n\t<meta name=\"twitter:label2\" content=\"Tiempo de lectura\" \/>\n\t<meta name=\"twitter:data2\" content=\"6 minutos\" \/>\n<script type=\"application\/ld+json\" class=\"yoast-schema-graph\">{\"@context\":\"https:\/\/schema.org\",\"@graph\":[{\"@type\":\"Article\",\"@id\":\"http:\/\/elregionalvm.com.ar\/noticias-villa-maria\/madres-mierdas-ninos-asesinados-y-abusados-en-una-sociedad-que-prefiere-no-mirar\/#article\",\"isPartOf\":{\"@id\":\"http:\/\/elregionalvm.com.ar\/noticias-villa-maria\/madres-mierdas-ninos-asesinados-y-abusados-en-una-sociedad-que-prefiere-no-mirar\/\"},\"author\":{\"name\":\"Miguel Andreis\",\"@id\":\"http:\/\/elregionalvm.com.ar\/noticias-villa-maria\/#\/schema\/person\/df5ff3f005acf29788aed9cb359f1193\"},\"headline\":\"\u201cMadres Mierdas\u201d: Ni\u00f1os asesinados y abusados en una sociedad que prefiere no mirar\",\"datePublished\":\"2021-12-28T20:57:33+00:00\",\"dateModified\":\"2021-12-31T20:45:35+00:00\",\"mainEntityOfPage\":{\"@id\":\"http:\/\/elregionalvm.com.ar\/noticias-villa-maria\/madres-mierdas-ninos-asesinados-y-abusados-en-una-sociedad-que-prefiere-no-mirar\/\"},\"wordCount\":1108,\"commentCount\":0,\"image\":{\"@id\":\"http:\/\/elregionalvm.com.ar\/noticias-villa-maria\/madres-mierdas-ninos-asesinados-y-abusados-en-una-sociedad-que-prefiere-no-mirar\/#primaryimage\"},\"thumbnailUrl\":\"https:\/\/i0.wp.com\/elregionalvm.com.ar\/noticias-villa-maria\/wp-content\/uploads\/2021\/12\/Lucio-nino-asesinado-La-Pampa-vertical.jpg?fit=960%2C1200&ssl=1\",\"keywords\":[\"Abusos\",\"Asesinatos\",\"golpes\",\"invisibles\",\"La Pampa\",\"Lucio\",\"Madres\",\"Padres\",\"padres golpeadores\",\"responsables\",\"sociedad\",\"VILLA NUEVA\",\"Violencia\"],\"articleSection\":[\"Opini\u00f3n\",\"tercera\"],\"inLanguage\":\"es\",\"potentialAction\":[{\"@type\":\"CommentAction\",\"name\":\"Comment\",\"target\":[\"http:\/\/elregionalvm.com.ar\/noticias-villa-maria\/madres-mierdas-ninos-asesinados-y-abusados-en-una-sociedad-que-prefiere-no-mirar\/#respond\"]}]},{\"@type\":\"WebPage\",\"@id\":\"http:\/\/elregionalvm.com.ar\/noticias-villa-maria\/madres-mierdas-ninos-asesinados-y-abusados-en-una-sociedad-que-prefiere-no-mirar\/\",\"url\":\"http:\/\/elregionalvm.com.ar\/noticias-villa-maria\/madres-mierdas-ninos-asesinados-y-abusados-en-una-sociedad-que-prefiere-no-mirar\/\",\"name\":\"\u201cMadres Mierdas\u201d: Ni\u00f1os asesinados y abusados en una sociedad que prefiere no mirar - El Regional\",\"isPartOf\":{\"@id\":\"http:\/\/elregionalvm.com.ar\/noticias-villa-maria\/#website\"},\"primaryImageOfPage\":{\"@id\":\"http:\/\/elregionalvm.com.ar\/noticias-villa-maria\/madres-mierdas-ninos-asesinados-y-abusados-en-una-sociedad-que-prefiere-no-mirar\/#primaryimage\"},\"image\":{\"@id\":\"http:\/\/elregionalvm.com.ar\/noticias-villa-maria\/madres-mierdas-ninos-asesinados-y-abusados-en-una-sociedad-que-prefiere-no-mirar\/#primaryimage\"},\"thumbnailUrl\":\"https:\/\/i0.wp.com\/elregionalvm.com.ar\/noticias-villa-maria\/wp-content\/uploads\/2021\/12\/Lucio-nino-asesinado-La-Pampa-vertical.jpg?fit=960%2C1200&ssl=1\",\"datePublished\":\"2021-12-28T20:57:33+00:00\",\"dateModified\":\"2021-12-31T20:45:35+00:00\",\"author\":{\"@id\":\"http:\/\/elregionalvm.com.ar\/noticias-villa-maria\/#\/schema\/person\/df5ff3f005acf29788aed9cb359f1193\"},\"description\":\"Ni\u00f1os abusados y asesinados por sus madres, padres o familiares. Hechos aberrantes que parecieran ser invisibilizados por la sociedad.\",\"breadcrumb\":{\"@id\":\"http:\/\/elregionalvm.com.ar\/noticias-villa-maria\/madres-mierdas-ninos-asesinados-y-abusados-en-una-sociedad-que-prefiere-no-mirar\/#breadcrumb\"},\"inLanguage\":\"es\",\"potentialAction\":[{\"@type\":\"ReadAction\",\"target\":[\"http:\/\/elregionalvm.com.ar\/noticias-villa-maria\/madres-mierdas-ninos-asesinados-y-abusados-en-una-sociedad-que-prefiere-no-mirar\/\"]}]},{\"@type\":\"ImageObject\",\"inLanguage\":\"es\",\"@id\":\"http:\/\/elregionalvm.com.ar\/noticias-villa-maria\/madres-mierdas-ninos-asesinados-y-abusados-en-una-sociedad-que-prefiere-no-mirar\/#primaryimage\",\"url\":\"https:\/\/i0.wp.com\/elregionalvm.com.ar\/noticias-villa-maria\/wp-content\/uploads\/2021\/12\/Lucio-nino-asesinado-La-Pampa-vertical.jpg?fit=960%2C1200&ssl=1\",\"contentUrl\":\"https:\/\/i0.wp.com\/elregionalvm.com.ar\/noticias-villa-maria\/wp-content\/uploads\/2021\/12\/Lucio-nino-asesinado-La-Pampa-vertical.jpg?fit=960%2C1200&ssl=1\",\"width\":960,\"height\":1200},{\"@type\":\"BreadcrumbList\",\"@id\":\"http:\/\/elregionalvm.com.ar\/noticias-villa-maria\/madres-mierdas-ninos-asesinados-y-abusados-en-una-sociedad-que-prefiere-no-mirar\/#breadcrumb\",\"itemListElement\":[{\"@type\":\"ListItem\",\"position\":1,\"name\":\"Portada\",\"item\":\"https:\/\/elregionalvm.com.ar\/noticias-villa-maria\/\"},{\"@type\":\"ListItem\",\"position\":2,\"name\":\"\u201cMadres Mierdas\u201d: Ni\u00f1os asesinados y abusados en una sociedad que prefiere no mirar\"}]},{\"@type\":\"WebSite\",\"@id\":\"http:\/\/elregionalvm.com.ar\/noticias-villa-maria\/#website\",\"url\":\"http:\/\/elregionalvm.com.ar\/noticias-villa-maria\/\",\"name\":\"El Regional\",\"description\":\"Mucho m\u00e1s que informaci\u00f3n\",\"potentialAction\":[{\"@type\":\"SearchAction\",\"target\":{\"@type\":\"EntryPoint\",\"urlTemplate\":\"http:\/\/elregionalvm.com.ar\/noticias-villa-maria\/?s={search_term_string}\"},\"query-input\":{\"@type\":\"PropertyValueSpecification\",\"valueRequired\":true,\"valueName\":\"search_term_string\"}}],\"inLanguage\":\"es\"},{\"@type\":\"Person\",\"@id\":\"http:\/\/elregionalvm.com.ar\/noticias-villa-maria\/#\/schema\/person\/df5ff3f005acf29788aed9cb359f1193\",\"name\":\"Miguel Andreis\",\"image\":{\"@type\":\"ImageObject\",\"inLanguage\":\"es\",\"@id\":\"http:\/\/elregionalvm.com.ar\/noticias-villa-maria\/#\/schema\/person\/image\/\",\"url\":\"https:\/\/secure.gravatar.com\/avatar\/c643381cd03da38327c6407e6886e7182d881f2ecf94a7902ca262c41f9d8884?s=96&d=mm&r=g\",\"contentUrl\":\"https:\/\/secure.gravatar.com\/avatar\/c643381cd03da38327c6407e6886e7182d881f2ecf94a7902ca262c41f9d8884?s=96&d=mm&r=g\",\"caption\":\"Miguel Andreis\"},\"url\":\"https:\/\/elregionalvm.com.ar\/noticias-villa-maria\/author\/miguelandreis\/\"}]}<\/script>\n<!-- \/ Yoast SEO plugin. -->","yoast_head_json":{"title":"\u201cMadres Mierdas\u201d: Ni\u00f1os asesinados y abusados en una sociedad que prefiere no mirar - El Regional","description":"Ni\u00f1os abusados y asesinados por sus madres, padres o familiares. Hechos aberrantes que parecieran ser invisibilizados por la sociedad.","robots":{"index":"index","follow":"follow","max-snippet":"max-snippet:-1","max-image-preview":"max-image-preview:large","max-video-preview":"max-video-preview:-1"},"canonical":"http:\/\/elregionalvm.com.ar\/noticias-villa-maria\/madres-mierdas-ninos-asesinados-y-abusados-en-una-sociedad-que-prefiere-no-mirar\/","og_locale":"es_ES","og_type":"article","og_title":"\u201cMadres Mierdas\u201d: Ni\u00f1os asesinados y abusados en una sociedad que prefiere no mirar - El Regional","og_description":"Ni\u00f1os abusados y asesinados por sus madres, padres o familiares. Hechos aberrantes que parecieran ser invisibilizados por la sociedad.","og_url":"http:\/\/elregionalvm.com.ar\/noticias-villa-maria\/madres-mierdas-ninos-asesinados-y-abusados-en-una-sociedad-que-prefiere-no-mirar\/","og_site_name":"El Regional","article_publisher":"https:\/\/www.facebook.com\/elregionalvm","article_published_time":"2021-12-28T20:57:33+00:00","article_modified_time":"2021-12-31T20:45:35+00:00","og_image":[{"width":960,"height":1200,"url":"http:\/\/elregionalvm.com.ar\/noticias-villa-maria\/wp-content\/uploads\/2021\/12\/Lucio-nino-asesinado-La-Pampa-vertical.jpg","type":"image\/jpeg"}],"author":"Miguel Andreis","twitter_card":"summary_large_image","twitter_creator":"@elregionalvm1","twitter_site":"@elregionalvm1","twitter_misc":{"Escrito por":"Miguel Andreis","Tiempo de lectura":"6 minutos"},"schema":{"@context":"https:\/\/schema.org","@graph":[{"@type":"Article","@id":"http:\/\/elregionalvm.com.ar\/noticias-villa-maria\/madres-mierdas-ninos-asesinados-y-abusados-en-una-sociedad-que-prefiere-no-mirar\/#article","isPartOf":{"@id":"http:\/\/elregionalvm.com.ar\/noticias-villa-maria\/madres-mierdas-ninos-asesinados-y-abusados-en-una-sociedad-que-prefiere-no-mirar\/"},"author":{"name":"Miguel Andreis","@id":"http:\/\/elregionalvm.com.ar\/noticias-villa-maria\/#\/schema\/person\/df5ff3f005acf29788aed9cb359f1193"},"headline":"\u201cMadres Mierdas\u201d: Ni\u00f1os asesinados y abusados en una sociedad que prefiere no mirar","datePublished":"2021-12-28T20:57:33+00:00","dateModified":"2021-12-31T20:45:35+00:00","mainEntityOfPage":{"@id":"http:\/\/elregionalvm.com.ar\/noticias-villa-maria\/madres-mierdas-ninos-asesinados-y-abusados-en-una-sociedad-que-prefiere-no-mirar\/"},"wordCount":1108,"commentCount":0,"image":{"@id":"http:\/\/elregionalvm.com.ar\/noticias-villa-maria\/madres-mierdas-ninos-asesinados-y-abusados-en-una-sociedad-que-prefiere-no-mirar\/#primaryimage"},"thumbnailUrl":"https:\/\/i0.wp.com\/elregionalvm.com.ar\/noticias-villa-maria\/wp-content\/uploads\/2021\/12\/Lucio-nino-asesinado-La-Pampa-vertical.jpg?fit=960%2C1200&ssl=1","keywords":["Abusos","Asesinatos","golpes","invisibles","La Pampa","Lucio","Madres","Padres","padres golpeadores","responsables","sociedad","VILLA NUEVA","Violencia"],"articleSection":["Opini\u00f3n","tercera"],"inLanguage":"es","potentialAction":[{"@type":"CommentAction","name":"Comment","target":["http:\/\/elregionalvm.com.ar\/noticias-villa-maria\/madres-mierdas-ninos-asesinados-y-abusados-en-una-sociedad-que-prefiere-no-mirar\/#respond"]}]},{"@type":"WebPage","@id":"http:\/\/elregionalvm.com.ar\/noticias-villa-maria\/madres-mierdas-ninos-asesinados-y-abusados-en-una-sociedad-que-prefiere-no-mirar\/","url":"http:\/\/elregionalvm.com.ar\/noticias-villa-maria\/madres-mierdas-ninos-asesinados-y-abusados-en-una-sociedad-que-prefiere-no-mirar\/","name":"\u201cMadres Mierdas\u201d: Ni\u00f1os asesinados y abusados en una sociedad que prefiere no mirar - El Regional","isPartOf":{"@id":"http:\/\/elregionalvm.com.ar\/noticias-villa-maria\/#website"},"primaryImageOfPage":{"@id":"http:\/\/elregionalvm.com.ar\/noticias-villa-maria\/madres-mierdas-ninos-asesinados-y-abusados-en-una-sociedad-que-prefiere-no-mirar\/#primaryimage"},"image":{"@id":"http:\/\/elregionalvm.com.ar\/noticias-villa-maria\/madres-mierdas-ninos-asesinados-y-abusados-en-una-sociedad-que-prefiere-no-mirar\/#primaryimage"},"thumbnailUrl":"https:\/\/i0.wp.com\/elregionalvm.com.ar\/noticias-villa-maria\/wp-content\/uploads\/2021\/12\/Lucio-nino-asesinado-La-Pampa-vertical.jpg?fit=960%2C1200&ssl=1","datePublished":"2021-12-28T20:57:33+00:00","dateModified":"2021-12-31T20:45:35+00:00","author":{"@id":"http:\/\/elregionalvm.com.ar\/noticias-villa-maria\/#\/schema\/person\/df5ff3f005acf29788aed9cb359f1193"},"description":"Ni\u00f1os abusados y asesinados por sus madres, padres o familiares. Hechos aberrantes que parecieran ser invisibilizados por la sociedad.","breadcrumb":{"@id":"http:\/\/elregionalvm.com.ar\/noticias-villa-maria\/madres-mierdas-ninos-asesinados-y-abusados-en-una-sociedad-que-prefiere-no-mirar\/#breadcrumb"},"inLanguage":"es","potentialAction":[{"@type":"ReadAction","target":["http:\/\/elregionalvm.com.ar\/noticias-villa-maria\/madres-mierdas-ninos-asesinados-y-abusados-en-una-sociedad-que-prefiere-no-mirar\/"]}]},{"@type":"ImageObject","inLanguage":"es","@id":"http:\/\/elregionalvm.com.ar\/noticias-villa-maria\/madres-mierdas-ninos-asesinados-y-abusados-en-una-sociedad-que-prefiere-no-mirar\/#primaryimage","url":"https:\/\/i0.wp.com\/elregionalvm.com.ar\/noticias-villa-maria\/wp-content\/uploads\/2021\/12\/Lucio-nino-asesinado-La-Pampa-vertical.jpg?fit=960%2C1200&ssl=1","contentUrl":"https:\/\/i0.wp.com\/elregionalvm.com.ar\/noticias-villa-maria\/wp-content\/uploads\/2021\/12\/Lucio-nino-asesinado-La-Pampa-vertical.jpg?fit=960%2C1200&ssl=1","width":960,"height":1200},{"@type":"BreadcrumbList","@id":"http:\/\/elregionalvm.com.ar\/noticias-villa-maria\/madres-mierdas-ninos-asesinados-y-abusados-en-una-sociedad-que-prefiere-no-mirar\/#breadcrumb","itemListElement":[{"@type":"ListItem","position":1,"name":"Portada","item":"https:\/\/elregionalvm.com.ar\/noticias-villa-maria\/"},{"@type":"ListItem","position":2,"name":"\u201cMadres Mierdas\u201d: Ni\u00f1os asesinados y abusados en una sociedad que prefiere no mirar"}]},{"@type":"WebSite","@id":"http:\/\/elregionalvm.com.ar\/noticias-villa-maria\/#website","url":"http:\/\/elregionalvm.com.ar\/noticias-villa-maria\/","name":"El Regional","description":"Mucho m\u00e1s que informaci\u00f3n","potentialAction":[{"@type":"SearchAction","target":{"@type":"EntryPoint","urlTemplate":"http:\/\/elregionalvm.com.ar\/noticias-villa-maria\/?s={search_term_string}"},"query-input":{"@type":"PropertyValueSpecification","valueRequired":true,"valueName":"search_term_string"}}],"inLanguage":"es"},{"@type":"Person","@id":"http:\/\/elregionalvm.com.ar\/noticias-villa-maria\/#\/schema\/person\/df5ff3f005acf29788aed9cb359f1193","name":"Miguel Andreis","image":{"@type":"ImageObject","inLanguage":"es","@id":"http:\/\/elregionalvm.com.ar\/noticias-villa-maria\/#\/schema\/person\/image\/","url":"https:\/\/secure.gravatar.com\/avatar\/c643381cd03da38327c6407e6886e7182d881f2ecf94a7902ca262c41f9d8884?s=96&d=mm&r=g","contentUrl":"https:\/\/secure.gravatar.com\/avatar\/c643381cd03da38327c6407e6886e7182d881f2ecf94a7902ca262c41f9d8884?s=96&d=mm&r=g","caption":"Miguel Andreis"},"url":"https:\/\/elregionalvm.com.ar\/noticias-villa-maria\/author\/miguelandreis\/"}]}},"jetpack_featured_media_url":"https:\/\/i0.wp.com\/elregionalvm.com.ar\/noticias-villa-maria\/wp-content\/uploads\/2021\/12\/Lucio-nino-asesinado-La-Pampa-vertical.jpg?fit=960%2C1200&ssl=1","jetpack_sharing_enabled":true,"_links":{"self":[{"href":"https:\/\/elregionalvm.com.ar\/noticias-villa-maria\/wp-json\/wp\/v2\/posts\/50353","targetHints":{"allow":["GET"]}}],"collection":[{"href":"https:\/\/elregionalvm.com.ar\/noticias-villa-maria\/wp-json\/wp\/v2\/posts"}],"about":[{"href":"https:\/\/elregionalvm.com.ar\/noticias-villa-maria\/wp-json\/wp\/v2\/types\/post"}],"author":[{"embeddable":true,"href":"https:\/\/elregionalvm.com.ar\/noticias-villa-maria\/wp-json\/wp\/v2\/users\/5"}],"replies":[{"embeddable":true,"href":"https:\/\/elregionalvm.com.ar\/noticias-villa-maria\/wp-json\/wp\/v2\/comments?post=50353"}],"version-history":[{"count":5,"href":"https:\/\/elregionalvm.com.ar\/noticias-villa-maria\/wp-json\/wp\/v2\/posts\/50353\/revisions"}],"predecessor-version":[{"id":50404,"href":"https:\/\/elregionalvm.com.ar\/noticias-villa-maria\/wp-json\/wp\/v2\/posts\/50353\/revisions\/50404"}],"wp:featuredmedia":[{"embeddable":true,"href":"https:\/\/elregionalvm.com.ar\/noticias-villa-maria\/wp-json\/wp\/v2\/media\/50371"}],"wp:attachment":[{"href":"https:\/\/elregionalvm.com.ar\/noticias-villa-maria\/wp-json\/wp\/v2\/media?parent=50353"}],"wp:term":[{"taxonomy":"category","embeddable":true,"href":"https:\/\/elregionalvm.com.ar\/noticias-villa-maria\/wp-json\/wp\/v2\/categories?post=50353"},{"taxonomy":"post_tag","embeddable":true,"href":"https:\/\/elregionalvm.com.ar\/noticias-villa-maria\/wp-json\/wp\/v2\/tags?post=50353"}],"curies":[{"name":"wp","href":"https:\/\/api.w.org\/{rel}","templated":true}]}}