{"id":50366,"date":"2021-12-28T20:52:55","date_gmt":"2021-12-28T20:52:55","guid":{"rendered":"https:\/\/elregionalvm.com.ar\/noticias-villa-maria\/?p=50366"},"modified":"2021-12-28T20:52:56","modified_gmt":"2021-12-28T20:52:56","slug":"gill-reunio-al-gabinete-ampliado-y-trazo-acciones-a-nivel-local","status":"publish","type":"post","link":"https:\/\/elregionalvm.com.ar\/noticias-villa-maria\/gill-reunio-al-gabinete-ampliado-y-trazo-acciones-a-nivel-local\/","title":{"rendered":"Gill reuni\u00f3 al Gabinete ampliado y traz\u00f3 acciones a nivel local"},"content":{"rendered":"\n<p>Con motivo de su regreso a la intendencia, Mart\u00edn Gill brind\u00f3 una conferencia donde hizo un repaso de su gesti\u00f3n como secretario de Obras P\u00fablicas de la Naci\u00f3n. En este marco, reiter\u00f3 la importancia de haber formado parte de la cartera nacional y apunt\u00f3 los proyectos ejecutados a nivel local durante dicho per\u00edodo de la mano del presidente del Concejo Deliberante, Pablo Rosso.<\/p>\n\n\n\n<p>Al respecto, Gill expres\u00f3: \u201cSiento una inmensa alegr\u00eda de regresar a la ciudad, porque uno de los mayores honores en mi vida pol\u00edtica es ser intendente de Villa Mar\u00eda\u201d. \u201cTenemos una ciudad maravillosa, con grandes oportunidades gracias a la fuerza de su gente, de sus instituciones, del sector educativo, de salud, industrial y servicios\u201d, ponder\u00f3.<\/p>\n\n\n\n<p>En este sentido, asegur\u00f3 que \u201cjunto a Pablo Rosso decidimos mi vuelta a la gesti\u00f3n, con una agenda de grandes proyectos por alcanzar que implicar\u00e1n a\u00f1os de gran crecimiento para toda la ciudad\u201d. Al respecto, se\u00f1al\u00f3 que en horas de la ma\u00f1ana se llev\u00f3 adelante una reuni\u00f3n junto al Gabinete ampliado del municipio a los fines de trazar acciones para los pr\u00f3ximos sesenta d\u00edas.<\/p>\n\n\n\n<p>Del mismo modo, Gill hizo referencia a su paso por la secretar\u00eda nacional y destac\u00f3 el valor del puesto que ocup\u00f3 en pos de darle territorialidad a la obra p\u00fablica. \u201cEl presidente Alberto Fern\u00e1ndez me convoc\u00f3 junto a cuatro intendentes en ejercicio de todo el pa\u00eds para poner nuestra visi\u00f3n sobre la obra p\u00fablica\u201d, se\u00f1al\u00f3.<\/p>\n\n\n\n<p>Al respecto, indic\u00f3 que \u201casumimos con un ministerio con proyectos paralizados y comenzamos a trabajar sostenidamente para en dos a\u00f1os alcanzar la puesta en marcha de casi 4.000 obras en todo el pa\u00eds, abarcando 1.700 localidades\u201d.<\/p>\n\n\n\n<p>Por otro lado, Gill dio a conocer la firma de un convenio junto a la Universidad Nacional de Villa Mar\u00eda (UNVM), lo cual posibilitar\u00e1 la ejecuci\u00f3n de tres obras en el campus educativo. En este sentido, detall\u00f3 que las intervenciones comprenden la conexi\u00f3n de las \u00e1reas de dise\u00f1o y m\u00fasica, como as\u00ed tambi\u00e9n la creaci\u00f3n de un nuevo m\u00f3dulo \u00e1ulico de dos plantas, siendo el primero de este tipo de infraestructura en el lugar.<\/p>\n\n\n\n<p>Al mismo tiempo, se prev\u00e9 la creaci\u00f3n de un nuevo Centro de Atenci\u00f3n Primario de la Salud (CAPS) en el campus con el objetivo de oficiar como centro sanitario tanto para la ciudad universitaria como para vecinos y vecinas del sector.<\/p>\n\n\n\n<figure class=\"wp-block-image size-large\"><img data-recalc-dims=\"1\" fetchpriority=\"high\" decoding=\"async\" width=\"1024\" height=\"682\" src=\"https:\/\/i0.wp.com\/elregionalvm.com.ar\/noticias-villa-maria\/wp-content\/uploads\/2021\/12\/WhatsApp-Image-2021-12-28-at-15.33.18.jpeg?resize=1024%2C682&#038;ssl=1\" alt=\"\" class=\"wp-image-50369\" srcset=\"https:\/\/i0.wp.com\/elregionalvm.com.ar\/noticias-villa-maria\/wp-content\/uploads\/2021\/12\/WhatsApp-Image-2021-12-28-at-15.33.18.jpeg?resize=1024%2C682&amp;ssl=1 1024w, https:\/\/i0.wp.com\/elregionalvm.com.ar\/noticias-villa-maria\/wp-content\/uploads\/2021\/12\/WhatsApp-Image-2021-12-28-at-15.33.18.jpeg?resize=300%2C200&amp;ssl=1 300w, https:\/\/i0.wp.com\/elregionalvm.com.ar\/noticias-villa-maria\/wp-content\/uploads\/2021\/12\/WhatsApp-Image-2021-12-28-at-15.33.18.jpeg?resize=768%2C512&amp;ssl=1 768w, https:\/\/i0.wp.com\/elregionalvm.com.ar\/noticias-villa-maria\/wp-content\/uploads\/2021\/12\/WhatsApp-Image-2021-12-28-at-15.33.18.jpeg?w=1280&amp;ssl=1 1280w\" sizes=\"(max-width: 1000px) 100vw, 1000px\" \/><\/figure>\n","protected":false},"excerpt":{"rendered":"<p>Con motivo de su regreso a la intendencia, Mart\u00edn Gill brind\u00f3 una conferencia donde hizo un repaso de su gesti\u00f3n como secretario de Obras P\u00fablicas de la Naci\u00f3n. En este marco, reiter\u00f3 la importancia de haber formado parte de la cartera nacional y apunt\u00f3 los proyectos ejecutados a nivel local durante dicho per\u00edodo de la [&hellip;]<\/p>\n","protected":false},"author":4,"featured_media":50368,"comment_status":"open","ping_status":"open","sticky":false,"template":"","format":"standard","meta":{"site-sidebar-layout":"default","site-content-layout":"default","ast-site-content-layout":"default","site-content-style":"default","site-sidebar-style":"default","ast-global-header-display":"","ast-banner-title-visibility":"","ast-main-header-display":"","ast-hfb-above-header-display":"","ast-hfb-below-header-display":"","ast-hfb-mobile-header-display":"","site-post-title":"","ast-breadcrumbs-content":"","ast-featured-img":"","footer-sml-layout":"","ast-disable-related-posts":"","theme-transparent-header-meta":"default","adv-header-id-meta":"","stick-header-meta":"","header-above-stick-meta":"","header-main-stick-meta":"","header-below-stick-meta":"","astra-migrate-meta-layouts":"default","ast-page-background-enabled":"default","ast-page-background-meta":{"desktop":{"background-color":"","background-image":"","background-repeat":"repeat","background-position":"center center","background-size":"auto","background-attachment":"scroll","background-type":"","background-media":"","overlay-type":"","overlay-color":"","overlay-opacity":"","overlay-gradient":""},"tablet":{"background-color":"","background-image":"","background-repeat":"repeat","background-position":"center center","background-size":"auto","background-attachment":"scroll","background-type":"","background-media":"","overlay-type":"","overlay-color":"","overlay-opacity":"","overlay-gradient":""},"mobile":{"background-color":"","background-image":"","background-repeat":"repeat","background-position":"center center","background-size":"auto","background-attachment":"scroll","background-type":"","background-media":"","overlay-type":"","overlay-color":"","overlay-opacity":"","overlay-gradient":""}},"ast-content-background-meta":{"desktop":{"background-color":"var(--ast-global-color-5)","background-image":"","background-repeat":"repeat","background-position":"center center","background-size":"auto","background-attachment":"scroll","background-type":"","background-media":"","overlay-type":"","overlay-color":"","overlay-opacity":"","overlay-gradient":""},"tablet":{"background-color":"var(--ast-global-color-5)","background-image":"","background-repeat":"repeat","background-position":"center center","background-size":"auto","background-attachment":"scroll","background-type":"","background-media":"","overlay-type":"","overlay-color":"","overlay-opacity":"","overlay-gradient":""},"mobile":{"background-color":"var(--ast-global-color-5)","background-image":"","background-repeat":"repeat","background-position":"center center","background-size":"auto","background-attachment":"scroll","background-type":"","background-media":"","overlay-type":"","overlay-color":"","overlay-opacity":"","overlay-gradient":""}},"_jetpack_memberships_contains_paid_content":false,"_joinchat":[],"footnotes":""},"categories":[2],"tags":[12110,13006,1232,1125,13007,13008,2248],"class_list":["post-50366","post","type-post","status-publish","format-standard","has-post-thumbnail","hentry","category-villa-maria","tag-acciones-locales","tag-conferencia-de-prensa","tag-destacado","tag-martin-gill","tag-repaso-gestion-nacional","tag-reunion-de-gabinete","tag-villa-maria-2"],"yoast_head":"<!-- This site is optimized with the Yoast SEO plugin v26.8 - https:\/\/yoast.com\/product\/yoast-seo-wordpress\/ -->\n<title>Gill reuni\u00f3 al Gabinete ampliado y traz\u00f3 acciones a nivel local - El Regional<\/title>\n<meta name=\"robots\" content=\"index, follow, max-snippet:-1, max-image-preview:large, max-video-preview:-1\" \/>\n<link rel=\"canonical\" href=\"http:\/\/elregionalvm.com.ar\/noticias-villa-maria\/gill-reunio-al-gabinete-ampliado-y-trazo-acciones-a-nivel-local\/\" \/>\n<meta property=\"og:locale\" content=\"es_ES\" \/>\n<meta property=\"og:type\" content=\"article\" \/>\n<meta property=\"og:title\" content=\"Gill reuni\u00f3 al Gabinete ampliado y traz\u00f3 acciones a nivel local - El Regional\" \/>\n<meta property=\"og:description\" content=\"Con motivo de su regreso a la intendencia, Mart\u00edn Gill brind\u00f3 una conferencia donde hizo un repaso de su gesti\u00f3n como secretario de Obras P\u00fablicas de la Naci\u00f3n. En este marco, reiter\u00f3 la importancia de haber formado parte de la cartera nacional y apunt\u00f3 los proyectos ejecutados a nivel local durante dicho per\u00edodo de la [&hellip;]\" \/>\n<meta property=\"og:url\" content=\"http:\/\/elregionalvm.com.ar\/noticias-villa-maria\/gill-reunio-al-gabinete-ampliado-y-trazo-acciones-a-nivel-local\/\" \/>\n<meta property=\"og:site_name\" content=\"El Regional\" \/>\n<meta property=\"article:publisher\" content=\"https:\/\/www.facebook.com\/elregionalvm\" \/>\n<meta property=\"article:published_time\" content=\"2021-12-28T20:52:55+00:00\" \/>\n<meta property=\"article:modified_time\" content=\"2021-12-28T20:52:56+00:00\" \/>\n<meta property=\"og:image\" content=\"http:\/\/elregionalvm.com.ar\/noticias-villa-maria\/wp-content\/uploads\/2021\/12\/WhatsApp-Image-2021-12-28-at-15.33.19.jpeg\" \/>\n\t<meta property=\"og:image:width\" content=\"1280\" \/>\n\t<meta property=\"og:image:height\" content=\"853\" \/>\n\t<meta property=\"og:image:type\" content=\"image\/jpeg\" \/>\n<meta name=\"author\" content=\"Contenidos El Regional\" \/>\n<meta name=\"twitter:card\" content=\"summary_large_image\" \/>\n<meta name=\"twitter:creator\" content=\"@elregionalvm1\" \/>\n<meta name=\"twitter:site\" content=\"@elregionalvm1\" \/>\n<meta name=\"twitter:label1\" content=\"Escrito por\" \/>\n\t<meta name=\"twitter:data1\" content=\"Contenidos El Regional\" \/>\n\t<meta name=\"twitter:label2\" content=\"Tiempo de lectura\" \/>\n\t<meta name=\"twitter:data2\" content=\"2 minutos\" \/>\n<script type=\"application\/ld+json\" class=\"yoast-schema-graph\">{\"@context\":\"https:\/\/schema.org\",\"@graph\":[{\"@type\":\"Article\",\"@id\":\"http:\/\/elregionalvm.com.ar\/noticias-villa-maria\/gill-reunio-al-gabinete-ampliado-y-trazo-acciones-a-nivel-local\/#article\",\"isPartOf\":{\"@id\":\"http:\/\/elregionalvm.com.ar\/noticias-villa-maria\/gill-reunio-al-gabinete-ampliado-y-trazo-acciones-a-nivel-local\/\"},\"author\":{\"name\":\"Contenidos El Regional\",\"@id\":\"http:\/\/elregionalvm.com.ar\/noticias-villa-maria\/#\/schema\/person\/a0fb9c422317faca23d50163151bc354\"},\"headline\":\"Gill reuni\u00f3 al Gabinete ampliado y traz\u00f3 acciones a nivel local\",\"datePublished\":\"2021-12-28T20:52:55+00:00\",\"dateModified\":\"2021-12-28T20:52:56+00:00\",\"mainEntityOfPage\":{\"@id\":\"http:\/\/elregionalvm.com.ar\/noticias-villa-maria\/gill-reunio-al-gabinete-ampliado-y-trazo-acciones-a-nivel-local\/\"},\"wordCount\":432,\"commentCount\":0,\"image\":{\"@id\":\"http:\/\/elregionalvm.com.ar\/noticias-villa-maria\/gill-reunio-al-gabinete-ampliado-y-trazo-acciones-a-nivel-local\/#primaryimage\"},\"thumbnailUrl\":\"https:\/\/i0.wp.com\/elregionalvm.com.ar\/noticias-villa-maria\/wp-content\/uploads\/2021\/12\/WhatsApp-Image-2021-12-28-at-15.33.19.jpeg?fit=1280%2C853&ssl=1\",\"keywords\":[\"acciones locales\",\"conferencia de prensa\",\"destacado\",\"mart\u00edn gill\",\"repaso gesti\u00f3n nacional\",\"reuni\u00f3n de gabinete\",\"Villa Mar\u00eda\"],\"articleSection\":[\"Villa Mar\u00eda\"],\"inLanguage\":\"es\",\"potentialAction\":[{\"@type\":\"CommentAction\",\"name\":\"Comment\",\"target\":[\"http:\/\/elregionalvm.com.ar\/noticias-villa-maria\/gill-reunio-al-gabinete-ampliado-y-trazo-acciones-a-nivel-local\/#respond\"]}]},{\"@type\":\"WebPage\",\"@id\":\"http:\/\/elregionalvm.com.ar\/noticias-villa-maria\/gill-reunio-al-gabinete-ampliado-y-trazo-acciones-a-nivel-local\/\",\"url\":\"http:\/\/elregionalvm.com.ar\/noticias-villa-maria\/gill-reunio-al-gabinete-ampliado-y-trazo-acciones-a-nivel-local\/\",\"name\":\"Gill reuni\u00f3 al Gabinete ampliado y traz\u00f3 acciones a nivel local - El Regional\",\"isPartOf\":{\"@id\":\"http:\/\/elregionalvm.com.ar\/noticias-villa-maria\/#website\"},\"primaryImageOfPage\":{\"@id\":\"http:\/\/elregionalvm.com.ar\/noticias-villa-maria\/gill-reunio-al-gabinete-ampliado-y-trazo-acciones-a-nivel-local\/#primaryimage\"},\"image\":{\"@id\":\"http:\/\/elregionalvm.com.ar\/noticias-villa-maria\/gill-reunio-al-gabinete-ampliado-y-trazo-acciones-a-nivel-local\/#primaryimage\"},\"thumbnailUrl\":\"https:\/\/i0.wp.com\/elregionalvm.com.ar\/noticias-villa-maria\/wp-content\/uploads\/2021\/12\/WhatsApp-Image-2021-12-28-at-15.33.19.jpeg?fit=1280%2C853&ssl=1\",\"datePublished\":\"2021-12-28T20:52:55+00:00\",\"dateModified\":\"2021-12-28T20:52:56+00:00\",\"author\":{\"@id\":\"http:\/\/elregionalvm.com.ar\/noticias-villa-maria\/#\/schema\/person\/a0fb9c422317faca23d50163151bc354\"},\"breadcrumb\":{\"@id\":\"http:\/\/elregionalvm.com.ar\/noticias-villa-maria\/gill-reunio-al-gabinete-ampliado-y-trazo-acciones-a-nivel-local\/#breadcrumb\"},\"inLanguage\":\"es\",\"potentialAction\":[{\"@type\":\"ReadAction\",\"target\":[\"http:\/\/elregionalvm.com.ar\/noticias-villa-maria\/gill-reunio-al-gabinete-ampliado-y-trazo-acciones-a-nivel-local\/\"]}]},{\"@type\":\"ImageObject\",\"inLanguage\":\"es\",\"@id\":\"http:\/\/elregionalvm.com.ar\/noticias-villa-maria\/gill-reunio-al-gabinete-ampliado-y-trazo-acciones-a-nivel-local\/#primaryimage\",\"url\":\"https:\/\/i0.wp.com\/elregionalvm.com.ar\/noticias-villa-maria\/wp-content\/uploads\/2021\/12\/WhatsApp-Image-2021-12-28-at-15.33.19.jpeg?fit=1280%2C853&ssl=1\",\"contentUrl\":\"https:\/\/i0.wp.com\/elregionalvm.com.ar\/noticias-villa-maria\/wp-content\/uploads\/2021\/12\/WhatsApp-Image-2021-12-28-at-15.33.19.jpeg?fit=1280%2C853&ssl=1\",\"width\":1280,\"height\":853},{\"@type\":\"BreadcrumbList\",\"@id\":\"http:\/\/elregionalvm.com.ar\/noticias-villa-maria\/gill-reunio-al-gabinete-ampliado-y-trazo-acciones-a-nivel-local\/#breadcrumb\",\"itemListElement\":[{\"@type\":\"ListItem\",\"position\":1,\"name\":\"Portada\",\"item\":\"https:\/\/elregionalvm.com.ar\/noticias-villa-maria\/\"},{\"@type\":\"ListItem\",\"position\":2,\"name\":\"Gill reuni\u00f3 al Gabinete ampliado y traz\u00f3 acciones a nivel local\"}]},{\"@type\":\"WebSite\",\"@id\":\"http:\/\/elregionalvm.com.ar\/noticias-villa-maria\/#website\",\"url\":\"http:\/\/elregionalvm.com.ar\/noticias-villa-maria\/\",\"name\":\"El Regional\",\"description\":\"Mucho m\u00e1s que informaci\u00f3n\",\"potentialAction\":[{\"@type\":\"SearchAction\",\"target\":{\"@type\":\"EntryPoint\",\"urlTemplate\":\"http:\/\/elregionalvm.com.ar\/noticias-villa-maria\/?s={search_term_string}\"},\"query-input\":{\"@type\":\"PropertyValueSpecification\",\"valueRequired\":true,\"valueName\":\"search_term_string\"}}],\"inLanguage\":\"es\"},{\"@type\":\"Person\",\"@id\":\"http:\/\/elregionalvm.com.ar\/noticias-villa-maria\/#\/schema\/person\/a0fb9c422317faca23d50163151bc354\",\"name\":\"Contenidos El Regional\",\"image\":{\"@type\":\"ImageObject\",\"inLanguage\":\"es\",\"@id\":\"http:\/\/elregionalvm.com.ar\/noticias-villa-maria\/#\/schema\/person\/image\/\",\"url\":\"https:\/\/secure.gravatar.com\/avatar\/265b27cb2209af7bb3a1318f03305787d7981a5cc6e6cd08fe5a4ecdf99d4b48?s=96&d=mm&r=g\",\"contentUrl\":\"https:\/\/secure.gravatar.com\/avatar\/265b27cb2209af7bb3a1318f03305787d7981a5cc6e6cd08fe5a4ecdf99d4b48?s=96&d=mm&r=g\",\"caption\":\"Contenidos El Regional\"},\"url\":\"https:\/\/elregionalvm.com.ar\/noticias-villa-maria\/author\/contenido\/\"}]}<\/script>\n<!-- \/ Yoast SEO plugin. -->","yoast_head_json":{"title":"Gill reuni\u00f3 al Gabinete ampliado y traz\u00f3 acciones a nivel local - El Regional","robots":{"index":"index","follow":"follow","max-snippet":"max-snippet:-1","max-image-preview":"max-image-preview:large","max-video-preview":"max-video-preview:-1"},"canonical":"http:\/\/elregionalvm.com.ar\/noticias-villa-maria\/gill-reunio-al-gabinete-ampliado-y-trazo-acciones-a-nivel-local\/","og_locale":"es_ES","og_type":"article","og_title":"Gill reuni\u00f3 al Gabinete ampliado y traz\u00f3 acciones a nivel local - El Regional","og_description":"Con motivo de su regreso a la intendencia, Mart\u00edn Gill brind\u00f3 una conferencia donde hizo un repaso de su gesti\u00f3n como secretario de Obras P\u00fablicas de la Naci\u00f3n. En este marco, reiter\u00f3 la importancia de haber formado parte de la cartera nacional y apunt\u00f3 los proyectos ejecutados a nivel local durante dicho per\u00edodo de la [&hellip;]","og_url":"http:\/\/elregionalvm.com.ar\/noticias-villa-maria\/gill-reunio-al-gabinete-ampliado-y-trazo-acciones-a-nivel-local\/","og_site_name":"El Regional","article_publisher":"https:\/\/www.facebook.com\/elregionalvm","article_published_time":"2021-12-28T20:52:55+00:00","article_modified_time":"2021-12-28T20:52:56+00:00","og_image":[{"width":1280,"height":853,"url":"http:\/\/elregionalvm.com.ar\/noticias-villa-maria\/wp-content\/uploads\/2021\/12\/WhatsApp-Image-2021-12-28-at-15.33.19.jpeg","type":"image\/jpeg"}],"author":"Contenidos El Regional","twitter_card":"summary_large_image","twitter_creator":"@elregionalvm1","twitter_site":"@elregionalvm1","twitter_misc":{"Escrito por":"Contenidos El Regional","Tiempo de lectura":"2 minutos"},"schema":{"@context":"https:\/\/schema.org","@graph":[{"@type":"Article","@id":"http:\/\/elregionalvm.com.ar\/noticias-villa-maria\/gill-reunio-al-gabinete-ampliado-y-trazo-acciones-a-nivel-local\/#article","isPartOf":{"@id":"http:\/\/elregionalvm.com.ar\/noticias-villa-maria\/gill-reunio-al-gabinete-ampliado-y-trazo-acciones-a-nivel-local\/"},"author":{"name":"Contenidos El Regional","@id":"http:\/\/elregionalvm.com.ar\/noticias-villa-maria\/#\/schema\/person\/a0fb9c422317faca23d50163151bc354"},"headline":"Gill reuni\u00f3 al Gabinete ampliado y traz\u00f3 acciones a nivel local","datePublished":"2021-12-28T20:52:55+00:00","dateModified":"2021-12-28T20:52:56+00:00","mainEntityOfPage":{"@id":"http:\/\/elregionalvm.com.ar\/noticias-villa-maria\/gill-reunio-al-gabinete-ampliado-y-trazo-acciones-a-nivel-local\/"},"wordCount":432,"commentCount":0,"image":{"@id":"http:\/\/elregionalvm.com.ar\/noticias-villa-maria\/gill-reunio-al-gabinete-ampliado-y-trazo-acciones-a-nivel-local\/#primaryimage"},"thumbnailUrl":"https:\/\/i0.wp.com\/elregionalvm.com.ar\/noticias-villa-maria\/wp-content\/uploads\/2021\/12\/WhatsApp-Image-2021-12-28-at-15.33.19.jpeg?fit=1280%2C853&ssl=1","keywords":["acciones locales","conferencia de prensa","destacado","mart\u00edn gill","repaso gesti\u00f3n nacional","reuni\u00f3n de gabinete","Villa Mar\u00eda"],"articleSection":["Villa Mar\u00eda"],"inLanguage":"es","potentialAction":[{"@type":"CommentAction","name":"Comment","target":["http:\/\/elregionalvm.com.ar\/noticias-villa-maria\/gill-reunio-al-gabinete-ampliado-y-trazo-acciones-a-nivel-local\/#respond"]}]},{"@type":"WebPage","@id":"http:\/\/elregionalvm.com.ar\/noticias-villa-maria\/gill-reunio-al-gabinete-ampliado-y-trazo-acciones-a-nivel-local\/","url":"http:\/\/elregionalvm.com.ar\/noticias-villa-maria\/gill-reunio-al-gabinete-ampliado-y-trazo-acciones-a-nivel-local\/","name":"Gill reuni\u00f3 al Gabinete ampliado y traz\u00f3 acciones a nivel local - El Regional","isPartOf":{"@id":"http:\/\/elregionalvm.com.ar\/noticias-villa-maria\/#website"},"primaryImageOfPage":{"@id":"http:\/\/elregionalvm.com.ar\/noticias-villa-maria\/gill-reunio-al-gabinete-ampliado-y-trazo-acciones-a-nivel-local\/#primaryimage"},"image":{"@id":"http:\/\/elregionalvm.com.ar\/noticias-villa-maria\/gill-reunio-al-gabinete-ampliado-y-trazo-acciones-a-nivel-local\/#primaryimage"},"thumbnailUrl":"https:\/\/i0.wp.com\/elregionalvm.com.ar\/noticias-villa-maria\/wp-content\/uploads\/2021\/12\/WhatsApp-Image-2021-12-28-at-15.33.19.jpeg?fit=1280%2C853&ssl=1","datePublished":"2021-12-28T20:52:55+00:00","dateModified":"2021-12-28T20:52:56+00:00","author":{"@id":"http:\/\/elregionalvm.com.ar\/noticias-villa-maria\/#\/schema\/person\/a0fb9c422317faca23d50163151bc354"},"breadcrumb":{"@id":"http:\/\/elregionalvm.com.ar\/noticias-villa-maria\/gill-reunio-al-gabinete-ampliado-y-trazo-acciones-a-nivel-local\/#breadcrumb"},"inLanguage":"es","potentialAction":[{"@type":"ReadAction","target":["http:\/\/elregionalvm.com.ar\/noticias-villa-maria\/gill-reunio-al-gabinete-ampliado-y-trazo-acciones-a-nivel-local\/"]}]},{"@type":"ImageObject","inLanguage":"es","@id":"http:\/\/elregionalvm.com.ar\/noticias-villa-maria\/gill-reunio-al-gabinete-ampliado-y-trazo-acciones-a-nivel-local\/#primaryimage","url":"https:\/\/i0.wp.com\/elregionalvm.com.ar\/noticias-villa-maria\/wp-content\/uploads\/2021\/12\/WhatsApp-Image-2021-12-28-at-15.33.19.jpeg?fit=1280%2C853&ssl=1","contentUrl":"https:\/\/i0.wp.com\/elregionalvm.com.ar\/noticias-villa-maria\/wp-content\/uploads\/2021\/12\/WhatsApp-Image-2021-12-28-at-15.33.19.jpeg?fit=1280%2C853&ssl=1","width":1280,"height":853},{"@type":"BreadcrumbList","@id":"http:\/\/elregionalvm.com.ar\/noticias-villa-maria\/gill-reunio-al-gabinete-ampliado-y-trazo-acciones-a-nivel-local\/#breadcrumb","itemListElement":[{"@type":"ListItem","position":1,"name":"Portada","item":"https:\/\/elregionalvm.com.ar\/noticias-villa-maria\/"},{"@type":"ListItem","position":2,"name":"Gill reuni\u00f3 al Gabinete ampliado y traz\u00f3 acciones a nivel local"}]},{"@type":"WebSite","@id":"http:\/\/elregionalvm.com.ar\/noticias-villa-maria\/#website","url":"http:\/\/elregionalvm.com.ar\/noticias-villa-maria\/","name":"El Regional","description":"Mucho m\u00e1s que informaci\u00f3n","potentialAction":[{"@type":"SearchAction","target":{"@type":"EntryPoint","urlTemplate":"http:\/\/elregionalvm.com.ar\/noticias-villa-maria\/?s={search_term_string}"},"query-input":{"@type":"PropertyValueSpecification","valueRequired":true,"valueName":"search_term_string"}}],"inLanguage":"es"},{"@type":"Person","@id":"http:\/\/elregionalvm.com.ar\/noticias-villa-maria\/#\/schema\/person\/a0fb9c422317faca23d50163151bc354","name":"Contenidos El Regional","image":{"@type":"ImageObject","inLanguage":"es","@id":"http:\/\/elregionalvm.com.ar\/noticias-villa-maria\/#\/schema\/person\/image\/","url":"https:\/\/secure.gravatar.com\/avatar\/265b27cb2209af7bb3a1318f03305787d7981a5cc6e6cd08fe5a4ecdf99d4b48?s=96&d=mm&r=g","contentUrl":"https:\/\/secure.gravatar.com\/avatar\/265b27cb2209af7bb3a1318f03305787d7981a5cc6e6cd08fe5a4ecdf99d4b48?s=96&d=mm&r=g","caption":"Contenidos El Regional"},"url":"https:\/\/elregionalvm.com.ar\/noticias-villa-maria\/author\/contenido\/"}]}},"jetpack_featured_media_url":"https:\/\/i0.wp.com\/elregionalvm.com.ar\/noticias-villa-maria\/wp-content\/uploads\/2021\/12\/WhatsApp-Image-2021-12-28-at-15.33.19.jpeg?fit=1280%2C853&ssl=1","jetpack_sharing_enabled":true,"_links":{"self":[{"href":"https:\/\/elregionalvm.com.ar\/noticias-villa-maria\/wp-json\/wp\/v2\/posts\/50366","targetHints":{"allow":["GET"]}}],"collection":[{"href":"https:\/\/elregionalvm.com.ar\/noticias-villa-maria\/wp-json\/wp\/v2\/posts"}],"about":[{"href":"https:\/\/elregionalvm.com.ar\/noticias-villa-maria\/wp-json\/wp\/v2\/types\/post"}],"author":[{"embeddable":true,"href":"https:\/\/elregionalvm.com.ar\/noticias-villa-maria\/wp-json\/wp\/v2\/users\/4"}],"replies":[{"embeddable":true,"href":"https:\/\/elregionalvm.com.ar\/noticias-villa-maria\/wp-json\/wp\/v2\/comments?post=50366"}],"version-history":[{"count":1,"href":"https:\/\/elregionalvm.com.ar\/noticias-villa-maria\/wp-json\/wp\/v2\/posts\/50366\/revisions"}],"predecessor-version":[{"id":50370,"href":"https:\/\/elregionalvm.com.ar\/noticias-villa-maria\/wp-json\/wp\/v2\/posts\/50366\/revisions\/50370"}],"wp:featuredmedia":[{"embeddable":true,"href":"https:\/\/elregionalvm.com.ar\/noticias-villa-maria\/wp-json\/wp\/v2\/media\/50368"}],"wp:attachment":[{"href":"https:\/\/elregionalvm.com.ar\/noticias-villa-maria\/wp-json\/wp\/v2\/media?parent=50366"}],"wp:term":[{"taxonomy":"category","embeddable":true,"href":"https:\/\/elregionalvm.com.ar\/noticias-villa-maria\/wp-json\/wp\/v2\/categories?post=50366"},{"taxonomy":"post_tag","embeddable":true,"href":"https:\/\/elregionalvm.com.ar\/noticias-villa-maria\/wp-json\/wp\/v2\/tags?post=50366"}],"curies":[{"name":"wp","href":"https:\/\/api.w.org\/{rel}","templated":true}]}}