{"id":50373,"date":"2021-12-28T21:08:02","date_gmt":"2021-12-28T21:08:02","guid":{"rendered":"https:\/\/elregionalvm.com.ar\/noticias-villa-maria\/?p=50373"},"modified":"2021-12-30T11:22:57","modified_gmt":"2021-12-30T11:22:57","slug":"economia-por-que-es-importante-la-ley-de-presupuesto-video","status":"publish","type":"post","link":"https:\/\/elregionalvm.com.ar\/noticias-villa-maria\/economia-por-que-es-importante-la-ley-de-presupuesto-video\/","title":{"rendered":"[Econom\u00eda] Por qu\u00e9 es importante la Ley de Presupuesto (VIDEO)"},"content":{"rendered":"\n<p><\/p>\n\n\n\n<p><strong>En una sesi\u00f3n marat\u00f3nica de la c\u00e1mara de Diputados se debati\u00f3 el proyecto de ley del Presupuesto 2022. Apesar de que el oficialismo logr\u00f3 el apoyo de 121 legisladores, se termin\u00f3 rechazando la iniciativa por la mayor\u00eda de 132 votos negativos. \u00bfPor qu\u00e9 es importante contar con una ley de presupuesto honesta y asequible?<\/strong><\/p>\n\n\n\n<p><\/p>\n\n\n\n<p><strong>Informe: Idesa<\/strong><\/p>\n\n\n\n<p><\/p>\n\n\n\n<p>El Presupuesto Nacional es una ley, a la que a veces se refiere como la ley de leyes dada su importancia, que se sanciona anualmente. Aqu\u00ed se proyectan los ingresos que recibir\u00e1 el Gobierno y c\u00f3mo se ejecutar\u00e1n para poder cumplir con las necesidades de la sociedad en diferentes dimensiones, por ejemplo: salud, educaci\u00f3n, seguridad social, justicia, entre otras.<\/p>\n\n\n\n<p>El proceso presupuestario se inicia en el Poder Ejecutivo Nacional que realiza estimaciones econ\u00f3micas y fija las pol\u00edticas p\u00fablicas, con distintos \u00f3rdenes de prioridad, a desarrollar en el pr\u00f3ximo a\u00f1o. Esto culmina el 15 de septiembre cuando se env\u00eda el proyecto de Ley de Presupuesto al Congreso Nacional.<\/p>\n\n\n\n<p>Un presupuesto confiable y preciso es importante, porque puede sentar las bases para la estabilidad econ\u00f3mica y generar un ambiente propicio para el desarrollo de nuevas inversiones, posibilidades de proyecci\u00f3n y decisiones de ahorro-consumo m\u00e1s acertadas.<\/p>\n\n\n\n<p><\/p>\n\n\n\n<figure class=\"wp-block-embed is-type-video is-provider-youtube wp-block-embed-youtube wp-embed-aspect-16-9 wp-has-aspect-ratio\"><div class=\"wp-block-embed__wrapper\">\n<iframe title=\"La Ley de Presupuesto \u00bfpor qu\u00e9 es importante?\" width=\"500\" height=\"281\" src=\"https:\/\/www.youtube.com\/embed\/N1MlcJIi3ow?feature=oembed\" frameborder=\"0\" allow=\"accelerometer; autoplay; clipboard-write; encrypted-media; gyroscope; picture-in-picture; web-share\" referrerpolicy=\"strict-origin-when-cross-origin\" allowfullscreen><\/iframe>\n<\/div><\/figure>\n\n\n\n<p><\/p>\n\n\n\n<p><strong>Lejos de la realidad<\/strong><\/p>\n\n\n\n<p>En los \u00faltimos 12 a\u00f1os, las proyecciones de los presupuestos nacionales estuvieron lejos de ser precisas. Analizando una variable macroecon\u00f3mica muy importante para la Argentina como es la inflaci\u00f3n, se puede observar que las diferencias son mayores al 70% en todos los a\u00f1os entre lo proyectado y lo observado en la realidad.<\/p>\n\n\n\n<p>Solo en el 2020 se vio una diferencia peque\u00f1a, pero la fuerte recesi\u00f3n a ra\u00edz de la pandemia del a\u00f1o pasado fue lo que ayud\u00f3 a que la inflaci\u00f3n estuviese contenida.<\/p>\n\n\n\n<p>En el proyecto de ley del presupuesto de 2022 se estima una inflaci\u00f3n anual del 33%, mientras que las estimaciones de los privados est\u00e1n muy por encima. Esta y otras valoraciones, quiz\u00e1s muy optimistas, llevaron a que el presupuesto fuese rechazado en el poder legislativo.<\/p>\n\n\n\n<p>Ahora bien, \u00bfqu\u00e9 sucede cuando se rechaza la ley de presupuesto? La alternativa del gobierno es prorrogar la Ley de Presupuesto del a\u00f1o 2021 mediante un decreto. Se estima que, si se utiliza esta herramienta, habr\u00e1 recursos extra sin asignaci\u00f3n, los que podr\u00edan ser reasignados de manera ambigua y discrecional.<\/p>\n\n\n\n<p>Para encaminar una pol\u00edtica econ\u00f3mica seria, un buen punto de partida es consensuar una ley de presupuesto fiable y alcanzable. A partir de esto el control y la transparencia son fundamentales para evaluar el cumplimiento de los dirigentes pol\u00edticos y reducir al m\u00ednimo los desv\u00edos.<\/p>\n\n\n\n<p>Si lo proyectado en el presupuesto se cumple en la realidad, se podr\u00eda llegar a generar un c\u00edrculo virtuoso que ayudar\u00e1 a recuperar la confianza en este instrumento.<\/p>\n","protected":false},"excerpt":{"rendered":"<p>En una sesi\u00f3n marat\u00f3nica de la c\u00e1mara de Diputados se debati\u00f3 el proyecto de ley del Presupuesto 2022. Apesar de que el oficialismo logr\u00f3 el apoyo de 121 legisladores, se termin\u00f3 rechazando la iniciativa por la mayor\u00eda de 132 votos negativos. \u00bfPor qu\u00e9 es importante contar con una ley de presupuesto honesta y asequible? Informe: [&hellip;]<\/p>\n","protected":false},"author":4,"featured_media":50379,"comment_status":"open","ping_status":"open","sticky":false,"template":"","format":"standard","meta":{"site-sidebar-layout":"default","site-content-layout":"default","ast-site-content-layout":"default","site-content-style":"default","site-sidebar-style":"default","ast-global-header-display":"","ast-banner-title-visibility":"","ast-main-header-display":"","ast-hfb-above-header-display":"","ast-hfb-below-header-display":"","ast-hfb-mobile-header-display":"","site-post-title":"","ast-breadcrumbs-content":"","ast-featured-img":"","footer-sml-layout":"","ast-disable-related-posts":"","theme-transparent-header-meta":"default","adv-header-id-meta":"","stick-header-meta":"","header-above-stick-meta":"","header-main-stick-meta":"","header-below-stick-meta":"","astra-migrate-meta-layouts":"default","ast-page-background-enabled":"default","ast-page-background-meta":{"desktop":{"background-color":"","background-image":"","background-repeat":"repeat","background-position":"center center","background-size":"auto","background-attachment":"scroll","background-type":"","background-media":"","overlay-type":"","overlay-color":"","overlay-opacity":"","overlay-gradient":""},"tablet":{"background-color":"","background-image":"","background-repeat":"repeat","background-position":"center center","background-size":"auto","background-attachment":"scroll","background-type":"","background-media":"","overlay-type":"","overlay-color":"","overlay-opacity":"","overlay-gradient":""},"mobile":{"background-color":"","background-image":"","background-repeat":"repeat","background-position":"center center","background-size":"auto","background-attachment":"scroll","background-type":"","background-media":"","overlay-type":"","overlay-color":"","overlay-opacity":"","overlay-gradient":""}},"ast-content-background-meta":{"desktop":{"background-color":"var(--ast-global-color-5)","background-image":"","background-repeat":"repeat","background-position":"center center","background-size":"auto","background-attachment":"scroll","background-type":"","background-media":"","overlay-type":"","overlay-color":"","overlay-opacity":"","overlay-gradient":""},"tablet":{"background-color":"var(--ast-global-color-5)","background-image":"","background-repeat":"repeat","background-position":"center center","background-size":"auto","background-attachment":"scroll","background-type":"","background-media":"","overlay-type":"","overlay-color":"","overlay-opacity":"","overlay-gradient":""},"mobile":{"background-color":"var(--ast-global-color-5)","background-image":"","background-repeat":"repeat","background-position":"center center","background-size":"auto","background-attachment":"scroll","background-type":"","background-media":"","overlay-type":"","overlay-color":"","overlay-opacity":"","overlay-gradient":""}},"_jetpack_memberships_contains_paid_content":false,"_joinchat":[],"footnotes":""},"categories":[365,3557,2074],"tags":[4305,505,13010,13009,3734,1973,2058,7760,4153],"class_list":["post-50373","post","type-post","status-publish","format-standard","has-post-thumbnail","hentry","category-opinion","category-tercera","category-videos","tag-diputados","tag-economia","tag-estabilidad-economica","tag-gastos","tag-gobierno-nacional","tag-idesa","tag-ingresos","tag-ley","tag-presupuesto"],"yoast_head":"<!-- This site is optimized with the Yoast SEO plugin v26.8 - https:\/\/yoast.com\/product\/yoast-seo-wordpress\/ -->\n<title>[Econom\u00eda] Por qu\u00e9 es importante la Ley de Presupuesto (VIDEO) - El Regional<\/title>\n<meta name=\"description\" content=\"En los \u00faltimos 12 a\u00f1os, las proyecciones de los presupuestos nacionales estuvieron lejos de ser precisas. Las diferencias son mayores al 70%.\" \/>\n<meta name=\"robots\" content=\"index, follow, max-snippet:-1, max-image-preview:large, max-video-preview:-1\" \/>\n<link rel=\"canonical\" href=\"http:\/\/elregionalvm.com.ar\/noticias-villa-maria\/economia-por-que-es-importante-la-ley-de-presupuesto-video\/\" \/>\n<meta property=\"og:locale\" content=\"es_ES\" \/>\n<meta property=\"og:type\" content=\"article\" \/>\n<meta property=\"og:title\" content=\"[Econom\u00eda] Por qu\u00e9 es importante la Ley de Presupuesto (VIDEO) - El Regional\" \/>\n<meta property=\"og:description\" content=\"En los \u00faltimos 12 a\u00f1os, las proyecciones de los presupuestos nacionales estuvieron lejos de ser precisas. Las diferencias son mayores al 70%.\" \/>\n<meta property=\"og:url\" content=\"http:\/\/elregionalvm.com.ar\/noticias-villa-maria\/economia-por-que-es-importante-la-ley-de-presupuesto-video\/\" \/>\n<meta property=\"og:site_name\" content=\"El Regional\" \/>\n<meta property=\"article:publisher\" content=\"https:\/\/www.facebook.com\/elregionalvm\" \/>\n<meta property=\"article:published_time\" content=\"2021-12-28T21:08:02+00:00\" \/>\n<meta property=\"article:modified_time\" content=\"2021-12-30T11:22:57+00:00\" \/>\n<meta property=\"og:image\" content=\"http:\/\/elregionalvm.com.ar\/noticias-villa-maria\/wp-content\/uploads\/2021\/12\/diputados-presupuesto-2022.jpg\" \/>\n\t<meta property=\"og:image:width\" content=\"1200\" \/>\n\t<meta property=\"og:image:height\" content=\"675\" \/>\n\t<meta property=\"og:image:type\" content=\"image\/jpeg\" \/>\n<meta name=\"author\" content=\"Contenidos El Regional\" \/>\n<meta name=\"twitter:card\" content=\"summary_large_image\" \/>\n<meta name=\"twitter:creator\" content=\"@elregionalvm1\" \/>\n<meta name=\"twitter:site\" content=\"@elregionalvm1\" \/>\n<meta name=\"twitter:label1\" content=\"Escrito por\" \/>\n\t<meta name=\"twitter:data1\" content=\"Contenidos El Regional\" \/>\n\t<meta name=\"twitter:label2\" content=\"Tiempo de lectura\" \/>\n\t<meta name=\"twitter:data2\" content=\"3 minutos\" \/>\n<script type=\"application\/ld+json\" class=\"yoast-schema-graph\">{\"@context\":\"https:\/\/schema.org\",\"@graph\":[{\"@type\":\"Article\",\"@id\":\"http:\/\/elregionalvm.com.ar\/noticias-villa-maria\/economia-por-que-es-importante-la-ley-de-presupuesto-video\/#article\",\"isPartOf\":{\"@id\":\"http:\/\/elregionalvm.com.ar\/noticias-villa-maria\/economia-por-que-es-importante-la-ley-de-presupuesto-video\/\"},\"author\":{\"name\":\"Contenidos El Regional\",\"@id\":\"http:\/\/elregionalvm.com.ar\/noticias-villa-maria\/#\/schema\/person\/a0fb9c422317faca23d50163151bc354\"},\"headline\":\"[Econom\u00eda] Por qu\u00e9 es importante la Ley de Presupuesto (VIDEO)\",\"datePublished\":\"2021-12-28T21:08:02+00:00\",\"dateModified\":\"2021-12-30T11:22:57+00:00\",\"mainEntityOfPage\":{\"@id\":\"http:\/\/elregionalvm.com.ar\/noticias-villa-maria\/economia-por-que-es-importante-la-ley-de-presupuesto-video\/\"},\"wordCount\":499,\"commentCount\":0,\"image\":{\"@id\":\"http:\/\/elregionalvm.com.ar\/noticias-villa-maria\/economia-por-que-es-importante-la-ley-de-presupuesto-video\/#primaryimage\"},\"thumbnailUrl\":\"https:\/\/i0.wp.com\/elregionalvm.com.ar\/noticias-villa-maria\/wp-content\/uploads\/2021\/12\/diputados-presupuesto-2022.jpg?fit=1200%2C675&ssl=1\",\"keywords\":[\"Diputados\",\"Econom\u00eda\",\"estabilidad econ\u00f3mica\",\"gastos\",\"Gobierno Nacional\",\"IDESA\",\"Ingresos\",\"ley\",\"Presupuesto\"],\"articleSection\":[\"Opini\u00f3n\",\"tercera\",\"Videos\"],\"inLanguage\":\"es\",\"potentialAction\":[{\"@type\":\"CommentAction\",\"name\":\"Comment\",\"target\":[\"http:\/\/elregionalvm.com.ar\/noticias-villa-maria\/economia-por-que-es-importante-la-ley-de-presupuesto-video\/#respond\"]}]},{\"@type\":\"WebPage\",\"@id\":\"http:\/\/elregionalvm.com.ar\/noticias-villa-maria\/economia-por-que-es-importante-la-ley-de-presupuesto-video\/\",\"url\":\"http:\/\/elregionalvm.com.ar\/noticias-villa-maria\/economia-por-que-es-importante-la-ley-de-presupuesto-video\/\",\"name\":\"[Econom\u00eda] Por qu\u00e9 es importante la Ley de Presupuesto (VIDEO) - El Regional\",\"isPartOf\":{\"@id\":\"http:\/\/elregionalvm.com.ar\/noticias-villa-maria\/#website\"},\"primaryImageOfPage\":{\"@id\":\"http:\/\/elregionalvm.com.ar\/noticias-villa-maria\/economia-por-que-es-importante-la-ley-de-presupuesto-video\/#primaryimage\"},\"image\":{\"@id\":\"http:\/\/elregionalvm.com.ar\/noticias-villa-maria\/economia-por-que-es-importante-la-ley-de-presupuesto-video\/#primaryimage\"},\"thumbnailUrl\":\"https:\/\/i0.wp.com\/elregionalvm.com.ar\/noticias-villa-maria\/wp-content\/uploads\/2021\/12\/diputados-presupuesto-2022.jpg?fit=1200%2C675&ssl=1\",\"datePublished\":\"2021-12-28T21:08:02+00:00\",\"dateModified\":\"2021-12-30T11:22:57+00:00\",\"author\":{\"@id\":\"http:\/\/elregionalvm.com.ar\/noticias-villa-maria\/#\/schema\/person\/a0fb9c422317faca23d50163151bc354\"},\"description\":\"En los \u00faltimos 12 a\u00f1os, las proyecciones de los presupuestos nacionales estuvieron lejos de ser precisas. Las diferencias son mayores al 70%.\",\"breadcrumb\":{\"@id\":\"http:\/\/elregionalvm.com.ar\/noticias-villa-maria\/economia-por-que-es-importante-la-ley-de-presupuesto-video\/#breadcrumb\"},\"inLanguage\":\"es\",\"potentialAction\":[{\"@type\":\"ReadAction\",\"target\":[\"http:\/\/elregionalvm.com.ar\/noticias-villa-maria\/economia-por-que-es-importante-la-ley-de-presupuesto-video\/\"]}]},{\"@type\":\"ImageObject\",\"inLanguage\":\"es\",\"@id\":\"http:\/\/elregionalvm.com.ar\/noticias-villa-maria\/economia-por-que-es-importante-la-ley-de-presupuesto-video\/#primaryimage\",\"url\":\"https:\/\/i0.wp.com\/elregionalvm.com.ar\/noticias-villa-maria\/wp-content\/uploads\/2021\/12\/diputados-presupuesto-2022.jpg?fit=1200%2C675&ssl=1\",\"contentUrl\":\"https:\/\/i0.wp.com\/elregionalvm.com.ar\/noticias-villa-maria\/wp-content\/uploads\/2021\/12\/diputados-presupuesto-2022.jpg?fit=1200%2C675&ssl=1\",\"width\":1200,\"height\":675},{\"@type\":\"BreadcrumbList\",\"@id\":\"http:\/\/elregionalvm.com.ar\/noticias-villa-maria\/economia-por-que-es-importante-la-ley-de-presupuesto-video\/#breadcrumb\",\"itemListElement\":[{\"@type\":\"ListItem\",\"position\":1,\"name\":\"Portada\",\"item\":\"https:\/\/elregionalvm.com.ar\/noticias-villa-maria\/\"},{\"@type\":\"ListItem\",\"position\":2,\"name\":\"[Econom\u00eda] Por qu\u00e9 es importante la Ley de Presupuesto (VIDEO)\"}]},{\"@type\":\"WebSite\",\"@id\":\"http:\/\/elregionalvm.com.ar\/noticias-villa-maria\/#website\",\"url\":\"http:\/\/elregionalvm.com.ar\/noticias-villa-maria\/\",\"name\":\"El Regional\",\"description\":\"Mucho m\u00e1s que informaci\u00f3n\",\"potentialAction\":[{\"@type\":\"SearchAction\",\"target\":{\"@type\":\"EntryPoint\",\"urlTemplate\":\"http:\/\/elregionalvm.com.ar\/noticias-villa-maria\/?s={search_term_string}\"},\"query-input\":{\"@type\":\"PropertyValueSpecification\",\"valueRequired\":true,\"valueName\":\"search_term_string\"}}],\"inLanguage\":\"es\"},{\"@type\":\"Person\",\"@id\":\"http:\/\/elregionalvm.com.ar\/noticias-villa-maria\/#\/schema\/person\/a0fb9c422317faca23d50163151bc354\",\"name\":\"Contenidos El Regional\",\"image\":{\"@type\":\"ImageObject\",\"inLanguage\":\"es\",\"@id\":\"http:\/\/elregionalvm.com.ar\/noticias-villa-maria\/#\/schema\/person\/image\/\",\"url\":\"https:\/\/secure.gravatar.com\/avatar\/265b27cb2209af7bb3a1318f03305787d7981a5cc6e6cd08fe5a4ecdf99d4b48?s=96&d=mm&r=g\",\"contentUrl\":\"https:\/\/secure.gravatar.com\/avatar\/265b27cb2209af7bb3a1318f03305787d7981a5cc6e6cd08fe5a4ecdf99d4b48?s=96&d=mm&r=g\",\"caption\":\"Contenidos El Regional\"},\"url\":\"https:\/\/elregionalvm.com.ar\/noticias-villa-maria\/author\/contenido\/\"}]}<\/script>\n<!-- \/ Yoast SEO plugin. -->","yoast_head_json":{"title":"[Econom\u00eda] Por qu\u00e9 es importante la Ley de Presupuesto (VIDEO) - El Regional","description":"En los \u00faltimos 12 a\u00f1os, las proyecciones de los presupuestos nacionales estuvieron lejos de ser precisas. Las diferencias son mayores al 70%.","robots":{"index":"index","follow":"follow","max-snippet":"max-snippet:-1","max-image-preview":"max-image-preview:large","max-video-preview":"max-video-preview:-1"},"canonical":"http:\/\/elregionalvm.com.ar\/noticias-villa-maria\/economia-por-que-es-importante-la-ley-de-presupuesto-video\/","og_locale":"es_ES","og_type":"article","og_title":"[Econom\u00eda] Por qu\u00e9 es importante la Ley de Presupuesto (VIDEO) - El Regional","og_description":"En los \u00faltimos 12 a\u00f1os, las proyecciones de los presupuestos nacionales estuvieron lejos de ser precisas. Las diferencias son mayores al 70%.","og_url":"http:\/\/elregionalvm.com.ar\/noticias-villa-maria\/economia-por-que-es-importante-la-ley-de-presupuesto-video\/","og_site_name":"El Regional","article_publisher":"https:\/\/www.facebook.com\/elregionalvm","article_published_time":"2021-12-28T21:08:02+00:00","article_modified_time":"2021-12-30T11:22:57+00:00","og_image":[{"width":1200,"height":675,"url":"http:\/\/elregionalvm.com.ar\/noticias-villa-maria\/wp-content\/uploads\/2021\/12\/diputados-presupuesto-2022.jpg","type":"image\/jpeg"}],"author":"Contenidos El Regional","twitter_card":"summary_large_image","twitter_creator":"@elregionalvm1","twitter_site":"@elregionalvm1","twitter_misc":{"Escrito por":"Contenidos El Regional","Tiempo de lectura":"3 minutos"},"schema":{"@context":"https:\/\/schema.org","@graph":[{"@type":"Article","@id":"http:\/\/elregionalvm.com.ar\/noticias-villa-maria\/economia-por-que-es-importante-la-ley-de-presupuesto-video\/#article","isPartOf":{"@id":"http:\/\/elregionalvm.com.ar\/noticias-villa-maria\/economia-por-que-es-importante-la-ley-de-presupuesto-video\/"},"author":{"name":"Contenidos El Regional","@id":"http:\/\/elregionalvm.com.ar\/noticias-villa-maria\/#\/schema\/person\/a0fb9c422317faca23d50163151bc354"},"headline":"[Econom\u00eda] Por qu\u00e9 es importante la Ley de Presupuesto (VIDEO)","datePublished":"2021-12-28T21:08:02+00:00","dateModified":"2021-12-30T11:22:57+00:00","mainEntityOfPage":{"@id":"http:\/\/elregionalvm.com.ar\/noticias-villa-maria\/economia-por-que-es-importante-la-ley-de-presupuesto-video\/"},"wordCount":499,"commentCount":0,"image":{"@id":"http:\/\/elregionalvm.com.ar\/noticias-villa-maria\/economia-por-que-es-importante-la-ley-de-presupuesto-video\/#primaryimage"},"thumbnailUrl":"https:\/\/i0.wp.com\/elregionalvm.com.ar\/noticias-villa-maria\/wp-content\/uploads\/2021\/12\/diputados-presupuesto-2022.jpg?fit=1200%2C675&ssl=1","keywords":["Diputados","Econom\u00eda","estabilidad econ\u00f3mica","gastos","Gobierno Nacional","IDESA","Ingresos","ley","Presupuesto"],"articleSection":["Opini\u00f3n","tercera","Videos"],"inLanguage":"es","potentialAction":[{"@type":"CommentAction","name":"Comment","target":["http:\/\/elregionalvm.com.ar\/noticias-villa-maria\/economia-por-que-es-importante-la-ley-de-presupuesto-video\/#respond"]}]},{"@type":"WebPage","@id":"http:\/\/elregionalvm.com.ar\/noticias-villa-maria\/economia-por-que-es-importante-la-ley-de-presupuesto-video\/","url":"http:\/\/elregionalvm.com.ar\/noticias-villa-maria\/economia-por-que-es-importante-la-ley-de-presupuesto-video\/","name":"[Econom\u00eda] Por qu\u00e9 es importante la Ley de Presupuesto (VIDEO) - El Regional","isPartOf":{"@id":"http:\/\/elregionalvm.com.ar\/noticias-villa-maria\/#website"},"primaryImageOfPage":{"@id":"http:\/\/elregionalvm.com.ar\/noticias-villa-maria\/economia-por-que-es-importante-la-ley-de-presupuesto-video\/#primaryimage"},"image":{"@id":"http:\/\/elregionalvm.com.ar\/noticias-villa-maria\/economia-por-que-es-importante-la-ley-de-presupuesto-video\/#primaryimage"},"thumbnailUrl":"https:\/\/i0.wp.com\/elregionalvm.com.ar\/noticias-villa-maria\/wp-content\/uploads\/2021\/12\/diputados-presupuesto-2022.jpg?fit=1200%2C675&ssl=1","datePublished":"2021-12-28T21:08:02+00:00","dateModified":"2021-12-30T11:22:57+00:00","author":{"@id":"http:\/\/elregionalvm.com.ar\/noticias-villa-maria\/#\/schema\/person\/a0fb9c422317faca23d50163151bc354"},"description":"En los \u00faltimos 12 a\u00f1os, las proyecciones de los presupuestos nacionales estuvieron lejos de ser precisas. Las diferencias son mayores al 70%.","breadcrumb":{"@id":"http:\/\/elregionalvm.com.ar\/noticias-villa-maria\/economia-por-que-es-importante-la-ley-de-presupuesto-video\/#breadcrumb"},"inLanguage":"es","potentialAction":[{"@type":"ReadAction","target":["http:\/\/elregionalvm.com.ar\/noticias-villa-maria\/economia-por-que-es-importante-la-ley-de-presupuesto-video\/"]}]},{"@type":"ImageObject","inLanguage":"es","@id":"http:\/\/elregionalvm.com.ar\/noticias-villa-maria\/economia-por-que-es-importante-la-ley-de-presupuesto-video\/#primaryimage","url":"https:\/\/i0.wp.com\/elregionalvm.com.ar\/noticias-villa-maria\/wp-content\/uploads\/2021\/12\/diputados-presupuesto-2022.jpg?fit=1200%2C675&ssl=1","contentUrl":"https:\/\/i0.wp.com\/elregionalvm.com.ar\/noticias-villa-maria\/wp-content\/uploads\/2021\/12\/diputados-presupuesto-2022.jpg?fit=1200%2C675&ssl=1","width":1200,"height":675},{"@type":"BreadcrumbList","@id":"http:\/\/elregionalvm.com.ar\/noticias-villa-maria\/economia-por-que-es-importante-la-ley-de-presupuesto-video\/#breadcrumb","itemListElement":[{"@type":"ListItem","position":1,"name":"Portada","item":"https:\/\/elregionalvm.com.ar\/noticias-villa-maria\/"},{"@type":"ListItem","position":2,"name":"[Econom\u00eda] Por qu\u00e9 es importante la Ley de Presupuesto (VIDEO)"}]},{"@type":"WebSite","@id":"http:\/\/elregionalvm.com.ar\/noticias-villa-maria\/#website","url":"http:\/\/elregionalvm.com.ar\/noticias-villa-maria\/","name":"El Regional","description":"Mucho m\u00e1s que informaci\u00f3n","potentialAction":[{"@type":"SearchAction","target":{"@type":"EntryPoint","urlTemplate":"http:\/\/elregionalvm.com.ar\/noticias-villa-maria\/?s={search_term_string}"},"query-input":{"@type":"PropertyValueSpecification","valueRequired":true,"valueName":"search_term_string"}}],"inLanguage":"es"},{"@type":"Person","@id":"http:\/\/elregionalvm.com.ar\/noticias-villa-maria\/#\/schema\/person\/a0fb9c422317faca23d50163151bc354","name":"Contenidos El Regional","image":{"@type":"ImageObject","inLanguage":"es","@id":"http:\/\/elregionalvm.com.ar\/noticias-villa-maria\/#\/schema\/person\/image\/","url":"https:\/\/secure.gravatar.com\/avatar\/265b27cb2209af7bb3a1318f03305787d7981a5cc6e6cd08fe5a4ecdf99d4b48?s=96&d=mm&r=g","contentUrl":"https:\/\/secure.gravatar.com\/avatar\/265b27cb2209af7bb3a1318f03305787d7981a5cc6e6cd08fe5a4ecdf99d4b48?s=96&d=mm&r=g","caption":"Contenidos El Regional"},"url":"https:\/\/elregionalvm.com.ar\/noticias-villa-maria\/author\/contenido\/"}]}},"jetpack_featured_media_url":"https:\/\/i0.wp.com\/elregionalvm.com.ar\/noticias-villa-maria\/wp-content\/uploads\/2021\/12\/diputados-presupuesto-2022.jpg?fit=1200%2C675&ssl=1","jetpack_sharing_enabled":true,"_links":{"self":[{"href":"https:\/\/elregionalvm.com.ar\/noticias-villa-maria\/wp-json\/wp\/v2\/posts\/50373","targetHints":{"allow":["GET"]}}],"collection":[{"href":"https:\/\/elregionalvm.com.ar\/noticias-villa-maria\/wp-json\/wp\/v2\/posts"}],"about":[{"href":"https:\/\/elregionalvm.com.ar\/noticias-villa-maria\/wp-json\/wp\/v2\/types\/post"}],"author":[{"embeddable":true,"href":"https:\/\/elregionalvm.com.ar\/noticias-villa-maria\/wp-json\/wp\/v2\/users\/4"}],"replies":[{"embeddable":true,"href":"https:\/\/elregionalvm.com.ar\/noticias-villa-maria\/wp-json\/wp\/v2\/comments?post=50373"}],"version-history":[{"count":2,"href":"https:\/\/elregionalvm.com.ar\/noticias-villa-maria\/wp-json\/wp\/v2\/posts\/50373\/revisions"}],"predecessor-version":[{"id":50377,"href":"https:\/\/elregionalvm.com.ar\/noticias-villa-maria\/wp-json\/wp\/v2\/posts\/50373\/revisions\/50377"}],"wp:featuredmedia":[{"embeddable":true,"href":"https:\/\/elregionalvm.com.ar\/noticias-villa-maria\/wp-json\/wp\/v2\/media\/50379"}],"wp:attachment":[{"href":"https:\/\/elregionalvm.com.ar\/noticias-villa-maria\/wp-json\/wp\/v2\/media?parent=50373"}],"wp:term":[{"taxonomy":"category","embeddable":true,"href":"https:\/\/elregionalvm.com.ar\/noticias-villa-maria\/wp-json\/wp\/v2\/categories?post=50373"},{"taxonomy":"post_tag","embeddable":true,"href":"https:\/\/elregionalvm.com.ar\/noticias-villa-maria\/wp-json\/wp\/v2\/tags?post=50373"}],"curies":[{"name":"wp","href":"https:\/\/api.w.org\/{rel}","templated":true}]}}