{"id":50388,"date":"2021-12-28T22:41:56","date_gmt":"2021-12-28T22:41:56","guid":{"rendered":"https:\/\/elregionalvm.com.ar\/noticias-villa-maria\/?p=50388"},"modified":"2021-12-28T22:44:54","modified_gmt":"2021-12-28T22:44:54","slug":"fotos-varios-accidentes-tanto-en-la-ciudad-como-la-region","status":"publish","type":"post","link":"https:\/\/elregionalvm.com.ar\/noticias-villa-maria\/fotos-varios-accidentes-tanto-en-la-ciudad-como-la-region\/","title":{"rendered":"[FOTOS] &#8211; Varios accidentes, tanto en la ciudad como la regi\u00f3n"},"content":{"rendered":"\n<p>Ayer por la tarde, en la intersecci\u00f3n de calles Maip\u00fa y Salta ocurri\u00f3 un accidente de tr\u00e1nsito en el que por causas a establecer colisionaron un autom\u00f3vil Volkswagen Gol contra una bicicleta, siendo ambas conductoras domiciliadas en esta ciudad. <\/p>\n\n\n\n<p>Personal de bomberos voluntarios procedi\u00f3 al traslado de la ciclista, una mujer de 26 a\u00f1os de edad, hasta el Hospital Regional Pasteur donde personal m\u00e9dico diagnostic\u00f3 \u201clesiones graves\u201d por fractura de mu\u00f1eca izquierda.<\/p>\n\n\n\n<figure class=\"wp-block-gallery columns-2 is-cropped wp-block-gallery-1 is-layout-flex wp-block-gallery-is-layout-flex\"><ul class=\"blocks-gallery-grid\"><li class=\"blocks-gallery-item\"><figure><img data-recalc-dims=\"1\" fetchpriority=\"high\" decoding=\"async\" width=\"1024\" height=\"576\" src=\"https:\/\/i0.wp.com\/elregionalvm.com.ar\/noticias-villa-maria\/wp-content\/uploads\/2021\/12\/WhatsApp-Image-2021-12-28-at-09.36.35.jpeg?resize=1024%2C576&#038;ssl=1\" alt=\"\" data-id=\"50393\" data-link=\"https:\/\/elregionalvm.com.ar\/noticias-villa-maria\/?attachment_id=50393\" class=\"wp-image-50393\" srcset=\"https:\/\/i0.wp.com\/elregionalvm.com.ar\/noticias-villa-maria\/wp-content\/uploads\/2021\/12\/WhatsApp-Image-2021-12-28-at-09.36.35.jpeg?resize=1024%2C576&amp;ssl=1 1024w, https:\/\/i0.wp.com\/elregionalvm.com.ar\/noticias-villa-maria\/wp-content\/uploads\/2021\/12\/WhatsApp-Image-2021-12-28-at-09.36.35.jpeg?resize=300%2C169&amp;ssl=1 300w, https:\/\/i0.wp.com\/elregionalvm.com.ar\/noticias-villa-maria\/wp-content\/uploads\/2021\/12\/WhatsApp-Image-2021-12-28-at-09.36.35.jpeg?resize=768%2C432&amp;ssl=1 768w, https:\/\/i0.wp.com\/elregionalvm.com.ar\/noticias-villa-maria\/wp-content\/uploads\/2021\/12\/WhatsApp-Image-2021-12-28-at-09.36.35.jpeg?w=1280&amp;ssl=1 1280w\" sizes=\"(max-width: 1000px) 100vw, 1000px\" \/><\/figure><\/li><li class=\"blocks-gallery-item\"><figure><img data-recalc-dims=\"1\" decoding=\"async\" width=\"1024\" height=\"769\" src=\"https:\/\/i0.wp.com\/elregionalvm.com.ar\/noticias-villa-maria\/wp-content\/uploads\/2021\/12\/WhatsApp-Image-2021-12-28-at-09.36.36.jpeg?resize=1024%2C769&#038;ssl=1\" alt=\"\" data-id=\"50394\" data-full-url=\"https:\/\/elregionalvm.com.ar\/noticias-villa-maria\/wp-content\/uploads\/2021\/12\/WhatsApp-Image-2021-12-28-at-09.36.36.jpeg\" data-link=\"https:\/\/elregionalvm.com.ar\/noticias-villa-maria\/?attachment_id=50394\" class=\"wp-image-50394\" srcset=\"https:\/\/i0.wp.com\/elregionalvm.com.ar\/noticias-villa-maria\/wp-content\/uploads\/2021\/12\/WhatsApp-Image-2021-12-28-at-09.36.36.jpeg?resize=1024%2C769&amp;ssl=1 1024w, https:\/\/i0.wp.com\/elregionalvm.com.ar\/noticias-villa-maria\/wp-content\/uploads\/2021\/12\/WhatsApp-Image-2021-12-28-at-09.36.36.jpeg?resize=300%2C225&amp;ssl=1 300w, https:\/\/i0.wp.com\/elregionalvm.com.ar\/noticias-villa-maria\/wp-content\/uploads\/2021\/12\/WhatsApp-Image-2021-12-28-at-09.36.36.jpeg?resize=768%2C577&amp;ssl=1 768w, https:\/\/i0.wp.com\/elregionalvm.com.ar\/noticias-villa-maria\/wp-content\/uploads\/2021\/12\/WhatsApp-Image-2021-12-28-at-09.36.36.jpeg?w=1156&amp;ssl=1 1156w\" sizes=\"(max-width: 1000px) 100vw, 1000px\" \/><\/figure><\/li><\/ul><\/figure>\n\n\n\n<p><strong>Choque en Mendoza y Seppey<\/strong><\/p>\n\n\n\n<p>Anoche, aproximadamente a las 23:10, colisionaron un autom\u00f3vil Fiat Idea contra una motocicleta Honda Titan en la que circulaban dos personas, siendo todos los involucrados domiciliados en esta ciudad. <\/p>\n\n\n\n<p>Como resultado del siniestro personal de bomberos voluntarios procedi\u00f3 al traslado del acompa\u00f1ante en la motocicleta, un joven de 16 a\u00f1os de edad, hasta el Hospital Regional Pasteur donde personal m\u00e9dico diagnostic\u00f3 \u201dlesiones graves\u201d por una fractura de mano izquierda, mientras que el conductor del rodado menor result\u00f3 con lesiones leves.<\/p>\n\n\n\n<figure class=\"wp-block-image size-large\"><img data-recalc-dims=\"1\" decoding=\"async\" width=\"1024\" height=\"505\" src=\"https:\/\/i0.wp.com\/elregionalvm.com.ar\/noticias-villa-maria\/wp-content\/uploads\/2021\/12\/WhatsApp-Image-2021-12-28-at-09.36.45.jpeg?resize=1024%2C505&#038;ssl=1\" alt=\"\" class=\"wp-image-50392\" srcset=\"https:\/\/i0.wp.com\/elregionalvm.com.ar\/noticias-villa-maria\/wp-content\/uploads\/2021\/12\/WhatsApp-Image-2021-12-28-at-09.36.45.jpeg?resize=1024%2C505&amp;ssl=1 1024w, https:\/\/i0.wp.com\/elregionalvm.com.ar\/noticias-villa-maria\/wp-content\/uploads\/2021\/12\/WhatsApp-Image-2021-12-28-at-09.36.45.jpeg?resize=300%2C148&amp;ssl=1 300w, https:\/\/i0.wp.com\/elregionalvm.com.ar\/noticias-villa-maria\/wp-content\/uploads\/2021\/12\/WhatsApp-Image-2021-12-28-at-09.36.45.jpeg?resize=768%2C379&amp;ssl=1 768w, https:\/\/i0.wp.com\/elregionalvm.com.ar\/noticias-villa-maria\/wp-content\/uploads\/2021\/12\/WhatsApp-Image-2021-12-28-at-09.36.45.jpeg?w=1180&amp;ssl=1 1180w\" sizes=\"(max-width: 1000px) 100vw, 1000px\" \/><\/figure>\n\n\n\n<p><strong>Camionero herido en cercan\u00edas de Arroyo Cabral<\/strong><\/p>\n\n\n\n<p>Esta ma\u00f1ana, a las 10.40 horas personal de Sub Comisar\u00eda de Arroyo Cabral, se constituy\u00f3 en ruta nacional N\u00ba 158, a 3 km del ingreso a la localidad, donde hab\u00eda ocurrido un accidente de tr\u00e1nsito, en el que por causa que se tratan de establecer, un cami\u00f3n cisterna, marca Iveco, modelo 170 E22, con acoplado cisterna que transportaba suero concentrado,\u00a0 conducido por un hombre de 41 a\u00f1os de edad, perdi\u00f3 el control del rodado, dando varios vuelcos.<\/p>\n\n\n\n<p>Bomberos Voluntarios de Arroyo Cabral trasladaron al conductor al Hospital Regional Pasteur, donde le diagnosticaron lesiones de car\u00e1cter graves, fractura de platillo y tibia izquierda. <\/p>\n\n\n\n<figure class=\"wp-block-image size-full\"><img data-recalc-dims=\"1\" loading=\"lazy\" decoding=\"async\" width=\"610\" height=\"592\" src=\"https:\/\/i0.wp.com\/elregionalvm.com.ar\/noticias-villa-maria\/wp-content\/uploads\/2021\/12\/WhatsApp-Image-2021-12-28-at-19.15.14-1.jpeg?resize=610%2C592&#038;ssl=1\" alt=\"\" class=\"wp-image-50391\" srcset=\"https:\/\/i0.wp.com\/elregionalvm.com.ar\/noticias-villa-maria\/wp-content\/uploads\/2021\/12\/WhatsApp-Image-2021-12-28-at-19.15.14-1.jpeg?w=610&amp;ssl=1 610w, https:\/\/i0.wp.com\/elregionalvm.com.ar\/noticias-villa-maria\/wp-content\/uploads\/2021\/12\/WhatsApp-Image-2021-12-28-at-19.15.14-1.jpeg?resize=300%2C291&amp;ssl=1 300w\" sizes=\"(max-width: 610px) 100vw, 610px\" \/><\/figure>\n","protected":false},"excerpt":{"rendered":"<p>Ayer por la tarde, en la intersecci\u00f3n de calles Maip\u00fa y Salta ocurri\u00f3 un accidente de tr\u00e1nsito en el que por causas a establecer colisionaron un autom\u00f3vil Volkswagen Gol contra una bicicleta, siendo ambas conductoras domiciliadas en esta ciudad. Personal de bomberos voluntarios procedi\u00f3 al traslado de la ciclista, una mujer de 26 a\u00f1os de [&hellip;]<\/p>\n","protected":false},"author":4,"featured_media":50390,"comment_status":"open","ping_status":"open","sticky":false,"template":"","format":"standard","meta":{"site-sidebar-layout":"default","site-content-layout":"default","ast-site-content-layout":"default","site-content-style":"default","site-sidebar-style":"default","ast-global-header-display":"","ast-banner-title-visibility":"","ast-main-header-display":"","ast-hfb-above-header-display":"","ast-hfb-below-header-display":"","ast-hfb-mobile-header-display":"","site-post-title":"","ast-breadcrumbs-content":"","ast-featured-img":"","footer-sml-layout":"","ast-disable-related-posts":"","theme-transparent-header-meta":"default","adv-header-id-meta":"","stick-header-meta":"","header-above-stick-meta":"","header-main-stick-meta":"","header-below-stick-meta":"","astra-migrate-meta-layouts":"default","ast-page-background-enabled":"default","ast-page-background-meta":{"desktop":{"background-color":"","background-image":"","background-repeat":"repeat","background-position":"center center","background-size":"auto","background-attachment":"scroll","background-type":"","background-media":"","overlay-type":"","overlay-color":"","overlay-opacity":"","overlay-gradient":""},"tablet":{"background-color":"","background-image":"","background-repeat":"repeat","background-position":"center center","background-size":"auto","background-attachment":"scroll","background-type":"","background-media":"","overlay-type":"","overlay-color":"","overlay-opacity":"","overlay-gradient":""},"mobile":{"background-color":"","background-image":"","background-repeat":"repeat","background-position":"center center","background-size":"auto","background-attachment":"scroll","background-type":"","background-media":"","overlay-type":"","overlay-color":"","overlay-opacity":"","overlay-gradient":""}},"ast-content-background-meta":{"desktop":{"background-color":"var(--ast-global-color-5)","background-image":"","background-repeat":"repeat","background-position":"center center","background-size":"auto","background-attachment":"scroll","background-type":"","background-media":"","overlay-type":"","overlay-color":"","overlay-opacity":"","overlay-gradient":""},"tablet":{"background-color":"var(--ast-global-color-5)","background-image":"","background-repeat":"repeat","background-position":"center center","background-size":"auto","background-attachment":"scroll","background-type":"","background-media":"","overlay-type":"","overlay-color":"","overlay-opacity":"","overlay-gradient":""},"mobile":{"background-color":"var(--ast-global-color-5)","background-image":"","background-repeat":"repeat","background-position":"center center","background-size":"auto","background-attachment":"scroll","background-type":"","background-media":"","overlay-type":"","overlay-color":"","overlay-opacity":"","overlay-gradient":""}},"_jetpack_memberships_contains_paid_content":false,"_joinchat":[],"footnotes":""},"categories":[2234],"tags":[2987,179,13015,1232,741,13014,2248],"class_list":["post-50388","post","type-post","status-publish","format-standard","has-post-thumbnail","hentry","category-policiales","tag-accidentes","tag-arroyo-cabral","tag-camion-volcado","tag-destacado","tag-policiales","tag-varios-choques","tag-villa-maria-2"],"yoast_head":"<!-- This site is optimized with the Yoast SEO plugin v26.8 - https:\/\/yoast.com\/product\/yoast-seo-wordpress\/ -->\n<title>[FOTOS] - Varios accidentes, tanto en la ciudad como la regi\u00f3n - El Regional<\/title>\n<meta name=\"robots\" content=\"index, follow, max-snippet:-1, max-image-preview:large, max-video-preview:-1\" \/>\n<link rel=\"canonical\" href=\"http:\/\/elregionalvm.com.ar\/noticias-villa-maria\/fotos-varios-accidentes-tanto-en-la-ciudad-como-la-region\/\" \/>\n<meta property=\"og:locale\" content=\"es_ES\" \/>\n<meta property=\"og:type\" content=\"article\" \/>\n<meta property=\"og:title\" content=\"[FOTOS] - Varios accidentes, tanto en la ciudad como la regi\u00f3n - El Regional\" \/>\n<meta property=\"og:description\" content=\"Ayer por la tarde, en la intersecci\u00f3n de calles Maip\u00fa y Salta ocurri\u00f3 un accidente de tr\u00e1nsito en el que por causas a establecer colisionaron un autom\u00f3vil Volkswagen Gol contra una bicicleta, siendo ambas conductoras domiciliadas en esta ciudad. Personal de bomberos voluntarios procedi\u00f3 al traslado de la ciclista, una mujer de 26 a\u00f1os de [&hellip;]\" \/>\n<meta property=\"og:url\" content=\"http:\/\/elregionalvm.com.ar\/noticias-villa-maria\/fotos-varios-accidentes-tanto-en-la-ciudad-como-la-region\/\" \/>\n<meta property=\"og:site_name\" content=\"El Regional\" \/>\n<meta property=\"article:publisher\" content=\"https:\/\/www.facebook.com\/elregionalvm\" \/>\n<meta property=\"article:published_time\" content=\"2021-12-28T22:41:56+00:00\" \/>\n<meta property=\"article:modified_time\" content=\"2021-12-28T22:44:54+00:00\" \/>\n<meta property=\"og:image\" content=\"http:\/\/elregionalvm.com.ar\/noticias-villa-maria\/wp-content\/uploads\/2021\/12\/camion-volcado.jpg\" \/>\n\t<meta property=\"og:image:width\" content=\"556\" \/>\n\t<meta property=\"og:image:height\" content=\"351\" \/>\n\t<meta property=\"og:image:type\" content=\"image\/jpeg\" \/>\n<meta name=\"author\" content=\"Contenidos El Regional\" \/>\n<meta name=\"twitter:card\" content=\"summary_large_image\" \/>\n<meta name=\"twitter:creator\" content=\"@elregionalvm1\" \/>\n<meta name=\"twitter:site\" content=\"@elregionalvm1\" \/>\n<meta name=\"twitter:label1\" content=\"Escrito por\" \/>\n\t<meta name=\"twitter:data1\" content=\"Contenidos El Regional\" \/>\n\t<meta name=\"twitter:label2\" content=\"Tiempo de lectura\" \/>\n\t<meta name=\"twitter:data2\" content=\"3 minutos\" \/>\n<script type=\"application\/ld+json\" class=\"yoast-schema-graph\">{\"@context\":\"https:\/\/schema.org\",\"@graph\":[{\"@type\":\"Article\",\"@id\":\"http:\/\/elregionalvm.com.ar\/noticias-villa-maria\/fotos-varios-accidentes-tanto-en-la-ciudad-como-la-region\/#article\",\"isPartOf\":{\"@id\":\"http:\/\/elregionalvm.com.ar\/noticias-villa-maria\/fotos-varios-accidentes-tanto-en-la-ciudad-como-la-region\/\"},\"author\":{\"name\":\"Contenidos El Regional\",\"@id\":\"http:\/\/elregionalvm.com.ar\/noticias-villa-maria\/#\/schema\/person\/a0fb9c422317faca23d50163151bc354\"},\"headline\":\"[FOTOS] &#8211; Varios accidentes, tanto en la ciudad como la regi\u00f3n\",\"datePublished\":\"2021-12-28T22:41:56+00:00\",\"dateModified\":\"2021-12-28T22:44:54+00:00\",\"mainEntityOfPage\":{\"@id\":\"http:\/\/elregionalvm.com.ar\/noticias-villa-maria\/fotos-varios-accidentes-tanto-en-la-ciudad-como-la-region\/\"},\"wordCount\":288,\"commentCount\":0,\"image\":{\"@id\":\"http:\/\/elregionalvm.com.ar\/noticias-villa-maria\/fotos-varios-accidentes-tanto-en-la-ciudad-como-la-region\/#primaryimage\"},\"thumbnailUrl\":\"https:\/\/i0.wp.com\/elregionalvm.com.ar\/noticias-villa-maria\/wp-content\/uploads\/2021\/12\/camion-volcado.jpg?fit=556%2C351&ssl=1\",\"keywords\":[\"Accidentes\",\"Arroyo Cabral\",\"cami\u00f3n volcado\",\"destacado\",\"Policiales\",\"varios choques\",\"Villa Mar\u00eda\"],\"articleSection\":[\"Policiales\"],\"inLanguage\":\"es\",\"potentialAction\":[{\"@type\":\"CommentAction\",\"name\":\"Comment\",\"target\":[\"http:\/\/elregionalvm.com.ar\/noticias-villa-maria\/fotos-varios-accidentes-tanto-en-la-ciudad-como-la-region\/#respond\"]}]},{\"@type\":\"WebPage\",\"@id\":\"http:\/\/elregionalvm.com.ar\/noticias-villa-maria\/fotos-varios-accidentes-tanto-en-la-ciudad-como-la-region\/\",\"url\":\"http:\/\/elregionalvm.com.ar\/noticias-villa-maria\/fotos-varios-accidentes-tanto-en-la-ciudad-como-la-region\/\",\"name\":\"[FOTOS] - Varios accidentes, tanto en la ciudad como la regi\u00f3n - El Regional\",\"isPartOf\":{\"@id\":\"http:\/\/elregionalvm.com.ar\/noticias-villa-maria\/#website\"},\"primaryImageOfPage\":{\"@id\":\"http:\/\/elregionalvm.com.ar\/noticias-villa-maria\/fotos-varios-accidentes-tanto-en-la-ciudad-como-la-region\/#primaryimage\"},\"image\":{\"@id\":\"http:\/\/elregionalvm.com.ar\/noticias-villa-maria\/fotos-varios-accidentes-tanto-en-la-ciudad-como-la-region\/#primaryimage\"},\"thumbnailUrl\":\"https:\/\/i0.wp.com\/elregionalvm.com.ar\/noticias-villa-maria\/wp-content\/uploads\/2021\/12\/camion-volcado.jpg?fit=556%2C351&ssl=1\",\"datePublished\":\"2021-12-28T22:41:56+00:00\",\"dateModified\":\"2021-12-28T22:44:54+00:00\",\"author\":{\"@id\":\"http:\/\/elregionalvm.com.ar\/noticias-villa-maria\/#\/schema\/person\/a0fb9c422317faca23d50163151bc354\"},\"breadcrumb\":{\"@id\":\"http:\/\/elregionalvm.com.ar\/noticias-villa-maria\/fotos-varios-accidentes-tanto-en-la-ciudad-como-la-region\/#breadcrumb\"},\"inLanguage\":\"es\",\"potentialAction\":[{\"@type\":\"ReadAction\",\"target\":[\"http:\/\/elregionalvm.com.ar\/noticias-villa-maria\/fotos-varios-accidentes-tanto-en-la-ciudad-como-la-region\/\"]}]},{\"@type\":\"ImageObject\",\"inLanguage\":\"es\",\"@id\":\"http:\/\/elregionalvm.com.ar\/noticias-villa-maria\/fotos-varios-accidentes-tanto-en-la-ciudad-como-la-region\/#primaryimage\",\"url\":\"https:\/\/i0.wp.com\/elregionalvm.com.ar\/noticias-villa-maria\/wp-content\/uploads\/2021\/12\/camion-volcado.jpg?fit=556%2C351&ssl=1\",\"contentUrl\":\"https:\/\/i0.wp.com\/elregionalvm.com.ar\/noticias-villa-maria\/wp-content\/uploads\/2021\/12\/camion-volcado.jpg?fit=556%2C351&ssl=1\",\"width\":556,\"height\":351},{\"@type\":\"BreadcrumbList\",\"@id\":\"http:\/\/elregionalvm.com.ar\/noticias-villa-maria\/fotos-varios-accidentes-tanto-en-la-ciudad-como-la-region\/#breadcrumb\",\"itemListElement\":[{\"@type\":\"ListItem\",\"position\":1,\"name\":\"Portada\",\"item\":\"https:\/\/elregionalvm.com.ar\/noticias-villa-maria\/\"},{\"@type\":\"ListItem\",\"position\":2,\"name\":\"[FOTOS] &#8211; Varios accidentes, tanto en la ciudad como la regi\u00f3n\"}]},{\"@type\":\"WebSite\",\"@id\":\"http:\/\/elregionalvm.com.ar\/noticias-villa-maria\/#website\",\"url\":\"http:\/\/elregionalvm.com.ar\/noticias-villa-maria\/\",\"name\":\"El Regional\",\"description\":\"Mucho m\u00e1s que informaci\u00f3n\",\"potentialAction\":[{\"@type\":\"SearchAction\",\"target\":{\"@type\":\"EntryPoint\",\"urlTemplate\":\"http:\/\/elregionalvm.com.ar\/noticias-villa-maria\/?s={search_term_string}\"},\"query-input\":{\"@type\":\"PropertyValueSpecification\",\"valueRequired\":true,\"valueName\":\"search_term_string\"}}],\"inLanguage\":\"es\"},{\"@type\":\"Person\",\"@id\":\"http:\/\/elregionalvm.com.ar\/noticias-villa-maria\/#\/schema\/person\/a0fb9c422317faca23d50163151bc354\",\"name\":\"Contenidos El Regional\",\"image\":{\"@type\":\"ImageObject\",\"inLanguage\":\"es\",\"@id\":\"http:\/\/elregionalvm.com.ar\/noticias-villa-maria\/#\/schema\/person\/image\/\",\"url\":\"https:\/\/secure.gravatar.com\/avatar\/265b27cb2209af7bb3a1318f03305787d7981a5cc6e6cd08fe5a4ecdf99d4b48?s=96&d=mm&r=g\",\"contentUrl\":\"https:\/\/secure.gravatar.com\/avatar\/265b27cb2209af7bb3a1318f03305787d7981a5cc6e6cd08fe5a4ecdf99d4b48?s=96&d=mm&r=g\",\"caption\":\"Contenidos El Regional\"},\"url\":\"https:\/\/elregionalvm.com.ar\/noticias-villa-maria\/author\/contenido\/\"}]}<\/script>\n<!-- \/ Yoast SEO plugin. -->","yoast_head_json":{"title":"[FOTOS] - Varios accidentes, tanto en la ciudad como la regi\u00f3n - El Regional","robots":{"index":"index","follow":"follow","max-snippet":"max-snippet:-1","max-image-preview":"max-image-preview:large","max-video-preview":"max-video-preview:-1"},"canonical":"http:\/\/elregionalvm.com.ar\/noticias-villa-maria\/fotos-varios-accidentes-tanto-en-la-ciudad-como-la-region\/","og_locale":"es_ES","og_type":"article","og_title":"[FOTOS] - Varios accidentes, tanto en la ciudad como la regi\u00f3n - El Regional","og_description":"Ayer por la tarde, en la intersecci\u00f3n de calles Maip\u00fa y Salta ocurri\u00f3 un accidente de tr\u00e1nsito en el que por causas a establecer colisionaron un autom\u00f3vil Volkswagen Gol contra una bicicleta, siendo ambas conductoras domiciliadas en esta ciudad. Personal de bomberos voluntarios procedi\u00f3 al traslado de la ciclista, una mujer de 26 a\u00f1os de [&hellip;]","og_url":"http:\/\/elregionalvm.com.ar\/noticias-villa-maria\/fotos-varios-accidentes-tanto-en-la-ciudad-como-la-region\/","og_site_name":"El Regional","article_publisher":"https:\/\/www.facebook.com\/elregionalvm","article_published_time":"2021-12-28T22:41:56+00:00","article_modified_time":"2021-12-28T22:44:54+00:00","og_image":[{"width":556,"height":351,"url":"http:\/\/elregionalvm.com.ar\/noticias-villa-maria\/wp-content\/uploads\/2021\/12\/camion-volcado.jpg","type":"image\/jpeg"}],"author":"Contenidos El Regional","twitter_card":"summary_large_image","twitter_creator":"@elregionalvm1","twitter_site":"@elregionalvm1","twitter_misc":{"Escrito por":"Contenidos El Regional","Tiempo de lectura":"3 minutos"},"schema":{"@context":"https:\/\/schema.org","@graph":[{"@type":"Article","@id":"http:\/\/elregionalvm.com.ar\/noticias-villa-maria\/fotos-varios-accidentes-tanto-en-la-ciudad-como-la-region\/#article","isPartOf":{"@id":"http:\/\/elregionalvm.com.ar\/noticias-villa-maria\/fotos-varios-accidentes-tanto-en-la-ciudad-como-la-region\/"},"author":{"name":"Contenidos El Regional","@id":"http:\/\/elregionalvm.com.ar\/noticias-villa-maria\/#\/schema\/person\/a0fb9c422317faca23d50163151bc354"},"headline":"[FOTOS] &#8211; Varios accidentes, tanto en la ciudad como la regi\u00f3n","datePublished":"2021-12-28T22:41:56+00:00","dateModified":"2021-12-28T22:44:54+00:00","mainEntityOfPage":{"@id":"http:\/\/elregionalvm.com.ar\/noticias-villa-maria\/fotos-varios-accidentes-tanto-en-la-ciudad-como-la-region\/"},"wordCount":288,"commentCount":0,"image":{"@id":"http:\/\/elregionalvm.com.ar\/noticias-villa-maria\/fotos-varios-accidentes-tanto-en-la-ciudad-como-la-region\/#primaryimage"},"thumbnailUrl":"https:\/\/i0.wp.com\/elregionalvm.com.ar\/noticias-villa-maria\/wp-content\/uploads\/2021\/12\/camion-volcado.jpg?fit=556%2C351&ssl=1","keywords":["Accidentes","Arroyo Cabral","cami\u00f3n volcado","destacado","Policiales","varios choques","Villa Mar\u00eda"],"articleSection":["Policiales"],"inLanguage":"es","potentialAction":[{"@type":"CommentAction","name":"Comment","target":["http:\/\/elregionalvm.com.ar\/noticias-villa-maria\/fotos-varios-accidentes-tanto-en-la-ciudad-como-la-region\/#respond"]}]},{"@type":"WebPage","@id":"http:\/\/elregionalvm.com.ar\/noticias-villa-maria\/fotos-varios-accidentes-tanto-en-la-ciudad-como-la-region\/","url":"http:\/\/elregionalvm.com.ar\/noticias-villa-maria\/fotos-varios-accidentes-tanto-en-la-ciudad-como-la-region\/","name":"[FOTOS] - Varios accidentes, tanto en la ciudad como la regi\u00f3n - El Regional","isPartOf":{"@id":"http:\/\/elregionalvm.com.ar\/noticias-villa-maria\/#website"},"primaryImageOfPage":{"@id":"http:\/\/elregionalvm.com.ar\/noticias-villa-maria\/fotos-varios-accidentes-tanto-en-la-ciudad-como-la-region\/#primaryimage"},"image":{"@id":"http:\/\/elregionalvm.com.ar\/noticias-villa-maria\/fotos-varios-accidentes-tanto-en-la-ciudad-como-la-region\/#primaryimage"},"thumbnailUrl":"https:\/\/i0.wp.com\/elregionalvm.com.ar\/noticias-villa-maria\/wp-content\/uploads\/2021\/12\/camion-volcado.jpg?fit=556%2C351&ssl=1","datePublished":"2021-12-28T22:41:56+00:00","dateModified":"2021-12-28T22:44:54+00:00","author":{"@id":"http:\/\/elregionalvm.com.ar\/noticias-villa-maria\/#\/schema\/person\/a0fb9c422317faca23d50163151bc354"},"breadcrumb":{"@id":"http:\/\/elregionalvm.com.ar\/noticias-villa-maria\/fotos-varios-accidentes-tanto-en-la-ciudad-como-la-region\/#breadcrumb"},"inLanguage":"es","potentialAction":[{"@type":"ReadAction","target":["http:\/\/elregionalvm.com.ar\/noticias-villa-maria\/fotos-varios-accidentes-tanto-en-la-ciudad-como-la-region\/"]}]},{"@type":"ImageObject","inLanguage":"es","@id":"http:\/\/elregionalvm.com.ar\/noticias-villa-maria\/fotos-varios-accidentes-tanto-en-la-ciudad-como-la-region\/#primaryimage","url":"https:\/\/i0.wp.com\/elregionalvm.com.ar\/noticias-villa-maria\/wp-content\/uploads\/2021\/12\/camion-volcado.jpg?fit=556%2C351&ssl=1","contentUrl":"https:\/\/i0.wp.com\/elregionalvm.com.ar\/noticias-villa-maria\/wp-content\/uploads\/2021\/12\/camion-volcado.jpg?fit=556%2C351&ssl=1","width":556,"height":351},{"@type":"BreadcrumbList","@id":"http:\/\/elregionalvm.com.ar\/noticias-villa-maria\/fotos-varios-accidentes-tanto-en-la-ciudad-como-la-region\/#breadcrumb","itemListElement":[{"@type":"ListItem","position":1,"name":"Portada","item":"https:\/\/elregionalvm.com.ar\/noticias-villa-maria\/"},{"@type":"ListItem","position":2,"name":"[FOTOS] &#8211; Varios accidentes, tanto en la ciudad como la regi\u00f3n"}]},{"@type":"WebSite","@id":"http:\/\/elregionalvm.com.ar\/noticias-villa-maria\/#website","url":"http:\/\/elregionalvm.com.ar\/noticias-villa-maria\/","name":"El Regional","description":"Mucho m\u00e1s que informaci\u00f3n","potentialAction":[{"@type":"SearchAction","target":{"@type":"EntryPoint","urlTemplate":"http:\/\/elregionalvm.com.ar\/noticias-villa-maria\/?s={search_term_string}"},"query-input":{"@type":"PropertyValueSpecification","valueRequired":true,"valueName":"search_term_string"}}],"inLanguage":"es"},{"@type":"Person","@id":"http:\/\/elregionalvm.com.ar\/noticias-villa-maria\/#\/schema\/person\/a0fb9c422317faca23d50163151bc354","name":"Contenidos El Regional","image":{"@type":"ImageObject","inLanguage":"es","@id":"http:\/\/elregionalvm.com.ar\/noticias-villa-maria\/#\/schema\/person\/image\/","url":"https:\/\/secure.gravatar.com\/avatar\/265b27cb2209af7bb3a1318f03305787d7981a5cc6e6cd08fe5a4ecdf99d4b48?s=96&d=mm&r=g","contentUrl":"https:\/\/secure.gravatar.com\/avatar\/265b27cb2209af7bb3a1318f03305787d7981a5cc6e6cd08fe5a4ecdf99d4b48?s=96&d=mm&r=g","caption":"Contenidos El Regional"},"url":"https:\/\/elregionalvm.com.ar\/noticias-villa-maria\/author\/contenido\/"}]}},"jetpack_featured_media_url":"https:\/\/i0.wp.com\/elregionalvm.com.ar\/noticias-villa-maria\/wp-content\/uploads\/2021\/12\/camion-volcado.jpg?fit=556%2C351&ssl=1","jetpack_sharing_enabled":true,"_links":{"self":[{"href":"https:\/\/elregionalvm.com.ar\/noticias-villa-maria\/wp-json\/wp\/v2\/posts\/50388","targetHints":{"allow":["GET"]}}],"collection":[{"href":"https:\/\/elregionalvm.com.ar\/noticias-villa-maria\/wp-json\/wp\/v2\/posts"}],"about":[{"href":"https:\/\/elregionalvm.com.ar\/noticias-villa-maria\/wp-json\/wp\/v2\/types\/post"}],"author":[{"embeddable":true,"href":"https:\/\/elregionalvm.com.ar\/noticias-villa-maria\/wp-json\/wp\/v2\/users\/4"}],"replies":[{"embeddable":true,"href":"https:\/\/elregionalvm.com.ar\/noticias-villa-maria\/wp-json\/wp\/v2\/comments?post=50388"}],"version-history":[{"count":1,"href":"https:\/\/elregionalvm.com.ar\/noticias-villa-maria\/wp-json\/wp\/v2\/posts\/50388\/revisions"}],"predecessor-version":[{"id":50395,"href":"https:\/\/elregionalvm.com.ar\/noticias-villa-maria\/wp-json\/wp\/v2\/posts\/50388\/revisions\/50395"}],"wp:featuredmedia":[{"embeddable":true,"href":"https:\/\/elregionalvm.com.ar\/noticias-villa-maria\/wp-json\/wp\/v2\/media\/50390"}],"wp:attachment":[{"href":"https:\/\/elregionalvm.com.ar\/noticias-villa-maria\/wp-json\/wp\/v2\/media?parent=50388"}],"wp:term":[{"taxonomy":"category","embeddable":true,"href":"https:\/\/elregionalvm.com.ar\/noticias-villa-maria\/wp-json\/wp\/v2\/categories?post=50388"},{"taxonomy":"post_tag","embeddable":true,"href":"https:\/\/elregionalvm.com.ar\/noticias-villa-maria\/wp-json\/wp\/v2\/tags?post=50388"}],"curies":[{"name":"wp","href":"https:\/\/api.w.org\/{rel}","templated":true}]}}