{"id":50398,"date":"2021-12-28T23:14:33","date_gmt":"2021-12-28T23:14:33","guid":{"rendered":"https:\/\/elregionalvm.com.ar\/noticias-villa-maria\/?p=50398"},"modified":"2021-12-28T23:14:34","modified_gmt":"2021-12-28T23:14:34","slug":"detenciones-danos-y-hurto-en-un-local-y-un-caso-de-violencia-familiar","status":"publish","type":"post","link":"https:\/\/elregionalvm.com.ar\/noticias-villa-maria\/detenciones-danos-y-hurto-en-un-local-y-un-caso-de-violencia-familiar\/","title":{"rendered":"Detenciones: da\u00f1os y hurto en un local y un caso de violencia familiar"},"content":{"rendered":"\n<p>Alrededor de las 02:30 de la madrugada, en la intersecci\u00f3n de calles Corrientes y Avda. Hip\u00f3lito Irigoyen detuvieron un hombre de 51 a\u00f1os de edad por supuesto autor de los delitos de \u201churto\u201d y \u201cda\u00f1o\u201d en flagrancia.<\/p>\n\n\n\n<p>La polic\u00eda fue alertada por una vecina del sector que realiz\u00f3 la llamada a la l\u00ednea de emergencias 911. Con la inmediata intervenci\u00f3n policial se constat\u00f3 que este sujeto hab\u00eda forcejeado la puerta y da\u00f1ado la vidriera de un local comercial en ese sector, y que adem\u00e1s manten\u00eda en su poder un tel\u00e9fono celular que habr\u00eda sustra\u00eddo momentos antes. <\/p>\n\n\n\n<figure class=\"wp-block-gallery columns-2 is-cropped wp-block-gallery-1 is-layout-flex wp-block-gallery-is-layout-flex\"><ul class=\"blocks-gallery-grid\"><li class=\"blocks-gallery-item\"><figure><img data-recalc-dims=\"1\" fetchpriority=\"high\" decoding=\"async\" width=\"538\" height=\"1024\" src=\"https:\/\/i0.wp.com\/elregionalvm.com.ar\/noticias-villa-maria\/wp-content\/uploads\/2021\/12\/WhatsApp-Image-2021-12-28-at-09.36.57-1.jpeg?resize=538%2C1024&#038;ssl=1\" alt=\"\" data-id=\"50400\" data-link=\"https:\/\/elregionalvm.com.ar\/noticias-villa-maria\/?attachment_id=50400\" class=\"wp-image-50400\" srcset=\"https:\/\/i0.wp.com\/elregionalvm.com.ar\/noticias-villa-maria\/wp-content\/uploads\/2021\/12\/WhatsApp-Image-2021-12-28-at-09.36.57-1.jpeg?resize=538%2C1024&amp;ssl=1 538w, https:\/\/i0.wp.com\/elregionalvm.com.ar\/noticias-villa-maria\/wp-content\/uploads\/2021\/12\/WhatsApp-Image-2021-12-28-at-09.36.57-1.jpeg?resize=158%2C300&amp;ssl=1 158w, https:\/\/i0.wp.com\/elregionalvm.com.ar\/noticias-villa-maria\/wp-content\/uploads\/2021\/12\/WhatsApp-Image-2021-12-28-at-09.36.57-1.jpeg?w=672&amp;ssl=1 672w\" sizes=\"(max-width: 538px) 100vw, 538px\" \/><\/figure><\/li><li class=\"blocks-gallery-item\"><figure><img data-recalc-dims=\"1\" decoding=\"async\" width=\"662\" height=\"1024\" src=\"https:\/\/i0.wp.com\/elregionalvm.com.ar\/noticias-villa-maria\/wp-content\/uploads\/2021\/12\/WhatsApp-Image-2021-12-28-at-09.36.56.jpeg?resize=662%2C1024&#038;ssl=1\" alt=\"\" data-id=\"50401\" data-full-url=\"https:\/\/elregionalvm.com.ar\/noticias-villa-maria\/wp-content\/uploads\/2021\/12\/WhatsApp-Image-2021-12-28-at-09.36.56.jpeg\" data-link=\"https:\/\/elregionalvm.com.ar\/noticias-villa-maria\/?attachment_id=50401\" class=\"wp-image-50401\" srcset=\"https:\/\/i0.wp.com\/elregionalvm.com.ar\/noticias-villa-maria\/wp-content\/uploads\/2021\/12\/WhatsApp-Image-2021-12-28-at-09.36.56.jpeg?resize=662%2C1024&amp;ssl=1 662w, https:\/\/i0.wp.com\/elregionalvm.com.ar\/noticias-villa-maria\/wp-content\/uploads\/2021\/12\/WhatsApp-Image-2021-12-28-at-09.36.56.jpeg?resize=194%2C300&amp;ssl=1 194w, https:\/\/i0.wp.com\/elregionalvm.com.ar\/noticias-villa-maria\/wp-content\/uploads\/2021\/12\/WhatsApp-Image-2021-12-28-at-09.36.56.jpeg?w=720&amp;ssl=1 720w\" sizes=\"(max-width: 662px) 100vw, 662px\" \/><\/figure><\/li><\/ul><\/figure>\n\n\n\n<p><\/p>\n\n\n\n<p><strong>Detenido por agredir a su madre y hermano<\/strong><\/p>\n\n\n\n<p>Esta ma\u00f1ana, a las 11.45 aproximadamente, personal de la patrulla preventiva de Villa Mar\u00eda, procedi\u00f3 al traslado de un hombre de 27 a\u00f1os de edad, desde calle Urtubey al 800, por la supuesta autor\u00eda de los delitos de lesiones leves y da\u00f1o.<\/p>\n\n\n\n<p>Momentos previos,\u00a0 el antes mencionado se hizo presente en el domicilio de su progenitora una mujer de 49 a\u00f1os, quien estaba en compa\u00f1\u00eda de su otro hijo, un joven de 21 a\u00f1os, con los cuales\u00a0 mantuvo una discusi\u00f3n y agredi\u00f3 a ambos. Adem\u00e1s provoc\u00f3 la rotura de un vidrio de una ventana de la vivienda. <\/p>\n\n\n\n<figure class=\"wp-block-image size-large\"><img data-recalc-dims=\"1\" decoding=\"async\" width=\"879\" height=\"1024\" src=\"https:\/\/i0.wp.com\/elregionalvm.com.ar\/noticias-villa-maria\/wp-content\/uploads\/2021\/12\/WhatsApp-Image-2021-12-28-at-19.15.57.jpeg?resize=879%2C1024&#038;ssl=1\" alt=\"\" class=\"wp-image-50402\" srcset=\"https:\/\/i0.wp.com\/elregionalvm.com.ar\/noticias-villa-maria\/wp-content\/uploads\/2021\/12\/WhatsApp-Image-2021-12-28-at-19.15.57.jpeg?resize=879%2C1024&amp;ssl=1 879w, https:\/\/i0.wp.com\/elregionalvm.com.ar\/noticias-villa-maria\/wp-content\/uploads\/2021\/12\/WhatsApp-Image-2021-12-28-at-19.15.57.jpeg?resize=258%2C300&amp;ssl=1 258w, https:\/\/i0.wp.com\/elregionalvm.com.ar\/noticias-villa-maria\/wp-content\/uploads\/2021\/12\/WhatsApp-Image-2021-12-28-at-19.15.57.jpeg?resize=768%2C895&amp;ssl=1 768w, https:\/\/i0.wp.com\/elregionalvm.com.ar\/noticias-villa-maria\/wp-content\/uploads\/2021\/12\/WhatsApp-Image-2021-12-28-at-19.15.57.jpeg?w=1030&amp;ssl=1 1030w\" sizes=\"(max-width: 879px) 100vw, 879px\" \/><\/figure>\n","protected":false},"excerpt":{"rendered":"<p>Alrededor de las 02:30 de la madrugada, en la intersecci\u00f3n de calles Corrientes y Avda. Hip\u00f3lito Irigoyen detuvieron un hombre de 51 a\u00f1os de edad por supuesto autor de los delitos de \u201churto\u201d y \u201cda\u00f1o\u201d en flagrancia. La polic\u00eda fue alertada por una vecina del sector que realiz\u00f3 la llamada a la l\u00ednea de emergencias [&hellip;]<\/p>\n","protected":false},"author":4,"featured_media":50399,"comment_status":"open","ping_status":"open","sticky":false,"template":"","format":"standard","meta":{"site-sidebar-layout":"default","site-content-layout":"default","ast-site-content-layout":"default","site-content-style":"default","site-sidebar-style":"default","ast-global-header-display":"","ast-banner-title-visibility":"","ast-main-header-display":"","ast-hfb-above-header-display":"","ast-hfb-below-header-display":"","ast-hfb-mobile-header-display":"","site-post-title":"","ast-breadcrumbs-content":"","ast-featured-img":"","footer-sml-layout":"","ast-disable-related-posts":"","theme-transparent-header-meta":"default","adv-header-id-meta":"","stick-header-meta":"","header-above-stick-meta":"","header-main-stick-meta":"","header-below-stick-meta":"","astra-migrate-meta-layouts":"default","ast-page-background-enabled":"default","ast-page-background-meta":{"desktop":{"background-color":"","background-image":"","background-repeat":"repeat","background-position":"center center","background-size":"auto","background-attachment":"scroll","background-type":"","background-media":"","overlay-type":"","overlay-color":"","overlay-opacity":"","overlay-gradient":""},"tablet":{"background-color":"","background-image":"","background-repeat":"repeat","background-position":"center center","background-size":"auto","background-attachment":"scroll","background-type":"","background-media":"","overlay-type":"","overlay-color":"","overlay-opacity":"","overlay-gradient":""},"mobile":{"background-color":"","background-image":"","background-repeat":"repeat","background-position":"center center","background-size":"auto","background-attachment":"scroll","background-type":"","background-media":"","overlay-type":"","overlay-color":"","overlay-opacity":"","overlay-gradient":""}},"ast-content-background-meta":{"desktop":{"background-color":"var(--ast-global-color-5)","background-image":"","background-repeat":"repeat","background-position":"center center","background-size":"auto","background-attachment":"scroll","background-type":"","background-media":"","overlay-type":"","overlay-color":"","overlay-opacity":"","overlay-gradient":""},"tablet":{"background-color":"var(--ast-global-color-5)","background-image":"","background-repeat":"repeat","background-position":"center center","background-size":"auto","background-attachment":"scroll","background-type":"","background-media":"","overlay-type":"","overlay-color":"","overlay-opacity":"","overlay-gradient":""},"mobile":{"background-color":"var(--ast-global-color-5)","background-image":"","background-repeat":"repeat","background-position":"center center","background-size":"auto","background-attachment":"scroll","background-type":"","background-media":"","overlay-type":"","overlay-color":"","overlay-opacity":"","overlay-gradient":""}},"_jetpack_memberships_contains_paid_content":false,"_joinchat":[],"footnotes":""},"categories":[2234],"tags":[13016,2417,3471,741,2248,2608],"class_list":["post-50398","post","type-post","status-publish","format-standard","has-post-thumbnail","hentry","category-policiales","tag-danos-y-hurto","tag-detenciones","tag-local-comercial","tag-policiales","tag-villa-maria-2","tag-violencia-familiar"],"yoast_head":"<!-- This site is optimized with the Yoast SEO plugin v26.8 - https:\/\/yoast.com\/product\/yoast-seo-wordpress\/ -->\n<title>Detenciones: da\u00f1os y hurto en un local y un caso de violencia familiar - El Regional<\/title>\n<meta name=\"robots\" content=\"index, follow, max-snippet:-1, max-image-preview:large, max-video-preview:-1\" \/>\n<link rel=\"canonical\" href=\"http:\/\/elregionalvm.com.ar\/noticias-villa-maria\/detenciones-danos-y-hurto-en-un-local-y-un-caso-de-violencia-familiar\/\" \/>\n<meta property=\"og:locale\" content=\"es_ES\" \/>\n<meta property=\"og:type\" content=\"article\" \/>\n<meta property=\"og:title\" content=\"Detenciones: da\u00f1os y hurto en un local y un caso de violencia familiar - El Regional\" \/>\n<meta property=\"og:description\" content=\"Alrededor de las 02:30 de la madrugada, en la intersecci\u00f3n de calles Corrientes y Avda. Hip\u00f3lito Irigoyen detuvieron un hombre de 51 a\u00f1os de edad por supuesto autor de los delitos de \u201churto\u201d y \u201cda\u00f1o\u201d en flagrancia. La polic\u00eda fue alertada por una vecina del sector que realiz\u00f3 la llamada a la l\u00ednea de emergencias [&hellip;]\" \/>\n<meta property=\"og:url\" content=\"http:\/\/elregionalvm.com.ar\/noticias-villa-maria\/detenciones-danos-y-hurto-en-un-local-y-un-caso-de-violencia-familiar\/\" \/>\n<meta property=\"og:site_name\" content=\"El Regional\" \/>\n<meta property=\"article:publisher\" content=\"https:\/\/www.facebook.com\/elregionalvm\" \/>\n<meta property=\"article:published_time\" content=\"2021-12-28T23:14:33+00:00\" \/>\n<meta property=\"article:modified_time\" content=\"2021-12-28T23:14:34+00:00\" \/>\n<meta property=\"og:image\" content=\"http:\/\/elregionalvm.com.ar\/noticias-villa-maria\/wp-content\/uploads\/2021\/12\/WhatsApp-Image-2021-12-28-at-09.36.57.jpeg\" \/>\n\t<meta property=\"og:image:width\" content=\"385\" \/>\n\t<meta property=\"og:image:height\" content=\"721\" \/>\n\t<meta property=\"og:image:type\" content=\"image\/jpeg\" \/>\n<meta name=\"author\" content=\"Contenidos El Regional\" \/>\n<meta name=\"twitter:card\" content=\"summary_large_image\" \/>\n<meta name=\"twitter:creator\" content=\"@elregionalvm1\" \/>\n<meta name=\"twitter:site\" content=\"@elregionalvm1\" \/>\n<meta name=\"twitter:label1\" content=\"Escrito por\" \/>\n\t<meta name=\"twitter:data1\" content=\"Contenidos El Regional\" \/>\n\t<meta name=\"twitter:label2\" content=\"Tiempo de lectura\" \/>\n\t<meta name=\"twitter:data2\" content=\"2 minutos\" \/>\n<script type=\"application\/ld+json\" class=\"yoast-schema-graph\">{\"@context\":\"https:\/\/schema.org\",\"@graph\":[{\"@type\":\"Article\",\"@id\":\"http:\/\/elregionalvm.com.ar\/noticias-villa-maria\/detenciones-danos-y-hurto-en-un-local-y-un-caso-de-violencia-familiar\/#article\",\"isPartOf\":{\"@id\":\"http:\/\/elregionalvm.com.ar\/noticias-villa-maria\/detenciones-danos-y-hurto-en-un-local-y-un-caso-de-violencia-familiar\/\"},\"author\":{\"name\":\"Contenidos El Regional\",\"@id\":\"http:\/\/elregionalvm.com.ar\/noticias-villa-maria\/#\/schema\/person\/a0fb9c422317faca23d50163151bc354\"},\"headline\":\"Detenciones: da\u00f1os y hurto en un local y un caso de violencia familiar\",\"datePublished\":\"2021-12-28T23:14:33+00:00\",\"dateModified\":\"2021-12-28T23:14:34+00:00\",\"mainEntityOfPage\":{\"@id\":\"http:\/\/elregionalvm.com.ar\/noticias-villa-maria\/detenciones-danos-y-hurto-en-un-local-y-un-caso-de-violencia-familiar\/\"},\"wordCount\":231,\"commentCount\":0,\"image\":{\"@id\":\"http:\/\/elregionalvm.com.ar\/noticias-villa-maria\/detenciones-danos-y-hurto-en-un-local-y-un-caso-de-violencia-familiar\/#primaryimage\"},\"thumbnailUrl\":\"https:\/\/i0.wp.com\/elregionalvm.com.ar\/noticias-villa-maria\/wp-content\/uploads\/2021\/12\/WhatsApp-Image-2021-12-28-at-09.36.57.jpeg?fit=385%2C721&ssl=1\",\"keywords\":[\"da\u00f1os y hurto\",\"detenciones\",\"local comercial\",\"Policiales\",\"Villa Mar\u00eda\",\"violencia familiar\"],\"articleSection\":[\"Policiales\"],\"inLanguage\":\"es\",\"potentialAction\":[{\"@type\":\"CommentAction\",\"name\":\"Comment\",\"target\":[\"http:\/\/elregionalvm.com.ar\/noticias-villa-maria\/detenciones-danos-y-hurto-en-un-local-y-un-caso-de-violencia-familiar\/#respond\"]}]},{\"@type\":\"WebPage\",\"@id\":\"http:\/\/elregionalvm.com.ar\/noticias-villa-maria\/detenciones-danos-y-hurto-en-un-local-y-un-caso-de-violencia-familiar\/\",\"url\":\"http:\/\/elregionalvm.com.ar\/noticias-villa-maria\/detenciones-danos-y-hurto-en-un-local-y-un-caso-de-violencia-familiar\/\",\"name\":\"Detenciones: da\u00f1os y hurto en un local y un caso de violencia familiar - El Regional\",\"isPartOf\":{\"@id\":\"http:\/\/elregionalvm.com.ar\/noticias-villa-maria\/#website\"},\"primaryImageOfPage\":{\"@id\":\"http:\/\/elregionalvm.com.ar\/noticias-villa-maria\/detenciones-danos-y-hurto-en-un-local-y-un-caso-de-violencia-familiar\/#primaryimage\"},\"image\":{\"@id\":\"http:\/\/elregionalvm.com.ar\/noticias-villa-maria\/detenciones-danos-y-hurto-en-un-local-y-un-caso-de-violencia-familiar\/#primaryimage\"},\"thumbnailUrl\":\"https:\/\/i0.wp.com\/elregionalvm.com.ar\/noticias-villa-maria\/wp-content\/uploads\/2021\/12\/WhatsApp-Image-2021-12-28-at-09.36.57.jpeg?fit=385%2C721&ssl=1\",\"datePublished\":\"2021-12-28T23:14:33+00:00\",\"dateModified\":\"2021-12-28T23:14:34+00:00\",\"author\":{\"@id\":\"http:\/\/elregionalvm.com.ar\/noticias-villa-maria\/#\/schema\/person\/a0fb9c422317faca23d50163151bc354\"},\"breadcrumb\":{\"@id\":\"http:\/\/elregionalvm.com.ar\/noticias-villa-maria\/detenciones-danos-y-hurto-en-un-local-y-un-caso-de-violencia-familiar\/#breadcrumb\"},\"inLanguage\":\"es\",\"potentialAction\":[{\"@type\":\"ReadAction\",\"target\":[\"http:\/\/elregionalvm.com.ar\/noticias-villa-maria\/detenciones-danos-y-hurto-en-un-local-y-un-caso-de-violencia-familiar\/\"]}]},{\"@type\":\"ImageObject\",\"inLanguage\":\"es\",\"@id\":\"http:\/\/elregionalvm.com.ar\/noticias-villa-maria\/detenciones-danos-y-hurto-en-un-local-y-un-caso-de-violencia-familiar\/#primaryimage\",\"url\":\"https:\/\/i0.wp.com\/elregionalvm.com.ar\/noticias-villa-maria\/wp-content\/uploads\/2021\/12\/WhatsApp-Image-2021-12-28-at-09.36.57.jpeg?fit=385%2C721&ssl=1\",\"contentUrl\":\"https:\/\/i0.wp.com\/elregionalvm.com.ar\/noticias-villa-maria\/wp-content\/uploads\/2021\/12\/WhatsApp-Image-2021-12-28-at-09.36.57.jpeg?fit=385%2C721&ssl=1\",\"width\":385,\"height\":721},{\"@type\":\"BreadcrumbList\",\"@id\":\"http:\/\/elregionalvm.com.ar\/noticias-villa-maria\/detenciones-danos-y-hurto-en-un-local-y-un-caso-de-violencia-familiar\/#breadcrumb\",\"itemListElement\":[{\"@type\":\"ListItem\",\"position\":1,\"name\":\"Portada\",\"item\":\"https:\/\/elregionalvm.com.ar\/noticias-villa-maria\/\"},{\"@type\":\"ListItem\",\"position\":2,\"name\":\"Detenciones: da\u00f1os y hurto en un local y un caso de violencia familiar\"}]},{\"@type\":\"WebSite\",\"@id\":\"http:\/\/elregionalvm.com.ar\/noticias-villa-maria\/#website\",\"url\":\"http:\/\/elregionalvm.com.ar\/noticias-villa-maria\/\",\"name\":\"El Regional\",\"description\":\"Mucho m\u00e1s que informaci\u00f3n\",\"potentialAction\":[{\"@type\":\"SearchAction\",\"target\":{\"@type\":\"EntryPoint\",\"urlTemplate\":\"http:\/\/elregionalvm.com.ar\/noticias-villa-maria\/?s={search_term_string}\"},\"query-input\":{\"@type\":\"PropertyValueSpecification\",\"valueRequired\":true,\"valueName\":\"search_term_string\"}}],\"inLanguage\":\"es\"},{\"@type\":\"Person\",\"@id\":\"http:\/\/elregionalvm.com.ar\/noticias-villa-maria\/#\/schema\/person\/a0fb9c422317faca23d50163151bc354\",\"name\":\"Contenidos El Regional\",\"image\":{\"@type\":\"ImageObject\",\"inLanguage\":\"es\",\"@id\":\"http:\/\/elregionalvm.com.ar\/noticias-villa-maria\/#\/schema\/person\/image\/\",\"url\":\"https:\/\/secure.gravatar.com\/avatar\/265b27cb2209af7bb3a1318f03305787d7981a5cc6e6cd08fe5a4ecdf99d4b48?s=96&d=mm&r=g\",\"contentUrl\":\"https:\/\/secure.gravatar.com\/avatar\/265b27cb2209af7bb3a1318f03305787d7981a5cc6e6cd08fe5a4ecdf99d4b48?s=96&d=mm&r=g\",\"caption\":\"Contenidos El Regional\"},\"url\":\"https:\/\/elregionalvm.com.ar\/noticias-villa-maria\/author\/contenido\/\"}]}<\/script>\n<!-- \/ Yoast SEO plugin. -->","yoast_head_json":{"title":"Detenciones: da\u00f1os y hurto en un local y un caso de violencia familiar - El Regional","robots":{"index":"index","follow":"follow","max-snippet":"max-snippet:-1","max-image-preview":"max-image-preview:large","max-video-preview":"max-video-preview:-1"},"canonical":"http:\/\/elregionalvm.com.ar\/noticias-villa-maria\/detenciones-danos-y-hurto-en-un-local-y-un-caso-de-violencia-familiar\/","og_locale":"es_ES","og_type":"article","og_title":"Detenciones: da\u00f1os y hurto en un local y un caso de violencia familiar - El Regional","og_description":"Alrededor de las 02:30 de la madrugada, en la intersecci\u00f3n de calles Corrientes y Avda. Hip\u00f3lito Irigoyen detuvieron un hombre de 51 a\u00f1os de edad por supuesto autor de los delitos de \u201churto\u201d y \u201cda\u00f1o\u201d en flagrancia. La polic\u00eda fue alertada por una vecina del sector que realiz\u00f3 la llamada a la l\u00ednea de emergencias [&hellip;]","og_url":"http:\/\/elregionalvm.com.ar\/noticias-villa-maria\/detenciones-danos-y-hurto-en-un-local-y-un-caso-de-violencia-familiar\/","og_site_name":"El Regional","article_publisher":"https:\/\/www.facebook.com\/elregionalvm","article_published_time":"2021-12-28T23:14:33+00:00","article_modified_time":"2021-12-28T23:14:34+00:00","og_image":[{"width":385,"height":721,"url":"http:\/\/elregionalvm.com.ar\/noticias-villa-maria\/wp-content\/uploads\/2021\/12\/WhatsApp-Image-2021-12-28-at-09.36.57.jpeg","type":"image\/jpeg"}],"author":"Contenidos El Regional","twitter_card":"summary_large_image","twitter_creator":"@elregionalvm1","twitter_site":"@elregionalvm1","twitter_misc":{"Escrito por":"Contenidos El Regional","Tiempo de lectura":"2 minutos"},"schema":{"@context":"https:\/\/schema.org","@graph":[{"@type":"Article","@id":"http:\/\/elregionalvm.com.ar\/noticias-villa-maria\/detenciones-danos-y-hurto-en-un-local-y-un-caso-de-violencia-familiar\/#article","isPartOf":{"@id":"http:\/\/elregionalvm.com.ar\/noticias-villa-maria\/detenciones-danos-y-hurto-en-un-local-y-un-caso-de-violencia-familiar\/"},"author":{"name":"Contenidos El Regional","@id":"http:\/\/elregionalvm.com.ar\/noticias-villa-maria\/#\/schema\/person\/a0fb9c422317faca23d50163151bc354"},"headline":"Detenciones: da\u00f1os y hurto en un local y un caso de violencia familiar","datePublished":"2021-12-28T23:14:33+00:00","dateModified":"2021-12-28T23:14:34+00:00","mainEntityOfPage":{"@id":"http:\/\/elregionalvm.com.ar\/noticias-villa-maria\/detenciones-danos-y-hurto-en-un-local-y-un-caso-de-violencia-familiar\/"},"wordCount":231,"commentCount":0,"image":{"@id":"http:\/\/elregionalvm.com.ar\/noticias-villa-maria\/detenciones-danos-y-hurto-en-un-local-y-un-caso-de-violencia-familiar\/#primaryimage"},"thumbnailUrl":"https:\/\/i0.wp.com\/elregionalvm.com.ar\/noticias-villa-maria\/wp-content\/uploads\/2021\/12\/WhatsApp-Image-2021-12-28-at-09.36.57.jpeg?fit=385%2C721&ssl=1","keywords":["da\u00f1os y hurto","detenciones","local comercial","Policiales","Villa Mar\u00eda","violencia familiar"],"articleSection":["Policiales"],"inLanguage":"es","potentialAction":[{"@type":"CommentAction","name":"Comment","target":["http:\/\/elregionalvm.com.ar\/noticias-villa-maria\/detenciones-danos-y-hurto-en-un-local-y-un-caso-de-violencia-familiar\/#respond"]}]},{"@type":"WebPage","@id":"http:\/\/elregionalvm.com.ar\/noticias-villa-maria\/detenciones-danos-y-hurto-en-un-local-y-un-caso-de-violencia-familiar\/","url":"http:\/\/elregionalvm.com.ar\/noticias-villa-maria\/detenciones-danos-y-hurto-en-un-local-y-un-caso-de-violencia-familiar\/","name":"Detenciones: da\u00f1os y hurto en un local y un caso de violencia familiar - El Regional","isPartOf":{"@id":"http:\/\/elregionalvm.com.ar\/noticias-villa-maria\/#website"},"primaryImageOfPage":{"@id":"http:\/\/elregionalvm.com.ar\/noticias-villa-maria\/detenciones-danos-y-hurto-en-un-local-y-un-caso-de-violencia-familiar\/#primaryimage"},"image":{"@id":"http:\/\/elregionalvm.com.ar\/noticias-villa-maria\/detenciones-danos-y-hurto-en-un-local-y-un-caso-de-violencia-familiar\/#primaryimage"},"thumbnailUrl":"https:\/\/i0.wp.com\/elregionalvm.com.ar\/noticias-villa-maria\/wp-content\/uploads\/2021\/12\/WhatsApp-Image-2021-12-28-at-09.36.57.jpeg?fit=385%2C721&ssl=1","datePublished":"2021-12-28T23:14:33+00:00","dateModified":"2021-12-28T23:14:34+00:00","author":{"@id":"http:\/\/elregionalvm.com.ar\/noticias-villa-maria\/#\/schema\/person\/a0fb9c422317faca23d50163151bc354"},"breadcrumb":{"@id":"http:\/\/elregionalvm.com.ar\/noticias-villa-maria\/detenciones-danos-y-hurto-en-un-local-y-un-caso-de-violencia-familiar\/#breadcrumb"},"inLanguage":"es","potentialAction":[{"@type":"ReadAction","target":["http:\/\/elregionalvm.com.ar\/noticias-villa-maria\/detenciones-danos-y-hurto-en-un-local-y-un-caso-de-violencia-familiar\/"]}]},{"@type":"ImageObject","inLanguage":"es","@id":"http:\/\/elregionalvm.com.ar\/noticias-villa-maria\/detenciones-danos-y-hurto-en-un-local-y-un-caso-de-violencia-familiar\/#primaryimage","url":"https:\/\/i0.wp.com\/elregionalvm.com.ar\/noticias-villa-maria\/wp-content\/uploads\/2021\/12\/WhatsApp-Image-2021-12-28-at-09.36.57.jpeg?fit=385%2C721&ssl=1","contentUrl":"https:\/\/i0.wp.com\/elregionalvm.com.ar\/noticias-villa-maria\/wp-content\/uploads\/2021\/12\/WhatsApp-Image-2021-12-28-at-09.36.57.jpeg?fit=385%2C721&ssl=1","width":385,"height":721},{"@type":"BreadcrumbList","@id":"http:\/\/elregionalvm.com.ar\/noticias-villa-maria\/detenciones-danos-y-hurto-en-un-local-y-un-caso-de-violencia-familiar\/#breadcrumb","itemListElement":[{"@type":"ListItem","position":1,"name":"Portada","item":"https:\/\/elregionalvm.com.ar\/noticias-villa-maria\/"},{"@type":"ListItem","position":2,"name":"Detenciones: da\u00f1os y hurto en un local y un caso de violencia familiar"}]},{"@type":"WebSite","@id":"http:\/\/elregionalvm.com.ar\/noticias-villa-maria\/#website","url":"http:\/\/elregionalvm.com.ar\/noticias-villa-maria\/","name":"El Regional","description":"Mucho m\u00e1s que informaci\u00f3n","potentialAction":[{"@type":"SearchAction","target":{"@type":"EntryPoint","urlTemplate":"http:\/\/elregionalvm.com.ar\/noticias-villa-maria\/?s={search_term_string}"},"query-input":{"@type":"PropertyValueSpecification","valueRequired":true,"valueName":"search_term_string"}}],"inLanguage":"es"},{"@type":"Person","@id":"http:\/\/elregionalvm.com.ar\/noticias-villa-maria\/#\/schema\/person\/a0fb9c422317faca23d50163151bc354","name":"Contenidos El Regional","image":{"@type":"ImageObject","inLanguage":"es","@id":"http:\/\/elregionalvm.com.ar\/noticias-villa-maria\/#\/schema\/person\/image\/","url":"https:\/\/secure.gravatar.com\/avatar\/265b27cb2209af7bb3a1318f03305787d7981a5cc6e6cd08fe5a4ecdf99d4b48?s=96&d=mm&r=g","contentUrl":"https:\/\/secure.gravatar.com\/avatar\/265b27cb2209af7bb3a1318f03305787d7981a5cc6e6cd08fe5a4ecdf99d4b48?s=96&d=mm&r=g","caption":"Contenidos El Regional"},"url":"https:\/\/elregionalvm.com.ar\/noticias-villa-maria\/author\/contenido\/"}]}},"jetpack_featured_media_url":"https:\/\/i0.wp.com\/elregionalvm.com.ar\/noticias-villa-maria\/wp-content\/uploads\/2021\/12\/WhatsApp-Image-2021-12-28-at-09.36.57.jpeg?fit=385%2C721&ssl=1","jetpack_sharing_enabled":true,"_links":{"self":[{"href":"https:\/\/elregionalvm.com.ar\/noticias-villa-maria\/wp-json\/wp\/v2\/posts\/50398","targetHints":{"allow":["GET"]}}],"collection":[{"href":"https:\/\/elregionalvm.com.ar\/noticias-villa-maria\/wp-json\/wp\/v2\/posts"}],"about":[{"href":"https:\/\/elregionalvm.com.ar\/noticias-villa-maria\/wp-json\/wp\/v2\/types\/post"}],"author":[{"embeddable":true,"href":"https:\/\/elregionalvm.com.ar\/noticias-villa-maria\/wp-json\/wp\/v2\/users\/4"}],"replies":[{"embeddable":true,"href":"https:\/\/elregionalvm.com.ar\/noticias-villa-maria\/wp-json\/wp\/v2\/comments?post=50398"}],"version-history":[{"count":1,"href":"https:\/\/elregionalvm.com.ar\/noticias-villa-maria\/wp-json\/wp\/v2\/posts\/50398\/revisions"}],"predecessor-version":[{"id":50403,"href":"https:\/\/elregionalvm.com.ar\/noticias-villa-maria\/wp-json\/wp\/v2\/posts\/50398\/revisions\/50403"}],"wp:featuredmedia":[{"embeddable":true,"href":"https:\/\/elregionalvm.com.ar\/noticias-villa-maria\/wp-json\/wp\/v2\/media\/50399"}],"wp:attachment":[{"href":"https:\/\/elregionalvm.com.ar\/noticias-villa-maria\/wp-json\/wp\/v2\/media?parent=50398"}],"wp:term":[{"taxonomy":"category","embeddable":true,"href":"https:\/\/elregionalvm.com.ar\/noticias-villa-maria\/wp-json\/wp\/v2\/categories?post=50398"},{"taxonomy":"post_tag","embeddable":true,"href":"https:\/\/elregionalvm.com.ar\/noticias-villa-maria\/wp-json\/wp\/v2\/tags?post=50398"}],"curies":[{"name":"wp","href":"https:\/\/api.w.org\/{rel}","templated":true}]}}