{"id":50405,"date":"2021-12-29T02:08:30","date_gmt":"2021-12-29T02:08:30","guid":{"rendered":"https:\/\/elregionalvm.com.ar\/noticias-villa-maria\/?p=50405"},"modified":"2021-12-29T02:12:52","modified_gmt":"2021-12-29T02:12:52","slug":"opinion-la-derrota-de-gill-en-el-concejo-y-un-de-falco-que-no-se-calla","status":"publish","type":"post","link":"https:\/\/elregionalvm.com.ar\/noticias-villa-maria\/opinion-la-derrota-de-gill-en-el-concejo-y-un-de-falco-que-no-se-calla\/","title":{"rendered":"[Opini\u00f3n] La derrota de Gill en el Concejo y un De Falco que no se calla&#8230;"},"content":{"rendered":"\n<p><strong>Escribe: V. L. <\/strong><\/p>\n\n\n\n<p><\/p>\n\n\n\n<p>Mart\u00edn Gill celebr\u00f3 este lunes 27 el regreso a la Intendencia de Villa Mar\u00eda. Pero lo cierto es que la estrategia utilizada, no alcanza para tapar lo que verdaderamente sucedi\u00f3.<\/p>\n\n\n\n<p>Gill no tuvo los votos suficientes para seguir de licencia como intendente; no quiso quedar en evidencia con la derrota num\u00e9rica y por eso no present\u00f3 un nuevo pedido en el seno del Concejo Deliberante.<\/p>\n\n\n\n<p>Al intendente le qued\u00f3 otra que contentarse con el regreso, pero lo cierto, es que tuvo que disfrazar lisa y llanamente su derrota de votos en el Concejo. No present\u00f3 el pedido de licencia porque de antemano sab\u00eda que perder\u00eda.<\/p>\n\n\n\n<p>Evit\u00f3 esa contienda en el seno del cuerpo legislativo y no le qued\u00f3 otra que volver con la frente marchita, pese a que no lo reconozca.<\/p>\n\n\n\n<p>Ya se sab\u00eda que la oposici\u00f3n votar\u00eda en contra de su pedido de licencia como hab\u00eda sido en otras oportunidades. Y la postura tambi\u00e9n negativa hecha p\u00fablica, con comunicado y todo, del bloque escindido \u00abSomos\u00bb, de Daniel L\u00f3pez y Juan Carlos Cladera, lo hicieron desistir finalmente.<\/p>\n\n\n\n<p><\/p>\n\n\n\n<figure class=\"wp-block-embed is-type-wp-embed is-provider-el-regional wp-block-embed-el-regional\"><div class=\"wp-block-embed__wrapper\">\n<blockquote class=\"wp-embedded-content\" data-secret=\"CcldgoEHoV\"><a href=\"https:\/\/elregionalvm.com.ar\/noticias-villa-maria\/gill-reunio-al-gabinete-ampliado-y-trazo-acciones-a-nivel-local\/\">Gill reuni\u00f3 al Gabinete ampliado y traz\u00f3 acciones a nivel local<\/a><\/blockquote><iframe class=\"wp-embedded-content\" sandbox=\"allow-scripts\" security=\"restricted\" style=\"position: absolute; clip: rect(1px, 1px, 1px, 1px);\" title=\"\u00abGill reuni\u00f3 al Gabinete ampliado y traz\u00f3 acciones a nivel local\u00bb \u2014 El Regional\" src=\"https:\/\/elregionalvm.com.ar\/noticias-villa-maria\/gill-reunio-al-gabinete-ampliado-y-trazo-acciones-a-nivel-local\/embed\/#?secret=cyknbWN6wy#?secret=CcldgoEHoV\" data-secret=\"CcldgoEHoV\" width=\"500\" height=\"282\" frameborder=\"0\" marginwidth=\"0\" marginheight=\"0\" scrolling=\"no\"><\/iframe>\n<\/div><\/figure>\n\n\n\n<p><strong>De Falco: \u00bfde cr\u00edtico a posible candidato?<\/strong><\/p>\n\n\n\n<p><\/p>\n\n\n\n<figure class=\"wp-block-image size-full\"><img data-recalc-dims=\"1\" fetchpriority=\"high\" decoding=\"async\" width=\"598\" height=\"374\" src=\"https:\/\/i0.wp.com\/elregionalvm.com.ar\/noticias-villa-maria\/wp-content\/uploads\/2021\/07\/Carlos-De-Falco.jpeg?resize=598%2C374&#038;ssl=1\" alt=\"\" class=\"wp-image-41640\" srcset=\"https:\/\/i0.wp.com\/elregionalvm.com.ar\/noticias-villa-maria\/wp-content\/uploads\/2021\/07\/Carlos-De-Falco.jpeg?w=598&amp;ssl=1 598w, https:\/\/i0.wp.com\/elregionalvm.com.ar\/noticias-villa-maria\/wp-content\/uploads\/2021\/07\/Carlos-De-Falco.jpeg?resize=300%2C188&amp;ssl=1 300w\" sizes=\"(max-width: 598px) 100vw, 598px\" \/><figcaption><em>De Falco, una voz cr\u00edtica dentro del gobierno local. <\/em><\/figcaption><\/figure>\n\n\n\n<p><\/p>\n\n\n\n<p>Con las \u00faltimas declaraciones que se han escuchado, Carlos De Falco no oculta sus cr\u00edticas internas, sostiene que debe haber replanteos dentro del gobierno municipal, hasta mencion\u00f3 la necesidad de hacer cambios en el gabinete y desnud\u00f3 algunos \u00abpersonalismos\u00bb, pero sin dar nombres.<\/p>\n\n\n\n<p>El edil apunta que no hay problemas internos en el partido gobernante. La derrota de votos que hubo en la ciudad en las \u00faltimas elecciones es tambi\u00e9n para De Falco otra cuesti\u00f3n importante que debe analizarse, especialmente con miras al futuro.<\/p>\n\n\n\n<p>Lo que no termina de decir claramente De Falco es qu\u00e9 lo llev\u00f3 a alejarse del interinato de la Intendencia que en principio hab\u00eda reca\u00eddo sobre sus hombros.<\/p>\n\n\n\n<p>Habl\u00f3 de desprolijidades, aunque tampoco profundiza en esas cuestiones poco prolijas. \u00bfFue una decisi\u00f3n puramente tomada por el propio De Falco? \u00bfSe trat\u00f3 de una determinaci\u00f3n tomada por Mart\u00edn Gill?&nbsp;<\/p>\n\n\n\n<p>Lo cierto es que se movieron las fichas del tablero pol\u00edtico local y qued\u00f3 luego como intendente interino Pablo Rosso en lugar de De Falco, pese a que este \u00faltimo parec\u00eda ser el heredero natural de Gill en la Intendencia.<\/p>\n\n\n\n<p>Puede que De Falco hubiera sido m\u00e1s necesario para Gill en la presidencia del Concejo, pero tambi\u00e9n quedar\u00e1 esta duda: \u00bfGill temi\u00f3 perder peso pol\u00edtico local si De Falco hac\u00eda bien las cosas? \u00bfRepresentaba una amenaza del accastellismo en el gobierno?<\/p>\n\n\n\n<p>En pol\u00edtica, animarse a desafiar abiertamente los espacios partidarios o sumar cr\u00edticas internamente pueden traer aparejados algunos movimientos del tablero. Veremos si De Falco sale inmune de las cr\u00edticas expresadas sobre el gobierno local.<\/p>\n\n\n\n<p>Tambi\u00e9n est\u00e1n quienes ya comienzan a ver a De Falco como un tercer candidato peronista m\u00e1s all\u00e1 de Gill y Accastello. \u00bfSer\u00e1?<\/p>\n","protected":false},"excerpt":{"rendered":"<p>Escribe: V. L. Mart\u00edn Gill celebr\u00f3 este lunes 27 el regreso a la Intendencia de Villa Mar\u00eda. Pero lo cierto es que la estrategia utilizada, no alcanza para tapar lo que verdaderamente sucedi\u00f3. Gill no tuvo los votos suficientes para seguir de licencia como intendente; no quiso quedar en evidencia con la derrota num\u00e9rica y [&hellip;]<\/p>\n","protected":false},"author":4,"featured_media":50406,"comment_status":"open","ping_status":"open","sticky":false,"template":"","format":"standard","meta":{"site-sidebar-layout":"default","site-content-layout":"default","ast-site-content-layout":"default","site-content-style":"default","site-sidebar-style":"default","ast-global-header-display":"","ast-banner-title-visibility":"","ast-main-header-display":"","ast-hfb-above-header-display":"","ast-hfb-below-header-display":"","ast-hfb-mobile-header-display":"","site-post-title":"","ast-breadcrumbs-content":"","ast-featured-img":"","footer-sml-layout":"","ast-disable-related-posts":"","theme-transparent-header-meta":"default","adv-header-id-meta":"","stick-header-meta":"","header-above-stick-meta":"","header-main-stick-meta":"","header-below-stick-meta":"","astra-migrate-meta-layouts":"default","ast-page-background-enabled":"default","ast-page-background-meta":{"desktop":{"background-color":"","background-image":"","background-repeat":"repeat","background-position":"center center","background-size":"auto","background-attachment":"scroll","background-type":"","background-media":"","overlay-type":"","overlay-color":"","overlay-opacity":"","overlay-gradient":""},"tablet":{"background-color":"","background-image":"","background-repeat":"repeat","background-position":"center center","background-size":"auto","background-attachment":"scroll","background-type":"","background-media":"","overlay-type":"","overlay-color":"","overlay-opacity":"","overlay-gradient":""},"mobile":{"background-color":"","background-image":"","background-repeat":"repeat","background-position":"center center","background-size":"auto","background-attachment":"scroll","background-type":"","background-media":"","overlay-type":"","overlay-color":"","overlay-opacity":"","overlay-gradient":""}},"ast-content-background-meta":{"desktop":{"background-color":"var(--ast-global-color-5)","background-image":"","background-repeat":"repeat","background-position":"center center","background-size":"auto","background-attachment":"scroll","background-type":"","background-media":"","overlay-type":"","overlay-color":"","overlay-opacity":"","overlay-gradient":""},"tablet":{"background-color":"var(--ast-global-color-5)","background-image":"","background-repeat":"repeat","background-position":"center center","background-size":"auto","background-attachment":"scroll","background-type":"","background-media":"","overlay-type":"","overlay-color":"","overlay-opacity":"","overlay-gradient":""},"mobile":{"background-color":"var(--ast-global-color-5)","background-image":"","background-repeat":"repeat","background-position":"center center","background-size":"auto","background-attachment":"scroll","background-type":"","background-media":"","overlay-type":"","overlay-color":"","overlay-opacity":"","overlay-gradient":""}},"_jetpack_memberships_contains_paid_content":false,"_joinchat":[],"footnotes":""},"categories":[2323,365],"tags":[11264,579,3945,1597,268,67,2824,1878,3928],"class_list":["post-50405","post","type-post","status-publish","format-standard","has-post-thumbnail","hentry","category-notas-secundarias","category-opinion","tag-accastellismo","tag-candidatos","tag-carlos-de-falco","tag-concejo-deliberante","tag-elecciones","tag-intendencia","tag-martin-gill-2","tag-pablo-rosso","tag-retorno"],"yoast_head":"<!-- This site is optimized with the Yoast SEO plugin v26.8 - https:\/\/yoast.com\/product\/yoast-seo-wordpress\/ -->\n<title>[Opini\u00f3n] La derrota de Gill en el Concejo y un De Falco que no se calla... - El Regional<\/title>\n<meta name=\"description\" content=\"Celebrado el retorno a la Intendencia, lo cierto es que la estrategia utilizada no alcanza para tapar lo que verdaderamente sucedi\u00f3.\" \/>\n<meta name=\"robots\" content=\"index, follow, max-snippet:-1, max-image-preview:large, max-video-preview:-1\" \/>\n<link rel=\"canonical\" href=\"http:\/\/elregionalvm.com.ar\/noticias-villa-maria\/opinion-la-derrota-de-gill-en-el-concejo-y-un-de-falco-que-no-se-calla\/\" \/>\n<meta property=\"og:locale\" content=\"es_ES\" \/>\n<meta property=\"og:type\" content=\"article\" \/>\n<meta property=\"og:title\" content=\"[Opini\u00f3n] La derrota de Gill en el Concejo y un De Falco que no se calla... - El Regional\" \/>\n<meta property=\"og:description\" content=\"Celebrado el retorno a la Intendencia, lo cierto es que la estrategia utilizada no alcanza para tapar lo que verdaderamente sucedi\u00f3.\" \/>\n<meta property=\"og:url\" content=\"http:\/\/elregionalvm.com.ar\/noticias-villa-maria\/opinion-la-derrota-de-gill-en-el-concejo-y-un-de-falco-que-no-se-calla\/\" \/>\n<meta property=\"og:site_name\" content=\"El Regional\" \/>\n<meta property=\"article:publisher\" content=\"https:\/\/www.facebook.com\/elregionalvm\" \/>\n<meta property=\"article:published_time\" content=\"2021-12-29T02:08:30+00:00\" \/>\n<meta property=\"article:modified_time\" content=\"2021-12-29T02:12:52+00:00\" \/>\n<meta property=\"og:image\" content=\"http:\/\/elregionalvm.com.ar\/noticias-villa-maria\/wp-content\/uploads\/2021\/12\/Gill-nueva-Rosso-2021.jpeg\" \/>\n\t<meta property=\"og:image:width\" content=\"1280\" \/>\n\t<meta property=\"og:image:height\" content=\"853\" \/>\n\t<meta property=\"og:image:type\" content=\"image\/jpeg\" \/>\n<meta name=\"author\" content=\"Contenidos El Regional\" \/>\n<meta name=\"twitter:card\" content=\"summary_large_image\" \/>\n<meta name=\"twitter:creator\" content=\"@elregionalvm1\" \/>\n<meta name=\"twitter:site\" content=\"@elregionalvm1\" \/>\n<meta name=\"twitter:label1\" content=\"Escrito por\" \/>\n\t<meta name=\"twitter:data1\" content=\"Contenidos El Regional\" \/>\n\t<meta name=\"twitter:label2\" content=\"Tiempo de lectura\" \/>\n\t<meta name=\"twitter:data2\" content=\"3 minutos\" \/>\n<script type=\"application\/ld+json\" class=\"yoast-schema-graph\">{\"@context\":\"https:\/\/schema.org\",\"@graph\":[{\"@type\":\"Article\",\"@id\":\"http:\/\/elregionalvm.com.ar\/noticias-villa-maria\/opinion-la-derrota-de-gill-en-el-concejo-y-un-de-falco-que-no-se-calla\/#article\",\"isPartOf\":{\"@id\":\"http:\/\/elregionalvm.com.ar\/noticias-villa-maria\/opinion-la-derrota-de-gill-en-el-concejo-y-un-de-falco-que-no-se-calla\/\"},\"author\":{\"name\":\"Contenidos El Regional\",\"@id\":\"http:\/\/elregionalvm.com.ar\/noticias-villa-maria\/#\/schema\/person\/a0fb9c422317faca23d50163151bc354\"},\"headline\":\"[Opini\u00f3n] La derrota de Gill en el Concejo y un De Falco que no se calla&#8230;\",\"datePublished\":\"2021-12-29T02:08:30+00:00\",\"dateModified\":\"2021-12-29T02:12:52+00:00\",\"mainEntityOfPage\":{\"@id\":\"http:\/\/elregionalvm.com.ar\/noticias-villa-maria\/opinion-la-derrota-de-gill-en-el-concejo-y-un-de-falco-que-no-se-calla\/\"},\"wordCount\":532,\"commentCount\":0,\"image\":{\"@id\":\"http:\/\/elregionalvm.com.ar\/noticias-villa-maria\/opinion-la-derrota-de-gill-en-el-concejo-y-un-de-falco-que-no-se-calla\/#primaryimage\"},\"thumbnailUrl\":\"https:\/\/i0.wp.com\/elregionalvm.com.ar\/noticias-villa-maria\/wp-content\/uploads\/2021\/12\/Gill-nueva-Rosso-2021.jpeg?fit=1280%2C853&ssl=1\",\"keywords\":[\"Accastellismo\",\"Candidatos\",\"Carlos De Falco\",\"Concejo Deliberante\",\"elecciones\",\"intendencia\",\"Martin Gill\",\"Pablo Rosso\",\"Retorno\"],\"articleSection\":[\"Notas\",\"Opini\u00f3n\"],\"inLanguage\":\"es\",\"potentialAction\":[{\"@type\":\"CommentAction\",\"name\":\"Comment\",\"target\":[\"http:\/\/elregionalvm.com.ar\/noticias-villa-maria\/opinion-la-derrota-de-gill-en-el-concejo-y-un-de-falco-que-no-se-calla\/#respond\"]}]},{\"@type\":\"WebPage\",\"@id\":\"http:\/\/elregionalvm.com.ar\/noticias-villa-maria\/opinion-la-derrota-de-gill-en-el-concejo-y-un-de-falco-que-no-se-calla\/\",\"url\":\"http:\/\/elregionalvm.com.ar\/noticias-villa-maria\/opinion-la-derrota-de-gill-en-el-concejo-y-un-de-falco-que-no-se-calla\/\",\"name\":\"[Opini\u00f3n] La derrota de Gill en el Concejo y un De Falco que no se calla... - El Regional\",\"isPartOf\":{\"@id\":\"http:\/\/elregionalvm.com.ar\/noticias-villa-maria\/#website\"},\"primaryImageOfPage\":{\"@id\":\"http:\/\/elregionalvm.com.ar\/noticias-villa-maria\/opinion-la-derrota-de-gill-en-el-concejo-y-un-de-falco-que-no-se-calla\/#primaryimage\"},\"image\":{\"@id\":\"http:\/\/elregionalvm.com.ar\/noticias-villa-maria\/opinion-la-derrota-de-gill-en-el-concejo-y-un-de-falco-que-no-se-calla\/#primaryimage\"},\"thumbnailUrl\":\"https:\/\/i0.wp.com\/elregionalvm.com.ar\/noticias-villa-maria\/wp-content\/uploads\/2021\/12\/Gill-nueva-Rosso-2021.jpeg?fit=1280%2C853&ssl=1\",\"datePublished\":\"2021-12-29T02:08:30+00:00\",\"dateModified\":\"2021-12-29T02:12:52+00:00\",\"author\":{\"@id\":\"http:\/\/elregionalvm.com.ar\/noticias-villa-maria\/#\/schema\/person\/a0fb9c422317faca23d50163151bc354\"},\"description\":\"Celebrado el retorno a la Intendencia, lo cierto es que la estrategia utilizada no alcanza para tapar lo que verdaderamente sucedi\u00f3.\",\"breadcrumb\":{\"@id\":\"http:\/\/elregionalvm.com.ar\/noticias-villa-maria\/opinion-la-derrota-de-gill-en-el-concejo-y-un-de-falco-que-no-se-calla\/#breadcrumb\"},\"inLanguage\":\"es\",\"potentialAction\":[{\"@type\":\"ReadAction\",\"target\":[\"http:\/\/elregionalvm.com.ar\/noticias-villa-maria\/opinion-la-derrota-de-gill-en-el-concejo-y-un-de-falco-que-no-se-calla\/\"]}]},{\"@type\":\"ImageObject\",\"inLanguage\":\"es\",\"@id\":\"http:\/\/elregionalvm.com.ar\/noticias-villa-maria\/opinion-la-derrota-de-gill-en-el-concejo-y-un-de-falco-que-no-se-calla\/#primaryimage\",\"url\":\"https:\/\/i0.wp.com\/elregionalvm.com.ar\/noticias-villa-maria\/wp-content\/uploads\/2021\/12\/Gill-nueva-Rosso-2021.jpeg?fit=1280%2C853&ssl=1\",\"contentUrl\":\"https:\/\/i0.wp.com\/elregionalvm.com.ar\/noticias-villa-maria\/wp-content\/uploads\/2021\/12\/Gill-nueva-Rosso-2021.jpeg?fit=1280%2C853&ssl=1\",\"width\":1280,\"height\":853},{\"@type\":\"BreadcrumbList\",\"@id\":\"http:\/\/elregionalvm.com.ar\/noticias-villa-maria\/opinion-la-derrota-de-gill-en-el-concejo-y-un-de-falco-que-no-se-calla\/#breadcrumb\",\"itemListElement\":[{\"@type\":\"ListItem\",\"position\":1,\"name\":\"Portada\",\"item\":\"https:\/\/elregionalvm.com.ar\/noticias-villa-maria\/\"},{\"@type\":\"ListItem\",\"position\":2,\"name\":\"[Opini\u00f3n] La derrota de Gill en el Concejo y un De Falco que no se calla&#8230;\"}]},{\"@type\":\"WebSite\",\"@id\":\"http:\/\/elregionalvm.com.ar\/noticias-villa-maria\/#website\",\"url\":\"http:\/\/elregionalvm.com.ar\/noticias-villa-maria\/\",\"name\":\"El Regional\",\"description\":\"Mucho m\u00e1s que informaci\u00f3n\",\"potentialAction\":[{\"@type\":\"SearchAction\",\"target\":{\"@type\":\"EntryPoint\",\"urlTemplate\":\"http:\/\/elregionalvm.com.ar\/noticias-villa-maria\/?s={search_term_string}\"},\"query-input\":{\"@type\":\"PropertyValueSpecification\",\"valueRequired\":true,\"valueName\":\"search_term_string\"}}],\"inLanguage\":\"es\"},{\"@type\":\"Person\",\"@id\":\"http:\/\/elregionalvm.com.ar\/noticias-villa-maria\/#\/schema\/person\/a0fb9c422317faca23d50163151bc354\",\"name\":\"Contenidos El Regional\",\"image\":{\"@type\":\"ImageObject\",\"inLanguage\":\"es\",\"@id\":\"http:\/\/elregionalvm.com.ar\/noticias-villa-maria\/#\/schema\/person\/image\/\",\"url\":\"https:\/\/secure.gravatar.com\/avatar\/265b27cb2209af7bb3a1318f03305787d7981a5cc6e6cd08fe5a4ecdf99d4b48?s=96&d=mm&r=g\",\"contentUrl\":\"https:\/\/secure.gravatar.com\/avatar\/265b27cb2209af7bb3a1318f03305787d7981a5cc6e6cd08fe5a4ecdf99d4b48?s=96&d=mm&r=g\",\"caption\":\"Contenidos El Regional\"},\"url\":\"https:\/\/elregionalvm.com.ar\/noticias-villa-maria\/author\/contenido\/\"}]}<\/script>\n<!-- \/ Yoast SEO plugin. -->","yoast_head_json":{"title":"[Opini\u00f3n] La derrota de Gill en el Concejo y un De Falco que no se calla... - El Regional","description":"Celebrado el retorno a la Intendencia, lo cierto es que la estrategia utilizada no alcanza para tapar lo que verdaderamente sucedi\u00f3.","robots":{"index":"index","follow":"follow","max-snippet":"max-snippet:-1","max-image-preview":"max-image-preview:large","max-video-preview":"max-video-preview:-1"},"canonical":"http:\/\/elregionalvm.com.ar\/noticias-villa-maria\/opinion-la-derrota-de-gill-en-el-concejo-y-un-de-falco-que-no-se-calla\/","og_locale":"es_ES","og_type":"article","og_title":"[Opini\u00f3n] La derrota de Gill en el Concejo y un De Falco que no se calla... - El Regional","og_description":"Celebrado el retorno a la Intendencia, lo cierto es que la estrategia utilizada no alcanza para tapar lo que verdaderamente sucedi\u00f3.","og_url":"http:\/\/elregionalvm.com.ar\/noticias-villa-maria\/opinion-la-derrota-de-gill-en-el-concejo-y-un-de-falco-que-no-se-calla\/","og_site_name":"El Regional","article_publisher":"https:\/\/www.facebook.com\/elregionalvm","article_published_time":"2021-12-29T02:08:30+00:00","article_modified_time":"2021-12-29T02:12:52+00:00","og_image":[{"width":1280,"height":853,"url":"http:\/\/elregionalvm.com.ar\/noticias-villa-maria\/wp-content\/uploads\/2021\/12\/Gill-nueva-Rosso-2021.jpeg","type":"image\/jpeg"}],"author":"Contenidos El Regional","twitter_card":"summary_large_image","twitter_creator":"@elregionalvm1","twitter_site":"@elregionalvm1","twitter_misc":{"Escrito por":"Contenidos El Regional","Tiempo de lectura":"3 minutos"},"schema":{"@context":"https:\/\/schema.org","@graph":[{"@type":"Article","@id":"http:\/\/elregionalvm.com.ar\/noticias-villa-maria\/opinion-la-derrota-de-gill-en-el-concejo-y-un-de-falco-que-no-se-calla\/#article","isPartOf":{"@id":"http:\/\/elregionalvm.com.ar\/noticias-villa-maria\/opinion-la-derrota-de-gill-en-el-concejo-y-un-de-falco-que-no-se-calla\/"},"author":{"name":"Contenidos El Regional","@id":"http:\/\/elregionalvm.com.ar\/noticias-villa-maria\/#\/schema\/person\/a0fb9c422317faca23d50163151bc354"},"headline":"[Opini\u00f3n] La derrota de Gill en el Concejo y un De Falco que no se calla&#8230;","datePublished":"2021-12-29T02:08:30+00:00","dateModified":"2021-12-29T02:12:52+00:00","mainEntityOfPage":{"@id":"http:\/\/elregionalvm.com.ar\/noticias-villa-maria\/opinion-la-derrota-de-gill-en-el-concejo-y-un-de-falco-que-no-se-calla\/"},"wordCount":532,"commentCount":0,"image":{"@id":"http:\/\/elregionalvm.com.ar\/noticias-villa-maria\/opinion-la-derrota-de-gill-en-el-concejo-y-un-de-falco-que-no-se-calla\/#primaryimage"},"thumbnailUrl":"https:\/\/i0.wp.com\/elregionalvm.com.ar\/noticias-villa-maria\/wp-content\/uploads\/2021\/12\/Gill-nueva-Rosso-2021.jpeg?fit=1280%2C853&ssl=1","keywords":["Accastellismo","Candidatos","Carlos De Falco","Concejo Deliberante","elecciones","intendencia","Martin Gill","Pablo Rosso","Retorno"],"articleSection":["Notas","Opini\u00f3n"],"inLanguage":"es","potentialAction":[{"@type":"CommentAction","name":"Comment","target":["http:\/\/elregionalvm.com.ar\/noticias-villa-maria\/opinion-la-derrota-de-gill-en-el-concejo-y-un-de-falco-que-no-se-calla\/#respond"]}]},{"@type":"WebPage","@id":"http:\/\/elregionalvm.com.ar\/noticias-villa-maria\/opinion-la-derrota-de-gill-en-el-concejo-y-un-de-falco-que-no-se-calla\/","url":"http:\/\/elregionalvm.com.ar\/noticias-villa-maria\/opinion-la-derrota-de-gill-en-el-concejo-y-un-de-falco-que-no-se-calla\/","name":"[Opini\u00f3n] La derrota de Gill en el Concejo y un De Falco que no se calla... - El Regional","isPartOf":{"@id":"http:\/\/elregionalvm.com.ar\/noticias-villa-maria\/#website"},"primaryImageOfPage":{"@id":"http:\/\/elregionalvm.com.ar\/noticias-villa-maria\/opinion-la-derrota-de-gill-en-el-concejo-y-un-de-falco-que-no-se-calla\/#primaryimage"},"image":{"@id":"http:\/\/elregionalvm.com.ar\/noticias-villa-maria\/opinion-la-derrota-de-gill-en-el-concejo-y-un-de-falco-que-no-se-calla\/#primaryimage"},"thumbnailUrl":"https:\/\/i0.wp.com\/elregionalvm.com.ar\/noticias-villa-maria\/wp-content\/uploads\/2021\/12\/Gill-nueva-Rosso-2021.jpeg?fit=1280%2C853&ssl=1","datePublished":"2021-12-29T02:08:30+00:00","dateModified":"2021-12-29T02:12:52+00:00","author":{"@id":"http:\/\/elregionalvm.com.ar\/noticias-villa-maria\/#\/schema\/person\/a0fb9c422317faca23d50163151bc354"},"description":"Celebrado el retorno a la Intendencia, lo cierto es que la estrategia utilizada no alcanza para tapar lo que verdaderamente sucedi\u00f3.","breadcrumb":{"@id":"http:\/\/elregionalvm.com.ar\/noticias-villa-maria\/opinion-la-derrota-de-gill-en-el-concejo-y-un-de-falco-que-no-se-calla\/#breadcrumb"},"inLanguage":"es","potentialAction":[{"@type":"ReadAction","target":["http:\/\/elregionalvm.com.ar\/noticias-villa-maria\/opinion-la-derrota-de-gill-en-el-concejo-y-un-de-falco-que-no-se-calla\/"]}]},{"@type":"ImageObject","inLanguage":"es","@id":"http:\/\/elregionalvm.com.ar\/noticias-villa-maria\/opinion-la-derrota-de-gill-en-el-concejo-y-un-de-falco-que-no-se-calla\/#primaryimage","url":"https:\/\/i0.wp.com\/elregionalvm.com.ar\/noticias-villa-maria\/wp-content\/uploads\/2021\/12\/Gill-nueva-Rosso-2021.jpeg?fit=1280%2C853&ssl=1","contentUrl":"https:\/\/i0.wp.com\/elregionalvm.com.ar\/noticias-villa-maria\/wp-content\/uploads\/2021\/12\/Gill-nueva-Rosso-2021.jpeg?fit=1280%2C853&ssl=1","width":1280,"height":853},{"@type":"BreadcrumbList","@id":"http:\/\/elregionalvm.com.ar\/noticias-villa-maria\/opinion-la-derrota-de-gill-en-el-concejo-y-un-de-falco-que-no-se-calla\/#breadcrumb","itemListElement":[{"@type":"ListItem","position":1,"name":"Portada","item":"https:\/\/elregionalvm.com.ar\/noticias-villa-maria\/"},{"@type":"ListItem","position":2,"name":"[Opini\u00f3n] La derrota de Gill en el Concejo y un De Falco que no se calla&#8230;"}]},{"@type":"WebSite","@id":"http:\/\/elregionalvm.com.ar\/noticias-villa-maria\/#website","url":"http:\/\/elregionalvm.com.ar\/noticias-villa-maria\/","name":"El Regional","description":"Mucho m\u00e1s que informaci\u00f3n","potentialAction":[{"@type":"SearchAction","target":{"@type":"EntryPoint","urlTemplate":"http:\/\/elregionalvm.com.ar\/noticias-villa-maria\/?s={search_term_string}"},"query-input":{"@type":"PropertyValueSpecification","valueRequired":true,"valueName":"search_term_string"}}],"inLanguage":"es"},{"@type":"Person","@id":"http:\/\/elregionalvm.com.ar\/noticias-villa-maria\/#\/schema\/person\/a0fb9c422317faca23d50163151bc354","name":"Contenidos El Regional","image":{"@type":"ImageObject","inLanguage":"es","@id":"http:\/\/elregionalvm.com.ar\/noticias-villa-maria\/#\/schema\/person\/image\/","url":"https:\/\/secure.gravatar.com\/avatar\/265b27cb2209af7bb3a1318f03305787d7981a5cc6e6cd08fe5a4ecdf99d4b48?s=96&d=mm&r=g","contentUrl":"https:\/\/secure.gravatar.com\/avatar\/265b27cb2209af7bb3a1318f03305787d7981a5cc6e6cd08fe5a4ecdf99d4b48?s=96&d=mm&r=g","caption":"Contenidos El Regional"},"url":"https:\/\/elregionalvm.com.ar\/noticias-villa-maria\/author\/contenido\/"}]}},"jetpack_featured_media_url":"https:\/\/i0.wp.com\/elregionalvm.com.ar\/noticias-villa-maria\/wp-content\/uploads\/2021\/12\/Gill-nueva-Rosso-2021.jpeg?fit=1280%2C853&ssl=1","jetpack_sharing_enabled":true,"_links":{"self":[{"href":"https:\/\/elregionalvm.com.ar\/noticias-villa-maria\/wp-json\/wp\/v2\/posts\/50405","targetHints":{"allow":["GET"]}}],"collection":[{"href":"https:\/\/elregionalvm.com.ar\/noticias-villa-maria\/wp-json\/wp\/v2\/posts"}],"about":[{"href":"https:\/\/elregionalvm.com.ar\/noticias-villa-maria\/wp-json\/wp\/v2\/types\/post"}],"author":[{"embeddable":true,"href":"https:\/\/elregionalvm.com.ar\/noticias-villa-maria\/wp-json\/wp\/v2\/users\/4"}],"replies":[{"embeddable":true,"href":"https:\/\/elregionalvm.com.ar\/noticias-villa-maria\/wp-json\/wp\/v2\/comments?post=50405"}],"version-history":[{"count":2,"href":"https:\/\/elregionalvm.com.ar\/noticias-villa-maria\/wp-json\/wp\/v2\/posts\/50405\/revisions"}],"predecessor-version":[{"id":50408,"href":"https:\/\/elregionalvm.com.ar\/noticias-villa-maria\/wp-json\/wp\/v2\/posts\/50405\/revisions\/50408"}],"wp:featuredmedia":[{"embeddable":true,"href":"https:\/\/elregionalvm.com.ar\/noticias-villa-maria\/wp-json\/wp\/v2\/media\/50406"}],"wp:attachment":[{"href":"https:\/\/elregionalvm.com.ar\/noticias-villa-maria\/wp-json\/wp\/v2\/media?parent=50405"}],"wp:term":[{"taxonomy":"category","embeddable":true,"href":"https:\/\/elregionalvm.com.ar\/noticias-villa-maria\/wp-json\/wp\/v2\/categories?post=50405"},{"taxonomy":"post_tag","embeddable":true,"href":"https:\/\/elregionalvm.com.ar\/noticias-villa-maria\/wp-json\/wp\/v2\/tags?post=50405"}],"curies":[{"name":"wp","href":"https:\/\/api.w.org\/{rel}","templated":true}]}}