{"id":50409,"date":"2021-12-29T02:53:47","date_gmt":"2021-12-29T02:53:47","guid":{"rendered":"https:\/\/elregionalvm.com.ar\/noticias-villa-maria\/?p=50409"},"modified":"2022-01-03T15:29:40","modified_gmt":"2022-01-03T15:29:40","slug":"tips-legales-lo-que-debes-saber-de-la-cuota-alimentaria","status":"publish","type":"post","link":"https:\/\/elregionalvm.com.ar\/noticias-villa-maria\/tips-legales-lo-que-debes-saber-de-la-cuota-alimentaria\/","title":{"rendered":"[Tips Legales] Lo que deb\u00e9s saber de la cuota alimentaria"},"content":{"rendered":"\n<p><\/p>\n\n\n\n<p><strong>Escribe: Abogada Valeria Vanzetti<\/strong><\/p>\n\n\n\n<p><\/p>\n\n\n\n<p>La cuota alimentaria siempre es en favor de los hijos. Muchos padres creen que ese importe se lo tienen que dar a su expareja para sus gastos personales y en beneficio de ella.<\/p>\n\n\n\n<p>Pero eso es un error. La cuota alimentaria es un importe que debe pagar el padre que no convive con sus hijos para colaborar con los gastos destinados a su bienestar.<\/p>\n\n\n\n<p>Esta cuota es mensual y obligatoria hasta que los chicos alcancen la mayor\u00eda de edad.<\/p>\n\n\n\n<ul class=\"wp-block-list\"><li><strong>Le\u00e9 m\u00e1s: <a href=\"https:\/\/elregionalvm.com.ar\/noticias-villa-maria\/cuota-alimentaria-esa-eterna-disputa-que-solo-perjudica-a-los-ninos\/\">Cuota Alimentaria: esa eterna disputa que solo perjudica a los ni\u00f1os<\/a><\/strong><\/li><\/ul>\n\n\n\n<p><\/p>\n\n\n\n<figure class=\"wp-block-embed is-type-wp-embed is-provider-el-regional wp-block-embed-el-regional\"><div class=\"wp-block-embed__wrapper\">\n<blockquote class=\"wp-embedded-content\" data-secret=\"P5XunMkkO0\"><a href=\"https:\/\/elregionalvm.com.ar\/noticias-villa-maria\/cuota-alimentaria-esa-eterna-disputa-que-solo-perjudica-a-los-ninos\/\">Cuota Alimentaria: esa eterna disputa que solo perjudica a los ni\u00f1os<\/a><\/blockquote><iframe class=\"wp-embedded-content\" sandbox=\"allow-scripts\" security=\"restricted\" style=\"position: absolute; visibility: hidden;\" title=\"\u00abCuota Alimentaria: esa eterna disputa que solo perjudica a los ni\u00f1os\u00bb \u2014 El Regional\" src=\"https:\/\/elregionalvm.com.ar\/noticias-villa-maria\/cuota-alimentaria-esa-eterna-disputa-que-solo-perjudica-a-los-ninos\/embed\/#?secret=UHuqydkMUQ#?secret=P5XunMkkO0\" data-secret=\"P5XunMkkO0\" width=\"500\" height=\"282\" frameborder=\"0\" marginwidth=\"0\" marginheight=\"0\" scrolling=\"no\"><\/iframe>\n<\/div><\/figure>\n\n\n\n<p><\/p>\n\n\n\n<p><strong>A tener en cuenta<\/strong><\/p>\n\n\n\n<ul class=\"wp-block-list\"><li>El progenitor que no tiene a su cargo el cuidado de los ni\u00f1os y por lo tanto no convive con ellos, tiene la OBLIGACI\u00d3N de pagar la cuota alimentaria.<\/li><\/ul>\n\n\n\n<ul class=\"wp-block-list\"><li>El progenitor que tiene a su cargo el cuidado de los hijos, tiene el DERECHO de exigir, en representaci\u00f3n de los menores, el pago de la cuota alimentaria al progenitor no conviviente.<\/li><\/ul>\n\n\n\n<ul class=\"wp-block-list\"><li>Si el progenitor no conviviente trabaja en negro, la obligaci\u00f3n alimentaria persiste m\u00e1s all\u00e1 de esta circunstancia.<\/li><\/ul>\n\n\n\n<ul class=\"wp-block-list\"><li>Si el progenitor no conviviente no cumple con su obligaci\u00f3n alimentaria a favor de sus hijos, se le puede reclamar a los abuelos y si estos est\u00e1n fallecidos, a los t\u00edos.<\/li><\/ul>\n\n\n\n<ul class=\"wp-block-list\"><li>Si se desconoce el domicilio, si tiene otros hijos o si oculta bienes, siempre es viable el reclamo y sigue estando obligado.<\/li><\/ul>\n\n\n\n<p>En fin, si est\u00e1s atravesando esta situaci\u00f3n puedo ayudarte a que ese progenitor incumplidor empiece a cumplir.<\/p>\n","protected":false},"excerpt":{"rendered":"<p>Escribe: Abogada Valeria Vanzetti La cuota alimentaria siempre es en favor de los hijos. Muchos padres creen que ese importe se lo tienen que dar a su expareja para sus gastos personales y en beneficio de ella. Pero eso es un error. La cuota alimentaria es un importe que debe pagar el padre que no [&hellip;]<\/p>\n","protected":false},"author":4,"featured_media":50411,"comment_status":"open","ping_status":"open","sticky":false,"template":"","format":"standard","meta":{"site-sidebar-layout":"default","site-content-layout":"default","ast-site-content-layout":"default","site-content-style":"default","site-sidebar-style":"default","ast-global-header-display":"","ast-banner-title-visibility":"","ast-main-header-display":"","ast-hfb-above-header-display":"","ast-hfb-below-header-display":"","ast-hfb-mobile-header-display":"","site-post-title":"","ast-breadcrumbs-content":"","ast-featured-img":"","footer-sml-layout":"","ast-disable-related-posts":"","theme-transparent-header-meta":"default","adv-header-id-meta":"","stick-header-meta":"","header-above-stick-meta":"","header-main-stick-meta":"","header-below-stick-meta":"","astra-migrate-meta-layouts":"default","ast-page-background-enabled":"default","ast-page-background-meta":{"desktop":{"background-color":"","background-image":"","background-repeat":"repeat","background-position":"center center","background-size":"auto","background-attachment":"scroll","background-type":"","background-media":"","overlay-type":"","overlay-color":"","overlay-opacity":"","overlay-gradient":""},"tablet":{"background-color":"","background-image":"","background-repeat":"repeat","background-position":"center center","background-size":"auto","background-attachment":"scroll","background-type":"","background-media":"","overlay-type":"","overlay-color":"","overlay-opacity":"","overlay-gradient":""},"mobile":{"background-color":"","background-image":"","background-repeat":"repeat","background-position":"center center","background-size":"auto","background-attachment":"scroll","background-type":"","background-media":"","overlay-type":"","overlay-color":"","overlay-opacity":"","overlay-gradient":""}},"ast-content-background-meta":{"desktop":{"background-color":"var(--ast-global-color-5)","background-image":"","background-repeat":"repeat","background-position":"center center","background-size":"auto","background-attachment":"scroll","background-type":"","background-media":"","overlay-type":"","overlay-color":"","overlay-opacity":"","overlay-gradient":""},"tablet":{"background-color":"var(--ast-global-color-5)","background-image":"","background-repeat":"repeat","background-position":"center center","background-size":"auto","background-attachment":"scroll","background-type":"","background-media":"","overlay-type":"","overlay-color":"","overlay-opacity":"","overlay-gradient":""},"mobile":{"background-color":"var(--ast-global-color-5)","background-image":"","background-repeat":"repeat","background-position":"center center","background-size":"auto","background-attachment":"scroll","background-type":"","background-media":"","overlay-type":"","overlay-color":"","overlay-opacity":"","overlay-gradient":""}},"_jetpack_memberships_contains_paid_content":false,"_joinchat":[],"footnotes":""},"categories":[365,3557],"tags":[7934,57,3588,10957,4910,2447,7194,6752],"class_list":["post-50409","post","type-post","status-publish","format-standard","has-post-thumbnail","hentry","category-opinion","category-tercera","tag-cuota-alimentaria","tag-derechos","tag-expareja","tag-hijos","tag-padres","tag-reclamos","tag-tips-legales","tag-valeria-vanzetti"],"yoast_head":"<!-- This site is optimized with the Yoast SEO plugin v26.8 - https:\/\/yoast.com\/product\/yoast-seo-wordpress\/ -->\n<title>[Tips Legales] Lo que deb\u00e9s saber de la cuota alimentaria - El Regional<\/title>\n<meta name=\"description\" content=\"El progenitor que no tiene a su cargo el cuidado de los ni\u00f1os y por lo tanto no convive con ellos, tiene la OBLIGACI\u00d3N de pagar la cuota.\" \/>\n<meta name=\"robots\" content=\"index, follow, max-snippet:-1, max-image-preview:large, max-video-preview:-1\" \/>\n<link rel=\"canonical\" href=\"http:\/\/elregionalvm.com.ar\/noticias-villa-maria\/tips-legales-lo-que-debes-saber-de-la-cuota-alimentaria\/\" \/>\n<meta property=\"og:locale\" content=\"es_ES\" \/>\n<meta property=\"og:type\" content=\"article\" \/>\n<meta property=\"og:title\" content=\"[Tips Legales] Lo que deb\u00e9s saber de la cuota alimentaria - El Regional\" \/>\n<meta property=\"og:description\" content=\"El progenitor que no tiene a su cargo el cuidado de los ni\u00f1os y por lo tanto no convive con ellos, tiene la OBLIGACI\u00d3N de pagar la cuota.\" \/>\n<meta property=\"og:url\" content=\"http:\/\/elregionalvm.com.ar\/noticias-villa-maria\/tips-legales-lo-que-debes-saber-de-la-cuota-alimentaria\/\" \/>\n<meta property=\"og:site_name\" content=\"El Regional\" \/>\n<meta property=\"article:publisher\" content=\"https:\/\/www.facebook.com\/elregionalvm\" \/>\n<meta property=\"article:published_time\" content=\"2021-12-29T02:53:47+00:00\" \/>\n<meta property=\"article:modified_time\" content=\"2022-01-03T15:29:40+00:00\" \/>\n<meta property=\"og:image\" content=\"http:\/\/elregionalvm.com.ar\/noticias-villa-maria\/wp-content\/uploads\/2021\/12\/cuota-alimentaria-familia-discusion-nino.jpg\" \/>\n\t<meta property=\"og:image:width\" content=\"1194\" \/>\n\t<meta property=\"og:image:height\" content=\"738\" \/>\n\t<meta property=\"og:image:type\" content=\"image\/jpeg\" \/>\n<meta name=\"author\" content=\"Contenidos El Regional\" \/>\n<meta name=\"twitter:card\" content=\"summary_large_image\" \/>\n<meta name=\"twitter:creator\" content=\"@elregionalvm1\" \/>\n<meta name=\"twitter:site\" content=\"@elregionalvm1\" \/>\n<meta name=\"twitter:label1\" content=\"Escrito por\" \/>\n\t<meta name=\"twitter:data1\" content=\"Contenidos El Regional\" \/>\n\t<meta name=\"twitter:label2\" content=\"Tiempo de lectura\" \/>\n\t<meta name=\"twitter:data2\" content=\"2 minutos\" \/>\n<script type=\"application\/ld+json\" class=\"yoast-schema-graph\">{\"@context\":\"https:\/\/schema.org\",\"@graph\":[{\"@type\":\"Article\",\"@id\":\"http:\/\/elregionalvm.com.ar\/noticias-villa-maria\/tips-legales-lo-que-debes-saber-de-la-cuota-alimentaria\/#article\",\"isPartOf\":{\"@id\":\"http:\/\/elregionalvm.com.ar\/noticias-villa-maria\/tips-legales-lo-que-debes-saber-de-la-cuota-alimentaria\/\"},\"author\":{\"name\":\"Contenidos El Regional\",\"@id\":\"http:\/\/elregionalvm.com.ar\/noticias-villa-maria\/#\/schema\/person\/a0fb9c422317faca23d50163151bc354\"},\"headline\":\"[Tips Legales] Lo que deb\u00e9s saber de la cuota alimentaria\",\"datePublished\":\"2021-12-29T02:53:47+00:00\",\"dateModified\":\"2022-01-03T15:29:40+00:00\",\"mainEntityOfPage\":{\"@id\":\"http:\/\/elregionalvm.com.ar\/noticias-villa-maria\/tips-legales-lo-que-debes-saber-de-la-cuota-alimentaria\/\"},\"wordCount\":278,\"commentCount\":0,\"image\":{\"@id\":\"http:\/\/elregionalvm.com.ar\/noticias-villa-maria\/tips-legales-lo-que-debes-saber-de-la-cuota-alimentaria\/#primaryimage\"},\"thumbnailUrl\":\"https:\/\/i0.wp.com\/elregionalvm.com.ar\/noticias-villa-maria\/wp-content\/uploads\/2021\/12\/cuota-alimentaria-familia-discusion-nino.jpg?fit=1194%2C738&ssl=1\",\"keywords\":[\"cuota alimentaria\",\"derechos\",\"expareja\",\"Hijos\",\"Padres\",\"Reclamos\",\"Tips legales\",\"Valeria Vanzetti\"],\"articleSection\":[\"Opini\u00f3n\",\"tercera\"],\"inLanguage\":\"es\",\"potentialAction\":[{\"@type\":\"CommentAction\",\"name\":\"Comment\",\"target\":[\"http:\/\/elregionalvm.com.ar\/noticias-villa-maria\/tips-legales-lo-que-debes-saber-de-la-cuota-alimentaria\/#respond\"]}]},{\"@type\":\"WebPage\",\"@id\":\"http:\/\/elregionalvm.com.ar\/noticias-villa-maria\/tips-legales-lo-que-debes-saber-de-la-cuota-alimentaria\/\",\"url\":\"http:\/\/elregionalvm.com.ar\/noticias-villa-maria\/tips-legales-lo-que-debes-saber-de-la-cuota-alimentaria\/\",\"name\":\"[Tips Legales] Lo que deb\u00e9s saber de la cuota alimentaria - El Regional\",\"isPartOf\":{\"@id\":\"http:\/\/elregionalvm.com.ar\/noticias-villa-maria\/#website\"},\"primaryImageOfPage\":{\"@id\":\"http:\/\/elregionalvm.com.ar\/noticias-villa-maria\/tips-legales-lo-que-debes-saber-de-la-cuota-alimentaria\/#primaryimage\"},\"image\":{\"@id\":\"http:\/\/elregionalvm.com.ar\/noticias-villa-maria\/tips-legales-lo-que-debes-saber-de-la-cuota-alimentaria\/#primaryimage\"},\"thumbnailUrl\":\"https:\/\/i0.wp.com\/elregionalvm.com.ar\/noticias-villa-maria\/wp-content\/uploads\/2021\/12\/cuota-alimentaria-familia-discusion-nino.jpg?fit=1194%2C738&ssl=1\",\"datePublished\":\"2021-12-29T02:53:47+00:00\",\"dateModified\":\"2022-01-03T15:29:40+00:00\",\"author\":{\"@id\":\"http:\/\/elregionalvm.com.ar\/noticias-villa-maria\/#\/schema\/person\/a0fb9c422317faca23d50163151bc354\"},\"description\":\"El progenitor que no tiene a su cargo el cuidado de los ni\u00f1os y por lo tanto no convive con ellos, tiene la OBLIGACI\u00d3N de pagar la cuota.\",\"breadcrumb\":{\"@id\":\"http:\/\/elregionalvm.com.ar\/noticias-villa-maria\/tips-legales-lo-que-debes-saber-de-la-cuota-alimentaria\/#breadcrumb\"},\"inLanguage\":\"es\",\"potentialAction\":[{\"@type\":\"ReadAction\",\"target\":[\"http:\/\/elregionalvm.com.ar\/noticias-villa-maria\/tips-legales-lo-que-debes-saber-de-la-cuota-alimentaria\/\"]}]},{\"@type\":\"ImageObject\",\"inLanguage\":\"es\",\"@id\":\"http:\/\/elregionalvm.com.ar\/noticias-villa-maria\/tips-legales-lo-que-debes-saber-de-la-cuota-alimentaria\/#primaryimage\",\"url\":\"https:\/\/i0.wp.com\/elregionalvm.com.ar\/noticias-villa-maria\/wp-content\/uploads\/2021\/12\/cuota-alimentaria-familia-discusion-nino.jpg?fit=1194%2C738&ssl=1\",\"contentUrl\":\"https:\/\/i0.wp.com\/elregionalvm.com.ar\/noticias-villa-maria\/wp-content\/uploads\/2021\/12\/cuota-alimentaria-familia-discusion-nino.jpg?fit=1194%2C738&ssl=1\",\"width\":1194,\"height\":738},{\"@type\":\"BreadcrumbList\",\"@id\":\"http:\/\/elregionalvm.com.ar\/noticias-villa-maria\/tips-legales-lo-que-debes-saber-de-la-cuota-alimentaria\/#breadcrumb\",\"itemListElement\":[{\"@type\":\"ListItem\",\"position\":1,\"name\":\"Portada\",\"item\":\"https:\/\/elregionalvm.com.ar\/noticias-villa-maria\/\"},{\"@type\":\"ListItem\",\"position\":2,\"name\":\"[Tips Legales] Lo que deb\u00e9s saber de la cuota alimentaria\"}]},{\"@type\":\"WebSite\",\"@id\":\"http:\/\/elregionalvm.com.ar\/noticias-villa-maria\/#website\",\"url\":\"http:\/\/elregionalvm.com.ar\/noticias-villa-maria\/\",\"name\":\"El Regional\",\"description\":\"Mucho m\u00e1s que informaci\u00f3n\",\"potentialAction\":[{\"@type\":\"SearchAction\",\"target\":{\"@type\":\"EntryPoint\",\"urlTemplate\":\"http:\/\/elregionalvm.com.ar\/noticias-villa-maria\/?s={search_term_string}\"},\"query-input\":{\"@type\":\"PropertyValueSpecification\",\"valueRequired\":true,\"valueName\":\"search_term_string\"}}],\"inLanguage\":\"es\"},{\"@type\":\"Person\",\"@id\":\"http:\/\/elregionalvm.com.ar\/noticias-villa-maria\/#\/schema\/person\/a0fb9c422317faca23d50163151bc354\",\"name\":\"Contenidos El Regional\",\"image\":{\"@type\":\"ImageObject\",\"inLanguage\":\"es\",\"@id\":\"http:\/\/elregionalvm.com.ar\/noticias-villa-maria\/#\/schema\/person\/image\/\",\"url\":\"https:\/\/secure.gravatar.com\/avatar\/265b27cb2209af7bb3a1318f03305787d7981a5cc6e6cd08fe5a4ecdf99d4b48?s=96&d=mm&r=g\",\"contentUrl\":\"https:\/\/secure.gravatar.com\/avatar\/265b27cb2209af7bb3a1318f03305787d7981a5cc6e6cd08fe5a4ecdf99d4b48?s=96&d=mm&r=g\",\"caption\":\"Contenidos El Regional\"},\"url\":\"https:\/\/elregionalvm.com.ar\/noticias-villa-maria\/author\/contenido\/\"}]}<\/script>\n<!-- \/ Yoast SEO plugin. -->","yoast_head_json":{"title":"[Tips Legales] Lo que deb\u00e9s saber de la cuota alimentaria - El Regional","description":"El progenitor que no tiene a su cargo el cuidado de los ni\u00f1os y por lo tanto no convive con ellos, tiene la OBLIGACI\u00d3N de pagar la cuota.","robots":{"index":"index","follow":"follow","max-snippet":"max-snippet:-1","max-image-preview":"max-image-preview:large","max-video-preview":"max-video-preview:-1"},"canonical":"http:\/\/elregionalvm.com.ar\/noticias-villa-maria\/tips-legales-lo-que-debes-saber-de-la-cuota-alimentaria\/","og_locale":"es_ES","og_type":"article","og_title":"[Tips Legales] Lo que deb\u00e9s saber de la cuota alimentaria - El Regional","og_description":"El progenitor que no tiene a su cargo el cuidado de los ni\u00f1os y por lo tanto no convive con ellos, tiene la OBLIGACI\u00d3N de pagar la cuota.","og_url":"http:\/\/elregionalvm.com.ar\/noticias-villa-maria\/tips-legales-lo-que-debes-saber-de-la-cuota-alimentaria\/","og_site_name":"El Regional","article_publisher":"https:\/\/www.facebook.com\/elregionalvm","article_published_time":"2021-12-29T02:53:47+00:00","article_modified_time":"2022-01-03T15:29:40+00:00","og_image":[{"width":1194,"height":738,"url":"http:\/\/elregionalvm.com.ar\/noticias-villa-maria\/wp-content\/uploads\/2021\/12\/cuota-alimentaria-familia-discusion-nino.jpg","type":"image\/jpeg"}],"author":"Contenidos El Regional","twitter_card":"summary_large_image","twitter_creator":"@elregionalvm1","twitter_site":"@elregionalvm1","twitter_misc":{"Escrito por":"Contenidos El Regional","Tiempo de lectura":"2 minutos"},"schema":{"@context":"https:\/\/schema.org","@graph":[{"@type":"Article","@id":"http:\/\/elregionalvm.com.ar\/noticias-villa-maria\/tips-legales-lo-que-debes-saber-de-la-cuota-alimentaria\/#article","isPartOf":{"@id":"http:\/\/elregionalvm.com.ar\/noticias-villa-maria\/tips-legales-lo-que-debes-saber-de-la-cuota-alimentaria\/"},"author":{"name":"Contenidos El Regional","@id":"http:\/\/elregionalvm.com.ar\/noticias-villa-maria\/#\/schema\/person\/a0fb9c422317faca23d50163151bc354"},"headline":"[Tips Legales] Lo que deb\u00e9s saber de la cuota alimentaria","datePublished":"2021-12-29T02:53:47+00:00","dateModified":"2022-01-03T15:29:40+00:00","mainEntityOfPage":{"@id":"http:\/\/elregionalvm.com.ar\/noticias-villa-maria\/tips-legales-lo-que-debes-saber-de-la-cuota-alimentaria\/"},"wordCount":278,"commentCount":0,"image":{"@id":"http:\/\/elregionalvm.com.ar\/noticias-villa-maria\/tips-legales-lo-que-debes-saber-de-la-cuota-alimentaria\/#primaryimage"},"thumbnailUrl":"https:\/\/i0.wp.com\/elregionalvm.com.ar\/noticias-villa-maria\/wp-content\/uploads\/2021\/12\/cuota-alimentaria-familia-discusion-nino.jpg?fit=1194%2C738&ssl=1","keywords":["cuota alimentaria","derechos","expareja","Hijos","Padres","Reclamos","Tips legales","Valeria Vanzetti"],"articleSection":["Opini\u00f3n","tercera"],"inLanguage":"es","potentialAction":[{"@type":"CommentAction","name":"Comment","target":["http:\/\/elregionalvm.com.ar\/noticias-villa-maria\/tips-legales-lo-que-debes-saber-de-la-cuota-alimentaria\/#respond"]}]},{"@type":"WebPage","@id":"http:\/\/elregionalvm.com.ar\/noticias-villa-maria\/tips-legales-lo-que-debes-saber-de-la-cuota-alimentaria\/","url":"http:\/\/elregionalvm.com.ar\/noticias-villa-maria\/tips-legales-lo-que-debes-saber-de-la-cuota-alimentaria\/","name":"[Tips Legales] Lo que deb\u00e9s saber de la cuota alimentaria - El Regional","isPartOf":{"@id":"http:\/\/elregionalvm.com.ar\/noticias-villa-maria\/#website"},"primaryImageOfPage":{"@id":"http:\/\/elregionalvm.com.ar\/noticias-villa-maria\/tips-legales-lo-que-debes-saber-de-la-cuota-alimentaria\/#primaryimage"},"image":{"@id":"http:\/\/elregionalvm.com.ar\/noticias-villa-maria\/tips-legales-lo-que-debes-saber-de-la-cuota-alimentaria\/#primaryimage"},"thumbnailUrl":"https:\/\/i0.wp.com\/elregionalvm.com.ar\/noticias-villa-maria\/wp-content\/uploads\/2021\/12\/cuota-alimentaria-familia-discusion-nino.jpg?fit=1194%2C738&ssl=1","datePublished":"2021-12-29T02:53:47+00:00","dateModified":"2022-01-03T15:29:40+00:00","author":{"@id":"http:\/\/elregionalvm.com.ar\/noticias-villa-maria\/#\/schema\/person\/a0fb9c422317faca23d50163151bc354"},"description":"El progenitor que no tiene a su cargo el cuidado de los ni\u00f1os y por lo tanto no convive con ellos, tiene la OBLIGACI\u00d3N de pagar la cuota.","breadcrumb":{"@id":"http:\/\/elregionalvm.com.ar\/noticias-villa-maria\/tips-legales-lo-que-debes-saber-de-la-cuota-alimentaria\/#breadcrumb"},"inLanguage":"es","potentialAction":[{"@type":"ReadAction","target":["http:\/\/elregionalvm.com.ar\/noticias-villa-maria\/tips-legales-lo-que-debes-saber-de-la-cuota-alimentaria\/"]}]},{"@type":"ImageObject","inLanguage":"es","@id":"http:\/\/elregionalvm.com.ar\/noticias-villa-maria\/tips-legales-lo-que-debes-saber-de-la-cuota-alimentaria\/#primaryimage","url":"https:\/\/i0.wp.com\/elregionalvm.com.ar\/noticias-villa-maria\/wp-content\/uploads\/2021\/12\/cuota-alimentaria-familia-discusion-nino.jpg?fit=1194%2C738&ssl=1","contentUrl":"https:\/\/i0.wp.com\/elregionalvm.com.ar\/noticias-villa-maria\/wp-content\/uploads\/2021\/12\/cuota-alimentaria-familia-discusion-nino.jpg?fit=1194%2C738&ssl=1","width":1194,"height":738},{"@type":"BreadcrumbList","@id":"http:\/\/elregionalvm.com.ar\/noticias-villa-maria\/tips-legales-lo-que-debes-saber-de-la-cuota-alimentaria\/#breadcrumb","itemListElement":[{"@type":"ListItem","position":1,"name":"Portada","item":"https:\/\/elregionalvm.com.ar\/noticias-villa-maria\/"},{"@type":"ListItem","position":2,"name":"[Tips Legales] Lo que deb\u00e9s saber de la cuota alimentaria"}]},{"@type":"WebSite","@id":"http:\/\/elregionalvm.com.ar\/noticias-villa-maria\/#website","url":"http:\/\/elregionalvm.com.ar\/noticias-villa-maria\/","name":"El Regional","description":"Mucho m\u00e1s que informaci\u00f3n","potentialAction":[{"@type":"SearchAction","target":{"@type":"EntryPoint","urlTemplate":"http:\/\/elregionalvm.com.ar\/noticias-villa-maria\/?s={search_term_string}"},"query-input":{"@type":"PropertyValueSpecification","valueRequired":true,"valueName":"search_term_string"}}],"inLanguage":"es"},{"@type":"Person","@id":"http:\/\/elregionalvm.com.ar\/noticias-villa-maria\/#\/schema\/person\/a0fb9c422317faca23d50163151bc354","name":"Contenidos El Regional","image":{"@type":"ImageObject","inLanguage":"es","@id":"http:\/\/elregionalvm.com.ar\/noticias-villa-maria\/#\/schema\/person\/image\/","url":"https:\/\/secure.gravatar.com\/avatar\/265b27cb2209af7bb3a1318f03305787d7981a5cc6e6cd08fe5a4ecdf99d4b48?s=96&d=mm&r=g","contentUrl":"https:\/\/secure.gravatar.com\/avatar\/265b27cb2209af7bb3a1318f03305787d7981a5cc6e6cd08fe5a4ecdf99d4b48?s=96&d=mm&r=g","caption":"Contenidos El Regional"},"url":"https:\/\/elregionalvm.com.ar\/noticias-villa-maria\/author\/contenido\/"}]}},"jetpack_featured_media_url":"https:\/\/i0.wp.com\/elregionalvm.com.ar\/noticias-villa-maria\/wp-content\/uploads\/2021\/12\/cuota-alimentaria-familia-discusion-nino.jpg?fit=1194%2C738&ssl=1","jetpack_sharing_enabled":true,"_links":{"self":[{"href":"https:\/\/elregionalvm.com.ar\/noticias-villa-maria\/wp-json\/wp\/v2\/posts\/50409","targetHints":{"allow":["GET"]}}],"collection":[{"href":"https:\/\/elregionalvm.com.ar\/noticias-villa-maria\/wp-json\/wp\/v2\/posts"}],"about":[{"href":"https:\/\/elregionalvm.com.ar\/noticias-villa-maria\/wp-json\/wp\/v2\/types\/post"}],"author":[{"embeddable":true,"href":"https:\/\/elregionalvm.com.ar\/noticias-villa-maria\/wp-json\/wp\/v2\/users\/4"}],"replies":[{"embeddable":true,"href":"https:\/\/elregionalvm.com.ar\/noticias-villa-maria\/wp-json\/wp\/v2\/comments?post=50409"}],"version-history":[{"count":1,"href":"https:\/\/elregionalvm.com.ar\/noticias-villa-maria\/wp-json\/wp\/v2\/posts\/50409\/revisions"}],"predecessor-version":[{"id":50410,"href":"https:\/\/elregionalvm.com.ar\/noticias-villa-maria\/wp-json\/wp\/v2\/posts\/50409\/revisions\/50410"}],"wp:featuredmedia":[{"embeddable":true,"href":"https:\/\/elregionalvm.com.ar\/noticias-villa-maria\/wp-json\/wp\/v2\/media\/50411"}],"wp:attachment":[{"href":"https:\/\/elregionalvm.com.ar\/noticias-villa-maria\/wp-json\/wp\/v2\/media?parent=50409"}],"wp:term":[{"taxonomy":"category","embeddable":true,"href":"https:\/\/elregionalvm.com.ar\/noticias-villa-maria\/wp-json\/wp\/v2\/categories?post=50409"},{"taxonomy":"post_tag","embeddable":true,"href":"https:\/\/elregionalvm.com.ar\/noticias-villa-maria\/wp-json\/wp\/v2\/tags?post=50409"}],"curies":[{"name":"wp","href":"https:\/\/api.w.org\/{rel}","templated":true}]}}