{"id":50435,"date":"2021-12-29T20:45:00","date_gmt":"2021-12-29T20:45:00","guid":{"rendered":"https:\/\/elregionalvm.com.ar\/noticias-villa-maria\/?p=50435"},"modified":"2021-12-29T21:06:23","modified_gmt":"2021-12-29T21:06:23","slug":"otro-dia-agobiante-en-la-villa-la-maxima-llego-a-los-39o","status":"publish","type":"post","link":"https:\/\/elregionalvm.com.ar\/noticias-villa-maria\/otro-dia-agobiante-en-la-villa-la-maxima-llego-a-los-39o\/","title":{"rendered":"Otro d\u00eda agobiante en la villa: la m\u00e1xima lleg\u00f3 a los 39\u00ba"},"content":{"rendered":"\n<p>La anunciada ola de calor viene cumpli\u00e9ndose a rajatabla, como hab\u00edan anticipado los entendidos en la materia. Ayer tuvimos 40.1 grados cent\u00edgrados y hoy la m\u00e1xima trep\u00f3 a los 39 grados. <\/p>\n\n\n\n<div class=\"wp-block-image\"><figure class=\"aligncenter size-full\"><img data-recalc-dims=\"1\" fetchpriority=\"high\" decoding=\"async\" width=\"308\" height=\"230\" src=\"https:\/\/i0.wp.com\/elregionalvm.com.ar\/noticias-villa-maria\/wp-content\/uploads\/2021\/12\/TEMPERATURA-39.png?resize=308%2C230&#038;ssl=1\" alt=\"\" class=\"wp-image-50439\" srcset=\"https:\/\/i0.wp.com\/elregionalvm.com.ar\/noticias-villa-maria\/wp-content\/uploads\/2021\/12\/TEMPERATURA-39.png?w=308&amp;ssl=1 308w, https:\/\/i0.wp.com\/elregionalvm.com.ar\/noticias-villa-maria\/wp-content\/uploads\/2021\/12\/TEMPERATURA-39.png?resize=300%2C224&amp;ssl=1 300w\" sizes=\"(max-width: 308px) 100vw, 308px\" \/><\/figure><\/div>\n\n\n\n<p>El viento del norte, por momentos daba la sensaci\u00f3n de quemar y lamentablemente complic\u00f3 a los bomberos que debieron sofocar incendios en la zona norte de la ciudad, en terrenos colindantes con la autopista, entre el acceso de la calle Buenos Aires y la ruta 158. <\/p>\n\n\n\n<p>Este jueves, los pron\u00f3sticos prev\u00e9n algunos chaparrones, aunque las tormentas y la lluvias llegar\u00edan el pr\u00f3ximo s\u00e1bado principalmente. <\/p>\n","protected":false},"excerpt":{"rendered":"<p>La anunciada ola de calor viene cumpli\u00e9ndose a rajatabla, como hab\u00edan anticipado los entendidos en la materia. Ayer tuvimos 40.1 grados cent\u00edgrados y hoy la m\u00e1xima trep\u00f3 a los 39 grados. El viento del norte, por momentos daba la sensaci\u00f3n de quemar y lamentablemente complic\u00f3 a los bomberos que debieron sofocar incendios en la zona [&hellip;]<\/p>\n","protected":false},"author":4,"featured_media":50436,"comment_status":"open","ping_status":"open","sticky":false,"template":"","format":"standard","meta":{"site-sidebar-layout":"default","site-content-layout":"default","ast-site-content-layout":"default","site-content-style":"default","site-sidebar-style":"default","ast-global-header-display":"","ast-banner-title-visibility":"","ast-main-header-display":"","ast-hfb-above-header-display":"","ast-hfb-below-header-display":"","ast-hfb-mobile-header-display":"","site-post-title":"","ast-breadcrumbs-content":"","ast-featured-img":"","footer-sml-layout":"","ast-disable-related-posts":"","theme-transparent-header-meta":"default","adv-header-id-meta":"","stick-header-meta":"","header-above-stick-meta":"","header-main-stick-meta":"","header-below-stick-meta":"","astra-migrate-meta-layouts":"default","ast-page-background-enabled":"default","ast-page-background-meta":{"desktop":{"background-color":"","background-image":"","background-repeat":"repeat","background-position":"center center","background-size":"auto","background-attachment":"scroll","background-type":"","background-media":"","overlay-type":"","overlay-color":"","overlay-opacity":"","overlay-gradient":""},"tablet":{"background-color":"","background-image":"","background-repeat":"repeat","background-position":"center center","background-size":"auto","background-attachment":"scroll","background-type":"","background-media":"","overlay-type":"","overlay-color":"","overlay-opacity":"","overlay-gradient":""},"mobile":{"background-color":"","background-image":"","background-repeat":"repeat","background-position":"center center","background-size":"auto","background-attachment":"scroll","background-type":"","background-media":"","overlay-type":"","overlay-color":"","overlay-opacity":"","overlay-gradient":""}},"ast-content-background-meta":{"desktop":{"background-color":"var(--ast-global-color-5)","background-image":"","background-repeat":"repeat","background-position":"center center","background-size":"auto","background-attachment":"scroll","background-type":"","background-media":"","overlay-type":"","overlay-color":"","overlay-opacity":"","overlay-gradient":""},"tablet":{"background-color":"var(--ast-global-color-5)","background-image":"","background-repeat":"repeat","background-position":"center center","background-size":"auto","background-attachment":"scroll","background-type":"","background-media":"","overlay-type":"","overlay-color":"","overlay-opacity":"","overlay-gradient":""},"mobile":{"background-color":"var(--ast-global-color-5)","background-image":"","background-repeat":"repeat","background-position":"center center","background-size":"auto","background-attachment":"scroll","background-type":"","background-media":"","overlay-type":"","overlay-color":"","overlay-opacity":"","overlay-gradient":""}},"_jetpack_memberships_contains_paid_content":false,"_joinchat":[],"footnotes":""},"categories":[2],"tags":[13020,1232,3491,11867,13019,13018,2248],"class_list":["post-50435","post","type-post","status-publish","format-standard","has-post-thumbnail","hentry","category-villa-maria","tag-39o-c","tag-destacado","tag-lluvias","tag-ola-de-calor","tag-rozamos-los-40-grados","tag-siguen-altas-temperaturas","tag-villa-maria-2"],"yoast_head":"<!-- This site is optimized with the Yoast SEO plugin v26.8 - https:\/\/yoast.com\/product\/yoast-seo-wordpress\/ -->\n<title>Otro d\u00eda agobiante en la villa: la m\u00e1xima lleg\u00f3 a los 39\u00ba - El Regional<\/title>\n<meta name=\"robots\" content=\"index, follow, max-snippet:-1, max-image-preview:large, max-video-preview:-1\" \/>\n<link rel=\"canonical\" href=\"http:\/\/elregionalvm.com.ar\/noticias-villa-maria\/otro-dia-agobiante-en-la-villa-la-maxima-llego-a-los-39o\/\" \/>\n<meta property=\"og:locale\" content=\"es_ES\" \/>\n<meta property=\"og:type\" content=\"article\" \/>\n<meta property=\"og:title\" content=\"Otro d\u00eda agobiante en la villa: la m\u00e1xima lleg\u00f3 a los 39\u00ba - El Regional\" \/>\n<meta property=\"og:description\" content=\"La anunciada ola de calor viene cumpli\u00e9ndose a rajatabla, como hab\u00edan anticipado los entendidos en la materia. Ayer tuvimos 40.1 grados cent\u00edgrados y hoy la m\u00e1xima trep\u00f3 a los 39 grados. El viento del norte, por momentos daba la sensaci\u00f3n de quemar y lamentablemente complic\u00f3 a los bomberos que debieron sofocar incendios en la zona [&hellip;]\" \/>\n<meta property=\"og:url\" content=\"http:\/\/elregionalvm.com.ar\/noticias-villa-maria\/otro-dia-agobiante-en-la-villa-la-maxima-llego-a-los-39o\/\" \/>\n<meta property=\"og:site_name\" content=\"El Regional\" \/>\n<meta property=\"article:publisher\" content=\"https:\/\/www.facebook.com\/elregionalvm\" \/>\n<meta property=\"article:published_time\" content=\"2021-12-29T20:45:00+00:00\" \/>\n<meta property=\"article:modified_time\" content=\"2021-12-29T21:06:23+00:00\" \/>\n<meta property=\"og:image\" content=\"http:\/\/elregionalvm.com.ar\/noticias-villa-maria\/wp-content\/uploads\/2021\/12\/calor-2.jpg\" \/>\n\t<meta property=\"og:image:width\" content=\"1151\" \/>\n\t<meta property=\"og:image:height\" content=\"650\" \/>\n\t<meta property=\"og:image:type\" content=\"image\/jpeg\" \/>\n<meta name=\"author\" content=\"Contenidos El Regional\" \/>\n<meta name=\"twitter:card\" content=\"summary_large_image\" \/>\n<meta name=\"twitter:creator\" content=\"@elregionalvm1\" \/>\n<meta name=\"twitter:site\" content=\"@elregionalvm1\" \/>\n<meta name=\"twitter:label1\" content=\"Escrito por\" \/>\n\t<meta name=\"twitter:data1\" content=\"Contenidos El Regional\" \/>\n\t<meta name=\"twitter:label2\" content=\"Tiempo de lectura\" \/>\n\t<meta name=\"twitter:data2\" content=\"1 minuto\" \/>\n<script type=\"application\/ld+json\" class=\"yoast-schema-graph\">{\"@context\":\"https:\/\/schema.org\",\"@graph\":[{\"@type\":\"Article\",\"@id\":\"http:\/\/elregionalvm.com.ar\/noticias-villa-maria\/otro-dia-agobiante-en-la-villa-la-maxima-llego-a-los-39o\/#article\",\"isPartOf\":{\"@id\":\"http:\/\/elregionalvm.com.ar\/noticias-villa-maria\/otro-dia-agobiante-en-la-villa-la-maxima-llego-a-los-39o\/\"},\"author\":{\"name\":\"Contenidos El Regional\",\"@id\":\"http:\/\/elregionalvm.com.ar\/noticias-villa-maria\/#\/schema\/person\/a0fb9c422317faca23d50163151bc354\"},\"headline\":\"Otro d\u00eda agobiante en la villa: la m\u00e1xima lleg\u00f3 a los 39\u00ba\",\"datePublished\":\"2021-12-29T20:45:00+00:00\",\"dateModified\":\"2021-12-29T21:06:23+00:00\",\"mainEntityOfPage\":{\"@id\":\"http:\/\/elregionalvm.com.ar\/noticias-villa-maria\/otro-dia-agobiante-en-la-villa-la-maxima-llego-a-los-39o\/\"},\"wordCount\":115,\"commentCount\":0,\"image\":{\"@id\":\"http:\/\/elregionalvm.com.ar\/noticias-villa-maria\/otro-dia-agobiante-en-la-villa-la-maxima-llego-a-los-39o\/#primaryimage\"},\"thumbnailUrl\":\"https:\/\/i0.wp.com\/elregionalvm.com.ar\/noticias-villa-maria\/wp-content\/uploads\/2021\/12\/calor-2.jpg?fit=1151%2C650&ssl=1\",\"keywords\":[\"39\u00ba C\",\"destacado\",\"Lluvias\",\"ola de calor\",\"rozamos los 40 grados\",\"siguen altas temperaturas\",\"Villa Mar\u00eda\"],\"articleSection\":[\"Villa Mar\u00eda\"],\"inLanguage\":\"es\",\"potentialAction\":[{\"@type\":\"CommentAction\",\"name\":\"Comment\",\"target\":[\"http:\/\/elregionalvm.com.ar\/noticias-villa-maria\/otro-dia-agobiante-en-la-villa-la-maxima-llego-a-los-39o\/#respond\"]}]},{\"@type\":\"WebPage\",\"@id\":\"http:\/\/elregionalvm.com.ar\/noticias-villa-maria\/otro-dia-agobiante-en-la-villa-la-maxima-llego-a-los-39o\/\",\"url\":\"http:\/\/elregionalvm.com.ar\/noticias-villa-maria\/otro-dia-agobiante-en-la-villa-la-maxima-llego-a-los-39o\/\",\"name\":\"Otro d\u00eda agobiante en la villa: la m\u00e1xima lleg\u00f3 a los 39\u00ba - El Regional\",\"isPartOf\":{\"@id\":\"http:\/\/elregionalvm.com.ar\/noticias-villa-maria\/#website\"},\"primaryImageOfPage\":{\"@id\":\"http:\/\/elregionalvm.com.ar\/noticias-villa-maria\/otro-dia-agobiante-en-la-villa-la-maxima-llego-a-los-39o\/#primaryimage\"},\"image\":{\"@id\":\"http:\/\/elregionalvm.com.ar\/noticias-villa-maria\/otro-dia-agobiante-en-la-villa-la-maxima-llego-a-los-39o\/#primaryimage\"},\"thumbnailUrl\":\"https:\/\/i0.wp.com\/elregionalvm.com.ar\/noticias-villa-maria\/wp-content\/uploads\/2021\/12\/calor-2.jpg?fit=1151%2C650&ssl=1\",\"datePublished\":\"2021-12-29T20:45:00+00:00\",\"dateModified\":\"2021-12-29T21:06:23+00:00\",\"author\":{\"@id\":\"http:\/\/elregionalvm.com.ar\/noticias-villa-maria\/#\/schema\/person\/a0fb9c422317faca23d50163151bc354\"},\"breadcrumb\":{\"@id\":\"http:\/\/elregionalvm.com.ar\/noticias-villa-maria\/otro-dia-agobiante-en-la-villa-la-maxima-llego-a-los-39o\/#breadcrumb\"},\"inLanguage\":\"es\",\"potentialAction\":[{\"@type\":\"ReadAction\",\"target\":[\"http:\/\/elregionalvm.com.ar\/noticias-villa-maria\/otro-dia-agobiante-en-la-villa-la-maxima-llego-a-los-39o\/\"]}]},{\"@type\":\"ImageObject\",\"inLanguage\":\"es\",\"@id\":\"http:\/\/elregionalvm.com.ar\/noticias-villa-maria\/otro-dia-agobiante-en-la-villa-la-maxima-llego-a-los-39o\/#primaryimage\",\"url\":\"https:\/\/i0.wp.com\/elregionalvm.com.ar\/noticias-villa-maria\/wp-content\/uploads\/2021\/12\/calor-2.jpg?fit=1151%2C650&ssl=1\",\"contentUrl\":\"https:\/\/i0.wp.com\/elregionalvm.com.ar\/noticias-villa-maria\/wp-content\/uploads\/2021\/12\/calor-2.jpg?fit=1151%2C650&ssl=1\",\"width\":1151,\"height\":650},{\"@type\":\"BreadcrumbList\",\"@id\":\"http:\/\/elregionalvm.com.ar\/noticias-villa-maria\/otro-dia-agobiante-en-la-villa-la-maxima-llego-a-los-39o\/#breadcrumb\",\"itemListElement\":[{\"@type\":\"ListItem\",\"position\":1,\"name\":\"Portada\",\"item\":\"https:\/\/elregionalvm.com.ar\/noticias-villa-maria\/\"},{\"@type\":\"ListItem\",\"position\":2,\"name\":\"Otro d\u00eda agobiante en la villa: la m\u00e1xima lleg\u00f3 a los 39\u00ba\"}]},{\"@type\":\"WebSite\",\"@id\":\"http:\/\/elregionalvm.com.ar\/noticias-villa-maria\/#website\",\"url\":\"http:\/\/elregionalvm.com.ar\/noticias-villa-maria\/\",\"name\":\"El Regional\",\"description\":\"Mucho m\u00e1s que informaci\u00f3n\",\"potentialAction\":[{\"@type\":\"SearchAction\",\"target\":{\"@type\":\"EntryPoint\",\"urlTemplate\":\"http:\/\/elregionalvm.com.ar\/noticias-villa-maria\/?s={search_term_string}\"},\"query-input\":{\"@type\":\"PropertyValueSpecification\",\"valueRequired\":true,\"valueName\":\"search_term_string\"}}],\"inLanguage\":\"es\"},{\"@type\":\"Person\",\"@id\":\"http:\/\/elregionalvm.com.ar\/noticias-villa-maria\/#\/schema\/person\/a0fb9c422317faca23d50163151bc354\",\"name\":\"Contenidos El Regional\",\"image\":{\"@type\":\"ImageObject\",\"inLanguage\":\"es\",\"@id\":\"http:\/\/elregionalvm.com.ar\/noticias-villa-maria\/#\/schema\/person\/image\/\",\"url\":\"https:\/\/secure.gravatar.com\/avatar\/265b27cb2209af7bb3a1318f03305787d7981a5cc6e6cd08fe5a4ecdf99d4b48?s=96&d=mm&r=g\",\"contentUrl\":\"https:\/\/secure.gravatar.com\/avatar\/265b27cb2209af7bb3a1318f03305787d7981a5cc6e6cd08fe5a4ecdf99d4b48?s=96&d=mm&r=g\",\"caption\":\"Contenidos El Regional\"},\"url\":\"https:\/\/elregionalvm.com.ar\/noticias-villa-maria\/author\/contenido\/\"}]}<\/script>\n<!-- \/ Yoast SEO plugin. -->","yoast_head_json":{"title":"Otro d\u00eda agobiante en la villa: la m\u00e1xima lleg\u00f3 a los 39\u00ba - El Regional","robots":{"index":"index","follow":"follow","max-snippet":"max-snippet:-1","max-image-preview":"max-image-preview:large","max-video-preview":"max-video-preview:-1"},"canonical":"http:\/\/elregionalvm.com.ar\/noticias-villa-maria\/otro-dia-agobiante-en-la-villa-la-maxima-llego-a-los-39o\/","og_locale":"es_ES","og_type":"article","og_title":"Otro d\u00eda agobiante en la villa: la m\u00e1xima lleg\u00f3 a los 39\u00ba - El Regional","og_description":"La anunciada ola de calor viene cumpli\u00e9ndose a rajatabla, como hab\u00edan anticipado los entendidos en la materia. Ayer tuvimos 40.1 grados cent\u00edgrados y hoy la m\u00e1xima trep\u00f3 a los 39 grados. El viento del norte, por momentos daba la sensaci\u00f3n de quemar y lamentablemente complic\u00f3 a los bomberos que debieron sofocar incendios en la zona [&hellip;]","og_url":"http:\/\/elregionalvm.com.ar\/noticias-villa-maria\/otro-dia-agobiante-en-la-villa-la-maxima-llego-a-los-39o\/","og_site_name":"El Regional","article_publisher":"https:\/\/www.facebook.com\/elregionalvm","article_published_time":"2021-12-29T20:45:00+00:00","article_modified_time":"2021-12-29T21:06:23+00:00","og_image":[{"width":1151,"height":650,"url":"http:\/\/elregionalvm.com.ar\/noticias-villa-maria\/wp-content\/uploads\/2021\/12\/calor-2.jpg","type":"image\/jpeg"}],"author":"Contenidos El Regional","twitter_card":"summary_large_image","twitter_creator":"@elregionalvm1","twitter_site":"@elregionalvm1","twitter_misc":{"Escrito por":"Contenidos El Regional","Tiempo de lectura":"1 minuto"},"schema":{"@context":"https:\/\/schema.org","@graph":[{"@type":"Article","@id":"http:\/\/elregionalvm.com.ar\/noticias-villa-maria\/otro-dia-agobiante-en-la-villa-la-maxima-llego-a-los-39o\/#article","isPartOf":{"@id":"http:\/\/elregionalvm.com.ar\/noticias-villa-maria\/otro-dia-agobiante-en-la-villa-la-maxima-llego-a-los-39o\/"},"author":{"name":"Contenidos El Regional","@id":"http:\/\/elregionalvm.com.ar\/noticias-villa-maria\/#\/schema\/person\/a0fb9c422317faca23d50163151bc354"},"headline":"Otro d\u00eda agobiante en la villa: la m\u00e1xima lleg\u00f3 a los 39\u00ba","datePublished":"2021-12-29T20:45:00+00:00","dateModified":"2021-12-29T21:06:23+00:00","mainEntityOfPage":{"@id":"http:\/\/elregionalvm.com.ar\/noticias-villa-maria\/otro-dia-agobiante-en-la-villa-la-maxima-llego-a-los-39o\/"},"wordCount":115,"commentCount":0,"image":{"@id":"http:\/\/elregionalvm.com.ar\/noticias-villa-maria\/otro-dia-agobiante-en-la-villa-la-maxima-llego-a-los-39o\/#primaryimage"},"thumbnailUrl":"https:\/\/i0.wp.com\/elregionalvm.com.ar\/noticias-villa-maria\/wp-content\/uploads\/2021\/12\/calor-2.jpg?fit=1151%2C650&ssl=1","keywords":["39\u00ba C","destacado","Lluvias","ola de calor","rozamos los 40 grados","siguen altas temperaturas","Villa Mar\u00eda"],"articleSection":["Villa Mar\u00eda"],"inLanguage":"es","potentialAction":[{"@type":"CommentAction","name":"Comment","target":["http:\/\/elregionalvm.com.ar\/noticias-villa-maria\/otro-dia-agobiante-en-la-villa-la-maxima-llego-a-los-39o\/#respond"]}]},{"@type":"WebPage","@id":"http:\/\/elregionalvm.com.ar\/noticias-villa-maria\/otro-dia-agobiante-en-la-villa-la-maxima-llego-a-los-39o\/","url":"http:\/\/elregionalvm.com.ar\/noticias-villa-maria\/otro-dia-agobiante-en-la-villa-la-maxima-llego-a-los-39o\/","name":"Otro d\u00eda agobiante en la villa: la m\u00e1xima lleg\u00f3 a los 39\u00ba - El Regional","isPartOf":{"@id":"http:\/\/elregionalvm.com.ar\/noticias-villa-maria\/#website"},"primaryImageOfPage":{"@id":"http:\/\/elregionalvm.com.ar\/noticias-villa-maria\/otro-dia-agobiante-en-la-villa-la-maxima-llego-a-los-39o\/#primaryimage"},"image":{"@id":"http:\/\/elregionalvm.com.ar\/noticias-villa-maria\/otro-dia-agobiante-en-la-villa-la-maxima-llego-a-los-39o\/#primaryimage"},"thumbnailUrl":"https:\/\/i0.wp.com\/elregionalvm.com.ar\/noticias-villa-maria\/wp-content\/uploads\/2021\/12\/calor-2.jpg?fit=1151%2C650&ssl=1","datePublished":"2021-12-29T20:45:00+00:00","dateModified":"2021-12-29T21:06:23+00:00","author":{"@id":"http:\/\/elregionalvm.com.ar\/noticias-villa-maria\/#\/schema\/person\/a0fb9c422317faca23d50163151bc354"},"breadcrumb":{"@id":"http:\/\/elregionalvm.com.ar\/noticias-villa-maria\/otro-dia-agobiante-en-la-villa-la-maxima-llego-a-los-39o\/#breadcrumb"},"inLanguage":"es","potentialAction":[{"@type":"ReadAction","target":["http:\/\/elregionalvm.com.ar\/noticias-villa-maria\/otro-dia-agobiante-en-la-villa-la-maxima-llego-a-los-39o\/"]}]},{"@type":"ImageObject","inLanguage":"es","@id":"http:\/\/elregionalvm.com.ar\/noticias-villa-maria\/otro-dia-agobiante-en-la-villa-la-maxima-llego-a-los-39o\/#primaryimage","url":"https:\/\/i0.wp.com\/elregionalvm.com.ar\/noticias-villa-maria\/wp-content\/uploads\/2021\/12\/calor-2.jpg?fit=1151%2C650&ssl=1","contentUrl":"https:\/\/i0.wp.com\/elregionalvm.com.ar\/noticias-villa-maria\/wp-content\/uploads\/2021\/12\/calor-2.jpg?fit=1151%2C650&ssl=1","width":1151,"height":650},{"@type":"BreadcrumbList","@id":"http:\/\/elregionalvm.com.ar\/noticias-villa-maria\/otro-dia-agobiante-en-la-villa-la-maxima-llego-a-los-39o\/#breadcrumb","itemListElement":[{"@type":"ListItem","position":1,"name":"Portada","item":"https:\/\/elregionalvm.com.ar\/noticias-villa-maria\/"},{"@type":"ListItem","position":2,"name":"Otro d\u00eda agobiante en la villa: la m\u00e1xima lleg\u00f3 a los 39\u00ba"}]},{"@type":"WebSite","@id":"http:\/\/elregionalvm.com.ar\/noticias-villa-maria\/#website","url":"http:\/\/elregionalvm.com.ar\/noticias-villa-maria\/","name":"El Regional","description":"Mucho m\u00e1s que informaci\u00f3n","potentialAction":[{"@type":"SearchAction","target":{"@type":"EntryPoint","urlTemplate":"http:\/\/elregionalvm.com.ar\/noticias-villa-maria\/?s={search_term_string}"},"query-input":{"@type":"PropertyValueSpecification","valueRequired":true,"valueName":"search_term_string"}}],"inLanguage":"es"},{"@type":"Person","@id":"http:\/\/elregionalvm.com.ar\/noticias-villa-maria\/#\/schema\/person\/a0fb9c422317faca23d50163151bc354","name":"Contenidos El Regional","image":{"@type":"ImageObject","inLanguage":"es","@id":"http:\/\/elregionalvm.com.ar\/noticias-villa-maria\/#\/schema\/person\/image\/","url":"https:\/\/secure.gravatar.com\/avatar\/265b27cb2209af7bb3a1318f03305787d7981a5cc6e6cd08fe5a4ecdf99d4b48?s=96&d=mm&r=g","contentUrl":"https:\/\/secure.gravatar.com\/avatar\/265b27cb2209af7bb3a1318f03305787d7981a5cc6e6cd08fe5a4ecdf99d4b48?s=96&d=mm&r=g","caption":"Contenidos El Regional"},"url":"https:\/\/elregionalvm.com.ar\/noticias-villa-maria\/author\/contenido\/"}]}},"jetpack_featured_media_url":"https:\/\/i0.wp.com\/elregionalvm.com.ar\/noticias-villa-maria\/wp-content\/uploads\/2021\/12\/calor-2.jpg?fit=1151%2C650&ssl=1","jetpack_sharing_enabled":true,"_links":{"self":[{"href":"https:\/\/elregionalvm.com.ar\/noticias-villa-maria\/wp-json\/wp\/v2\/posts\/50435","targetHints":{"allow":["GET"]}}],"collection":[{"href":"https:\/\/elregionalvm.com.ar\/noticias-villa-maria\/wp-json\/wp\/v2\/posts"}],"about":[{"href":"https:\/\/elregionalvm.com.ar\/noticias-villa-maria\/wp-json\/wp\/v2\/types\/post"}],"author":[{"embeddable":true,"href":"https:\/\/elregionalvm.com.ar\/noticias-villa-maria\/wp-json\/wp\/v2\/users\/4"}],"replies":[{"embeddable":true,"href":"https:\/\/elregionalvm.com.ar\/noticias-villa-maria\/wp-json\/wp\/v2\/comments?post=50435"}],"version-history":[{"count":2,"href":"https:\/\/elregionalvm.com.ar\/noticias-villa-maria\/wp-json\/wp\/v2\/posts\/50435\/revisions"}],"predecessor-version":[{"id":50440,"href":"https:\/\/elregionalvm.com.ar\/noticias-villa-maria\/wp-json\/wp\/v2\/posts\/50435\/revisions\/50440"}],"wp:featuredmedia":[{"embeddable":true,"href":"https:\/\/elregionalvm.com.ar\/noticias-villa-maria\/wp-json\/wp\/v2\/media\/50436"}],"wp:attachment":[{"href":"https:\/\/elregionalvm.com.ar\/noticias-villa-maria\/wp-json\/wp\/v2\/media?parent=50435"}],"wp:term":[{"taxonomy":"category","embeddable":true,"href":"https:\/\/elregionalvm.com.ar\/noticias-villa-maria\/wp-json\/wp\/v2\/categories?post=50435"},{"taxonomy":"post_tag","embeddable":true,"href":"https:\/\/elregionalvm.com.ar\/noticias-villa-maria\/wp-json\/wp\/v2\/tags?post=50435"}],"curies":[{"name":"wp","href":"https:\/\/api.w.org\/{rel}","templated":true}]}}