{"id":50441,"date":"2021-12-29T21:11:59","date_gmt":"2021-12-29T21:11:59","guid":{"rendered":"https:\/\/elregionalvm.com.ar\/noticias-villa-maria\/?p=50441"},"modified":"2021-12-29T21:12:00","modified_gmt":"2021-12-29T21:12:00","slug":"por-las-tardes-funcionaran-dos-nuevos-centros-de-testeos-en-la-ciudad","status":"publish","type":"post","link":"https:\/\/elregionalvm.com.ar\/noticias-villa-maria\/por-las-tardes-funcionaran-dos-nuevos-centros-de-testeos-en-la-ciudad\/","title":{"rendered":"Por las tardes funcionar\u00e1n dos nuevos centros de testeos en la ciudad"},"content":{"rendered":"\n<p>Frente al aumento de casos positivos de covid en la ciudad y la gran demanda de vecinos y vecinas por realizarse los testeos correspondientes, el municipio puso en marcha dos nuevos puntos para tal fin. A partir de esta tarde, <strong>la sede de la UTN y el Centro Vecinal de barrio Almirante Brown<\/strong> funcionar\u00e1n como puestos de hisopado <strong>en el horario de 16:00 a 20:00 horas<\/strong>, sum\u00e1ndose al espacio actualmente dispuesto en el Centro Cultural Comunitario Leonardo Favio.<\/p>\n\n\n\n<p>As\u00ed, lo anunci\u00f3 Mart\u00edn Gill en compa\u00f1\u00eda del secretario de Salud, Pedro Trecco, quienes brindaron detalles sobre la implementaci\u00f3n de nuevos puntos de testeo a los fines de brindar mayor seguridad, rapidez y comodidad a quienes asistan a hisoparse.<\/p>\n\n\n\n<p>Al respecto, el intendente se\u00f1al\u00f3: \u201cHemos ratificado fortalecer las dos din\u00e1micas prioritarias en este momento de la pandemia, vacunaci\u00f3n y testeos\u201d. \u201cPor ese motivo, a partir de esta tarde se abrir\u00e1n dos nuevos centros que funcionar\u00e1n a la par del que ya se encuentra instalado, llegando con esta pol\u00edtica de accesibilidad y gratuidad tanto al norte como al sur de la ciudad\u201d, explic\u00f3.<\/p>\n\n\n\n<p>En este marco, Gill hizo referencia al proceso vacunatorio a nivel local e indic\u00f3 que \u201cvenimos gestionando los refuerzos de las vacunas mediante la atenci\u00f3n en todos los Centros de Atenci\u00f3n Primaria de la Salud (CAPS) y Asistencia P\u00fablica\u201d. En este sentido, a\u00f1adi\u00f3: \u201cHemos conseguido 4.000 dosis de Pfizer que permiten inmunizar a personas de todas las edades, y particularmente a nuestros ni\u00f1os\u201d.<\/p>\n\n\n\n<p>Por su parte, el titular de la cartera sanitaria apunt\u00f3: \u201cEn este momento, la prioridad de todo el equipo de Salud es testear y vacunar\u201d. \u201cAyer fue el d\u00eda de m\u00e1s testeos en la ciudad, llegando entre el municipio y privados a concretar 2.000 hisopados, haciendo 149 pruebas por hora en el Centro Cultural Comunitario Leonardo Favio\u201d, detall\u00f3.<\/p>\n\n\n\n<figure class=\"wp-block-image size-large\"><img data-recalc-dims=\"1\" fetchpriority=\"high\" decoding=\"async\" width=\"1024\" height=\"682\" src=\"https:\/\/i0.wp.com\/elregionalvm.com.ar\/noticias-villa-maria\/wp-content\/uploads\/2021\/12\/WhatsApp-Image-2021-12-29-at-15.41.30.jpeg?resize=1024%2C682&#038;ssl=1\" alt=\"\" class=\"wp-image-50443\" srcset=\"https:\/\/i0.wp.com\/elregionalvm.com.ar\/noticias-villa-maria\/wp-content\/uploads\/2021\/12\/WhatsApp-Image-2021-12-29-at-15.41.30.jpeg?resize=1024%2C682&amp;ssl=1 1024w, https:\/\/i0.wp.com\/elregionalvm.com.ar\/noticias-villa-maria\/wp-content\/uploads\/2021\/12\/WhatsApp-Image-2021-12-29-at-15.41.30.jpeg?resize=300%2C200&amp;ssl=1 300w, https:\/\/i0.wp.com\/elregionalvm.com.ar\/noticias-villa-maria\/wp-content\/uploads\/2021\/12\/WhatsApp-Image-2021-12-29-at-15.41.30.jpeg?resize=768%2C512&amp;ssl=1 768w, https:\/\/i0.wp.com\/elregionalvm.com.ar\/noticias-villa-maria\/wp-content\/uploads\/2021\/12\/WhatsApp-Image-2021-12-29-at-15.41.30.jpeg?w=1280&amp;ssl=1 1280w\" sizes=\"(max-width: 1000px) 100vw, 1000px\" \/><\/figure>\n","protected":false},"excerpt":{"rendered":"<p>Frente al aumento de casos positivos de covid en la ciudad y la gran demanda de vecinos y vecinas por realizarse los testeos correspondientes, el municipio puso en marcha dos nuevos puntos para tal fin. A partir de esta tarde, la sede de la UTN y el Centro Vecinal de barrio Almirante Brown funcionar\u00e1n como [&hellip;]<\/p>\n","protected":false},"author":4,"featured_media":50442,"comment_status":"open","ping_status":"open","sticky":false,"template":"","format":"standard","meta":{"site-sidebar-layout":"default","site-content-layout":"default","ast-site-content-layout":"default","site-content-style":"default","site-sidebar-style":"default","ast-global-header-display":"","ast-banner-title-visibility":"","ast-main-header-display":"","ast-hfb-above-header-display":"","ast-hfb-below-header-display":"","ast-hfb-mobile-header-display":"","site-post-title":"","ast-breadcrumbs-content":"","ast-featured-img":"","footer-sml-layout":"","ast-disable-related-posts":"","theme-transparent-header-meta":"default","adv-header-id-meta":"","stick-header-meta":"","header-above-stick-meta":"","header-main-stick-meta":"","header-below-stick-meta":"","astra-migrate-meta-layouts":"default","ast-page-background-enabled":"default","ast-page-background-meta":{"desktop":{"background-color":"","background-image":"","background-repeat":"repeat","background-position":"center center","background-size":"auto","background-attachment":"scroll","background-type":"","background-media":"","overlay-type":"","overlay-color":"","overlay-opacity":"","overlay-gradient":""},"tablet":{"background-color":"","background-image":"","background-repeat":"repeat","background-position":"center center","background-size":"auto","background-attachment":"scroll","background-type":"","background-media":"","overlay-type":"","overlay-color":"","overlay-opacity":"","overlay-gradient":""},"mobile":{"background-color":"","background-image":"","background-repeat":"repeat","background-position":"center center","background-size":"auto","background-attachment":"scroll","background-type":"","background-media":"","overlay-type":"","overlay-color":"","overlay-opacity":"","overlay-gradient":""}},"ast-content-background-meta":{"desktop":{"background-color":"var(--ast-global-color-5)","background-image":"","background-repeat":"repeat","background-position":"center center","background-size":"auto","background-attachment":"scroll","background-type":"","background-media":"","overlay-type":"","overlay-color":"","overlay-opacity":"","overlay-gradient":""},"tablet":{"background-color":"var(--ast-global-color-5)","background-image":"","background-repeat":"repeat","background-position":"center center","background-size":"auto","background-attachment":"scroll","background-type":"","background-media":"","overlay-type":"","overlay-color":"","overlay-opacity":"","overlay-gradient":""},"mobile":{"background-color":"var(--ast-global-color-5)","background-image":"","background-repeat":"repeat","background-position":"center center","background-size":"auto","background-attachment":"scroll","background-type":"","background-media":"","overlay-type":"","overlay-color":"","overlay-opacity":"","overlay-gradient":""}},"_jetpack_memberships_contains_paid_content":false,"_joinchat":[],"footnotes":""},"categories":[2256,2],"tags":[13023,1232,13024,13021,13022,2248],"class_list":["post-50441","post","type-post","status-publish","format-standard","has-post-thumbnail","hentry","category-coronavirus","category-villa-maria","tag-centro-vecinal-de-barrio-almirante-brown","tag-destacado","tag-funcionaran-por-la-tarde","tag-nuevos-centros-de-testeos","tag-sede-de-la-utn","tag-villa-maria-2"],"yoast_head":"<!-- This site is optimized with the Yoast SEO plugin v26.8 - https:\/\/yoast.com\/product\/yoast-seo-wordpress\/ -->\n<title>Por las tardes funcionar\u00e1n dos nuevos centros de testeos en la ciudad - El Regional<\/title>\n<meta name=\"robots\" content=\"index, follow, max-snippet:-1, max-image-preview:large, max-video-preview:-1\" \/>\n<link rel=\"canonical\" href=\"http:\/\/elregionalvm.com.ar\/noticias-villa-maria\/por-las-tardes-funcionaran-dos-nuevos-centros-de-testeos-en-la-ciudad\/\" \/>\n<meta property=\"og:locale\" content=\"es_ES\" \/>\n<meta property=\"og:type\" content=\"article\" \/>\n<meta property=\"og:title\" content=\"Por las tardes funcionar\u00e1n dos nuevos centros de testeos en la ciudad - El Regional\" \/>\n<meta property=\"og:description\" content=\"Frente al aumento de casos positivos de covid en la ciudad y la gran demanda de vecinos y vecinas por realizarse los testeos correspondientes, el municipio puso en marcha dos nuevos puntos para tal fin. A partir de esta tarde, la sede de la UTN y el Centro Vecinal de barrio Almirante Brown funcionar\u00e1n como [&hellip;]\" \/>\n<meta property=\"og:url\" content=\"http:\/\/elregionalvm.com.ar\/noticias-villa-maria\/por-las-tardes-funcionaran-dos-nuevos-centros-de-testeos-en-la-ciudad\/\" \/>\n<meta property=\"og:site_name\" content=\"El Regional\" \/>\n<meta property=\"article:publisher\" content=\"https:\/\/www.facebook.com\/elregionalvm\" \/>\n<meta property=\"article:published_time\" content=\"2021-12-29T21:11:59+00:00\" \/>\n<meta property=\"article:modified_time\" content=\"2021-12-29T21:12:00+00:00\" \/>\n<meta property=\"og:image\" content=\"http:\/\/elregionalvm.com.ar\/noticias-villa-maria\/wp-content\/uploads\/2021\/12\/WhatsApp-Image-2021-12-29-at-15.41.39.jpeg\" \/>\n\t<meta property=\"og:image:width\" content=\"1280\" \/>\n\t<meta property=\"og:image:height\" content=\"853\" \/>\n\t<meta property=\"og:image:type\" content=\"image\/jpeg\" \/>\n<meta name=\"author\" content=\"Contenidos El Regional\" \/>\n<meta name=\"twitter:card\" content=\"summary_large_image\" \/>\n<meta name=\"twitter:creator\" content=\"@elregionalvm1\" \/>\n<meta name=\"twitter:site\" content=\"@elregionalvm1\" \/>\n<meta name=\"twitter:label1\" content=\"Escrito por\" \/>\n\t<meta name=\"twitter:data1\" content=\"Contenidos El Regional\" \/>\n\t<meta name=\"twitter:label2\" content=\"Tiempo de lectura\" \/>\n\t<meta name=\"twitter:data2\" content=\"2 minutos\" \/>\n<script type=\"application\/ld+json\" class=\"yoast-schema-graph\">{\"@context\":\"https:\/\/schema.org\",\"@graph\":[{\"@type\":\"Article\",\"@id\":\"http:\/\/elregionalvm.com.ar\/noticias-villa-maria\/por-las-tardes-funcionaran-dos-nuevos-centros-de-testeos-en-la-ciudad\/#article\",\"isPartOf\":{\"@id\":\"http:\/\/elregionalvm.com.ar\/noticias-villa-maria\/por-las-tardes-funcionaran-dos-nuevos-centros-de-testeos-en-la-ciudad\/\"},\"author\":{\"name\":\"Contenidos El Regional\",\"@id\":\"http:\/\/elregionalvm.com.ar\/noticias-villa-maria\/#\/schema\/person\/a0fb9c422317faca23d50163151bc354\"},\"headline\":\"Por las tardes funcionar\u00e1n dos nuevos centros de testeos en la ciudad\",\"datePublished\":\"2021-12-29T21:11:59+00:00\",\"dateModified\":\"2021-12-29T21:12:00+00:00\",\"mainEntityOfPage\":{\"@id\":\"http:\/\/elregionalvm.com.ar\/noticias-villa-maria\/por-las-tardes-funcionaran-dos-nuevos-centros-de-testeos-en-la-ciudad\/\"},\"wordCount\":327,\"commentCount\":0,\"image\":{\"@id\":\"http:\/\/elregionalvm.com.ar\/noticias-villa-maria\/por-las-tardes-funcionaran-dos-nuevos-centros-de-testeos-en-la-ciudad\/#primaryimage\"},\"thumbnailUrl\":\"https:\/\/i0.wp.com\/elregionalvm.com.ar\/noticias-villa-maria\/wp-content\/uploads\/2021\/12\/WhatsApp-Image-2021-12-29-at-15.41.39.jpeg?fit=1280%2C853&ssl=1\",\"keywords\":[\"Centro Vecinal de barrio Almirante Brown\",\"destacado\",\"funcionar\u00e1n por la tarde\",\"nuevos centros de testeos\",\"sede de la UTN\",\"Villa Mar\u00eda\"],\"articleSection\":[\"Coronavirus\",\"Villa Mar\u00eda\"],\"inLanguage\":\"es\",\"potentialAction\":[{\"@type\":\"CommentAction\",\"name\":\"Comment\",\"target\":[\"http:\/\/elregionalvm.com.ar\/noticias-villa-maria\/por-las-tardes-funcionaran-dos-nuevos-centros-de-testeos-en-la-ciudad\/#respond\"]}]},{\"@type\":\"WebPage\",\"@id\":\"http:\/\/elregionalvm.com.ar\/noticias-villa-maria\/por-las-tardes-funcionaran-dos-nuevos-centros-de-testeos-en-la-ciudad\/\",\"url\":\"http:\/\/elregionalvm.com.ar\/noticias-villa-maria\/por-las-tardes-funcionaran-dos-nuevos-centros-de-testeos-en-la-ciudad\/\",\"name\":\"Por las tardes funcionar\u00e1n dos nuevos centros de testeos en la ciudad - El Regional\",\"isPartOf\":{\"@id\":\"http:\/\/elregionalvm.com.ar\/noticias-villa-maria\/#website\"},\"primaryImageOfPage\":{\"@id\":\"http:\/\/elregionalvm.com.ar\/noticias-villa-maria\/por-las-tardes-funcionaran-dos-nuevos-centros-de-testeos-en-la-ciudad\/#primaryimage\"},\"image\":{\"@id\":\"http:\/\/elregionalvm.com.ar\/noticias-villa-maria\/por-las-tardes-funcionaran-dos-nuevos-centros-de-testeos-en-la-ciudad\/#primaryimage\"},\"thumbnailUrl\":\"https:\/\/i0.wp.com\/elregionalvm.com.ar\/noticias-villa-maria\/wp-content\/uploads\/2021\/12\/WhatsApp-Image-2021-12-29-at-15.41.39.jpeg?fit=1280%2C853&ssl=1\",\"datePublished\":\"2021-12-29T21:11:59+00:00\",\"dateModified\":\"2021-12-29T21:12:00+00:00\",\"author\":{\"@id\":\"http:\/\/elregionalvm.com.ar\/noticias-villa-maria\/#\/schema\/person\/a0fb9c422317faca23d50163151bc354\"},\"breadcrumb\":{\"@id\":\"http:\/\/elregionalvm.com.ar\/noticias-villa-maria\/por-las-tardes-funcionaran-dos-nuevos-centros-de-testeos-en-la-ciudad\/#breadcrumb\"},\"inLanguage\":\"es\",\"potentialAction\":[{\"@type\":\"ReadAction\",\"target\":[\"http:\/\/elregionalvm.com.ar\/noticias-villa-maria\/por-las-tardes-funcionaran-dos-nuevos-centros-de-testeos-en-la-ciudad\/\"]}]},{\"@type\":\"ImageObject\",\"inLanguage\":\"es\",\"@id\":\"http:\/\/elregionalvm.com.ar\/noticias-villa-maria\/por-las-tardes-funcionaran-dos-nuevos-centros-de-testeos-en-la-ciudad\/#primaryimage\",\"url\":\"https:\/\/i0.wp.com\/elregionalvm.com.ar\/noticias-villa-maria\/wp-content\/uploads\/2021\/12\/WhatsApp-Image-2021-12-29-at-15.41.39.jpeg?fit=1280%2C853&ssl=1\",\"contentUrl\":\"https:\/\/i0.wp.com\/elregionalvm.com.ar\/noticias-villa-maria\/wp-content\/uploads\/2021\/12\/WhatsApp-Image-2021-12-29-at-15.41.39.jpeg?fit=1280%2C853&ssl=1\",\"width\":1280,\"height\":853},{\"@type\":\"BreadcrumbList\",\"@id\":\"http:\/\/elregionalvm.com.ar\/noticias-villa-maria\/por-las-tardes-funcionaran-dos-nuevos-centros-de-testeos-en-la-ciudad\/#breadcrumb\",\"itemListElement\":[{\"@type\":\"ListItem\",\"position\":1,\"name\":\"Portada\",\"item\":\"https:\/\/elregionalvm.com.ar\/noticias-villa-maria\/\"},{\"@type\":\"ListItem\",\"position\":2,\"name\":\"Por las tardes funcionar\u00e1n dos nuevos centros de testeos en la ciudad\"}]},{\"@type\":\"WebSite\",\"@id\":\"http:\/\/elregionalvm.com.ar\/noticias-villa-maria\/#website\",\"url\":\"http:\/\/elregionalvm.com.ar\/noticias-villa-maria\/\",\"name\":\"El Regional\",\"description\":\"Mucho m\u00e1s que informaci\u00f3n\",\"potentialAction\":[{\"@type\":\"SearchAction\",\"target\":{\"@type\":\"EntryPoint\",\"urlTemplate\":\"http:\/\/elregionalvm.com.ar\/noticias-villa-maria\/?s={search_term_string}\"},\"query-input\":{\"@type\":\"PropertyValueSpecification\",\"valueRequired\":true,\"valueName\":\"search_term_string\"}}],\"inLanguage\":\"es\"},{\"@type\":\"Person\",\"@id\":\"http:\/\/elregionalvm.com.ar\/noticias-villa-maria\/#\/schema\/person\/a0fb9c422317faca23d50163151bc354\",\"name\":\"Contenidos El Regional\",\"image\":{\"@type\":\"ImageObject\",\"inLanguage\":\"es\",\"@id\":\"http:\/\/elregionalvm.com.ar\/noticias-villa-maria\/#\/schema\/person\/image\/\",\"url\":\"https:\/\/secure.gravatar.com\/avatar\/265b27cb2209af7bb3a1318f03305787d7981a5cc6e6cd08fe5a4ecdf99d4b48?s=96&d=mm&r=g\",\"contentUrl\":\"https:\/\/secure.gravatar.com\/avatar\/265b27cb2209af7bb3a1318f03305787d7981a5cc6e6cd08fe5a4ecdf99d4b48?s=96&d=mm&r=g\",\"caption\":\"Contenidos El Regional\"},\"url\":\"https:\/\/elregionalvm.com.ar\/noticias-villa-maria\/author\/contenido\/\"}]}<\/script>\n<!-- \/ Yoast SEO plugin. -->","yoast_head_json":{"title":"Por las tardes funcionar\u00e1n dos nuevos centros de testeos en la ciudad - El Regional","robots":{"index":"index","follow":"follow","max-snippet":"max-snippet:-1","max-image-preview":"max-image-preview:large","max-video-preview":"max-video-preview:-1"},"canonical":"http:\/\/elregionalvm.com.ar\/noticias-villa-maria\/por-las-tardes-funcionaran-dos-nuevos-centros-de-testeos-en-la-ciudad\/","og_locale":"es_ES","og_type":"article","og_title":"Por las tardes funcionar\u00e1n dos nuevos centros de testeos en la ciudad - El Regional","og_description":"Frente al aumento de casos positivos de covid en la ciudad y la gran demanda de vecinos y vecinas por realizarse los testeos correspondientes, el municipio puso en marcha dos nuevos puntos para tal fin. A partir de esta tarde, la sede de la UTN y el Centro Vecinal de barrio Almirante Brown funcionar\u00e1n como [&hellip;]","og_url":"http:\/\/elregionalvm.com.ar\/noticias-villa-maria\/por-las-tardes-funcionaran-dos-nuevos-centros-de-testeos-en-la-ciudad\/","og_site_name":"El Regional","article_publisher":"https:\/\/www.facebook.com\/elregionalvm","article_published_time":"2021-12-29T21:11:59+00:00","article_modified_time":"2021-12-29T21:12:00+00:00","og_image":[{"width":1280,"height":853,"url":"http:\/\/elregionalvm.com.ar\/noticias-villa-maria\/wp-content\/uploads\/2021\/12\/WhatsApp-Image-2021-12-29-at-15.41.39.jpeg","type":"image\/jpeg"}],"author":"Contenidos El Regional","twitter_card":"summary_large_image","twitter_creator":"@elregionalvm1","twitter_site":"@elregionalvm1","twitter_misc":{"Escrito por":"Contenidos El Regional","Tiempo de lectura":"2 minutos"},"schema":{"@context":"https:\/\/schema.org","@graph":[{"@type":"Article","@id":"http:\/\/elregionalvm.com.ar\/noticias-villa-maria\/por-las-tardes-funcionaran-dos-nuevos-centros-de-testeos-en-la-ciudad\/#article","isPartOf":{"@id":"http:\/\/elregionalvm.com.ar\/noticias-villa-maria\/por-las-tardes-funcionaran-dos-nuevos-centros-de-testeos-en-la-ciudad\/"},"author":{"name":"Contenidos El Regional","@id":"http:\/\/elregionalvm.com.ar\/noticias-villa-maria\/#\/schema\/person\/a0fb9c422317faca23d50163151bc354"},"headline":"Por las tardes funcionar\u00e1n dos nuevos centros de testeos en la ciudad","datePublished":"2021-12-29T21:11:59+00:00","dateModified":"2021-12-29T21:12:00+00:00","mainEntityOfPage":{"@id":"http:\/\/elregionalvm.com.ar\/noticias-villa-maria\/por-las-tardes-funcionaran-dos-nuevos-centros-de-testeos-en-la-ciudad\/"},"wordCount":327,"commentCount":0,"image":{"@id":"http:\/\/elregionalvm.com.ar\/noticias-villa-maria\/por-las-tardes-funcionaran-dos-nuevos-centros-de-testeos-en-la-ciudad\/#primaryimage"},"thumbnailUrl":"https:\/\/i0.wp.com\/elregionalvm.com.ar\/noticias-villa-maria\/wp-content\/uploads\/2021\/12\/WhatsApp-Image-2021-12-29-at-15.41.39.jpeg?fit=1280%2C853&ssl=1","keywords":["Centro Vecinal de barrio Almirante Brown","destacado","funcionar\u00e1n por la tarde","nuevos centros de testeos","sede de la UTN","Villa Mar\u00eda"],"articleSection":["Coronavirus","Villa Mar\u00eda"],"inLanguage":"es","potentialAction":[{"@type":"CommentAction","name":"Comment","target":["http:\/\/elregionalvm.com.ar\/noticias-villa-maria\/por-las-tardes-funcionaran-dos-nuevos-centros-de-testeos-en-la-ciudad\/#respond"]}]},{"@type":"WebPage","@id":"http:\/\/elregionalvm.com.ar\/noticias-villa-maria\/por-las-tardes-funcionaran-dos-nuevos-centros-de-testeos-en-la-ciudad\/","url":"http:\/\/elregionalvm.com.ar\/noticias-villa-maria\/por-las-tardes-funcionaran-dos-nuevos-centros-de-testeos-en-la-ciudad\/","name":"Por las tardes funcionar\u00e1n dos nuevos centros de testeos en la ciudad - El Regional","isPartOf":{"@id":"http:\/\/elregionalvm.com.ar\/noticias-villa-maria\/#website"},"primaryImageOfPage":{"@id":"http:\/\/elregionalvm.com.ar\/noticias-villa-maria\/por-las-tardes-funcionaran-dos-nuevos-centros-de-testeos-en-la-ciudad\/#primaryimage"},"image":{"@id":"http:\/\/elregionalvm.com.ar\/noticias-villa-maria\/por-las-tardes-funcionaran-dos-nuevos-centros-de-testeos-en-la-ciudad\/#primaryimage"},"thumbnailUrl":"https:\/\/i0.wp.com\/elregionalvm.com.ar\/noticias-villa-maria\/wp-content\/uploads\/2021\/12\/WhatsApp-Image-2021-12-29-at-15.41.39.jpeg?fit=1280%2C853&ssl=1","datePublished":"2021-12-29T21:11:59+00:00","dateModified":"2021-12-29T21:12:00+00:00","author":{"@id":"http:\/\/elregionalvm.com.ar\/noticias-villa-maria\/#\/schema\/person\/a0fb9c422317faca23d50163151bc354"},"breadcrumb":{"@id":"http:\/\/elregionalvm.com.ar\/noticias-villa-maria\/por-las-tardes-funcionaran-dos-nuevos-centros-de-testeos-en-la-ciudad\/#breadcrumb"},"inLanguage":"es","potentialAction":[{"@type":"ReadAction","target":["http:\/\/elregionalvm.com.ar\/noticias-villa-maria\/por-las-tardes-funcionaran-dos-nuevos-centros-de-testeos-en-la-ciudad\/"]}]},{"@type":"ImageObject","inLanguage":"es","@id":"http:\/\/elregionalvm.com.ar\/noticias-villa-maria\/por-las-tardes-funcionaran-dos-nuevos-centros-de-testeos-en-la-ciudad\/#primaryimage","url":"https:\/\/i0.wp.com\/elregionalvm.com.ar\/noticias-villa-maria\/wp-content\/uploads\/2021\/12\/WhatsApp-Image-2021-12-29-at-15.41.39.jpeg?fit=1280%2C853&ssl=1","contentUrl":"https:\/\/i0.wp.com\/elregionalvm.com.ar\/noticias-villa-maria\/wp-content\/uploads\/2021\/12\/WhatsApp-Image-2021-12-29-at-15.41.39.jpeg?fit=1280%2C853&ssl=1","width":1280,"height":853},{"@type":"BreadcrumbList","@id":"http:\/\/elregionalvm.com.ar\/noticias-villa-maria\/por-las-tardes-funcionaran-dos-nuevos-centros-de-testeos-en-la-ciudad\/#breadcrumb","itemListElement":[{"@type":"ListItem","position":1,"name":"Portada","item":"https:\/\/elregionalvm.com.ar\/noticias-villa-maria\/"},{"@type":"ListItem","position":2,"name":"Por las tardes funcionar\u00e1n dos nuevos centros de testeos en la ciudad"}]},{"@type":"WebSite","@id":"http:\/\/elregionalvm.com.ar\/noticias-villa-maria\/#website","url":"http:\/\/elregionalvm.com.ar\/noticias-villa-maria\/","name":"El Regional","description":"Mucho m\u00e1s que informaci\u00f3n","potentialAction":[{"@type":"SearchAction","target":{"@type":"EntryPoint","urlTemplate":"http:\/\/elregionalvm.com.ar\/noticias-villa-maria\/?s={search_term_string}"},"query-input":{"@type":"PropertyValueSpecification","valueRequired":true,"valueName":"search_term_string"}}],"inLanguage":"es"},{"@type":"Person","@id":"http:\/\/elregionalvm.com.ar\/noticias-villa-maria\/#\/schema\/person\/a0fb9c422317faca23d50163151bc354","name":"Contenidos El Regional","image":{"@type":"ImageObject","inLanguage":"es","@id":"http:\/\/elregionalvm.com.ar\/noticias-villa-maria\/#\/schema\/person\/image\/","url":"https:\/\/secure.gravatar.com\/avatar\/265b27cb2209af7bb3a1318f03305787d7981a5cc6e6cd08fe5a4ecdf99d4b48?s=96&d=mm&r=g","contentUrl":"https:\/\/secure.gravatar.com\/avatar\/265b27cb2209af7bb3a1318f03305787d7981a5cc6e6cd08fe5a4ecdf99d4b48?s=96&d=mm&r=g","caption":"Contenidos El Regional"},"url":"https:\/\/elregionalvm.com.ar\/noticias-villa-maria\/author\/contenido\/"}]}},"jetpack_featured_media_url":"https:\/\/i0.wp.com\/elregionalvm.com.ar\/noticias-villa-maria\/wp-content\/uploads\/2021\/12\/WhatsApp-Image-2021-12-29-at-15.41.39.jpeg?fit=1280%2C853&ssl=1","jetpack_sharing_enabled":true,"_links":{"self":[{"href":"https:\/\/elregionalvm.com.ar\/noticias-villa-maria\/wp-json\/wp\/v2\/posts\/50441","targetHints":{"allow":["GET"]}}],"collection":[{"href":"https:\/\/elregionalvm.com.ar\/noticias-villa-maria\/wp-json\/wp\/v2\/posts"}],"about":[{"href":"https:\/\/elregionalvm.com.ar\/noticias-villa-maria\/wp-json\/wp\/v2\/types\/post"}],"author":[{"embeddable":true,"href":"https:\/\/elregionalvm.com.ar\/noticias-villa-maria\/wp-json\/wp\/v2\/users\/4"}],"replies":[{"embeddable":true,"href":"https:\/\/elregionalvm.com.ar\/noticias-villa-maria\/wp-json\/wp\/v2\/comments?post=50441"}],"version-history":[{"count":1,"href":"https:\/\/elregionalvm.com.ar\/noticias-villa-maria\/wp-json\/wp\/v2\/posts\/50441\/revisions"}],"predecessor-version":[{"id":50444,"href":"https:\/\/elregionalvm.com.ar\/noticias-villa-maria\/wp-json\/wp\/v2\/posts\/50441\/revisions\/50444"}],"wp:featuredmedia":[{"embeddable":true,"href":"https:\/\/elregionalvm.com.ar\/noticias-villa-maria\/wp-json\/wp\/v2\/media\/50442"}],"wp:attachment":[{"href":"https:\/\/elregionalvm.com.ar\/noticias-villa-maria\/wp-json\/wp\/v2\/media?parent=50441"}],"wp:term":[{"taxonomy":"category","embeddable":true,"href":"https:\/\/elregionalvm.com.ar\/noticias-villa-maria\/wp-json\/wp\/v2\/categories?post=50441"},{"taxonomy":"post_tag","embeddable":true,"href":"https:\/\/elregionalvm.com.ar\/noticias-villa-maria\/wp-json\/wp\/v2\/tags?post=50441"}],"curies":[{"name":"wp","href":"https:\/\/api.w.org\/{rel}","templated":true}]}}