{"id":50447,"date":"2021-12-29T21:59:28","date_gmt":"2021-12-29T21:59:28","guid":{"rendered":"https:\/\/elregionalvm.com.ar\/noticias-villa-maria\/?p=50447"},"modified":"2021-12-29T21:59:29","modified_gmt":"2021-12-29T21:59:29","slug":"un-ano-de-vacunacion-el-pasteur-distribuyo-mas-de-150-mil-dosis","status":"publish","type":"post","link":"https:\/\/elregionalvm.com.ar\/noticias-villa-maria\/un-ano-de-vacunacion-el-pasteur-distribuyo-mas-de-150-mil-dosis\/","title":{"rendered":"Un a\u00f1o de vacunaci\u00f3n: el Pasteur distribuy\u00f3 m\u00e1s de 150 mil dosis"},"content":{"rendered":"\n<p>En el marco de Plan de Vacunaci\u00f3n Provincial contra el Covid 19, y a un a\u00f1o de la aplicaci\u00f3n de la primera dosis, el Hospital Pasteur super\u00f3 las 150 mil distribuidas a vacunatorios oficiales de nuestra ciudad y la regi\u00f3n.<\/p>\n\n\n\n<p>Andrea Paj\u00f3n, responsable del servicio de Inmunizaciones de la Secretar\u00eda de Programas Regionales confirm\u00f3 que desde el comienzo de la campa\u00f1a a la fecha se llevan distribuidas la siguiente cantidad de dosis: <\/p>\n\n\n\n<p><strong>Sputnik<\/strong>: 41.675<\/p>\n\n\n\n<p><strong>Sinopharm<\/strong>: 48.330<\/p>\n\n\n\n<p><strong>Astra Zeneca<\/strong>: 39.566<\/p>\n\n\n\n<p> <strong>Pfizer<\/strong>: 16.002<\/p>\n\n\n\n<p> <strong>Moderna<\/strong>: 4.494<\/p>\n\n\n\n<p> <strong>Covishield:<\/strong> 90<\/p>\n\n\n\n<p><strong> Cansino<\/strong>: 40<\/p>\n\n\n\n<p>Todas esas dosis fueron asignadas a 22 localidades del los departamentos San Mart\u00edn, Tercero Arriba, Uni\u00f3n y R\u00edo Segundo.<\/p>\n\n\n\n<p>Paj\u00f3n manifest\u00f3 sentir \u201corgullo por este aniversario que expresa el profesionalismo, el compromiso y la vocaci\u00f3n de servicio del gran equipo de Inmunizaciones de la provincia que componen: Nivel Central, equipo de gesti\u00f3n, equipo de sistemas, personal de la c\u00e1mara, referentes, vacunadores, registradores, choferes, administrativos, personal de limpieza y tantos agentes de salud que vienen trabajando ininterrumpidamente para, una vez m\u00e1s, cambiar la historia natural de una enfermedad y hacer realidad el lema de que las vacunas salvan vidas\u00bb.<\/p>\n\n\n\n<figure class=\"wp-block-gallery columns-2 is-cropped wp-block-gallery-1 is-layout-flex wp-block-gallery-is-layout-flex\"><ul class=\"blocks-gallery-grid\"><li class=\"blocks-gallery-item\"><figure><img data-recalc-dims=\"1\" fetchpriority=\"high\" decoding=\"async\" width=\"960\" height=\"640\" src=\"https:\/\/i0.wp.com\/elregionalvm.com.ar\/noticias-villa-maria\/wp-content\/uploads\/2021\/12\/WhatsApp-Image-2021-12-29-at-15.18.57-1.jpeg?resize=960%2C640&#038;ssl=1\" alt=\"\" data-id=\"50449\" data-link=\"https:\/\/elregionalvm.com.ar\/noticias-villa-maria\/?attachment_id=50449\" class=\"wp-image-50449\" srcset=\"https:\/\/i0.wp.com\/elregionalvm.com.ar\/noticias-villa-maria\/wp-content\/uploads\/2021\/12\/WhatsApp-Image-2021-12-29-at-15.18.57-1.jpeg?w=960&amp;ssl=1 960w, https:\/\/i0.wp.com\/elregionalvm.com.ar\/noticias-villa-maria\/wp-content\/uploads\/2021\/12\/WhatsApp-Image-2021-12-29-at-15.18.57-1.jpeg?resize=300%2C200&amp;ssl=1 300w, https:\/\/i0.wp.com\/elregionalvm.com.ar\/noticias-villa-maria\/wp-content\/uploads\/2021\/12\/WhatsApp-Image-2021-12-29-at-15.18.57-1.jpeg?resize=768%2C512&amp;ssl=1 768w\" sizes=\"(max-width: 960px) 100vw, 960px\" \/><\/figure><\/li><li class=\"blocks-gallery-item\"><figure><img data-recalc-dims=\"1\" decoding=\"async\" width=\"960\" height=\"640\" src=\"https:\/\/i0.wp.com\/elregionalvm.com.ar\/noticias-villa-maria\/wp-content\/uploads\/2021\/12\/WhatsApp-Image-2021-12-29-at-15.18.58.jpeg?resize=960%2C640&#038;ssl=1\" alt=\"\" data-id=\"50450\" data-full-url=\"https:\/\/elregionalvm.com.ar\/noticias-villa-maria\/wp-content\/uploads\/2021\/12\/WhatsApp-Image-2021-12-29-at-15.18.58.jpeg\" data-link=\"https:\/\/elregionalvm.com.ar\/noticias-villa-maria\/?attachment_id=50450\" class=\"wp-image-50450\" srcset=\"https:\/\/i0.wp.com\/elregionalvm.com.ar\/noticias-villa-maria\/wp-content\/uploads\/2021\/12\/WhatsApp-Image-2021-12-29-at-15.18.58.jpeg?w=960&amp;ssl=1 960w, https:\/\/i0.wp.com\/elregionalvm.com.ar\/noticias-villa-maria\/wp-content\/uploads\/2021\/12\/WhatsApp-Image-2021-12-29-at-15.18.58.jpeg?resize=300%2C200&amp;ssl=1 300w, https:\/\/i0.wp.com\/elregionalvm.com.ar\/noticias-villa-maria\/wp-content\/uploads\/2021\/12\/WhatsApp-Image-2021-12-29-at-15.18.58.jpeg?resize=768%2C512&amp;ssl=1 768w\" sizes=\"(max-width: 960px) 100vw, 960px\" \/><\/figure><\/li><\/ul><\/figure>\n","protected":false},"excerpt":{"rendered":"<p>En el marco de Plan de Vacunaci\u00f3n Provincial contra el Covid 19, y a un a\u00f1o de la aplicaci\u00f3n de la primera dosis, el Hospital Pasteur super\u00f3 las 150 mil distribuidas a vacunatorios oficiales de nuestra ciudad y la regi\u00f3n. Andrea Paj\u00f3n, responsable del servicio de Inmunizaciones de la Secretar\u00eda de Programas Regionales confirm\u00f3 que [&hellip;]<\/p>\n","protected":false},"author":4,"featured_media":50448,"comment_status":"open","ping_status":"open","sticky":false,"template":"","format":"standard","meta":{"site-sidebar-layout":"default","site-content-layout":"default","ast-site-content-layout":"default","site-content-style":"default","site-sidebar-style":"default","ast-global-header-display":"","ast-banner-title-visibility":"","ast-main-header-display":"","ast-hfb-above-header-display":"","ast-hfb-below-header-display":"","ast-hfb-mobile-header-display":"","site-post-title":"","ast-breadcrumbs-content":"","ast-featured-img":"","footer-sml-layout":"","ast-disable-related-posts":"","theme-transparent-header-meta":"default","adv-header-id-meta":"","stick-header-meta":"","header-above-stick-meta":"","header-main-stick-meta":"","header-below-stick-meta":"","astra-migrate-meta-layouts":"default","ast-page-background-enabled":"default","ast-page-background-meta":{"desktop":{"background-color":"","background-image":"","background-repeat":"repeat","background-position":"center center","background-size":"auto","background-attachment":"scroll","background-type":"","background-media":"","overlay-type":"","overlay-color":"","overlay-opacity":"","overlay-gradient":""},"tablet":{"background-color":"","background-image":"","background-repeat":"repeat","background-position":"center center","background-size":"auto","background-attachment":"scroll","background-type":"","background-media":"","overlay-type":"","overlay-color":"","overlay-opacity":"","overlay-gradient":""},"mobile":{"background-color":"","background-image":"","background-repeat":"repeat","background-position":"center center","background-size":"auto","background-attachment":"scroll","background-type":"","background-media":"","overlay-type":"","overlay-color":"","overlay-opacity":"","overlay-gradient":""}},"ast-content-background-meta":{"desktop":{"background-color":"var(--ast-global-color-5)","background-image":"","background-repeat":"repeat","background-position":"center center","background-size":"auto","background-attachment":"scroll","background-type":"","background-media":"","overlay-type":"","overlay-color":"","overlay-opacity":"","overlay-gradient":""},"tablet":{"background-color":"var(--ast-global-color-5)","background-image":"","background-repeat":"repeat","background-position":"center center","background-size":"auto","background-attachment":"scroll","background-type":"","background-media":"","overlay-type":"","overlay-color":"","overlay-opacity":"","overlay-gradient":""},"mobile":{"background-color":"var(--ast-global-color-5)","background-image":"","background-repeat":"repeat","background-position":"center center","background-size":"auto","background-attachment":"scroll","background-type":"","background-media":"","overlay-type":"","overlay-color":"","overlay-opacity":"","overlay-gradient":""}},"_jetpack_memberships_contains_paid_content":false,"_joinchat":[],"footnotes":""},"categories":[2256,2],"tags":[1997,1232,2130,13025,2318],"class_list":["post-50447","post","type-post","status-publish","format-standard","has-post-thumbnail","hentry","category-coronavirus","category-villa-maria","tag-coronavirus","tag-destacado","tag-hospital-pasteur","tag-un-ano-de-su-implementacion","tag-vacunacion"],"yoast_head":"<!-- This site is optimized with the Yoast SEO plugin v26.8 - https:\/\/yoast.com\/product\/yoast-seo-wordpress\/ -->\n<title>Un a\u00f1o de vacunaci\u00f3n: el Pasteur distribuy\u00f3 m\u00e1s de 150 mil dosis - El Regional<\/title>\n<meta name=\"robots\" content=\"index, follow, max-snippet:-1, max-image-preview:large, max-video-preview:-1\" \/>\n<link rel=\"canonical\" href=\"http:\/\/elregionalvm.com.ar\/noticias-villa-maria\/un-ano-de-vacunacion-el-pasteur-distribuyo-mas-de-150-mil-dosis\/\" \/>\n<meta property=\"og:locale\" content=\"es_ES\" \/>\n<meta property=\"og:type\" content=\"article\" \/>\n<meta property=\"og:title\" content=\"Un a\u00f1o de vacunaci\u00f3n: el Pasteur distribuy\u00f3 m\u00e1s de 150 mil dosis - El Regional\" \/>\n<meta property=\"og:description\" content=\"En el marco de Plan de Vacunaci\u00f3n Provincial contra el Covid 19, y a un a\u00f1o de la aplicaci\u00f3n de la primera dosis, el Hospital Pasteur super\u00f3 las 150 mil distribuidas a vacunatorios oficiales de nuestra ciudad y la regi\u00f3n. Andrea Paj\u00f3n, responsable del servicio de Inmunizaciones de la Secretar\u00eda de Programas Regionales confirm\u00f3 que [&hellip;]\" \/>\n<meta property=\"og:url\" content=\"http:\/\/elregionalvm.com.ar\/noticias-villa-maria\/un-ano-de-vacunacion-el-pasteur-distribuyo-mas-de-150-mil-dosis\/\" \/>\n<meta property=\"og:site_name\" content=\"El Regional\" \/>\n<meta property=\"article:publisher\" content=\"https:\/\/www.facebook.com\/elregionalvm\" \/>\n<meta property=\"article:published_time\" content=\"2021-12-29T21:59:28+00:00\" \/>\n<meta property=\"article:modified_time\" content=\"2021-12-29T21:59:29+00:00\" \/>\n<meta property=\"og:image\" content=\"http:\/\/elregionalvm.com.ar\/noticias-villa-maria\/wp-content\/uploads\/2021\/12\/WhatsApp-Image-2021-12-29-at-15.18.57.jpeg\" \/>\n\t<meta property=\"og:image:width\" content=\"720\" \/>\n\t<meta property=\"og:image:height\" content=\"960\" \/>\n\t<meta property=\"og:image:type\" content=\"image\/jpeg\" \/>\n<meta name=\"author\" content=\"Contenidos El Regional\" \/>\n<meta name=\"twitter:card\" content=\"summary_large_image\" \/>\n<meta name=\"twitter:creator\" content=\"@elregionalvm1\" \/>\n<meta name=\"twitter:site\" content=\"@elregionalvm1\" \/>\n<meta name=\"twitter:label1\" content=\"Escrito por\" \/>\n\t<meta name=\"twitter:data1\" content=\"Contenidos El Regional\" \/>\n\t<meta name=\"twitter:label2\" content=\"Tiempo de lectura\" \/>\n\t<meta name=\"twitter:data2\" content=\"2 minutos\" \/>\n<script type=\"application\/ld+json\" class=\"yoast-schema-graph\">{\"@context\":\"https:\/\/schema.org\",\"@graph\":[{\"@type\":\"Article\",\"@id\":\"http:\/\/elregionalvm.com.ar\/noticias-villa-maria\/un-ano-de-vacunacion-el-pasteur-distribuyo-mas-de-150-mil-dosis\/#article\",\"isPartOf\":{\"@id\":\"http:\/\/elregionalvm.com.ar\/noticias-villa-maria\/un-ano-de-vacunacion-el-pasteur-distribuyo-mas-de-150-mil-dosis\/\"},\"author\":{\"name\":\"Contenidos El Regional\",\"@id\":\"http:\/\/elregionalvm.com.ar\/noticias-villa-maria\/#\/schema\/person\/a0fb9c422317faca23d50163151bc354\"},\"headline\":\"Un a\u00f1o de vacunaci\u00f3n: el Pasteur distribuy\u00f3 m\u00e1s de 150 mil dosis\",\"datePublished\":\"2021-12-29T21:59:28+00:00\",\"dateModified\":\"2021-12-29T21:59:29+00:00\",\"mainEntityOfPage\":{\"@id\":\"http:\/\/elregionalvm.com.ar\/noticias-villa-maria\/un-ano-de-vacunacion-el-pasteur-distribuyo-mas-de-150-mil-dosis\/\"},\"wordCount\":204,\"commentCount\":0,\"image\":{\"@id\":\"http:\/\/elregionalvm.com.ar\/noticias-villa-maria\/un-ano-de-vacunacion-el-pasteur-distribuyo-mas-de-150-mil-dosis\/#primaryimage\"},\"thumbnailUrl\":\"https:\/\/i0.wp.com\/elregionalvm.com.ar\/noticias-villa-maria\/wp-content\/uploads\/2021\/12\/WhatsApp-Image-2021-12-29-at-15.18.57.jpeg?fit=720%2C960&ssl=1\",\"keywords\":[\"Coronavirus\",\"destacado\",\"Hospital Pasteur\",\"un a\u00f1o de su implementaci\u00f3n\",\"Vacunaci\u00f3n\"],\"articleSection\":[\"Coronavirus\",\"Villa Mar\u00eda\"],\"inLanguage\":\"es\",\"potentialAction\":[{\"@type\":\"CommentAction\",\"name\":\"Comment\",\"target\":[\"http:\/\/elregionalvm.com.ar\/noticias-villa-maria\/un-ano-de-vacunacion-el-pasteur-distribuyo-mas-de-150-mil-dosis\/#respond\"]}]},{\"@type\":\"WebPage\",\"@id\":\"http:\/\/elregionalvm.com.ar\/noticias-villa-maria\/un-ano-de-vacunacion-el-pasteur-distribuyo-mas-de-150-mil-dosis\/\",\"url\":\"http:\/\/elregionalvm.com.ar\/noticias-villa-maria\/un-ano-de-vacunacion-el-pasteur-distribuyo-mas-de-150-mil-dosis\/\",\"name\":\"Un a\u00f1o de vacunaci\u00f3n: el Pasteur distribuy\u00f3 m\u00e1s de 150 mil dosis - El Regional\",\"isPartOf\":{\"@id\":\"http:\/\/elregionalvm.com.ar\/noticias-villa-maria\/#website\"},\"primaryImageOfPage\":{\"@id\":\"http:\/\/elregionalvm.com.ar\/noticias-villa-maria\/un-ano-de-vacunacion-el-pasteur-distribuyo-mas-de-150-mil-dosis\/#primaryimage\"},\"image\":{\"@id\":\"http:\/\/elregionalvm.com.ar\/noticias-villa-maria\/un-ano-de-vacunacion-el-pasteur-distribuyo-mas-de-150-mil-dosis\/#primaryimage\"},\"thumbnailUrl\":\"https:\/\/i0.wp.com\/elregionalvm.com.ar\/noticias-villa-maria\/wp-content\/uploads\/2021\/12\/WhatsApp-Image-2021-12-29-at-15.18.57.jpeg?fit=720%2C960&ssl=1\",\"datePublished\":\"2021-12-29T21:59:28+00:00\",\"dateModified\":\"2021-12-29T21:59:29+00:00\",\"author\":{\"@id\":\"http:\/\/elregionalvm.com.ar\/noticias-villa-maria\/#\/schema\/person\/a0fb9c422317faca23d50163151bc354\"},\"breadcrumb\":{\"@id\":\"http:\/\/elregionalvm.com.ar\/noticias-villa-maria\/un-ano-de-vacunacion-el-pasteur-distribuyo-mas-de-150-mil-dosis\/#breadcrumb\"},\"inLanguage\":\"es\",\"potentialAction\":[{\"@type\":\"ReadAction\",\"target\":[\"http:\/\/elregionalvm.com.ar\/noticias-villa-maria\/un-ano-de-vacunacion-el-pasteur-distribuyo-mas-de-150-mil-dosis\/\"]}]},{\"@type\":\"ImageObject\",\"inLanguage\":\"es\",\"@id\":\"http:\/\/elregionalvm.com.ar\/noticias-villa-maria\/un-ano-de-vacunacion-el-pasteur-distribuyo-mas-de-150-mil-dosis\/#primaryimage\",\"url\":\"https:\/\/i0.wp.com\/elregionalvm.com.ar\/noticias-villa-maria\/wp-content\/uploads\/2021\/12\/WhatsApp-Image-2021-12-29-at-15.18.57.jpeg?fit=720%2C960&ssl=1\",\"contentUrl\":\"https:\/\/i0.wp.com\/elregionalvm.com.ar\/noticias-villa-maria\/wp-content\/uploads\/2021\/12\/WhatsApp-Image-2021-12-29-at-15.18.57.jpeg?fit=720%2C960&ssl=1\",\"width\":720,\"height\":960},{\"@type\":\"BreadcrumbList\",\"@id\":\"http:\/\/elregionalvm.com.ar\/noticias-villa-maria\/un-ano-de-vacunacion-el-pasteur-distribuyo-mas-de-150-mil-dosis\/#breadcrumb\",\"itemListElement\":[{\"@type\":\"ListItem\",\"position\":1,\"name\":\"Portada\",\"item\":\"https:\/\/elregionalvm.com.ar\/noticias-villa-maria\/\"},{\"@type\":\"ListItem\",\"position\":2,\"name\":\"Un a\u00f1o de vacunaci\u00f3n: el Pasteur distribuy\u00f3 m\u00e1s de 150 mil dosis\"}]},{\"@type\":\"WebSite\",\"@id\":\"http:\/\/elregionalvm.com.ar\/noticias-villa-maria\/#website\",\"url\":\"http:\/\/elregionalvm.com.ar\/noticias-villa-maria\/\",\"name\":\"El Regional\",\"description\":\"Mucho m\u00e1s que informaci\u00f3n\",\"potentialAction\":[{\"@type\":\"SearchAction\",\"target\":{\"@type\":\"EntryPoint\",\"urlTemplate\":\"http:\/\/elregionalvm.com.ar\/noticias-villa-maria\/?s={search_term_string}\"},\"query-input\":{\"@type\":\"PropertyValueSpecification\",\"valueRequired\":true,\"valueName\":\"search_term_string\"}}],\"inLanguage\":\"es\"},{\"@type\":\"Person\",\"@id\":\"http:\/\/elregionalvm.com.ar\/noticias-villa-maria\/#\/schema\/person\/a0fb9c422317faca23d50163151bc354\",\"name\":\"Contenidos El Regional\",\"image\":{\"@type\":\"ImageObject\",\"inLanguage\":\"es\",\"@id\":\"http:\/\/elregionalvm.com.ar\/noticias-villa-maria\/#\/schema\/person\/image\/\",\"url\":\"https:\/\/secure.gravatar.com\/avatar\/265b27cb2209af7bb3a1318f03305787d7981a5cc6e6cd08fe5a4ecdf99d4b48?s=96&d=mm&r=g\",\"contentUrl\":\"https:\/\/secure.gravatar.com\/avatar\/265b27cb2209af7bb3a1318f03305787d7981a5cc6e6cd08fe5a4ecdf99d4b48?s=96&d=mm&r=g\",\"caption\":\"Contenidos El Regional\"},\"url\":\"https:\/\/elregionalvm.com.ar\/noticias-villa-maria\/author\/contenido\/\"}]}<\/script>\n<!-- \/ Yoast SEO plugin. -->","yoast_head_json":{"title":"Un a\u00f1o de vacunaci\u00f3n: el Pasteur distribuy\u00f3 m\u00e1s de 150 mil dosis - El Regional","robots":{"index":"index","follow":"follow","max-snippet":"max-snippet:-1","max-image-preview":"max-image-preview:large","max-video-preview":"max-video-preview:-1"},"canonical":"http:\/\/elregionalvm.com.ar\/noticias-villa-maria\/un-ano-de-vacunacion-el-pasteur-distribuyo-mas-de-150-mil-dosis\/","og_locale":"es_ES","og_type":"article","og_title":"Un a\u00f1o de vacunaci\u00f3n: el Pasteur distribuy\u00f3 m\u00e1s de 150 mil dosis - El Regional","og_description":"En el marco de Plan de Vacunaci\u00f3n Provincial contra el Covid 19, y a un a\u00f1o de la aplicaci\u00f3n de la primera dosis, el Hospital Pasteur super\u00f3 las 150 mil distribuidas a vacunatorios oficiales de nuestra ciudad y la regi\u00f3n. Andrea Paj\u00f3n, responsable del servicio de Inmunizaciones de la Secretar\u00eda de Programas Regionales confirm\u00f3 que [&hellip;]","og_url":"http:\/\/elregionalvm.com.ar\/noticias-villa-maria\/un-ano-de-vacunacion-el-pasteur-distribuyo-mas-de-150-mil-dosis\/","og_site_name":"El Regional","article_publisher":"https:\/\/www.facebook.com\/elregionalvm","article_published_time":"2021-12-29T21:59:28+00:00","article_modified_time":"2021-12-29T21:59:29+00:00","og_image":[{"width":720,"height":960,"url":"http:\/\/elregionalvm.com.ar\/noticias-villa-maria\/wp-content\/uploads\/2021\/12\/WhatsApp-Image-2021-12-29-at-15.18.57.jpeg","type":"image\/jpeg"}],"author":"Contenidos El Regional","twitter_card":"summary_large_image","twitter_creator":"@elregionalvm1","twitter_site":"@elregionalvm1","twitter_misc":{"Escrito por":"Contenidos El Regional","Tiempo de lectura":"2 minutos"},"schema":{"@context":"https:\/\/schema.org","@graph":[{"@type":"Article","@id":"http:\/\/elregionalvm.com.ar\/noticias-villa-maria\/un-ano-de-vacunacion-el-pasteur-distribuyo-mas-de-150-mil-dosis\/#article","isPartOf":{"@id":"http:\/\/elregionalvm.com.ar\/noticias-villa-maria\/un-ano-de-vacunacion-el-pasteur-distribuyo-mas-de-150-mil-dosis\/"},"author":{"name":"Contenidos El Regional","@id":"http:\/\/elregionalvm.com.ar\/noticias-villa-maria\/#\/schema\/person\/a0fb9c422317faca23d50163151bc354"},"headline":"Un a\u00f1o de vacunaci\u00f3n: el Pasteur distribuy\u00f3 m\u00e1s de 150 mil dosis","datePublished":"2021-12-29T21:59:28+00:00","dateModified":"2021-12-29T21:59:29+00:00","mainEntityOfPage":{"@id":"http:\/\/elregionalvm.com.ar\/noticias-villa-maria\/un-ano-de-vacunacion-el-pasteur-distribuyo-mas-de-150-mil-dosis\/"},"wordCount":204,"commentCount":0,"image":{"@id":"http:\/\/elregionalvm.com.ar\/noticias-villa-maria\/un-ano-de-vacunacion-el-pasteur-distribuyo-mas-de-150-mil-dosis\/#primaryimage"},"thumbnailUrl":"https:\/\/i0.wp.com\/elregionalvm.com.ar\/noticias-villa-maria\/wp-content\/uploads\/2021\/12\/WhatsApp-Image-2021-12-29-at-15.18.57.jpeg?fit=720%2C960&ssl=1","keywords":["Coronavirus","destacado","Hospital Pasteur","un a\u00f1o de su implementaci\u00f3n","Vacunaci\u00f3n"],"articleSection":["Coronavirus","Villa Mar\u00eda"],"inLanguage":"es","potentialAction":[{"@type":"CommentAction","name":"Comment","target":["http:\/\/elregionalvm.com.ar\/noticias-villa-maria\/un-ano-de-vacunacion-el-pasteur-distribuyo-mas-de-150-mil-dosis\/#respond"]}]},{"@type":"WebPage","@id":"http:\/\/elregionalvm.com.ar\/noticias-villa-maria\/un-ano-de-vacunacion-el-pasteur-distribuyo-mas-de-150-mil-dosis\/","url":"http:\/\/elregionalvm.com.ar\/noticias-villa-maria\/un-ano-de-vacunacion-el-pasteur-distribuyo-mas-de-150-mil-dosis\/","name":"Un a\u00f1o de vacunaci\u00f3n: el Pasteur distribuy\u00f3 m\u00e1s de 150 mil dosis - El Regional","isPartOf":{"@id":"http:\/\/elregionalvm.com.ar\/noticias-villa-maria\/#website"},"primaryImageOfPage":{"@id":"http:\/\/elregionalvm.com.ar\/noticias-villa-maria\/un-ano-de-vacunacion-el-pasteur-distribuyo-mas-de-150-mil-dosis\/#primaryimage"},"image":{"@id":"http:\/\/elregionalvm.com.ar\/noticias-villa-maria\/un-ano-de-vacunacion-el-pasteur-distribuyo-mas-de-150-mil-dosis\/#primaryimage"},"thumbnailUrl":"https:\/\/i0.wp.com\/elregionalvm.com.ar\/noticias-villa-maria\/wp-content\/uploads\/2021\/12\/WhatsApp-Image-2021-12-29-at-15.18.57.jpeg?fit=720%2C960&ssl=1","datePublished":"2021-12-29T21:59:28+00:00","dateModified":"2021-12-29T21:59:29+00:00","author":{"@id":"http:\/\/elregionalvm.com.ar\/noticias-villa-maria\/#\/schema\/person\/a0fb9c422317faca23d50163151bc354"},"breadcrumb":{"@id":"http:\/\/elregionalvm.com.ar\/noticias-villa-maria\/un-ano-de-vacunacion-el-pasteur-distribuyo-mas-de-150-mil-dosis\/#breadcrumb"},"inLanguage":"es","potentialAction":[{"@type":"ReadAction","target":["http:\/\/elregionalvm.com.ar\/noticias-villa-maria\/un-ano-de-vacunacion-el-pasteur-distribuyo-mas-de-150-mil-dosis\/"]}]},{"@type":"ImageObject","inLanguage":"es","@id":"http:\/\/elregionalvm.com.ar\/noticias-villa-maria\/un-ano-de-vacunacion-el-pasteur-distribuyo-mas-de-150-mil-dosis\/#primaryimage","url":"https:\/\/i0.wp.com\/elregionalvm.com.ar\/noticias-villa-maria\/wp-content\/uploads\/2021\/12\/WhatsApp-Image-2021-12-29-at-15.18.57.jpeg?fit=720%2C960&ssl=1","contentUrl":"https:\/\/i0.wp.com\/elregionalvm.com.ar\/noticias-villa-maria\/wp-content\/uploads\/2021\/12\/WhatsApp-Image-2021-12-29-at-15.18.57.jpeg?fit=720%2C960&ssl=1","width":720,"height":960},{"@type":"BreadcrumbList","@id":"http:\/\/elregionalvm.com.ar\/noticias-villa-maria\/un-ano-de-vacunacion-el-pasteur-distribuyo-mas-de-150-mil-dosis\/#breadcrumb","itemListElement":[{"@type":"ListItem","position":1,"name":"Portada","item":"https:\/\/elregionalvm.com.ar\/noticias-villa-maria\/"},{"@type":"ListItem","position":2,"name":"Un a\u00f1o de vacunaci\u00f3n: el Pasteur distribuy\u00f3 m\u00e1s de 150 mil dosis"}]},{"@type":"WebSite","@id":"http:\/\/elregionalvm.com.ar\/noticias-villa-maria\/#website","url":"http:\/\/elregionalvm.com.ar\/noticias-villa-maria\/","name":"El Regional","description":"Mucho m\u00e1s que informaci\u00f3n","potentialAction":[{"@type":"SearchAction","target":{"@type":"EntryPoint","urlTemplate":"http:\/\/elregionalvm.com.ar\/noticias-villa-maria\/?s={search_term_string}"},"query-input":{"@type":"PropertyValueSpecification","valueRequired":true,"valueName":"search_term_string"}}],"inLanguage":"es"},{"@type":"Person","@id":"http:\/\/elregionalvm.com.ar\/noticias-villa-maria\/#\/schema\/person\/a0fb9c422317faca23d50163151bc354","name":"Contenidos El Regional","image":{"@type":"ImageObject","inLanguage":"es","@id":"http:\/\/elregionalvm.com.ar\/noticias-villa-maria\/#\/schema\/person\/image\/","url":"https:\/\/secure.gravatar.com\/avatar\/265b27cb2209af7bb3a1318f03305787d7981a5cc6e6cd08fe5a4ecdf99d4b48?s=96&d=mm&r=g","contentUrl":"https:\/\/secure.gravatar.com\/avatar\/265b27cb2209af7bb3a1318f03305787d7981a5cc6e6cd08fe5a4ecdf99d4b48?s=96&d=mm&r=g","caption":"Contenidos El Regional"},"url":"https:\/\/elregionalvm.com.ar\/noticias-villa-maria\/author\/contenido\/"}]}},"jetpack_featured_media_url":"https:\/\/i0.wp.com\/elregionalvm.com.ar\/noticias-villa-maria\/wp-content\/uploads\/2021\/12\/WhatsApp-Image-2021-12-29-at-15.18.57.jpeg?fit=720%2C960&ssl=1","jetpack_sharing_enabled":true,"_links":{"self":[{"href":"https:\/\/elregionalvm.com.ar\/noticias-villa-maria\/wp-json\/wp\/v2\/posts\/50447","targetHints":{"allow":["GET"]}}],"collection":[{"href":"https:\/\/elregionalvm.com.ar\/noticias-villa-maria\/wp-json\/wp\/v2\/posts"}],"about":[{"href":"https:\/\/elregionalvm.com.ar\/noticias-villa-maria\/wp-json\/wp\/v2\/types\/post"}],"author":[{"embeddable":true,"href":"https:\/\/elregionalvm.com.ar\/noticias-villa-maria\/wp-json\/wp\/v2\/users\/4"}],"replies":[{"embeddable":true,"href":"https:\/\/elregionalvm.com.ar\/noticias-villa-maria\/wp-json\/wp\/v2\/comments?post=50447"}],"version-history":[{"count":1,"href":"https:\/\/elregionalvm.com.ar\/noticias-villa-maria\/wp-json\/wp\/v2\/posts\/50447\/revisions"}],"predecessor-version":[{"id":50451,"href":"https:\/\/elregionalvm.com.ar\/noticias-villa-maria\/wp-json\/wp\/v2\/posts\/50447\/revisions\/50451"}],"wp:featuredmedia":[{"embeddable":true,"href":"https:\/\/elregionalvm.com.ar\/noticias-villa-maria\/wp-json\/wp\/v2\/media\/50448"}],"wp:attachment":[{"href":"https:\/\/elregionalvm.com.ar\/noticias-villa-maria\/wp-json\/wp\/v2\/media?parent=50447"}],"wp:term":[{"taxonomy":"category","embeddable":true,"href":"https:\/\/elregionalvm.com.ar\/noticias-villa-maria\/wp-json\/wp\/v2\/categories?post=50447"},{"taxonomy":"post_tag","embeddable":true,"href":"https:\/\/elregionalvm.com.ar\/noticias-villa-maria\/wp-json\/wp\/v2\/tags?post=50447"}],"curies":[{"name":"wp","href":"https:\/\/api.w.org\/{rel}","templated":true}]}}