{"id":50452,"date":"2021-12-29T22:20:18","date_gmt":"2021-12-29T22:20:18","guid":{"rendered":"https:\/\/elregionalvm.com.ar\/noticias-villa-maria\/?p=50452"},"modified":"2021-12-29T22:20:20","modified_gmt":"2021-12-29T22:20:20","slug":"incendio-de-pastizales-en-terrenos-ubicados-al-norte-de-la-ciudad","status":"publish","type":"post","link":"https:\/\/elregionalvm.com.ar\/noticias-villa-maria\/incendio-de-pastizales-en-terrenos-ubicados-al-norte-de-la-ciudad\/","title":{"rendered":"Incendio de pastizales en terrenos ubicados al norte de la ciudad"},"content":{"rendered":"\n<p>Este mi\u00e9rcoles, pasadas las 12 del mediod\u00eda, una densa columna de humo dio la primera se\u00f1al de un incendio en la ciudad. Avisados los bomberos voluntarios, se escucharon varias sirenas, respondiendo con la presencia de algunas unidades para sofocar el fuego que se hab\u00eda generalizado por acci\u00f3n del viento en pastizales.<\/p>\n\n\n\n<p>Seg\u00fan indicaron desde el cuartel, los terrenos afectados pertenecen a una extensa franja de loteos que se desarrollan a la vera de la colectora de la autopista, y se extendieron entre el acceso de la calle Buenos Aires y la ruta N\u00ba 158.<\/p>\n\n\n\n<p>Luego del trabajo oportuno de los servidores p\u00fablicos lograron sofocar el foco \u00edgneo que hab\u00eda dejado un fuerte olor a humo en gran parte de la ciudad. <\/p>\n","protected":false},"excerpt":{"rendered":"<p>Este mi\u00e9rcoles, pasadas las 12 del mediod\u00eda, una densa columna de humo dio la primera se\u00f1al de un incendio en la ciudad. Avisados los bomberos voluntarios, se escucharon varias sirenas, respondiendo con la presencia de algunas unidades para sofocar el fuego que se hab\u00eda generalizado por acci\u00f3n del viento en pastizales. Seg\u00fan indicaron desde el [&hellip;]<\/p>\n","protected":false},"author":4,"featured_media":50453,"comment_status":"open","ping_status":"open","sticky":false,"template":"","format":"standard","meta":{"site-sidebar-layout":"default","site-content-layout":"default","ast-site-content-layout":"default","site-content-style":"default","site-sidebar-style":"default","ast-global-header-display":"","ast-banner-title-visibility":"","ast-main-header-display":"","ast-hfb-above-header-display":"","ast-hfb-below-header-display":"","ast-hfb-mobile-header-display":"","site-post-title":"","ast-breadcrumbs-content":"","ast-featured-img":"","footer-sml-layout":"","ast-disable-related-posts":"","theme-transparent-header-meta":"default","adv-header-id-meta":"","stick-header-meta":"","header-above-stick-meta":"","header-main-stick-meta":"","header-below-stick-meta":"","astra-migrate-meta-layouts":"default","ast-page-background-enabled":"default","ast-page-background-meta":{"desktop":{"background-color":"","background-image":"","background-repeat":"repeat","background-position":"center center","background-size":"auto","background-attachment":"scroll","background-type":"","background-media":"","overlay-type":"","overlay-color":"","overlay-opacity":"","overlay-gradient":""},"tablet":{"background-color":"","background-image":"","background-repeat":"repeat","background-position":"center center","background-size":"auto","background-attachment":"scroll","background-type":"","background-media":"","overlay-type":"","overlay-color":"","overlay-opacity":"","overlay-gradient":""},"mobile":{"background-color":"","background-image":"","background-repeat":"repeat","background-position":"center center","background-size":"auto","background-attachment":"scroll","background-type":"","background-media":"","overlay-type":"","overlay-color":"","overlay-opacity":"","overlay-gradient":""}},"ast-content-background-meta":{"desktop":{"background-color":"var(--ast-global-color-5)","background-image":"","background-repeat":"repeat","background-position":"center center","background-size":"auto","background-attachment":"scroll","background-type":"","background-media":"","overlay-type":"","overlay-color":"","overlay-opacity":"","overlay-gradient":""},"tablet":{"background-color":"var(--ast-global-color-5)","background-image":"","background-repeat":"repeat","background-position":"center center","background-size":"auto","background-attachment":"scroll","background-type":"","background-media":"","overlay-type":"","overlay-color":"","overlay-opacity":"","overlay-gradient":""},"mobile":{"background-color":"var(--ast-global-color-5)","background-image":"","background-repeat":"repeat","background-position":"center center","background-size":"auto","background-attachment":"scroll","background-type":"","background-media":"","overlay-type":"","overlay-color":"","overlay-opacity":"","overlay-gradient":""}},"_jetpack_memberships_contains_paid_content":false,"_joinchat":[],"footnotes":""},"categories":[2],"tags":[5536,13027,1232,1487,3125,2248,13026],"class_list":["post-50452","post","type-post","status-publish","format-standard","has-post-thumbnail","hentry","category-villa-maria","tag-bomberos-villa-maria","tag-densa-humareda","tag-destacado","tag-incendio","tag-pastizales","tag-villa-maria-2","tag-zona-norte"],"yoast_head":"<!-- This site is optimized with the Yoast SEO plugin v26.8 - https:\/\/yoast.com\/product\/yoast-seo-wordpress\/ -->\n<title>Incendio de pastizales en terrenos ubicados al norte de la ciudad - El Regional<\/title>\n<meta name=\"robots\" content=\"index, follow, max-snippet:-1, max-image-preview:large, max-video-preview:-1\" \/>\n<link rel=\"canonical\" href=\"http:\/\/elregionalvm.com.ar\/noticias-villa-maria\/incendio-de-pastizales-en-terrenos-ubicados-al-norte-de-la-ciudad\/\" \/>\n<meta property=\"og:locale\" content=\"es_ES\" \/>\n<meta property=\"og:type\" content=\"article\" \/>\n<meta property=\"og:title\" content=\"Incendio de pastizales en terrenos ubicados al norte de la ciudad - El Regional\" \/>\n<meta property=\"og:description\" content=\"Este mi\u00e9rcoles, pasadas las 12 del mediod\u00eda, una densa columna de humo dio la primera se\u00f1al de un incendio en la ciudad. Avisados los bomberos voluntarios, se escucharon varias sirenas, respondiendo con la presencia de algunas unidades para sofocar el fuego que se hab\u00eda generalizado por acci\u00f3n del viento en pastizales. Seg\u00fan indicaron desde el [&hellip;]\" \/>\n<meta property=\"og:url\" content=\"http:\/\/elregionalvm.com.ar\/noticias-villa-maria\/incendio-de-pastizales-en-terrenos-ubicados-al-norte-de-la-ciudad\/\" \/>\n<meta property=\"og:site_name\" content=\"El Regional\" \/>\n<meta property=\"article:publisher\" content=\"https:\/\/www.facebook.com\/elregionalvm\" \/>\n<meta property=\"article:published_time\" content=\"2021-12-29T22:20:18+00:00\" \/>\n<meta property=\"article:modified_time\" content=\"2021-12-29T22:20:20+00:00\" \/>\n<meta property=\"og:image\" content=\"http:\/\/elregionalvm.com.ar\/noticias-villa-maria\/wp-content\/uploads\/2021\/12\/WhatsApp-Image-2021-12-29-at-13.18.17.jpeg\" \/>\n\t<meta property=\"og:image:width\" content=\"1280\" \/>\n\t<meta property=\"og:image:height\" content=\"960\" \/>\n\t<meta property=\"og:image:type\" content=\"image\/jpeg\" \/>\n<meta name=\"author\" content=\"Contenidos El Regional\" \/>\n<meta name=\"twitter:card\" content=\"summary_large_image\" \/>\n<meta name=\"twitter:creator\" content=\"@elregionalvm1\" \/>\n<meta name=\"twitter:site\" content=\"@elregionalvm1\" \/>\n<meta name=\"twitter:label1\" content=\"Escrito por\" \/>\n\t<meta name=\"twitter:data1\" content=\"Contenidos El Regional\" \/>\n\t<meta name=\"twitter:label2\" content=\"Tiempo de lectura\" \/>\n\t<meta name=\"twitter:data2\" content=\"1 minuto\" \/>\n<script type=\"application\/ld+json\" class=\"yoast-schema-graph\">{\"@context\":\"https:\/\/schema.org\",\"@graph\":[{\"@type\":\"Article\",\"@id\":\"http:\/\/elregionalvm.com.ar\/noticias-villa-maria\/incendio-de-pastizales-en-terrenos-ubicados-al-norte-de-la-ciudad\/#article\",\"isPartOf\":{\"@id\":\"http:\/\/elregionalvm.com.ar\/noticias-villa-maria\/incendio-de-pastizales-en-terrenos-ubicados-al-norte-de-la-ciudad\/\"},\"author\":{\"name\":\"Contenidos El Regional\",\"@id\":\"http:\/\/elregionalvm.com.ar\/noticias-villa-maria\/#\/schema\/person\/a0fb9c422317faca23d50163151bc354\"},\"headline\":\"Incendio de pastizales en terrenos ubicados al norte de la ciudad\",\"datePublished\":\"2021-12-29T22:20:18+00:00\",\"dateModified\":\"2021-12-29T22:20:20+00:00\",\"mainEntityOfPage\":{\"@id\":\"http:\/\/elregionalvm.com.ar\/noticias-villa-maria\/incendio-de-pastizales-en-terrenos-ubicados-al-norte-de-la-ciudad\/\"},\"wordCount\":138,\"commentCount\":0,\"image\":{\"@id\":\"http:\/\/elregionalvm.com.ar\/noticias-villa-maria\/incendio-de-pastizales-en-terrenos-ubicados-al-norte-de-la-ciudad\/#primaryimage\"},\"thumbnailUrl\":\"https:\/\/i0.wp.com\/elregionalvm.com.ar\/noticias-villa-maria\/wp-content\/uploads\/2021\/12\/WhatsApp-Image-2021-12-29-at-13.18.17.jpeg?fit=1280%2C960&ssl=1\",\"keywords\":[\"Bomberos Villa Mar\u00eda\",\"densa humareda\",\"destacado\",\"Incendio\",\"pastizales\",\"Villa Mar\u00eda\",\"zona norte\"],\"articleSection\":[\"Villa Mar\u00eda\"],\"inLanguage\":\"es\",\"potentialAction\":[{\"@type\":\"CommentAction\",\"name\":\"Comment\",\"target\":[\"http:\/\/elregionalvm.com.ar\/noticias-villa-maria\/incendio-de-pastizales-en-terrenos-ubicados-al-norte-de-la-ciudad\/#respond\"]}]},{\"@type\":\"WebPage\",\"@id\":\"http:\/\/elregionalvm.com.ar\/noticias-villa-maria\/incendio-de-pastizales-en-terrenos-ubicados-al-norte-de-la-ciudad\/\",\"url\":\"http:\/\/elregionalvm.com.ar\/noticias-villa-maria\/incendio-de-pastizales-en-terrenos-ubicados-al-norte-de-la-ciudad\/\",\"name\":\"Incendio de pastizales en terrenos ubicados al norte de la ciudad - El Regional\",\"isPartOf\":{\"@id\":\"http:\/\/elregionalvm.com.ar\/noticias-villa-maria\/#website\"},\"primaryImageOfPage\":{\"@id\":\"http:\/\/elregionalvm.com.ar\/noticias-villa-maria\/incendio-de-pastizales-en-terrenos-ubicados-al-norte-de-la-ciudad\/#primaryimage\"},\"image\":{\"@id\":\"http:\/\/elregionalvm.com.ar\/noticias-villa-maria\/incendio-de-pastizales-en-terrenos-ubicados-al-norte-de-la-ciudad\/#primaryimage\"},\"thumbnailUrl\":\"https:\/\/i0.wp.com\/elregionalvm.com.ar\/noticias-villa-maria\/wp-content\/uploads\/2021\/12\/WhatsApp-Image-2021-12-29-at-13.18.17.jpeg?fit=1280%2C960&ssl=1\",\"datePublished\":\"2021-12-29T22:20:18+00:00\",\"dateModified\":\"2021-12-29T22:20:20+00:00\",\"author\":{\"@id\":\"http:\/\/elregionalvm.com.ar\/noticias-villa-maria\/#\/schema\/person\/a0fb9c422317faca23d50163151bc354\"},\"breadcrumb\":{\"@id\":\"http:\/\/elregionalvm.com.ar\/noticias-villa-maria\/incendio-de-pastizales-en-terrenos-ubicados-al-norte-de-la-ciudad\/#breadcrumb\"},\"inLanguage\":\"es\",\"potentialAction\":[{\"@type\":\"ReadAction\",\"target\":[\"http:\/\/elregionalvm.com.ar\/noticias-villa-maria\/incendio-de-pastizales-en-terrenos-ubicados-al-norte-de-la-ciudad\/\"]}]},{\"@type\":\"ImageObject\",\"inLanguage\":\"es\",\"@id\":\"http:\/\/elregionalvm.com.ar\/noticias-villa-maria\/incendio-de-pastizales-en-terrenos-ubicados-al-norte-de-la-ciudad\/#primaryimage\",\"url\":\"https:\/\/i0.wp.com\/elregionalvm.com.ar\/noticias-villa-maria\/wp-content\/uploads\/2021\/12\/WhatsApp-Image-2021-12-29-at-13.18.17.jpeg?fit=1280%2C960&ssl=1\",\"contentUrl\":\"https:\/\/i0.wp.com\/elregionalvm.com.ar\/noticias-villa-maria\/wp-content\/uploads\/2021\/12\/WhatsApp-Image-2021-12-29-at-13.18.17.jpeg?fit=1280%2C960&ssl=1\",\"width\":1280,\"height\":960},{\"@type\":\"BreadcrumbList\",\"@id\":\"http:\/\/elregionalvm.com.ar\/noticias-villa-maria\/incendio-de-pastizales-en-terrenos-ubicados-al-norte-de-la-ciudad\/#breadcrumb\",\"itemListElement\":[{\"@type\":\"ListItem\",\"position\":1,\"name\":\"Portada\",\"item\":\"https:\/\/elregionalvm.com.ar\/noticias-villa-maria\/\"},{\"@type\":\"ListItem\",\"position\":2,\"name\":\"Incendio de pastizales en terrenos ubicados al norte de la ciudad\"}]},{\"@type\":\"WebSite\",\"@id\":\"http:\/\/elregionalvm.com.ar\/noticias-villa-maria\/#website\",\"url\":\"http:\/\/elregionalvm.com.ar\/noticias-villa-maria\/\",\"name\":\"El Regional\",\"description\":\"Mucho m\u00e1s que informaci\u00f3n\",\"potentialAction\":[{\"@type\":\"SearchAction\",\"target\":{\"@type\":\"EntryPoint\",\"urlTemplate\":\"http:\/\/elregionalvm.com.ar\/noticias-villa-maria\/?s={search_term_string}\"},\"query-input\":{\"@type\":\"PropertyValueSpecification\",\"valueRequired\":true,\"valueName\":\"search_term_string\"}}],\"inLanguage\":\"es\"},{\"@type\":\"Person\",\"@id\":\"http:\/\/elregionalvm.com.ar\/noticias-villa-maria\/#\/schema\/person\/a0fb9c422317faca23d50163151bc354\",\"name\":\"Contenidos El Regional\",\"image\":{\"@type\":\"ImageObject\",\"inLanguage\":\"es\",\"@id\":\"http:\/\/elregionalvm.com.ar\/noticias-villa-maria\/#\/schema\/person\/image\/\",\"url\":\"https:\/\/secure.gravatar.com\/avatar\/265b27cb2209af7bb3a1318f03305787d7981a5cc6e6cd08fe5a4ecdf99d4b48?s=96&d=mm&r=g\",\"contentUrl\":\"https:\/\/secure.gravatar.com\/avatar\/265b27cb2209af7bb3a1318f03305787d7981a5cc6e6cd08fe5a4ecdf99d4b48?s=96&d=mm&r=g\",\"caption\":\"Contenidos El Regional\"},\"url\":\"https:\/\/elregionalvm.com.ar\/noticias-villa-maria\/author\/contenido\/\"}]}<\/script>\n<!-- \/ Yoast SEO plugin. -->","yoast_head_json":{"title":"Incendio de pastizales en terrenos ubicados al norte de la ciudad - El Regional","robots":{"index":"index","follow":"follow","max-snippet":"max-snippet:-1","max-image-preview":"max-image-preview:large","max-video-preview":"max-video-preview:-1"},"canonical":"http:\/\/elregionalvm.com.ar\/noticias-villa-maria\/incendio-de-pastizales-en-terrenos-ubicados-al-norte-de-la-ciudad\/","og_locale":"es_ES","og_type":"article","og_title":"Incendio de pastizales en terrenos ubicados al norte de la ciudad - El Regional","og_description":"Este mi\u00e9rcoles, pasadas las 12 del mediod\u00eda, una densa columna de humo dio la primera se\u00f1al de un incendio en la ciudad. Avisados los bomberos voluntarios, se escucharon varias sirenas, respondiendo con la presencia de algunas unidades para sofocar el fuego que se hab\u00eda generalizado por acci\u00f3n del viento en pastizales. Seg\u00fan indicaron desde el [&hellip;]","og_url":"http:\/\/elregionalvm.com.ar\/noticias-villa-maria\/incendio-de-pastizales-en-terrenos-ubicados-al-norte-de-la-ciudad\/","og_site_name":"El Regional","article_publisher":"https:\/\/www.facebook.com\/elregionalvm","article_published_time":"2021-12-29T22:20:18+00:00","article_modified_time":"2021-12-29T22:20:20+00:00","og_image":[{"width":1280,"height":960,"url":"http:\/\/elregionalvm.com.ar\/noticias-villa-maria\/wp-content\/uploads\/2021\/12\/WhatsApp-Image-2021-12-29-at-13.18.17.jpeg","type":"image\/jpeg"}],"author":"Contenidos El Regional","twitter_card":"summary_large_image","twitter_creator":"@elregionalvm1","twitter_site":"@elregionalvm1","twitter_misc":{"Escrito por":"Contenidos El Regional","Tiempo de lectura":"1 minuto"},"schema":{"@context":"https:\/\/schema.org","@graph":[{"@type":"Article","@id":"http:\/\/elregionalvm.com.ar\/noticias-villa-maria\/incendio-de-pastizales-en-terrenos-ubicados-al-norte-de-la-ciudad\/#article","isPartOf":{"@id":"http:\/\/elregionalvm.com.ar\/noticias-villa-maria\/incendio-de-pastizales-en-terrenos-ubicados-al-norte-de-la-ciudad\/"},"author":{"name":"Contenidos El Regional","@id":"http:\/\/elregionalvm.com.ar\/noticias-villa-maria\/#\/schema\/person\/a0fb9c422317faca23d50163151bc354"},"headline":"Incendio de pastizales en terrenos ubicados al norte de la ciudad","datePublished":"2021-12-29T22:20:18+00:00","dateModified":"2021-12-29T22:20:20+00:00","mainEntityOfPage":{"@id":"http:\/\/elregionalvm.com.ar\/noticias-villa-maria\/incendio-de-pastizales-en-terrenos-ubicados-al-norte-de-la-ciudad\/"},"wordCount":138,"commentCount":0,"image":{"@id":"http:\/\/elregionalvm.com.ar\/noticias-villa-maria\/incendio-de-pastizales-en-terrenos-ubicados-al-norte-de-la-ciudad\/#primaryimage"},"thumbnailUrl":"https:\/\/i0.wp.com\/elregionalvm.com.ar\/noticias-villa-maria\/wp-content\/uploads\/2021\/12\/WhatsApp-Image-2021-12-29-at-13.18.17.jpeg?fit=1280%2C960&ssl=1","keywords":["Bomberos Villa Mar\u00eda","densa humareda","destacado","Incendio","pastizales","Villa Mar\u00eda","zona norte"],"articleSection":["Villa Mar\u00eda"],"inLanguage":"es","potentialAction":[{"@type":"CommentAction","name":"Comment","target":["http:\/\/elregionalvm.com.ar\/noticias-villa-maria\/incendio-de-pastizales-en-terrenos-ubicados-al-norte-de-la-ciudad\/#respond"]}]},{"@type":"WebPage","@id":"http:\/\/elregionalvm.com.ar\/noticias-villa-maria\/incendio-de-pastizales-en-terrenos-ubicados-al-norte-de-la-ciudad\/","url":"http:\/\/elregionalvm.com.ar\/noticias-villa-maria\/incendio-de-pastizales-en-terrenos-ubicados-al-norte-de-la-ciudad\/","name":"Incendio de pastizales en terrenos ubicados al norte de la ciudad - El Regional","isPartOf":{"@id":"http:\/\/elregionalvm.com.ar\/noticias-villa-maria\/#website"},"primaryImageOfPage":{"@id":"http:\/\/elregionalvm.com.ar\/noticias-villa-maria\/incendio-de-pastizales-en-terrenos-ubicados-al-norte-de-la-ciudad\/#primaryimage"},"image":{"@id":"http:\/\/elregionalvm.com.ar\/noticias-villa-maria\/incendio-de-pastizales-en-terrenos-ubicados-al-norte-de-la-ciudad\/#primaryimage"},"thumbnailUrl":"https:\/\/i0.wp.com\/elregionalvm.com.ar\/noticias-villa-maria\/wp-content\/uploads\/2021\/12\/WhatsApp-Image-2021-12-29-at-13.18.17.jpeg?fit=1280%2C960&ssl=1","datePublished":"2021-12-29T22:20:18+00:00","dateModified":"2021-12-29T22:20:20+00:00","author":{"@id":"http:\/\/elregionalvm.com.ar\/noticias-villa-maria\/#\/schema\/person\/a0fb9c422317faca23d50163151bc354"},"breadcrumb":{"@id":"http:\/\/elregionalvm.com.ar\/noticias-villa-maria\/incendio-de-pastizales-en-terrenos-ubicados-al-norte-de-la-ciudad\/#breadcrumb"},"inLanguage":"es","potentialAction":[{"@type":"ReadAction","target":["http:\/\/elregionalvm.com.ar\/noticias-villa-maria\/incendio-de-pastizales-en-terrenos-ubicados-al-norte-de-la-ciudad\/"]}]},{"@type":"ImageObject","inLanguage":"es","@id":"http:\/\/elregionalvm.com.ar\/noticias-villa-maria\/incendio-de-pastizales-en-terrenos-ubicados-al-norte-de-la-ciudad\/#primaryimage","url":"https:\/\/i0.wp.com\/elregionalvm.com.ar\/noticias-villa-maria\/wp-content\/uploads\/2021\/12\/WhatsApp-Image-2021-12-29-at-13.18.17.jpeg?fit=1280%2C960&ssl=1","contentUrl":"https:\/\/i0.wp.com\/elregionalvm.com.ar\/noticias-villa-maria\/wp-content\/uploads\/2021\/12\/WhatsApp-Image-2021-12-29-at-13.18.17.jpeg?fit=1280%2C960&ssl=1","width":1280,"height":960},{"@type":"BreadcrumbList","@id":"http:\/\/elregionalvm.com.ar\/noticias-villa-maria\/incendio-de-pastizales-en-terrenos-ubicados-al-norte-de-la-ciudad\/#breadcrumb","itemListElement":[{"@type":"ListItem","position":1,"name":"Portada","item":"https:\/\/elregionalvm.com.ar\/noticias-villa-maria\/"},{"@type":"ListItem","position":2,"name":"Incendio de pastizales en terrenos ubicados al norte de la ciudad"}]},{"@type":"WebSite","@id":"http:\/\/elregionalvm.com.ar\/noticias-villa-maria\/#website","url":"http:\/\/elregionalvm.com.ar\/noticias-villa-maria\/","name":"El Regional","description":"Mucho m\u00e1s que informaci\u00f3n","potentialAction":[{"@type":"SearchAction","target":{"@type":"EntryPoint","urlTemplate":"http:\/\/elregionalvm.com.ar\/noticias-villa-maria\/?s={search_term_string}"},"query-input":{"@type":"PropertyValueSpecification","valueRequired":true,"valueName":"search_term_string"}}],"inLanguage":"es"},{"@type":"Person","@id":"http:\/\/elregionalvm.com.ar\/noticias-villa-maria\/#\/schema\/person\/a0fb9c422317faca23d50163151bc354","name":"Contenidos El Regional","image":{"@type":"ImageObject","inLanguage":"es","@id":"http:\/\/elregionalvm.com.ar\/noticias-villa-maria\/#\/schema\/person\/image\/","url":"https:\/\/secure.gravatar.com\/avatar\/265b27cb2209af7bb3a1318f03305787d7981a5cc6e6cd08fe5a4ecdf99d4b48?s=96&d=mm&r=g","contentUrl":"https:\/\/secure.gravatar.com\/avatar\/265b27cb2209af7bb3a1318f03305787d7981a5cc6e6cd08fe5a4ecdf99d4b48?s=96&d=mm&r=g","caption":"Contenidos El Regional"},"url":"https:\/\/elregionalvm.com.ar\/noticias-villa-maria\/author\/contenido\/"}]}},"jetpack_featured_media_url":"https:\/\/i0.wp.com\/elregionalvm.com.ar\/noticias-villa-maria\/wp-content\/uploads\/2021\/12\/WhatsApp-Image-2021-12-29-at-13.18.17.jpeg?fit=1280%2C960&ssl=1","jetpack_sharing_enabled":true,"_links":{"self":[{"href":"https:\/\/elregionalvm.com.ar\/noticias-villa-maria\/wp-json\/wp\/v2\/posts\/50452","targetHints":{"allow":["GET"]}}],"collection":[{"href":"https:\/\/elregionalvm.com.ar\/noticias-villa-maria\/wp-json\/wp\/v2\/posts"}],"about":[{"href":"https:\/\/elregionalvm.com.ar\/noticias-villa-maria\/wp-json\/wp\/v2\/types\/post"}],"author":[{"embeddable":true,"href":"https:\/\/elregionalvm.com.ar\/noticias-villa-maria\/wp-json\/wp\/v2\/users\/4"}],"replies":[{"embeddable":true,"href":"https:\/\/elregionalvm.com.ar\/noticias-villa-maria\/wp-json\/wp\/v2\/comments?post=50452"}],"version-history":[{"count":1,"href":"https:\/\/elregionalvm.com.ar\/noticias-villa-maria\/wp-json\/wp\/v2\/posts\/50452\/revisions"}],"predecessor-version":[{"id":50454,"href":"https:\/\/elregionalvm.com.ar\/noticias-villa-maria\/wp-json\/wp\/v2\/posts\/50452\/revisions\/50454"}],"wp:featuredmedia":[{"embeddable":true,"href":"https:\/\/elregionalvm.com.ar\/noticias-villa-maria\/wp-json\/wp\/v2\/media\/50453"}],"wp:attachment":[{"href":"https:\/\/elregionalvm.com.ar\/noticias-villa-maria\/wp-json\/wp\/v2\/media?parent=50452"}],"wp:term":[{"taxonomy":"category","embeddable":true,"href":"https:\/\/elregionalvm.com.ar\/noticias-villa-maria\/wp-json\/wp\/v2\/categories?post=50452"},{"taxonomy":"post_tag","embeddable":true,"href":"https:\/\/elregionalvm.com.ar\/noticias-villa-maria\/wp-json\/wp\/v2\/tags?post=50452"}],"curies":[{"name":"wp","href":"https:\/\/api.w.org\/{rel}","templated":true}]}}