{"id":50455,"date":"2021-12-29T23:02:09","date_gmt":"2021-12-29T23:02:09","guid":{"rendered":"https:\/\/elregionalvm.com.ar\/noticias-villa-maria\/?p=50455"},"modified":"2021-12-29T23:02:11","modified_gmt":"2021-12-29T23:02:11","slug":"dos-accidentes-y-detenidos-por-diversos-hechos","status":"publish","type":"post","link":"https:\/\/elregionalvm.com.ar\/noticias-villa-maria\/dos-accidentes-y-detenidos-por-diversos-hechos\/","title":{"rendered":"Dos accidentes y detenidos por diversos hechos"},"content":{"rendered":"\n<p>En las intersecci\u00f3n de las calles Catamarca y Bv. Italia, ayer por la tarde ocurri\u00f3 un  accidente de tr\u00e1nsito, en el que por causa que se tratan de establecer, un autom\u00f3vil Chevrolet Corsa, conducido por una mujer de 67 a\u00f1os de edad, colision\u00f3 con una motocicleta marca Honda Wave, en la que iba una mujer de 23 a\u00f1os de edad. <\/p>\n\n\n\n<p>Por lo sucedido, bomberos voluntarios trasladaron a la conductora del rodado menor al Hospital Regional Pasteur, a quien le diagnosticaron lesiones de car\u00e1cter leves<\/p>\n\n\n\n<p id=\"block-7ee31262-d46f-46bf-87b6-f5dfb89eb15c\"> <strong>B\u00ba San Justo: otro accidente  <\/strong><\/p>\n\n\n\n<p id=\"block-489a6585-f577-4d52-91ce-dbc04d7a481b\">Esta ma\u00f1ana, a las 09.30,  en las calles Manuel Ocampo y Mart\u00ednez Mendoza, ocurri\u00f3 un accidente de tr\u00e1nsito, en el que por causa que se tratan de establecer, un autom\u00f3vil marca Logan, perteneciente a la empresa de taxis \u201cDonald\u201d, conducido por un hombre de 58 a\u00f1os de edad, colision\u00f3 con una motocicleta marca Honda, modelo elite, conducida por una mujer de 67 a\u00f1os de edad. <\/p>\n\n\n\n<p id=\"block-489a6585-f577-4d52-91ce-dbc04d7a481b\">Por lo sucedido, bomberos voluntarios trasladaron a la conductora del rodado menor, al Hospital  y all\u00ed le diagnosticaron lesiones de car\u00e1cter graves, tales como fractura de tibia y peron\u00e9 izquierdos. (Foto principal)<\/p>\n\n\n\n<p><strong>B\u00ba Lamadrid: resistencia a la autoridad y lesiones leves<\/strong><\/p>\n\n\n\n<p>Pasada la medianoche, personal de monitoreo alert\u00f3 a la patrulla que en la intersecci\u00f3n de Alvear y Sarmiento, observ\u00f3 a dos hombres discutiendo y uno de ellos portando aparentemente un arma blanca en la cintura.<\/p>\n\n\n\n<p>Al notar la presencia policial, ambos se dan a la fuga hacia el interior de la terminal de \u00f3mnibus. lugar donde se logra la aprehensi\u00f3n de uno de ellos, quien se opuso a la misma ocasionando lesiones leves al personal actuante. El sujeto detenido, tiene 32 a\u00f1os de edad,\u00a0 y se le endilga la comision de los delitos de \u201cdesobediencia a la autoridad y lesiones leves\u201d<\/p>\n\n\n\n<div class=\"wp-block-image\"><figure class=\"aligncenter size-large is-resized\"><img data-recalc-dims=\"1\" fetchpriority=\"high\" decoding=\"async\" src=\"https:\/\/i0.wp.com\/elregionalvm.com.ar\/noticias-villa-maria\/wp-content\/uploads\/2021\/12\/WhatsApp-Image-2021-12-29-at-08.53.03.jpeg?resize=437%2C583&#038;ssl=1\" alt=\"\" class=\"wp-image-50458\" width=\"437\" height=\"583\" srcset=\"https:\/\/i0.wp.com\/elregionalvm.com.ar\/noticias-villa-maria\/wp-content\/uploads\/2021\/12\/WhatsApp-Image-2021-12-29-at-08.53.03.jpeg?resize=768%2C1024&amp;ssl=1 768w, https:\/\/i0.wp.com\/elregionalvm.com.ar\/noticias-villa-maria\/wp-content\/uploads\/2021\/12\/WhatsApp-Image-2021-12-29-at-08.53.03.jpeg?resize=225%2C300&amp;ssl=1 225w, https:\/\/i0.wp.com\/elregionalvm.com.ar\/noticias-villa-maria\/wp-content\/uploads\/2021\/12\/WhatsApp-Image-2021-12-29-at-08.53.03.jpeg?w=960&amp;ssl=1 960w\" sizes=\"(max-width: 437px) 100vw, 437px\" \/><\/figure><\/div>\n\n\n\n<p><\/p>\n\n\n\n<p><strong>B\u00b0 F. Botta: violaci\u00f3n de domicilio y robo<\/strong><\/p>\n\n\n\n<p>Aproximadamente a las 16:15 de este mi\u00e9rcoles, personal de la patrulla preventiva en calle Tte. Iba\u00f1ez al 2400 procedi\u00f3 a la aprehensi\u00f3n de un hombre de 22 a\u00f1os de edad por supuesto autor de los delitos de \u201crobo\u201d y \u201cviolaci\u00f3n de domicilio\u201d en flagrancia.<\/p>\n\n\n\n<p>Momentos en que el personal policial realizaba patrullaje en el sector, observ\u00f3 a \u00e9ste circulando a bordo de una bicicleta cargando consigo un bajomesada, pero abandon\u00f3 ambos elementos al percatarse de la presencia policial para emprender la huida invadiendo la privacidad de diferentes domicilios procurando evitar su aprehensi\u00f3n.<\/p>\n\n\n\n<p>Finalmente se lo traslad\u00f3 desde el interior de un ba\u00f1o de una de esas viviendas, habi\u00e9ndose constatado que el mobiliario fue sustra\u00eddo desde el interior de una morada del sector a la que accedi\u00f3 violentando las medidas de seguridad de la misma. Se procedi\u00f3 al secuestro de los elementos mencionados, labr\u00e1ndose actuaciones a disposici\u00f3n de la fiscal\u00eda de instrucci\u00f3n de turno.<\/p>\n\n\n\n<figure class=\"wp-block-gallery columns-2 is-cropped wp-block-gallery-1 is-layout-flex wp-block-gallery-is-layout-flex\"><ul class=\"blocks-gallery-grid\"><li class=\"blocks-gallery-item\"><figure><img data-recalc-dims=\"1\" decoding=\"async\" width=\"842\" height=\"1024\" src=\"https:\/\/i0.wp.com\/elregionalvm.com.ar\/noticias-villa-maria\/wp-content\/uploads\/2021\/12\/WhatsApp-Image-2021-12-29-at-18.26.56.jpeg?resize=842%2C1024&#038;ssl=1\" alt=\"\" data-id=\"50459\" data-link=\"https:\/\/elregionalvm.com.ar\/noticias-villa-maria\/?attachment_id=50459\" class=\"wp-image-50459\" srcset=\"https:\/\/i0.wp.com\/elregionalvm.com.ar\/noticias-villa-maria\/wp-content\/uploads\/2021\/12\/WhatsApp-Image-2021-12-29-at-18.26.56.jpeg?resize=842%2C1024&amp;ssl=1 842w, https:\/\/i0.wp.com\/elregionalvm.com.ar\/noticias-villa-maria\/wp-content\/uploads\/2021\/12\/WhatsApp-Image-2021-12-29-at-18.26.56.jpeg?resize=247%2C300&amp;ssl=1 247w, https:\/\/i0.wp.com\/elregionalvm.com.ar\/noticias-villa-maria\/wp-content\/uploads\/2021\/12\/WhatsApp-Image-2021-12-29-at-18.26.56.jpeg?resize=768%2C934&amp;ssl=1 768w, https:\/\/i0.wp.com\/elregionalvm.com.ar\/noticias-villa-maria\/wp-content\/uploads\/2021\/12\/WhatsApp-Image-2021-12-29-at-18.26.56.jpeg?w=1053&amp;ssl=1 1053w\" sizes=\"(max-width: 842px) 100vw, 842px\" \/><\/figure><\/li><li class=\"blocks-gallery-item\"><figure><img data-recalc-dims=\"1\" decoding=\"async\" width=\"521\" height=\"834\" src=\"https:\/\/i0.wp.com\/elregionalvm.com.ar\/noticias-villa-maria\/wp-content\/uploads\/2021\/12\/WhatsApp-Image-2021-12-29-at-18.26.57.jpeg?resize=521%2C834&#038;ssl=1\" alt=\"\" data-id=\"50460\" data-full-url=\"https:\/\/elregionalvm.com.ar\/noticias-villa-maria\/wp-content\/uploads\/2021\/12\/WhatsApp-Image-2021-12-29-at-18.26.57.jpeg\" data-link=\"https:\/\/elregionalvm.com.ar\/noticias-villa-maria\/?attachment_id=50460\" class=\"wp-image-50460\" srcset=\"https:\/\/i0.wp.com\/elregionalvm.com.ar\/noticias-villa-maria\/wp-content\/uploads\/2021\/12\/WhatsApp-Image-2021-12-29-at-18.26.57.jpeg?w=521&amp;ssl=1 521w, https:\/\/i0.wp.com\/elregionalvm.com.ar\/noticias-villa-maria\/wp-content\/uploads\/2021\/12\/WhatsApp-Image-2021-12-29-at-18.26.57.jpeg?resize=187%2C300&amp;ssl=1 187w\" sizes=\"(max-width: 521px) 100vw, 521px\" \/><\/figure><\/li><\/ul><\/figure>\n","protected":false},"excerpt":{"rendered":"<p>En las intersecci\u00f3n de las calles Catamarca y Bv. Italia, ayer por la tarde ocurri\u00f3 un accidente de tr\u00e1nsito, en el que por causa que se tratan de establecer, un autom\u00f3vil Chevrolet Corsa, conducido por una mujer de 67 a\u00f1os de edad, colision\u00f3 con una motocicleta marca Honda Wave, en la que iba una mujer [&hellip;]<\/p>\n","protected":false},"author":4,"featured_media":50456,"comment_status":"open","ping_status":"open","sticky":false,"template":"","format":"standard","meta":{"site-sidebar-layout":"default","site-content-layout":"default","ast-site-content-layout":"default","site-content-style":"default","site-sidebar-style":"default","ast-global-header-display":"","ast-banner-title-visibility":"","ast-main-header-display":"","ast-hfb-above-header-display":"","ast-hfb-below-header-display":"","ast-hfb-mobile-header-display":"","site-post-title":"","ast-breadcrumbs-content":"","ast-featured-img":"","footer-sml-layout":"","ast-disable-related-posts":"","theme-transparent-header-meta":"default","adv-header-id-meta":"","stick-header-meta":"","header-above-stick-meta":"","header-main-stick-meta":"","header-below-stick-meta":"","astra-migrate-meta-layouts":"default","ast-page-background-enabled":"default","ast-page-background-meta":{"desktop":{"background-color":"","background-image":"","background-repeat":"repeat","background-position":"center center","background-size":"auto","background-attachment":"scroll","background-type":"","background-media":"","overlay-type":"","overlay-color":"","overlay-opacity":"","overlay-gradient":""},"tablet":{"background-color":"","background-image":"","background-repeat":"repeat","background-position":"center center","background-size":"auto","background-attachment":"scroll","background-type":"","background-media":"","overlay-type":"","overlay-color":"","overlay-opacity":"","overlay-gradient":""},"mobile":{"background-color":"","background-image":"","background-repeat":"repeat","background-position":"center center","background-size":"auto","background-attachment":"scroll","background-type":"","background-media":"","overlay-type":"","overlay-color":"","overlay-opacity":"","overlay-gradient":""}},"ast-content-background-meta":{"desktop":{"background-color":"var(--ast-global-color-5)","background-image":"","background-repeat":"repeat","background-position":"center center","background-size":"auto","background-attachment":"scroll","background-type":"","background-media":"","overlay-type":"","overlay-color":"","overlay-opacity":"","overlay-gradient":""},"tablet":{"background-color":"var(--ast-global-color-5)","background-image":"","background-repeat":"repeat","background-position":"center center","background-size":"auto","background-attachment":"scroll","background-type":"","background-media":"","overlay-type":"","overlay-color":"","overlay-opacity":"","overlay-gradient":""},"mobile":{"background-color":"var(--ast-global-color-5)","background-image":"","background-repeat":"repeat","background-position":"center center","background-size":"auto","background-attachment":"scroll","background-type":"","background-media":"","overlay-type":"","overlay-color":"","overlay-opacity":"","overlay-gradient":""}},"_jetpack_memberships_contains_paid_content":false,"_joinchat":[],"footnotes":""},"categories":[2234],"tags":[3590,1232,2414,13028,2130,7680,741,2248],"class_list":["post-50455","post","type-post","status-publish","format-standard","has-post-thumbnail","hentry","category-policiales","tag-bomberos-voluntarios","tag-destacado","tag-detenidos","tag-dos-accidentes","tag-hospital-pasteur","tag-lesionados","tag-policiales","tag-villa-maria-2"],"yoast_head":"<!-- This site is optimized with the Yoast SEO plugin v26.8 - https:\/\/yoast.com\/product\/yoast-seo-wordpress\/ -->\n<title>Dos accidentes y detenidos por diversos hechos - El Regional<\/title>\n<meta name=\"robots\" content=\"index, follow, max-snippet:-1, max-image-preview:large, max-video-preview:-1\" \/>\n<link rel=\"canonical\" href=\"http:\/\/elregionalvm.com.ar\/noticias-villa-maria\/dos-accidentes-y-detenidos-por-diversos-hechos\/\" \/>\n<meta property=\"og:locale\" content=\"es_ES\" \/>\n<meta property=\"og:type\" content=\"article\" \/>\n<meta property=\"og:title\" content=\"Dos accidentes y detenidos por diversos hechos - El Regional\" \/>\n<meta property=\"og:description\" content=\"En las intersecci\u00f3n de las calles Catamarca y Bv. Italia, ayer por la tarde ocurri\u00f3 un accidente de tr\u00e1nsito, en el que por causa que se tratan de establecer, un autom\u00f3vil Chevrolet Corsa, conducido por una mujer de 67 a\u00f1os de edad, colision\u00f3 con una motocicleta marca Honda Wave, en la que iba una mujer [&hellip;]\" \/>\n<meta property=\"og:url\" content=\"http:\/\/elregionalvm.com.ar\/noticias-villa-maria\/dos-accidentes-y-detenidos-por-diversos-hechos\/\" \/>\n<meta property=\"og:site_name\" content=\"El Regional\" \/>\n<meta property=\"article:publisher\" content=\"https:\/\/www.facebook.com\/elregionalvm\" \/>\n<meta property=\"article:published_time\" content=\"2021-12-29T23:02:09+00:00\" \/>\n<meta property=\"article:modified_time\" content=\"2021-12-29T23:02:11+00:00\" \/>\n<meta property=\"og:image\" content=\"http:\/\/elregionalvm.com.ar\/noticias-villa-maria\/wp-content\/uploads\/2021\/12\/WhatsApp-Image-2021-12-29-at-13.24.07.jpeg\" \/>\n\t<meta property=\"og:image:width\" content=\"1094\" \/>\n\t<meta property=\"og:image:height\" content=\"594\" \/>\n\t<meta property=\"og:image:type\" content=\"image\/jpeg\" \/>\n<meta name=\"author\" content=\"Contenidos El Regional\" \/>\n<meta name=\"twitter:card\" content=\"summary_large_image\" \/>\n<meta name=\"twitter:creator\" content=\"@elregionalvm1\" \/>\n<meta name=\"twitter:site\" content=\"@elregionalvm1\" \/>\n<meta name=\"twitter:label1\" content=\"Escrito por\" \/>\n\t<meta name=\"twitter:data1\" content=\"Contenidos El Regional\" \/>\n\t<meta name=\"twitter:label2\" content=\"Tiempo de lectura\" \/>\n\t<meta name=\"twitter:data2\" content=\"3 minutos\" \/>\n<script type=\"application\/ld+json\" class=\"yoast-schema-graph\">{\"@context\":\"https:\/\/schema.org\",\"@graph\":[{\"@type\":\"Article\",\"@id\":\"http:\/\/elregionalvm.com.ar\/noticias-villa-maria\/dos-accidentes-y-detenidos-por-diversos-hechos\/#article\",\"isPartOf\":{\"@id\":\"http:\/\/elregionalvm.com.ar\/noticias-villa-maria\/dos-accidentes-y-detenidos-por-diversos-hechos\/\"},\"author\":{\"name\":\"Contenidos El Regional\",\"@id\":\"http:\/\/elregionalvm.com.ar\/noticias-villa-maria\/#\/schema\/person\/a0fb9c422317faca23d50163151bc354\"},\"headline\":\"Dos accidentes y detenidos por diversos hechos\",\"datePublished\":\"2021-12-29T23:02:09+00:00\",\"dateModified\":\"2021-12-29T23:02:11+00:00\",\"mainEntityOfPage\":{\"@id\":\"http:\/\/elregionalvm.com.ar\/noticias-villa-maria\/dos-accidentes-y-detenidos-por-diversos-hechos\/\"},\"wordCount\":485,\"commentCount\":0,\"image\":{\"@id\":\"http:\/\/elregionalvm.com.ar\/noticias-villa-maria\/dos-accidentes-y-detenidos-por-diversos-hechos\/#primaryimage\"},\"thumbnailUrl\":\"https:\/\/i0.wp.com\/elregionalvm.com.ar\/noticias-villa-maria\/wp-content\/uploads\/2021\/12\/WhatsApp-Image-2021-12-29-at-13.24.07.jpeg?fit=1094%2C594&ssl=1\",\"keywords\":[\"Bomberos Voluntarios\",\"destacado\",\"detenidos\",\"dos accidentes\",\"Hospital Pasteur\",\"Lesionados\",\"Policiales\",\"Villa Mar\u00eda\"],\"articleSection\":[\"Policiales\"],\"inLanguage\":\"es\",\"potentialAction\":[{\"@type\":\"CommentAction\",\"name\":\"Comment\",\"target\":[\"http:\/\/elregionalvm.com.ar\/noticias-villa-maria\/dos-accidentes-y-detenidos-por-diversos-hechos\/#respond\"]}]},{\"@type\":\"WebPage\",\"@id\":\"http:\/\/elregionalvm.com.ar\/noticias-villa-maria\/dos-accidentes-y-detenidos-por-diversos-hechos\/\",\"url\":\"http:\/\/elregionalvm.com.ar\/noticias-villa-maria\/dos-accidentes-y-detenidos-por-diversos-hechos\/\",\"name\":\"Dos accidentes y detenidos por diversos hechos - El Regional\",\"isPartOf\":{\"@id\":\"http:\/\/elregionalvm.com.ar\/noticias-villa-maria\/#website\"},\"primaryImageOfPage\":{\"@id\":\"http:\/\/elregionalvm.com.ar\/noticias-villa-maria\/dos-accidentes-y-detenidos-por-diversos-hechos\/#primaryimage\"},\"image\":{\"@id\":\"http:\/\/elregionalvm.com.ar\/noticias-villa-maria\/dos-accidentes-y-detenidos-por-diversos-hechos\/#primaryimage\"},\"thumbnailUrl\":\"https:\/\/i0.wp.com\/elregionalvm.com.ar\/noticias-villa-maria\/wp-content\/uploads\/2021\/12\/WhatsApp-Image-2021-12-29-at-13.24.07.jpeg?fit=1094%2C594&ssl=1\",\"datePublished\":\"2021-12-29T23:02:09+00:00\",\"dateModified\":\"2021-12-29T23:02:11+00:00\",\"author\":{\"@id\":\"http:\/\/elregionalvm.com.ar\/noticias-villa-maria\/#\/schema\/person\/a0fb9c422317faca23d50163151bc354\"},\"breadcrumb\":{\"@id\":\"http:\/\/elregionalvm.com.ar\/noticias-villa-maria\/dos-accidentes-y-detenidos-por-diversos-hechos\/#breadcrumb\"},\"inLanguage\":\"es\",\"potentialAction\":[{\"@type\":\"ReadAction\",\"target\":[\"http:\/\/elregionalvm.com.ar\/noticias-villa-maria\/dos-accidentes-y-detenidos-por-diversos-hechos\/\"]}]},{\"@type\":\"ImageObject\",\"inLanguage\":\"es\",\"@id\":\"http:\/\/elregionalvm.com.ar\/noticias-villa-maria\/dos-accidentes-y-detenidos-por-diversos-hechos\/#primaryimage\",\"url\":\"https:\/\/i0.wp.com\/elregionalvm.com.ar\/noticias-villa-maria\/wp-content\/uploads\/2021\/12\/WhatsApp-Image-2021-12-29-at-13.24.07.jpeg?fit=1094%2C594&ssl=1\",\"contentUrl\":\"https:\/\/i0.wp.com\/elregionalvm.com.ar\/noticias-villa-maria\/wp-content\/uploads\/2021\/12\/WhatsApp-Image-2021-12-29-at-13.24.07.jpeg?fit=1094%2C594&ssl=1\",\"width\":1094,\"height\":594},{\"@type\":\"BreadcrumbList\",\"@id\":\"http:\/\/elregionalvm.com.ar\/noticias-villa-maria\/dos-accidentes-y-detenidos-por-diversos-hechos\/#breadcrumb\",\"itemListElement\":[{\"@type\":\"ListItem\",\"position\":1,\"name\":\"Portada\",\"item\":\"https:\/\/elregionalvm.com.ar\/noticias-villa-maria\/\"},{\"@type\":\"ListItem\",\"position\":2,\"name\":\"Dos accidentes y detenidos por diversos hechos\"}]},{\"@type\":\"WebSite\",\"@id\":\"http:\/\/elregionalvm.com.ar\/noticias-villa-maria\/#website\",\"url\":\"http:\/\/elregionalvm.com.ar\/noticias-villa-maria\/\",\"name\":\"El Regional\",\"description\":\"Mucho m\u00e1s que informaci\u00f3n\",\"potentialAction\":[{\"@type\":\"SearchAction\",\"target\":{\"@type\":\"EntryPoint\",\"urlTemplate\":\"http:\/\/elregionalvm.com.ar\/noticias-villa-maria\/?s={search_term_string}\"},\"query-input\":{\"@type\":\"PropertyValueSpecification\",\"valueRequired\":true,\"valueName\":\"search_term_string\"}}],\"inLanguage\":\"es\"},{\"@type\":\"Person\",\"@id\":\"http:\/\/elregionalvm.com.ar\/noticias-villa-maria\/#\/schema\/person\/a0fb9c422317faca23d50163151bc354\",\"name\":\"Contenidos El Regional\",\"image\":{\"@type\":\"ImageObject\",\"inLanguage\":\"es\",\"@id\":\"http:\/\/elregionalvm.com.ar\/noticias-villa-maria\/#\/schema\/person\/image\/\",\"url\":\"https:\/\/secure.gravatar.com\/avatar\/265b27cb2209af7bb3a1318f03305787d7981a5cc6e6cd08fe5a4ecdf99d4b48?s=96&d=mm&r=g\",\"contentUrl\":\"https:\/\/secure.gravatar.com\/avatar\/265b27cb2209af7bb3a1318f03305787d7981a5cc6e6cd08fe5a4ecdf99d4b48?s=96&d=mm&r=g\",\"caption\":\"Contenidos El Regional\"},\"url\":\"https:\/\/elregionalvm.com.ar\/noticias-villa-maria\/author\/contenido\/\"}]}<\/script>\n<!-- \/ Yoast SEO plugin. -->","yoast_head_json":{"title":"Dos accidentes y detenidos por diversos hechos - El Regional","robots":{"index":"index","follow":"follow","max-snippet":"max-snippet:-1","max-image-preview":"max-image-preview:large","max-video-preview":"max-video-preview:-1"},"canonical":"http:\/\/elregionalvm.com.ar\/noticias-villa-maria\/dos-accidentes-y-detenidos-por-diversos-hechos\/","og_locale":"es_ES","og_type":"article","og_title":"Dos accidentes y detenidos por diversos hechos - El Regional","og_description":"En las intersecci\u00f3n de las calles Catamarca y Bv. Italia, ayer por la tarde ocurri\u00f3 un accidente de tr\u00e1nsito, en el que por causa que se tratan de establecer, un autom\u00f3vil Chevrolet Corsa, conducido por una mujer de 67 a\u00f1os de edad, colision\u00f3 con una motocicleta marca Honda Wave, en la que iba una mujer [&hellip;]","og_url":"http:\/\/elregionalvm.com.ar\/noticias-villa-maria\/dos-accidentes-y-detenidos-por-diversos-hechos\/","og_site_name":"El Regional","article_publisher":"https:\/\/www.facebook.com\/elregionalvm","article_published_time":"2021-12-29T23:02:09+00:00","article_modified_time":"2021-12-29T23:02:11+00:00","og_image":[{"width":1094,"height":594,"url":"http:\/\/elregionalvm.com.ar\/noticias-villa-maria\/wp-content\/uploads\/2021\/12\/WhatsApp-Image-2021-12-29-at-13.24.07.jpeg","type":"image\/jpeg"}],"author":"Contenidos El Regional","twitter_card":"summary_large_image","twitter_creator":"@elregionalvm1","twitter_site":"@elregionalvm1","twitter_misc":{"Escrito por":"Contenidos El Regional","Tiempo de lectura":"3 minutos"},"schema":{"@context":"https:\/\/schema.org","@graph":[{"@type":"Article","@id":"http:\/\/elregionalvm.com.ar\/noticias-villa-maria\/dos-accidentes-y-detenidos-por-diversos-hechos\/#article","isPartOf":{"@id":"http:\/\/elregionalvm.com.ar\/noticias-villa-maria\/dos-accidentes-y-detenidos-por-diversos-hechos\/"},"author":{"name":"Contenidos El Regional","@id":"http:\/\/elregionalvm.com.ar\/noticias-villa-maria\/#\/schema\/person\/a0fb9c422317faca23d50163151bc354"},"headline":"Dos accidentes y detenidos por diversos hechos","datePublished":"2021-12-29T23:02:09+00:00","dateModified":"2021-12-29T23:02:11+00:00","mainEntityOfPage":{"@id":"http:\/\/elregionalvm.com.ar\/noticias-villa-maria\/dos-accidentes-y-detenidos-por-diversos-hechos\/"},"wordCount":485,"commentCount":0,"image":{"@id":"http:\/\/elregionalvm.com.ar\/noticias-villa-maria\/dos-accidentes-y-detenidos-por-diversos-hechos\/#primaryimage"},"thumbnailUrl":"https:\/\/i0.wp.com\/elregionalvm.com.ar\/noticias-villa-maria\/wp-content\/uploads\/2021\/12\/WhatsApp-Image-2021-12-29-at-13.24.07.jpeg?fit=1094%2C594&ssl=1","keywords":["Bomberos Voluntarios","destacado","detenidos","dos accidentes","Hospital Pasteur","Lesionados","Policiales","Villa Mar\u00eda"],"articleSection":["Policiales"],"inLanguage":"es","potentialAction":[{"@type":"CommentAction","name":"Comment","target":["http:\/\/elregionalvm.com.ar\/noticias-villa-maria\/dos-accidentes-y-detenidos-por-diversos-hechos\/#respond"]}]},{"@type":"WebPage","@id":"http:\/\/elregionalvm.com.ar\/noticias-villa-maria\/dos-accidentes-y-detenidos-por-diversos-hechos\/","url":"http:\/\/elregionalvm.com.ar\/noticias-villa-maria\/dos-accidentes-y-detenidos-por-diversos-hechos\/","name":"Dos accidentes y detenidos por diversos hechos - El Regional","isPartOf":{"@id":"http:\/\/elregionalvm.com.ar\/noticias-villa-maria\/#website"},"primaryImageOfPage":{"@id":"http:\/\/elregionalvm.com.ar\/noticias-villa-maria\/dos-accidentes-y-detenidos-por-diversos-hechos\/#primaryimage"},"image":{"@id":"http:\/\/elregionalvm.com.ar\/noticias-villa-maria\/dos-accidentes-y-detenidos-por-diversos-hechos\/#primaryimage"},"thumbnailUrl":"https:\/\/i0.wp.com\/elregionalvm.com.ar\/noticias-villa-maria\/wp-content\/uploads\/2021\/12\/WhatsApp-Image-2021-12-29-at-13.24.07.jpeg?fit=1094%2C594&ssl=1","datePublished":"2021-12-29T23:02:09+00:00","dateModified":"2021-12-29T23:02:11+00:00","author":{"@id":"http:\/\/elregionalvm.com.ar\/noticias-villa-maria\/#\/schema\/person\/a0fb9c422317faca23d50163151bc354"},"breadcrumb":{"@id":"http:\/\/elregionalvm.com.ar\/noticias-villa-maria\/dos-accidentes-y-detenidos-por-diversos-hechos\/#breadcrumb"},"inLanguage":"es","potentialAction":[{"@type":"ReadAction","target":["http:\/\/elregionalvm.com.ar\/noticias-villa-maria\/dos-accidentes-y-detenidos-por-diversos-hechos\/"]}]},{"@type":"ImageObject","inLanguage":"es","@id":"http:\/\/elregionalvm.com.ar\/noticias-villa-maria\/dos-accidentes-y-detenidos-por-diversos-hechos\/#primaryimage","url":"https:\/\/i0.wp.com\/elregionalvm.com.ar\/noticias-villa-maria\/wp-content\/uploads\/2021\/12\/WhatsApp-Image-2021-12-29-at-13.24.07.jpeg?fit=1094%2C594&ssl=1","contentUrl":"https:\/\/i0.wp.com\/elregionalvm.com.ar\/noticias-villa-maria\/wp-content\/uploads\/2021\/12\/WhatsApp-Image-2021-12-29-at-13.24.07.jpeg?fit=1094%2C594&ssl=1","width":1094,"height":594},{"@type":"BreadcrumbList","@id":"http:\/\/elregionalvm.com.ar\/noticias-villa-maria\/dos-accidentes-y-detenidos-por-diversos-hechos\/#breadcrumb","itemListElement":[{"@type":"ListItem","position":1,"name":"Portada","item":"https:\/\/elregionalvm.com.ar\/noticias-villa-maria\/"},{"@type":"ListItem","position":2,"name":"Dos accidentes y detenidos por diversos hechos"}]},{"@type":"WebSite","@id":"http:\/\/elregionalvm.com.ar\/noticias-villa-maria\/#website","url":"http:\/\/elregionalvm.com.ar\/noticias-villa-maria\/","name":"El Regional","description":"Mucho m\u00e1s que informaci\u00f3n","potentialAction":[{"@type":"SearchAction","target":{"@type":"EntryPoint","urlTemplate":"http:\/\/elregionalvm.com.ar\/noticias-villa-maria\/?s={search_term_string}"},"query-input":{"@type":"PropertyValueSpecification","valueRequired":true,"valueName":"search_term_string"}}],"inLanguage":"es"},{"@type":"Person","@id":"http:\/\/elregionalvm.com.ar\/noticias-villa-maria\/#\/schema\/person\/a0fb9c422317faca23d50163151bc354","name":"Contenidos El Regional","image":{"@type":"ImageObject","inLanguage":"es","@id":"http:\/\/elregionalvm.com.ar\/noticias-villa-maria\/#\/schema\/person\/image\/","url":"https:\/\/secure.gravatar.com\/avatar\/265b27cb2209af7bb3a1318f03305787d7981a5cc6e6cd08fe5a4ecdf99d4b48?s=96&d=mm&r=g","contentUrl":"https:\/\/secure.gravatar.com\/avatar\/265b27cb2209af7bb3a1318f03305787d7981a5cc6e6cd08fe5a4ecdf99d4b48?s=96&d=mm&r=g","caption":"Contenidos El Regional"},"url":"https:\/\/elregionalvm.com.ar\/noticias-villa-maria\/author\/contenido\/"}]}},"jetpack_featured_media_url":"https:\/\/i0.wp.com\/elregionalvm.com.ar\/noticias-villa-maria\/wp-content\/uploads\/2021\/12\/WhatsApp-Image-2021-12-29-at-13.24.07.jpeg?fit=1094%2C594&ssl=1","jetpack_sharing_enabled":true,"_links":{"self":[{"href":"https:\/\/elregionalvm.com.ar\/noticias-villa-maria\/wp-json\/wp\/v2\/posts\/50455","targetHints":{"allow":["GET"]}}],"collection":[{"href":"https:\/\/elregionalvm.com.ar\/noticias-villa-maria\/wp-json\/wp\/v2\/posts"}],"about":[{"href":"https:\/\/elregionalvm.com.ar\/noticias-villa-maria\/wp-json\/wp\/v2\/types\/post"}],"author":[{"embeddable":true,"href":"https:\/\/elregionalvm.com.ar\/noticias-villa-maria\/wp-json\/wp\/v2\/users\/4"}],"replies":[{"embeddable":true,"href":"https:\/\/elregionalvm.com.ar\/noticias-villa-maria\/wp-json\/wp\/v2\/comments?post=50455"}],"version-history":[{"count":1,"href":"https:\/\/elregionalvm.com.ar\/noticias-villa-maria\/wp-json\/wp\/v2\/posts\/50455\/revisions"}],"predecessor-version":[{"id":50461,"href":"https:\/\/elregionalvm.com.ar\/noticias-villa-maria\/wp-json\/wp\/v2\/posts\/50455\/revisions\/50461"}],"wp:featuredmedia":[{"embeddable":true,"href":"https:\/\/elregionalvm.com.ar\/noticias-villa-maria\/wp-json\/wp\/v2\/media\/50456"}],"wp:attachment":[{"href":"https:\/\/elregionalvm.com.ar\/noticias-villa-maria\/wp-json\/wp\/v2\/media?parent=50455"}],"wp:term":[{"taxonomy":"category","embeddable":true,"href":"https:\/\/elregionalvm.com.ar\/noticias-villa-maria\/wp-json\/wp\/v2\/categories?post=50455"},{"taxonomy":"post_tag","embeddable":true,"href":"https:\/\/elregionalvm.com.ar\/noticias-villa-maria\/wp-json\/wp\/v2\/tags?post=50455"}],"curies":[{"name":"wp","href":"https:\/\/api.w.org\/{rel}","templated":true}]}}