{"id":50462,"date":"2021-12-29T23:16:24","date_gmt":"2021-12-29T23:16:24","guid":{"rendered":"https:\/\/elregionalvm.com.ar\/noticias-villa-maria\/?p=50462"},"modified":"2021-12-29T23:16:25","modified_gmt":"2021-12-29T23:16:25","slug":"casi-400-casos-positivos-solamente-en-villa-maria","status":"publish","type":"post","link":"https:\/\/elregionalvm.com.ar\/noticias-villa-maria\/casi-400-casos-positivos-solamente-en-villa-maria\/","title":{"rendered":"Casi 400 casos positivos solamente en Villa Mar\u00eda"},"content":{"rendered":"\n<p>El reporte del d\u00eda sobre casos de covid indic\u00f3 que fueron 399 los contagios positivos, luego que se practicaran 1507 test ant\u00edgenos y 281 PCR. El dato positivo es que fueron dados de alta 63 pacientes que cursaron el covid positivo.<\/p>\n\n\n\n<div class=\"wp-block-image\"><figure class=\"aligncenter size-large is-resized\"><img data-recalc-dims=\"1\" fetchpriority=\"high\" decoding=\"async\" src=\"https:\/\/i0.wp.com\/elregionalvm.com.ar\/noticias-villa-maria\/wp-content\/uploads\/2021\/12\/WhatsApp-Image-2021-12-29-at-19.43.28.jpeg?resize=455%2C198&#038;ssl=1\" alt=\"\" class=\"wp-image-50463\" width=\"455\" height=\"198\" srcset=\"https:\/\/i0.wp.com\/elregionalvm.com.ar\/noticias-villa-maria\/wp-content\/uploads\/2021\/12\/WhatsApp-Image-2021-12-29-at-19.43.28.jpeg?resize=1024%2C447&amp;ssl=1 1024w, https:\/\/i0.wp.com\/elregionalvm.com.ar\/noticias-villa-maria\/wp-content\/uploads\/2021\/12\/WhatsApp-Image-2021-12-29-at-19.43.28.jpeg?resize=300%2C131&amp;ssl=1 300w, https:\/\/i0.wp.com\/elregionalvm.com.ar\/noticias-villa-maria\/wp-content\/uploads\/2021\/12\/WhatsApp-Image-2021-12-29-at-19.43.28.jpeg?resize=768%2C336&amp;ssl=1 768w, https:\/\/i0.wp.com\/elregionalvm.com.ar\/noticias-villa-maria\/wp-content\/uploads\/2021\/12\/WhatsApp-Image-2021-12-29-at-19.43.28.jpeg?resize=1536%2C671&amp;ssl=1 1536w, https:\/\/i0.wp.com\/elregionalvm.com.ar\/noticias-villa-maria\/wp-content\/uploads\/2021\/12\/WhatsApp-Image-2021-12-29-at-19.43.28.jpeg?w=1616&amp;ssl=1 1616w\" sizes=\"(max-width: 455px) 100vw, 455px\" \/><\/figure><\/div>\n\n\n\n<p>En Villa Nueva hubo una peque\u00f1a reducci\u00f3n de casos inform\u00f3 la Municipalidad en el reporte epidemiol\u00f3gico diario, al alcanzarse la cifra de 45 positivos. Las cifras son las siguientes:<\/p>\n\n\n\n<div class=\"wp-block-image\"><figure class=\"aligncenter size-large is-resized\"><img data-recalc-dims=\"1\" decoding=\"async\" src=\"https:\/\/i0.wp.com\/elregionalvm.com.ar\/noticias-villa-maria\/wp-content\/uploads\/2021\/12\/WhatsApp-Image-2021-12-29-at-19.51.44-1.jpeg?resize=242%2C606&#038;ssl=1\" alt=\"\" class=\"wp-image-50464\" width=\"242\" height=\"606\" srcset=\"https:\/\/i0.wp.com\/elregionalvm.com.ar\/noticias-villa-maria\/wp-content\/uploads\/2021\/12\/WhatsApp-Image-2021-12-29-at-19.51.44-1.jpeg?resize=120%2C300&amp;ssl=1 120w, https:\/\/i0.wp.com\/elregionalvm.com.ar\/noticias-villa-maria\/wp-content\/uploads\/2021\/12\/WhatsApp-Image-2021-12-29-at-19.51.44-1.jpeg?resize=614%2C1536&amp;ssl=1 614w, https:\/\/i0.wp.com\/elregionalvm.com.ar\/noticias-villa-maria\/wp-content\/uploads\/2021\/12\/WhatsApp-Image-2021-12-29-at-19.51.44-1.jpeg?w=640&amp;ssl=1 640w\" sizes=\"(max-width: 242px) 100vw, 242px\" \/><\/figure><\/div>\n","protected":false},"excerpt":{"rendered":"<p>El reporte del d\u00eda sobre casos de covid indic\u00f3 que fueron 399 los contagios positivos, luego que se practicaran 1507 test ant\u00edgenos y 281 PCR. El dato positivo es que fueron dados de alta 63 pacientes que cursaron el covid positivo. En Villa Nueva hubo una peque\u00f1a reducci\u00f3n de casos inform\u00f3 la Municipalidad en el [&hellip;]<\/p>\n","protected":false},"author":4,"featured_media":44900,"comment_status":"open","ping_status":"open","sticky":false,"template":"","format":"standard","meta":{"site-sidebar-layout":"default","site-content-layout":"default","ast-site-content-layout":"default","site-content-style":"default","site-sidebar-style":"default","ast-global-header-display":"","ast-banner-title-visibility":"","ast-main-header-display":"","ast-hfb-above-header-display":"","ast-hfb-below-header-display":"","ast-hfb-mobile-header-display":"","site-post-title":"","ast-breadcrumbs-content":"","ast-featured-img":"","footer-sml-layout":"","ast-disable-related-posts":"","theme-transparent-header-meta":"default","adv-header-id-meta":"","stick-header-meta":"","header-above-stick-meta":"","header-main-stick-meta":"","header-below-stick-meta":"","astra-migrate-meta-layouts":"default","ast-page-background-enabled":"default","ast-page-background-meta":{"desktop":{"background-color":"","background-image":"","background-repeat":"repeat","background-position":"center center","background-size":"auto","background-attachment":"scroll","background-type":"","background-media":"","overlay-type":"","overlay-color":"","overlay-opacity":"","overlay-gradient":""},"tablet":{"background-color":"","background-image":"","background-repeat":"repeat","background-position":"center center","background-size":"auto","background-attachment":"scroll","background-type":"","background-media":"","overlay-type":"","overlay-color":"","overlay-opacity":"","overlay-gradient":""},"mobile":{"background-color":"","background-image":"","background-repeat":"repeat","background-position":"center center","background-size":"auto","background-attachment":"scroll","background-type":"","background-media":"","overlay-type":"","overlay-color":"","overlay-opacity":"","overlay-gradient":""}},"ast-content-background-meta":{"desktop":{"background-color":"var(--ast-global-color-5)","background-image":"","background-repeat":"repeat","background-position":"center center","background-size":"auto","background-attachment":"scroll","background-type":"","background-media":"","overlay-type":"","overlay-color":"","overlay-opacity":"","overlay-gradient":""},"tablet":{"background-color":"var(--ast-global-color-5)","background-image":"","background-repeat":"repeat","background-position":"center center","background-size":"auto","background-attachment":"scroll","background-type":"","background-media":"","overlay-type":"","overlay-color":"","overlay-opacity":"","overlay-gradient":""},"mobile":{"background-color":"var(--ast-global-color-5)","background-image":"","background-repeat":"repeat","background-position":"center center","background-size":"auto","background-attachment":"scroll","background-type":"","background-media":"","overlay-type":"","overlay-color":"","overlay-opacity":"","overlay-gradient":""}},"_jetpack_memberships_contains_paid_content":false,"_joinchat":[],"footnotes":""},"categories":[2256,2,1408],"tags":[3907,2367,1997,1232,13029,3744,2248,232],"class_list":["post-50462","post","type-post","status-publish","format-standard","has-post-thumbnail","hentry","category-coronavirus","category-villa-maria","category-villa-nueva","tag-casos-diarios","tag-contagios","tag-coronavirus","tag-destacado","tag-miercoles-29-de-diciembre-de-2021","tag-situacion-epidemiologica","tag-villa-maria-2","tag-villa-nueva"],"yoast_head":"<!-- This site is optimized with the Yoast SEO plugin v26.8 - https:\/\/yoast.com\/product\/yoast-seo-wordpress\/ -->\n<title>Casi 400 casos positivos solamente en Villa Mar\u00eda - El Regional<\/title>\n<meta name=\"robots\" content=\"index, follow, max-snippet:-1, max-image-preview:large, max-video-preview:-1\" \/>\n<link rel=\"canonical\" href=\"http:\/\/elregionalvm.com.ar\/noticias-villa-maria\/casi-400-casos-positivos-solamente-en-villa-maria\/\" \/>\n<meta property=\"og:locale\" content=\"es_ES\" \/>\n<meta property=\"og:type\" content=\"article\" \/>\n<meta property=\"og:title\" content=\"Casi 400 casos positivos solamente en Villa Mar\u00eda - El Regional\" \/>\n<meta property=\"og:description\" content=\"El reporte del d\u00eda sobre casos de covid indic\u00f3 que fueron 399 los contagios positivos, luego que se practicaran 1507 test ant\u00edgenos y 281 PCR. El dato positivo es que fueron dados de alta 63 pacientes que cursaron el covid positivo. En Villa Nueva hubo una peque\u00f1a reducci\u00f3n de casos inform\u00f3 la Municipalidad en el [&hellip;]\" \/>\n<meta property=\"og:url\" content=\"http:\/\/elregionalvm.com.ar\/noticias-villa-maria\/casi-400-casos-positivos-solamente-en-villa-maria\/\" \/>\n<meta property=\"og:site_name\" content=\"El Regional\" \/>\n<meta property=\"article:publisher\" content=\"https:\/\/www.facebook.com\/elregionalvm\" \/>\n<meta property=\"article:published_time\" content=\"2021-12-29T23:16:24+00:00\" \/>\n<meta property=\"article:modified_time\" content=\"2021-12-29T23:16:25+00:00\" \/>\n<meta property=\"og:image\" content=\"http:\/\/elregionalvm.com.ar\/noticias-villa-maria\/wp-content\/uploads\/2021\/09\/covid-50.jpg\" \/>\n\t<meta property=\"og:image:width\" content=\"1182\" \/>\n\t<meta property=\"og:image:height\" content=\"800\" \/>\n\t<meta property=\"og:image:type\" content=\"image\/jpeg\" \/>\n<meta name=\"author\" content=\"Contenidos El Regional\" \/>\n<meta name=\"twitter:card\" content=\"summary_large_image\" \/>\n<meta name=\"twitter:creator\" content=\"@elregionalvm1\" \/>\n<meta name=\"twitter:site\" content=\"@elregionalvm1\" \/>\n<meta name=\"twitter:label1\" content=\"Escrito por\" \/>\n\t<meta name=\"twitter:data1\" content=\"Contenidos El Regional\" \/>\n\t<meta name=\"twitter:label2\" content=\"Tiempo de lectura\" \/>\n\t<meta name=\"twitter:data2\" content=\"1 minuto\" \/>\n<script type=\"application\/ld+json\" class=\"yoast-schema-graph\">{\"@context\":\"https:\/\/schema.org\",\"@graph\":[{\"@type\":\"Article\",\"@id\":\"http:\/\/elregionalvm.com.ar\/noticias-villa-maria\/casi-400-casos-positivos-solamente-en-villa-maria\/#article\",\"isPartOf\":{\"@id\":\"http:\/\/elregionalvm.com.ar\/noticias-villa-maria\/casi-400-casos-positivos-solamente-en-villa-maria\/\"},\"author\":{\"name\":\"Contenidos El Regional\",\"@id\":\"http:\/\/elregionalvm.com.ar\/noticias-villa-maria\/#\/schema\/person\/a0fb9c422317faca23d50163151bc354\"},\"headline\":\"Casi 400 casos positivos solamente en Villa Mar\u00eda\",\"datePublished\":\"2021-12-29T23:16:24+00:00\",\"dateModified\":\"2021-12-29T23:16:25+00:00\",\"mainEntityOfPage\":{\"@id\":\"http:\/\/elregionalvm.com.ar\/noticias-villa-maria\/casi-400-casos-positivos-solamente-en-villa-maria\/\"},\"wordCount\":78,\"commentCount\":0,\"image\":{\"@id\":\"http:\/\/elregionalvm.com.ar\/noticias-villa-maria\/casi-400-casos-positivos-solamente-en-villa-maria\/#primaryimage\"},\"thumbnailUrl\":\"https:\/\/i0.wp.com\/elregionalvm.com.ar\/noticias-villa-maria\/wp-content\/uploads\/2021\/09\/covid-50.jpg?fit=1182%2C800&ssl=1\",\"keywords\":[\"casos diarios\",\"Contagios\",\"Coronavirus\",\"destacado\",\"mi\u00e9rcoles 29 de diciembre de 2021\",\"situaci\u00f3n epidemiol\u00f3gica\",\"Villa Mar\u00eda\",\"VILLA NUEVA\"],\"articleSection\":[\"Coronavirus\",\"Villa Mar\u00eda\",\"Villa Nueva\"],\"inLanguage\":\"es\",\"potentialAction\":[{\"@type\":\"CommentAction\",\"name\":\"Comment\",\"target\":[\"http:\/\/elregionalvm.com.ar\/noticias-villa-maria\/casi-400-casos-positivos-solamente-en-villa-maria\/#respond\"]}]},{\"@type\":\"WebPage\",\"@id\":\"http:\/\/elregionalvm.com.ar\/noticias-villa-maria\/casi-400-casos-positivos-solamente-en-villa-maria\/\",\"url\":\"http:\/\/elregionalvm.com.ar\/noticias-villa-maria\/casi-400-casos-positivos-solamente-en-villa-maria\/\",\"name\":\"Casi 400 casos positivos solamente en Villa Mar\u00eda - El Regional\",\"isPartOf\":{\"@id\":\"http:\/\/elregionalvm.com.ar\/noticias-villa-maria\/#website\"},\"primaryImageOfPage\":{\"@id\":\"http:\/\/elregionalvm.com.ar\/noticias-villa-maria\/casi-400-casos-positivos-solamente-en-villa-maria\/#primaryimage\"},\"image\":{\"@id\":\"http:\/\/elregionalvm.com.ar\/noticias-villa-maria\/casi-400-casos-positivos-solamente-en-villa-maria\/#primaryimage\"},\"thumbnailUrl\":\"https:\/\/i0.wp.com\/elregionalvm.com.ar\/noticias-villa-maria\/wp-content\/uploads\/2021\/09\/covid-50.jpg?fit=1182%2C800&ssl=1\",\"datePublished\":\"2021-12-29T23:16:24+00:00\",\"dateModified\":\"2021-12-29T23:16:25+00:00\",\"author\":{\"@id\":\"http:\/\/elregionalvm.com.ar\/noticias-villa-maria\/#\/schema\/person\/a0fb9c422317faca23d50163151bc354\"},\"breadcrumb\":{\"@id\":\"http:\/\/elregionalvm.com.ar\/noticias-villa-maria\/casi-400-casos-positivos-solamente-en-villa-maria\/#breadcrumb\"},\"inLanguage\":\"es\",\"potentialAction\":[{\"@type\":\"ReadAction\",\"target\":[\"http:\/\/elregionalvm.com.ar\/noticias-villa-maria\/casi-400-casos-positivos-solamente-en-villa-maria\/\"]}]},{\"@type\":\"ImageObject\",\"inLanguage\":\"es\",\"@id\":\"http:\/\/elregionalvm.com.ar\/noticias-villa-maria\/casi-400-casos-positivos-solamente-en-villa-maria\/#primaryimage\",\"url\":\"https:\/\/i0.wp.com\/elregionalvm.com.ar\/noticias-villa-maria\/wp-content\/uploads\/2021\/09\/covid-50.jpg?fit=1182%2C800&ssl=1\",\"contentUrl\":\"https:\/\/i0.wp.com\/elregionalvm.com.ar\/noticias-villa-maria\/wp-content\/uploads\/2021\/09\/covid-50.jpg?fit=1182%2C800&ssl=1\",\"width\":1182,\"height\":800},{\"@type\":\"BreadcrumbList\",\"@id\":\"http:\/\/elregionalvm.com.ar\/noticias-villa-maria\/casi-400-casos-positivos-solamente-en-villa-maria\/#breadcrumb\",\"itemListElement\":[{\"@type\":\"ListItem\",\"position\":1,\"name\":\"Portada\",\"item\":\"https:\/\/elregionalvm.com.ar\/noticias-villa-maria\/\"},{\"@type\":\"ListItem\",\"position\":2,\"name\":\"Casi 400 casos positivos solamente en Villa Mar\u00eda\"}]},{\"@type\":\"WebSite\",\"@id\":\"http:\/\/elregionalvm.com.ar\/noticias-villa-maria\/#website\",\"url\":\"http:\/\/elregionalvm.com.ar\/noticias-villa-maria\/\",\"name\":\"El Regional\",\"description\":\"Mucho m\u00e1s que informaci\u00f3n\",\"potentialAction\":[{\"@type\":\"SearchAction\",\"target\":{\"@type\":\"EntryPoint\",\"urlTemplate\":\"http:\/\/elregionalvm.com.ar\/noticias-villa-maria\/?s={search_term_string}\"},\"query-input\":{\"@type\":\"PropertyValueSpecification\",\"valueRequired\":true,\"valueName\":\"search_term_string\"}}],\"inLanguage\":\"es\"},{\"@type\":\"Person\",\"@id\":\"http:\/\/elregionalvm.com.ar\/noticias-villa-maria\/#\/schema\/person\/a0fb9c422317faca23d50163151bc354\",\"name\":\"Contenidos El Regional\",\"image\":{\"@type\":\"ImageObject\",\"inLanguage\":\"es\",\"@id\":\"http:\/\/elregionalvm.com.ar\/noticias-villa-maria\/#\/schema\/person\/image\/\",\"url\":\"https:\/\/secure.gravatar.com\/avatar\/265b27cb2209af7bb3a1318f03305787d7981a5cc6e6cd08fe5a4ecdf99d4b48?s=96&d=mm&r=g\",\"contentUrl\":\"https:\/\/secure.gravatar.com\/avatar\/265b27cb2209af7bb3a1318f03305787d7981a5cc6e6cd08fe5a4ecdf99d4b48?s=96&d=mm&r=g\",\"caption\":\"Contenidos El Regional\"},\"url\":\"https:\/\/elregionalvm.com.ar\/noticias-villa-maria\/author\/contenido\/\"}]}<\/script>\n<!-- \/ Yoast SEO plugin. -->","yoast_head_json":{"title":"Casi 400 casos positivos solamente en Villa Mar\u00eda - El Regional","robots":{"index":"index","follow":"follow","max-snippet":"max-snippet:-1","max-image-preview":"max-image-preview:large","max-video-preview":"max-video-preview:-1"},"canonical":"http:\/\/elregionalvm.com.ar\/noticias-villa-maria\/casi-400-casos-positivos-solamente-en-villa-maria\/","og_locale":"es_ES","og_type":"article","og_title":"Casi 400 casos positivos solamente en Villa Mar\u00eda - El Regional","og_description":"El reporte del d\u00eda sobre casos de covid indic\u00f3 que fueron 399 los contagios positivos, luego que se practicaran 1507 test ant\u00edgenos y 281 PCR. El dato positivo es que fueron dados de alta 63 pacientes que cursaron el covid positivo. En Villa Nueva hubo una peque\u00f1a reducci\u00f3n de casos inform\u00f3 la Municipalidad en el [&hellip;]","og_url":"http:\/\/elregionalvm.com.ar\/noticias-villa-maria\/casi-400-casos-positivos-solamente-en-villa-maria\/","og_site_name":"El Regional","article_publisher":"https:\/\/www.facebook.com\/elregionalvm","article_published_time":"2021-12-29T23:16:24+00:00","article_modified_time":"2021-12-29T23:16:25+00:00","og_image":[{"width":1182,"height":800,"url":"http:\/\/elregionalvm.com.ar\/noticias-villa-maria\/wp-content\/uploads\/2021\/09\/covid-50.jpg","type":"image\/jpeg"}],"author":"Contenidos El Regional","twitter_card":"summary_large_image","twitter_creator":"@elregionalvm1","twitter_site":"@elregionalvm1","twitter_misc":{"Escrito por":"Contenidos El Regional","Tiempo de lectura":"1 minuto"},"schema":{"@context":"https:\/\/schema.org","@graph":[{"@type":"Article","@id":"http:\/\/elregionalvm.com.ar\/noticias-villa-maria\/casi-400-casos-positivos-solamente-en-villa-maria\/#article","isPartOf":{"@id":"http:\/\/elregionalvm.com.ar\/noticias-villa-maria\/casi-400-casos-positivos-solamente-en-villa-maria\/"},"author":{"name":"Contenidos El Regional","@id":"http:\/\/elregionalvm.com.ar\/noticias-villa-maria\/#\/schema\/person\/a0fb9c422317faca23d50163151bc354"},"headline":"Casi 400 casos positivos solamente en Villa Mar\u00eda","datePublished":"2021-12-29T23:16:24+00:00","dateModified":"2021-12-29T23:16:25+00:00","mainEntityOfPage":{"@id":"http:\/\/elregionalvm.com.ar\/noticias-villa-maria\/casi-400-casos-positivos-solamente-en-villa-maria\/"},"wordCount":78,"commentCount":0,"image":{"@id":"http:\/\/elregionalvm.com.ar\/noticias-villa-maria\/casi-400-casos-positivos-solamente-en-villa-maria\/#primaryimage"},"thumbnailUrl":"https:\/\/i0.wp.com\/elregionalvm.com.ar\/noticias-villa-maria\/wp-content\/uploads\/2021\/09\/covid-50.jpg?fit=1182%2C800&ssl=1","keywords":["casos diarios","Contagios","Coronavirus","destacado","mi\u00e9rcoles 29 de diciembre de 2021","situaci\u00f3n epidemiol\u00f3gica","Villa Mar\u00eda","VILLA NUEVA"],"articleSection":["Coronavirus","Villa Mar\u00eda","Villa Nueva"],"inLanguage":"es","potentialAction":[{"@type":"CommentAction","name":"Comment","target":["http:\/\/elregionalvm.com.ar\/noticias-villa-maria\/casi-400-casos-positivos-solamente-en-villa-maria\/#respond"]}]},{"@type":"WebPage","@id":"http:\/\/elregionalvm.com.ar\/noticias-villa-maria\/casi-400-casos-positivos-solamente-en-villa-maria\/","url":"http:\/\/elregionalvm.com.ar\/noticias-villa-maria\/casi-400-casos-positivos-solamente-en-villa-maria\/","name":"Casi 400 casos positivos solamente en Villa Mar\u00eda - El Regional","isPartOf":{"@id":"http:\/\/elregionalvm.com.ar\/noticias-villa-maria\/#website"},"primaryImageOfPage":{"@id":"http:\/\/elregionalvm.com.ar\/noticias-villa-maria\/casi-400-casos-positivos-solamente-en-villa-maria\/#primaryimage"},"image":{"@id":"http:\/\/elregionalvm.com.ar\/noticias-villa-maria\/casi-400-casos-positivos-solamente-en-villa-maria\/#primaryimage"},"thumbnailUrl":"https:\/\/i0.wp.com\/elregionalvm.com.ar\/noticias-villa-maria\/wp-content\/uploads\/2021\/09\/covid-50.jpg?fit=1182%2C800&ssl=1","datePublished":"2021-12-29T23:16:24+00:00","dateModified":"2021-12-29T23:16:25+00:00","author":{"@id":"http:\/\/elregionalvm.com.ar\/noticias-villa-maria\/#\/schema\/person\/a0fb9c422317faca23d50163151bc354"},"breadcrumb":{"@id":"http:\/\/elregionalvm.com.ar\/noticias-villa-maria\/casi-400-casos-positivos-solamente-en-villa-maria\/#breadcrumb"},"inLanguage":"es","potentialAction":[{"@type":"ReadAction","target":["http:\/\/elregionalvm.com.ar\/noticias-villa-maria\/casi-400-casos-positivos-solamente-en-villa-maria\/"]}]},{"@type":"ImageObject","inLanguage":"es","@id":"http:\/\/elregionalvm.com.ar\/noticias-villa-maria\/casi-400-casos-positivos-solamente-en-villa-maria\/#primaryimage","url":"https:\/\/i0.wp.com\/elregionalvm.com.ar\/noticias-villa-maria\/wp-content\/uploads\/2021\/09\/covid-50.jpg?fit=1182%2C800&ssl=1","contentUrl":"https:\/\/i0.wp.com\/elregionalvm.com.ar\/noticias-villa-maria\/wp-content\/uploads\/2021\/09\/covid-50.jpg?fit=1182%2C800&ssl=1","width":1182,"height":800},{"@type":"BreadcrumbList","@id":"http:\/\/elregionalvm.com.ar\/noticias-villa-maria\/casi-400-casos-positivos-solamente-en-villa-maria\/#breadcrumb","itemListElement":[{"@type":"ListItem","position":1,"name":"Portada","item":"https:\/\/elregionalvm.com.ar\/noticias-villa-maria\/"},{"@type":"ListItem","position":2,"name":"Casi 400 casos positivos solamente en Villa Mar\u00eda"}]},{"@type":"WebSite","@id":"http:\/\/elregionalvm.com.ar\/noticias-villa-maria\/#website","url":"http:\/\/elregionalvm.com.ar\/noticias-villa-maria\/","name":"El Regional","description":"Mucho m\u00e1s que informaci\u00f3n","potentialAction":[{"@type":"SearchAction","target":{"@type":"EntryPoint","urlTemplate":"http:\/\/elregionalvm.com.ar\/noticias-villa-maria\/?s={search_term_string}"},"query-input":{"@type":"PropertyValueSpecification","valueRequired":true,"valueName":"search_term_string"}}],"inLanguage":"es"},{"@type":"Person","@id":"http:\/\/elregionalvm.com.ar\/noticias-villa-maria\/#\/schema\/person\/a0fb9c422317faca23d50163151bc354","name":"Contenidos El Regional","image":{"@type":"ImageObject","inLanguage":"es","@id":"http:\/\/elregionalvm.com.ar\/noticias-villa-maria\/#\/schema\/person\/image\/","url":"https:\/\/secure.gravatar.com\/avatar\/265b27cb2209af7bb3a1318f03305787d7981a5cc6e6cd08fe5a4ecdf99d4b48?s=96&d=mm&r=g","contentUrl":"https:\/\/secure.gravatar.com\/avatar\/265b27cb2209af7bb3a1318f03305787d7981a5cc6e6cd08fe5a4ecdf99d4b48?s=96&d=mm&r=g","caption":"Contenidos El Regional"},"url":"https:\/\/elregionalvm.com.ar\/noticias-villa-maria\/author\/contenido\/"}]}},"jetpack_featured_media_url":"https:\/\/i0.wp.com\/elregionalvm.com.ar\/noticias-villa-maria\/wp-content\/uploads\/2021\/09\/covid-50.jpg?fit=1182%2C800&ssl=1","jetpack_sharing_enabled":true,"_links":{"self":[{"href":"https:\/\/elregionalvm.com.ar\/noticias-villa-maria\/wp-json\/wp\/v2\/posts\/50462","targetHints":{"allow":["GET"]}}],"collection":[{"href":"https:\/\/elregionalvm.com.ar\/noticias-villa-maria\/wp-json\/wp\/v2\/posts"}],"about":[{"href":"https:\/\/elregionalvm.com.ar\/noticias-villa-maria\/wp-json\/wp\/v2\/types\/post"}],"author":[{"embeddable":true,"href":"https:\/\/elregionalvm.com.ar\/noticias-villa-maria\/wp-json\/wp\/v2\/users\/4"}],"replies":[{"embeddable":true,"href":"https:\/\/elregionalvm.com.ar\/noticias-villa-maria\/wp-json\/wp\/v2\/comments?post=50462"}],"version-history":[{"count":1,"href":"https:\/\/elregionalvm.com.ar\/noticias-villa-maria\/wp-json\/wp\/v2\/posts\/50462\/revisions"}],"predecessor-version":[{"id":50465,"href":"https:\/\/elregionalvm.com.ar\/noticias-villa-maria\/wp-json\/wp\/v2\/posts\/50462\/revisions\/50465"}],"wp:featuredmedia":[{"embeddable":true,"href":"https:\/\/elregionalvm.com.ar\/noticias-villa-maria\/wp-json\/wp\/v2\/media\/44900"}],"wp:attachment":[{"href":"https:\/\/elregionalvm.com.ar\/noticias-villa-maria\/wp-json\/wp\/v2\/media?parent=50462"}],"wp:term":[{"taxonomy":"category","embeddable":true,"href":"https:\/\/elregionalvm.com.ar\/noticias-villa-maria\/wp-json\/wp\/v2\/categories?post=50462"},{"taxonomy":"post_tag","embeddable":true,"href":"https:\/\/elregionalvm.com.ar\/noticias-villa-maria\/wp-json\/wp\/v2\/tags?post=50462"}],"curies":[{"name":"wp","href":"https:\/\/api.w.org\/{rel}","templated":true}]}}